{"id":37992,"date":"2017-12-06T00:00:00","date_gmt":"2017-12-06T04:00:00","guid":{"rendered":"http:\/\/192.81.217.108\/2017\/12\/dirigentes-adventistas-convocan-a-la-cooperacion-internacional-para-poner-fin-al-abuso-de-refugiados-en-libia\/"},"modified":"2018-12-03T22:04:50","modified_gmt":"2018-12-04T02:04:50","slug":"dirigentes-adventistas-convocan-a-la-cooperacion-internacional-para-poner-fin-al-abuso-de-refugiados-en-libia","status":"publish","type":"post","link":"https:\/\/interamerica.org\/es\/2017\/12\/dirigentes-adventistas-convocan-a-la-cooperacion-internacional-para-poner-fin-al-abuso-de-refugiados-en-libia\/","title":{"rendered":"Dirigentes adventistas convocan a la cooperaci\u00f3n internacional para poner fin al abuso de refugiados en Libia"},"content":{"rendered":"<div id=\"attachment_32626\" style=\"width: 758px\" class=\"wp-caption aligncenter\"><a href=\"https:\/\/recursing-golick.147-182-135-0.plesk.page\/wp-content\/uploads\/2017\/12\/flag-libya.jpg\" rel=\"fancybox\" title=\"Dirigentes adventistas convocan a la cooperaci\u00f3n internacional para poner fin al abuso de refugiados en Libia\"><img fetchpriority=\"high\" decoding=\"async\" aria-describedby=\"caption-attachment-32626\" class=\" wp-image-32626\" src=\"https:\/\/recursing-golick.147-182-135-0.plesk.page\/wp-content\/uploads\/2017\/12\/flag-libya.jpg\" alt=\"\" width=\"748\" height=\"561\" \/><\/a><p id=\"caption-attachment-32626\" class=\"wp-caption-text\">Imagen tomada de Pixabay<\/p><\/div>\n<p><span class=\"byline-news\">5 de diciembre de 2017 | Silver Spring, Maryland, Estados Unidos | Bettina Krause, directora de Comunicaci\u00f3n, Asociaci\u00f3n Internacional de Libertad Religiosa<\/span><\/p>\n<p><a target=\"_blank\"><span class=\"cap\">E<\/span><\/a>videncia reciente a trav\u00e9s de videograbaci\u00f3n acerca de un activo mercado de esclavos en el pa\u00eds norteafricano de Libia, ha llamado la atenci\u00f3n internacional hacia lo que es, hasta ahora, una mayormente no dada a conocer gran tragedia contra derechos humanos, dijo un vocero de la Iglesia Adventista del S\u00e9ptimo D\u00eda.<\/p>\n<p>\u201cLo que revela esta videograbaci\u00f3n es la estremecedora y despiadada explotaci\u00f3n de vulnerables seres humanos; de refugiados que est\u00e1n buscando desesperadamente un escape a la pobreza y la violencia\u201d, expres\u00f3 Nelu Burcea, quien es la persona enlace entre la Iglesia Adventista y las Naciones Unidas y es tambi\u00e9n un director asociado del departamento de Asuntos P\u00fablicos y Libertad Religiosa (PARL) de la misma. \u201cNuestra iglesia se une a aquellos que demandan una acci\u00f3n internacional concertada para poner fin a este inmenso desastre de violaci\u00f3n de derechos humanos en el Norte de \u00c1frica\u201d.<\/p>\n<p>De acuerdo con Nelu Burcea, el tr\u00e1fico de esclavos en Libia representa solamente una parte de un mucho mayor cuadro de abuso de refugiados africanos. La posici\u00f3n geogr\u00e1fica de Libia, pa\u00eds situado justamente enfrente del Mar Mediterr\u00e1neo frente a Italia, se ha convertido en un importante punto de tr\u00e1nsito para los refugiados africanos que pretenden entrar a Europa. La Organizaci\u00f3n Internacional de Migraci\u00f3n de las Naciones Unidas (IOM, por sus siglas en ingl\u00e9s), estima que, aproximadamente unas 450,000 personas han intentado emprender la peligrosa jornada mar\u00edtima desde Libia hasta Europa, durante los pasados tres a\u00f1os.<\/p>\n<p>Sin embargo, a partir de los crecientes esfuerzos europeos de poner fin al contrabando humano y de hacer volver atr\u00e1s las embarcaciones de refugiados, un creciente n\u00famero de personas refugiadas se ven atrapadas en los ya sobresaturados centros de detenci\u00f3n e improvisados centros de refugiados de Libia. Informes procedentes de estas instalaciones hablan de condiciones deterioradas, mala organizaci\u00f3n y anarqu\u00eda. Al irse empeorando cada vez m\u00e1s la situaci\u00f3n, varias milicias locales y grupos tribales se han desplazado para explotar a aquellos que est\u00e1n atrapados en Libia y que no cuentan con los medios para continuar su viaje a Europa como refugiados, o bien, para regresar a su pa\u00eds de origen.<\/p>\n<p>La semana pasada, el Concilio de Seguridad de Naciones Unidas llev\u00f3 a cabo una reuni\u00f3n de emergencia y prometi\u00f3 redoblar sus esfuerzos en favor de poner fin al abuso de los refugiados en Libia. El Secretario General de las Naciones Unidas, Antonio Guti\u00e9rrez, dijo que este mercado de seres humanos \u201cno tiene lugar en el <sup>st<\/sup> siglo veintiuno\u201d.<\/p>\n<p>Rick McEdward, presidente de la Uni\u00f3n Misi\u00f3n del Oriente Medio y Norte de \u00c1frica (MENA, por sus siglas en ingl\u00e9s), dijo que la reciente historia de Libia ha sido muy dif\u00edcil, con tremenda p\u00e9rdida de vidas debida a prolongadas crisis civiles. Llam\u00f3 al tratamiento de refugiados, documentado en la videograbaci\u00f3n aludida, una \u201chorrenda violaci\u00f3n de los derechos humanos b\u00e1sicos\u201d.<\/p>\n<p>\u201cNo debemos permitir que ning\u00fan quebrantado sistema humano destruya de esa manera a las personas y las trate como mercanc\u00eda comercial\u201d, dijo el presidente McEdward. \u201cComo iglesia, a\u00f1adimos nuestra voz para animar a todos los dirigentes pol\u00edticos, comerciales y religiosos, a unirse en palabras y hechos para proteger la dignidad dada por Dios a los individuos. Debemos hacer juntos un frente para condenar las pr\u00e1cticas abusivas de la esclavitud y cualquier otra forma de tr\u00e1fico humano\u201d.<\/p>\n<p>Ganoune Diop, director de PARL, de la iglesia adventista mundial, dijo que la iglesia mundial tiene como cometido defender el derecho de cada persona a ser tratada con dignidad y respeto. \u201cComo adventistas, creemos que cada ser humano porta la marca sagrada de su Creador y ha sido imbuida de valor infinito; por lo tanto, nosotros continuaremos hablando en los m\u00e1s altos niveles en contra del abuso de las personas refugiadas e inmigrantes\u201d.<\/p>\n<p>El departamento PARL de la Iglesia Adventista llevar\u00e1 este asunto a las Naciones Unidas el 22 de enero pr\u00f3ximo, cuando copatrocinar\u00e1 el Cuarto Simposio Anual del Papel de la Religi\u00f3n y de las Organizaciones de Base Religiosa en Asuntos Internacionales. El tema de este evento de un d\u00eda de duraci\u00f3n, el cual se llevar\u00e1 a cabo en la Secretar\u00eda de las Naciones Unidas, en Nueva York, ser\u00e1 \u201cPerspectivas sobre Migraci\u00f3n: Traslado Forzoso y Marginalizaci\u00f3n, Inclusi\u00f3n y Justicia\u201d. La Iglesia Adventista es uno de los cuatro organizadores principales de esta serie de simposios que re\u00fane a muchas otras organizaciones no gubernamentales, oficiales de las Naciones Unidas y dirigentes eclesi\u00e1sticos, a fin de explorar formas en que los grupos religiosos puedan empe\u00f1arse juntamente con las entidades internacionales en fomentar un mundo m\u00e1s pac\u00edfico y seguro.<\/p>\n<p>Traducci\u00f3n \u2013 Gloria A. Castrej\u00f3n<\/p>\n","protected":false},"excerpt":{"rendered":"<p>Evidencia reciente a trav\u00e9s de videograbaci\u00f3n acerca de un activo mercado de esclavos en el pa\u00eds norteafricano de Libia, ha llamado la atenci\u00f3n internacional hacia lo que es, hasta ahora, una mayormente no dada a conocer gran tragedia contra derechos humanos, dijo un vocero de la Iglesia Adventista del S\u00e9ptimo D\u00eda.  <\/p>\n<p>\u201cLo que revela esta videograbaci\u00f3n es la estremecedora y despiadada explotaci\u00f3n de vulnerables seres humanos; de refugiados que est\u00e1n buscando desesperadamente un escape a la pobreza y la violencia\u201d, expres\u00f3 Nelu Burcea, quien es la persona enlace entre la Iglesia Adventista y las Naciones Unidas y es tambi\u00e9n un director asociado del departamento de Asuntos P\u00fablicos y Libertad Religiosa (PARL) de la misma.<\/p>\n","protected":false},"author":1,"featured_media":37949,"comment_status":"closed","ping_status":"closed","sticky":false,"template":"","format":"standard","meta":{"_acf_changed":false,"footnotes":""},"categories":[14,15],"tags":[],"class_list":["post-37992","post","type-post","status-publish","format-standard","has-post-thumbnail","hentry","category-de-la-iglesia-mundial","category-rss-espanol"],"acf":[],"yoast_head":"<!-- This site is optimized with the Yoast SEO plugin v27.3 - https:\/\/yoast.com\/product\/yoast-seo-wordpress\/ -->\n<title>Dirigentes adventistas convocan a la cooperaci\u00f3n internacional para poner fin al abuso de refugiados en Libia - Iglesia Adventista del S\u00e9ptimo D\u00eda - Divisi\u00f3n Interamericana<\/title>\n<meta name=\"robots\" content=\"index, follow, max-snippet:-1, max-image-preview:large, max-video-preview:-1\" \/>\n<link rel=\"canonical\" href=\"https:\/\/interamerica.org\/es\/2017\/12\/dirigentes-adventistas-convocan-a-la-cooperacion-internacional-para-poner-fin-al-abuso-de-refugiados-en-libia\/\" \/>\n<meta property=\"og:locale\" content=\"es_ES\" \/>\n<meta property=\"og:type\" content=\"article\" \/>\n<meta property=\"og:title\" content=\"Dirigentes adventistas convocan a la cooperaci\u00f3n internacional para poner fin al abuso de refugiados en Libia - Iglesia Adventista del S\u00e9ptimo D\u00eda - Divisi\u00f3n Interamericana\" \/>\n<meta property=\"og:description\" content=\"Evidencia reciente a trav\u00e9s de videograbaci\u00f3n acerca de un activo mercado de esclavos en el pa\u00eds norteafricano de Libia, ha llamado la atenci\u00f3n internacional hacia lo que es, hasta ahora, una mayormente no dada a conocer gran tragedia contra derechos humanos, dijo un vocero de la Iglesia Adventista del S\u00e9ptimo D\u00eda.   \u201cLo que revela esta videograbaci\u00f3n es la estremecedora y despiadada explotaci\u00f3n de vulnerables seres humanos; de refugiados que est\u00e1n buscando desesperadamente un escape a la pobreza y la violencia\u201d, expres\u00f3 Nelu Burcea, quien es la persona enlace entre la Iglesia Adventista y las Naciones Unidas y es tambi\u00e9n un director asociado del departamento de Asuntos P\u00fablicos y Libertad Religiosa (PARL) de la misma.\" \/>\n<meta property=\"og:url\" content=\"https:\/\/interamerica.org\/es\/2017\/12\/dirigentes-adventistas-convocan-a-la-cooperacion-internacional-para-poner-fin-al-abuso-de-refugiados-en-libia\/\" \/>\n<meta property=\"og:site_name\" content=\"Iglesia Adventista del S\u00e9ptimo D\u00eda - Divisi\u00f3n Interamericana\" \/>\n<meta property=\"article:published_time\" content=\"2017-12-06T04:00:00+00:00\" \/>\n<meta property=\"article:modified_time\" content=\"2018-12-04T02:04:50+00:00\" \/>\n<meta property=\"og:image\" content=\"https:\/\/interamerica.org\/wp-content\/uploads\/2018\/01\/flag-libya.jpg\" \/>\n\t<meta property=\"og:image:width\" content=\"1280\" \/>\n\t<meta property=\"og:image:height\" content=\"960\" \/>\n\t<meta property=\"og:image:type\" content=\"image\/jpeg\" \/>\n<meta name=\"author\" content=\"Lorenzo Verduzco\" \/>\n<meta name=\"twitter:card\" content=\"summary_large_image\" \/>\n<meta name=\"twitter:label1\" content=\"Escrito por\" \/>\n\t<meta name=\"twitter:data1\" content=\"Lorenzo Verduzco\" \/>\n\t<meta name=\"twitter:label2\" content=\"Tiempo de lectura\" \/>\n\t<meta name=\"twitter:data2\" content=\"4 minutos\" \/>\n<script type=\"application\/ld+json\" class=\"yoast-schema-graph\">{\"@context\":\"https:\\\/\\\/schema.org\",\"@graph\":[{\"@type\":\"Article\",\"@id\":\"https:\\\/\\\/interamerica.org\\\/es\\\/2017\\\/12\\\/dirigentes-adventistas-convocan-a-la-cooperacion-internacional-para-poner-fin-al-abuso-de-refugiados-en-libia\\\/#article\",\"isPartOf\":{\"@id\":\"https:\\\/\\\/interamerica.org\\\/es\\\/2017\\\/12\\\/dirigentes-adventistas-convocan-a-la-cooperacion-internacional-para-poner-fin-al-abuso-de-refugiados-en-libia\\\/\"},\"author\":{\"name\":\"Lorenzo Verduzco\",\"@id\":\"https:\\\/\\\/interamerica.org\\\/es\\\/#\\\/schema\\\/person\\\/68ede8bdc292885bb76c1e3810e73c39\"},\"headline\":\"Dirigentes adventistas convocan a la cooperaci\u00f3n internacional para poner fin al abuso de refugiados en Libia\",\"datePublished\":\"2017-12-06T04:00:00+00:00\",\"dateModified\":\"2018-12-04T02:04:50+00:00\",\"mainEntityOfPage\":{\"@id\":\"https:\\\/\\\/interamerica.org\\\/es\\\/2017\\\/12\\\/dirigentes-adventistas-convocan-a-la-cooperacion-internacional-para-poner-fin-al-abuso-de-refugiados-en-libia\\\/\"},\"wordCount\":863,\"image\":{\"@id\":\"https:\\\/\\\/interamerica.org\\\/es\\\/2017\\\/12\\\/dirigentes-adventistas-convocan-a-la-cooperacion-internacional-para-poner-fin-al-abuso-de-refugiados-en-libia\\\/#primaryimage\"},\"thumbnailUrl\":\"https:\\\/\\\/interamerica.org\\\/wp-content\\\/uploads\\\/2018\\\/01\\\/flag-libya.jpg\",\"articleSection\":[\"Desde la iglesia mundial\",\"RSS Espa\u00f1ol\"],\"inLanguage\":\"es\"},{\"@type\":\"WebPage\",\"@id\":\"https:\\\/\\\/interamerica.org\\\/es\\\/2017\\\/12\\\/dirigentes-adventistas-convocan-a-la-cooperacion-internacional-para-poner-fin-al-abuso-de-refugiados-en-libia\\\/\",\"url\":\"https:\\\/\\\/interamerica.org\\\/es\\\/2017\\\/12\\\/dirigentes-adventistas-convocan-a-la-cooperacion-internacional-para-poner-fin-al-abuso-de-refugiados-en-libia\\\/\",\"name\":\"Dirigentes adventistas convocan a la cooperaci\u00f3n internacional para poner fin al abuso de refugiados en Libia - Iglesia Adventista del S\u00e9ptimo D\u00eda - Divisi\u00f3n Interamericana\",\"isPartOf\":{\"@id\":\"https:\\\/\\\/interamerica.org\\\/es\\\/#website\"},\"primaryImageOfPage\":{\"@id\":\"https:\\\/\\\/interamerica.org\\\/es\\\/2017\\\/12\\\/dirigentes-adventistas-convocan-a-la-cooperacion-internacional-para-poner-fin-al-abuso-de-refugiados-en-libia\\\/#primaryimage\"},\"image\":{\"@id\":\"https:\\\/\\\/interamerica.org\\\/es\\\/2017\\\/12\\\/dirigentes-adventistas-convocan-a-la-cooperacion-internacional-para-poner-fin-al-abuso-de-refugiados-en-libia\\\/#primaryimage\"},\"thumbnailUrl\":\"https:\\\/\\\/interamerica.org\\\/wp-content\\\/uploads\\\/2018\\\/01\\\/flag-libya.jpg\",\"datePublished\":\"2017-12-06T04:00:00+00:00\",\"dateModified\":\"2018-12-04T02:04:50+00:00\",\"author\":{\"@id\":\"https:\\\/\\\/interamerica.org\\\/es\\\/#\\\/schema\\\/person\\\/68ede8bdc292885bb76c1e3810e73c39\"},\"breadcrumb\":{\"@id\":\"https:\\\/\\\/interamerica.org\\\/es\\\/2017\\\/12\\\/dirigentes-adventistas-convocan-a-la-cooperacion-internacional-para-poner-fin-al-abuso-de-refugiados-en-libia\\\/#breadcrumb\"},\"inLanguage\":\"es\",\"potentialAction\":[{\"@type\":\"ReadAction\",\"target\":[\"https:\\\/\\\/interamerica.org\\\/es\\\/2017\\\/12\\\/dirigentes-adventistas-convocan-a-la-cooperacion-internacional-para-poner-fin-al-abuso-de-refugiados-en-libia\\\/\"]}]},{\"@type\":\"ImageObject\",\"inLanguage\":\"es\",\"@id\":\"https:\\\/\\\/interamerica.org\\\/es\\\/2017\\\/12\\\/dirigentes-adventistas-convocan-a-la-cooperacion-internacional-para-poner-fin-al-abuso-de-refugiados-en-libia\\\/#primaryimage\",\"url\":\"https:\\\/\\\/interamerica.org\\\/wp-content\\\/uploads\\\/2018\\\/01\\\/flag-libya.jpg\",\"contentUrl\":\"https:\\\/\\\/interamerica.org\\\/wp-content\\\/uploads\\\/2018\\\/01\\\/flag-libya.jpg\",\"width\":1280,\"height\":960},{\"@type\":\"BreadcrumbList\",\"@id\":\"https:\\\/\\\/interamerica.org\\\/es\\\/2017\\\/12\\\/dirigentes-adventistas-convocan-a-la-cooperacion-internacional-para-poner-fin-al-abuso-de-refugiados-en-libia\\\/#breadcrumb\",\"itemListElement\":[{\"@type\":\"ListItem\",\"position\":1,\"name\":\"Home\",\"item\":\"https:\\\/\\\/interamerica.org\\\/es\\\/\"},{\"@type\":\"ListItem\",\"position\":2,\"name\":\"Dirigentes adventistas convocan a la cooperaci\u00f3n internacional para poner fin al abuso de refugiados en Libia\"}]},{\"@type\":\"WebSite\",\"@id\":\"https:\\\/\\\/interamerica.org\\\/es\\\/#website\",\"url\":\"https:\\\/\\\/interamerica.org\\\/es\\\/\",\"name\":\"Iglesia Adventista del S\u00e9ptimo D\u00eda - Divisi\u00f3n Interamericana\",\"description\":\"\",\"potentialAction\":[{\"@type\":\"SearchAction\",\"target\":{\"@type\":\"EntryPoint\",\"urlTemplate\":\"https:\\\/\\\/interamerica.org\\\/es\\\/?s={search_term_string}\"},\"query-input\":{\"@type\":\"PropertyValueSpecification\",\"valueRequired\":true,\"valueName\":\"search_term_string\"}}],\"inLanguage\":\"es\"},{\"@type\":\"Person\",\"@id\":\"https:\\\/\\\/interamerica.org\\\/es\\\/#\\\/schema\\\/person\\\/68ede8bdc292885bb76c1e3810e73c39\",\"name\":\"Lorenzo Verduzco\",\"image\":{\"@type\":\"ImageObject\",\"inLanguage\":\"es\",\"@id\":\"https:\\\/\\\/secure.gravatar.com\\\/avatar\\\/fb81a55b6218459490a9c1dc841a34909185b81904c5337b4b27f7a6fd60c49e?s=96&d=mm&r=g\",\"url\":\"https:\\\/\\\/secure.gravatar.com\\\/avatar\\\/fb81a55b6218459490a9c1dc841a34909185b81904c5337b4b27f7a6fd60c49e?s=96&d=mm&r=g\",\"contentUrl\":\"https:\\\/\\\/secure.gravatar.com\\\/avatar\\\/fb81a55b6218459490a9c1dc841a34909185b81904c5337b4b27f7a6fd60c49e?s=96&d=mm&r=g\",\"caption\":\"Lorenzo Verduzco\"}}]}<\/script>\n<!-- \/ Yoast SEO plugin. -->","yoast_head_json":{"title":"Dirigentes adventistas convocan a la cooperaci\u00f3n internacional para poner fin al abuso de refugiados en Libia - Iglesia Adventista del S\u00e9ptimo D\u00eda - Divisi\u00f3n Interamericana","robots":{"index":"index","follow":"follow","max-snippet":"max-snippet:-1","max-image-preview":"max-image-preview:large","max-video-preview":"max-video-preview:-1"},"canonical":"https:\/\/interamerica.org\/es\/2017\/12\/dirigentes-adventistas-convocan-a-la-cooperacion-internacional-para-poner-fin-al-abuso-de-refugiados-en-libia\/","og_locale":"es_ES","og_type":"article","og_title":"Dirigentes adventistas convocan a la cooperaci\u00f3n internacional para poner fin al abuso de refugiados en Libia - Iglesia Adventista del S\u00e9ptimo D\u00eda - Divisi\u00f3n Interamericana","og_description":"Evidencia reciente a trav\u00e9s de videograbaci\u00f3n acerca de un activo mercado de esclavos en el pa\u00eds norteafricano de Libia, ha llamado la atenci\u00f3n internacional hacia lo que es, hasta ahora, una mayormente no dada a conocer gran tragedia contra derechos humanos, dijo un vocero de la Iglesia Adventista del S\u00e9ptimo D\u00eda.   \u201cLo que revela esta videograbaci\u00f3n es la estremecedora y despiadada explotaci\u00f3n de vulnerables seres humanos; de refugiados que est\u00e1n buscando desesperadamente un escape a la pobreza y la violencia\u201d, expres\u00f3 Nelu Burcea, quien es la persona enlace entre la Iglesia Adventista y las Naciones Unidas y es tambi\u00e9n un director asociado del departamento de Asuntos P\u00fablicos y Libertad Religiosa (PARL) de la misma.","og_url":"https:\/\/interamerica.org\/es\/2017\/12\/dirigentes-adventistas-convocan-a-la-cooperacion-internacional-para-poner-fin-al-abuso-de-refugiados-en-libia\/","og_site_name":"Iglesia Adventista del S\u00e9ptimo D\u00eda - Divisi\u00f3n Interamericana","article_published_time":"2017-12-06T04:00:00+00:00","article_modified_time":"2018-12-04T02:04:50+00:00","og_image":[{"width":1280,"height":960,"url":"https:\/\/interamerica.org\/wp-content\/uploads\/2018\/01\/flag-libya.jpg","type":"image\/jpeg"}],"author":"Lorenzo Verduzco","twitter_card":"summary_large_image","twitter_misc":{"Escrito por":"Lorenzo Verduzco","Tiempo de lectura":"4 minutos"},"schema":{"@context":"https:\/\/schema.org","@graph":[{"@type":"Article","@id":"https:\/\/interamerica.org\/es\/2017\/12\/dirigentes-adventistas-convocan-a-la-cooperacion-internacional-para-poner-fin-al-abuso-de-refugiados-en-libia\/#article","isPartOf":{"@id":"https:\/\/interamerica.org\/es\/2017\/12\/dirigentes-adventistas-convocan-a-la-cooperacion-internacional-para-poner-fin-al-abuso-de-refugiados-en-libia\/"},"author":{"name":"Lorenzo Verduzco","@id":"https:\/\/interamerica.org\/es\/#\/schema\/person\/68ede8bdc292885bb76c1e3810e73c39"},"headline":"Dirigentes adventistas convocan a la cooperaci\u00f3n internacional para poner fin al abuso de refugiados en Libia","datePublished":"2017-12-06T04:00:00+00:00","dateModified":"2018-12-04T02:04:50+00:00","mainEntityOfPage":{"@id":"https:\/\/interamerica.org\/es\/2017\/12\/dirigentes-adventistas-convocan-a-la-cooperacion-internacional-para-poner-fin-al-abuso-de-refugiados-en-libia\/"},"wordCount":863,"image":{"@id":"https:\/\/interamerica.org\/es\/2017\/12\/dirigentes-adventistas-convocan-a-la-cooperacion-internacional-para-poner-fin-al-abuso-de-refugiados-en-libia\/#primaryimage"},"thumbnailUrl":"https:\/\/interamerica.org\/wp-content\/uploads\/2018\/01\/flag-libya.jpg","articleSection":["Desde la iglesia mundial","RSS Espa\u00f1ol"],"inLanguage":"es"},{"@type":"WebPage","@id":"https:\/\/interamerica.org\/es\/2017\/12\/dirigentes-adventistas-convocan-a-la-cooperacion-internacional-para-poner-fin-al-abuso-de-refugiados-en-libia\/","url":"https:\/\/interamerica.org\/es\/2017\/12\/dirigentes-adventistas-convocan-a-la-cooperacion-internacional-para-poner-fin-al-abuso-de-refugiados-en-libia\/","name":"Dirigentes adventistas convocan a la cooperaci\u00f3n internacional para poner fin al abuso de refugiados en Libia - Iglesia Adventista del S\u00e9ptimo D\u00eda - Divisi\u00f3n Interamericana","isPartOf":{"@id":"https:\/\/interamerica.org\/es\/#website"},"primaryImageOfPage":{"@id":"https:\/\/interamerica.org\/es\/2017\/12\/dirigentes-adventistas-convocan-a-la-cooperacion-internacional-para-poner-fin-al-abuso-de-refugiados-en-libia\/#primaryimage"},"image":{"@id":"https:\/\/interamerica.org\/es\/2017\/12\/dirigentes-adventistas-convocan-a-la-cooperacion-internacional-para-poner-fin-al-abuso-de-refugiados-en-libia\/#primaryimage"},"thumbnailUrl":"https:\/\/interamerica.org\/wp-content\/uploads\/2018\/01\/flag-libya.jpg","datePublished":"2017-12-06T04:00:00+00:00","dateModified":"2018-12-04T02:04:50+00:00","author":{"@id":"https:\/\/interamerica.org\/es\/#\/schema\/person\/68ede8bdc292885bb76c1e3810e73c39"},"breadcrumb":{"@id":"https:\/\/interamerica.org\/es\/2017\/12\/dirigentes-adventistas-convocan-a-la-cooperacion-internacional-para-poner-fin-al-abuso-de-refugiados-en-libia\/#breadcrumb"},"inLanguage":"es","potentialAction":[{"@type":"ReadAction","target":["https:\/\/interamerica.org\/es\/2017\/12\/dirigentes-adventistas-convocan-a-la-cooperacion-internacional-para-poner-fin-al-abuso-de-refugiados-en-libia\/"]}]},{"@type":"ImageObject","inLanguage":"es","@id":"https:\/\/interamerica.org\/es\/2017\/12\/dirigentes-adventistas-convocan-a-la-cooperacion-internacional-para-poner-fin-al-abuso-de-refugiados-en-libia\/#primaryimage","url":"https:\/\/interamerica.org\/wp-content\/uploads\/2018\/01\/flag-libya.jpg","contentUrl":"https:\/\/interamerica.org\/wp-content\/uploads\/2018\/01\/flag-libya.jpg","width":1280,"height":960},{"@type":"BreadcrumbList","@id":"https:\/\/interamerica.org\/es\/2017\/12\/dirigentes-adventistas-convocan-a-la-cooperacion-internacional-para-poner-fin-al-abuso-de-refugiados-en-libia\/#breadcrumb","itemListElement":[{"@type":"ListItem","position":1,"name":"Home","item":"https:\/\/interamerica.org\/es\/"},{"@type":"ListItem","position":2,"name":"Dirigentes adventistas convocan a la cooperaci\u00f3n internacional para poner fin al abuso de refugiados en Libia"}]},{"@type":"WebSite","@id":"https:\/\/interamerica.org\/es\/#website","url":"https:\/\/interamerica.org\/es\/","name":"Iglesia Adventista del S\u00e9ptimo D\u00eda - Divisi\u00f3n Interamericana","description":"","potentialAction":[{"@type":"SearchAction","target":{"@type":"EntryPoint","urlTemplate":"https:\/\/interamerica.org\/es\/?s={search_term_string}"},"query-input":{"@type":"PropertyValueSpecification","valueRequired":true,"valueName":"search_term_string"}}],"inLanguage":"es"},{"@type":"Person","@id":"https:\/\/interamerica.org\/es\/#\/schema\/person\/68ede8bdc292885bb76c1e3810e73c39","name":"Lorenzo Verduzco","image":{"@type":"ImageObject","inLanguage":"es","@id":"https:\/\/secure.gravatar.com\/avatar\/fb81a55b6218459490a9c1dc841a34909185b81904c5337b4b27f7a6fd60c49e?s=96&d=mm&r=g","url":"https:\/\/secure.gravatar.com\/avatar\/fb81a55b6218459490a9c1dc841a34909185b81904c5337b4b27f7a6fd60c49e?s=96&d=mm&r=g","contentUrl":"https:\/\/secure.gravatar.com\/avatar\/fb81a55b6218459490a9c1dc841a34909185b81904c5337b4b27f7a6fd60c49e?s=96&d=mm&r=g","caption":"Lorenzo Verduzco"}}]}},"_links":{"self":[{"href":"https:\/\/interamerica.org\/es\/wp-json\/wp\/v2\/posts\/37992","targetHints":{"allow":["GET"]}}],"collection":[{"href":"https:\/\/interamerica.org\/es\/wp-json\/wp\/v2\/posts"}],"about":[{"href":"https:\/\/interamerica.org\/es\/wp-json\/wp\/v2\/types\/post"}],"author":[{"embeddable":true,"href":"https:\/\/interamerica.org\/es\/wp-json\/wp\/v2\/users\/1"}],"replies":[{"embeddable":true,"href":"https:\/\/interamerica.org\/es\/wp-json\/wp\/v2\/comments?post=37992"}],"version-history":[{"count":0,"href":"https:\/\/interamerica.org\/es\/wp-json\/wp\/v2\/posts\/37992\/revisions"}],"wp:featuredmedia":[{"embeddable":true,"href":"https:\/\/interamerica.org\/es\/wp-json\/wp\/v2\/media\/37949"}],"wp:attachment":[{"href":"https:\/\/interamerica.org\/es\/wp-json\/wp\/v2\/media?parent=37992"}],"wp:term":[{"taxonomy":"category","embeddable":true,"href":"https:\/\/interamerica.org\/es\/wp-json\/wp\/v2\/categories?post=37992"},{"taxonomy":"post_tag","embeddable":true,"href":"https:\/\/interamerica.org\/es\/wp-json\/wp\/v2\/tags?post=37992"}],"curies":[{"name":"wp","href":"https:\/\/api.w.org\/{rel}","templated":true}]}}