{"id":37994,"date":"2017-12-07T00:00:00","date_gmt":"2017-12-07T04:00:00","guid":{"rendered":"http:\/\/192.81.217.108\/2017\/12\/partidario-adventista-alienta-a-tener-una-sociedad-inclusiva-en-visita-a-lider-colombiano\/"},"modified":"2018-03-20T10:19:15","modified_gmt":"2018-03-20T14:19:15","slug":"partidario-adventista-alienta-a-tener-una-sociedad-inclusiva-en-visita-a-lider-colombiano","status":"publish","type":"post","link":"https:\/\/interamerica.org\/es\/2017\/12\/partidario-adventista-alienta-a-tener-una-sociedad-inclusiva-en-visita-a-lider-colombiano\/","title":{"rendered":"Partidario adventista alienta a tener una \u201csociedad inclusiva\u201d en visita a l\u00edder colombiano"},"content":{"rendered":"<div>\n<div id=\"attachment_32654\" style=\"width: 723px\" class=\"wp-caption aligncenter\"><a href=\"https:\/\/recursing-golick.147-182-135-0.plesk.page\/wp-content\/uploads\/2017\/12\/csm_PARLColombiameetingEDITED_b3e3cb5ab1.jpg\" rel=\"fancybox\" title=\"Partidario adventista alienta a tener una \u201csociedad inclusiva\u201d en visita a l\u00edder colombiano\"><img fetchpriority=\"high\" decoding=\"async\" aria-describedby=\"caption-attachment-32654\" class=\" wp-image-32654\" src=\"https:\/\/recursing-golick.147-182-135-0.plesk.page\/wp-content\/uploads\/2017\/12\/csm_PARLColombiameetingEDITED_b3e3cb5ab1.jpg\" alt=\"\" width=\"713\" height=\"401\" \/><\/a><p id=\"caption-attachment-32654\" class=\"wp-caption-text\">Fotograf\u00eda por cortes\u00eda de la Asociaci\u00f3n Internacional de Libertad Religiosa<\/p><\/div>\n<\/div>\n<div><\/div>\n<div class=\"article__meta\"><span class=\"pub_date font--secondary--s gray can-be--white\">Dec 06, 2017<\/span> <span class=\"divider\">|<\/span> <span class=\"pub_region font--secondary--s gray can-be--white\">Bogot\u00e1, Colombia<\/span> <span class=\"divider\">|<\/span> <span class=\"byline font--secondary--s gray can-be--white\">Bettina Krause, directora de comunicaciones, Asociaci\u00f3n Internacional de Libertad Religiosa <\/span><\/div>\n<div>\n<p>En momentos en que una Colombia agotada por los conflictos hace frente a los desaf\u00edos de cultivar la paz despu\u00e9s de d\u00e9cadas de conflicto con grupos rebeldes, un l\u00edder adventista ha recordado a los funcionarios del gobierno que los grupos religiosos minoritarios tienen una valiosa parte que cumplir.<\/p>\n<p>\u201cUn di\u00e1logo inclusive, uno que incorpore voces de todas partes de la sociedad colombiana, ayudar\u00e1 a fomentar una paz s\u00f3lida y duradera\u201d, dijo Ganoune Diop, director de Relaciones P\u00fablicas y Libertad Religiosa de la Iglesia Adventista mundial, durante una reuni\u00f3n el mes pasado con Guillermo Rivera Fl\u00f3rez, ministro del Interior de Colombia.<\/p>\n<p>En el encuentro, que tuvo lugar el pasado 9 de noviembre en las oficinas del ministerio en Bogot\u00e1, la capital del pa\u00eds, Diop habl\u00f3 de \u201cshalom\u201d, la palabra hebrea para la paz. \u201cEs una palabra que abarca la idea de \u2018compleci\u00f3n\u2019 y la inclusi\u00f3n de todas las partes\u201d, dijo. \u201cNo puede haber shalom \u2014una paz duradera y profunda\u2014 sin una amplia participaci\u00f3n de parte de todos los sectores de la sociedad, lo que incluye tambi\u00e9n las voces de los grupos religiosos no mayoritarios\u201d.<\/p>\n<p>Desde fines de la d\u00e9cada de 1950, Colombia ha pasado por una inestabilidad y violencia crecientes, dado que grupos de insurgentes de izquierda y organizaciones paramilitares de derecha han luchado contra el gobierno. El conflicto estuvo marcado por el amplio uso de la tortura, ejecuciones y toma de rehenes. Grupos rebeldes tambi\u00e9n se han dedicado al cultivo de la coca a gran escala y al tr\u00e1fico de drogas como m\u00e9todo para financiar sus actividades, lo que a su vez ha contribuido al surgimiento de poderosos narcotraficantes. Seg\u00fan estimaciones del Centro Nacional para la Memoria Hist\u00f3rica de Colombia, el conflicto ha desarraigado a m\u00e1s de cinco millones de colombianos de sus hogares, y ha provocado la muerte de m\u00e1s de 220 mil personas, la mayor\u00eda de ellos civiles.<\/p>\n<p>Si bien el a\u00f1o pasado se alcanz\u00f3 un hist\u00f3rico acuerdo de paz entre el gobierno y los grupos rebeldes, la tarea de sanar las heridas del pasado y construir una nueva sociedad ajena al conflicto es inmensa.<\/p>\n<p>M\u00e1s del ochenta por ciento de la poblaci\u00f3n colombiana se identifica como cat\u00f3lica romana, que, hasta 1991, era la religi\u00f3n oficial del Estado. Aunque la constituci\u00f3n del pa\u00eds protege la libertad religiosa o de creencias, Diop dice que los miembros de las iglesias minoritarias de Colombia a veces a\u00fan encuentran dif\u00edcil hacerse o\u00edr en el discurso p\u00fablico general. \u201cEsas denominaciones, incluida la Iglesia Adventista del S\u00e9ptimo D\u00eda en Colombia, est\u00e1n deseosas de mostrarse como socias productivas para forjar una sociedad m\u00e1s estable, inclusiva y pac\u00edfica\u201d, dijo.<\/p>\n<p>Diop se reuni\u00f3 con el ministro del Interior Rivera como parte de una delegaci\u00f3n de l\u00edderes cristianos que estuvieron en Colombia para un encuentro de la Asociaci\u00f3n de Secretarios de las Comuniones Cristianas Mundiales (CS\/CWC). La CS\/CWCW es un encuentro informal de l\u00edderes de diversas comuniones cristianas que se re\u00fane en una ubicaci\u00f3n diferente cada a\u00f1o para tener conversaciones bilaterales y multilaterales que disipen los prejuicios y las hostilidades, y para compartir preocupaciones, informaci\u00f3n y noticias sobre sus respectivas denominaciones. Diop ha sido secretario de la CS\/CWC desde 2014, y la Iglesia Adventista mundial ha estado representada en estos encuentros anuales desde hace unos cincuenta a\u00f1os.<\/p>\n<\/div>\n<p>Traducci\u00f3n de Marcos Paseggi<\/p>\n","protected":false},"excerpt":{"rendered":"<p>En momentos en que una Colombia agotada por los conflictos hace frente a los desaf\u00edos de cultivar la paz despu\u00e9s de d\u00e9cadas de conflicto con grupos rebeldes, un l\u00edder adventista ha recordado a los funcionarios del gobierno que los grupos religiosos minoritarios tienen una valiosa parte que cumplir.<\/p>\n<p>\u201cUn di\u00e1logo inclusive, uno que incorpore voces de todas partes de la sociedad colombiana, ayudar\u00e1 a fomentar una paz s\u00f3lida y duradera\u201d, dijo Ganoune Diop, director de Relaciones P\u00fablicas y Libertad Religiosa de la Iglesia Adventista mundial, durante una reuni\u00f3n el mes pasado con Guillermo Rivera Fl\u00f3rez, ministro del Interior de Colombia.<\/p>\n","protected":false},"author":1,"featured_media":37955,"comment_status":"closed","ping_status":"closed","sticky":false,"template":"","format":"standard","meta":{"_acf_changed":false,"footnotes":""},"categories":[17,15],"tags":[],"class_list":["post-37994","post","type-post","status-publish","format-standard","has-post-thumbnail","hentry","category-desde-el-campo","category-rss-espanol"],"acf":[],"yoast_head":"<!-- This site is optimized with the Yoast SEO plugin v27.3 - https:\/\/yoast.com\/product\/yoast-seo-wordpress\/ -->\n<title>Partidario adventista alienta a tener una \u201csociedad inclusiva\u201d en visita a l\u00edder colombiano - Iglesia Adventista del S\u00e9ptimo D\u00eda - Divisi\u00f3n Interamericana<\/title>\n<meta name=\"robots\" content=\"index, follow, max-snippet:-1, max-image-preview:large, max-video-preview:-1\" \/>\n<link rel=\"canonical\" href=\"https:\/\/interamerica.org\/es\/2017\/12\/partidario-adventista-alienta-a-tener-una-sociedad-inclusiva-en-visita-a-lider-colombiano\/\" \/>\n<meta property=\"og:locale\" content=\"es_ES\" \/>\n<meta property=\"og:type\" content=\"article\" \/>\n<meta property=\"og:title\" content=\"Partidario adventista alienta a tener una \u201csociedad inclusiva\u201d en visita a l\u00edder colombiano - Iglesia Adventista del S\u00e9ptimo D\u00eda - Divisi\u00f3n Interamericana\" \/>\n<meta property=\"og:description\" content=\"En momentos en que una Colombia agotada por los conflictos hace frente a los desaf\u00edos de cultivar la paz despu\u00e9s de d\u00e9cadas de conflicto con grupos rebeldes, un l\u00edder adventista ha recordado a los funcionarios del gobierno que los grupos religiosos minoritarios tienen una valiosa parte que cumplir.  \u201cUn di\u00e1logo inclusive, uno que incorpore voces de todas partes de la sociedad colombiana, ayudar\u00e1 a fomentar una paz s\u00f3lida y duradera\u201d, dijo Ganoune Diop, director de Relaciones P\u00fablicas y Libertad Religiosa de la Iglesia Adventista mundial, durante una reuni\u00f3n el mes pasado con Guillermo Rivera Fl\u00f3rez, ministro del Interior de Colombia.\" \/>\n<meta property=\"og:url\" content=\"https:\/\/interamerica.org\/es\/2017\/12\/partidario-adventista-alienta-a-tener-una-sociedad-inclusiva-en-visita-a-lider-colombiano\/\" \/>\n<meta property=\"og:site_name\" content=\"Iglesia Adventista del S\u00e9ptimo D\u00eda - Divisi\u00f3n Interamericana\" \/>\n<meta property=\"article:published_time\" content=\"2017-12-07T04:00:00+00:00\" \/>\n<meta property=\"article:modified_time\" content=\"2018-03-20T14:19:15+00:00\" \/>\n<meta property=\"og:image\" content=\"https:\/\/interamerica.org\/wp-content\/uploads\/2018\/01\/csm_PARLColombiameetingEDITED_b3e3cb5ab1.jpg\" \/>\n\t<meta property=\"og:image:width\" content=\"672\" \/>\n\t<meta property=\"og:image:height\" content=\"378\" \/>\n\t<meta property=\"og:image:type\" content=\"image\/jpeg\" \/>\n<meta name=\"author\" content=\"Lorenzo Verduzco\" \/>\n<meta name=\"twitter:card\" content=\"summary_large_image\" \/>\n<meta name=\"twitter:label1\" content=\"Escrito por\" \/>\n\t<meta name=\"twitter:data1\" content=\"Lorenzo Verduzco\" \/>\n\t<meta name=\"twitter:label2\" content=\"Tiempo de lectura\" \/>\n\t<meta name=\"twitter:data2\" content=\"3 minutos\" \/>\n<script type=\"application\/ld+json\" class=\"yoast-schema-graph\">{\"@context\":\"https:\\\/\\\/schema.org\",\"@graph\":[{\"@type\":\"Article\",\"@id\":\"https:\\\/\\\/interamerica.org\\\/es\\\/2017\\\/12\\\/partidario-adventista-alienta-a-tener-una-sociedad-inclusiva-en-visita-a-lider-colombiano\\\/#article\",\"isPartOf\":{\"@id\":\"https:\\\/\\\/interamerica.org\\\/es\\\/2017\\\/12\\\/partidario-adventista-alienta-a-tener-una-sociedad-inclusiva-en-visita-a-lider-colombiano\\\/\"},\"author\":{\"name\":\"Lorenzo Verduzco\",\"@id\":\"https:\\\/\\\/interamerica.org\\\/es\\\/#\\\/schema\\\/person\\\/68ede8bdc292885bb76c1e3810e73c39\"},\"headline\":\"Partidario adventista alienta a tener una \u201csociedad inclusiva\u201d en visita a l\u00edder colombiano\",\"datePublished\":\"2017-12-07T04:00:00+00:00\",\"dateModified\":\"2018-03-20T14:19:15+00:00\",\"mainEntityOfPage\":{\"@id\":\"https:\\\/\\\/interamerica.org\\\/es\\\/2017\\\/12\\\/partidario-adventista-alienta-a-tener-una-sociedad-inclusiva-en-visita-a-lider-colombiano\\\/\"},\"wordCount\":639,\"image\":{\"@id\":\"https:\\\/\\\/interamerica.org\\\/es\\\/2017\\\/12\\\/partidario-adventista-alienta-a-tener-una-sociedad-inclusiva-en-visita-a-lider-colombiano\\\/#primaryimage\"},\"thumbnailUrl\":\"https:\\\/\\\/interamerica.org\\\/wp-content\\\/uploads\\\/2018\\\/01\\\/csm_PARLColombiameetingEDITED_b3e3cb5ab1.jpg\",\"articleSection\":[\"Desde el campo\",\"RSS Espa\u00f1ol\"],\"inLanguage\":\"es\"},{\"@type\":\"WebPage\",\"@id\":\"https:\\\/\\\/interamerica.org\\\/es\\\/2017\\\/12\\\/partidario-adventista-alienta-a-tener-una-sociedad-inclusiva-en-visita-a-lider-colombiano\\\/\",\"url\":\"https:\\\/\\\/interamerica.org\\\/es\\\/2017\\\/12\\\/partidario-adventista-alienta-a-tener-una-sociedad-inclusiva-en-visita-a-lider-colombiano\\\/\",\"name\":\"Partidario adventista alienta a tener una \u201csociedad inclusiva\u201d en visita a l\u00edder colombiano - Iglesia Adventista del S\u00e9ptimo D\u00eda - Divisi\u00f3n Interamericana\",\"isPartOf\":{\"@id\":\"https:\\\/\\\/interamerica.org\\\/es\\\/#website\"},\"primaryImageOfPage\":{\"@id\":\"https:\\\/\\\/interamerica.org\\\/es\\\/2017\\\/12\\\/partidario-adventista-alienta-a-tener-una-sociedad-inclusiva-en-visita-a-lider-colombiano\\\/#primaryimage\"},\"image\":{\"@id\":\"https:\\\/\\\/interamerica.org\\\/es\\\/2017\\\/12\\\/partidario-adventista-alienta-a-tener-una-sociedad-inclusiva-en-visita-a-lider-colombiano\\\/#primaryimage\"},\"thumbnailUrl\":\"https:\\\/\\\/interamerica.org\\\/wp-content\\\/uploads\\\/2018\\\/01\\\/csm_PARLColombiameetingEDITED_b3e3cb5ab1.jpg\",\"datePublished\":\"2017-12-07T04:00:00+00:00\",\"dateModified\":\"2018-03-20T14:19:15+00:00\",\"author\":{\"@id\":\"https:\\\/\\\/interamerica.org\\\/es\\\/#\\\/schema\\\/person\\\/68ede8bdc292885bb76c1e3810e73c39\"},\"breadcrumb\":{\"@id\":\"https:\\\/\\\/interamerica.org\\\/es\\\/2017\\\/12\\\/partidario-adventista-alienta-a-tener-una-sociedad-inclusiva-en-visita-a-lider-colombiano\\\/#breadcrumb\"},\"inLanguage\":\"es\",\"potentialAction\":[{\"@type\":\"ReadAction\",\"target\":[\"https:\\\/\\\/interamerica.org\\\/es\\\/2017\\\/12\\\/partidario-adventista-alienta-a-tener-una-sociedad-inclusiva-en-visita-a-lider-colombiano\\\/\"]}]},{\"@type\":\"ImageObject\",\"inLanguage\":\"es\",\"@id\":\"https:\\\/\\\/interamerica.org\\\/es\\\/2017\\\/12\\\/partidario-adventista-alienta-a-tener-una-sociedad-inclusiva-en-visita-a-lider-colombiano\\\/#primaryimage\",\"url\":\"https:\\\/\\\/interamerica.org\\\/wp-content\\\/uploads\\\/2018\\\/01\\\/csm_PARLColombiameetingEDITED_b3e3cb5ab1.jpg\",\"contentUrl\":\"https:\\\/\\\/interamerica.org\\\/wp-content\\\/uploads\\\/2018\\\/01\\\/csm_PARLColombiameetingEDITED_b3e3cb5ab1.jpg\",\"width\":672,\"height\":378},{\"@type\":\"BreadcrumbList\",\"@id\":\"https:\\\/\\\/interamerica.org\\\/es\\\/2017\\\/12\\\/partidario-adventista-alienta-a-tener-una-sociedad-inclusiva-en-visita-a-lider-colombiano\\\/#breadcrumb\",\"itemListElement\":[{\"@type\":\"ListItem\",\"position\":1,\"name\":\"Home\",\"item\":\"https:\\\/\\\/interamerica.org\\\/es\\\/\"},{\"@type\":\"ListItem\",\"position\":2,\"name\":\"Partidario adventista alienta a tener una \u201csociedad inclusiva\u201d en visita a l\u00edder colombiano\"}]},{\"@type\":\"WebSite\",\"@id\":\"https:\\\/\\\/interamerica.org\\\/es\\\/#website\",\"url\":\"https:\\\/\\\/interamerica.org\\\/es\\\/\",\"name\":\"Iglesia Adventista del S\u00e9ptimo D\u00eda - Divisi\u00f3n Interamericana\",\"description\":\"\",\"potentialAction\":[{\"@type\":\"SearchAction\",\"target\":{\"@type\":\"EntryPoint\",\"urlTemplate\":\"https:\\\/\\\/interamerica.org\\\/es\\\/?s={search_term_string}\"},\"query-input\":{\"@type\":\"PropertyValueSpecification\",\"valueRequired\":true,\"valueName\":\"search_term_string\"}}],\"inLanguage\":\"es\"},{\"@type\":\"Person\",\"@id\":\"https:\\\/\\\/interamerica.org\\\/es\\\/#\\\/schema\\\/person\\\/68ede8bdc292885bb76c1e3810e73c39\",\"name\":\"Lorenzo Verduzco\",\"image\":{\"@type\":\"ImageObject\",\"inLanguage\":\"es\",\"@id\":\"https:\\\/\\\/secure.gravatar.com\\\/avatar\\\/fb81a55b6218459490a9c1dc841a34909185b81904c5337b4b27f7a6fd60c49e?s=96&d=mm&r=g\",\"url\":\"https:\\\/\\\/secure.gravatar.com\\\/avatar\\\/fb81a55b6218459490a9c1dc841a34909185b81904c5337b4b27f7a6fd60c49e?s=96&d=mm&r=g\",\"contentUrl\":\"https:\\\/\\\/secure.gravatar.com\\\/avatar\\\/fb81a55b6218459490a9c1dc841a34909185b81904c5337b4b27f7a6fd60c49e?s=96&d=mm&r=g\",\"caption\":\"Lorenzo Verduzco\"}}]}<\/script>\n<!-- \/ Yoast SEO plugin. -->","yoast_head_json":{"title":"Partidario adventista alienta a tener una \u201csociedad inclusiva\u201d en visita a l\u00edder colombiano - Iglesia Adventista del S\u00e9ptimo D\u00eda - Divisi\u00f3n Interamericana","robots":{"index":"index","follow":"follow","max-snippet":"max-snippet:-1","max-image-preview":"max-image-preview:large","max-video-preview":"max-video-preview:-1"},"canonical":"https:\/\/interamerica.org\/es\/2017\/12\/partidario-adventista-alienta-a-tener-una-sociedad-inclusiva-en-visita-a-lider-colombiano\/","og_locale":"es_ES","og_type":"article","og_title":"Partidario adventista alienta a tener una \u201csociedad inclusiva\u201d en visita a l\u00edder colombiano - Iglesia Adventista del S\u00e9ptimo D\u00eda - Divisi\u00f3n Interamericana","og_description":"En momentos en que una Colombia agotada por los conflictos hace frente a los desaf\u00edos de cultivar la paz despu\u00e9s de d\u00e9cadas de conflicto con grupos rebeldes, un l\u00edder adventista ha recordado a los funcionarios del gobierno que los grupos religiosos minoritarios tienen una valiosa parte que cumplir.  \u201cUn di\u00e1logo inclusive, uno que incorpore voces de todas partes de la sociedad colombiana, ayudar\u00e1 a fomentar una paz s\u00f3lida y duradera\u201d, dijo Ganoune Diop, director de Relaciones P\u00fablicas y Libertad Religiosa de la Iglesia Adventista mundial, durante una reuni\u00f3n el mes pasado con Guillermo Rivera Fl\u00f3rez, ministro del Interior de Colombia.","og_url":"https:\/\/interamerica.org\/es\/2017\/12\/partidario-adventista-alienta-a-tener-una-sociedad-inclusiva-en-visita-a-lider-colombiano\/","og_site_name":"Iglesia Adventista del S\u00e9ptimo D\u00eda - Divisi\u00f3n Interamericana","article_published_time":"2017-12-07T04:00:00+00:00","article_modified_time":"2018-03-20T14:19:15+00:00","og_image":[{"width":672,"height":378,"url":"https:\/\/interamerica.org\/wp-content\/uploads\/2018\/01\/csm_PARLColombiameetingEDITED_b3e3cb5ab1.jpg","type":"image\/jpeg"}],"author":"Lorenzo Verduzco","twitter_card":"summary_large_image","twitter_misc":{"Escrito por":"Lorenzo Verduzco","Tiempo de lectura":"3 minutos"},"schema":{"@context":"https:\/\/schema.org","@graph":[{"@type":"Article","@id":"https:\/\/interamerica.org\/es\/2017\/12\/partidario-adventista-alienta-a-tener-una-sociedad-inclusiva-en-visita-a-lider-colombiano\/#article","isPartOf":{"@id":"https:\/\/interamerica.org\/es\/2017\/12\/partidario-adventista-alienta-a-tener-una-sociedad-inclusiva-en-visita-a-lider-colombiano\/"},"author":{"name":"Lorenzo Verduzco","@id":"https:\/\/interamerica.org\/es\/#\/schema\/person\/68ede8bdc292885bb76c1e3810e73c39"},"headline":"Partidario adventista alienta a tener una \u201csociedad inclusiva\u201d en visita a l\u00edder colombiano","datePublished":"2017-12-07T04:00:00+00:00","dateModified":"2018-03-20T14:19:15+00:00","mainEntityOfPage":{"@id":"https:\/\/interamerica.org\/es\/2017\/12\/partidario-adventista-alienta-a-tener-una-sociedad-inclusiva-en-visita-a-lider-colombiano\/"},"wordCount":639,"image":{"@id":"https:\/\/interamerica.org\/es\/2017\/12\/partidario-adventista-alienta-a-tener-una-sociedad-inclusiva-en-visita-a-lider-colombiano\/#primaryimage"},"thumbnailUrl":"https:\/\/interamerica.org\/wp-content\/uploads\/2018\/01\/csm_PARLColombiameetingEDITED_b3e3cb5ab1.jpg","articleSection":["Desde el campo","RSS Espa\u00f1ol"],"inLanguage":"es"},{"@type":"WebPage","@id":"https:\/\/interamerica.org\/es\/2017\/12\/partidario-adventista-alienta-a-tener-una-sociedad-inclusiva-en-visita-a-lider-colombiano\/","url":"https:\/\/interamerica.org\/es\/2017\/12\/partidario-adventista-alienta-a-tener-una-sociedad-inclusiva-en-visita-a-lider-colombiano\/","name":"Partidario adventista alienta a tener una \u201csociedad inclusiva\u201d en visita a l\u00edder colombiano - Iglesia Adventista del S\u00e9ptimo D\u00eda - Divisi\u00f3n Interamericana","isPartOf":{"@id":"https:\/\/interamerica.org\/es\/#website"},"primaryImageOfPage":{"@id":"https:\/\/interamerica.org\/es\/2017\/12\/partidario-adventista-alienta-a-tener-una-sociedad-inclusiva-en-visita-a-lider-colombiano\/#primaryimage"},"image":{"@id":"https:\/\/interamerica.org\/es\/2017\/12\/partidario-adventista-alienta-a-tener-una-sociedad-inclusiva-en-visita-a-lider-colombiano\/#primaryimage"},"thumbnailUrl":"https:\/\/interamerica.org\/wp-content\/uploads\/2018\/01\/csm_PARLColombiameetingEDITED_b3e3cb5ab1.jpg","datePublished":"2017-12-07T04:00:00+00:00","dateModified":"2018-03-20T14:19:15+00:00","author":{"@id":"https:\/\/interamerica.org\/es\/#\/schema\/person\/68ede8bdc292885bb76c1e3810e73c39"},"breadcrumb":{"@id":"https:\/\/interamerica.org\/es\/2017\/12\/partidario-adventista-alienta-a-tener-una-sociedad-inclusiva-en-visita-a-lider-colombiano\/#breadcrumb"},"inLanguage":"es","potentialAction":[{"@type":"ReadAction","target":["https:\/\/interamerica.org\/es\/2017\/12\/partidario-adventista-alienta-a-tener-una-sociedad-inclusiva-en-visita-a-lider-colombiano\/"]}]},{"@type":"ImageObject","inLanguage":"es","@id":"https:\/\/interamerica.org\/es\/2017\/12\/partidario-adventista-alienta-a-tener-una-sociedad-inclusiva-en-visita-a-lider-colombiano\/#primaryimage","url":"https:\/\/interamerica.org\/wp-content\/uploads\/2018\/01\/csm_PARLColombiameetingEDITED_b3e3cb5ab1.jpg","contentUrl":"https:\/\/interamerica.org\/wp-content\/uploads\/2018\/01\/csm_PARLColombiameetingEDITED_b3e3cb5ab1.jpg","width":672,"height":378},{"@type":"BreadcrumbList","@id":"https:\/\/interamerica.org\/es\/2017\/12\/partidario-adventista-alienta-a-tener-una-sociedad-inclusiva-en-visita-a-lider-colombiano\/#breadcrumb","itemListElement":[{"@type":"ListItem","position":1,"name":"Home","item":"https:\/\/interamerica.org\/es\/"},{"@type":"ListItem","position":2,"name":"Partidario adventista alienta a tener una \u201csociedad inclusiva\u201d en visita a l\u00edder colombiano"}]},{"@type":"WebSite","@id":"https:\/\/interamerica.org\/es\/#website","url":"https:\/\/interamerica.org\/es\/","name":"Iglesia Adventista del S\u00e9ptimo D\u00eda - Divisi\u00f3n Interamericana","description":"","potentialAction":[{"@type":"SearchAction","target":{"@type":"EntryPoint","urlTemplate":"https:\/\/interamerica.org\/es\/?s={search_term_string}"},"query-input":{"@type":"PropertyValueSpecification","valueRequired":true,"valueName":"search_term_string"}}],"inLanguage":"es"},{"@type":"Person","@id":"https:\/\/interamerica.org\/es\/#\/schema\/person\/68ede8bdc292885bb76c1e3810e73c39","name":"Lorenzo Verduzco","image":{"@type":"ImageObject","inLanguage":"es","@id":"https:\/\/secure.gravatar.com\/avatar\/fb81a55b6218459490a9c1dc841a34909185b81904c5337b4b27f7a6fd60c49e?s=96&d=mm&r=g","url":"https:\/\/secure.gravatar.com\/avatar\/fb81a55b6218459490a9c1dc841a34909185b81904c5337b4b27f7a6fd60c49e?s=96&d=mm&r=g","contentUrl":"https:\/\/secure.gravatar.com\/avatar\/fb81a55b6218459490a9c1dc841a34909185b81904c5337b4b27f7a6fd60c49e?s=96&d=mm&r=g","caption":"Lorenzo Verduzco"}}]}},"_links":{"self":[{"href":"https:\/\/interamerica.org\/es\/wp-json\/wp\/v2\/posts\/37994","targetHints":{"allow":["GET"]}}],"collection":[{"href":"https:\/\/interamerica.org\/es\/wp-json\/wp\/v2\/posts"}],"about":[{"href":"https:\/\/interamerica.org\/es\/wp-json\/wp\/v2\/types\/post"}],"author":[{"embeddable":true,"href":"https:\/\/interamerica.org\/es\/wp-json\/wp\/v2\/users\/1"}],"replies":[{"embeddable":true,"href":"https:\/\/interamerica.org\/es\/wp-json\/wp\/v2\/comments?post=37994"}],"version-history":[{"count":0,"href":"https:\/\/interamerica.org\/es\/wp-json\/wp\/v2\/posts\/37994\/revisions"}],"wp:featuredmedia":[{"embeddable":true,"href":"https:\/\/interamerica.org\/es\/wp-json\/wp\/v2\/media\/37955"}],"wp:attachment":[{"href":"https:\/\/interamerica.org\/es\/wp-json\/wp\/v2\/media?parent=37994"}],"wp:term":[{"taxonomy":"category","embeddable":true,"href":"https:\/\/interamerica.org\/es\/wp-json\/wp\/v2\/categories?post=37994"},{"taxonomy":"post_tag","embeddable":true,"href":"https:\/\/interamerica.org\/es\/wp-json\/wp\/v2\/tags?post=37994"}],"curies":[{"name":"wp","href":"https:\/\/api.w.org\/{rel}","templated":true}]}}