{"id":37997,"date":"2017-12-13T00:00:00","date_gmt":"2017-12-13T04:00:00","guid":{"rendered":"http:\/\/192.81.217.108\/2017\/12\/interamerica-lanza-ano-del-nino-y-el-adolescente-mediante-programa-en-linea\/"},"modified":"2018-02-20T16:10:55","modified_gmt":"2018-02-20T20:10:55","slug":"interamerica-lanza-ano-del-nino-y-el-adolescente-mediante-programa-en-linea","status":"publish","type":"post","link":"https:\/\/interamerica.org\/es\/2017\/12\/interamerica-lanza-ano-del-nino-y-el-adolescente-mediante-programa-en-linea\/","title":{"rendered":"Interam\u00e9rica lanza \u201cA\u00f1o del Ni\u00f1o y el Adolescente\u201d mediante programa en l\u00ednea"},"content":{"rendered":"<div id=\"attachment_32746\" style=\"width: 765px\" class=\"wp-caption aligncenter\"><a href=\"https:\/\/recursing-golick.147-182-135-0.plesk.page\/wp-content\/uploads\/2017\/12\/YearofChild-panel.jpg\" rel=\"fancybox\" title=\"Interam\u00e9rica lanza \u201cA\u00f1o del Ni\u00f1o y el Adolescente\u201d mediante programa en l\u00ednea\"><img fetchpriority=\"high\" decoding=\"async\" aria-describedby=\"caption-attachment-32746\" class=\" wp-image-32746\" src=\"https:\/\/recursing-golick.147-182-135-0.plesk.page\/wp-content\/uploads\/2017\/12\/YearofChild-panel.jpg\" alt=\"\" width=\"755\" height=\"504\" \/><\/a><p id=\"caption-attachment-32746\" class=\"wp-caption-text\">Faye Patterson (izquierda), directora asociada de educaci\u00f3n, el pastor Melchor Ferreyra (centro), director de ministerios personales, y Dinorah Rivera, directora de ministerios del ni\u00f1o y el adolescente de la Divisi\u00f3n Interamericana, analiza maneras en las que las instituciones educativas y las iglesias locales reforzar\u00e1n los rasgos de car\u00e1cter, durante el lanzamiento especial del \u201cA\u00f1o del Ni\u00f1o y el Adolescente\u201d, el pasado 9 de diciembre de 2017 en Miami, Florida, Estados Unidos. Imagen de Keila Trejo\/DIA<\/p><\/div>\n<p>12 de diciembre de 2017 | Miami, Florida, Estados Unidos | Libna Stevens\/DIA<\/p>\n<p>La Iglesia Adventista del S\u00e9ptimo D\u00eda en Interam\u00e9rica invit\u00f3 a l\u00edderes de la iglesia, docentes, directores de departamento, miembros de iglesia y j\u00f3venes para que participen en lo que la iglesia ha denominado el \u201cA\u00f1o del Ni\u00f1o y el Adolescente\u201d, que comenzar\u00e1 el mes que viene seg\u00fan lo planificado. La invitaci\u00f3n se produjo en momentos en que los principales l\u00edderes lanzaron una revisi\u00f3n general de su iniciativa abarcadora, durante un programa en l\u00ednea el pasado s\u00e1bado 9 de diciembre de 2017.<\/p>\n<div id=\"attachment_32752\" style=\"width: 384px\" class=\"wp-caption alignright\"><a href=\"https:\/\/recursing-golick.147-182-135-0.plesk.page\/wp-content\/uploads\/2017\/12\/TalkingBackpack.jpg\" rel=\"fancybox\" title=\"Interam\u00e9rica lanza \u201cA\u00f1o del Ni\u00f1o y el Adolescente\u201d mediante programa en l\u00ednea\"><img decoding=\"async\" aria-describedby=\"caption-attachment-32752\" class=\" wp-image-32752\" src=\"https:\/\/recursing-golick.147-182-135-0.plesk.page\/wp-content\/uploads\/2017\/12\/TalkingBackpack.jpg\" alt=\"\" width=\"374\" height=\"249\" \/><\/a><p id=\"caption-attachment-32752\" class=\"wp-caption-text\">Dos ni\u00f1as miran los pines y las etiquetas de \u201cLa mochila que habla\u201d. Imagen de Keila Trejo\/DIA<\/p><\/div>\n<p>La iniciativa del \u201cA\u00f1o del Ni\u00f1o y el Adolescente\u201d buscar\u00e1 reforzar los valores cristianos y animar a los m\u00e1s j\u00f3venes para que estudien, vivan y compartan el mensaje del evangelio con sus amigos y vecinos.<\/p>\n<p>\u201cDurante todo el a\u00f1o, buscaremos maneras de aprender que Dios tiene un plan para cada uno de nosotros, y de compartir su amor y bondad, para as\u00ed evangelizar al mundo\u201d, dijo Dinorah Rivera, directora de ni\u00f1os y adolescentes de la Iglesia Adventista en Interam\u00e9rica.<\/p>\n<p>\u201cEste no es un programa que busca entretener a los ni\u00f1os, mientras los padres participan de los cultos de la iglesia\u201d, dijo el pastor Israel Leito, presidente de la Iglesia Adventista en Interam\u00e9rica.<\/p>\n<p>\u201cLa iniciativa es que los ni\u00f1os y los adolescentes sean parte de la tarea de esparcir el evangelio no como lo hacemos nosotros [los adultos] sino en sus c\u00edrculos, su cultura, con m\u00e9todos modernos, por medio de esta \u201cMochila que habla\u201d.<\/p>\n<div id=\"attachment_32740\" style=\"width: 383px\" class=\"wp-caption alignleft\"><a href=\"https:\/\/recursing-golick.147-182-135-0.plesk.page\/wp-content\/uploads\/2017\/12\/Leito-YearofChild.jpg\" rel=\"fancybox\" title=\"Interam\u00e9rica lanza \u201cA\u00f1o del Ni\u00f1o y el Adolescente\u201d mediante programa en l\u00ednea\"><img decoding=\"async\" aria-describedby=\"caption-attachment-32740\" class=\" wp-image-32740\" src=\"https:\/\/recursing-golick.147-182-135-0.plesk.page\/wp-content\/uploads\/2017\/12\/Leito-YearofChild.jpg\" alt=\"\" width=\"373\" height=\"249\" \/><\/a><p id=\"caption-attachment-32740\" class=\"wp-caption-text\">El pastor Israel Leito, presidente de la Divisi\u00f3n Interamericana. Imagen de Keila Trejo\/DIA<\/p><\/div>\n<p>La \u201cMochila que habla\u201d se encuentra en el centro mismo de la iniciativa de doce meses en las que pines y etiquetas ganadas ser\u00e1n mostradas en las mochilas de los ni\u00f1os y los adolescentes, mientras ellos estudian rasgos que edifican el car\u00e1cter como por ejemplo la verdad, la cortes\u00eda, el respeto, la gratitud, el perd\u00f3n, la puntualidad, el servicio, la responsabilidad, la obediencia, la integridad, el optimismo y la bondad, por medio de diversas actividades en las iglesias locales y en las instituciones educativas adventistas de todo el territorio.<\/p>\n<p>El pastor Ted N. C Wilson, presidente de la Iglesia Adventista mundial, felicit\u00f3 a la Divisi\u00f3n Interamericana por la iniciativa de involucrar a los ni\u00f1os en la tarea de compartir el evangelio, mediante un mensaje de video que prepar\u00f3 en medio de sus viajes por Birmania. \u201cQu\u00e9 manera fascinante de involucrar a tantos j\u00f3venes y ni\u00f1os por medio de la \u2018Mochila que habla\u2019, para ayudar a que los ni\u00f1os testifiquen\u201d, dijo el pastor Wilson.<\/p>\n<p>Linda Koh, directora de ministerios del ni\u00f1o de la Iglesia Adventista mundial, celebr\u00f3 los esfuerzos de la iniciativa que involucrar\u00e1 a miles de ni\u00f1os y adolescentes de la regi\u00f3n Interamericana.<\/p>\n<div id=\"attachment_32737\" style=\"width: 385px\" class=\"wp-caption alignright\"><a href=\"https:\/\/recursing-golick.147-182-135-0.plesk.page\/wp-content\/uploads\/2017\/12\/Dinorah-YearofChild.jpg\" rel=\"fancybox\" title=\"Interam\u00e9rica lanza \u201cA\u00f1o del Ni\u00f1o y el Adolescente\u201d mediante programa en l\u00ednea\"><img loading=\"lazy\" decoding=\"async\" aria-describedby=\"caption-attachment-32737\" class=\" wp-image-32737\" src=\"https:\/\/recursing-golick.147-182-135-0.plesk.page\/wp-content\/uploads\/2017\/12\/Dinorah-YearofChild.jpg\" alt=\"\" width=\"375\" height=\"244\" \/><\/a><p id=\"caption-attachment-32737\" class=\"wp-caption-text\">Dinorah Rivera, directora de ministerios del ni\u00f1o y el adolescente de la Iglesia Adventista en Interam\u00e9rica. Imagen de Keila Trejo\/DIA<\/p><\/div>\n<p>Su prop\u00f3sito es preparar ni\u00f1os que sostengan los valores y principios que deber\u00eda tener un cristiano, dijo Rivera. \u201cQueremos crear mayor conciencia sobre la importancia de involucrar a los ni\u00f1os en todas las facetas de la iglesia para la misi\u00f3n\u201d, a\u00f1adi\u00f3. \u201cPara involucrar a un mayor n\u00famero de ni\u00f1os, necesitamos ayudarlos a que tengan un car\u00e1cter semejante al de Cristo, aprendan a desarrollar un esp\u00edritu de servicio y misi\u00f3n, y lleguen a ser parte de la comisi\u00f3n de la iglesia de alcanzar a otros para el reino de Dios\u201d, explic\u00f3 Rivera.<\/p>\n<p>La iniciativa se encuadra bajo la iniciativa \u201cSe\u00f1or, transf\u00f3rmame\u201d de la Divisi\u00f3n Interamericana, que incluye conectar y compartir la esperanza de salvaci\u00f3n en las comunidades, as\u00ed como ayudar a enfocarse en que cada miembro se involucre en la misi\u00f3n de la iglesia, dijo Rivera.<\/p>\n<p>Adem\u00e1s de un manual, una caja de valores, etiquetas, pines, mochilas, una nueva aplicaci\u00f3n m\u00f3vil llamada VE.app ofrecer\u00e1 actividades, vers\u00edculos, mensajes y juegos que reforzar\u00e1n el rasgo de car\u00e1cter mensual que enfatizar\u00e1n l\u00edderes y docentes cada semana y mes a lo largo del a\u00f1o.<\/p>\n<p>Quinientos sitios se conectaron para seguir el programa en l\u00ednea en vivo.<\/p>\n<p>En Panam\u00e1, m\u00e1s de 1300 ni\u00f1os, adolescentes y l\u00edderes sintonizaron el programa desde el Auditorio Maranatha de la iglesia. Otros miles de ni\u00f1os y l\u00edderes se reunieron en las iglesias locales, escuelas y auditorios para ser testigos del lanzamiento de la iniciativa que comenzar\u00e1 dentro de unas semanas.<\/p>\n<div id=\"attachment_32744\" style=\"width: 381px\" class=\"wp-caption alignright\"><a href=\"https:\/\/recursing-golick.147-182-135-0.plesk.page\/wp-content\/uploads\/2017\/12\/Venezuela-YearofChildFB.jpg\" rel=\"fancybox\" title=\"Interam\u00e9rica lanza \u201cA\u00f1o del Ni\u00f1o y el Adolescente\u201d mediante programa en l\u00ednea\"><img loading=\"lazy\" decoding=\"async\" aria-describedby=\"caption-attachment-32744\" class=\" wp-image-32744\" src=\"https:\/\/recursing-golick.147-182-135-0.plesk.page\/wp-content\/uploads\/2017\/12\/Venezuela-YearofChildFB.jpg\" alt=\"\" width=\"371\" height=\"278\" \/><\/a><p id=\"caption-attachment-32744\" class=\"wp-caption-text\">Ni\u00f1os y maestros de Venezuela durante la programaci\u00f3n en vivo. Imagen de Facebook<\/p><\/div>\n<p>El programa incluy\u00f3 una discusi\u00f3n de panel, los nuevos recursos disponibles, informes del \u00e9xito de segmentos pilotos de la iniciativa en Interam\u00e9rica y otros lugares.<\/p>\n<p>Para saber m\u00e1s sobre el \u201cA\u00f1o del Ni\u00f1o y el Adolescente\u201d en Interam\u00e9rica, visite su p\u00e1gina de Facebook <a href=\"mailto:https:\/\/www.facebook.com\/ChildrenandWomensMinistries\/\">AQU\u00cd<\/a>.<\/p>\n<p>Para ver el programa en l\u00ednea, entre a:<\/p>\n<p>Ingl\u00e9s: <a href=\"mailto:https:\/\/www.youtube.com\/watch%3Ftime_continue=7%26v=OdhJb70kPtA\">AQU\u00cd<\/a><\/p>\n<p>Espa\u00f1ol: <a href=\"mailto:https:\/\/www.youtube.com\/watch%3Ftime_continue=1556%26v=z04_2bdqsuc\">AQU\u00cd<\/a><\/p>\n<p>Traducci\u00f3n de Marcos Paseggi<\/p>\n","protected":false},"excerpt":{"rendered":"<p>La Iglesia Adventista del S\u00e9ptimo D\u00eda en Interam\u00e9rica invit\u00f3 a l\u00edderes de la iglesia, docentes, directores de departamento, miembros de iglesia y j\u00f3venes para que participen en lo que la iglesia ha denominado el \u201cA\u00f1o del Ni\u00f1o y el Adolescente\u201d, que comenzar\u00e1 el mes que viene seg\u00fan lo planificado. La invitaci\u00f3n se produjo en momentos en que los principales l\u00edderes lanzaron una revisi\u00f3n general de su iniciativa abarcadora, durante un programa en l\u00ednea el pasado s\u00e1bado 9 de diciembre de 2017.<\/p>\n","protected":false},"author":1,"featured_media":37964,"comment_status":"closed","ping_status":"closed","sticky":false,"template":"","format":"standard","meta":{"_acf_changed":false,"footnotes":""},"categories":[16,15],"tags":[],"class_list":["post-37997","post","type-post","status-publish","format-standard","has-post-thumbnail","hentry","category-desde-la-sede","category-rss-espanol"],"acf":[],"yoast_head":"<!-- This site is optimized with the Yoast SEO plugin v27.3 - https:\/\/yoast.com\/product\/yoast-seo-wordpress\/ -->\n<title>Interam\u00e9rica lanza \u201cA\u00f1o del Ni\u00f1o y el Adolescente\u201d mediante programa en l\u00ednea - Iglesia Adventista del S\u00e9ptimo D\u00eda - Divisi\u00f3n Interamericana<\/title>\n<meta name=\"robots\" content=\"index, follow, max-snippet:-1, max-image-preview:large, max-video-preview:-1\" \/>\n<link rel=\"canonical\" href=\"https:\/\/interamerica.org\/es\/2017\/12\/interamerica-lanza-ano-del-nino-y-el-adolescente-mediante-programa-en-linea\/\" \/>\n<meta property=\"og:locale\" content=\"es_ES\" \/>\n<meta property=\"og:type\" content=\"article\" \/>\n<meta property=\"og:title\" content=\"Interam\u00e9rica lanza \u201cA\u00f1o del Ni\u00f1o y el Adolescente\u201d mediante programa en l\u00ednea - Iglesia Adventista del S\u00e9ptimo D\u00eda - Divisi\u00f3n Interamericana\" \/>\n<meta property=\"og:description\" content=\"La Iglesia Adventista del S\u00e9ptimo D\u00eda en Interam\u00e9rica invit\u00f3 a l\u00edderes de la iglesia, docentes, directores de departamento, miembros de iglesia y j\u00f3venes para que participen en lo que la iglesia ha denominado el \u201cA\u00f1o del Ni\u00f1o y el Adolescente\u201d, que comenzar\u00e1 el mes que viene seg\u00fan lo planificado. La invitaci\u00f3n se produjo en momentos en que los principales l\u00edderes lanzaron una revisi\u00f3n general de su iniciativa abarcadora, durante un programa en l\u00ednea el pasado s\u00e1bado 9 de diciembre de 2017.\" \/>\n<meta property=\"og:url\" content=\"https:\/\/interamerica.org\/es\/2017\/12\/interamerica-lanza-ano-del-nino-y-el-adolescente-mediante-programa-en-linea\/\" \/>\n<meta property=\"og:site_name\" content=\"Iglesia Adventista del S\u00e9ptimo D\u00eda - Divisi\u00f3n Interamericana\" \/>\n<meta property=\"article:published_time\" content=\"2017-12-13T04:00:00+00:00\" \/>\n<meta property=\"article:modified_time\" content=\"2018-02-20T20:10:55+00:00\" \/>\n<meta property=\"og:image\" content=\"https:\/\/interamerica.org\/wp-content\/uploads\/2018\/01\/EstelaMateo-Yearofchild.jpg\" \/>\n\t<meta property=\"og:image:width\" content=\"640\" \/>\n\t<meta property=\"og:image:height\" content=\"427\" \/>\n\t<meta property=\"og:image:type\" content=\"image\/jpeg\" \/>\n<meta name=\"author\" content=\"Lorenzo Verduzco\" \/>\n<meta name=\"twitter:card\" content=\"summary_large_image\" \/>\n<meta name=\"twitter:label1\" content=\"Escrito por\" \/>\n\t<meta name=\"twitter:data1\" content=\"Lorenzo Verduzco\" \/>\n\t<meta name=\"twitter:label2\" content=\"Tiempo de lectura\" \/>\n\t<meta name=\"twitter:data2\" content=\"5 minutos\" \/>\n<script type=\"application\/ld+json\" class=\"yoast-schema-graph\">{\"@context\":\"https:\\\/\\\/schema.org\",\"@graph\":[{\"@type\":\"Article\",\"@id\":\"https:\\\/\\\/interamerica.org\\\/es\\\/2017\\\/12\\\/interamerica-lanza-ano-del-nino-y-el-adolescente-mediante-programa-en-linea\\\/#article\",\"isPartOf\":{\"@id\":\"https:\\\/\\\/interamerica.org\\\/es\\\/2017\\\/12\\\/interamerica-lanza-ano-del-nino-y-el-adolescente-mediante-programa-en-linea\\\/\"},\"author\":{\"name\":\"Lorenzo Verduzco\",\"@id\":\"https:\\\/\\\/interamerica.org\\\/es\\\/#\\\/schema\\\/person\\\/68ede8bdc292885bb76c1e3810e73c39\"},\"headline\":\"Interam\u00e9rica lanza \u201cA\u00f1o del Ni\u00f1o y el Adolescente\u201d mediante programa en l\u00ednea\",\"datePublished\":\"2017-12-13T04:00:00+00:00\",\"dateModified\":\"2018-02-20T20:10:55+00:00\",\"mainEntityOfPage\":{\"@id\":\"https:\\\/\\\/interamerica.org\\\/es\\\/2017\\\/12\\\/interamerica-lanza-ano-del-nino-y-el-adolescente-mediante-programa-en-linea\\\/\"},\"wordCount\":1019,\"image\":{\"@id\":\"https:\\\/\\\/interamerica.org\\\/es\\\/2017\\\/12\\\/interamerica-lanza-ano-del-nino-y-el-adolescente-mediante-programa-en-linea\\\/#primaryimage\"},\"thumbnailUrl\":\"https:\\\/\\\/interamerica.org\\\/wp-content\\\/uploads\\\/2018\\\/01\\\/EstelaMateo-Yearofchild.jpg\",\"articleSection\":[\"Desde la sede\",\"RSS Espa\u00f1ol\"],\"inLanguage\":\"es\"},{\"@type\":\"WebPage\",\"@id\":\"https:\\\/\\\/interamerica.org\\\/es\\\/2017\\\/12\\\/interamerica-lanza-ano-del-nino-y-el-adolescente-mediante-programa-en-linea\\\/\",\"url\":\"https:\\\/\\\/interamerica.org\\\/es\\\/2017\\\/12\\\/interamerica-lanza-ano-del-nino-y-el-adolescente-mediante-programa-en-linea\\\/\",\"name\":\"Interam\u00e9rica lanza \u201cA\u00f1o del Ni\u00f1o y el Adolescente\u201d mediante programa en l\u00ednea - Iglesia Adventista del S\u00e9ptimo D\u00eda - Divisi\u00f3n Interamericana\",\"isPartOf\":{\"@id\":\"https:\\\/\\\/interamerica.org\\\/es\\\/#website\"},\"primaryImageOfPage\":{\"@id\":\"https:\\\/\\\/interamerica.org\\\/es\\\/2017\\\/12\\\/interamerica-lanza-ano-del-nino-y-el-adolescente-mediante-programa-en-linea\\\/#primaryimage\"},\"image\":{\"@id\":\"https:\\\/\\\/interamerica.org\\\/es\\\/2017\\\/12\\\/interamerica-lanza-ano-del-nino-y-el-adolescente-mediante-programa-en-linea\\\/#primaryimage\"},\"thumbnailUrl\":\"https:\\\/\\\/interamerica.org\\\/wp-content\\\/uploads\\\/2018\\\/01\\\/EstelaMateo-Yearofchild.jpg\",\"datePublished\":\"2017-12-13T04:00:00+00:00\",\"dateModified\":\"2018-02-20T20:10:55+00:00\",\"author\":{\"@id\":\"https:\\\/\\\/interamerica.org\\\/es\\\/#\\\/schema\\\/person\\\/68ede8bdc292885bb76c1e3810e73c39\"},\"breadcrumb\":{\"@id\":\"https:\\\/\\\/interamerica.org\\\/es\\\/2017\\\/12\\\/interamerica-lanza-ano-del-nino-y-el-adolescente-mediante-programa-en-linea\\\/#breadcrumb\"},\"inLanguage\":\"es\",\"potentialAction\":[{\"@type\":\"ReadAction\",\"target\":[\"https:\\\/\\\/interamerica.org\\\/es\\\/2017\\\/12\\\/interamerica-lanza-ano-del-nino-y-el-adolescente-mediante-programa-en-linea\\\/\"]}]},{\"@type\":\"ImageObject\",\"inLanguage\":\"es\",\"@id\":\"https:\\\/\\\/interamerica.org\\\/es\\\/2017\\\/12\\\/interamerica-lanza-ano-del-nino-y-el-adolescente-mediante-programa-en-linea\\\/#primaryimage\",\"url\":\"https:\\\/\\\/interamerica.org\\\/wp-content\\\/uploads\\\/2018\\\/01\\\/EstelaMateo-Yearofchild.jpg\",\"contentUrl\":\"https:\\\/\\\/interamerica.org\\\/wp-content\\\/uploads\\\/2018\\\/01\\\/EstelaMateo-Yearofchild.jpg\",\"width\":640,\"height\":427},{\"@type\":\"BreadcrumbList\",\"@id\":\"https:\\\/\\\/interamerica.org\\\/es\\\/2017\\\/12\\\/interamerica-lanza-ano-del-nino-y-el-adolescente-mediante-programa-en-linea\\\/#breadcrumb\",\"itemListElement\":[{\"@type\":\"ListItem\",\"position\":1,\"name\":\"Home\",\"item\":\"https:\\\/\\\/interamerica.org\\\/es\\\/\"},{\"@type\":\"ListItem\",\"position\":2,\"name\":\"Interam\u00e9rica lanza \u201cA\u00f1o del Ni\u00f1o y el Adolescente\u201d mediante programa en l\u00ednea\"}]},{\"@type\":\"WebSite\",\"@id\":\"https:\\\/\\\/interamerica.org\\\/es\\\/#website\",\"url\":\"https:\\\/\\\/interamerica.org\\\/es\\\/\",\"name\":\"Iglesia Adventista del S\u00e9ptimo D\u00eda - Divisi\u00f3n Interamericana\",\"description\":\"\",\"potentialAction\":[{\"@type\":\"SearchAction\",\"target\":{\"@type\":\"EntryPoint\",\"urlTemplate\":\"https:\\\/\\\/interamerica.org\\\/es\\\/?s={search_term_string}\"},\"query-input\":{\"@type\":\"PropertyValueSpecification\",\"valueRequired\":true,\"valueName\":\"search_term_string\"}}],\"inLanguage\":\"es\"},{\"@type\":\"Person\",\"@id\":\"https:\\\/\\\/interamerica.org\\\/es\\\/#\\\/schema\\\/person\\\/68ede8bdc292885bb76c1e3810e73c39\",\"name\":\"Lorenzo Verduzco\",\"image\":{\"@type\":\"ImageObject\",\"inLanguage\":\"es\",\"@id\":\"https:\\\/\\\/secure.gravatar.com\\\/avatar\\\/fb81a55b6218459490a9c1dc841a34909185b81904c5337b4b27f7a6fd60c49e?s=96&d=mm&r=g\",\"url\":\"https:\\\/\\\/secure.gravatar.com\\\/avatar\\\/fb81a55b6218459490a9c1dc841a34909185b81904c5337b4b27f7a6fd60c49e?s=96&d=mm&r=g\",\"contentUrl\":\"https:\\\/\\\/secure.gravatar.com\\\/avatar\\\/fb81a55b6218459490a9c1dc841a34909185b81904c5337b4b27f7a6fd60c49e?s=96&d=mm&r=g\",\"caption\":\"Lorenzo Verduzco\"}}]}<\/script>\n<!-- \/ Yoast SEO plugin. -->","yoast_head_json":{"title":"Interam\u00e9rica lanza \u201cA\u00f1o del Ni\u00f1o y el Adolescente\u201d mediante programa en l\u00ednea - Iglesia Adventista del S\u00e9ptimo D\u00eda - Divisi\u00f3n Interamericana","robots":{"index":"index","follow":"follow","max-snippet":"max-snippet:-1","max-image-preview":"max-image-preview:large","max-video-preview":"max-video-preview:-1"},"canonical":"https:\/\/interamerica.org\/es\/2017\/12\/interamerica-lanza-ano-del-nino-y-el-adolescente-mediante-programa-en-linea\/","og_locale":"es_ES","og_type":"article","og_title":"Interam\u00e9rica lanza \u201cA\u00f1o del Ni\u00f1o y el Adolescente\u201d mediante programa en l\u00ednea - Iglesia Adventista del S\u00e9ptimo D\u00eda - Divisi\u00f3n Interamericana","og_description":"La Iglesia Adventista del S\u00e9ptimo D\u00eda en Interam\u00e9rica invit\u00f3 a l\u00edderes de la iglesia, docentes, directores de departamento, miembros de iglesia y j\u00f3venes para que participen en lo que la iglesia ha denominado el \u201cA\u00f1o del Ni\u00f1o y el Adolescente\u201d, que comenzar\u00e1 el mes que viene seg\u00fan lo planificado. La invitaci\u00f3n se produjo en momentos en que los principales l\u00edderes lanzaron una revisi\u00f3n general de su iniciativa abarcadora, durante un programa en l\u00ednea el pasado s\u00e1bado 9 de diciembre de 2017.","og_url":"https:\/\/interamerica.org\/es\/2017\/12\/interamerica-lanza-ano-del-nino-y-el-adolescente-mediante-programa-en-linea\/","og_site_name":"Iglesia Adventista del S\u00e9ptimo D\u00eda - Divisi\u00f3n Interamericana","article_published_time":"2017-12-13T04:00:00+00:00","article_modified_time":"2018-02-20T20:10:55+00:00","og_image":[{"width":640,"height":427,"url":"https:\/\/interamerica.org\/wp-content\/uploads\/2018\/01\/EstelaMateo-Yearofchild.jpg","type":"image\/jpeg"}],"author":"Lorenzo Verduzco","twitter_card":"summary_large_image","twitter_misc":{"Escrito por":"Lorenzo Verduzco","Tiempo de lectura":"5 minutos"},"schema":{"@context":"https:\/\/schema.org","@graph":[{"@type":"Article","@id":"https:\/\/interamerica.org\/es\/2017\/12\/interamerica-lanza-ano-del-nino-y-el-adolescente-mediante-programa-en-linea\/#article","isPartOf":{"@id":"https:\/\/interamerica.org\/es\/2017\/12\/interamerica-lanza-ano-del-nino-y-el-adolescente-mediante-programa-en-linea\/"},"author":{"name":"Lorenzo Verduzco","@id":"https:\/\/interamerica.org\/es\/#\/schema\/person\/68ede8bdc292885bb76c1e3810e73c39"},"headline":"Interam\u00e9rica lanza \u201cA\u00f1o del Ni\u00f1o y el Adolescente\u201d mediante programa en l\u00ednea","datePublished":"2017-12-13T04:00:00+00:00","dateModified":"2018-02-20T20:10:55+00:00","mainEntityOfPage":{"@id":"https:\/\/interamerica.org\/es\/2017\/12\/interamerica-lanza-ano-del-nino-y-el-adolescente-mediante-programa-en-linea\/"},"wordCount":1019,"image":{"@id":"https:\/\/interamerica.org\/es\/2017\/12\/interamerica-lanza-ano-del-nino-y-el-adolescente-mediante-programa-en-linea\/#primaryimage"},"thumbnailUrl":"https:\/\/interamerica.org\/wp-content\/uploads\/2018\/01\/EstelaMateo-Yearofchild.jpg","articleSection":["Desde la sede","RSS Espa\u00f1ol"],"inLanguage":"es"},{"@type":"WebPage","@id":"https:\/\/interamerica.org\/es\/2017\/12\/interamerica-lanza-ano-del-nino-y-el-adolescente-mediante-programa-en-linea\/","url":"https:\/\/interamerica.org\/es\/2017\/12\/interamerica-lanza-ano-del-nino-y-el-adolescente-mediante-programa-en-linea\/","name":"Interam\u00e9rica lanza \u201cA\u00f1o del Ni\u00f1o y el Adolescente\u201d mediante programa en l\u00ednea - Iglesia Adventista del S\u00e9ptimo D\u00eda - Divisi\u00f3n Interamericana","isPartOf":{"@id":"https:\/\/interamerica.org\/es\/#website"},"primaryImageOfPage":{"@id":"https:\/\/interamerica.org\/es\/2017\/12\/interamerica-lanza-ano-del-nino-y-el-adolescente-mediante-programa-en-linea\/#primaryimage"},"image":{"@id":"https:\/\/interamerica.org\/es\/2017\/12\/interamerica-lanza-ano-del-nino-y-el-adolescente-mediante-programa-en-linea\/#primaryimage"},"thumbnailUrl":"https:\/\/interamerica.org\/wp-content\/uploads\/2018\/01\/EstelaMateo-Yearofchild.jpg","datePublished":"2017-12-13T04:00:00+00:00","dateModified":"2018-02-20T20:10:55+00:00","author":{"@id":"https:\/\/interamerica.org\/es\/#\/schema\/person\/68ede8bdc292885bb76c1e3810e73c39"},"breadcrumb":{"@id":"https:\/\/interamerica.org\/es\/2017\/12\/interamerica-lanza-ano-del-nino-y-el-adolescente-mediante-programa-en-linea\/#breadcrumb"},"inLanguage":"es","potentialAction":[{"@type":"ReadAction","target":["https:\/\/interamerica.org\/es\/2017\/12\/interamerica-lanza-ano-del-nino-y-el-adolescente-mediante-programa-en-linea\/"]}]},{"@type":"ImageObject","inLanguage":"es","@id":"https:\/\/interamerica.org\/es\/2017\/12\/interamerica-lanza-ano-del-nino-y-el-adolescente-mediante-programa-en-linea\/#primaryimage","url":"https:\/\/interamerica.org\/wp-content\/uploads\/2018\/01\/EstelaMateo-Yearofchild.jpg","contentUrl":"https:\/\/interamerica.org\/wp-content\/uploads\/2018\/01\/EstelaMateo-Yearofchild.jpg","width":640,"height":427},{"@type":"BreadcrumbList","@id":"https:\/\/interamerica.org\/es\/2017\/12\/interamerica-lanza-ano-del-nino-y-el-adolescente-mediante-programa-en-linea\/#breadcrumb","itemListElement":[{"@type":"ListItem","position":1,"name":"Home","item":"https:\/\/interamerica.org\/es\/"},{"@type":"ListItem","position":2,"name":"Interam\u00e9rica lanza \u201cA\u00f1o del Ni\u00f1o y el Adolescente\u201d mediante programa en l\u00ednea"}]},{"@type":"WebSite","@id":"https:\/\/interamerica.org\/es\/#website","url":"https:\/\/interamerica.org\/es\/","name":"Iglesia Adventista del S\u00e9ptimo D\u00eda - Divisi\u00f3n Interamericana","description":"","potentialAction":[{"@type":"SearchAction","target":{"@type":"EntryPoint","urlTemplate":"https:\/\/interamerica.org\/es\/?s={search_term_string}"},"query-input":{"@type":"PropertyValueSpecification","valueRequired":true,"valueName":"search_term_string"}}],"inLanguage":"es"},{"@type":"Person","@id":"https:\/\/interamerica.org\/es\/#\/schema\/person\/68ede8bdc292885bb76c1e3810e73c39","name":"Lorenzo Verduzco","image":{"@type":"ImageObject","inLanguage":"es","@id":"https:\/\/secure.gravatar.com\/avatar\/fb81a55b6218459490a9c1dc841a34909185b81904c5337b4b27f7a6fd60c49e?s=96&d=mm&r=g","url":"https:\/\/secure.gravatar.com\/avatar\/fb81a55b6218459490a9c1dc841a34909185b81904c5337b4b27f7a6fd60c49e?s=96&d=mm&r=g","contentUrl":"https:\/\/secure.gravatar.com\/avatar\/fb81a55b6218459490a9c1dc841a34909185b81904c5337b4b27f7a6fd60c49e?s=96&d=mm&r=g","caption":"Lorenzo Verduzco"}}]}},"_links":{"self":[{"href":"https:\/\/interamerica.org\/es\/wp-json\/wp\/v2\/posts\/37997","targetHints":{"allow":["GET"]}}],"collection":[{"href":"https:\/\/interamerica.org\/es\/wp-json\/wp\/v2\/posts"}],"about":[{"href":"https:\/\/interamerica.org\/es\/wp-json\/wp\/v2\/types\/post"}],"author":[{"embeddable":true,"href":"https:\/\/interamerica.org\/es\/wp-json\/wp\/v2\/users\/1"}],"replies":[{"embeddable":true,"href":"https:\/\/interamerica.org\/es\/wp-json\/wp\/v2\/comments?post=37997"}],"version-history":[{"count":0,"href":"https:\/\/interamerica.org\/es\/wp-json\/wp\/v2\/posts\/37997\/revisions"}],"wp:featuredmedia":[{"embeddable":true,"href":"https:\/\/interamerica.org\/es\/wp-json\/wp\/v2\/media\/37964"}],"wp:attachment":[{"href":"https:\/\/interamerica.org\/es\/wp-json\/wp\/v2\/media?parent=37997"}],"wp:term":[{"taxonomy":"category","embeddable":true,"href":"https:\/\/interamerica.org\/es\/wp-json\/wp\/v2\/categories?post=37997"},{"taxonomy":"post_tag","embeddable":true,"href":"https:\/\/interamerica.org\/es\/wp-json\/wp\/v2\/tags?post=37997"}],"curies":[{"name":"wp","href":"https:\/\/api.w.org\/{rel}","templated":true}]}}