{"id":38419,"date":"2018-01-30T00:00:00","date_gmt":"2018-01-30T04:00:00","guid":{"rendered":"http:\/\/192.81.217.108\/2018\/01\/sede-de-interamerica-lanzara-pronto-su-nueva-pagina-web\/"},"modified":"2018-02-20T14:40:16","modified_gmt":"2018-02-20T18:40:16","slug":"sede-de-interamerica-lanzara-pronto-su-nueva-pagina-web","status":"publish","type":"post","link":"https:\/\/interamerica.org\/es\/2018\/01\/sede-de-interamerica-lanzara-pronto-su-nueva-pagina-web\/","title":{"rendered":"Sede de Interam\u00e9rica lanzar\u00e1 pronto su nueva p\u00e1gina web"},"content":{"rendered":"<div id=\"attachment_33158\" style=\"width: 652px\" class=\"wp-caption aligncenter\"><a href=\"https:\/\/recursing-golick.147-182-135-0.plesk.page\/wp-content\/uploads\/2018\/01\/Screen-Shot-2018-01-29-at-7.35.01-PM.png\" rel=\"fancybox\" title=\"Sede de Interam\u00e9rica lanzar\u00e1 pronto su nueva p\u00e1gina web\"><img fetchpriority=\"high\" decoding=\"async\" aria-describedby=\"caption-attachment-33158\" class=\" wp-image-33158\" src=\"https:\/\/recursing-golick.147-182-135-0.plesk.page\/wp-content\/uploads\/2018\/01\/Screen-Shot-2018-01-29-at-7.35.01-PM.png\" alt=\"\" width=\"642\" height=\"742\" \/><\/a><p id=\"caption-attachment-33158\" class=\"wp-caption-text\">Vista previa de la secci\u00f3n de los recursos del nuevo sitio web que lanzar\u00e1 pronto la Divisi\u00f3n Interamericana en marzo.<\/p><\/div>\n<p>30 de enero de 2018 | Miami, Florida, Estados Unidos | Libna Stevens\/DIA<\/p>\n<p>Los pastores, l\u00edderes y comunicadores adventistas tuvieron una primera vislumbre la semana pasada del nuevo sitio web que el departamento de Comunicaci\u00f3n de la Divisi\u00f3n Interamericana lanzar\u00e1 pronto.<\/p>\n<p>La visi\u00f3n preliminar del sitio web fue presentada durante un evento de CommSessions. El nuevo sitio web continuar\u00e1 presentando noticias, m\u00e1s historias, m\u00e1s recursos, todos adaptados a la \u00faltima pauta de identidad de la iglesia.<\/p>\n<p>CommSessions tiene lugar cada tres meses y es una serie de charlas sobre innovaci\u00f3n, creatividad y colaboraci\u00f3n para los pastores y l\u00edderes de la iglesia en toda Interam\u00e9rica.<\/p>\n<div id=\"attachment_33155\" style=\"width: 454px\" class=\"wp-caption alignright\"><a href=\"https:\/\/recursing-golick.147-182-135-0.plesk.page\/wp-content\/uploads\/2018\/01\/AbelMarquez-commsessions2018.jpg\" rel=\"fancybox\" title=\"Sede de Interam\u00e9rica lanzar\u00e1 pronto su nueva p\u00e1gina web\"><img decoding=\"async\" aria-describedby=\"caption-attachment-33155\" class=\" wp-image-33155\" src=\"https:\/\/recursing-golick.147-182-135-0.plesk.page\/wp-content\/uploads\/2018\/01\/AbelMarquez-commsessions2018.jpg\" alt=\"\" width=\"444\" height=\"277\" \/><\/a><p id=\"caption-attachment-33155\" class=\"wp-caption-text\">Abel M\u00e1rquez, director de comunicaci\u00f3n de la Iglesia Adventista en Interam\u00e9rica, comparte el desarrollo del nuevo sitio web, durante la sesi\u00f3n de CommSessions del 25 de enero de 2018 en la sede de la Divisi\u00f3n Interamericana en Miami, Florida, Estados Unidos. Imagen de Libna Stevens\/DIA<\/p><\/div>\n<p>\u201cPensamos que era importante aprovechar la oportunidad de mostrar a los l\u00edderes de la iglesia de todo el territorio las posibles plataformas digitales en el nuevo sitio web, con un enfoque m\u00e1s conceptual que t\u00e9cnico, adaptado a los tiempos actuales\u201d, dijo Abel M\u00e1rquez, director de comunicaci\u00f3n de la Iglesia Adventista en Interam\u00e9rica.<\/p>\n<p>Habr\u00e1 nuevos recursos abarcadores en apoyo de las iniciativas y actividades llevadas a cabo por los diversos departamentos y ministerios de la iglesia, a\u00f1adi\u00f3 M\u00e1rquez.<\/p>\n<p>Los comunicadores y tecn\u00f3logos tambi\u00e9n explicaron nuevas salvaguardas de seguridad cibern\u00e9tica que se incluir\u00e1n en el sitio, los nuevos formatos de contenido, sus dise\u00f1os visuales f\u00e1ciles de usar y la nueva colaboraci\u00f3n entre el territorio regional de Interam\u00e9rica para generar m\u00e1s contenidos.<\/p>\n<p>Seg\u00fan M\u00e1rquez, los desarrolladores del software del sitio seguir\u00e1n llevando a cabo ajustes durante el pr\u00f3ximo mes, y planificar\u00e1n el lanzamiento de la nueva p\u00e1gina web para las primeras semanas de marzo.<\/p>\n<p>Para saber m\u00e1s de la Iglesia Adventista del S\u00e9ptimo D\u00eda en Interam\u00e9rica, vis\u00edtenos en <a href=\"https:\/\/recursing-golick.147-182-135-0.plesk.page\">interamerica.org<\/a><\/p>\n<p>Para mirar la CommSession del 25 de junio, entre <a href=\"mailto:https:\/\/www.youtube.com\/watch%3Fv=1jhmENPsO6s\">AQU\u00cd<\/a> para escucharlo en ingl\u00e9s<\/p>\n<p>En espa\u00f1ol: <a href=\"mailto:https:\/\/webcast.interamerica.org\/espanol\">AQU\u00cd<\/a><\/p>\n<p>En franc\u00e9s: <a href=\"mailto:https:\/\/www.youtube.com\/watch%3Fv=2SoU1rb2Fh0\">AQU\u00cd<\/a><\/p>\n<p>Traducci\u00f3n de Marcos Paseggi<\/p>\n","protected":false},"excerpt":{"rendered":"<p>Los pastores, l\u00edderes y comunicadores adventistas tuvieron una primera vislumbre la semana pasada del nuevo sitio web que el departamento de Comunicaci\u00f3n de la Divisi\u00f3n Interamericana lanzar\u00e1 pronto.<\/p>\n<p>La visi\u00f3n preliminar del sitio web fue presentada durante un evento de CommSessions. El nuevo sitio web continuar\u00e1 presentando noticias, m\u00e1s historias, m\u00e1s recursos, todos adaptados a la \u00faltima pauta de identidad de la iglesia.<\/p>\n","protected":false},"author":1,"featured_media":38357,"comment_status":"closed","ping_status":"closed","sticky":false,"template":"","format":"standard","meta":{"_acf_changed":false,"footnotes":""},"categories":[16,15],"tags":[],"class_list":["post-38419","post","type-post","status-publish","format-standard","has-post-thumbnail","hentry","category-desde-la-sede","category-rss-espanol"],"acf":[],"yoast_head":"<!-- This site is optimized with the Yoast SEO plugin v27.3 - https:\/\/yoast.com\/product\/yoast-seo-wordpress\/ -->\n<title>Sede de Interam\u00e9rica lanzar\u00e1 pronto su nueva p\u00e1gina web - Iglesia Adventista del S\u00e9ptimo D\u00eda - Divisi\u00f3n Interamericana<\/title>\n<meta name=\"robots\" content=\"index, follow, max-snippet:-1, max-image-preview:large, max-video-preview:-1\" \/>\n<link rel=\"canonical\" href=\"https:\/\/interamerica.org\/es\/2018\/01\/sede-de-interamerica-lanzara-pronto-su-nueva-pagina-web\/\" \/>\n<meta property=\"og:locale\" content=\"es_ES\" \/>\n<meta property=\"og:type\" content=\"article\" \/>\n<meta property=\"og:title\" content=\"Sede de Interam\u00e9rica lanzar\u00e1 pronto su nueva p\u00e1gina web - Iglesia Adventista del S\u00e9ptimo D\u00eda - Divisi\u00f3n Interamericana\" \/>\n<meta property=\"og:description\" content=\"Los pastores, l\u00edderes y comunicadores adventistas tuvieron una primera vislumbre la semana pasada del nuevo sitio web que el departamento de Comunicaci\u00f3n de la Divisi\u00f3n Interamericana lanzar\u00e1 pronto.  La visi\u00f3n preliminar del sitio web fue presentada durante un evento de CommSessions. El nuevo sitio web continuar\u00e1 presentando noticias, m\u00e1s historias, m\u00e1s recursos, todos adaptados a la \u00faltima pauta de identidad de la iglesia.\" \/>\n<meta property=\"og:url\" content=\"https:\/\/interamerica.org\/es\/2018\/01\/sede-de-interamerica-lanzara-pronto-su-nueva-pagina-web\/\" \/>\n<meta property=\"og:site_name\" content=\"Iglesia Adventista del S\u00e9ptimo D\u00eda - Divisi\u00f3n Interamericana\" \/>\n<meta property=\"article:published_time\" content=\"2018-01-30T04:00:00+00:00\" \/>\n<meta property=\"article:modified_time\" content=\"2018-02-20T18:40:16+00:00\" \/>\n<meta property=\"og:image\" content=\"https:\/\/interamerica.org\/wp-content\/uploads\/2018\/02\/screen-shot-2018-01-29-at-73501-pm.png\" \/>\n\t<meta property=\"og:image:width\" content=\"1164\" \/>\n\t<meta property=\"og:image:height\" content=\"1346\" \/>\n\t<meta property=\"og:image:type\" content=\"image\/png\" \/>\n<meta name=\"author\" content=\"Lorenzo Verduzco\" \/>\n<meta name=\"twitter:card\" content=\"summary_large_image\" \/>\n<meta name=\"twitter:label1\" content=\"Escrito por\" \/>\n\t<meta name=\"twitter:data1\" content=\"Lorenzo Verduzco\" \/>\n\t<meta name=\"twitter:label2\" content=\"Tiempo de lectura\" \/>\n\t<meta name=\"twitter:data2\" content=\"2 minutos\" \/>\n<script type=\"application\/ld+json\" class=\"yoast-schema-graph\">{\"@context\":\"https:\\\/\\\/schema.org\",\"@graph\":[{\"@type\":\"Article\",\"@id\":\"https:\\\/\\\/interamerica.org\\\/es\\\/2018\\\/01\\\/sede-de-interamerica-lanzara-pronto-su-nueva-pagina-web\\\/#article\",\"isPartOf\":{\"@id\":\"https:\\\/\\\/interamerica.org\\\/es\\\/2018\\\/01\\\/sede-de-interamerica-lanzara-pronto-su-nueva-pagina-web\\\/\"},\"author\":{\"name\":\"Lorenzo Verduzco\",\"@id\":\"https:\\\/\\\/interamerica.org\\\/es\\\/#\\\/schema\\\/person\\\/68ede8bdc292885bb76c1e3810e73c39\"},\"headline\":\"Sede de Interam\u00e9rica lanzar\u00e1 pronto su nueva p\u00e1gina web\",\"datePublished\":\"2018-01-30T04:00:00+00:00\",\"dateModified\":\"2018-02-20T18:40:16+00:00\",\"mainEntityOfPage\":{\"@id\":\"https:\\\/\\\/interamerica.org\\\/es\\\/2018\\\/01\\\/sede-de-interamerica-lanzara-pronto-su-nueva-pagina-web\\\/\"},\"wordCount\":429,\"image\":{\"@id\":\"https:\\\/\\\/interamerica.org\\\/es\\\/2018\\\/01\\\/sede-de-interamerica-lanzara-pronto-su-nueva-pagina-web\\\/#primaryimage\"},\"thumbnailUrl\":\"https:\\\/\\\/interamerica.org\\\/wp-content\\\/uploads\\\/2018\\\/02\\\/screen-shot-2018-01-29-at-73501-pm.png\",\"articleSection\":[\"Desde la sede\",\"RSS Espa\u00f1ol\"],\"inLanguage\":\"es\"},{\"@type\":\"WebPage\",\"@id\":\"https:\\\/\\\/interamerica.org\\\/es\\\/2018\\\/01\\\/sede-de-interamerica-lanzara-pronto-su-nueva-pagina-web\\\/\",\"url\":\"https:\\\/\\\/interamerica.org\\\/es\\\/2018\\\/01\\\/sede-de-interamerica-lanzara-pronto-su-nueva-pagina-web\\\/\",\"name\":\"Sede de Interam\u00e9rica lanzar\u00e1 pronto su nueva p\u00e1gina web - Iglesia Adventista del S\u00e9ptimo D\u00eda - Divisi\u00f3n Interamericana\",\"isPartOf\":{\"@id\":\"https:\\\/\\\/interamerica.org\\\/es\\\/#website\"},\"primaryImageOfPage\":{\"@id\":\"https:\\\/\\\/interamerica.org\\\/es\\\/2018\\\/01\\\/sede-de-interamerica-lanzara-pronto-su-nueva-pagina-web\\\/#primaryimage\"},\"image\":{\"@id\":\"https:\\\/\\\/interamerica.org\\\/es\\\/2018\\\/01\\\/sede-de-interamerica-lanzara-pronto-su-nueva-pagina-web\\\/#primaryimage\"},\"thumbnailUrl\":\"https:\\\/\\\/interamerica.org\\\/wp-content\\\/uploads\\\/2018\\\/02\\\/screen-shot-2018-01-29-at-73501-pm.png\",\"datePublished\":\"2018-01-30T04:00:00+00:00\",\"dateModified\":\"2018-02-20T18:40:16+00:00\",\"author\":{\"@id\":\"https:\\\/\\\/interamerica.org\\\/es\\\/#\\\/schema\\\/person\\\/68ede8bdc292885bb76c1e3810e73c39\"},\"breadcrumb\":{\"@id\":\"https:\\\/\\\/interamerica.org\\\/es\\\/2018\\\/01\\\/sede-de-interamerica-lanzara-pronto-su-nueva-pagina-web\\\/#breadcrumb\"},\"inLanguage\":\"es\",\"potentialAction\":[{\"@type\":\"ReadAction\",\"target\":[\"https:\\\/\\\/interamerica.org\\\/es\\\/2018\\\/01\\\/sede-de-interamerica-lanzara-pronto-su-nueva-pagina-web\\\/\"]}]},{\"@type\":\"ImageObject\",\"inLanguage\":\"es\",\"@id\":\"https:\\\/\\\/interamerica.org\\\/es\\\/2018\\\/01\\\/sede-de-interamerica-lanzara-pronto-su-nueva-pagina-web\\\/#primaryimage\",\"url\":\"https:\\\/\\\/interamerica.org\\\/wp-content\\\/uploads\\\/2018\\\/02\\\/screen-shot-2018-01-29-at-73501-pm.png\",\"contentUrl\":\"https:\\\/\\\/interamerica.org\\\/wp-content\\\/uploads\\\/2018\\\/02\\\/screen-shot-2018-01-29-at-73501-pm.png\",\"width\":1164,\"height\":1346},{\"@type\":\"BreadcrumbList\",\"@id\":\"https:\\\/\\\/interamerica.org\\\/es\\\/2018\\\/01\\\/sede-de-interamerica-lanzara-pronto-su-nueva-pagina-web\\\/#breadcrumb\",\"itemListElement\":[{\"@type\":\"ListItem\",\"position\":1,\"name\":\"Home\",\"item\":\"https:\\\/\\\/interamerica.org\\\/es\\\/\"},{\"@type\":\"ListItem\",\"position\":2,\"name\":\"Sede de Interam\u00e9rica lanzar\u00e1 pronto su nueva p\u00e1gina web\"}]},{\"@type\":\"WebSite\",\"@id\":\"https:\\\/\\\/interamerica.org\\\/es\\\/#website\",\"url\":\"https:\\\/\\\/interamerica.org\\\/es\\\/\",\"name\":\"Iglesia Adventista del S\u00e9ptimo D\u00eda - Divisi\u00f3n Interamericana\",\"description\":\"\",\"potentialAction\":[{\"@type\":\"SearchAction\",\"target\":{\"@type\":\"EntryPoint\",\"urlTemplate\":\"https:\\\/\\\/interamerica.org\\\/es\\\/?s={search_term_string}\"},\"query-input\":{\"@type\":\"PropertyValueSpecification\",\"valueRequired\":true,\"valueName\":\"search_term_string\"}}],\"inLanguage\":\"es\"},{\"@type\":\"Person\",\"@id\":\"https:\\\/\\\/interamerica.org\\\/es\\\/#\\\/schema\\\/person\\\/68ede8bdc292885bb76c1e3810e73c39\",\"name\":\"Lorenzo Verduzco\",\"image\":{\"@type\":\"ImageObject\",\"inLanguage\":\"es\",\"@id\":\"https:\\\/\\\/secure.gravatar.com\\\/avatar\\\/fb81a55b6218459490a9c1dc841a34909185b81904c5337b4b27f7a6fd60c49e?s=96&d=mm&r=g\",\"url\":\"https:\\\/\\\/secure.gravatar.com\\\/avatar\\\/fb81a55b6218459490a9c1dc841a34909185b81904c5337b4b27f7a6fd60c49e?s=96&d=mm&r=g\",\"contentUrl\":\"https:\\\/\\\/secure.gravatar.com\\\/avatar\\\/fb81a55b6218459490a9c1dc841a34909185b81904c5337b4b27f7a6fd60c49e?s=96&d=mm&r=g\",\"caption\":\"Lorenzo Verduzco\"}}]}<\/script>\n<!-- \/ Yoast SEO plugin. -->","yoast_head_json":{"title":"Sede de Interam\u00e9rica lanzar\u00e1 pronto su nueva p\u00e1gina web - Iglesia Adventista del S\u00e9ptimo D\u00eda - Divisi\u00f3n Interamericana","robots":{"index":"index","follow":"follow","max-snippet":"max-snippet:-1","max-image-preview":"max-image-preview:large","max-video-preview":"max-video-preview:-1"},"canonical":"https:\/\/interamerica.org\/es\/2018\/01\/sede-de-interamerica-lanzara-pronto-su-nueva-pagina-web\/","og_locale":"es_ES","og_type":"article","og_title":"Sede de Interam\u00e9rica lanzar\u00e1 pronto su nueva p\u00e1gina web - Iglesia Adventista del S\u00e9ptimo D\u00eda - Divisi\u00f3n Interamericana","og_description":"Los pastores, l\u00edderes y comunicadores adventistas tuvieron una primera vislumbre la semana pasada del nuevo sitio web que el departamento de Comunicaci\u00f3n de la Divisi\u00f3n Interamericana lanzar\u00e1 pronto.  La visi\u00f3n preliminar del sitio web fue presentada durante un evento de CommSessions. El nuevo sitio web continuar\u00e1 presentando noticias, m\u00e1s historias, m\u00e1s recursos, todos adaptados a la \u00faltima pauta de identidad de la iglesia.","og_url":"https:\/\/interamerica.org\/es\/2018\/01\/sede-de-interamerica-lanzara-pronto-su-nueva-pagina-web\/","og_site_name":"Iglesia Adventista del S\u00e9ptimo D\u00eda - Divisi\u00f3n Interamericana","article_published_time":"2018-01-30T04:00:00+00:00","article_modified_time":"2018-02-20T18:40:16+00:00","og_image":[{"width":1164,"height":1346,"url":"https:\/\/interamerica.org\/wp-content\/uploads\/2018\/02\/screen-shot-2018-01-29-at-73501-pm.png","type":"image\/png"}],"author":"Lorenzo Verduzco","twitter_card":"summary_large_image","twitter_misc":{"Escrito por":"Lorenzo Verduzco","Tiempo de lectura":"2 minutos"},"schema":{"@context":"https:\/\/schema.org","@graph":[{"@type":"Article","@id":"https:\/\/interamerica.org\/es\/2018\/01\/sede-de-interamerica-lanzara-pronto-su-nueva-pagina-web\/#article","isPartOf":{"@id":"https:\/\/interamerica.org\/es\/2018\/01\/sede-de-interamerica-lanzara-pronto-su-nueva-pagina-web\/"},"author":{"name":"Lorenzo Verduzco","@id":"https:\/\/interamerica.org\/es\/#\/schema\/person\/68ede8bdc292885bb76c1e3810e73c39"},"headline":"Sede de Interam\u00e9rica lanzar\u00e1 pronto su nueva p\u00e1gina web","datePublished":"2018-01-30T04:00:00+00:00","dateModified":"2018-02-20T18:40:16+00:00","mainEntityOfPage":{"@id":"https:\/\/interamerica.org\/es\/2018\/01\/sede-de-interamerica-lanzara-pronto-su-nueva-pagina-web\/"},"wordCount":429,"image":{"@id":"https:\/\/interamerica.org\/es\/2018\/01\/sede-de-interamerica-lanzara-pronto-su-nueva-pagina-web\/#primaryimage"},"thumbnailUrl":"https:\/\/interamerica.org\/wp-content\/uploads\/2018\/02\/screen-shot-2018-01-29-at-73501-pm.png","articleSection":["Desde la sede","RSS Espa\u00f1ol"],"inLanguage":"es"},{"@type":"WebPage","@id":"https:\/\/interamerica.org\/es\/2018\/01\/sede-de-interamerica-lanzara-pronto-su-nueva-pagina-web\/","url":"https:\/\/interamerica.org\/es\/2018\/01\/sede-de-interamerica-lanzara-pronto-su-nueva-pagina-web\/","name":"Sede de Interam\u00e9rica lanzar\u00e1 pronto su nueva p\u00e1gina web - Iglesia Adventista del S\u00e9ptimo D\u00eda - Divisi\u00f3n Interamericana","isPartOf":{"@id":"https:\/\/interamerica.org\/es\/#website"},"primaryImageOfPage":{"@id":"https:\/\/interamerica.org\/es\/2018\/01\/sede-de-interamerica-lanzara-pronto-su-nueva-pagina-web\/#primaryimage"},"image":{"@id":"https:\/\/interamerica.org\/es\/2018\/01\/sede-de-interamerica-lanzara-pronto-su-nueva-pagina-web\/#primaryimage"},"thumbnailUrl":"https:\/\/interamerica.org\/wp-content\/uploads\/2018\/02\/screen-shot-2018-01-29-at-73501-pm.png","datePublished":"2018-01-30T04:00:00+00:00","dateModified":"2018-02-20T18:40:16+00:00","author":{"@id":"https:\/\/interamerica.org\/es\/#\/schema\/person\/68ede8bdc292885bb76c1e3810e73c39"},"breadcrumb":{"@id":"https:\/\/interamerica.org\/es\/2018\/01\/sede-de-interamerica-lanzara-pronto-su-nueva-pagina-web\/#breadcrumb"},"inLanguage":"es","potentialAction":[{"@type":"ReadAction","target":["https:\/\/interamerica.org\/es\/2018\/01\/sede-de-interamerica-lanzara-pronto-su-nueva-pagina-web\/"]}]},{"@type":"ImageObject","inLanguage":"es","@id":"https:\/\/interamerica.org\/es\/2018\/01\/sede-de-interamerica-lanzara-pronto-su-nueva-pagina-web\/#primaryimage","url":"https:\/\/interamerica.org\/wp-content\/uploads\/2018\/02\/screen-shot-2018-01-29-at-73501-pm.png","contentUrl":"https:\/\/interamerica.org\/wp-content\/uploads\/2018\/02\/screen-shot-2018-01-29-at-73501-pm.png","width":1164,"height":1346},{"@type":"BreadcrumbList","@id":"https:\/\/interamerica.org\/es\/2018\/01\/sede-de-interamerica-lanzara-pronto-su-nueva-pagina-web\/#breadcrumb","itemListElement":[{"@type":"ListItem","position":1,"name":"Home","item":"https:\/\/interamerica.org\/es\/"},{"@type":"ListItem","position":2,"name":"Sede de Interam\u00e9rica lanzar\u00e1 pronto su nueva p\u00e1gina web"}]},{"@type":"WebSite","@id":"https:\/\/interamerica.org\/es\/#website","url":"https:\/\/interamerica.org\/es\/","name":"Iglesia Adventista del S\u00e9ptimo D\u00eda - Divisi\u00f3n Interamericana","description":"","potentialAction":[{"@type":"SearchAction","target":{"@type":"EntryPoint","urlTemplate":"https:\/\/interamerica.org\/es\/?s={search_term_string}"},"query-input":{"@type":"PropertyValueSpecification","valueRequired":true,"valueName":"search_term_string"}}],"inLanguage":"es"},{"@type":"Person","@id":"https:\/\/interamerica.org\/es\/#\/schema\/person\/68ede8bdc292885bb76c1e3810e73c39","name":"Lorenzo Verduzco","image":{"@type":"ImageObject","inLanguage":"es","@id":"https:\/\/secure.gravatar.com\/avatar\/fb81a55b6218459490a9c1dc841a34909185b81904c5337b4b27f7a6fd60c49e?s=96&d=mm&r=g","url":"https:\/\/secure.gravatar.com\/avatar\/fb81a55b6218459490a9c1dc841a34909185b81904c5337b4b27f7a6fd60c49e?s=96&d=mm&r=g","contentUrl":"https:\/\/secure.gravatar.com\/avatar\/fb81a55b6218459490a9c1dc841a34909185b81904c5337b4b27f7a6fd60c49e?s=96&d=mm&r=g","caption":"Lorenzo Verduzco"}}]}},"_links":{"self":[{"href":"https:\/\/interamerica.org\/es\/wp-json\/wp\/v2\/posts\/38419","targetHints":{"allow":["GET"]}}],"collection":[{"href":"https:\/\/interamerica.org\/es\/wp-json\/wp\/v2\/posts"}],"about":[{"href":"https:\/\/interamerica.org\/es\/wp-json\/wp\/v2\/types\/post"}],"author":[{"embeddable":true,"href":"https:\/\/interamerica.org\/es\/wp-json\/wp\/v2\/users\/1"}],"replies":[{"embeddable":true,"href":"https:\/\/interamerica.org\/es\/wp-json\/wp\/v2\/comments?post=38419"}],"version-history":[{"count":0,"href":"https:\/\/interamerica.org\/es\/wp-json\/wp\/v2\/posts\/38419\/revisions"}],"wp:featuredmedia":[{"embeddable":true,"href":"https:\/\/interamerica.org\/es\/wp-json\/wp\/v2\/media\/38357"}],"wp:attachment":[{"href":"https:\/\/interamerica.org\/es\/wp-json\/wp\/v2\/media?parent=38419"}],"wp:term":[{"taxonomy":"category","embeddable":true,"href":"https:\/\/interamerica.org\/es\/wp-json\/wp\/v2\/categories?post=38419"},{"taxonomy":"post_tag","embeddable":true,"href":"https:\/\/interamerica.org\/es\/wp-json\/wp\/v2\/tags?post=38419"}],"curies":[{"name":"wp","href":"https:\/\/api.w.org\/{rel}","templated":true}]}}