{"id":39716,"date":"2018-03-02T00:00:00","date_gmt":"2018-03-02T04:00:00","guid":{"rendered":"http:\/\/192.81.217.108\/2018\/03\/ahora-que-siento-deseos-de-leer-la-biblia-no-puedo\/"},"modified":"2018-12-03T22:01:09","modified_gmt":"2018-12-04T02:01:09","slug":"ahora-que-siento-deseos-de-leer-la-biblia-no-puedo","status":"publish","type":"post","link":"https:\/\/interamerica.org\/es\/2018\/03\/ahora-que-siento-deseos-de-leer-la-biblia-no-puedo\/","title":{"rendered":"\u201cAhora que siento deseos de leer la Biblia, no puedo\u201d"},"content":{"rendered":"<p>2 de marzo de 2018 | Kumasi, Ghana, \u00c1frica Occidental | Wally Amundson, pastor retirado de la Divisi\u00f3n Interamericana<\/p>\n<div id=\"attachment_33736\" style=\"width: 395px\" class=\"wp-caption alignright\"><a href=\"https:\/\/recursing-golick.147-182-135-0.plesk.page\/wp-content\/uploads\/2018\/03\/Abraham-Kofi-Ghana.gif\" rel=\"fancybox\" title=\"\u201cAhora que siento deseos de leer la Biblia, no puedo\u201d\"><img fetchpriority=\"high\" decoding=\"async\" aria-describedby=\"caption-attachment-33736\" class=\" wp-image-33736\" src=\"https:\/\/recursing-golick.147-182-135-0.plesk.page\/wp-content\/uploads\/2018\/03\/Abraham-Kofi-Ghana.gif\" alt=\"\" width=\"385\" height=\"241\" \/><\/a><p id=\"caption-attachment-33736\" class=\"wp-caption-text\">Abraham Kofi Kwarteng (izquierda) se sienta junto a su hermano Iv\u00e1n. Imagen por cortes\u00eda de Wally Amundson<\/p><\/div>\n<p>La noche oscuro hizo que fuera dif\u00edcil ver los 450 oyentes cuando todos ellos se levantaron de sus sillas de pl\u00e1stico acomodadas en medio de un cambo abierto. Algunos se adelantaban a la plataforma de madera en respuesta al mensaje de esa noche. Mientras miraba c\u00f3mo j\u00f3venes y viejos comenzaban a reunirse en el claro seco y polvoriento, mi mirada se vio atra\u00edda hacia un se\u00f1or mayor llevado de la mano por una joven. Era ciego. Oramos por ese nuevo grupo comprometido, para que Dios los guardara y los edificara en la fe mientras noche tras noche segu\u00edamos estudiando la Palabra de Dios. Esa reuni\u00f3n al aire libre, al igual que en muchos de los dem\u00e1s sitios, era llevada a cabo bajo el cielo oscuro y sin estrellas, dado que en la regi\u00f3n, el solo suele ponerse a las 18.00.<\/p>\n<p>Christine y yo nos encontr\u00e1bamos en Kumasi, Ghana, enviados por la Divisi\u00f3n Interamericana para unirnos a otros l\u00edderes y miembros voluntarios de los Estados Unidos para llevar a cabo reuniones de evangelizaci\u00f3n durante 15 d\u00edas. <a href=\"mailto:http:\/\/www.adventistreview.org\/church-news\/story5885-eastern-nigeria-launches-comprehensive-evangelistic-efforts\">Los miembros a lo largo y a lo ancho de toda la Divisi\u00f3n de \u00c1frica Centro Occidental, y tambi\u00e9n de diversas partes del mundo, contin\u00faan orando por las 2500 reuniones de evangelizaci\u00f3n que se est\u00e1n llevando a cabo en \u00c1frica Occidental en los pr\u00f3ximos meses<\/a>. Aun el pastor y los miembros de nuestra iglesia all\u00e1 en Miami Springs, Florida, Estados Unidos, estaban orando todos los d\u00edas por nosotros.<\/p>\n<div id=\"attachment_33742\" style=\"width: 395px\" class=\"wp-caption alignright\"><a href=\"https:\/\/recursing-golick.147-182-135-0.plesk.page\/wp-content\/uploads\/2018\/03\/Ghana-meetings.gif\" rel=\"fancybox\" title=\"\u201cAhora que siento deseos de leer la Biblia, no puedo\u201d\"><img decoding=\"async\" aria-describedby=\"caption-attachment-33742\" class=\" wp-image-33742\" src=\"https:\/\/recursing-golick.147-182-135-0.plesk.page\/wp-content\/uploads\/2018\/03\/Ghana-meetings.gif\" alt=\"\" width=\"385\" height=\"240\" \/><\/a><p id=\"caption-attachment-33742\" class=\"wp-caption-text\">Una multitud de personas de Kumasi, Ghana, se reuni\u00f3 para escuchar las reuniones de evangelizaci\u00f3n a cargo de Wally Amundson. Imagen por cortes\u00eda de Wally Amundson\/DIA<\/p><\/div>\n<p>Al preguntar por el ciego, comenz\u00f3 a emerger una imagen interesante. Abraham Kofi Kwarteng naci\u00f3 hace 45 a\u00f1os en Nsuta, la regi\u00f3n Ashanti. Junto con su familia y tres hermanos y hermanas, Abraham asisti\u00f3 a la Iglesia Adventista, pero jam\u00e1s se bautiz\u00f3. Despu\u00e9s de la escuela media, Abraham escogi\u00f3 la agricultura como medio de vida. Despu\u00e9s de algunos a\u00f1os, Abraham se alej\u00f3 de la fe y de su familia. Su hermano Iv\u00e1n dice que la familia estaba preocupada porque por a\u00f1os no sab\u00edan d\u00f3nde viv\u00eda. En 2006, Iv\u00e1n comenz\u00f3 a experimentar visi\u00f3n borrosa, que m\u00e1s tarde ser\u00eda diagnosticada como glaucoma. Un ministerio local al que se hab\u00eda unido no brind\u00f3 respuestas a sus preguntas, y pronto tuvo que abandonar el grupo de estudio de la Biblia debido a su escasa visi\u00f3n.<\/p>\n<p>Con el tiempo, Abraham se puso en contacto con su hermano Iv\u00e1n, que ahora era enfermero y trabajaba en un hospital adventista, pero era ya muy tarde para revertir la p\u00e9rdida de la vista. Iv\u00e1n ten\u00eda acceso a los medicamentos que podr\u00edan haber salvado gran parte de la visi\u00f3n de Abraham. Iv\u00e1n pens\u00f3 que, si su hermano hubiera venido antes, podr\u00eda haberle aplicado alg\u00fan remedio, pero ahora Abraham hab\u00eda quedado ciego.<\/p>\n<p>Con la familia reunida, Ivan decidi\u00f3 brindarle a Abraham tanta asistencia como fuera posible, tanto f\u00edsica como espiritualmente. A menudo oraban juntos en voz alta, mientras Iv\u00e1n le le\u00eda la Biblia. Ivan estaba feliz de estar nuevamente con su hermano, aun a pesar de su condici\u00f3n.<\/p>\n<p>Abraham acept\u00f3 su ceguera como un hecho de la vida, y no cre\u00eda que Dios lo estaba castigando o envi\u00e1ndole un mensaje. Sin embargo, como ahora depend\u00eda de los dem\u00e1s, su atenci\u00f3n se volvi\u00f3 m\u00e1s hacia Dios. Abraham dijo: \u201cEs m\u00e1s f\u00e1cil comprender a Dios ahora que estoy ciego\u201d.<\/p>\n<div id=\"attachment_33745\" style=\"width: 394px\" class=\"wp-caption alignright\"><a href=\"https:\/\/recursing-golick.147-182-135-0.plesk.page\/wp-content\/uploads\/2018\/03\/Ghana-baptisms.gif\" rel=\"fancybox\" title=\"\u201cAhora que siento deseos de leer la Biblia, no puedo\u201d\"><img decoding=\"async\" aria-describedby=\"caption-attachment-33745\" class=\" wp-image-33745\" src=\"https:\/\/recursing-golick.147-182-135-0.plesk.page\/wp-content\/uploads\/2018\/03\/Ghana-baptisms.gif\" alt=\"\" width=\"384\" height=\"240\" \/><\/a><p id=\"caption-attachment-33745\" class=\"wp-caption-text\">Abraham Kofi, junto con otros creyentes, ingresan al r\u00edo para ser bautizados el 10 de febrero de 2018. Imagen por cortes\u00eda de Wally Amundson<\/p><\/div>\n<p>Cuando Abraham escuch\u00f3 que habr\u00eda una serie de reuniones al aire libre donde podr\u00eda aprender m\u00e1s de la Palabra de Dios, decidi\u00f3 que era tiempo de regresar al Se\u00f1or. Durante las reuniones, mientras pensaba en la muerte de Cristo por sus pecados, y despu\u00e9s de enterarse que Jes\u00fas mismo se hab\u00eda sometido al bautismo, vio tambi\u00e9n su necesidad de ser bautizado. Cuando le pregunt\u00f3 en qu\u00e9 estaba pensando cuando se adelant\u00f3 esa oscura noche, dijo que hab\u00eda sentido un fuerte deseo de ser parte del pueblo de Dios cuando Cristo regrese.<\/p>\n<p>Durante el bautismo de Abraham el s\u00e1bado siguiente en un fresco arroyo cercano, un emocionado Iv\u00e1n estuvo all\u00ed para presenciar este milagro de sanaci\u00f3n espiritual. Abraham dice que durante su bautismo, se sinti\u00f3 muy pero muy feliz por su decisi\u00f3n. Le dio gran gozo saber que hab\u00eda entregado su vida a Cristo y se hab\u00eda unido a la familia de Dios. Abraham dice que no siente deseos de regresar a su antigua vida ahora que ha experimentado una vida nueva con Dios. Ahora proclama que gracias a lo que Dios ha hecho por \u00e9l, no permitir\u00e1 que nada lo lleve nuevamente a sus caminos antiguos. Abraham siente gozo y la bienvenida de las personas que lo rodean ahora que es parte nuevamente de la familia.<\/p>\n<p>Le pregunt\u00e9 a Abraham si ten\u00eda alg\u00fan mensaje para los que pueden ver, pero que no han visto o experimentado el amor de Dios. Mir\u00e9 que los ojos escamosos de Abraham iban de un lado a otro, como en busca de respuestas. Despu\u00e9s de una breve pausa, Abraham replic\u00f3. \u201cLos que pueden ver tienen que usar la ventaja de \u201cver\u201d a Dios y su creaci\u00f3n. Tienen muchas m\u00e1s evidencias para rendirse al Se\u00f1or. Deber\u00edan entregarse a \u00e9l\u201d.<\/p>\n<div id=\"attachment_33739\" style=\"width: 394px\" class=\"wp-caption alignright\"><a href=\"https:\/\/recursing-golick.147-182-135-0.plesk.page\/wp-content\/uploads\/2018\/03\/Baptisms-Wally-Christine.gif\" rel=\"fancybox\" title=\"\u201cAhora que siento deseos de leer la Biblia, no puedo\u201d\"><img loading=\"lazy\" decoding=\"async\" aria-describedby=\"caption-attachment-33739\" class=\" wp-image-33739\" src=\"https:\/\/recursing-golick.147-182-135-0.plesk.page\/wp-content\/uploads\/2018\/03\/Baptisms-Wally-Christine.gif\" alt=\"\" width=\"384\" height=\"240\" \/><\/a><p id=\"caption-attachment-33739\" class=\"wp-caption-text\">Wally y Christine Amundson (derecha), con el grupo que fue bautizado durante los esfuerzos de evangelizaci\u00f3n en Ghana el mes pasado. Imagen por cortes\u00eda de Wally Amundson.<\/p><\/div>\n<p>Al reflexionar sobre esta transformadora experiencia, vi a Abraham sentado, noche tras noche, en la primera fila, frente a una pantalla de m\u00e1s de seis metros que proyectaba hermosos gr\u00e1ficos que ilustraban el evangelio y la segunda venida, que \u00e9l no pod\u00eda ver. Suavemente, el Esp\u00edritu Santo despert\u00f3 el coraz\u00f3n de Abraham mientras estaba all\u00ed sentado en las tinieblas, profundizando su sentido de necesidad y d\u00e1ndoles visi\u00f3n espiritual. Ese momento de pie all\u00ed en el coraz\u00f3n de Ghana fue un anticipo del momento en que Abraham podr\u00e1 ver, en esta ocasi\u00f3n con sus propios ojos, la gloriosa segunda venida de nuestro Se\u00f1or y Salvador.<\/p>\n<p>Christine y yo aguardamos con ansias ese d\u00eda en que las palabras de Jes\u00fas a los dos seguidores de Juan el Bautista registradas en Mateo 11:5 adquirir\u00e1n un nuevo significado: \u201cLos ciegos ven\u2026\u201d. Ese maravilloso cumplimiento futuro implica que cada uno tiene que compartir ahora mismo el mensaje de salvaci\u00f3n. Un\u00e1mosnos hoy mismo con la familia de Dios en todo el mundo para participar, en momentos en que la iglesia lo alienta a hacerlo as\u00ed mediante la iniciativa Todo Miembro Involucrado. Hay muchos m\u00e1s que al igual que Abraham se acercar\u00e1n a usted en la Tierra Nueva con corazones agradecidos de que usted particip\u00f3 y comparti\u00f3 su fe en este momento fundamental de la historia de la tierra.<\/p>\n<p><em>El pastor Wally y su esposa Christine Amundson fueron misioneros en la d\u00e9cada de 1980 en Ruanda, Burundi y Costa de Marfil, donde establecieron las primeras oficinas de OFASA (ahora ADRA) en el continente africano. Se jubilaron en la Divisi\u00f3n Interamericana en 2016, y representaron a la DIA en las reuniones de evangelizaci\u00f3n de TMI en Ghana. <\/em><\/p>\n<p>Traducci\u00f3n de Marcos Paseggi<\/p>\n","protected":false},"excerpt":{"rendered":"<p>La noche oscuro hizo que fuera dif\u00edcil ver los 450 oyentes cuando todos ellos se levantaron de sus sillas de pl\u00e1stico acomodadas en medio de un cambo abierto. Algunos se adelantaban a la plataforma de madera en respuesta al mensaje de esa noche. Mientras miraba c\u00f3mo j\u00f3venes y viejos comenzaban a reunirse en el claro seco y polvoriento, mi mirada se vio atra\u00edda hacia un se\u00f1or mayor llevado de la mano por una joven. Era ciego. Oramos por ese nuevo grupo comprometido, para que Dios los guardara y los edificara en la fe mientras noche tras noche segu\u00edamos estudiando la Palabra de Dios.<\/p>\n","protected":false},"author":1,"featured_media":39575,"comment_status":"closed","ping_status":"closed","sticky":false,"template":"","format":"standard","meta":{"_acf_changed":false,"footnotes":""},"categories":[14,15],"tags":[],"class_list":["post-39716","post","type-post","status-publish","format-standard","has-post-thumbnail","hentry","category-de-la-iglesia-mundial","category-rss-espanol"],"acf":[],"yoast_head":"<!-- This site is optimized with the Yoast SEO plugin v27.3 - https:\/\/yoast.com\/product\/yoast-seo-wordpress\/ -->\n<title>\u201cAhora que siento deseos de leer la Biblia, no puedo\u201d - Iglesia Adventista del S\u00e9ptimo D\u00eda - Divisi\u00f3n Interamericana<\/title>\n<meta name=\"robots\" content=\"index, follow, max-snippet:-1, max-image-preview:large, max-video-preview:-1\" \/>\n<link rel=\"canonical\" href=\"https:\/\/interamerica.org\/es\/2018\/03\/ahora-que-siento-deseos-de-leer-la-biblia-no-puedo\/\" \/>\n<meta property=\"og:locale\" content=\"es_ES\" \/>\n<meta property=\"og:type\" content=\"article\" \/>\n<meta property=\"og:title\" content=\"\u201cAhora que siento deseos de leer la Biblia, no puedo\u201d - Iglesia Adventista del S\u00e9ptimo D\u00eda - Divisi\u00f3n Interamericana\" \/>\n<meta property=\"og:description\" content=\"La noche oscuro hizo que fuera dif\u00edcil ver los 450 oyentes cuando todos ellos se levantaron de sus sillas de pl\u00e1stico acomodadas en medio de un cambo abierto. Algunos se adelantaban a la plataforma de madera en respuesta al mensaje de esa noche. Mientras miraba c\u00f3mo j\u00f3venes y viejos comenzaban a reunirse en el claro seco y polvoriento, mi mirada se vio atra\u00edda hacia un se\u00f1or mayor llevado de la mano por una joven. Era ciego. Oramos por ese nuevo grupo comprometido, para que Dios los guardara y los edificara en la fe mientras noche tras noche segu\u00edamos estudiando la Palabra de Dios.\" \/>\n<meta property=\"og:url\" content=\"https:\/\/interamerica.org\/es\/2018\/03\/ahora-que-siento-deseos-de-leer-la-biblia-no-puedo\/\" \/>\n<meta property=\"og:site_name\" content=\"Iglesia Adventista del S\u00e9ptimo D\u00eda - Divisi\u00f3n Interamericana\" \/>\n<meta property=\"article:published_time\" content=\"2018-03-02T04:00:00+00:00\" \/>\n<meta property=\"article:modified_time\" content=\"2018-12-04T02:01:09+00:00\" \/>\n<meta property=\"og:image\" content=\"https:\/\/interamerica.org\/wp-content\/uploads\/2018\/04\/abraham-kofi-ghana.gif\" \/>\n\t<meta property=\"og:image:width\" content=\"1280\" \/>\n\t<meta property=\"og:image:height\" content=\"800\" \/>\n\t<meta property=\"og:image:type\" content=\"image\/gif\" \/>\n<meta name=\"author\" content=\"Lorenzo Verduzco\" \/>\n<meta name=\"twitter:card\" content=\"summary_large_image\" \/>\n<meta name=\"twitter:label1\" content=\"Escrito por\" \/>\n\t<meta name=\"twitter:data1\" content=\"Lorenzo Verduzco\" \/>\n\t<meta name=\"twitter:label2\" content=\"Tiempo de lectura\" \/>\n\t<meta name=\"twitter:data2\" content=\"7 minutos\" \/>\n<script type=\"application\/ld+json\" class=\"yoast-schema-graph\">{\"@context\":\"https:\\\/\\\/schema.org\",\"@graph\":[{\"@type\":\"Article\",\"@id\":\"https:\\\/\\\/interamerica.org\\\/es\\\/2018\\\/03\\\/ahora-que-siento-deseos-de-leer-la-biblia-no-puedo\\\/#article\",\"isPartOf\":{\"@id\":\"https:\\\/\\\/interamerica.org\\\/es\\\/2018\\\/03\\\/ahora-que-siento-deseos-de-leer-la-biblia-no-puedo\\\/\"},\"author\":{\"name\":\"Lorenzo Verduzco\",\"@id\":\"https:\\\/\\\/interamerica.org\\\/es\\\/#\\\/schema\\\/person\\\/68ede8bdc292885bb76c1e3810e73c39\"},\"headline\":\"\u201cAhora que siento deseos de leer la Biblia, no puedo\u201d\",\"datePublished\":\"2018-03-02T04:00:00+00:00\",\"dateModified\":\"2018-12-04T02:01:09+00:00\",\"mainEntityOfPage\":{\"@id\":\"https:\\\/\\\/interamerica.org\\\/es\\\/2018\\\/03\\\/ahora-que-siento-deseos-de-leer-la-biblia-no-puedo\\\/\"},\"wordCount\":1366,\"image\":{\"@id\":\"https:\\\/\\\/interamerica.org\\\/es\\\/2018\\\/03\\\/ahora-que-siento-deseos-de-leer-la-biblia-no-puedo\\\/#primaryimage\"},\"thumbnailUrl\":\"https:\\\/\\\/interamerica.org\\\/wp-content\\\/uploads\\\/2018\\\/04\\\/abraham-kofi-ghana.gif\",\"articleSection\":[\"Desde la iglesia mundial\",\"RSS Espa\u00f1ol\"],\"inLanguage\":\"es\"},{\"@type\":\"WebPage\",\"@id\":\"https:\\\/\\\/interamerica.org\\\/es\\\/2018\\\/03\\\/ahora-que-siento-deseos-de-leer-la-biblia-no-puedo\\\/\",\"url\":\"https:\\\/\\\/interamerica.org\\\/es\\\/2018\\\/03\\\/ahora-que-siento-deseos-de-leer-la-biblia-no-puedo\\\/\",\"name\":\"\u201cAhora que siento deseos de leer la Biblia, no puedo\u201d - Iglesia Adventista del S\u00e9ptimo D\u00eda - Divisi\u00f3n Interamericana\",\"isPartOf\":{\"@id\":\"https:\\\/\\\/interamerica.org\\\/es\\\/#website\"},\"primaryImageOfPage\":{\"@id\":\"https:\\\/\\\/interamerica.org\\\/es\\\/2018\\\/03\\\/ahora-que-siento-deseos-de-leer-la-biblia-no-puedo\\\/#primaryimage\"},\"image\":{\"@id\":\"https:\\\/\\\/interamerica.org\\\/es\\\/2018\\\/03\\\/ahora-que-siento-deseos-de-leer-la-biblia-no-puedo\\\/#primaryimage\"},\"thumbnailUrl\":\"https:\\\/\\\/interamerica.org\\\/wp-content\\\/uploads\\\/2018\\\/04\\\/abraham-kofi-ghana.gif\",\"datePublished\":\"2018-03-02T04:00:00+00:00\",\"dateModified\":\"2018-12-04T02:01:09+00:00\",\"author\":{\"@id\":\"https:\\\/\\\/interamerica.org\\\/es\\\/#\\\/schema\\\/person\\\/68ede8bdc292885bb76c1e3810e73c39\"},\"breadcrumb\":{\"@id\":\"https:\\\/\\\/interamerica.org\\\/es\\\/2018\\\/03\\\/ahora-que-siento-deseos-de-leer-la-biblia-no-puedo\\\/#breadcrumb\"},\"inLanguage\":\"es\",\"potentialAction\":[{\"@type\":\"ReadAction\",\"target\":[\"https:\\\/\\\/interamerica.org\\\/es\\\/2018\\\/03\\\/ahora-que-siento-deseos-de-leer-la-biblia-no-puedo\\\/\"]}]},{\"@type\":\"ImageObject\",\"inLanguage\":\"es\",\"@id\":\"https:\\\/\\\/interamerica.org\\\/es\\\/2018\\\/03\\\/ahora-que-siento-deseos-de-leer-la-biblia-no-puedo\\\/#primaryimage\",\"url\":\"https:\\\/\\\/interamerica.org\\\/wp-content\\\/uploads\\\/2018\\\/04\\\/abraham-kofi-ghana.gif\",\"contentUrl\":\"https:\\\/\\\/interamerica.org\\\/wp-content\\\/uploads\\\/2018\\\/04\\\/abraham-kofi-ghana.gif\",\"width\":1280,\"height\":800},{\"@type\":\"BreadcrumbList\",\"@id\":\"https:\\\/\\\/interamerica.org\\\/es\\\/2018\\\/03\\\/ahora-que-siento-deseos-de-leer-la-biblia-no-puedo\\\/#breadcrumb\",\"itemListElement\":[{\"@type\":\"ListItem\",\"position\":1,\"name\":\"Home\",\"item\":\"https:\\\/\\\/interamerica.org\\\/es\\\/\"},{\"@type\":\"ListItem\",\"position\":2,\"name\":\"\u201cAhora que siento deseos de leer la Biblia, no puedo\u201d\"}]},{\"@type\":\"WebSite\",\"@id\":\"https:\\\/\\\/interamerica.org\\\/es\\\/#website\",\"url\":\"https:\\\/\\\/interamerica.org\\\/es\\\/\",\"name\":\"Iglesia Adventista del S\u00e9ptimo D\u00eda - Divisi\u00f3n Interamericana\",\"description\":\"\",\"potentialAction\":[{\"@type\":\"SearchAction\",\"target\":{\"@type\":\"EntryPoint\",\"urlTemplate\":\"https:\\\/\\\/interamerica.org\\\/es\\\/?s={search_term_string}\"},\"query-input\":{\"@type\":\"PropertyValueSpecification\",\"valueRequired\":true,\"valueName\":\"search_term_string\"}}],\"inLanguage\":\"es\"},{\"@type\":\"Person\",\"@id\":\"https:\\\/\\\/interamerica.org\\\/es\\\/#\\\/schema\\\/person\\\/68ede8bdc292885bb76c1e3810e73c39\",\"name\":\"Lorenzo Verduzco\",\"image\":{\"@type\":\"ImageObject\",\"inLanguage\":\"es\",\"@id\":\"https:\\\/\\\/secure.gravatar.com\\\/avatar\\\/fb81a55b6218459490a9c1dc841a34909185b81904c5337b4b27f7a6fd60c49e?s=96&d=mm&r=g\",\"url\":\"https:\\\/\\\/secure.gravatar.com\\\/avatar\\\/fb81a55b6218459490a9c1dc841a34909185b81904c5337b4b27f7a6fd60c49e?s=96&d=mm&r=g\",\"contentUrl\":\"https:\\\/\\\/secure.gravatar.com\\\/avatar\\\/fb81a55b6218459490a9c1dc841a34909185b81904c5337b4b27f7a6fd60c49e?s=96&d=mm&r=g\",\"caption\":\"Lorenzo Verduzco\"}}]}<\/script>\n<!-- \/ Yoast SEO plugin. -->","yoast_head_json":{"title":"\u201cAhora que siento deseos de leer la Biblia, no puedo\u201d - Iglesia Adventista del S\u00e9ptimo D\u00eda - Divisi\u00f3n Interamericana","robots":{"index":"index","follow":"follow","max-snippet":"max-snippet:-1","max-image-preview":"max-image-preview:large","max-video-preview":"max-video-preview:-1"},"canonical":"https:\/\/interamerica.org\/es\/2018\/03\/ahora-que-siento-deseos-de-leer-la-biblia-no-puedo\/","og_locale":"es_ES","og_type":"article","og_title":"\u201cAhora que siento deseos de leer la Biblia, no puedo\u201d - Iglesia Adventista del S\u00e9ptimo D\u00eda - Divisi\u00f3n Interamericana","og_description":"La noche oscuro hizo que fuera dif\u00edcil ver los 450 oyentes cuando todos ellos se levantaron de sus sillas de pl\u00e1stico acomodadas en medio de un cambo abierto. Algunos se adelantaban a la plataforma de madera en respuesta al mensaje de esa noche. Mientras miraba c\u00f3mo j\u00f3venes y viejos comenzaban a reunirse en el claro seco y polvoriento, mi mirada se vio atra\u00edda hacia un se\u00f1or mayor llevado de la mano por una joven. Era ciego. Oramos por ese nuevo grupo comprometido, para que Dios los guardara y los edificara en la fe mientras noche tras noche segu\u00edamos estudiando la Palabra de Dios.","og_url":"https:\/\/interamerica.org\/es\/2018\/03\/ahora-que-siento-deseos-de-leer-la-biblia-no-puedo\/","og_site_name":"Iglesia Adventista del S\u00e9ptimo D\u00eda - Divisi\u00f3n Interamericana","article_published_time":"2018-03-02T04:00:00+00:00","article_modified_time":"2018-12-04T02:01:09+00:00","og_image":[{"width":1280,"height":800,"url":"https:\/\/interamerica.org\/wp-content\/uploads\/2018\/04\/abraham-kofi-ghana.gif","type":"image\/gif"}],"author":"Lorenzo Verduzco","twitter_card":"summary_large_image","twitter_misc":{"Escrito por":"Lorenzo Verduzco","Tiempo de lectura":"7 minutos"},"schema":{"@context":"https:\/\/schema.org","@graph":[{"@type":"Article","@id":"https:\/\/interamerica.org\/es\/2018\/03\/ahora-que-siento-deseos-de-leer-la-biblia-no-puedo\/#article","isPartOf":{"@id":"https:\/\/interamerica.org\/es\/2018\/03\/ahora-que-siento-deseos-de-leer-la-biblia-no-puedo\/"},"author":{"name":"Lorenzo Verduzco","@id":"https:\/\/interamerica.org\/es\/#\/schema\/person\/68ede8bdc292885bb76c1e3810e73c39"},"headline":"\u201cAhora que siento deseos de leer la Biblia, no puedo\u201d","datePublished":"2018-03-02T04:00:00+00:00","dateModified":"2018-12-04T02:01:09+00:00","mainEntityOfPage":{"@id":"https:\/\/interamerica.org\/es\/2018\/03\/ahora-que-siento-deseos-de-leer-la-biblia-no-puedo\/"},"wordCount":1366,"image":{"@id":"https:\/\/interamerica.org\/es\/2018\/03\/ahora-que-siento-deseos-de-leer-la-biblia-no-puedo\/#primaryimage"},"thumbnailUrl":"https:\/\/interamerica.org\/wp-content\/uploads\/2018\/04\/abraham-kofi-ghana.gif","articleSection":["Desde la iglesia mundial","RSS Espa\u00f1ol"],"inLanguage":"es"},{"@type":"WebPage","@id":"https:\/\/interamerica.org\/es\/2018\/03\/ahora-que-siento-deseos-de-leer-la-biblia-no-puedo\/","url":"https:\/\/interamerica.org\/es\/2018\/03\/ahora-que-siento-deseos-de-leer-la-biblia-no-puedo\/","name":"\u201cAhora que siento deseos de leer la Biblia, no puedo\u201d - Iglesia Adventista del S\u00e9ptimo D\u00eda - Divisi\u00f3n Interamericana","isPartOf":{"@id":"https:\/\/interamerica.org\/es\/#website"},"primaryImageOfPage":{"@id":"https:\/\/interamerica.org\/es\/2018\/03\/ahora-que-siento-deseos-de-leer-la-biblia-no-puedo\/#primaryimage"},"image":{"@id":"https:\/\/interamerica.org\/es\/2018\/03\/ahora-que-siento-deseos-de-leer-la-biblia-no-puedo\/#primaryimage"},"thumbnailUrl":"https:\/\/interamerica.org\/wp-content\/uploads\/2018\/04\/abraham-kofi-ghana.gif","datePublished":"2018-03-02T04:00:00+00:00","dateModified":"2018-12-04T02:01:09+00:00","author":{"@id":"https:\/\/interamerica.org\/es\/#\/schema\/person\/68ede8bdc292885bb76c1e3810e73c39"},"breadcrumb":{"@id":"https:\/\/interamerica.org\/es\/2018\/03\/ahora-que-siento-deseos-de-leer-la-biblia-no-puedo\/#breadcrumb"},"inLanguage":"es","potentialAction":[{"@type":"ReadAction","target":["https:\/\/interamerica.org\/es\/2018\/03\/ahora-que-siento-deseos-de-leer-la-biblia-no-puedo\/"]}]},{"@type":"ImageObject","inLanguage":"es","@id":"https:\/\/interamerica.org\/es\/2018\/03\/ahora-que-siento-deseos-de-leer-la-biblia-no-puedo\/#primaryimage","url":"https:\/\/interamerica.org\/wp-content\/uploads\/2018\/04\/abraham-kofi-ghana.gif","contentUrl":"https:\/\/interamerica.org\/wp-content\/uploads\/2018\/04\/abraham-kofi-ghana.gif","width":1280,"height":800},{"@type":"BreadcrumbList","@id":"https:\/\/interamerica.org\/es\/2018\/03\/ahora-que-siento-deseos-de-leer-la-biblia-no-puedo\/#breadcrumb","itemListElement":[{"@type":"ListItem","position":1,"name":"Home","item":"https:\/\/interamerica.org\/es\/"},{"@type":"ListItem","position":2,"name":"\u201cAhora que siento deseos de leer la Biblia, no puedo\u201d"}]},{"@type":"WebSite","@id":"https:\/\/interamerica.org\/es\/#website","url":"https:\/\/interamerica.org\/es\/","name":"Iglesia Adventista del S\u00e9ptimo D\u00eda - Divisi\u00f3n Interamericana","description":"","potentialAction":[{"@type":"SearchAction","target":{"@type":"EntryPoint","urlTemplate":"https:\/\/interamerica.org\/es\/?s={search_term_string}"},"query-input":{"@type":"PropertyValueSpecification","valueRequired":true,"valueName":"search_term_string"}}],"inLanguage":"es"},{"@type":"Person","@id":"https:\/\/interamerica.org\/es\/#\/schema\/person\/68ede8bdc292885bb76c1e3810e73c39","name":"Lorenzo Verduzco","image":{"@type":"ImageObject","inLanguage":"es","@id":"https:\/\/secure.gravatar.com\/avatar\/fb81a55b6218459490a9c1dc841a34909185b81904c5337b4b27f7a6fd60c49e?s=96&d=mm&r=g","url":"https:\/\/secure.gravatar.com\/avatar\/fb81a55b6218459490a9c1dc841a34909185b81904c5337b4b27f7a6fd60c49e?s=96&d=mm&r=g","contentUrl":"https:\/\/secure.gravatar.com\/avatar\/fb81a55b6218459490a9c1dc841a34909185b81904c5337b4b27f7a6fd60c49e?s=96&d=mm&r=g","caption":"Lorenzo Verduzco"}}]}},"_links":{"self":[{"href":"https:\/\/interamerica.org\/es\/wp-json\/wp\/v2\/posts\/39716","targetHints":{"allow":["GET"]}}],"collection":[{"href":"https:\/\/interamerica.org\/es\/wp-json\/wp\/v2\/posts"}],"about":[{"href":"https:\/\/interamerica.org\/es\/wp-json\/wp\/v2\/types\/post"}],"author":[{"embeddable":true,"href":"https:\/\/interamerica.org\/es\/wp-json\/wp\/v2\/users\/1"}],"replies":[{"embeddable":true,"href":"https:\/\/interamerica.org\/es\/wp-json\/wp\/v2\/comments?post=39716"}],"version-history":[{"count":0,"href":"https:\/\/interamerica.org\/es\/wp-json\/wp\/v2\/posts\/39716\/revisions"}],"wp:featuredmedia":[{"embeddable":true,"href":"https:\/\/interamerica.org\/es\/wp-json\/wp\/v2\/media\/39575"}],"wp:attachment":[{"href":"https:\/\/interamerica.org\/es\/wp-json\/wp\/v2\/media?parent=39716"}],"wp:term":[{"taxonomy":"category","embeddable":true,"href":"https:\/\/interamerica.org\/es\/wp-json\/wp\/v2\/categories?post=39716"},{"taxonomy":"post_tag","embeddable":true,"href":"https:\/\/interamerica.org\/es\/wp-json\/wp\/v2\/tags?post=39716"}],"curies":[{"name":"wp","href":"https:\/\/api.w.org\/{rel}","templated":true}]}}