{"id":39724,"date":"2018-03-13T00:00:00","date_gmt":"2018-03-13T04:00:00","guid":{"rendered":"http:\/\/192.81.217.108\/2018\/03\/quince-miembros-de-iglesia-mueren-en-ruanda-al-ser-fulminados-por-un-rayo\/"},"modified":"2018-12-03T22:00:14","modified_gmt":"2018-12-04T02:00:14","slug":"quince-miembros-de-iglesia-mueren-en-ruanda-al-ser-fulminados-por-un-rayo","status":"publish","type":"post","link":"https:\/\/interamerica.org\/es\/2018\/03\/quince-miembros-de-iglesia-mueren-en-ruanda-al-ser-fulminados-por-un-rayo\/","title":{"rendered":"Quince miembros de iglesia mueren en Ruanda al ser fulminados por un rayo"},"content":{"rendered":"<div id=\"attachment_33918\" style=\"width: 736px\" class=\"wp-caption aligncenter\"><a href=\"https:\/\/recursing-golick.147-182-135-0.plesk.page\/wp-content\/uploads\/2018\/03\/rwanda-breaking.jpg\" rel=\"fancybox\" title=\"Quince miembros de iglesia mueren en Ruanda al ser fulminados por un rayo\"><img fetchpriority=\"high\" decoding=\"async\" aria-describedby=\"caption-attachment-33918\" class=\"wp-image-33918\" src=\"https:\/\/recursing-golick.147-182-135-0.plesk.page\/wp-content\/uploads\/2018\/03\/rwanda-breaking.jpg\" alt=\"\" width=\"726\" height=\"363\" \/><\/a><p id=\"caption-attachment-33918\" class=\"wp-caption-text\">Imagen cortes\u00eda de la Divisi\u00f3n Norte-Central Africana<\/p><\/div>\n<p>11 de marzo de 2018 | <span class=\"byline-news\">Prince Bahati, director de comunicaci\u00f3n de la Divisi\u00f3n Norte-Central Africana <\/span><\/p>\n<p><span class=\"cap\">U<\/span>na descarga el\u00e9ctrica cay\u00f3 sobre una iglesia en Ruanda el 10 de marzo, matando a quince de sus miembros. M\u00e1s de 130 del resto de los asistentes a los servicios religiosos de la Iglesia Adventista del S\u00e9ptimo D\u00eda Gihemvu, fueron trasladados a un hospital de la zona y otros centros similares de salud. Algunos de ellos ya fueron dados de alta.<\/p>\n<p>Tanto los dirigentes de la iglesia, como oficiales del gobierno, incluyendo a Abidan Ruhongeka, presidente del distrito Nyaruguro de la Provincia Sur de Ruanda, y Mureshyankwano Marie Rose, gobernadora de la Provincia Sur de Ruanda, asistieron a una ceremonia f\u00fanebre especial celebrada el domingo 11 de marzo. La gobernadora Mureshyankwano Marie Rose present\u00f3 sus condolencias a las familias de las personas fallecidas y declar\u00f3 que el distrito de Nyaruguru pagar\u00e1 los gastos m\u00e9dicos de quienes est\u00e1n todav\u00eda recibiendo tratamiento m\u00e9dico.<\/p>\n<p>Durante la ceremonia, el presidente Ruhongeka declar\u00f3: \u201cNos compadecemos de las familias de quienes fallecieron y de aquellos que fueron afectados durante estos dif\u00edciles momentos. Recordemos todos que cuando Jes\u00fas venga otra vez, habr\u00e1n de resucitar todos los que murieron en \u00e9l\u201d. Dijo que la iglesia provey\u00f3 los f\u00e9retros para los funerales de los fallecidos y que est\u00e1n proveyendo asimismo apoyo y asistencia a las personas afectadas por esta tragedia.<\/p>\n<p>Ted. N.C. Wilson, presidente de la Asociaci\u00f3n General de la Iglesia Adventista del S\u00e9ptimo D\u00eda, expres\u00f3 sus condolencias a la iglesia en Ruanda en su p\u00e1gina p\u00fablica de Facebook.<\/p>\n<div id=\"attachment_33921\" style=\"width: 419px\" class=\"wp-caption alignright\"><a href=\"https:\/\/recursing-golick.147-182-135-0.plesk.page\/wp-content\/uploads\/2018\/03\/Rwanda_3_Governor_Of_Southern_Province__Mureshyankwano_Marie_RoseCroppedforPosting.jpg\" rel=\"fancybox\" title=\"Quince miembros de iglesia mueren en Ruanda al ser fulminados por un rayo\"><img decoding=\"async\" aria-describedby=\"caption-attachment-33921\" class=\"wp-image-33921\" src=\"https:\/\/recursing-golick.147-182-135-0.plesk.page\/wp-content\/uploads\/2018\/03\/Rwanda_3_Governor_Of_Southern_Province__Mureshyankwano_Marie_RoseCroppedforPosting.jpg\" alt=\"\" width=\"409\" height=\"230\" \/><\/a><p id=\"caption-attachment-33921\" class=\"wp-caption-text\">Imagen cortes\u00eda de la Divisi\u00f3n Norte-Central Africana<\/p><\/div>\n<p>\u201cHemos recibido la alarmante noticia de que este \u00faltimo s\u00e1bado 10 de marzo, en la Iglesia Adventista del S\u00e9ptimo D\u00eda Gihemvu, ubicada en el distrito Nyaruguru en el sur de Ruanda, por lo menos 15 miembros de la iglesia adventista perdieron la vida y otros m\u00e1s quedaron heridos al ser impactados por la traum\u00e1tica ca\u00edda de un rayo sobre el edificio de la iglesia. Nuestro coraz\u00f3n se duele por nuestros amados miembros de iglesia en Ruanda que han sufrido esta dif\u00edcil y dolorosa p\u00e9rdida. Qu\u00e9 tr\u00e1gico el experimentar tan extra\u00f1o incidente de recibir el impacto de una descarga el\u00e9ctrica durante la celebraci\u00f3n de un servicio religioso.<\/p>\n<p>En nombre de la familia mundial de la Iglesia Adventista del s\u00e9ptimo D\u00eda alrededor de todo el mundo, hemos ofrecido nuestra m\u00e1s profunda simpat\u00eda y amor cristiano a todos nuestros miembros en la Uni\u00f3n de Ruanda, que forma parte de la Divisi\u00f3n Norte-Central Africana, especialmente a las familias que han perdido a sus seres amados y a quienes quedaron lesionados a ra\u00edz de este traum\u00e1tico evento.<\/p>\n<p>Seguramente Dios proveer\u00e1 el consuelo y el \u00e1nimo durante esta dura experiencia. Hemos alentado a nuestros miembros de iglesia en Ruanda a mantener sus ojos fijos en el Se\u00f1or y en su inminente retorno, cuando habr\u00e1 de resucitar a todos los que murieron en \u00e9l. Qu\u00e9 gran esperanza tenemos para el futuro. Oren por favor, juntamente con nosotros, por nuestros miembros de iglesia y, especialmente por las familias afectadas, al buscar al Se\u00f1or en procura de \u00e1nimo y continuar colocando gran \u00e9nfasis en la Participaci\u00f3n Total de los Miembros. Oremos porque cada miembro de iglesia en Ruanda pueda experimentar el toque de consuelo y orientaci\u00f3n del Esp\u00edritu Santo durante estos tiempos dif\u00edciles\u201d. (citado de facebook.com\/PastorTedWilson\/).<\/p>\n<p>La Iglesia Adventista del S\u00e9ptimo D\u00eda Nyarunazi y su congregaci\u00f3n de Gihemvu se encuentran en el campo local del sur de Ruanda. La iglesia se encuentra en el distrito de Nyaruguru, de la Provincia Sur de Ruanda.<\/p>\n<p>Traducci\u00f3n &#8211; Gloria A Castrej\u00f3n<\/p>\n","protected":false},"excerpt":{"rendered":"<p>Una descarga el\u00e9ctrica cay\u00f3 sobre una iglesia en Ruanda el 10 de marzo, matando a quince de sus miembros. M\u00e1s de 130 del resto de los asistentes a los servicios religiosos de la Iglesia Adventista del S\u00e9ptimo D\u00eda Gihemvu, fueron trasladados a un hospital de la zona y otros centros similares de salud. Algunos de ellos ya fueron dados de alta.  <\/p>\n<p>Tanto los dirigentes de la iglesia, como oficiales del gobierno, incluyendo a Abidan Ruhongeka, presidente del distrito Nyaruguro de la Provincia Sur de Ruanda, y Mureshyankwano Marie Rose, gobernadora de la Provincia Sur de Ruanda, asistieron a una ceremonia f\u00fanebre especial celebrada el domingo 11 de marzo.<\/p>\n","protected":false},"author":1,"featured_media":39614,"comment_status":"closed","ping_status":"closed","sticky":false,"template":"","format":"standard","meta":{"_acf_changed":false,"footnotes":""},"categories":[14,15],"tags":[],"class_list":["post-39724","post","type-post","status-publish","format-standard","has-post-thumbnail","hentry","category-de-la-iglesia-mundial","category-rss-espanol"],"acf":[],"yoast_head":"<!-- This site is optimized with the Yoast SEO plugin v27.3 - https:\/\/yoast.com\/product\/yoast-seo-wordpress\/ -->\n<title>Quince miembros de iglesia mueren en Ruanda al ser fulminados por un rayo - Iglesia Adventista del S\u00e9ptimo D\u00eda - Divisi\u00f3n Interamericana<\/title>\n<meta name=\"robots\" content=\"index, follow, max-snippet:-1, max-image-preview:large, max-video-preview:-1\" \/>\n<link rel=\"canonical\" href=\"https:\/\/interamerica.org\/es\/2018\/03\/quince-miembros-de-iglesia-mueren-en-ruanda-al-ser-fulminados-por-un-rayo\/\" \/>\n<meta property=\"og:locale\" content=\"es_ES\" \/>\n<meta property=\"og:type\" content=\"article\" \/>\n<meta property=\"og:title\" content=\"Quince miembros de iglesia mueren en Ruanda al ser fulminados por un rayo - Iglesia Adventista del S\u00e9ptimo D\u00eda - Divisi\u00f3n Interamericana\" \/>\n<meta property=\"og:description\" content=\"Una descarga el\u00e9ctrica cay\u00f3 sobre una iglesia en Ruanda el 10 de marzo, matando a quince de sus miembros. M\u00e1s de 130 del resto de los asistentes a los servicios religiosos de la Iglesia Adventista del S\u00e9ptimo D\u00eda Gihemvu, fueron trasladados a un hospital de la zona y otros centros similares de salud. Algunos de ellos ya fueron dados de alta.  Tanto los dirigentes de la iglesia, como oficiales del gobierno, incluyendo a Abidan Ruhongeka, presidente del distrito Nyaruguro de la Provincia Sur de Ruanda, y Mureshyankwano Marie Rose, gobernadora de la Provincia Sur de Ruanda, asistieron a una ceremonia f\u00fanebre especial celebrada el domingo 11 de marzo.\" \/>\n<meta property=\"og:url\" content=\"https:\/\/interamerica.org\/es\/2018\/03\/quince-miembros-de-iglesia-mueren-en-ruanda-al-ser-fulminados-por-un-rayo\/\" \/>\n<meta property=\"og:site_name\" content=\"Iglesia Adventista del S\u00e9ptimo D\u00eda - Divisi\u00f3n Interamericana\" \/>\n<meta property=\"article:published_time\" content=\"2018-03-13T04:00:00+00:00\" \/>\n<meta property=\"article:modified_time\" content=\"2018-12-04T02:00:14+00:00\" \/>\n<meta property=\"og:image\" content=\"https:\/\/interamerica.org\/wp-content\/uploads\/2018\/04\/rwanda-breaking.jpg\" \/>\n\t<meta property=\"og:image:width\" content=\"1000\" \/>\n\t<meta property=\"og:image:height\" content=\"500\" \/>\n\t<meta property=\"og:image:type\" content=\"image\/jpeg\" \/>\n<meta name=\"author\" content=\"Lorenzo Verduzco\" \/>\n<meta name=\"twitter:card\" content=\"summary_large_image\" \/>\n<meta name=\"twitter:label1\" content=\"Escrito por\" \/>\n\t<meta name=\"twitter:data1\" content=\"Lorenzo Verduzco\" \/>\n\t<meta name=\"twitter:label2\" content=\"Tiempo de lectura\" \/>\n\t<meta name=\"twitter:data2\" content=\"3 minutos\" \/>\n<script type=\"application\/ld+json\" class=\"yoast-schema-graph\">{\"@context\":\"https:\\\/\\\/schema.org\",\"@graph\":[{\"@type\":\"Article\",\"@id\":\"https:\\\/\\\/interamerica.org\\\/es\\\/2018\\\/03\\\/quince-miembros-de-iglesia-mueren-en-ruanda-al-ser-fulminados-por-un-rayo\\\/#article\",\"isPartOf\":{\"@id\":\"https:\\\/\\\/interamerica.org\\\/es\\\/2018\\\/03\\\/quince-miembros-de-iglesia-mueren-en-ruanda-al-ser-fulminados-por-un-rayo\\\/\"},\"author\":{\"name\":\"Lorenzo Verduzco\",\"@id\":\"https:\\\/\\\/interamerica.org\\\/es\\\/#\\\/schema\\\/person\\\/68ede8bdc292885bb76c1e3810e73c39\"},\"headline\":\"Quince miembros de iglesia mueren en Ruanda al ser fulminados por un rayo\",\"datePublished\":\"2018-03-13T04:00:00+00:00\",\"dateModified\":\"2018-12-04T02:00:14+00:00\",\"mainEntityOfPage\":{\"@id\":\"https:\\\/\\\/interamerica.org\\\/es\\\/2018\\\/03\\\/quince-miembros-de-iglesia-mueren-en-ruanda-al-ser-fulminados-por-un-rayo\\\/\"},\"wordCount\":678,\"image\":{\"@id\":\"https:\\\/\\\/interamerica.org\\\/es\\\/2018\\\/03\\\/quince-miembros-de-iglesia-mueren-en-ruanda-al-ser-fulminados-por-un-rayo\\\/#primaryimage\"},\"thumbnailUrl\":\"https:\\\/\\\/interamerica.org\\\/wp-content\\\/uploads\\\/2018\\\/04\\\/rwanda-breaking.jpg\",\"articleSection\":[\"Desde la iglesia mundial\",\"RSS Espa\u00f1ol\"],\"inLanguage\":\"es\"},{\"@type\":\"WebPage\",\"@id\":\"https:\\\/\\\/interamerica.org\\\/es\\\/2018\\\/03\\\/quince-miembros-de-iglesia-mueren-en-ruanda-al-ser-fulminados-por-un-rayo\\\/\",\"url\":\"https:\\\/\\\/interamerica.org\\\/es\\\/2018\\\/03\\\/quince-miembros-de-iglesia-mueren-en-ruanda-al-ser-fulminados-por-un-rayo\\\/\",\"name\":\"Quince miembros de iglesia mueren en Ruanda al ser fulminados por un rayo - Iglesia Adventista del S\u00e9ptimo D\u00eda - Divisi\u00f3n Interamericana\",\"isPartOf\":{\"@id\":\"https:\\\/\\\/interamerica.org\\\/es\\\/#website\"},\"primaryImageOfPage\":{\"@id\":\"https:\\\/\\\/interamerica.org\\\/es\\\/2018\\\/03\\\/quince-miembros-de-iglesia-mueren-en-ruanda-al-ser-fulminados-por-un-rayo\\\/#primaryimage\"},\"image\":{\"@id\":\"https:\\\/\\\/interamerica.org\\\/es\\\/2018\\\/03\\\/quince-miembros-de-iglesia-mueren-en-ruanda-al-ser-fulminados-por-un-rayo\\\/#primaryimage\"},\"thumbnailUrl\":\"https:\\\/\\\/interamerica.org\\\/wp-content\\\/uploads\\\/2018\\\/04\\\/rwanda-breaking.jpg\",\"datePublished\":\"2018-03-13T04:00:00+00:00\",\"dateModified\":\"2018-12-04T02:00:14+00:00\",\"author\":{\"@id\":\"https:\\\/\\\/interamerica.org\\\/es\\\/#\\\/schema\\\/person\\\/68ede8bdc292885bb76c1e3810e73c39\"},\"breadcrumb\":{\"@id\":\"https:\\\/\\\/interamerica.org\\\/es\\\/2018\\\/03\\\/quince-miembros-de-iglesia-mueren-en-ruanda-al-ser-fulminados-por-un-rayo\\\/#breadcrumb\"},\"inLanguage\":\"es\",\"potentialAction\":[{\"@type\":\"ReadAction\",\"target\":[\"https:\\\/\\\/interamerica.org\\\/es\\\/2018\\\/03\\\/quince-miembros-de-iglesia-mueren-en-ruanda-al-ser-fulminados-por-un-rayo\\\/\"]}]},{\"@type\":\"ImageObject\",\"inLanguage\":\"es\",\"@id\":\"https:\\\/\\\/interamerica.org\\\/es\\\/2018\\\/03\\\/quince-miembros-de-iglesia-mueren-en-ruanda-al-ser-fulminados-por-un-rayo\\\/#primaryimage\",\"url\":\"https:\\\/\\\/interamerica.org\\\/wp-content\\\/uploads\\\/2018\\\/04\\\/rwanda-breaking.jpg\",\"contentUrl\":\"https:\\\/\\\/interamerica.org\\\/wp-content\\\/uploads\\\/2018\\\/04\\\/rwanda-breaking.jpg\",\"width\":1000,\"height\":500},{\"@type\":\"BreadcrumbList\",\"@id\":\"https:\\\/\\\/interamerica.org\\\/es\\\/2018\\\/03\\\/quince-miembros-de-iglesia-mueren-en-ruanda-al-ser-fulminados-por-un-rayo\\\/#breadcrumb\",\"itemListElement\":[{\"@type\":\"ListItem\",\"position\":1,\"name\":\"Home\",\"item\":\"https:\\\/\\\/interamerica.org\\\/es\\\/\"},{\"@type\":\"ListItem\",\"position\":2,\"name\":\"Quince miembros de iglesia mueren en Ruanda al ser fulminados por un rayo\"}]},{\"@type\":\"WebSite\",\"@id\":\"https:\\\/\\\/interamerica.org\\\/es\\\/#website\",\"url\":\"https:\\\/\\\/interamerica.org\\\/es\\\/\",\"name\":\"Iglesia Adventista del S\u00e9ptimo D\u00eda - Divisi\u00f3n Interamericana\",\"description\":\"\",\"potentialAction\":[{\"@type\":\"SearchAction\",\"target\":{\"@type\":\"EntryPoint\",\"urlTemplate\":\"https:\\\/\\\/interamerica.org\\\/es\\\/?s={search_term_string}\"},\"query-input\":{\"@type\":\"PropertyValueSpecification\",\"valueRequired\":true,\"valueName\":\"search_term_string\"}}],\"inLanguage\":\"es\"},{\"@type\":\"Person\",\"@id\":\"https:\\\/\\\/interamerica.org\\\/es\\\/#\\\/schema\\\/person\\\/68ede8bdc292885bb76c1e3810e73c39\",\"name\":\"Lorenzo Verduzco\",\"image\":{\"@type\":\"ImageObject\",\"inLanguage\":\"es\",\"@id\":\"https:\\\/\\\/secure.gravatar.com\\\/avatar\\\/fb81a55b6218459490a9c1dc841a34909185b81904c5337b4b27f7a6fd60c49e?s=96&d=mm&r=g\",\"url\":\"https:\\\/\\\/secure.gravatar.com\\\/avatar\\\/fb81a55b6218459490a9c1dc841a34909185b81904c5337b4b27f7a6fd60c49e?s=96&d=mm&r=g\",\"contentUrl\":\"https:\\\/\\\/secure.gravatar.com\\\/avatar\\\/fb81a55b6218459490a9c1dc841a34909185b81904c5337b4b27f7a6fd60c49e?s=96&d=mm&r=g\",\"caption\":\"Lorenzo Verduzco\"}}]}<\/script>\n<!-- \/ Yoast SEO plugin. -->","yoast_head_json":{"title":"Quince miembros de iglesia mueren en Ruanda al ser fulminados por un rayo - Iglesia Adventista del S\u00e9ptimo D\u00eda - Divisi\u00f3n Interamericana","robots":{"index":"index","follow":"follow","max-snippet":"max-snippet:-1","max-image-preview":"max-image-preview:large","max-video-preview":"max-video-preview:-1"},"canonical":"https:\/\/interamerica.org\/es\/2018\/03\/quince-miembros-de-iglesia-mueren-en-ruanda-al-ser-fulminados-por-un-rayo\/","og_locale":"es_ES","og_type":"article","og_title":"Quince miembros de iglesia mueren en Ruanda al ser fulminados por un rayo - Iglesia Adventista del S\u00e9ptimo D\u00eda - Divisi\u00f3n Interamericana","og_description":"Una descarga el\u00e9ctrica cay\u00f3 sobre una iglesia en Ruanda el 10 de marzo, matando a quince de sus miembros. M\u00e1s de 130 del resto de los asistentes a los servicios religiosos de la Iglesia Adventista del S\u00e9ptimo D\u00eda Gihemvu, fueron trasladados a un hospital de la zona y otros centros similares de salud. Algunos de ellos ya fueron dados de alta.  Tanto los dirigentes de la iglesia, como oficiales del gobierno, incluyendo a Abidan Ruhongeka, presidente del distrito Nyaruguro de la Provincia Sur de Ruanda, y Mureshyankwano Marie Rose, gobernadora de la Provincia Sur de Ruanda, asistieron a una ceremonia f\u00fanebre especial celebrada el domingo 11 de marzo.","og_url":"https:\/\/interamerica.org\/es\/2018\/03\/quince-miembros-de-iglesia-mueren-en-ruanda-al-ser-fulminados-por-un-rayo\/","og_site_name":"Iglesia Adventista del S\u00e9ptimo D\u00eda - Divisi\u00f3n Interamericana","article_published_time":"2018-03-13T04:00:00+00:00","article_modified_time":"2018-12-04T02:00:14+00:00","og_image":[{"width":1000,"height":500,"url":"https:\/\/interamerica.org\/wp-content\/uploads\/2018\/04\/rwanda-breaking.jpg","type":"image\/jpeg"}],"author":"Lorenzo Verduzco","twitter_card":"summary_large_image","twitter_misc":{"Escrito por":"Lorenzo Verduzco","Tiempo de lectura":"3 minutos"},"schema":{"@context":"https:\/\/schema.org","@graph":[{"@type":"Article","@id":"https:\/\/interamerica.org\/es\/2018\/03\/quince-miembros-de-iglesia-mueren-en-ruanda-al-ser-fulminados-por-un-rayo\/#article","isPartOf":{"@id":"https:\/\/interamerica.org\/es\/2018\/03\/quince-miembros-de-iglesia-mueren-en-ruanda-al-ser-fulminados-por-un-rayo\/"},"author":{"name":"Lorenzo Verduzco","@id":"https:\/\/interamerica.org\/es\/#\/schema\/person\/68ede8bdc292885bb76c1e3810e73c39"},"headline":"Quince miembros de iglesia mueren en Ruanda al ser fulminados por un rayo","datePublished":"2018-03-13T04:00:00+00:00","dateModified":"2018-12-04T02:00:14+00:00","mainEntityOfPage":{"@id":"https:\/\/interamerica.org\/es\/2018\/03\/quince-miembros-de-iglesia-mueren-en-ruanda-al-ser-fulminados-por-un-rayo\/"},"wordCount":678,"image":{"@id":"https:\/\/interamerica.org\/es\/2018\/03\/quince-miembros-de-iglesia-mueren-en-ruanda-al-ser-fulminados-por-un-rayo\/#primaryimage"},"thumbnailUrl":"https:\/\/interamerica.org\/wp-content\/uploads\/2018\/04\/rwanda-breaking.jpg","articleSection":["Desde la iglesia mundial","RSS Espa\u00f1ol"],"inLanguage":"es"},{"@type":"WebPage","@id":"https:\/\/interamerica.org\/es\/2018\/03\/quince-miembros-de-iglesia-mueren-en-ruanda-al-ser-fulminados-por-un-rayo\/","url":"https:\/\/interamerica.org\/es\/2018\/03\/quince-miembros-de-iglesia-mueren-en-ruanda-al-ser-fulminados-por-un-rayo\/","name":"Quince miembros de iglesia mueren en Ruanda al ser fulminados por un rayo - Iglesia Adventista del S\u00e9ptimo D\u00eda - Divisi\u00f3n Interamericana","isPartOf":{"@id":"https:\/\/interamerica.org\/es\/#website"},"primaryImageOfPage":{"@id":"https:\/\/interamerica.org\/es\/2018\/03\/quince-miembros-de-iglesia-mueren-en-ruanda-al-ser-fulminados-por-un-rayo\/#primaryimage"},"image":{"@id":"https:\/\/interamerica.org\/es\/2018\/03\/quince-miembros-de-iglesia-mueren-en-ruanda-al-ser-fulminados-por-un-rayo\/#primaryimage"},"thumbnailUrl":"https:\/\/interamerica.org\/wp-content\/uploads\/2018\/04\/rwanda-breaking.jpg","datePublished":"2018-03-13T04:00:00+00:00","dateModified":"2018-12-04T02:00:14+00:00","author":{"@id":"https:\/\/interamerica.org\/es\/#\/schema\/person\/68ede8bdc292885bb76c1e3810e73c39"},"breadcrumb":{"@id":"https:\/\/interamerica.org\/es\/2018\/03\/quince-miembros-de-iglesia-mueren-en-ruanda-al-ser-fulminados-por-un-rayo\/#breadcrumb"},"inLanguage":"es","potentialAction":[{"@type":"ReadAction","target":["https:\/\/interamerica.org\/es\/2018\/03\/quince-miembros-de-iglesia-mueren-en-ruanda-al-ser-fulminados-por-un-rayo\/"]}]},{"@type":"ImageObject","inLanguage":"es","@id":"https:\/\/interamerica.org\/es\/2018\/03\/quince-miembros-de-iglesia-mueren-en-ruanda-al-ser-fulminados-por-un-rayo\/#primaryimage","url":"https:\/\/interamerica.org\/wp-content\/uploads\/2018\/04\/rwanda-breaking.jpg","contentUrl":"https:\/\/interamerica.org\/wp-content\/uploads\/2018\/04\/rwanda-breaking.jpg","width":1000,"height":500},{"@type":"BreadcrumbList","@id":"https:\/\/interamerica.org\/es\/2018\/03\/quince-miembros-de-iglesia-mueren-en-ruanda-al-ser-fulminados-por-un-rayo\/#breadcrumb","itemListElement":[{"@type":"ListItem","position":1,"name":"Home","item":"https:\/\/interamerica.org\/es\/"},{"@type":"ListItem","position":2,"name":"Quince miembros de iglesia mueren en Ruanda al ser fulminados por un rayo"}]},{"@type":"WebSite","@id":"https:\/\/interamerica.org\/es\/#website","url":"https:\/\/interamerica.org\/es\/","name":"Iglesia Adventista del S\u00e9ptimo D\u00eda - Divisi\u00f3n Interamericana","description":"","potentialAction":[{"@type":"SearchAction","target":{"@type":"EntryPoint","urlTemplate":"https:\/\/interamerica.org\/es\/?s={search_term_string}"},"query-input":{"@type":"PropertyValueSpecification","valueRequired":true,"valueName":"search_term_string"}}],"inLanguage":"es"},{"@type":"Person","@id":"https:\/\/interamerica.org\/es\/#\/schema\/person\/68ede8bdc292885bb76c1e3810e73c39","name":"Lorenzo Verduzco","image":{"@type":"ImageObject","inLanguage":"es","@id":"https:\/\/secure.gravatar.com\/avatar\/fb81a55b6218459490a9c1dc841a34909185b81904c5337b4b27f7a6fd60c49e?s=96&d=mm&r=g","url":"https:\/\/secure.gravatar.com\/avatar\/fb81a55b6218459490a9c1dc841a34909185b81904c5337b4b27f7a6fd60c49e?s=96&d=mm&r=g","contentUrl":"https:\/\/secure.gravatar.com\/avatar\/fb81a55b6218459490a9c1dc841a34909185b81904c5337b4b27f7a6fd60c49e?s=96&d=mm&r=g","caption":"Lorenzo Verduzco"}}]}},"_links":{"self":[{"href":"https:\/\/interamerica.org\/es\/wp-json\/wp\/v2\/posts\/39724","targetHints":{"allow":["GET"]}}],"collection":[{"href":"https:\/\/interamerica.org\/es\/wp-json\/wp\/v2\/posts"}],"about":[{"href":"https:\/\/interamerica.org\/es\/wp-json\/wp\/v2\/types\/post"}],"author":[{"embeddable":true,"href":"https:\/\/interamerica.org\/es\/wp-json\/wp\/v2\/users\/1"}],"replies":[{"embeddable":true,"href":"https:\/\/interamerica.org\/es\/wp-json\/wp\/v2\/comments?post=39724"}],"version-history":[{"count":0,"href":"https:\/\/interamerica.org\/es\/wp-json\/wp\/v2\/posts\/39724\/revisions"}],"wp:featuredmedia":[{"embeddable":true,"href":"https:\/\/interamerica.org\/es\/wp-json\/wp\/v2\/media\/39614"}],"wp:attachment":[{"href":"https:\/\/interamerica.org\/es\/wp-json\/wp\/v2\/media?parent=39724"}],"wp:term":[{"taxonomy":"category","embeddable":true,"href":"https:\/\/interamerica.org\/es\/wp-json\/wp\/v2\/categories?post=39724"},{"taxonomy":"post_tag","embeddable":true,"href":"https:\/\/interamerica.org\/es\/wp-json\/wp\/v2\/tags?post=39724"}],"curies":[{"name":"wp","href":"https:\/\/api.w.org\/{rel}","templated":true}]}}