{"id":39730,"date":"2018-03-22T00:00:00","date_gmt":"2018-03-22T04:00:00","guid":{"rendered":"http:\/\/192.81.217.108\/2018\/03\/iglesia-adventista-de-trinidad-llora-la-perdida-de-miembros-asesinados\/"},"modified":"2018-04-06T16:31:53","modified_gmt":"2018-04-06T20:31:53","slug":"iglesia-adventista-de-trinidad-llora-la-perdida-de-miembros-asesinados","status":"publish","type":"post","link":"https:\/\/interamerica.org\/es\/2018\/03\/iglesia-adventista-de-trinidad-llora-la-perdida-de-miembros-asesinados\/","title":{"rendered":"Iglesia Adventista de Trinidad llora la p\u00e9rdida de miembros asesinados"},"content":{"rendered":"<div id=\"attachment_34059\" style=\"width: 743px\" class=\"wp-caption aligncenter\"><a href=\"https:\/\/recursing-golick.147-182-135-0.plesk.page\/wp-content\/uploads\/2018\/03\/Candle-carolyn-v-480494-unsplash-.jpg\" rel=\"fancybox\" title=\"Iglesia Adventista de Trinidad llora la p\u00e9rdida de miembros asesinados\"><img fetchpriority=\"high\" decoding=\"async\" aria-describedby=\"caption-attachment-34059\" class=\" wp-image-34059\" src=\"https:\/\/recursing-golick.147-182-135-0.plesk.page\/wp-content\/uploads\/2018\/03\/Candle-carolyn-v-480494-unsplash-.jpg\" alt=\"\" width=\"733\" height=\"458\" \/><\/a><p id=\"caption-attachment-34059\" class=\"wp-caption-text\">Imagen de Carolyn V\/Unsplash<\/p><\/div>\n<p>22 de marzo de 2018 | La Brea, Trinidad | Libna Stevens\/DIA<\/p>\n<p>Los adventistas del s\u00e9ptimo d\u00eda en la isla de Trinidad est\u00e1n devastados por la p\u00e9rdida de tres de sus miembros, que fueron v\u00edctimas de un violento ataque con armas blancas la semana pasada.<\/p>\n<p>Los investigadores dijeron que los homicidios se produjeron el 13 de marzo en La Brea, un pueblo en la regi\u00f3n sudoeste del pa\u00eds. Michael Scott, de 69, un docente de nivel secundario ya jubilado y anciano de la iglesia local; Abigail Chapman, de 42, una docente espa\u00f1ola del Colegio Adventista Southern de Trinidad; su hija Olivia de 15, y su compa\u00f1era Michaela Mason, de 14, fueron las v\u00edctimas del ataque.<\/p>\n<div id=\"attachment_34063\" style=\"width: 480px\" class=\"wp-caption alignright\"><a href=\"https:\/\/recursing-golick.147-182-135-0.plesk.page\/wp-content\/uploads\/2018\/03\/Victims-Trinidad.jpg\" rel=\"fancybox\" title=\"Iglesia Adventista de Trinidad llora la p\u00e9rdida de miembros asesinados\"><img decoding=\"async\" aria-describedby=\"caption-attachment-34063\" class=\"wp-image-34063\" src=\"https:\/\/recursing-golick.147-182-135-0.plesk.page\/wp-content\/uploads\/2018\/03\/Victims-Trinidad.jpg\" alt=\"\" width=\"470\" height=\"193\" \/><\/a><p id=\"caption-attachment-34063\" class=\"wp-caption-text\">Abigail Chapman (izquierda), Michael Scott y Olivia Chapman, miembros todos de la iglesia adventista de La Brea en Trinidad, fueron asesinados la semana pasada. Imagen de Facebook<\/p><\/div>\n<p>\u201cEsto ha sacudido a nuestra iglesia aqu\u00ed, y toda la naci\u00f3n est\u00e1 traumada por esta masacre\u201d, dijo el pastor Kern Tobias, presidente de la Iglesia Adventista en la Uni\u00f3n del Caribe, con sede en Trinidad. \u201cSeguimos llorando la p\u00e9rdida de estas vidas, y orando por los familiares que sobrevivieron y la comunidad en general\u201d.<\/p>\n<p>\u201cEstoy afligido\u201d, dijo Tobias, quien conoc\u00eda a Scott y lo consideraba uno de sus mentores en el comienzo de su ministerio. \u201cScott era un anciano de iglesia e historiador dedicado, y durante d\u00e9cadas capacit\u00f3 a las personas para que sirvieran al Se\u00f1or\u201d, dijo Tobias. \u201cScott tambi\u00e9n estaba muy establecido en su comunidad, y el fin de semana muchos se unieron una marcha de solidaridad y vigilia de oraci\u00f3n por \u00e9l y el resto de las v\u00edctimas\u201d.<\/p>\n<p>Michael Scott era propietario del apartamento en el que viv\u00edan Chapman y sus tres hijos. El d\u00eda del ataque, Scott escuch\u00f3 ruidos que proven\u00edan del apartamento de Chapman, que se encontraba en el piso de abajo del suyo. Fue al apartamento y se encontr\u00f3 con el supuesto atacante, a quien hace poco Chapman hab\u00eda denunciado por violencia dom\u00e9stica.<\/p>\n<p>Los dos hijos menores de Chapman, que asisten a la Escuela Primaria Adventista de Port Fortin, no sufrieron lesiones f\u00edsicas. Estaban con Scott, que los encerr\u00f3 en su apartamento antes de bajar las escaleras para investigar los ruidos que proven\u00edan del apartamento de Chapman.<\/p>\n<div id=\"attachment_34066\" style=\"width: 449px\" class=\"wp-caption alignleft\"><a href=\"https:\/\/recursing-golick.147-182-135-0.plesk.page\/wp-content\/uploads\/2018\/03\/Trinidad-funeral1.jpg\" rel=\"fancybox\" title=\"Iglesia Adventista de Trinidad llora la p\u00e9rdida de miembros asesinados\"><img decoding=\"async\" aria-describedby=\"caption-attachment-34066\" class=\" wp-image-34066\" src=\"https:\/\/recursing-golick.147-182-135-0.plesk.page\/wp-content\/uploads\/2018\/03\/Trinidad-funeral1.jpg\" alt=\"\" width=\"439\" height=\"274\" \/><\/a><p id=\"caption-attachment-34066\" class=\"wp-caption-text\">Atestado servicio conmemorativo de Abigail Chapman y su hija Olivia en la iglesia adventista de La Brea el 21 de marzo de 2018. Imagen de Medios de la Uni\u00f3n Sur del Caribe en YouTube<\/p><\/div>\n<p>Los amigos y familiares recordaron a Chapman y su hija Olivia durante un atestado servicio conmemorativo llevado a cabo en la iglesia adventista de La Brea en el d\u00eda de ayer. Chapman fue recordada por su dedicaci\u00f3n a su familia y su servicio comprometido a la iglesia. Era una dedicada Conquistadora, y hab\u00eda sido por a\u00f1os maestra de nivel primario y profesora de nivel secundario.<\/p>\n<p>\u201cEra muy creativa a la hora de transmitir los conocimientos a los estudiantes; era una docente dedicada, imaginativa, creativa, que trabajaba mucho, y ense\u00f1\u00f3 a sus hijos a leer la Biblia y estar activos en la iglesia\u201d, ley\u00f3 un primo de Chapman durante el servicio de conmemoraci\u00f3n.<\/p>\n<p>\u201cOlivia era una Conquistadora y estaba activa en la iglesia, y siempre quer\u00eda asegurarse de que sus amigos tuvieran un lugar donde sentarse en la iglesia\u201d, testific\u00f3 otro primo.<\/p>\n<p>A\u00fan hay preguntas sin respuesta sobre este acto sin sentido, dijo el pastor Tobias, quien record\u00f3 el vers\u00edculo de la Biblia que se encuentra en Isa\u00edas 57:1, donde dice: \u201cPerece el justo, pero no hay quien piense en ello. Los piadosos mueren, pero no hay quien comprenda que por la maldad es quitado el justo\u201d.<br \/>\n\u201cLa iglesia continuar\u00e1 orando y animando a los ni\u00f1os que tienen que enfrentar esta tragedia\u201d, dijo Tobias. \u201cHay una s\u00f3lida red familiar en la iglesia adventista de La Brea, y la organizaci\u00f3n de la iglesia se har\u00e1 cargo de supervivientes de Chapman\u201d.<\/p>\n<p>Los miembros de la iglesia adventista de La Brea a\u00fan lloran la p\u00e9rdida de tantas vidas. \u201cTambi\u00e9n lloramos con la familia de Michaela Mason. Por favor, sigan orando por nosotros como iglesia y por las familias individuales\u201d, expres\u00f3 una publicaci\u00f3n de Facebook.<\/p>\n<p>Los diversos medios informaron que las autoridades captaron al supuesto asesino al comienzo de esta semana y que seguir\u00e1n investigando las circunstancias del crimen.<\/p>\n<p>El servicio conmemorativo de Michael Scott ha sido planificado para el domingo 25 de marzo de 2018, en la iglesia adventista de La Brea.<\/p>\n<p><em>Royston Philbert colabor\u00f3 con este informe<\/em><\/p>\n<p>Traducci\u00f3n de Marcos Paseggi<\/p>\n","protected":false},"excerpt":{"rendered":"<p>Los adventistas del s\u00e9ptimo d\u00eda en la isla de Trinidad est\u00e1n devastados por la p\u00e9rdida de tres de sus miembros, que fueron v\u00edctimas de un violento ataque con armas blancas la semana pasada.<\/p>\n<p>Los investigadores dijeron que los homicidios se produjeron el 13 de marzo en La Brea, un pueblo en la regi\u00f3n sudoeste del pa\u00eds. Michael Scott, de 69, un docente de nivel secundario ya jubilado y anciano de la iglesia local; Abigail Chapman, de 42, una docente espa\u00f1ola del Colegio Adventista Southern de Trinidad; su hija Olivia de 15, y su compa\u00f1era Michaela Mason, de 14, fueron las v\u00edctimas del ataque.<\/p>\n","protected":false},"author":1,"featured_media":39638,"comment_status":"closed","ping_status":"closed","sticky":false,"template":"","format":"standard","meta":{"_acf_changed":false,"footnotes":""},"categories":[17,15],"tags":[],"class_list":["post-39730","post","type-post","status-publish","format-standard","has-post-thumbnail","hentry","category-desde-el-campo","category-rss-espanol"],"acf":[],"yoast_head":"<!-- This site is optimized with the Yoast SEO plugin v27.3 - https:\/\/yoast.com\/product\/yoast-seo-wordpress\/ -->\n<title>Iglesia Adventista de Trinidad llora la p\u00e9rdida de miembros asesinados - Iglesia Adventista del S\u00e9ptimo D\u00eda - Divisi\u00f3n Interamericana<\/title>\n<meta name=\"robots\" content=\"index, follow, max-snippet:-1, max-image-preview:large, max-video-preview:-1\" \/>\n<link rel=\"canonical\" href=\"https:\/\/interamerica.org\/es\/2018\/03\/iglesia-adventista-de-trinidad-llora-la-perdida-de-miembros-asesinados\/\" \/>\n<meta property=\"og:locale\" content=\"es_ES\" \/>\n<meta property=\"og:type\" content=\"article\" \/>\n<meta property=\"og:title\" content=\"Iglesia Adventista de Trinidad llora la p\u00e9rdida de miembros asesinados - Iglesia Adventista del S\u00e9ptimo D\u00eda - Divisi\u00f3n Interamericana\" \/>\n<meta property=\"og:description\" content=\"Los adventistas del s\u00e9ptimo d\u00eda en la isla de Trinidad est\u00e1n devastados por la p\u00e9rdida de tres de sus miembros, que fueron v\u00edctimas de un violento ataque con armas blancas la semana pasada.  Los investigadores dijeron que los homicidios se produjeron el 13 de marzo en La Brea, un pueblo en la regi\u00f3n sudoeste del pa\u00eds. Michael Scott, de 69, un docente de nivel secundario ya jubilado y anciano de la iglesia local; Abigail Chapman, de 42, una docente espa\u00f1ola del Colegio Adventista Southern de Trinidad; su hija Olivia de 15, y su compa\u00f1era Michaela Mason, de 14, fueron las v\u00edctimas del ataque.\" \/>\n<meta property=\"og:url\" content=\"https:\/\/interamerica.org\/es\/2018\/03\/iglesia-adventista-de-trinidad-llora-la-perdida-de-miembros-asesinados\/\" \/>\n<meta property=\"og:site_name\" content=\"Iglesia Adventista del S\u00e9ptimo D\u00eda - Divisi\u00f3n Interamericana\" \/>\n<meta property=\"article:published_time\" content=\"2018-03-22T04:00:00+00:00\" \/>\n<meta property=\"article:modified_time\" content=\"2018-04-06T20:31:53+00:00\" \/>\n<meta property=\"og:image\" content=\"https:\/\/interamerica.org\/wp-content\/uploads\/2018\/04\/candle-carolyn-v-480494-unsplash.jpg\" \/>\n\t<meta property=\"og:image:width\" content=\"1280\" \/>\n\t<meta property=\"og:image:height\" content=\"800\" \/>\n\t<meta property=\"og:image:type\" content=\"image\/jpeg\" \/>\n<meta name=\"author\" content=\"Lorenzo Verduzco\" \/>\n<meta name=\"twitter:card\" content=\"summary_large_image\" \/>\n<meta name=\"twitter:label1\" content=\"Escrito por\" \/>\n\t<meta name=\"twitter:data1\" content=\"Lorenzo Verduzco\" \/>\n\t<meta name=\"twitter:label2\" content=\"Tiempo de lectura\" \/>\n\t<meta name=\"twitter:data2\" content=\"4 minutos\" \/>\n<script type=\"application\/ld+json\" class=\"yoast-schema-graph\">{\"@context\":\"https:\\\/\\\/schema.org\",\"@graph\":[{\"@type\":\"Article\",\"@id\":\"https:\\\/\\\/interamerica.org\\\/es\\\/2018\\\/03\\\/iglesia-adventista-de-trinidad-llora-la-perdida-de-miembros-asesinados\\\/#article\",\"isPartOf\":{\"@id\":\"https:\\\/\\\/interamerica.org\\\/es\\\/2018\\\/03\\\/iglesia-adventista-de-trinidad-llora-la-perdida-de-miembros-asesinados\\\/\"},\"author\":{\"name\":\"Lorenzo Verduzco\",\"@id\":\"https:\\\/\\\/interamerica.org\\\/es\\\/#\\\/schema\\\/person\\\/68ede8bdc292885bb76c1e3810e73c39\"},\"headline\":\"Iglesia Adventista de Trinidad llora la p\u00e9rdida de miembros asesinados\",\"datePublished\":\"2018-03-22T04:00:00+00:00\",\"dateModified\":\"2018-04-06T20:31:53+00:00\",\"mainEntityOfPage\":{\"@id\":\"https:\\\/\\\/interamerica.org\\\/es\\\/2018\\\/03\\\/iglesia-adventista-de-trinidad-llora-la-perdida-de-miembros-asesinados\\\/\"},\"wordCount\":815,\"image\":{\"@id\":\"https:\\\/\\\/interamerica.org\\\/es\\\/2018\\\/03\\\/iglesia-adventista-de-trinidad-llora-la-perdida-de-miembros-asesinados\\\/#primaryimage\"},\"thumbnailUrl\":\"https:\\\/\\\/interamerica.org\\\/wp-content\\\/uploads\\\/2018\\\/04\\\/candle-carolyn-v-480494-unsplash.jpg\",\"articleSection\":[\"Desde el campo\",\"RSS Espa\u00f1ol\"],\"inLanguage\":\"es\"},{\"@type\":\"WebPage\",\"@id\":\"https:\\\/\\\/interamerica.org\\\/es\\\/2018\\\/03\\\/iglesia-adventista-de-trinidad-llora-la-perdida-de-miembros-asesinados\\\/\",\"url\":\"https:\\\/\\\/interamerica.org\\\/es\\\/2018\\\/03\\\/iglesia-adventista-de-trinidad-llora-la-perdida-de-miembros-asesinados\\\/\",\"name\":\"Iglesia Adventista de Trinidad llora la p\u00e9rdida de miembros asesinados - Iglesia Adventista del S\u00e9ptimo D\u00eda - Divisi\u00f3n Interamericana\",\"isPartOf\":{\"@id\":\"https:\\\/\\\/interamerica.org\\\/es\\\/#website\"},\"primaryImageOfPage\":{\"@id\":\"https:\\\/\\\/interamerica.org\\\/es\\\/2018\\\/03\\\/iglesia-adventista-de-trinidad-llora-la-perdida-de-miembros-asesinados\\\/#primaryimage\"},\"image\":{\"@id\":\"https:\\\/\\\/interamerica.org\\\/es\\\/2018\\\/03\\\/iglesia-adventista-de-trinidad-llora-la-perdida-de-miembros-asesinados\\\/#primaryimage\"},\"thumbnailUrl\":\"https:\\\/\\\/interamerica.org\\\/wp-content\\\/uploads\\\/2018\\\/04\\\/candle-carolyn-v-480494-unsplash.jpg\",\"datePublished\":\"2018-03-22T04:00:00+00:00\",\"dateModified\":\"2018-04-06T20:31:53+00:00\",\"author\":{\"@id\":\"https:\\\/\\\/interamerica.org\\\/es\\\/#\\\/schema\\\/person\\\/68ede8bdc292885bb76c1e3810e73c39\"},\"breadcrumb\":{\"@id\":\"https:\\\/\\\/interamerica.org\\\/es\\\/2018\\\/03\\\/iglesia-adventista-de-trinidad-llora-la-perdida-de-miembros-asesinados\\\/#breadcrumb\"},\"inLanguage\":\"es\",\"potentialAction\":[{\"@type\":\"ReadAction\",\"target\":[\"https:\\\/\\\/interamerica.org\\\/es\\\/2018\\\/03\\\/iglesia-adventista-de-trinidad-llora-la-perdida-de-miembros-asesinados\\\/\"]}]},{\"@type\":\"ImageObject\",\"inLanguage\":\"es\",\"@id\":\"https:\\\/\\\/interamerica.org\\\/es\\\/2018\\\/03\\\/iglesia-adventista-de-trinidad-llora-la-perdida-de-miembros-asesinados\\\/#primaryimage\",\"url\":\"https:\\\/\\\/interamerica.org\\\/wp-content\\\/uploads\\\/2018\\\/04\\\/candle-carolyn-v-480494-unsplash.jpg\",\"contentUrl\":\"https:\\\/\\\/interamerica.org\\\/wp-content\\\/uploads\\\/2018\\\/04\\\/candle-carolyn-v-480494-unsplash.jpg\",\"width\":1280,\"height\":800},{\"@type\":\"BreadcrumbList\",\"@id\":\"https:\\\/\\\/interamerica.org\\\/es\\\/2018\\\/03\\\/iglesia-adventista-de-trinidad-llora-la-perdida-de-miembros-asesinados\\\/#breadcrumb\",\"itemListElement\":[{\"@type\":\"ListItem\",\"position\":1,\"name\":\"Home\",\"item\":\"https:\\\/\\\/interamerica.org\\\/es\\\/\"},{\"@type\":\"ListItem\",\"position\":2,\"name\":\"Iglesia Adventista de Trinidad llora la p\u00e9rdida de miembros asesinados\"}]},{\"@type\":\"WebSite\",\"@id\":\"https:\\\/\\\/interamerica.org\\\/es\\\/#website\",\"url\":\"https:\\\/\\\/interamerica.org\\\/es\\\/\",\"name\":\"Iglesia Adventista del S\u00e9ptimo D\u00eda - Divisi\u00f3n Interamericana\",\"description\":\"\",\"potentialAction\":[{\"@type\":\"SearchAction\",\"target\":{\"@type\":\"EntryPoint\",\"urlTemplate\":\"https:\\\/\\\/interamerica.org\\\/es\\\/?s={search_term_string}\"},\"query-input\":{\"@type\":\"PropertyValueSpecification\",\"valueRequired\":true,\"valueName\":\"search_term_string\"}}],\"inLanguage\":\"es\"},{\"@type\":\"Person\",\"@id\":\"https:\\\/\\\/interamerica.org\\\/es\\\/#\\\/schema\\\/person\\\/68ede8bdc292885bb76c1e3810e73c39\",\"name\":\"Lorenzo Verduzco\",\"image\":{\"@type\":\"ImageObject\",\"inLanguage\":\"es\",\"@id\":\"https:\\\/\\\/secure.gravatar.com\\\/avatar\\\/fb81a55b6218459490a9c1dc841a34909185b81904c5337b4b27f7a6fd60c49e?s=96&d=mm&r=g\",\"url\":\"https:\\\/\\\/secure.gravatar.com\\\/avatar\\\/fb81a55b6218459490a9c1dc841a34909185b81904c5337b4b27f7a6fd60c49e?s=96&d=mm&r=g\",\"contentUrl\":\"https:\\\/\\\/secure.gravatar.com\\\/avatar\\\/fb81a55b6218459490a9c1dc841a34909185b81904c5337b4b27f7a6fd60c49e?s=96&d=mm&r=g\",\"caption\":\"Lorenzo Verduzco\"}}]}<\/script>\n<!-- \/ Yoast SEO plugin. -->","yoast_head_json":{"title":"Iglesia Adventista de Trinidad llora la p\u00e9rdida de miembros asesinados - Iglesia Adventista del S\u00e9ptimo D\u00eda - Divisi\u00f3n Interamericana","robots":{"index":"index","follow":"follow","max-snippet":"max-snippet:-1","max-image-preview":"max-image-preview:large","max-video-preview":"max-video-preview:-1"},"canonical":"https:\/\/interamerica.org\/es\/2018\/03\/iglesia-adventista-de-trinidad-llora-la-perdida-de-miembros-asesinados\/","og_locale":"es_ES","og_type":"article","og_title":"Iglesia Adventista de Trinidad llora la p\u00e9rdida de miembros asesinados - Iglesia Adventista del S\u00e9ptimo D\u00eda - Divisi\u00f3n Interamericana","og_description":"Los adventistas del s\u00e9ptimo d\u00eda en la isla de Trinidad est\u00e1n devastados por la p\u00e9rdida de tres de sus miembros, que fueron v\u00edctimas de un violento ataque con armas blancas la semana pasada.  Los investigadores dijeron que los homicidios se produjeron el 13 de marzo en La Brea, un pueblo en la regi\u00f3n sudoeste del pa\u00eds. Michael Scott, de 69, un docente de nivel secundario ya jubilado y anciano de la iglesia local; Abigail Chapman, de 42, una docente espa\u00f1ola del Colegio Adventista Southern de Trinidad; su hija Olivia de 15, y su compa\u00f1era Michaela Mason, de 14, fueron las v\u00edctimas del ataque.","og_url":"https:\/\/interamerica.org\/es\/2018\/03\/iglesia-adventista-de-trinidad-llora-la-perdida-de-miembros-asesinados\/","og_site_name":"Iglesia Adventista del S\u00e9ptimo D\u00eda - Divisi\u00f3n Interamericana","article_published_time":"2018-03-22T04:00:00+00:00","article_modified_time":"2018-04-06T20:31:53+00:00","og_image":[{"width":1280,"height":800,"url":"https:\/\/interamerica.org\/wp-content\/uploads\/2018\/04\/candle-carolyn-v-480494-unsplash.jpg","type":"image\/jpeg"}],"author":"Lorenzo Verduzco","twitter_card":"summary_large_image","twitter_misc":{"Escrito por":"Lorenzo Verduzco","Tiempo de lectura":"4 minutos"},"schema":{"@context":"https:\/\/schema.org","@graph":[{"@type":"Article","@id":"https:\/\/interamerica.org\/es\/2018\/03\/iglesia-adventista-de-trinidad-llora-la-perdida-de-miembros-asesinados\/#article","isPartOf":{"@id":"https:\/\/interamerica.org\/es\/2018\/03\/iglesia-adventista-de-trinidad-llora-la-perdida-de-miembros-asesinados\/"},"author":{"name":"Lorenzo Verduzco","@id":"https:\/\/interamerica.org\/es\/#\/schema\/person\/68ede8bdc292885bb76c1e3810e73c39"},"headline":"Iglesia Adventista de Trinidad llora la p\u00e9rdida de miembros asesinados","datePublished":"2018-03-22T04:00:00+00:00","dateModified":"2018-04-06T20:31:53+00:00","mainEntityOfPage":{"@id":"https:\/\/interamerica.org\/es\/2018\/03\/iglesia-adventista-de-trinidad-llora-la-perdida-de-miembros-asesinados\/"},"wordCount":815,"image":{"@id":"https:\/\/interamerica.org\/es\/2018\/03\/iglesia-adventista-de-trinidad-llora-la-perdida-de-miembros-asesinados\/#primaryimage"},"thumbnailUrl":"https:\/\/interamerica.org\/wp-content\/uploads\/2018\/04\/candle-carolyn-v-480494-unsplash.jpg","articleSection":["Desde el campo","RSS Espa\u00f1ol"],"inLanguage":"es"},{"@type":"WebPage","@id":"https:\/\/interamerica.org\/es\/2018\/03\/iglesia-adventista-de-trinidad-llora-la-perdida-de-miembros-asesinados\/","url":"https:\/\/interamerica.org\/es\/2018\/03\/iglesia-adventista-de-trinidad-llora-la-perdida-de-miembros-asesinados\/","name":"Iglesia Adventista de Trinidad llora la p\u00e9rdida de miembros asesinados - Iglesia Adventista del S\u00e9ptimo D\u00eda - Divisi\u00f3n Interamericana","isPartOf":{"@id":"https:\/\/interamerica.org\/es\/#website"},"primaryImageOfPage":{"@id":"https:\/\/interamerica.org\/es\/2018\/03\/iglesia-adventista-de-trinidad-llora-la-perdida-de-miembros-asesinados\/#primaryimage"},"image":{"@id":"https:\/\/interamerica.org\/es\/2018\/03\/iglesia-adventista-de-trinidad-llora-la-perdida-de-miembros-asesinados\/#primaryimage"},"thumbnailUrl":"https:\/\/interamerica.org\/wp-content\/uploads\/2018\/04\/candle-carolyn-v-480494-unsplash.jpg","datePublished":"2018-03-22T04:00:00+00:00","dateModified":"2018-04-06T20:31:53+00:00","author":{"@id":"https:\/\/interamerica.org\/es\/#\/schema\/person\/68ede8bdc292885bb76c1e3810e73c39"},"breadcrumb":{"@id":"https:\/\/interamerica.org\/es\/2018\/03\/iglesia-adventista-de-trinidad-llora-la-perdida-de-miembros-asesinados\/#breadcrumb"},"inLanguage":"es","potentialAction":[{"@type":"ReadAction","target":["https:\/\/interamerica.org\/es\/2018\/03\/iglesia-adventista-de-trinidad-llora-la-perdida-de-miembros-asesinados\/"]}]},{"@type":"ImageObject","inLanguage":"es","@id":"https:\/\/interamerica.org\/es\/2018\/03\/iglesia-adventista-de-trinidad-llora-la-perdida-de-miembros-asesinados\/#primaryimage","url":"https:\/\/interamerica.org\/wp-content\/uploads\/2018\/04\/candle-carolyn-v-480494-unsplash.jpg","contentUrl":"https:\/\/interamerica.org\/wp-content\/uploads\/2018\/04\/candle-carolyn-v-480494-unsplash.jpg","width":1280,"height":800},{"@type":"BreadcrumbList","@id":"https:\/\/interamerica.org\/es\/2018\/03\/iglesia-adventista-de-trinidad-llora-la-perdida-de-miembros-asesinados\/#breadcrumb","itemListElement":[{"@type":"ListItem","position":1,"name":"Home","item":"https:\/\/interamerica.org\/es\/"},{"@type":"ListItem","position":2,"name":"Iglesia Adventista de Trinidad llora la p\u00e9rdida de miembros asesinados"}]},{"@type":"WebSite","@id":"https:\/\/interamerica.org\/es\/#website","url":"https:\/\/interamerica.org\/es\/","name":"Iglesia Adventista del S\u00e9ptimo D\u00eda - Divisi\u00f3n Interamericana","description":"","potentialAction":[{"@type":"SearchAction","target":{"@type":"EntryPoint","urlTemplate":"https:\/\/interamerica.org\/es\/?s={search_term_string}"},"query-input":{"@type":"PropertyValueSpecification","valueRequired":true,"valueName":"search_term_string"}}],"inLanguage":"es"},{"@type":"Person","@id":"https:\/\/interamerica.org\/es\/#\/schema\/person\/68ede8bdc292885bb76c1e3810e73c39","name":"Lorenzo Verduzco","image":{"@type":"ImageObject","inLanguage":"es","@id":"https:\/\/secure.gravatar.com\/avatar\/fb81a55b6218459490a9c1dc841a34909185b81904c5337b4b27f7a6fd60c49e?s=96&d=mm&r=g","url":"https:\/\/secure.gravatar.com\/avatar\/fb81a55b6218459490a9c1dc841a34909185b81904c5337b4b27f7a6fd60c49e?s=96&d=mm&r=g","contentUrl":"https:\/\/secure.gravatar.com\/avatar\/fb81a55b6218459490a9c1dc841a34909185b81904c5337b4b27f7a6fd60c49e?s=96&d=mm&r=g","caption":"Lorenzo Verduzco"}}]}},"_links":{"self":[{"href":"https:\/\/interamerica.org\/es\/wp-json\/wp\/v2\/posts\/39730","targetHints":{"allow":["GET"]}}],"collection":[{"href":"https:\/\/interamerica.org\/es\/wp-json\/wp\/v2\/posts"}],"about":[{"href":"https:\/\/interamerica.org\/es\/wp-json\/wp\/v2\/types\/post"}],"author":[{"embeddable":true,"href":"https:\/\/interamerica.org\/es\/wp-json\/wp\/v2\/users\/1"}],"replies":[{"embeddable":true,"href":"https:\/\/interamerica.org\/es\/wp-json\/wp\/v2\/comments?post=39730"}],"version-history":[{"count":0,"href":"https:\/\/interamerica.org\/es\/wp-json\/wp\/v2\/posts\/39730\/revisions"}],"wp:featuredmedia":[{"embeddable":true,"href":"https:\/\/interamerica.org\/es\/wp-json\/wp\/v2\/media\/39638"}],"wp:attachment":[{"href":"https:\/\/interamerica.org\/es\/wp-json\/wp\/v2\/media?parent=39730"}],"wp:term":[{"taxonomy":"category","embeddable":true,"href":"https:\/\/interamerica.org\/es\/wp-json\/wp\/v2\/categories?post=39730"},{"taxonomy":"post_tag","embeddable":true,"href":"https:\/\/interamerica.org\/es\/wp-json\/wp\/v2\/tags?post=39730"}],"curies":[{"name":"wp","href":"https:\/\/api.w.org\/{rel}","templated":true}]}}