{"id":39733,"date":"2018-03-26T00:00:00","date_gmt":"2018-03-26T04:00:00","guid":{"rendered":"http:\/\/192.81.217.108\/2018\/03\/resultados-de-encuesta-presentados-a-la-comision-de-supervision-de-la-unidad-continua-la-investigacion-cualitativa\/"},"modified":"2018-12-03T21:59:27","modified_gmt":"2018-12-04T01:59:27","slug":"resultados-de-encuesta-presentados-a-la-comision-de-supervision-de-la-unidad-continua-la-investigacion-cualitativa","status":"publish","type":"post","link":"https:\/\/interamerica.org\/es\/2018\/03\/resultados-de-encuesta-presentados-a-la-comision-de-supervision-de-la-unidad-continua-la-investigacion-cualitativa\/","title":{"rendered":"Resultados de encuesta presentados a la Comisi\u00f3n de Supervisi\u00f3n de la Unidad: Contin\u00faa la investigaci\u00f3n cualitativa"},"content":{"rendered":"<a href=\"https:\/\/recursing-golick.147-182-135-0.plesk.page\/wp-content\/uploads\/2018\/01\/unity-oversight-committee-banner.jpg\" rel=\"fancybox\" title=\"Resultados de encuesta presentados a la Comisi\u00f3n de Supervisi\u00f3n de la Unidad: Contin\u00faa la investigaci\u00f3n cualitativa\"><img fetchpriority=\"high\" decoding=\"async\" class=\"aligncenter wp-image-33067\" src=\"https:\/\/recursing-golick.147-182-135-0.plesk.page\/wp-content\/uploads\/2018\/01\/unity-oversight-committee-banner.jpg\" alt=\"\" width=\"738\" height=\"369\" \/><\/a>\n<p><span class=\"byline-news\">24 de marzo de 2018 | Silver Spring, Maryland, Estados Unidos | Comisi\u00f3n de Supervisi\u00f3n de la Unidad \u2013 Asociaci\u00f3n General <\/span><\/p>\n<p><span class=\"cap\">L<\/span>os resultados de una encuesta mundial fueron presentados a los miembros de la Comisi\u00f3n de Supervisi\u00f3n de la Unidad, de la Asociaci\u00f3n General de la Iglesia Adventista del S\u00e9ptimo D\u00eda (AG) el 20 de marzo de 2018, durante una reuni\u00f3n programada al efecto, llevada a cabo en las oficinas de la sede central en Silver Spring, Maryland.<\/p>\n<p>Esta encuesta de seis preguntas fue elaborada y administrada por la Oficina de Archivos, Estad\u00edsticas e Investigaci\u00f3n de la iglesia (ASTR, por sus siglas en ingl\u00e9s). La referida encuesta inclu\u00eda asuntos relacionados con conformidad o acatamiento a los votos tomados en la Sesi\u00f3n de la Asociaci\u00f3n General, el m\u00e1s alto organismo para la toma de decisiones de la iglesia, y en su Junta Ejecutiva, la cual se re\u00fane anualmente entre las sesiones quinquenales de la Asociaci\u00f3n General.<\/p>\n<p>Siguiendo el proceso adoptado por la Comisi\u00f3n de Supervisi\u00f3n de la Unidad, en diciembre de 2017, dicha encuesta provee datos cuantitativos que le permiten a la comisi\u00f3n \u201cjuzgar en forma m\u00e1s exacta cu\u00e1l es la posici\u00f3n de los dirigentes de la iglesia y de los miembros respecto a esos asuntos\u201d, de acuerdo con Mike Ryan, quien preside esa comisi\u00f3n. \u201cEsta informaci\u00f3n va a servir de gu\u00eda a la Comisi\u00f3n de Supervisi\u00f3n de la Unidad al definir las consecuencias para las uniones que no han acatado los votos de las Sesi\u00f3n de la Asociaci\u00f3n General y de la Junta Ejecutiva de la AG\u201d, a\u00f1adi\u00f3.<\/p>\n<p>El informe presentado a la junta por el director de ASTR, David Trim, present\u00f3 los datos obtenidos a trav\u00e9s de la encuesta, de los presidentes de las 13 divisiones mundiales de la iglesia, as\u00ed como de la Uni\u00f3n del Oriente Medio y Norte de \u00c1frica y un campo adjunto de la AG. Esta encuesta fue enviada adem\u00e1s a los presidentes de las 137 uniones de todo el mundo.<\/p>\n<p>\u201cLos presidentes de uni\u00f3n responden directamente a un constituyente de base local\u201d, explic\u00f3 Mike Ryan. Adem\u00e1s, los presidentes de uni\u00f3n son miembros de la Junta Ejecutiva de la AG, con una visi\u00f3n general de los eventos y acciones de la iglesia mundial. Las uniones forman el constituyente de la AG.<\/p>\n<p><strong> Resultados de la Encuesta<\/strong><\/p>\n<p>En este informe, el director Trim se\u00f1al\u00f3 que se les pidi\u00f3 a los presidentes de las uniones y divisiones que contestaran las seis preguntas de la encuesta, de acuerdo con \u201clo que ellos piensan que es el punto de vista de la mayor\u00eda de los miembros en su territorio, en vez de su opini\u00f3n personal\u201d.<br \/>\nHizo tambi\u00e9n notar que el cien por ciento de las encuestas enviadas el 18 de enero de 2018, fueron recibidas para el 4 de marzo. Entonces present\u00f3 cada pregunta, juntamente con los datos recibidos, incluyendo 1) cantidad y porcentajes de \u201cvotos\u201d recibidos; 2) cantidad y porcentajes de \u201cvotos\u201d de presidentes de uni\u00f3n\u201d y 3) porcentaje de miembros pertenecientes a cada uni\u00f3n viviendo en los territorios representados en cada voto.<\/p>\n<p>Las siguientes son las preguntas y respuestas presentadas a la junta:<\/p>\n<p><strong>Pregunta 1: <\/strong>\u201c\u00bfDebe la Comisi\u00f3n de Supervisi\u00f3n de la Unidad, de la Asociaci\u00f3n General nombrar un equipo que escuche con tacto y sensibilidad, aconseje y ore con los presidentes de uniones que no han acatado los acuerdos votados en las sesiones de la AG y de la Junta Ejecutiva de la AG?<br \/>\n<strong>Respuesta: <\/strong><\/p>\n<p>\u201cS\u00ed\u201d \u2014 139 votos en total (92%); 126 votos de presidentes de uni\u00f3n (92%); porcentaje de miembros de la iglesia mundial que residen en esas uniones: 90.56%.<\/p>\n<p>\u201cNo\u201d \u2014 10 votos en total (7%); 9 votos de presidentes de uni\u00f3n (7%); porcentaje de miembros de la iglesia mundial que residen en esas uniones: 6.28%.<\/p>\n<p>Sin respuesta \u2014 2 en total (1%); 2 presidentes de uni\u00f3n; porcentaje de miembros de la iglesia mundial que residen en esas uniones: 3.16%.<\/p>\n<p><strong> Pregunta 2: <\/strong>\u201c\u00bfDebe haber m\u00e1s amplias consecuencias dentro de la organizaci\u00f3n para las uniones que no acaten los acuerdos votados en las sesiones de la AG y de la Junta Ejecutiva de la AG?\u201d<\/p>\n<p><strong> Respuesta:<\/strong><\/p>\n<p>\u201cS\u00ed\u201d \u2014 108 votos en total (72%); 97 votos de presidentes de uni\u00f3n (71%); porcentaje de miembros de la iglesia mundial que residen en esas uniones: 83.93%.<\/p>\n<p>\u201cNo\u201d \u2014 34 votos en total (22%); 31 votos de presidentes de uni\u00f3n (23%); porcentaje de miembros de la iglesia mundial que residen en esas uniones: 12.17%.<\/p>\n<p>Sin respuesta \u2014 9 votos en total (6%); 9 presidentes de uni\u00f3n (6%); porcentaje de miembros de la iglesia mundial que residen en esas uniones: 3.9%.<\/p>\n<p><strong> Pregunta 3: <\/strong>\u201c\u00bfDebe ped\u00edrseles a los dirigentes de la iglesia que firmen un documento en el que se\u00f1alen que van a acatar los acuerdos votados en las sesiones de la AG y de la Junta Ejecutiva de la AG?\u201d<\/p>\n<p><strong>Respuesta:<\/strong><\/p>\n<p>\u201cS\u00ed\u201d \u2014 72 votos en total (47.7%); 65 votos de presidentes de uni\u00f3n (47.4%); porcentaje de miembros de la iglesia mundial que residen en esas uniones: 60.6%.<\/p>\n<p>\u201cNo\u201d \u2014 77 votos en total (51%); 70 votos de presidentes de uni\u00f3n (51.1%); porcentaje de miembros de la iglesia mundial que residen en esas uniones: 36%.<\/p>\n<p>Sin respuesta \u2014 2 en total (1.3 %); 2 presidentes de uni\u00f3n (1.5%); porcentaje de miembros de la iglesia mundial que residen en esas uniones: 3.4%.<\/p>\n<p><strong> Pregunta 4: <\/strong>\u201c\u00bfSe les debe permitir a los presidentes de uni\u00f3n que no cumplan con los acuerdos votados en las sesiones de la AG y en la Junta Ejecutiva de la AG, hablar (<em>p. ej.<\/em> tener voz) en las reuniones de la Junta Ejecutiva de la AG?\u201d<\/p>\n<p><strong> Respuesta:<\/strong><\/p>\n<p>\u201cS\u00ed\u201d \u2014 76 votos en total (50.3%); 67 votos de presidentes de uni\u00f3n (48.9%); porcentaje de miembros de la iglesia mundial que residen en esas uniones: 34.3%.<\/p>\n<p>\u201cNo\u201d \u2014 67 votos en total (44.4%); 63 votos de presidentes de uni\u00f3n (46%); porcentaje de miembros de la iglesia mundial que residen en esas uniones: 60.9%.<\/p>\n<p>Sin respuesta \u2014 8 en total (5.3%); 7 presidentes de uni\u00f3n (5.1%); porcentaje de miembros de la iglesia mundial que residen en esas uniones: 4.9%.<\/p>\n<p><strong> Pregunta 5: <\/strong>\u201c\u00bfSe les debe permitir a los presidentes de uni\u00f3n que no cumplan con los acuerdos votados en las sesiones de la AG y en la Junta Ejecutiva de la AG, votar en las reuniones de la Junta Ejecutiva de la AG?\u201d<\/p>\n<p><strong> Respuesta e:<\/strong><\/p>\n<p>\u201cS\u00ed\u201d \u2014 56 votos en total (37.1%); 50 votos de presidentes de uni\u00f3n (36.5%); porcentaje de miembros de la iglesia mundial que residen en esas uniones: 26.8%.<\/p>\n<p>\u201cNo\u201d \u2014 86 votos en total (57%); 79 votos de presidentes de uni\u00f3n (57.7%); porcentaje de miembros de la iglesia mundial que residen en esas uniones: 67.9%.<\/p>\n<p>Sin respuesta \u2014 9 en total (6%); 8 presidentes de uni\u00f3n (5.8%); porcentaje de miembros de la iglesia mundial que residen en esas uniones: 5.3%.<\/p>\n<p><strong> Pregunta 6: <\/strong>\u201c&gt;\u201c\u00bfSe les debe permitir a los presidentes de uni\u00f3n que no cumplan con los acuerdos votados en las sesiones de la AG y en la Junta Ejecutiva de la AG, formar parte de las comisiones permanentes o subcomisiones ad hoc de la Junta Ejecutiva de la AG?\u201d<\/p>\n<div class=\"box-full\">\n<p><strong>Respuesta:<\/strong><\/p>\n<p>\u201cS\u00ed\u201d \u2014 40 votos en total (26.5%); 36 votos de presidentes de uni\u00f3n (26.3%); porcentaje de miembros de la iglesia mundial que residen en esas uniones: 15.5%.<\/p>\n<p>\u201cNo\u201d \u2014 100 votos en total (66.2%); 91 presidentes de uni\u00f3n (66.4%); porcentaje de miembros de la iglesia mundial que residen en esas uniones: 79.1%.<\/p>\n<p>Sin respuesta \u2014 11 en total (7.3%); 10 presidentes de uni\u00f3n (7.3%); porcentaje de miembros de la iglesia mundial que residen en esas uniones: 5.4%.<\/p>\n<p><strong>Conclusiones<\/strong><\/p>\n<p>Se lleg\u00f3 a las siguientes conclusiones a partir de los datos obtenidos:<\/p>\n<ul>\n<li>Se muestra un abrumador <strong>apoyo <\/strong>en favor de un equipo de la AG que se re\u00fana con presidentes de uni\u00f3n que no acatan los acuerdos votados, a fin de \u201cque escuche con tacto y sensibilidad, aconseje y ore\u201d con ellos.<\/li>\n<li>Se manifiesta un fuerte <strong>apoyo<\/strong> en favor de alguna clase de consecuencias en caso de no acatamiento.<\/li>\n<li>Hay tambi\u00e9n un fuerte <strong>apoyo<\/strong> en favor de no permitir a los presidentes de las uniones que no acatan los acuerdos, que formen parte de las comisiones permanentes o ad hoc de la Junta Ejecutiva de la AG.<\/li>\n<li>Se manifiesta un pronunciado <strong>apoyo<\/strong> en favor de no permitir a los presidentes de las uniones que no acatan los acuerdos votados en las sesiones de la AG y en la Junta Ejecutiva de la AG, que emitan su voto en las reuniones de la Junta Ejecutiva de la AG.<\/li>\n<li>La mayor\u00eda de los dirigentes de la iglesia <strong>se oponen <\/strong> al hecho de no dar \u201cvoz\u201d ni voto a los presidentes de uniones que no acatan los acuerdos votados.<\/li>\n<li>La mayor\u00eda de los dirigentes de la iglesia <strong>se oponen<\/strong> tambi\u00e9n al hecho de requerir que los presidentes de uni\u00f3n firmen un documento en el que prometen sujetarse a los acuerdos votados en la sesi\u00f3n de la AG y en las reuniones de la Comisi\u00f3n Ejecutiva de la AG.<\/li>\n<\/ul>\n<p><strong>Contin\u00faa la obtenci\u00f3n de datos cualitativos <\/strong><\/p>\n<p>Se recibi\u00f3 un informe preliminar sobre obtenci\u00f3n de datos cualitativos, por parte de Hensley Moorooven, secretario de la Comisi\u00f3n de Supervisi\u00f3n de la Unidad. El secretario Moorooven inform\u00f3 que se contin\u00faa obteniendo datos cualitativos a trav\u00e9s de visitas personales y di\u00e1logos con dirigentes de divisiones y uniones en todo el mundo. Se est\u00e1n obteniendo tambi\u00e9n datos cualitativos de las instituciones de la AG y del Concilio de Liderazgo de la AG, compuesto por altos dirigentes de la AG y de los departamentos de la AG.<\/p>\n<p>De acuerdo con el secretario Moorooven, han tenido lugar hasta la fecha un total de 11 di\u00e1logos, con muchos m\u00e1s programados para un futuro cercano.<\/p>\n<p>\u201cEn cuanto a los di\u00e1logos que ya han tenido lugar\u201d, a\u00f1adi\u00f3 Mike Ryan, \u201cpareciera haber una positiva correlaci\u00f3n entre los datos cuantitativos y cualitativos\u201d.<\/p>\n<p>Sin embargo, se\u00f1al\u00f3 Mike Ryan, que despu\u00e9s de todo, \u201clos datos obtenidos son una gu\u00eda. Puede ser una informaci\u00f3n emp\u00edrica, pero no necesariamente infalible. Es solamente una gu\u00eda, no algo absoluto. Pero a trav\u00e9s de esos datos podemos estar al d\u00eda al preparar lo que se va a traer a la Junta Ejecutiva durante el Concilio Anual 2018\u201d.<\/p>\n<\/div>\n<p>Traducci\u00f3n \u2013 Gloria A Castrej\u00f3n<\/p>\n","protected":false},"excerpt":{"rendered":"<p>Los resultados de una encuesta mundial fueron presentados a los miembros de la Comisi\u00f3n de Supervisi\u00f3n de la Unidad, de la Asociaci\u00f3n General de la Iglesia Adventista del S\u00e9ptimo D\u00eda (AG) el 20 de marzo de 2018, durante una reuni\u00f3n programada al efecto, llevada a cabo en las oficinas de la sede central en Silver Spring, Maryland.<\/p>\n","protected":false},"author":1,"featured_media":38338,"comment_status":"closed","ping_status":"closed","sticky":false,"template":"","format":"standard","meta":{"_acf_changed":false,"footnotes":""},"categories":[14,15],"tags":[],"class_list":["post-39733","post","type-post","status-publish","format-standard","has-post-thumbnail","hentry","category-de-la-iglesia-mundial","category-rss-espanol"],"acf":[],"yoast_head":"<!-- This site is optimized with the Yoast SEO plugin v27.3 - https:\/\/yoast.com\/product\/yoast-seo-wordpress\/ -->\n<title>Resultados de encuesta presentados a la Comisi\u00f3n de Supervisi\u00f3n de la Unidad: Contin\u00faa la investigaci\u00f3n cualitativa - Iglesia Adventista del S\u00e9ptimo D\u00eda - Divisi\u00f3n Interamericana<\/title>\n<meta name=\"robots\" content=\"index, follow, max-snippet:-1, max-image-preview:large, max-video-preview:-1\" \/>\n<link rel=\"canonical\" href=\"https:\/\/interamerica.org\/es\/2018\/03\/resultados-de-encuesta-presentados-a-la-comision-de-supervision-de-la-unidad-continua-la-investigacion-cualitativa\/\" \/>\n<meta property=\"og:locale\" content=\"es_ES\" \/>\n<meta property=\"og:type\" content=\"article\" \/>\n<meta property=\"og:title\" content=\"Resultados de encuesta presentados a la Comisi\u00f3n de Supervisi\u00f3n de la Unidad: Contin\u00faa la investigaci\u00f3n cualitativa - Iglesia Adventista del S\u00e9ptimo D\u00eda - Divisi\u00f3n Interamericana\" \/>\n<meta property=\"og:description\" content=\"Los resultados de una encuesta mundial fueron presentados a los miembros de la Comisi\u00f3n de Supervisi\u00f3n de la Unidad, de la Asociaci\u00f3n General de la Iglesia Adventista del S\u00e9ptimo D\u00eda (AG) el 20 de marzo de 2018, durante una reuni\u00f3n programada al efecto, llevada a cabo en las oficinas de la sede central en Silver Spring, Maryland.\" \/>\n<meta property=\"og:url\" content=\"https:\/\/interamerica.org\/es\/2018\/03\/resultados-de-encuesta-presentados-a-la-comision-de-supervision-de-la-unidad-continua-la-investigacion-cualitativa\/\" \/>\n<meta property=\"og:site_name\" content=\"Iglesia Adventista del S\u00e9ptimo D\u00eda - Divisi\u00f3n Interamericana\" \/>\n<meta property=\"article:published_time\" content=\"2018-03-26T04:00:00+00:00\" \/>\n<meta property=\"article:modified_time\" content=\"2018-12-04T01:59:27+00:00\" \/>\n<meta property=\"og:image\" content=\"https:\/\/interamerica.org\/wp-content\/uploads\/2018\/02\/unity-oversight-committee-banner.jpg\" \/>\n\t<meta property=\"og:image:width\" content=\"1000\" \/>\n\t<meta property=\"og:image:height\" content=\"500\" \/>\n\t<meta property=\"og:image:type\" content=\"image\/jpeg\" \/>\n<meta name=\"author\" content=\"Lorenzo Verduzco\" \/>\n<meta name=\"twitter:card\" content=\"summary_large_image\" \/>\n<meta name=\"twitter:label1\" content=\"Escrito por\" \/>\n\t<meta name=\"twitter:data1\" content=\"Lorenzo Verduzco\" \/>\n\t<meta name=\"twitter:label2\" content=\"Tiempo de lectura\" \/>\n\t<meta name=\"twitter:data2\" content=\"8 minutos\" \/>\n<script type=\"application\/ld+json\" class=\"yoast-schema-graph\">{\"@context\":\"https:\\\/\\\/schema.org\",\"@graph\":[{\"@type\":\"Article\",\"@id\":\"https:\\\/\\\/interamerica.org\\\/es\\\/2018\\\/03\\\/resultados-de-encuesta-presentados-a-la-comision-de-supervision-de-la-unidad-continua-la-investigacion-cualitativa\\\/#article\",\"isPartOf\":{\"@id\":\"https:\\\/\\\/interamerica.org\\\/es\\\/2018\\\/03\\\/resultados-de-encuesta-presentados-a-la-comision-de-supervision-de-la-unidad-continua-la-investigacion-cualitativa\\\/\"},\"author\":{\"name\":\"Lorenzo Verduzco\",\"@id\":\"https:\\\/\\\/interamerica.org\\\/es\\\/#\\\/schema\\\/person\\\/68ede8bdc292885bb76c1e3810e73c39\"},\"headline\":\"Resultados de encuesta presentados a la Comisi\u00f3n de Supervisi\u00f3n de la Unidad: Contin\u00faa la investigaci\u00f3n cualitativa\",\"datePublished\":\"2018-03-26T04:00:00+00:00\",\"dateModified\":\"2018-12-04T01:59:27+00:00\",\"mainEntityOfPage\":{\"@id\":\"https:\\\/\\\/interamerica.org\\\/es\\\/2018\\\/03\\\/resultados-de-encuesta-presentados-a-la-comision-de-supervision-de-la-unidad-continua-la-investigacion-cualitativa\\\/\"},\"wordCount\":1693,\"image\":{\"@id\":\"https:\\\/\\\/interamerica.org\\\/es\\\/2018\\\/03\\\/resultados-de-encuesta-presentados-a-la-comision-de-supervision-de-la-unidad-continua-la-investigacion-cualitativa\\\/#primaryimage\"},\"thumbnailUrl\":\"https:\\\/\\\/interamerica.org\\\/wp-content\\\/uploads\\\/2018\\\/02\\\/unity-oversight-committee-banner.jpg\",\"articleSection\":[\"Desde la iglesia mundial\",\"RSS Espa\u00f1ol\"],\"inLanguage\":\"es\"},{\"@type\":\"WebPage\",\"@id\":\"https:\\\/\\\/interamerica.org\\\/es\\\/2018\\\/03\\\/resultados-de-encuesta-presentados-a-la-comision-de-supervision-de-la-unidad-continua-la-investigacion-cualitativa\\\/\",\"url\":\"https:\\\/\\\/interamerica.org\\\/es\\\/2018\\\/03\\\/resultados-de-encuesta-presentados-a-la-comision-de-supervision-de-la-unidad-continua-la-investigacion-cualitativa\\\/\",\"name\":\"Resultados de encuesta presentados a la Comisi\u00f3n de Supervisi\u00f3n de la Unidad: Contin\u00faa la investigaci\u00f3n cualitativa - Iglesia Adventista del S\u00e9ptimo D\u00eda - Divisi\u00f3n Interamericana\",\"isPartOf\":{\"@id\":\"https:\\\/\\\/interamerica.org\\\/es\\\/#website\"},\"primaryImageOfPage\":{\"@id\":\"https:\\\/\\\/interamerica.org\\\/es\\\/2018\\\/03\\\/resultados-de-encuesta-presentados-a-la-comision-de-supervision-de-la-unidad-continua-la-investigacion-cualitativa\\\/#primaryimage\"},\"image\":{\"@id\":\"https:\\\/\\\/interamerica.org\\\/es\\\/2018\\\/03\\\/resultados-de-encuesta-presentados-a-la-comision-de-supervision-de-la-unidad-continua-la-investigacion-cualitativa\\\/#primaryimage\"},\"thumbnailUrl\":\"https:\\\/\\\/interamerica.org\\\/wp-content\\\/uploads\\\/2018\\\/02\\\/unity-oversight-committee-banner.jpg\",\"datePublished\":\"2018-03-26T04:00:00+00:00\",\"dateModified\":\"2018-12-04T01:59:27+00:00\",\"author\":{\"@id\":\"https:\\\/\\\/interamerica.org\\\/es\\\/#\\\/schema\\\/person\\\/68ede8bdc292885bb76c1e3810e73c39\"},\"breadcrumb\":{\"@id\":\"https:\\\/\\\/interamerica.org\\\/es\\\/2018\\\/03\\\/resultados-de-encuesta-presentados-a-la-comision-de-supervision-de-la-unidad-continua-la-investigacion-cualitativa\\\/#breadcrumb\"},\"inLanguage\":\"es\",\"potentialAction\":[{\"@type\":\"ReadAction\",\"target\":[\"https:\\\/\\\/interamerica.org\\\/es\\\/2018\\\/03\\\/resultados-de-encuesta-presentados-a-la-comision-de-supervision-de-la-unidad-continua-la-investigacion-cualitativa\\\/\"]}]},{\"@type\":\"ImageObject\",\"inLanguage\":\"es\",\"@id\":\"https:\\\/\\\/interamerica.org\\\/es\\\/2018\\\/03\\\/resultados-de-encuesta-presentados-a-la-comision-de-supervision-de-la-unidad-continua-la-investigacion-cualitativa\\\/#primaryimage\",\"url\":\"https:\\\/\\\/interamerica.org\\\/wp-content\\\/uploads\\\/2018\\\/02\\\/unity-oversight-committee-banner.jpg\",\"contentUrl\":\"https:\\\/\\\/interamerica.org\\\/wp-content\\\/uploads\\\/2018\\\/02\\\/unity-oversight-committee-banner.jpg\",\"width\":1000,\"height\":500},{\"@type\":\"BreadcrumbList\",\"@id\":\"https:\\\/\\\/interamerica.org\\\/es\\\/2018\\\/03\\\/resultados-de-encuesta-presentados-a-la-comision-de-supervision-de-la-unidad-continua-la-investigacion-cualitativa\\\/#breadcrumb\",\"itemListElement\":[{\"@type\":\"ListItem\",\"position\":1,\"name\":\"Home\",\"item\":\"https:\\\/\\\/interamerica.org\\\/es\\\/\"},{\"@type\":\"ListItem\",\"position\":2,\"name\":\"Resultados de encuesta presentados a la Comisi\u00f3n de Supervisi\u00f3n de la Unidad: Contin\u00faa la investigaci\u00f3n cualitativa\"}]},{\"@type\":\"WebSite\",\"@id\":\"https:\\\/\\\/interamerica.org\\\/es\\\/#website\",\"url\":\"https:\\\/\\\/interamerica.org\\\/es\\\/\",\"name\":\"Iglesia Adventista del S\u00e9ptimo D\u00eda - Divisi\u00f3n Interamericana\",\"description\":\"\",\"potentialAction\":[{\"@type\":\"SearchAction\",\"target\":{\"@type\":\"EntryPoint\",\"urlTemplate\":\"https:\\\/\\\/interamerica.org\\\/es\\\/?s={search_term_string}\"},\"query-input\":{\"@type\":\"PropertyValueSpecification\",\"valueRequired\":true,\"valueName\":\"search_term_string\"}}],\"inLanguage\":\"es\"},{\"@type\":\"Person\",\"@id\":\"https:\\\/\\\/interamerica.org\\\/es\\\/#\\\/schema\\\/person\\\/68ede8bdc292885bb76c1e3810e73c39\",\"name\":\"Lorenzo Verduzco\",\"image\":{\"@type\":\"ImageObject\",\"inLanguage\":\"es\",\"@id\":\"https:\\\/\\\/secure.gravatar.com\\\/avatar\\\/fb81a55b6218459490a9c1dc841a34909185b81904c5337b4b27f7a6fd60c49e?s=96&d=mm&r=g\",\"url\":\"https:\\\/\\\/secure.gravatar.com\\\/avatar\\\/fb81a55b6218459490a9c1dc841a34909185b81904c5337b4b27f7a6fd60c49e?s=96&d=mm&r=g\",\"contentUrl\":\"https:\\\/\\\/secure.gravatar.com\\\/avatar\\\/fb81a55b6218459490a9c1dc841a34909185b81904c5337b4b27f7a6fd60c49e?s=96&d=mm&r=g\",\"caption\":\"Lorenzo Verduzco\"}}]}<\/script>\n<!-- \/ Yoast SEO plugin. -->","yoast_head_json":{"title":"Resultados de encuesta presentados a la Comisi\u00f3n de Supervisi\u00f3n de la Unidad: Contin\u00faa la investigaci\u00f3n cualitativa - Iglesia Adventista del S\u00e9ptimo D\u00eda - Divisi\u00f3n Interamericana","robots":{"index":"index","follow":"follow","max-snippet":"max-snippet:-1","max-image-preview":"max-image-preview:large","max-video-preview":"max-video-preview:-1"},"canonical":"https:\/\/interamerica.org\/es\/2018\/03\/resultados-de-encuesta-presentados-a-la-comision-de-supervision-de-la-unidad-continua-la-investigacion-cualitativa\/","og_locale":"es_ES","og_type":"article","og_title":"Resultados de encuesta presentados a la Comisi\u00f3n de Supervisi\u00f3n de la Unidad: Contin\u00faa la investigaci\u00f3n cualitativa - Iglesia Adventista del S\u00e9ptimo D\u00eda - Divisi\u00f3n Interamericana","og_description":"Los resultados de una encuesta mundial fueron presentados a los miembros de la Comisi\u00f3n de Supervisi\u00f3n de la Unidad, de la Asociaci\u00f3n General de la Iglesia Adventista del S\u00e9ptimo D\u00eda (AG) el 20 de marzo de 2018, durante una reuni\u00f3n programada al efecto, llevada a cabo en las oficinas de la sede central en Silver Spring, Maryland.","og_url":"https:\/\/interamerica.org\/es\/2018\/03\/resultados-de-encuesta-presentados-a-la-comision-de-supervision-de-la-unidad-continua-la-investigacion-cualitativa\/","og_site_name":"Iglesia Adventista del S\u00e9ptimo D\u00eda - Divisi\u00f3n Interamericana","article_published_time":"2018-03-26T04:00:00+00:00","article_modified_time":"2018-12-04T01:59:27+00:00","og_image":[{"width":1000,"height":500,"url":"https:\/\/interamerica.org\/wp-content\/uploads\/2018\/02\/unity-oversight-committee-banner.jpg","type":"image\/jpeg"}],"author":"Lorenzo Verduzco","twitter_card":"summary_large_image","twitter_misc":{"Escrito por":"Lorenzo Verduzco","Tiempo de lectura":"8 minutos"},"schema":{"@context":"https:\/\/schema.org","@graph":[{"@type":"Article","@id":"https:\/\/interamerica.org\/es\/2018\/03\/resultados-de-encuesta-presentados-a-la-comision-de-supervision-de-la-unidad-continua-la-investigacion-cualitativa\/#article","isPartOf":{"@id":"https:\/\/interamerica.org\/es\/2018\/03\/resultados-de-encuesta-presentados-a-la-comision-de-supervision-de-la-unidad-continua-la-investigacion-cualitativa\/"},"author":{"name":"Lorenzo Verduzco","@id":"https:\/\/interamerica.org\/es\/#\/schema\/person\/68ede8bdc292885bb76c1e3810e73c39"},"headline":"Resultados de encuesta presentados a la Comisi\u00f3n de Supervisi\u00f3n de la Unidad: Contin\u00faa la investigaci\u00f3n cualitativa","datePublished":"2018-03-26T04:00:00+00:00","dateModified":"2018-12-04T01:59:27+00:00","mainEntityOfPage":{"@id":"https:\/\/interamerica.org\/es\/2018\/03\/resultados-de-encuesta-presentados-a-la-comision-de-supervision-de-la-unidad-continua-la-investigacion-cualitativa\/"},"wordCount":1693,"image":{"@id":"https:\/\/interamerica.org\/es\/2018\/03\/resultados-de-encuesta-presentados-a-la-comision-de-supervision-de-la-unidad-continua-la-investigacion-cualitativa\/#primaryimage"},"thumbnailUrl":"https:\/\/interamerica.org\/wp-content\/uploads\/2018\/02\/unity-oversight-committee-banner.jpg","articleSection":["Desde la iglesia mundial","RSS Espa\u00f1ol"],"inLanguage":"es"},{"@type":"WebPage","@id":"https:\/\/interamerica.org\/es\/2018\/03\/resultados-de-encuesta-presentados-a-la-comision-de-supervision-de-la-unidad-continua-la-investigacion-cualitativa\/","url":"https:\/\/interamerica.org\/es\/2018\/03\/resultados-de-encuesta-presentados-a-la-comision-de-supervision-de-la-unidad-continua-la-investigacion-cualitativa\/","name":"Resultados de encuesta presentados a la Comisi\u00f3n de Supervisi\u00f3n de la Unidad: Contin\u00faa la investigaci\u00f3n cualitativa - Iglesia Adventista del S\u00e9ptimo D\u00eda - Divisi\u00f3n Interamericana","isPartOf":{"@id":"https:\/\/interamerica.org\/es\/#website"},"primaryImageOfPage":{"@id":"https:\/\/interamerica.org\/es\/2018\/03\/resultados-de-encuesta-presentados-a-la-comision-de-supervision-de-la-unidad-continua-la-investigacion-cualitativa\/#primaryimage"},"image":{"@id":"https:\/\/interamerica.org\/es\/2018\/03\/resultados-de-encuesta-presentados-a-la-comision-de-supervision-de-la-unidad-continua-la-investigacion-cualitativa\/#primaryimage"},"thumbnailUrl":"https:\/\/interamerica.org\/wp-content\/uploads\/2018\/02\/unity-oversight-committee-banner.jpg","datePublished":"2018-03-26T04:00:00+00:00","dateModified":"2018-12-04T01:59:27+00:00","author":{"@id":"https:\/\/interamerica.org\/es\/#\/schema\/person\/68ede8bdc292885bb76c1e3810e73c39"},"breadcrumb":{"@id":"https:\/\/interamerica.org\/es\/2018\/03\/resultados-de-encuesta-presentados-a-la-comision-de-supervision-de-la-unidad-continua-la-investigacion-cualitativa\/#breadcrumb"},"inLanguage":"es","potentialAction":[{"@type":"ReadAction","target":["https:\/\/interamerica.org\/es\/2018\/03\/resultados-de-encuesta-presentados-a-la-comision-de-supervision-de-la-unidad-continua-la-investigacion-cualitativa\/"]}]},{"@type":"ImageObject","inLanguage":"es","@id":"https:\/\/interamerica.org\/es\/2018\/03\/resultados-de-encuesta-presentados-a-la-comision-de-supervision-de-la-unidad-continua-la-investigacion-cualitativa\/#primaryimage","url":"https:\/\/interamerica.org\/wp-content\/uploads\/2018\/02\/unity-oversight-committee-banner.jpg","contentUrl":"https:\/\/interamerica.org\/wp-content\/uploads\/2018\/02\/unity-oversight-committee-banner.jpg","width":1000,"height":500},{"@type":"BreadcrumbList","@id":"https:\/\/interamerica.org\/es\/2018\/03\/resultados-de-encuesta-presentados-a-la-comision-de-supervision-de-la-unidad-continua-la-investigacion-cualitativa\/#breadcrumb","itemListElement":[{"@type":"ListItem","position":1,"name":"Home","item":"https:\/\/interamerica.org\/es\/"},{"@type":"ListItem","position":2,"name":"Resultados de encuesta presentados a la Comisi\u00f3n de Supervisi\u00f3n de la Unidad: Contin\u00faa la investigaci\u00f3n cualitativa"}]},{"@type":"WebSite","@id":"https:\/\/interamerica.org\/es\/#website","url":"https:\/\/interamerica.org\/es\/","name":"Iglesia Adventista del S\u00e9ptimo D\u00eda - Divisi\u00f3n Interamericana","description":"","potentialAction":[{"@type":"SearchAction","target":{"@type":"EntryPoint","urlTemplate":"https:\/\/interamerica.org\/es\/?s={search_term_string}"},"query-input":{"@type":"PropertyValueSpecification","valueRequired":true,"valueName":"search_term_string"}}],"inLanguage":"es"},{"@type":"Person","@id":"https:\/\/interamerica.org\/es\/#\/schema\/person\/68ede8bdc292885bb76c1e3810e73c39","name":"Lorenzo Verduzco","image":{"@type":"ImageObject","inLanguage":"es","@id":"https:\/\/secure.gravatar.com\/avatar\/fb81a55b6218459490a9c1dc841a34909185b81904c5337b4b27f7a6fd60c49e?s=96&d=mm&r=g","url":"https:\/\/secure.gravatar.com\/avatar\/fb81a55b6218459490a9c1dc841a34909185b81904c5337b4b27f7a6fd60c49e?s=96&d=mm&r=g","contentUrl":"https:\/\/secure.gravatar.com\/avatar\/fb81a55b6218459490a9c1dc841a34909185b81904c5337b4b27f7a6fd60c49e?s=96&d=mm&r=g","caption":"Lorenzo Verduzco"}}]}},"_links":{"self":[{"href":"https:\/\/interamerica.org\/es\/wp-json\/wp\/v2\/posts\/39733","targetHints":{"allow":["GET"]}}],"collection":[{"href":"https:\/\/interamerica.org\/es\/wp-json\/wp\/v2\/posts"}],"about":[{"href":"https:\/\/interamerica.org\/es\/wp-json\/wp\/v2\/types\/post"}],"author":[{"embeddable":true,"href":"https:\/\/interamerica.org\/es\/wp-json\/wp\/v2\/users\/1"}],"replies":[{"embeddable":true,"href":"https:\/\/interamerica.org\/es\/wp-json\/wp\/v2\/comments?post=39733"}],"version-history":[{"count":0,"href":"https:\/\/interamerica.org\/es\/wp-json\/wp\/v2\/posts\/39733\/revisions"}],"wp:featuredmedia":[{"embeddable":true,"href":"https:\/\/interamerica.org\/es\/wp-json\/wp\/v2\/media\/38338"}],"wp:attachment":[{"href":"https:\/\/interamerica.org\/es\/wp-json\/wp\/v2\/media?parent=39733"}],"wp:term":[{"taxonomy":"category","embeddable":true,"href":"https:\/\/interamerica.org\/es\/wp-json\/wp\/v2\/categories?post=39733"},{"taxonomy":"post_tag","embeddable":true,"href":"https:\/\/interamerica.org\/es\/wp-json\/wp\/v2\/tags?post=39733"}],"curies":[{"name":"wp","href":"https:\/\/api.w.org\/{rel}","templated":true}]}}