{"id":39735,"date":"2018-03-27T00:00:00","date_gmt":"2018-03-27T04:00:00","guid":{"rendered":"http:\/\/192.81.217.108\/2018\/03\/iglesia-adventista-de-interamerica-vota-al-nuevo-presidente-y-secretario-ejecutivo\/"},"modified":"2018-05-01T21:58:46","modified_gmt":"2018-05-02T01:58:46","slug":"iglesia-adventista-de-interamerica-vota-al-nuevo-presidente-y-secretario-ejecutivo","status":"publish","type":"post","link":"https:\/\/interamerica.org\/es\/2018\/03\/iglesia-adventista-de-interamerica-vota-al-nuevo-presidente-y-secretario-ejecutivo\/","title":{"rendered":"Iglesia Adventista de Interam\u00e9rica vota al nuevo presidente y secretario ejecutivo"},"content":{"rendered":"<div id=\"attachment_34174\" style=\"width: 737px\" class=\"wp-caption aligncenter\"><a href=\"https:\/\/recursing-golick.147-182-135-0.plesk.page\/wp-content\/uploads\/2018\/03\/IAD-newLeaders.jpg\" rel=\"fancybox\" title=\"Iglesia Adventista de Interam\u00e9rica vota al nuevo presidente y secretario ejecutivo\"><img fetchpriority=\"high\" decoding=\"async\" aria-describedby=\"caption-attachment-34174\" class=\" wp-image-34174\" src=\"https:\/\/recursing-golick.147-182-135-0.plesk.page\/wp-content\/uploads\/2018\/03\/IAD-newLeaders.jpg\" alt=\"\" width=\"727\" height=\"485\" \/><\/a><p id=\"caption-attachment-34174\" class=\"wp-caption-text\">De izquierda a derecho: El pastor Ted Wilson, presidente de la Iglesia Adventista mundial, se dirige a los administradores de la Divisi\u00f3n Interamericana que estar\u00e1n al frente de la iglesia una vez que el pastor Israel Leito (tercero desde la izquierda) se jubile en agosto pr\u00f3ximo. El doctor Leonard Johnson, nuevo director ejecutivo, est\u00e1 junto al doctor Elie Henry, nuevo presidente, y Filiberto Verduzco, tesorero del territorio, el 26 de marzo de 2018, en Miami, Florida, Estados Unidos. Imagen de Keila Trejo\/DIA<\/p><\/div>\n<p>&nbsp;<\/p>\n<p>26 de marzo de 2018 | Miami, Florida, Estados Unidos | Libna Stevens\/DIA<\/p>\n<p>Horas despu\u00e9s de que el pastor Israel Leito, presidente de la Divisi\u00f3n Interamericana, anunciara su jubilaci\u00f3n, los miembros de la junta directiva votaron recomendar al doctor Elie Henry como el nuevo presidente de la iglesia en el territorio. El doctor Henry ha sido secretario ejecutivo de la iglesia en Interam\u00e9rica desde 2010. Antes de ello fue uno de los tres vicepresidentes de la divisi\u00f3n, entre 2000-2005. <a href=\"https:\/\/recursing-golick.147-182-135-0.plesk.page\/es\/directorio\/\"> La jubilaci\u00f3n del pastor Leito se har\u00e1 efectiva el 1 de agosto<\/a>.<\/p>\n<div id=\"attachment_34165\" style=\"width: 398px\" class=\"wp-caption alignright\"><a href=\"https:\/\/recursing-golick.147-182-135-0.plesk.page\/wp-content\/uploads\/2018\/03\/ElieHenry-IAd18.jpg\" rel=\"fancybox\" title=\"Iglesia Adventista de Interam\u00e9rica vota al nuevo presidente y secretario ejecutivo\"><img decoding=\"async\" aria-describedby=\"caption-attachment-34165\" class=\" wp-image-34165\" src=\"https:\/\/recursing-golick.147-182-135-0.plesk.page\/wp-content\/uploads\/2018\/03\/ElieHenry-IAd18.jpg\" alt=\"\" width=\"388\" height=\"259\" \/><\/a><p id=\"caption-attachment-34165\" class=\"wp-caption-text\">El doctor Elie Henry fue votado como nuevo presidente de la Iglesia Adventista en Interam\u00e9rica. Imagen de Keila Trejo\/DIA<\/p><\/div>\n<p>\u201cEs un momento precioso en la transici\u00f3n del liderazgo de esta divisi\u00f3n\u201d, dijo el pastor Ted N.C. Wilson, presidente de la Iglesia Adventista mundial, al dirigirse a la comisi\u00f3n. El pastor Wilson, que presidi\u00f3 la comisi\u00f3n de nombramientos, dijo que el voto del cuerpo de l\u00edderes ser\u00e1 entonces referido a la Junta Directiva de la Asociaci\u00f3n General para su votaci\u00f3n final la semana que viene.<\/p>\n<p>\u201cColoquen vuestro ministerio en las manos de Dios, porque \u00e9l ir\u00e1 con ustedes y no los abandonar\u00e1\u201d, dijo el pastor Wilson al animar al reci\u00e9n recomendado doctor Henry y su esposa Ketlie para el nuevo cargo.<\/p>\n<p>El pastor Wilson y su esposa Nancy oraron ambos con el doctor Henry y Ketlie ante los desaf\u00edos del ministerio que les aguardan en Interam\u00e9rica.<\/p>\n<p>El doctor Henry agradeci\u00f3 a la comisi\u00f3n por sus oraciones y apoyo, y en especial agradeci\u00f3 al pastor Leito por ser su mentor y amigo.<\/p>\n<p>\u201cSer\u00e1 muy dif\u00edcil caminar detr\u00e1s de un gigante como lo es el pastor Leito, pero servimos a un Dios grande y confiamos en su conducci\u00f3n\u201d, dijo Henry. \u201cGracias por vuestra confianza y, por favor, oren por m\u00ed\u201d.<\/p>\n<p>Henry celebr\u00f3 el apoyo de su esposa y prometi\u00f3 ser fiel a la tarea que tiene por delante.<\/p>\n<p>\u201cJuntos con todos los colegas aqu\u00ed, nos comprometemos a mantener ardiendo el fuego del evangelismo, porque hay un mundo sobre el cual brillar, y un Cristo que vendr\u00e1 pronto\u201d.<\/p>\n<div id=\"attachment_34177\" style=\"width: 398px\" class=\"wp-caption alignleft\"><a href=\"https:\/\/recursing-golick.147-182-135-0.plesk.page\/wp-content\/uploads\/2018\/03\/IAD18-delegates.jpg\" rel=\"fancybox\" title=\"Iglesia Adventista de Interam\u00e9rica vota al nuevo presidente y secretario ejecutivo\"><img decoding=\"async\" aria-describedby=\"caption-attachment-34177\" class=\" wp-image-34177\" src=\"https:\/\/recursing-golick.147-182-135-0.plesk.page\/wp-content\/uploads\/2018\/03\/IAD18-delegates.jpg\" alt=\"\" width=\"388\" height=\"259\" \/><\/a><p id=\"caption-attachment-34177\" class=\"wp-caption-text\">L\u00edderes de la iglesia en la Uni\u00f3n Salvadore\u00f1a sonr\u00eden mientras el doctor Elie Henry es presentado como nuevo presidente de la Iglesia Adventista en Interam\u00e9rica. Imagen de Keila Trejo\/DIA<\/p><\/div>\n<p>Henry es ministro ordenado y posee un doctorado en Teolog\u00eda y una maestr\u00eda en Teolog\u00eda de la Universidad de Estrasburgo. Ha trabajado en la iglesia de Interam\u00e9rica durante m\u00e1s de 39 a\u00f1os.<\/p>\n<p>Henry, que naci\u00f3 en Hait\u00ed, comenz\u00f3 su carrera como pastor distrital en ese pa\u00eds. Tambi\u00e9n fue profesor, secretario de asociaci\u00f3n, presidente de asociaci\u00f3n, adem\u00e1s de presidente de uni\u00f3n. El doctor Henry tambi\u00e9n fue director de recursos humanos en la sede de la Divisi\u00f3n Interamericana mientras ocupaba el cargo de vicepresidente.<\/p>\n<p>El doctor Henry y Ketlie tienes tres hijas adultas.<\/p>\n<p>Dado que el cargo de secretario ejecutivo qued\u00f3 abierto, los miembros de la junta aprobaron que la comisi\u00f3n de nombramientos estudiara posibles nombres para el cargo antes del final de las sesiones del d\u00eda.<\/p>\n<p>El doctor Leonard Johnson, secretario ministerial asociado de la Iglesia Adventista en Interam\u00e9rica y presidente de la Uni\u00f3n del Caribe Atl\u00e1ntico, fue recomendado como el nuevo secretario de la Divisi\u00f3n Interamericana.<\/p>\n<p>\u201cAlabo a Dios por el enfoque unido que hubo en esta \u00faltima sesi\u00f3n en el d\u00eda de hoy\u201d, dijo el pastor Wilson. \u201cS\u00e9 que Dios dar\u00e1 sus abundantes bendiciones\u201d, a\u00f1adi\u00f3 antes de orar por Johnson.<\/p>\n<p>Mientras la junta daba la bienvenida a Johnson con un aplauso, este agradeci\u00f3 a los l\u00edderes por su confianza. \u201cSiento humildad, porque esta es una tarea y una responsabilidad impresionantes, pero creo que con vuestras oraciones y apoyo podr\u00e9 cumplir la voluntad de Dios\u201d, dijo el doctor Johnson.<\/p>\n<div id=\"attachment_34180\" style=\"width: 398px\" class=\"wp-caption alignright\"><a href=\"https:\/\/recursing-golick.147-182-135-0.plesk.page\/wp-content\/uploads\/2018\/03\/leonardJohnson-iad18.jpg\" rel=\"fancybox\" title=\"Iglesia Adventista de Interam\u00e9rica vota al nuevo presidente y secretario ejecutivo\"><img loading=\"lazy\" decoding=\"async\" aria-describedby=\"caption-attachment-34180\" class=\" wp-image-34180\" src=\"https:\/\/recursing-golick.147-182-135-0.plesk.page\/wp-content\/uploads\/2018\/03\/leonardJohnson-iad18.jpg\" alt=\"\" width=\"388\" height=\"259\" \/><\/a><p id=\"caption-attachment-34180\" class=\"wp-caption-text\">El doctor Leonard Johnson ha sido votado como el nuevo secretario ejecutivo de la Divisi\u00f3n Interamericana. Imagen de Keila Trejo\/DIA<\/p><\/div>\n<p>Johnson agradeci\u00f3 a todos los administradores por su asesoramiento, a los l\u00edderes de la Uni\u00f3n del Caribe, a quienes llam\u00f3 sus hermanos, a su esposa Denise, y a cada miembro de la junta.<\/p>\n<p>\u201cVengo como alguien dispuesto a aprender, para que pueda crecer y cumplir el que sea ahoga el prop\u00f3sito divino para m\u00ed\u201d, dijo Johnson.<\/p>\n<p>El doctor Leonard Johnson obtuvo una maestr\u00eda en Religi\u00f3n de la Universidad Norte\u00f1a del Caribe, y un doctorado en Ministerio del Seminario Teol\u00f3gico Reformado.<\/p>\n<p>El doctor Johnson, que naci\u00f3 en Nueva Providencia, Bahamas, ha trabajado en la Iglesia Adventista de Interam\u00e9rica durante m\u00e1s de 35 a\u00f1os. Comenz\u00f3 su ministerio como pastor, entonces director de departamento, secretario de asociaci\u00f3n, presidente de asociaci\u00f3n y presidente de uni\u00f3n.<\/p>\n<p>El doctor Johnson y Denise tienen dos hijos adultos, ambos casados, y un nieto.<\/p>\n<p>Para saber m\u00e1s de las Sesiones de Mitad de A\u00f1o de la Junta Directiva de Interam\u00e9rica de esta semana, visite <a href=\"mailto:https:\/\/recursing-golick.147-182-135-0.plesk.page\">interamerica.org<\/a><\/p>\n<p>Para ver una galer\u00eda de fotograf\u00edas del d\u00eda, entre <a href=\"https:\/\/www.flickr.com\/photos\/interamerica\/albums\/72157689198224960\"> AQU\u00cd <\/a><\/p>\n<p>Traducci\u00f3n de Marcos Paseggi<\/p>\n","protected":false},"excerpt":{"rendered":"<p>Horas despu\u00e9s de que el pastor Israel Leito, presidente de la Divisi\u00f3n Interamericana, anunciara su jubilaci\u00f3n, los miembros de la junta directiva votaron recomendar al doctor Elie Henry como el nuevo presidente de la iglesia en el territorio. El doctor Henry ha sido secretario ejecutivo de la iglesia en Interam\u00e9rica desde 2010. Antes de ello fue uno de los tres vicepresidentes de la divisi\u00f3n, entre 2000-2005. La jubilaci\u00f3n del pastor Leito se har\u00e1 efectiva el 1 de agosto.<\/p>\n<p>\u201cEs un momento precioso en la transici\u00f3n del liderazgo de esta divisi\u00f3n\u201d, dijo el pastor Ted N.C. Wilson, presidente de la Iglesia Adventista mundial, al dirigirse a la comisi\u00f3n.<\/p>\n","protected":false},"author":1,"featured_media":39660,"comment_status":"closed","ping_status":"closed","sticky":false,"template":"","format":"standard","meta":{"_acf_changed":false,"footnotes":""},"categories":[16,15],"tags":[],"class_list":["post-39735","post","type-post","status-publish","format-standard","has-post-thumbnail","hentry","category-desde-la-sede","category-rss-espanol"],"acf":[],"yoast_head":"<!-- This site is optimized with the Yoast SEO plugin v27.3 - https:\/\/yoast.com\/product\/yoast-seo-wordpress\/ -->\n<title>Iglesia Adventista de Interam\u00e9rica vota al nuevo presidente y secretario ejecutivo - Iglesia Adventista del S\u00e9ptimo D\u00eda - Divisi\u00f3n Interamericana<\/title>\n<meta name=\"robots\" content=\"index, follow, max-snippet:-1, max-image-preview:large, max-video-preview:-1\" \/>\n<link rel=\"canonical\" href=\"https:\/\/interamerica.org\/es\/2018\/03\/iglesia-adventista-de-interamerica-vota-al-nuevo-presidente-y-secretario-ejecutivo\/\" \/>\n<meta property=\"og:locale\" content=\"es_ES\" \/>\n<meta property=\"og:type\" content=\"article\" \/>\n<meta property=\"og:title\" content=\"Iglesia Adventista de Interam\u00e9rica vota al nuevo presidente y secretario ejecutivo - Iglesia Adventista del S\u00e9ptimo D\u00eda - Divisi\u00f3n Interamericana\" \/>\n<meta property=\"og:description\" content=\"Horas despu\u00e9s de que el pastor Israel Leito, presidente de la Divisi\u00f3n Interamericana, anunciara su jubilaci\u00f3n, los miembros de la junta directiva votaron recomendar al doctor Elie Henry como el nuevo presidente de la iglesia en el territorio. El doctor Henry ha sido secretario ejecutivo de la iglesia en Interam\u00e9rica desde 2010. Antes de ello fue uno de los tres vicepresidentes de la divisi\u00f3n, entre 2000-2005. La jubilaci\u00f3n del pastor Leito se har\u00e1 efectiva el 1 de agosto.  \u201cEs un momento precioso en la transici\u00f3n del liderazgo de esta divisi\u00f3n\u201d, dijo el pastor Ted N.C. Wilson, presidente de la Iglesia Adventista mundial, al dirigirse a la comisi\u00f3n.\" \/>\n<meta property=\"og:url\" content=\"https:\/\/interamerica.org\/es\/2018\/03\/iglesia-adventista-de-interamerica-vota-al-nuevo-presidente-y-secretario-ejecutivo\/\" \/>\n<meta property=\"og:site_name\" content=\"Iglesia Adventista del S\u00e9ptimo D\u00eda - Divisi\u00f3n Interamericana\" \/>\n<meta property=\"article:published_time\" content=\"2018-03-27T04:00:00+00:00\" \/>\n<meta property=\"article:modified_time\" content=\"2018-05-02T01:58:46+00:00\" \/>\n<meta property=\"og:image\" content=\"https:\/\/interamerica.org\/wp-content\/uploads\/2018\/04\/iad-newleaders.jpg\" \/>\n\t<meta property=\"og:image:width\" content=\"640\" \/>\n\t<meta property=\"og:image:height\" content=\"427\" \/>\n\t<meta property=\"og:image:type\" content=\"image\/jpeg\" \/>\n<meta name=\"author\" content=\"Lorenzo Verduzco\" \/>\n<meta name=\"twitter:card\" content=\"summary_large_image\" \/>\n<meta name=\"twitter:label1\" content=\"Escrito por\" \/>\n\t<meta name=\"twitter:data1\" content=\"Lorenzo Verduzco\" \/>\n\t<meta name=\"twitter:label2\" content=\"Tiempo de lectura\" \/>\n\t<meta name=\"twitter:data2\" content=\"5 minutos\" \/>\n<script type=\"application\/ld+json\" class=\"yoast-schema-graph\">{\"@context\":\"https:\\\/\\\/schema.org\",\"@graph\":[{\"@type\":\"Article\",\"@id\":\"https:\\\/\\\/interamerica.org\\\/es\\\/2018\\\/03\\\/iglesia-adventista-de-interamerica-vota-al-nuevo-presidente-y-secretario-ejecutivo\\\/#article\",\"isPartOf\":{\"@id\":\"https:\\\/\\\/interamerica.org\\\/es\\\/2018\\\/03\\\/iglesia-adventista-de-interamerica-vota-al-nuevo-presidente-y-secretario-ejecutivo\\\/\"},\"author\":{\"name\":\"Lorenzo Verduzco\",\"@id\":\"https:\\\/\\\/interamerica.org\\\/es\\\/#\\\/schema\\\/person\\\/68ede8bdc292885bb76c1e3810e73c39\"},\"headline\":\"Iglesia Adventista de Interam\u00e9rica vota al nuevo presidente y secretario ejecutivo\",\"datePublished\":\"2018-03-27T04:00:00+00:00\",\"dateModified\":\"2018-05-02T01:58:46+00:00\",\"mainEntityOfPage\":{\"@id\":\"https:\\\/\\\/interamerica.org\\\/es\\\/2018\\\/03\\\/iglesia-adventista-de-interamerica-vota-al-nuevo-presidente-y-secretario-ejecutivo\\\/\"},\"wordCount\":997,\"image\":{\"@id\":\"https:\\\/\\\/interamerica.org\\\/es\\\/2018\\\/03\\\/iglesia-adventista-de-interamerica-vota-al-nuevo-presidente-y-secretario-ejecutivo\\\/#primaryimage\"},\"thumbnailUrl\":\"https:\\\/\\\/interamerica.org\\\/wp-content\\\/uploads\\\/2018\\\/04\\\/iad-newleaders.jpg\",\"articleSection\":[\"Desde la sede\",\"RSS Espa\u00f1ol\"],\"inLanguage\":\"es\"},{\"@type\":\"WebPage\",\"@id\":\"https:\\\/\\\/interamerica.org\\\/es\\\/2018\\\/03\\\/iglesia-adventista-de-interamerica-vota-al-nuevo-presidente-y-secretario-ejecutivo\\\/\",\"url\":\"https:\\\/\\\/interamerica.org\\\/es\\\/2018\\\/03\\\/iglesia-adventista-de-interamerica-vota-al-nuevo-presidente-y-secretario-ejecutivo\\\/\",\"name\":\"Iglesia Adventista de Interam\u00e9rica vota al nuevo presidente y secretario ejecutivo - Iglesia Adventista del S\u00e9ptimo D\u00eda - Divisi\u00f3n Interamericana\",\"isPartOf\":{\"@id\":\"https:\\\/\\\/interamerica.org\\\/es\\\/#website\"},\"primaryImageOfPage\":{\"@id\":\"https:\\\/\\\/interamerica.org\\\/es\\\/2018\\\/03\\\/iglesia-adventista-de-interamerica-vota-al-nuevo-presidente-y-secretario-ejecutivo\\\/#primaryimage\"},\"image\":{\"@id\":\"https:\\\/\\\/interamerica.org\\\/es\\\/2018\\\/03\\\/iglesia-adventista-de-interamerica-vota-al-nuevo-presidente-y-secretario-ejecutivo\\\/#primaryimage\"},\"thumbnailUrl\":\"https:\\\/\\\/interamerica.org\\\/wp-content\\\/uploads\\\/2018\\\/04\\\/iad-newleaders.jpg\",\"datePublished\":\"2018-03-27T04:00:00+00:00\",\"dateModified\":\"2018-05-02T01:58:46+00:00\",\"author\":{\"@id\":\"https:\\\/\\\/interamerica.org\\\/es\\\/#\\\/schema\\\/person\\\/68ede8bdc292885bb76c1e3810e73c39\"},\"breadcrumb\":{\"@id\":\"https:\\\/\\\/interamerica.org\\\/es\\\/2018\\\/03\\\/iglesia-adventista-de-interamerica-vota-al-nuevo-presidente-y-secretario-ejecutivo\\\/#breadcrumb\"},\"inLanguage\":\"es\",\"potentialAction\":[{\"@type\":\"ReadAction\",\"target\":[\"https:\\\/\\\/interamerica.org\\\/es\\\/2018\\\/03\\\/iglesia-adventista-de-interamerica-vota-al-nuevo-presidente-y-secretario-ejecutivo\\\/\"]}]},{\"@type\":\"ImageObject\",\"inLanguage\":\"es\",\"@id\":\"https:\\\/\\\/interamerica.org\\\/es\\\/2018\\\/03\\\/iglesia-adventista-de-interamerica-vota-al-nuevo-presidente-y-secretario-ejecutivo\\\/#primaryimage\",\"url\":\"https:\\\/\\\/interamerica.org\\\/wp-content\\\/uploads\\\/2018\\\/04\\\/iad-newleaders.jpg\",\"contentUrl\":\"https:\\\/\\\/interamerica.org\\\/wp-content\\\/uploads\\\/2018\\\/04\\\/iad-newleaders.jpg\",\"width\":640,\"height\":427},{\"@type\":\"BreadcrumbList\",\"@id\":\"https:\\\/\\\/interamerica.org\\\/es\\\/2018\\\/03\\\/iglesia-adventista-de-interamerica-vota-al-nuevo-presidente-y-secretario-ejecutivo\\\/#breadcrumb\",\"itemListElement\":[{\"@type\":\"ListItem\",\"position\":1,\"name\":\"Home\",\"item\":\"https:\\\/\\\/interamerica.org\\\/es\\\/\"},{\"@type\":\"ListItem\",\"position\":2,\"name\":\"Iglesia Adventista de Interam\u00e9rica vota al nuevo presidente y secretario ejecutivo\"}]},{\"@type\":\"WebSite\",\"@id\":\"https:\\\/\\\/interamerica.org\\\/es\\\/#website\",\"url\":\"https:\\\/\\\/interamerica.org\\\/es\\\/\",\"name\":\"Iglesia Adventista del S\u00e9ptimo D\u00eda - Divisi\u00f3n Interamericana\",\"description\":\"\",\"potentialAction\":[{\"@type\":\"SearchAction\",\"target\":{\"@type\":\"EntryPoint\",\"urlTemplate\":\"https:\\\/\\\/interamerica.org\\\/es\\\/?s={search_term_string}\"},\"query-input\":{\"@type\":\"PropertyValueSpecification\",\"valueRequired\":true,\"valueName\":\"search_term_string\"}}],\"inLanguage\":\"es\"},{\"@type\":\"Person\",\"@id\":\"https:\\\/\\\/interamerica.org\\\/es\\\/#\\\/schema\\\/person\\\/68ede8bdc292885bb76c1e3810e73c39\",\"name\":\"Lorenzo Verduzco\",\"image\":{\"@type\":\"ImageObject\",\"inLanguage\":\"es\",\"@id\":\"https:\\\/\\\/secure.gravatar.com\\\/avatar\\\/fb81a55b6218459490a9c1dc841a34909185b81904c5337b4b27f7a6fd60c49e?s=96&d=mm&r=g\",\"url\":\"https:\\\/\\\/secure.gravatar.com\\\/avatar\\\/fb81a55b6218459490a9c1dc841a34909185b81904c5337b4b27f7a6fd60c49e?s=96&d=mm&r=g\",\"contentUrl\":\"https:\\\/\\\/secure.gravatar.com\\\/avatar\\\/fb81a55b6218459490a9c1dc841a34909185b81904c5337b4b27f7a6fd60c49e?s=96&d=mm&r=g\",\"caption\":\"Lorenzo Verduzco\"}}]}<\/script>\n<!-- \/ Yoast SEO plugin. -->","yoast_head_json":{"title":"Iglesia Adventista de Interam\u00e9rica vota al nuevo presidente y secretario ejecutivo - Iglesia Adventista del S\u00e9ptimo D\u00eda - Divisi\u00f3n Interamericana","robots":{"index":"index","follow":"follow","max-snippet":"max-snippet:-1","max-image-preview":"max-image-preview:large","max-video-preview":"max-video-preview:-1"},"canonical":"https:\/\/interamerica.org\/es\/2018\/03\/iglesia-adventista-de-interamerica-vota-al-nuevo-presidente-y-secretario-ejecutivo\/","og_locale":"es_ES","og_type":"article","og_title":"Iglesia Adventista de Interam\u00e9rica vota al nuevo presidente y secretario ejecutivo - Iglesia Adventista del S\u00e9ptimo D\u00eda - Divisi\u00f3n Interamericana","og_description":"Horas despu\u00e9s de que el pastor Israel Leito, presidente de la Divisi\u00f3n Interamericana, anunciara su jubilaci\u00f3n, los miembros de la junta directiva votaron recomendar al doctor Elie Henry como el nuevo presidente de la iglesia en el territorio. El doctor Henry ha sido secretario ejecutivo de la iglesia en Interam\u00e9rica desde 2010. Antes de ello fue uno de los tres vicepresidentes de la divisi\u00f3n, entre 2000-2005. La jubilaci\u00f3n del pastor Leito se har\u00e1 efectiva el 1 de agosto.  \u201cEs un momento precioso en la transici\u00f3n del liderazgo de esta divisi\u00f3n\u201d, dijo el pastor Ted N.C. Wilson, presidente de la Iglesia Adventista mundial, al dirigirse a la comisi\u00f3n.","og_url":"https:\/\/interamerica.org\/es\/2018\/03\/iglesia-adventista-de-interamerica-vota-al-nuevo-presidente-y-secretario-ejecutivo\/","og_site_name":"Iglesia Adventista del S\u00e9ptimo D\u00eda - Divisi\u00f3n Interamericana","article_published_time":"2018-03-27T04:00:00+00:00","article_modified_time":"2018-05-02T01:58:46+00:00","og_image":[{"width":640,"height":427,"url":"https:\/\/interamerica.org\/wp-content\/uploads\/2018\/04\/iad-newleaders.jpg","type":"image\/jpeg"}],"author":"Lorenzo Verduzco","twitter_card":"summary_large_image","twitter_misc":{"Escrito por":"Lorenzo Verduzco","Tiempo de lectura":"5 minutos"},"schema":{"@context":"https:\/\/schema.org","@graph":[{"@type":"Article","@id":"https:\/\/interamerica.org\/es\/2018\/03\/iglesia-adventista-de-interamerica-vota-al-nuevo-presidente-y-secretario-ejecutivo\/#article","isPartOf":{"@id":"https:\/\/interamerica.org\/es\/2018\/03\/iglesia-adventista-de-interamerica-vota-al-nuevo-presidente-y-secretario-ejecutivo\/"},"author":{"name":"Lorenzo Verduzco","@id":"https:\/\/interamerica.org\/es\/#\/schema\/person\/68ede8bdc292885bb76c1e3810e73c39"},"headline":"Iglesia Adventista de Interam\u00e9rica vota al nuevo presidente y secretario ejecutivo","datePublished":"2018-03-27T04:00:00+00:00","dateModified":"2018-05-02T01:58:46+00:00","mainEntityOfPage":{"@id":"https:\/\/interamerica.org\/es\/2018\/03\/iglesia-adventista-de-interamerica-vota-al-nuevo-presidente-y-secretario-ejecutivo\/"},"wordCount":997,"image":{"@id":"https:\/\/interamerica.org\/es\/2018\/03\/iglesia-adventista-de-interamerica-vota-al-nuevo-presidente-y-secretario-ejecutivo\/#primaryimage"},"thumbnailUrl":"https:\/\/interamerica.org\/wp-content\/uploads\/2018\/04\/iad-newleaders.jpg","articleSection":["Desde la sede","RSS Espa\u00f1ol"],"inLanguage":"es"},{"@type":"WebPage","@id":"https:\/\/interamerica.org\/es\/2018\/03\/iglesia-adventista-de-interamerica-vota-al-nuevo-presidente-y-secretario-ejecutivo\/","url":"https:\/\/interamerica.org\/es\/2018\/03\/iglesia-adventista-de-interamerica-vota-al-nuevo-presidente-y-secretario-ejecutivo\/","name":"Iglesia Adventista de Interam\u00e9rica vota al nuevo presidente y secretario ejecutivo - Iglesia Adventista del S\u00e9ptimo D\u00eda - Divisi\u00f3n Interamericana","isPartOf":{"@id":"https:\/\/interamerica.org\/es\/#website"},"primaryImageOfPage":{"@id":"https:\/\/interamerica.org\/es\/2018\/03\/iglesia-adventista-de-interamerica-vota-al-nuevo-presidente-y-secretario-ejecutivo\/#primaryimage"},"image":{"@id":"https:\/\/interamerica.org\/es\/2018\/03\/iglesia-adventista-de-interamerica-vota-al-nuevo-presidente-y-secretario-ejecutivo\/#primaryimage"},"thumbnailUrl":"https:\/\/interamerica.org\/wp-content\/uploads\/2018\/04\/iad-newleaders.jpg","datePublished":"2018-03-27T04:00:00+00:00","dateModified":"2018-05-02T01:58:46+00:00","author":{"@id":"https:\/\/interamerica.org\/es\/#\/schema\/person\/68ede8bdc292885bb76c1e3810e73c39"},"breadcrumb":{"@id":"https:\/\/interamerica.org\/es\/2018\/03\/iglesia-adventista-de-interamerica-vota-al-nuevo-presidente-y-secretario-ejecutivo\/#breadcrumb"},"inLanguage":"es","potentialAction":[{"@type":"ReadAction","target":["https:\/\/interamerica.org\/es\/2018\/03\/iglesia-adventista-de-interamerica-vota-al-nuevo-presidente-y-secretario-ejecutivo\/"]}]},{"@type":"ImageObject","inLanguage":"es","@id":"https:\/\/interamerica.org\/es\/2018\/03\/iglesia-adventista-de-interamerica-vota-al-nuevo-presidente-y-secretario-ejecutivo\/#primaryimage","url":"https:\/\/interamerica.org\/wp-content\/uploads\/2018\/04\/iad-newleaders.jpg","contentUrl":"https:\/\/interamerica.org\/wp-content\/uploads\/2018\/04\/iad-newleaders.jpg","width":640,"height":427},{"@type":"BreadcrumbList","@id":"https:\/\/interamerica.org\/es\/2018\/03\/iglesia-adventista-de-interamerica-vota-al-nuevo-presidente-y-secretario-ejecutivo\/#breadcrumb","itemListElement":[{"@type":"ListItem","position":1,"name":"Home","item":"https:\/\/interamerica.org\/es\/"},{"@type":"ListItem","position":2,"name":"Iglesia Adventista de Interam\u00e9rica vota al nuevo presidente y secretario ejecutivo"}]},{"@type":"WebSite","@id":"https:\/\/interamerica.org\/es\/#website","url":"https:\/\/interamerica.org\/es\/","name":"Iglesia Adventista del S\u00e9ptimo D\u00eda - Divisi\u00f3n Interamericana","description":"","potentialAction":[{"@type":"SearchAction","target":{"@type":"EntryPoint","urlTemplate":"https:\/\/interamerica.org\/es\/?s={search_term_string}"},"query-input":{"@type":"PropertyValueSpecification","valueRequired":true,"valueName":"search_term_string"}}],"inLanguage":"es"},{"@type":"Person","@id":"https:\/\/interamerica.org\/es\/#\/schema\/person\/68ede8bdc292885bb76c1e3810e73c39","name":"Lorenzo Verduzco","image":{"@type":"ImageObject","inLanguage":"es","@id":"https:\/\/secure.gravatar.com\/avatar\/fb81a55b6218459490a9c1dc841a34909185b81904c5337b4b27f7a6fd60c49e?s=96&d=mm&r=g","url":"https:\/\/secure.gravatar.com\/avatar\/fb81a55b6218459490a9c1dc841a34909185b81904c5337b4b27f7a6fd60c49e?s=96&d=mm&r=g","contentUrl":"https:\/\/secure.gravatar.com\/avatar\/fb81a55b6218459490a9c1dc841a34909185b81904c5337b4b27f7a6fd60c49e?s=96&d=mm&r=g","caption":"Lorenzo Verduzco"}}]}},"_links":{"self":[{"href":"https:\/\/interamerica.org\/es\/wp-json\/wp\/v2\/posts\/39735","targetHints":{"allow":["GET"]}}],"collection":[{"href":"https:\/\/interamerica.org\/es\/wp-json\/wp\/v2\/posts"}],"about":[{"href":"https:\/\/interamerica.org\/es\/wp-json\/wp\/v2\/types\/post"}],"author":[{"embeddable":true,"href":"https:\/\/interamerica.org\/es\/wp-json\/wp\/v2\/users\/1"}],"replies":[{"embeddable":true,"href":"https:\/\/interamerica.org\/es\/wp-json\/wp\/v2\/comments?post=39735"}],"version-history":[{"count":0,"href":"https:\/\/interamerica.org\/es\/wp-json\/wp\/v2\/posts\/39735\/revisions"}],"wp:featuredmedia":[{"embeddable":true,"href":"https:\/\/interamerica.org\/es\/wp-json\/wp\/v2\/media\/39660"}],"wp:attachment":[{"href":"https:\/\/interamerica.org\/es\/wp-json\/wp\/v2\/media?parent=39735"}],"wp:term":[{"taxonomy":"category","embeddable":true,"href":"https:\/\/interamerica.org\/es\/wp-json\/wp\/v2\/categories?post=39735"},{"taxonomy":"post_tag","embeddable":true,"href":"https:\/\/interamerica.org\/es\/wp-json\/wp\/v2\/tags?post=39735"}],"curies":[{"name":"wp","href":"https:\/\/api.w.org\/{rel}","templated":true}]}}