{"id":39737,"date":"2018-03-29T00:00:00","date_gmt":"2018-03-29T04:00:00","guid":{"rendered":"http:\/\/192.81.217.108\/2018\/03\/la-ofrenda-del-sabado-decimotercero-beneficiara-proyectos-en-interamerica\/"},"modified":"2018-05-01T21:54:56","modified_gmt":"2018-05-02T01:54:56","slug":"la-ofrenda-del-sabado-decimotercero-beneficiara-proyectos-en-interamerica","status":"publish","type":"post","link":"https:\/\/interamerica.org\/es\/2018\/03\/la-ofrenda-del-sabado-decimotercero-beneficiara-proyectos-en-interamerica\/","title":{"rendered":"La ofrenda del s\u00e1bado decimotercero beneficiar\u00e1 proyectos en Interam\u00e9rica"},"content":{"rendered":"<div id=\"attachment_34237\" style=\"width: 776px\" class=\"wp-caption aligncenter\"><a href=\"https:\/\/recursing-golick.147-182-135-0.plesk.page\/wp-content\/uploads\/2018\/03\/AAU-church.jpg\" rel=\"fancybox\" title=\"La ofrenda del s\u00e1bado decimotercero beneficiar\u00e1 proyectos en Interam\u00e9rica\"><img fetchpriority=\"high\" decoding=\"async\" aria-describedby=\"caption-attachment-34237\" class=\" wp-image-34237\" src=\"https:\/\/recursing-golick.147-182-135-0.plesk.page\/wp-content\/uploads\/2018\/03\/AAU-church.jpg\" alt=\"\" width=\"766\" height=\"479\" \/><\/a><p id=\"caption-attachment-34237\" class=\"wp-caption-text\">La ofrenda del s\u00e1bado decimotercero se destinar\u00e1 a terminar el nuevo edificio de la iglesia en la Universidad Adventista de las Antillas, en Puerto Rico. Imagen por Libna Stevens -DIA<\/p><\/div>\n<p>28 de marzo de 2018 | Miami, Florida, Estados Unidos | Libna Stevens -DIA<\/p>\n<p>Miles de Iglesias adventistas del s\u00e9ptimo d\u00eda en todo el mundo estar\u00e1n recogiendo una ofrenda especial de final de trimestre, este s\u00e1bado 31 de marzo, a fin de financiar proyectos espec\u00edficos que contribuyen al crecimiento de la iglesia en forma tangible. Esta ofrenda especial del s\u00e1bado decimotercero beneficiar\u00e1 a tres proyectos principales dentro de la iglesia en el territorio de la Divisi\u00f3n Interamericana (DIA), en Trinidad y Tobago, Puerto Rico y M\u00e9xico.<\/p>\n<div id=\"attachment_34234\" style=\"width: 408px\" class=\"wp-caption alignright\"><a href=\"https:\/\/recursing-golick.147-182-135-0.plesk.page\/wp-content\/uploads\/2018\/03\/USC-church.jpg\" rel=\"fancybox\" title=\"La ofrenda del s\u00e1bado decimotercero beneficiar\u00e1 proyectos en Interam\u00e9rica\"><img decoding=\"async\" aria-describedby=\"caption-attachment-34234\" class=\" wp-image-34234\" src=\"https:\/\/recursing-golick.147-182-135-0.plesk.page\/wp-content\/uploads\/2018\/03\/USC-church.jpg\" alt=\"\" width=\"398\" height=\"249\" \/><\/a><p id=\"caption-attachment-34234\" class=\"wp-caption-text\">La Universidad del Sur del Caribe, en Trinidad, tiene planes de construir una nueva iglesia en el plantel de la universidad, que funcionar\u00e1 tambi\u00e9n como un centro de influencia, con los fondos financieros que recibir\u00e1 de esta ofrenda especial. Imagen cortes\u00eda de Misi\u00f3n Adventista<\/p><\/div>\n<p>\u201cEs un d\u00eda especial de celebraci\u00f3n en el que las Iglesias de todo el mundo hacen a un lado sus necesidades locales para ayudar en proyectos espec\u00edficos en otros lugares\u201d, dijo el Pastor Samuel Telemaque, director de Escuela Sab\u00e1tica de la iglesia en Interam\u00e9rica. Ese d\u00eda se celebra un programa especial en el que se enfatiza la diversidad y valiosas culturas m\u00e1s all\u00e1 de nuestras fronteras, en donde los proyectos beneficiar\u00e1n a la iglesia y a la comunidad\u201d, a\u00f1adi\u00f3 el Pastor Telemaque.<\/p>\n<p>\u201cHay una tremenda participaci\u00f3n en todas nuestras Iglesias en el territorio de la DIA. Los ni\u00f1os recitar\u00e1n sus vers\u00edculos para memorizar, se contar\u00e1n historias misioneras, se enfatizar\u00e1n algunas culturas y los miembros traer\u00e1n su ofrenda especial para el avance de la obra del evangelio\u201d, dijo el Pastor Telemaque.<\/p>\n<p>Los fondos financieros de este s\u00e1bado decimotercero se dedicar\u00e1n a la construcci\u00f3n de un nuevo santuario en la Universidad del Sur del Caribe, en Puerto Espa\u00f1a, Trinidad. Este edificio de iglesia dar\u00e1 cabida a 1,700 personas y ser\u00e1 sede tambi\u00e9n de un centro de influencia que tiene como prop\u00f3sito involucrar a participantes en misiones multiculturales, evangelizaci\u00f3n y ministerio urbano.<\/p>\n<p>La ofrenda especial de este s\u00e1bado ayudar\u00e1 a terminar la iglesia de la universidad en la Universidad Adventista de las Antillas, en Mayag\u00fcez, Puerto Rico. El edificio ser\u00e1 utilizado para la adoraci\u00f3n y las actividades misioneras, como una base espiritual para los estudiantes y un centro de influencia para la comunidad local.<\/p>\n<div id=\"attachment_34243\" style=\"width: 408px\" class=\"wp-caption alignleft\"><a href=\"https:\/\/recursing-golick.147-182-135-0.plesk.page\/wp-content\/uploads\/2018\/03\/SE-hospital-mex-1.jpg\" rel=\"fancybox\" title=\"La ofrenda del s\u00e1bado decimotercero beneficiar\u00e1 proyectos en Interam\u00e9rica\"><img decoding=\"async\" aria-describedby=\"caption-attachment-34243\" class=\" wp-image-34243\" src=\"https:\/\/recursing-golick.147-182-135-0.plesk.page\/wp-content\/uploads\/2018\/03\/SE-hospital-mex-1.jpg\" alt=\"\" width=\"398\" height=\"249\" \/><\/a><p id=\"caption-attachment-34243\" class=\"wp-caption-text\">El Hospital Adventista del Sureste utilizar\u00e1 fondos monetarios procedentes de esta ofrenda especial para una expansi\u00f3n de sus servicios de atenci\u00f3n m\u00e9dica en favor de m\u00e1s pacientes. Imagen cortes\u00eda de Misi\u00f3n Adventista<\/p><\/div>\n<p>El Hospital Adventista del Sureste, en Villahermosa, Tabasco, M\u00e9xico, usar\u00e1 parte de la ofrenda que se reciba, para expandir sus instalaciones y hacer lugar para m\u00e1s pacientes, as\u00ed como para ofrecer m\u00e1s opciones de tratamiento m\u00e9dico en su af\u00e1n de ofrecer salud, curaci\u00f3n y esperanza a trav\u00e9s de su atenci\u00f3n m\u00e9dica centrada en Cristo. Los dirigentes de la iglesia tienen planes de construir tambi\u00e9n un centro de influencia urbano en la ciudad, que ofrezca atenci\u00f3n m\u00e9dica e instrucci\u00f3n sobre salud en favor de la comunidad.<\/p>\n<p>\u201cEsta es la mayor movilizaci\u00f3n en la Escuela Sab\u00e1tica cada trimestre en Interam\u00e9rica y en todo el mundo\u201d a\u00f1adi\u00f3 el Pastor Telemaque. \u201cEs emocionante ver a los miembros de la iglesia unidos en dadivosidad abnegada en el s\u00e1bado decimotercero, con el fin de hacer avanzar la obra del evangelio\u201d.<\/p>\n<p>Para ver una videograbaci\u00f3n preparada por Misi\u00f3n Adventista, acerca de los proyectos que se beneficiar\u00e1n con la Ofrenda de 13? <sup>th<\/sup> S\u00e1bado, pulsa <a href=\"mailto:https:\/\/www.youtube.com\/watch%3Fv=rNayuATDp6k%26t=29s\">AQU\u00cd<\/a> para ingl\u00e9s, y <a href=\"mailto:https:\/\/www.youtube.com\/watch%3Fv=KQ3737sVL-0%26feature=youtu.be\">AQU\u00cd<\/a> para espa\u00f1ol.<\/p>\n<p>Traducci\u00f3n &#8211; Gloria A Castrej\u00f3n<\/p>\n","protected":false},"excerpt":{"rendered":"<p>Miles de Iglesias adventistas del s\u00e9ptimo d\u00eda en todo el mundo estar\u00e1n recogiendo una ofrenda especial de final de trimestre, este s\u00e1bado 31 de marzo, a fin de financiar proyectos espec\u00edficos que contribuyen al crecimiento de la iglesia en forma tangible. Esta ofrenda especial del s\u00e1bado decimotercero beneficiar\u00e1 a tres proyectos principales dentro de la iglesia en el territorio de la Divisi\u00f3n Interamericana (DIA), en Trinidad y Tobago, Puerto Rico y M\u00e9xico.<\/p>\n","protected":false},"author":1,"featured_media":39672,"comment_status":"closed","ping_status":"closed","sticky":false,"template":"","format":"standard","meta":{"_acf_changed":false,"footnotes":""},"categories":[16,15],"tags":[],"class_list":["post-39737","post","type-post","status-publish","format-standard","has-post-thumbnail","hentry","category-desde-la-sede","category-rss-espanol"],"acf":[],"yoast_head":"<!-- This site is optimized with the Yoast SEO plugin v27.3 - https:\/\/yoast.com\/product\/yoast-seo-wordpress\/ -->\n<title>La ofrenda del s\u00e1bado decimotercero beneficiar\u00e1 proyectos en Interam\u00e9rica - Iglesia Adventista del S\u00e9ptimo D\u00eda - Divisi\u00f3n Interamericana<\/title>\n<meta name=\"robots\" content=\"index, follow, max-snippet:-1, max-image-preview:large, max-video-preview:-1\" \/>\n<link rel=\"canonical\" href=\"https:\/\/interamerica.org\/es\/2018\/03\/la-ofrenda-del-sabado-decimotercero-beneficiara-proyectos-en-interamerica\/\" \/>\n<meta property=\"og:locale\" content=\"es_ES\" \/>\n<meta property=\"og:type\" content=\"article\" \/>\n<meta property=\"og:title\" content=\"La ofrenda del s\u00e1bado decimotercero beneficiar\u00e1 proyectos en Interam\u00e9rica - Iglesia Adventista del S\u00e9ptimo D\u00eda - Divisi\u00f3n Interamericana\" \/>\n<meta property=\"og:description\" content=\"Miles de Iglesias adventistas del s\u00e9ptimo d\u00eda en todo el mundo estar\u00e1n recogiendo una ofrenda especial de final de trimestre, este s\u00e1bado 31 de marzo, a fin de financiar proyectos espec\u00edficos que contribuyen al crecimiento de la iglesia en forma tangible. Esta ofrenda especial del s\u00e1bado decimotercero beneficiar\u00e1 a tres proyectos principales dentro de la iglesia en el territorio de la Divisi\u00f3n Interamericana (DIA), en Trinidad y Tobago, Puerto Rico y M\u00e9xico.\" \/>\n<meta property=\"og:url\" content=\"https:\/\/interamerica.org\/es\/2018\/03\/la-ofrenda-del-sabado-decimotercero-beneficiara-proyectos-en-interamerica\/\" \/>\n<meta property=\"og:site_name\" content=\"Iglesia Adventista del S\u00e9ptimo D\u00eda - Divisi\u00f3n Interamericana\" \/>\n<meta property=\"article:published_time\" content=\"2018-03-29T04:00:00+00:00\" \/>\n<meta property=\"article:modified_time\" content=\"2018-05-02T01:54:56+00:00\" \/>\n<meta property=\"og:image\" content=\"https:\/\/interamerica.org\/wp-content\/uploads\/2018\/04\/aau-church.jpg\" \/>\n\t<meta property=\"og:image:width\" content=\"1280\" \/>\n\t<meta property=\"og:image:height\" content=\"800\" \/>\n\t<meta property=\"og:image:type\" content=\"image\/jpeg\" \/>\n<meta name=\"author\" content=\"Lorenzo Verduzco\" \/>\n<meta name=\"twitter:card\" content=\"summary_large_image\" \/>\n<meta name=\"twitter:label1\" content=\"Escrito por\" \/>\n\t<meta name=\"twitter:data1\" content=\"Lorenzo Verduzco\" \/>\n\t<meta name=\"twitter:label2\" content=\"Tiempo de lectura\" \/>\n\t<meta name=\"twitter:data2\" content=\"3 minutos\" \/>\n<script type=\"application\/ld+json\" class=\"yoast-schema-graph\">{\"@context\":\"https:\\\/\\\/schema.org\",\"@graph\":[{\"@type\":\"Article\",\"@id\":\"https:\\\/\\\/interamerica.org\\\/es\\\/2018\\\/03\\\/la-ofrenda-del-sabado-decimotercero-beneficiara-proyectos-en-interamerica\\\/#article\",\"isPartOf\":{\"@id\":\"https:\\\/\\\/interamerica.org\\\/es\\\/2018\\\/03\\\/la-ofrenda-del-sabado-decimotercero-beneficiara-proyectos-en-interamerica\\\/\"},\"author\":{\"name\":\"Lorenzo Verduzco\",\"@id\":\"https:\\\/\\\/interamerica.org\\\/es\\\/#\\\/schema\\\/person\\\/68ede8bdc292885bb76c1e3810e73c39\"},\"headline\":\"La ofrenda del s\u00e1bado decimotercero beneficiar\u00e1 proyectos en Interam\u00e9rica\",\"datePublished\":\"2018-03-29T04:00:00+00:00\",\"dateModified\":\"2018-05-02T01:54:56+00:00\",\"mainEntityOfPage\":{\"@id\":\"https:\\\/\\\/interamerica.org\\\/es\\\/2018\\\/03\\\/la-ofrenda-del-sabado-decimotercero-beneficiara-proyectos-en-interamerica\\\/\"},\"wordCount\":697,\"image\":{\"@id\":\"https:\\\/\\\/interamerica.org\\\/es\\\/2018\\\/03\\\/la-ofrenda-del-sabado-decimotercero-beneficiara-proyectos-en-interamerica\\\/#primaryimage\"},\"thumbnailUrl\":\"https:\\\/\\\/interamerica.org\\\/wp-content\\\/uploads\\\/2018\\\/04\\\/aau-church.jpg\",\"articleSection\":[\"Desde la sede\",\"RSS Espa\u00f1ol\"],\"inLanguage\":\"es\"},{\"@type\":\"WebPage\",\"@id\":\"https:\\\/\\\/interamerica.org\\\/es\\\/2018\\\/03\\\/la-ofrenda-del-sabado-decimotercero-beneficiara-proyectos-en-interamerica\\\/\",\"url\":\"https:\\\/\\\/interamerica.org\\\/es\\\/2018\\\/03\\\/la-ofrenda-del-sabado-decimotercero-beneficiara-proyectos-en-interamerica\\\/\",\"name\":\"La ofrenda del s\u00e1bado decimotercero beneficiar\u00e1 proyectos en Interam\u00e9rica - Iglesia Adventista del S\u00e9ptimo D\u00eda - Divisi\u00f3n Interamericana\",\"isPartOf\":{\"@id\":\"https:\\\/\\\/interamerica.org\\\/es\\\/#website\"},\"primaryImageOfPage\":{\"@id\":\"https:\\\/\\\/interamerica.org\\\/es\\\/2018\\\/03\\\/la-ofrenda-del-sabado-decimotercero-beneficiara-proyectos-en-interamerica\\\/#primaryimage\"},\"image\":{\"@id\":\"https:\\\/\\\/interamerica.org\\\/es\\\/2018\\\/03\\\/la-ofrenda-del-sabado-decimotercero-beneficiara-proyectos-en-interamerica\\\/#primaryimage\"},\"thumbnailUrl\":\"https:\\\/\\\/interamerica.org\\\/wp-content\\\/uploads\\\/2018\\\/04\\\/aau-church.jpg\",\"datePublished\":\"2018-03-29T04:00:00+00:00\",\"dateModified\":\"2018-05-02T01:54:56+00:00\",\"author\":{\"@id\":\"https:\\\/\\\/interamerica.org\\\/es\\\/#\\\/schema\\\/person\\\/68ede8bdc292885bb76c1e3810e73c39\"},\"breadcrumb\":{\"@id\":\"https:\\\/\\\/interamerica.org\\\/es\\\/2018\\\/03\\\/la-ofrenda-del-sabado-decimotercero-beneficiara-proyectos-en-interamerica\\\/#breadcrumb\"},\"inLanguage\":\"es\",\"potentialAction\":[{\"@type\":\"ReadAction\",\"target\":[\"https:\\\/\\\/interamerica.org\\\/es\\\/2018\\\/03\\\/la-ofrenda-del-sabado-decimotercero-beneficiara-proyectos-en-interamerica\\\/\"]}]},{\"@type\":\"ImageObject\",\"inLanguage\":\"es\",\"@id\":\"https:\\\/\\\/interamerica.org\\\/es\\\/2018\\\/03\\\/la-ofrenda-del-sabado-decimotercero-beneficiara-proyectos-en-interamerica\\\/#primaryimage\",\"url\":\"https:\\\/\\\/interamerica.org\\\/wp-content\\\/uploads\\\/2018\\\/04\\\/aau-church.jpg\",\"contentUrl\":\"https:\\\/\\\/interamerica.org\\\/wp-content\\\/uploads\\\/2018\\\/04\\\/aau-church.jpg\",\"width\":1280,\"height\":800},{\"@type\":\"BreadcrumbList\",\"@id\":\"https:\\\/\\\/interamerica.org\\\/es\\\/2018\\\/03\\\/la-ofrenda-del-sabado-decimotercero-beneficiara-proyectos-en-interamerica\\\/#breadcrumb\",\"itemListElement\":[{\"@type\":\"ListItem\",\"position\":1,\"name\":\"Home\",\"item\":\"https:\\\/\\\/interamerica.org\\\/es\\\/\"},{\"@type\":\"ListItem\",\"position\":2,\"name\":\"La ofrenda del s\u00e1bado decimotercero beneficiar\u00e1 proyectos en Interam\u00e9rica\"}]},{\"@type\":\"WebSite\",\"@id\":\"https:\\\/\\\/interamerica.org\\\/es\\\/#website\",\"url\":\"https:\\\/\\\/interamerica.org\\\/es\\\/\",\"name\":\"Iglesia Adventista del S\u00e9ptimo D\u00eda - Divisi\u00f3n Interamericana\",\"description\":\"\",\"potentialAction\":[{\"@type\":\"SearchAction\",\"target\":{\"@type\":\"EntryPoint\",\"urlTemplate\":\"https:\\\/\\\/interamerica.org\\\/es\\\/?s={search_term_string}\"},\"query-input\":{\"@type\":\"PropertyValueSpecification\",\"valueRequired\":true,\"valueName\":\"search_term_string\"}}],\"inLanguage\":\"es\"},{\"@type\":\"Person\",\"@id\":\"https:\\\/\\\/interamerica.org\\\/es\\\/#\\\/schema\\\/person\\\/68ede8bdc292885bb76c1e3810e73c39\",\"name\":\"Lorenzo Verduzco\",\"image\":{\"@type\":\"ImageObject\",\"inLanguage\":\"es\",\"@id\":\"https:\\\/\\\/secure.gravatar.com\\\/avatar\\\/fb81a55b6218459490a9c1dc841a34909185b81904c5337b4b27f7a6fd60c49e?s=96&d=mm&r=g\",\"url\":\"https:\\\/\\\/secure.gravatar.com\\\/avatar\\\/fb81a55b6218459490a9c1dc841a34909185b81904c5337b4b27f7a6fd60c49e?s=96&d=mm&r=g\",\"contentUrl\":\"https:\\\/\\\/secure.gravatar.com\\\/avatar\\\/fb81a55b6218459490a9c1dc841a34909185b81904c5337b4b27f7a6fd60c49e?s=96&d=mm&r=g\",\"caption\":\"Lorenzo Verduzco\"}}]}<\/script>\n<!-- \/ Yoast SEO plugin. -->","yoast_head_json":{"title":"La ofrenda del s\u00e1bado decimotercero beneficiar\u00e1 proyectos en Interam\u00e9rica - Iglesia Adventista del S\u00e9ptimo D\u00eda - Divisi\u00f3n Interamericana","robots":{"index":"index","follow":"follow","max-snippet":"max-snippet:-1","max-image-preview":"max-image-preview:large","max-video-preview":"max-video-preview:-1"},"canonical":"https:\/\/interamerica.org\/es\/2018\/03\/la-ofrenda-del-sabado-decimotercero-beneficiara-proyectos-en-interamerica\/","og_locale":"es_ES","og_type":"article","og_title":"La ofrenda del s\u00e1bado decimotercero beneficiar\u00e1 proyectos en Interam\u00e9rica - Iglesia Adventista del S\u00e9ptimo D\u00eda - Divisi\u00f3n Interamericana","og_description":"Miles de Iglesias adventistas del s\u00e9ptimo d\u00eda en todo el mundo estar\u00e1n recogiendo una ofrenda especial de final de trimestre, este s\u00e1bado 31 de marzo, a fin de financiar proyectos espec\u00edficos que contribuyen al crecimiento de la iglesia en forma tangible. Esta ofrenda especial del s\u00e1bado decimotercero beneficiar\u00e1 a tres proyectos principales dentro de la iglesia en el territorio de la Divisi\u00f3n Interamericana (DIA), en Trinidad y Tobago, Puerto Rico y M\u00e9xico.","og_url":"https:\/\/interamerica.org\/es\/2018\/03\/la-ofrenda-del-sabado-decimotercero-beneficiara-proyectos-en-interamerica\/","og_site_name":"Iglesia Adventista del S\u00e9ptimo D\u00eda - Divisi\u00f3n Interamericana","article_published_time":"2018-03-29T04:00:00+00:00","article_modified_time":"2018-05-02T01:54:56+00:00","og_image":[{"width":1280,"height":800,"url":"https:\/\/interamerica.org\/wp-content\/uploads\/2018\/04\/aau-church.jpg","type":"image\/jpeg"}],"author":"Lorenzo Verduzco","twitter_card":"summary_large_image","twitter_misc":{"Escrito por":"Lorenzo Verduzco","Tiempo de lectura":"3 minutos"},"schema":{"@context":"https:\/\/schema.org","@graph":[{"@type":"Article","@id":"https:\/\/interamerica.org\/es\/2018\/03\/la-ofrenda-del-sabado-decimotercero-beneficiara-proyectos-en-interamerica\/#article","isPartOf":{"@id":"https:\/\/interamerica.org\/es\/2018\/03\/la-ofrenda-del-sabado-decimotercero-beneficiara-proyectos-en-interamerica\/"},"author":{"name":"Lorenzo Verduzco","@id":"https:\/\/interamerica.org\/es\/#\/schema\/person\/68ede8bdc292885bb76c1e3810e73c39"},"headline":"La ofrenda del s\u00e1bado decimotercero beneficiar\u00e1 proyectos en Interam\u00e9rica","datePublished":"2018-03-29T04:00:00+00:00","dateModified":"2018-05-02T01:54:56+00:00","mainEntityOfPage":{"@id":"https:\/\/interamerica.org\/es\/2018\/03\/la-ofrenda-del-sabado-decimotercero-beneficiara-proyectos-en-interamerica\/"},"wordCount":697,"image":{"@id":"https:\/\/interamerica.org\/es\/2018\/03\/la-ofrenda-del-sabado-decimotercero-beneficiara-proyectos-en-interamerica\/#primaryimage"},"thumbnailUrl":"https:\/\/interamerica.org\/wp-content\/uploads\/2018\/04\/aau-church.jpg","articleSection":["Desde la sede","RSS Espa\u00f1ol"],"inLanguage":"es"},{"@type":"WebPage","@id":"https:\/\/interamerica.org\/es\/2018\/03\/la-ofrenda-del-sabado-decimotercero-beneficiara-proyectos-en-interamerica\/","url":"https:\/\/interamerica.org\/es\/2018\/03\/la-ofrenda-del-sabado-decimotercero-beneficiara-proyectos-en-interamerica\/","name":"La ofrenda del s\u00e1bado decimotercero beneficiar\u00e1 proyectos en Interam\u00e9rica - Iglesia Adventista del S\u00e9ptimo D\u00eda - Divisi\u00f3n Interamericana","isPartOf":{"@id":"https:\/\/interamerica.org\/es\/#website"},"primaryImageOfPage":{"@id":"https:\/\/interamerica.org\/es\/2018\/03\/la-ofrenda-del-sabado-decimotercero-beneficiara-proyectos-en-interamerica\/#primaryimage"},"image":{"@id":"https:\/\/interamerica.org\/es\/2018\/03\/la-ofrenda-del-sabado-decimotercero-beneficiara-proyectos-en-interamerica\/#primaryimage"},"thumbnailUrl":"https:\/\/interamerica.org\/wp-content\/uploads\/2018\/04\/aau-church.jpg","datePublished":"2018-03-29T04:00:00+00:00","dateModified":"2018-05-02T01:54:56+00:00","author":{"@id":"https:\/\/interamerica.org\/es\/#\/schema\/person\/68ede8bdc292885bb76c1e3810e73c39"},"breadcrumb":{"@id":"https:\/\/interamerica.org\/es\/2018\/03\/la-ofrenda-del-sabado-decimotercero-beneficiara-proyectos-en-interamerica\/#breadcrumb"},"inLanguage":"es","potentialAction":[{"@type":"ReadAction","target":["https:\/\/interamerica.org\/es\/2018\/03\/la-ofrenda-del-sabado-decimotercero-beneficiara-proyectos-en-interamerica\/"]}]},{"@type":"ImageObject","inLanguage":"es","@id":"https:\/\/interamerica.org\/es\/2018\/03\/la-ofrenda-del-sabado-decimotercero-beneficiara-proyectos-en-interamerica\/#primaryimage","url":"https:\/\/interamerica.org\/wp-content\/uploads\/2018\/04\/aau-church.jpg","contentUrl":"https:\/\/interamerica.org\/wp-content\/uploads\/2018\/04\/aau-church.jpg","width":1280,"height":800},{"@type":"BreadcrumbList","@id":"https:\/\/interamerica.org\/es\/2018\/03\/la-ofrenda-del-sabado-decimotercero-beneficiara-proyectos-en-interamerica\/#breadcrumb","itemListElement":[{"@type":"ListItem","position":1,"name":"Home","item":"https:\/\/interamerica.org\/es\/"},{"@type":"ListItem","position":2,"name":"La ofrenda del s\u00e1bado decimotercero beneficiar\u00e1 proyectos en Interam\u00e9rica"}]},{"@type":"WebSite","@id":"https:\/\/interamerica.org\/es\/#website","url":"https:\/\/interamerica.org\/es\/","name":"Iglesia Adventista del S\u00e9ptimo D\u00eda - Divisi\u00f3n Interamericana","description":"","potentialAction":[{"@type":"SearchAction","target":{"@type":"EntryPoint","urlTemplate":"https:\/\/interamerica.org\/es\/?s={search_term_string}"},"query-input":{"@type":"PropertyValueSpecification","valueRequired":true,"valueName":"search_term_string"}}],"inLanguage":"es"},{"@type":"Person","@id":"https:\/\/interamerica.org\/es\/#\/schema\/person\/68ede8bdc292885bb76c1e3810e73c39","name":"Lorenzo Verduzco","image":{"@type":"ImageObject","inLanguage":"es","@id":"https:\/\/secure.gravatar.com\/avatar\/fb81a55b6218459490a9c1dc841a34909185b81904c5337b4b27f7a6fd60c49e?s=96&d=mm&r=g","url":"https:\/\/secure.gravatar.com\/avatar\/fb81a55b6218459490a9c1dc841a34909185b81904c5337b4b27f7a6fd60c49e?s=96&d=mm&r=g","contentUrl":"https:\/\/secure.gravatar.com\/avatar\/fb81a55b6218459490a9c1dc841a34909185b81904c5337b4b27f7a6fd60c49e?s=96&d=mm&r=g","caption":"Lorenzo Verduzco"}}]}},"_links":{"self":[{"href":"https:\/\/interamerica.org\/es\/wp-json\/wp\/v2\/posts\/39737","targetHints":{"allow":["GET"]}}],"collection":[{"href":"https:\/\/interamerica.org\/es\/wp-json\/wp\/v2\/posts"}],"about":[{"href":"https:\/\/interamerica.org\/es\/wp-json\/wp\/v2\/types\/post"}],"author":[{"embeddable":true,"href":"https:\/\/interamerica.org\/es\/wp-json\/wp\/v2\/users\/1"}],"replies":[{"embeddable":true,"href":"https:\/\/interamerica.org\/es\/wp-json\/wp\/v2\/comments?post=39737"}],"version-history":[{"count":0,"href":"https:\/\/interamerica.org\/es\/wp-json\/wp\/v2\/posts\/39737\/revisions"}],"wp:featuredmedia":[{"embeddable":true,"href":"https:\/\/interamerica.org\/es\/wp-json\/wp\/v2\/media\/39672"}],"wp:attachment":[{"href":"https:\/\/interamerica.org\/es\/wp-json\/wp\/v2\/media?parent=39737"}],"wp:term":[{"taxonomy":"category","embeddable":true,"href":"https:\/\/interamerica.org\/es\/wp-json\/wp\/v2\/categories?post=39737"},{"taxonomy":"post_tag","embeddable":true,"href":"https:\/\/interamerica.org\/es\/wp-json\/wp\/v2\/tags?post=39737"}],"curies":[{"name":"wp","href":"https:\/\/api.w.org\/{rel}","templated":true}]}}