{"id":40336,"date":"2018-04-10T06:23:45","date_gmt":"2018-04-10T10:23:45","guid":{"rendered":"http:\/\/192.81.217.108\/?p=40336"},"modified":"2018-05-01T21:29:15","modified_gmt":"2018-05-02T01:29:15","slug":"la-iglesia-adventista-en-jamaica-celebra-la-postura-que-protege-a-observadores-del-sabado","status":"publish","type":"post","link":"https:\/\/interamerica.org\/es\/2018\/04\/la-iglesia-adventista-en-jamaica-celebra-la-postura-que-protege-a-observadores-del-sabado\/","title":{"rendered":"La Iglesia Adventista en Jamaica celebra la postura que protege a observadores del s\u00e1bado"},"content":{"rendered":"<p>10 de abril de 2018 | Kingston, Jamaica | Jamaica Union News \u2013 Personal DIA<\/p>\n<p>La Iglesia Adventista del S\u00e9ptimo D\u00eda en Jamaica ha recibido con benepl\u00e1cito la posici\u00f3n tomada la semana pasada en Kingston, por el presidente de la Organizaci\u00f3n del Sector Privado de Jamaica (PSOJ por sus siglas en ingl\u00e9s), hacia los miembros de la Asociaci\u00f3n que les niegan empleo a los adventistas del s\u00e9ptimo d\u00eda. Howard Mitchell, presidente de PSOJ, dijo que se tomar\u00e1 acci\u00f3n en contra de compa\u00f1\u00edas que se encuentre que les han negado empleo a adventistas del s\u00e9ptimo d\u00eda simplemente por raz\u00f3n de su fe.<\/p>\n<p>El trasfondo de esta declaraci\u00f3n de Howard Mitchell proviene del Informe sobre Libertad Religiosa Internacional del Departamento de Estado de los Estados Unidos, en el cual se encontr\u00f3 que los observadores del s\u00e1bado experimentan dificultades para mantener sus empleos.<\/p>\n<div id=\"attachment_40097\" style=\"width: 375px\" class=\"wp-caption alignleft\"><img fetchpriority=\"high\" decoding=\"async\" aria-describedby=\"caption-attachment-40097\" class=\" wp-image-40097\" src=\"http:\/\/192.81.217.108\/interamerica\/wp-content\/uploads\/2018\/04\/jamu-everettbrown-church-300x225.jpg\" alt=\"\" width=\"365\" height=\"274\" srcset=\"https:\/\/interamerica.org\/wp-content\/uploads\/2018\/04\/jamu-everettbrown-church-300x225.jpg 300w, https:\/\/interamerica.org\/wp-content\/uploads\/2018\/04\/jamu-everettbrown-church-768x576.jpg 768w, https:\/\/interamerica.org\/wp-content\/uploads\/2018\/04\/jamu-everettbrown-church.jpg 1024w\" sizes=\"(max-width: 365px) 100vw, 365px\" \/><p id=\"caption-attachment-40097\" class=\"wp-caption-text\">El Pastor Everette Brown, presidente de la iglesia en\u00a0\u00a0 Jamaica predica durante un servicio de adoraci\u00f3n en una concurrida Iglesia Adventista. Hay una persona adventista por cada doce en Jamaica. Imagen cortes\u00eda de la Uni\u00f3n de Jamaica.<\/p><\/div>\n<p>\u201cRecibimos complacidos totalmente esta postura del presidente de PSOJ, que ya tardaba en venir, pero que es muy oportuna\u201d dijo Nigel Coke, del departamento de Asuntos P\u00fablicos y Libertad Religiosa en Jamaica. \u201cAunque algunos de nuestros miembros est\u00e1n siendo afectados ahora y lo han sido en el pasado, creemos que es ya tiempo de enfrentar este asunto en una forma amigable y avanzar hacia adelante\u201d, agreg\u00f3.<\/p>\n<p>Nigel Coke piensa que esta es la gran oportunidad para educar a los miembros de PSOJ en cuanto a la constituci\u00f3n y sobre lo que se requiere. \u201cEstamos dispuestos a reunirnos con los miembros de la asociaci\u00f3n para discutir sobre algunos de los asuntos y sobre c\u00f3mo pueden enfrentarlos, de manera que sea una situaci\u00f3n en la que ganen ambas partes\u201d.<\/p>\n<p>Con una proporci\u00f3n de un adventista por cada 12 habitantes en Jamaica, esta postura puede afectar a m\u00e1s de 307,000 miembros de iglesia en la isla.<\/p>\n<p>\u201cMe infunde mucho \u00e1nimo la postura tomada por el presidente de PSOJ, de no apoyar a los miembros de la organizaci\u00f3n que violan los derechos constitucionales de los trabajadores, de adorar en el d\u00eda que ellos elijan\u201d, dijo el Pastor Everett Brown, presidente de la Iglesia Adventista del S\u00e9ptimo D\u00eda en Jamaica. \u201cAlentamos a otros l\u00edderes en los sectores privados y p\u00fablicos a apoyar nuestra defensa para preservar los derechos de todos los trabajadores y estudiantes de adorar en el d\u00eda que ellos elijan, para lo cual hay provisi\u00f3n en la constituci\u00f3n de Jamaica\u201d.<\/p>\n<p>El Pastor Brown dijo que la Iglesia Adventista va a continuar cabildeando y levantando su voz en favor de los miembros de iglesia y otras personas religiosas cuyo derecho a adorar en el d\u00eda que ellos elijan, se ha estado violando. \u201cContinuaremos trabajando con todas las partes interesadas para asegurarnos de que se elimina la discriminaci\u00f3n por causa de la religi\u00f3n en los lugares de trabajo y en nuestras instituciones educativas\u201d.<\/p>\n<p>De acuerdo con el informe de un peri\u00f3dico de Jamaica, uno de los m\u00e1s grandes problemas es que algunos supervisores les est\u00e1n pagando extra a sus empleados por trabajar en s\u00e1bado, lo cual puede dar la impresi\u00f3n de que se puede emplear dinero para tentar a los trabajadores a trabajar en s\u00e1bado.<\/p>\n<div id=\"attachment_40100\" style=\"width: 375px\" class=\"wp-caption alignright\"><img decoding=\"async\" aria-describedby=\"caption-attachment-40100\" class=\" wp-image-40100\" src=\"http:\/\/192.81.217.108\/interamerica\/wp-content\/uploads\/2018\/04\/nigelcoke-jamu-300x225.jpg\" alt=\"\" width=\"365\" height=\"274\" srcset=\"https:\/\/interamerica.org\/wp-content\/uploads\/2018\/04\/nigelcoke-jamu-300x225.jpg 300w, https:\/\/interamerica.org\/wp-content\/uploads\/2018\/04\/nigelcoke-jamu-768x576.jpg 768w, https:\/\/interamerica.org\/wp-content\/uploads\/2018\/04\/nigelcoke-jamu.jpg 1024w\" sizes=\"(max-width: 365px) 100vw, 365px\" \/><p id=\"caption-attachment-40100\" class=\"wp-caption-text\">El director de Asuntos P\u00fablicos y Libertad Religiosa de Jamaica, dijo que la posici\u00f3n tomada por PSOJ era ya largamente esperada, pero ahora oportuna. Imagen cortes\u00eda de la Uni\u00f3n de Jamaica.<\/p><\/div>\n<p>\u201cEsto es una violaci\u00f3n de la garant\u00eda dada por la constituci\u00f3n de que no debe haber discriminaci\u00f3n basada en la religi\u00f3n de la persona, en las pr\u00e1cticas de su creencia o en la observancia de un d\u00eda de reposo\u201d, dijo el abogado Wendell Wilkins. Como resultado, el d\u00eda religioso de un ciudadano debe respetarse como un asunto de ley\u201d, a\u00f1adi\u00f3.<\/p>\n<p>El abogado Wilkins arguy\u00f3 adem\u00e1s que Jamaica es signatario en muchos tratados internacionales que incluyen la provisi\u00f3n de que no debe haber ninguna clase de discriminaci\u00f3n basada en la religi\u00f3n de la persona. \u201cEste derecho constitucional opera independientemente de que la entidad en cuesti\u00f3n sea privada o p\u00fablica; por lo tanto, nadie debe ser discriminado en su lugar de trabajo bas\u00e1ndose en su religi\u00f3n, ya sea que adore en s\u00e1bado, en domingo o en cualquier otro d\u00eda, cuando la persona est\u00e1 buscando empleo o cuando ya est\u00e1 empleada\u201d.<\/p>\n<p>\u201cEl derecho en contra de la discriminaci\u00f3n de base religiosa se aplica tambi\u00e9n a las instituciones educativas p\u00fablicas y privadas\u201d.<\/p>\n<p>Al reaccionar ante la divulgaci\u00f3n hecha por el Departamento de Estado de los Estados Unidos, Nigel Coke describi\u00f3 la situaci\u00f3n como infortunada.<\/p>\n<p>\u00abEs realmente infortunado que cualquier pa\u00eds o cualquier organizaci\u00f3n no reconozca los derechos religiosos individuales de acuerdo con su conciencia dada por Dios. Es un derecho fundamental de cada persona individual dado en la creaci\u00f3n\u201d, a\u00f1adi\u00f3 Nigel Coke.<\/p>\n<p>Hizo notar tambi\u00e9n que la discriminaci\u00f3n tambi\u00e9n transciende el lugar de trabajo y se practica en instituciones de nivel terciario, en donde algunas clases y ex\u00e1menes se ofrecen durante las horas en que los adventistas del s\u00e9ptimo d\u00eda reservan para su reposo semanal.<\/p>\n<p>\u201cNecesitamos enterarnos m\u00e1s de este problema en el sector de educaci\u00f3n, porque muchos estudiantes observadores del s\u00e1bado est\u00e1n ahora preocupados porque los ex\u00e1menes que se avecinan han sido programados durante las horas del s\u00e1bado, desde la puesta de sol del viernes hasta la puesta de sol del s\u00e1bado\u201d, se\u00f1al\u00f3 \u00e9l mismo.<\/p>\n<p>La Iglesia Adventista del S\u00e9ptimo d\u00eda en Jamaica cuenta con m\u00e1s de 307,000 miembros de iglesia que adoran en 738 iglesias y congregaciones. La iglesia supervisa tambi\u00e9n veintinueve escuelas primarias y secundarias, una universidad y un hospital.<\/p>\n<p>Para m\u00e1s informaci\u00f3n sobre la iglesia en Jamaica, pulsa <a href=\"mailto:https:\/\/jmunion.org\/\">jmunion.org<\/a><\/p>\n<p>Traducci\u00f3n &#8211; Gloria A Castrej\u00f3n<\/p>\n","protected":false},"excerpt":{"rendered":"<p>10 de abril de 2018 | Kingston, Jamaica | Jamaica Union News \u2013 Personal DIA La Iglesia Adventista del S\u00e9ptimo D\u00eda en Jamaica ha recibido con benepl\u00e1cito la posici\u00f3n tomada&#8230;<\/p>\n","protected":false},"author":3,"featured_media":40096,"comment_status":"open","ping_status":"closed","sticky":false,"template":"","format":"standard","meta":{"_acf_changed":false,"footnotes":""},"categories":[17,15],"tags":[],"class_list":["post-40336","post","type-post","status-publish","format-standard","has-post-thumbnail","hentry","category-desde-el-campo","category-rss-espanol"],"acf":[],"yoast_head":"<!-- This site is optimized with the Yoast SEO plugin v27.3 - https:\/\/yoast.com\/product\/yoast-seo-wordpress\/ -->\n<title>La Iglesia Adventista en Jamaica celebra la postura que protege a observadores del s\u00e1bado - Iglesia Adventista del S\u00e9ptimo D\u00eda - Divisi\u00f3n Interamericana<\/title>\n<meta name=\"robots\" content=\"index, follow, max-snippet:-1, max-image-preview:large, max-video-preview:-1\" \/>\n<link rel=\"canonical\" href=\"https:\/\/interamerica.org\/es\/2018\/04\/la-iglesia-adventista-en-jamaica-celebra-la-postura-que-protege-a-observadores-del-sabado\/\" \/>\n<meta property=\"og:locale\" content=\"es_ES\" \/>\n<meta property=\"og:type\" content=\"article\" \/>\n<meta property=\"og:title\" content=\"La Iglesia Adventista en Jamaica celebra la postura que protege a observadores del s\u00e1bado - Iglesia Adventista del S\u00e9ptimo D\u00eda - Divisi\u00f3n Interamericana\" \/>\n<meta property=\"og:description\" content=\"10 de abril de 2018 | Kingston, Jamaica | Jamaica Union News \u2013 Personal DIA La Iglesia Adventista del S\u00e9ptimo D\u00eda en Jamaica ha recibido con benepl\u00e1cito la posici\u00f3n tomada...\" \/>\n<meta property=\"og:url\" content=\"https:\/\/interamerica.org\/es\/2018\/04\/la-iglesia-adventista-en-jamaica-celebra-la-postura-que-protege-a-observadores-del-sabado\/\" \/>\n<meta property=\"og:site_name\" content=\"Iglesia Adventista del S\u00e9ptimo D\u00eda - Divisi\u00f3n Interamericana\" \/>\n<meta property=\"article:published_time\" content=\"2018-04-10T10:23:45+00:00\" \/>\n<meta property=\"article:modified_time\" content=\"2018-05-02T01:29:15+00:00\" \/>\n<meta property=\"og:image\" content=\"https:\/\/interamerica.org\/wp-content\/uploads\/2018\/04\/jamu-building-1280.jpg\" \/>\n\t<meta property=\"og:image:width\" content=\"1280\" \/>\n\t<meta property=\"og:image:height\" content=\"800\" \/>\n\t<meta property=\"og:image:type\" content=\"image\/jpeg\" \/>\n<meta name=\"author\" content=\"libna\" \/>\n<meta name=\"twitter:card\" content=\"summary_large_image\" \/>\n<meta name=\"twitter:label1\" content=\"Escrito por\" \/>\n\t<meta name=\"twitter:data1\" content=\"libna\" \/>\n\t<meta name=\"twitter:label2\" content=\"Tiempo de lectura\" \/>\n\t<meta name=\"twitter:data2\" content=\"5 minutos\" \/>\n<script type=\"application\/ld+json\" class=\"yoast-schema-graph\">{\"@context\":\"https:\\\/\\\/schema.org\",\"@graph\":[{\"@type\":\"Article\",\"@id\":\"https:\\\/\\\/interamerica.org\\\/es\\\/2018\\\/04\\\/la-iglesia-adventista-en-jamaica-celebra-la-postura-que-protege-a-observadores-del-sabado\\\/#article\",\"isPartOf\":{\"@id\":\"https:\\\/\\\/interamerica.org\\\/es\\\/2018\\\/04\\\/la-iglesia-adventista-en-jamaica-celebra-la-postura-que-protege-a-observadores-del-sabado\\\/\"},\"author\":{\"name\":\"libna\",\"@id\":\"https:\\\/\\\/interamerica.org\\\/es\\\/#\\\/schema\\\/person\\\/29998f2bc2d8bd0d38662909289b54f1\"},\"headline\":\"La Iglesia Adventista en Jamaica celebra la postura que protege a observadores del s\u00e1bado\",\"datePublished\":\"2018-04-10T10:23:45+00:00\",\"dateModified\":\"2018-05-02T01:29:15+00:00\",\"mainEntityOfPage\":{\"@id\":\"https:\\\/\\\/interamerica.org\\\/es\\\/2018\\\/04\\\/la-iglesia-adventista-en-jamaica-celebra-la-postura-que-protege-a-observadores-del-sabado\\\/\"},\"wordCount\":1072,\"commentCount\":0,\"image\":{\"@id\":\"https:\\\/\\\/interamerica.org\\\/es\\\/2018\\\/04\\\/la-iglesia-adventista-en-jamaica-celebra-la-postura-que-protege-a-observadores-del-sabado\\\/#primaryimage\"},\"thumbnailUrl\":\"https:\\\/\\\/interamerica.org\\\/wp-content\\\/uploads\\\/2018\\\/04\\\/jamu-building-1280.jpg\",\"articleSection\":[\"Desde el campo\",\"RSS Espa\u00f1ol\"],\"inLanguage\":\"es\",\"potentialAction\":[{\"@type\":\"CommentAction\",\"name\":\"Comment\",\"target\":[\"https:\\\/\\\/interamerica.org\\\/es\\\/2018\\\/04\\\/la-iglesia-adventista-en-jamaica-celebra-la-postura-que-protege-a-observadores-del-sabado\\\/#respond\"]}]},{\"@type\":\"WebPage\",\"@id\":\"https:\\\/\\\/interamerica.org\\\/es\\\/2018\\\/04\\\/la-iglesia-adventista-en-jamaica-celebra-la-postura-que-protege-a-observadores-del-sabado\\\/\",\"url\":\"https:\\\/\\\/interamerica.org\\\/es\\\/2018\\\/04\\\/la-iglesia-adventista-en-jamaica-celebra-la-postura-que-protege-a-observadores-del-sabado\\\/\",\"name\":\"La Iglesia Adventista en Jamaica celebra la postura que protege a observadores del s\u00e1bado - Iglesia Adventista del S\u00e9ptimo D\u00eda - Divisi\u00f3n Interamericana\",\"isPartOf\":{\"@id\":\"https:\\\/\\\/interamerica.org\\\/es\\\/#website\"},\"primaryImageOfPage\":{\"@id\":\"https:\\\/\\\/interamerica.org\\\/es\\\/2018\\\/04\\\/la-iglesia-adventista-en-jamaica-celebra-la-postura-que-protege-a-observadores-del-sabado\\\/#primaryimage\"},\"image\":{\"@id\":\"https:\\\/\\\/interamerica.org\\\/es\\\/2018\\\/04\\\/la-iglesia-adventista-en-jamaica-celebra-la-postura-que-protege-a-observadores-del-sabado\\\/#primaryimage\"},\"thumbnailUrl\":\"https:\\\/\\\/interamerica.org\\\/wp-content\\\/uploads\\\/2018\\\/04\\\/jamu-building-1280.jpg\",\"datePublished\":\"2018-04-10T10:23:45+00:00\",\"dateModified\":\"2018-05-02T01:29:15+00:00\",\"author\":{\"@id\":\"https:\\\/\\\/interamerica.org\\\/es\\\/#\\\/schema\\\/person\\\/29998f2bc2d8bd0d38662909289b54f1\"},\"breadcrumb\":{\"@id\":\"https:\\\/\\\/interamerica.org\\\/es\\\/2018\\\/04\\\/la-iglesia-adventista-en-jamaica-celebra-la-postura-que-protege-a-observadores-del-sabado\\\/#breadcrumb\"},\"inLanguage\":\"es\",\"potentialAction\":[{\"@type\":\"ReadAction\",\"target\":[\"https:\\\/\\\/interamerica.org\\\/es\\\/2018\\\/04\\\/la-iglesia-adventista-en-jamaica-celebra-la-postura-que-protege-a-observadores-del-sabado\\\/\"]}]},{\"@type\":\"ImageObject\",\"inLanguage\":\"es\",\"@id\":\"https:\\\/\\\/interamerica.org\\\/es\\\/2018\\\/04\\\/la-iglesia-adventista-en-jamaica-celebra-la-postura-que-protege-a-observadores-del-sabado\\\/#primaryimage\",\"url\":\"https:\\\/\\\/interamerica.org\\\/wp-content\\\/uploads\\\/2018\\\/04\\\/jamu-building-1280.jpg\",\"contentUrl\":\"https:\\\/\\\/interamerica.org\\\/wp-content\\\/uploads\\\/2018\\\/04\\\/jamu-building-1280.jpg\",\"width\":1280,\"height\":800},{\"@type\":\"BreadcrumbList\",\"@id\":\"https:\\\/\\\/interamerica.org\\\/es\\\/2018\\\/04\\\/la-iglesia-adventista-en-jamaica-celebra-la-postura-que-protege-a-observadores-del-sabado\\\/#breadcrumb\",\"itemListElement\":[{\"@type\":\"ListItem\",\"position\":1,\"name\":\"Home\",\"item\":\"https:\\\/\\\/interamerica.org\\\/es\\\/\"},{\"@type\":\"ListItem\",\"position\":2,\"name\":\"La Iglesia Adventista en Jamaica celebra la postura que protege a observadores del s\u00e1bado\"}]},{\"@type\":\"WebSite\",\"@id\":\"https:\\\/\\\/interamerica.org\\\/es\\\/#website\",\"url\":\"https:\\\/\\\/interamerica.org\\\/es\\\/\",\"name\":\"Iglesia Adventista del S\u00e9ptimo D\u00eda - Divisi\u00f3n Interamericana\",\"description\":\"\",\"potentialAction\":[{\"@type\":\"SearchAction\",\"target\":{\"@type\":\"EntryPoint\",\"urlTemplate\":\"https:\\\/\\\/interamerica.org\\\/es\\\/?s={search_term_string}\"},\"query-input\":{\"@type\":\"PropertyValueSpecification\",\"valueRequired\":true,\"valueName\":\"search_term_string\"}}],\"inLanguage\":\"es\"},{\"@type\":\"Person\",\"@id\":\"https:\\\/\\\/interamerica.org\\\/es\\\/#\\\/schema\\\/person\\\/29998f2bc2d8bd0d38662909289b54f1\",\"name\":\"libna\",\"image\":{\"@type\":\"ImageObject\",\"inLanguage\":\"es\",\"@id\":\"https:\\\/\\\/secure.gravatar.com\\\/avatar\\\/7c5bd30ae4b47a9ba3c856590957fd1d96dc588bf3ac05719d247e126840331f?s=96&d=mm&r=g\",\"url\":\"https:\\\/\\\/secure.gravatar.com\\\/avatar\\\/7c5bd30ae4b47a9ba3c856590957fd1d96dc588bf3ac05719d247e126840331f?s=96&d=mm&r=g\",\"contentUrl\":\"https:\\\/\\\/secure.gravatar.com\\\/avatar\\\/7c5bd30ae4b47a9ba3c856590957fd1d96dc588bf3ac05719d247e126840331f?s=96&d=mm&r=g\",\"caption\":\"libna\"}}]}<\/script>\n<!-- \/ Yoast SEO plugin. -->","yoast_head_json":{"title":"La Iglesia Adventista en Jamaica celebra la postura que protege a observadores del s\u00e1bado - Iglesia Adventista del S\u00e9ptimo D\u00eda - Divisi\u00f3n Interamericana","robots":{"index":"index","follow":"follow","max-snippet":"max-snippet:-1","max-image-preview":"max-image-preview:large","max-video-preview":"max-video-preview:-1"},"canonical":"https:\/\/interamerica.org\/es\/2018\/04\/la-iglesia-adventista-en-jamaica-celebra-la-postura-que-protege-a-observadores-del-sabado\/","og_locale":"es_ES","og_type":"article","og_title":"La Iglesia Adventista en Jamaica celebra la postura que protege a observadores del s\u00e1bado - Iglesia Adventista del S\u00e9ptimo D\u00eda - Divisi\u00f3n Interamericana","og_description":"10 de abril de 2018 | Kingston, Jamaica | Jamaica Union News \u2013 Personal DIA La Iglesia Adventista del S\u00e9ptimo D\u00eda en Jamaica ha recibido con benepl\u00e1cito la posici\u00f3n tomada...","og_url":"https:\/\/interamerica.org\/es\/2018\/04\/la-iglesia-adventista-en-jamaica-celebra-la-postura-que-protege-a-observadores-del-sabado\/","og_site_name":"Iglesia Adventista del S\u00e9ptimo D\u00eda - Divisi\u00f3n Interamericana","article_published_time":"2018-04-10T10:23:45+00:00","article_modified_time":"2018-05-02T01:29:15+00:00","og_image":[{"width":1280,"height":800,"url":"https:\/\/interamerica.org\/wp-content\/uploads\/2018\/04\/jamu-building-1280.jpg","type":"image\/jpeg"}],"author":"libna","twitter_card":"summary_large_image","twitter_misc":{"Escrito por":"libna","Tiempo de lectura":"5 minutos"},"schema":{"@context":"https:\/\/schema.org","@graph":[{"@type":"Article","@id":"https:\/\/interamerica.org\/es\/2018\/04\/la-iglesia-adventista-en-jamaica-celebra-la-postura-que-protege-a-observadores-del-sabado\/#article","isPartOf":{"@id":"https:\/\/interamerica.org\/es\/2018\/04\/la-iglesia-adventista-en-jamaica-celebra-la-postura-que-protege-a-observadores-del-sabado\/"},"author":{"name":"libna","@id":"https:\/\/interamerica.org\/es\/#\/schema\/person\/29998f2bc2d8bd0d38662909289b54f1"},"headline":"La Iglesia Adventista en Jamaica celebra la postura que protege a observadores del s\u00e1bado","datePublished":"2018-04-10T10:23:45+00:00","dateModified":"2018-05-02T01:29:15+00:00","mainEntityOfPage":{"@id":"https:\/\/interamerica.org\/es\/2018\/04\/la-iglesia-adventista-en-jamaica-celebra-la-postura-que-protege-a-observadores-del-sabado\/"},"wordCount":1072,"commentCount":0,"image":{"@id":"https:\/\/interamerica.org\/es\/2018\/04\/la-iglesia-adventista-en-jamaica-celebra-la-postura-que-protege-a-observadores-del-sabado\/#primaryimage"},"thumbnailUrl":"https:\/\/interamerica.org\/wp-content\/uploads\/2018\/04\/jamu-building-1280.jpg","articleSection":["Desde el campo","RSS Espa\u00f1ol"],"inLanguage":"es","potentialAction":[{"@type":"CommentAction","name":"Comment","target":["https:\/\/interamerica.org\/es\/2018\/04\/la-iglesia-adventista-en-jamaica-celebra-la-postura-que-protege-a-observadores-del-sabado\/#respond"]}]},{"@type":"WebPage","@id":"https:\/\/interamerica.org\/es\/2018\/04\/la-iglesia-adventista-en-jamaica-celebra-la-postura-que-protege-a-observadores-del-sabado\/","url":"https:\/\/interamerica.org\/es\/2018\/04\/la-iglesia-adventista-en-jamaica-celebra-la-postura-que-protege-a-observadores-del-sabado\/","name":"La Iglesia Adventista en Jamaica celebra la postura que protege a observadores del s\u00e1bado - Iglesia Adventista del S\u00e9ptimo D\u00eda - Divisi\u00f3n Interamericana","isPartOf":{"@id":"https:\/\/interamerica.org\/es\/#website"},"primaryImageOfPage":{"@id":"https:\/\/interamerica.org\/es\/2018\/04\/la-iglesia-adventista-en-jamaica-celebra-la-postura-que-protege-a-observadores-del-sabado\/#primaryimage"},"image":{"@id":"https:\/\/interamerica.org\/es\/2018\/04\/la-iglesia-adventista-en-jamaica-celebra-la-postura-que-protege-a-observadores-del-sabado\/#primaryimage"},"thumbnailUrl":"https:\/\/interamerica.org\/wp-content\/uploads\/2018\/04\/jamu-building-1280.jpg","datePublished":"2018-04-10T10:23:45+00:00","dateModified":"2018-05-02T01:29:15+00:00","author":{"@id":"https:\/\/interamerica.org\/es\/#\/schema\/person\/29998f2bc2d8bd0d38662909289b54f1"},"breadcrumb":{"@id":"https:\/\/interamerica.org\/es\/2018\/04\/la-iglesia-adventista-en-jamaica-celebra-la-postura-que-protege-a-observadores-del-sabado\/#breadcrumb"},"inLanguage":"es","potentialAction":[{"@type":"ReadAction","target":["https:\/\/interamerica.org\/es\/2018\/04\/la-iglesia-adventista-en-jamaica-celebra-la-postura-que-protege-a-observadores-del-sabado\/"]}]},{"@type":"ImageObject","inLanguage":"es","@id":"https:\/\/interamerica.org\/es\/2018\/04\/la-iglesia-adventista-en-jamaica-celebra-la-postura-que-protege-a-observadores-del-sabado\/#primaryimage","url":"https:\/\/interamerica.org\/wp-content\/uploads\/2018\/04\/jamu-building-1280.jpg","contentUrl":"https:\/\/interamerica.org\/wp-content\/uploads\/2018\/04\/jamu-building-1280.jpg","width":1280,"height":800},{"@type":"BreadcrumbList","@id":"https:\/\/interamerica.org\/es\/2018\/04\/la-iglesia-adventista-en-jamaica-celebra-la-postura-que-protege-a-observadores-del-sabado\/#breadcrumb","itemListElement":[{"@type":"ListItem","position":1,"name":"Home","item":"https:\/\/interamerica.org\/es\/"},{"@type":"ListItem","position":2,"name":"La Iglesia Adventista en Jamaica celebra la postura que protege a observadores del s\u00e1bado"}]},{"@type":"WebSite","@id":"https:\/\/interamerica.org\/es\/#website","url":"https:\/\/interamerica.org\/es\/","name":"Iglesia Adventista del S\u00e9ptimo D\u00eda - Divisi\u00f3n Interamericana","description":"","potentialAction":[{"@type":"SearchAction","target":{"@type":"EntryPoint","urlTemplate":"https:\/\/interamerica.org\/es\/?s={search_term_string}"},"query-input":{"@type":"PropertyValueSpecification","valueRequired":true,"valueName":"search_term_string"}}],"inLanguage":"es"},{"@type":"Person","@id":"https:\/\/interamerica.org\/es\/#\/schema\/person\/29998f2bc2d8bd0d38662909289b54f1","name":"libna","image":{"@type":"ImageObject","inLanguage":"es","@id":"https:\/\/secure.gravatar.com\/avatar\/7c5bd30ae4b47a9ba3c856590957fd1d96dc588bf3ac05719d247e126840331f?s=96&d=mm&r=g","url":"https:\/\/secure.gravatar.com\/avatar\/7c5bd30ae4b47a9ba3c856590957fd1d96dc588bf3ac05719d247e126840331f?s=96&d=mm&r=g","contentUrl":"https:\/\/secure.gravatar.com\/avatar\/7c5bd30ae4b47a9ba3c856590957fd1d96dc588bf3ac05719d247e126840331f?s=96&d=mm&r=g","caption":"libna"}}]}},"_links":{"self":[{"href":"https:\/\/interamerica.org\/es\/wp-json\/wp\/v2\/posts\/40336","targetHints":{"allow":["GET"]}}],"collection":[{"href":"https:\/\/interamerica.org\/es\/wp-json\/wp\/v2\/posts"}],"about":[{"href":"https:\/\/interamerica.org\/es\/wp-json\/wp\/v2\/types\/post"}],"author":[{"embeddable":true,"href":"https:\/\/interamerica.org\/es\/wp-json\/wp\/v2\/users\/3"}],"replies":[{"embeddable":true,"href":"https:\/\/interamerica.org\/es\/wp-json\/wp\/v2\/comments?post=40336"}],"version-history":[{"count":0,"href":"https:\/\/interamerica.org\/es\/wp-json\/wp\/v2\/posts\/40336\/revisions"}],"wp:featuredmedia":[{"embeddable":true,"href":"https:\/\/interamerica.org\/es\/wp-json\/wp\/v2\/media\/40096"}],"wp:attachment":[{"href":"https:\/\/interamerica.org\/es\/wp-json\/wp\/v2\/media?parent=40336"}],"wp:term":[{"taxonomy":"category","embeddable":true,"href":"https:\/\/interamerica.org\/es\/wp-json\/wp\/v2\/categories?post=40336"},{"taxonomy":"post_tag","embeddable":true,"href":"https:\/\/interamerica.org\/es\/wp-json\/wp\/v2\/tags?post=40336"}],"curies":[{"name":"wp","href":"https:\/\/api.w.org\/{rel}","templated":true}]}}