{"id":40337,"date":"2018-04-11T21:45:59","date_gmt":"2018-04-12T01:45:59","guid":{"rendered":"http:\/\/192.81.217.108\/?p=40337"},"modified":"2018-05-01T21:27:27","modified_gmt":"2018-05-02T01:27:27","slug":"una-invitacion-a-ensalzar-a-jesus","status":"publish","type":"post","link":"https:\/\/interamerica.org\/es\/2018\/04\/una-invitacion-a-ensalzar-a-jesus\/","title":{"rendered":"Una invitaci\u00f3n a ensalzar a Jes\u00fas"},"content":{"rendered":"<img fetchpriority=\"high\" decoding=\"async\" class=\" wp-image-40023 aligncenter\" src=\"http:\/\/192.81.217.108\/interamerica\/wp-content\/uploads\/2018\/04\/general-conference-corporation-board-reviews-and-refines-investment-practices-300x150.jpg\" alt=\"\" width=\"750\" height=\"375\" srcset=\"https:\/\/interamerica.org\/wp-content\/uploads\/2018\/04\/general-conference-corporation-board-reviews-and-refines-investment-practices-300x150.jpg 300w, https:\/\/interamerica.org\/wp-content\/uploads\/2018\/04\/general-conference-corporation-board-reviews-and-refines-investment-practices-768x384.jpg 768w, https:\/\/interamerica.org\/wp-content\/uploads\/2018\/04\/general-conference-corporation-board-reviews-and-refines-investment-practices.jpg 1000w\" sizes=\"(max-width: 750px) 100vw, 750px\" \/>\n<p><span class=\"byline-news\">11 de abril de 2018 | Silver Spring, Maryland, Estados Unidos | L\u00edderes Ejecutivos de la Asociaci\u00f3n General y Presidentes de las Divisiones<\/span><\/p>\n<p><em><span class=\"cap\"> La siguiente declaraci\u00f3n fue dada a conocer en el d\u00eda de hoy por los l\u00edderes ejecutivos de la Asociaci\u00f3n General y los presidentes de las divisiones. ~ Los editores.<\/span><\/em><\/p>\n<p>Honrar y exaltar a Jes\u00fas es el compromiso fundamental de la Iglesia Adventista del S\u00e9ptimo D\u00eda, y algo que afianza el mensaje prof\u00e9tico expresado en las 28 Creencias Fundamentales. Solo la salvaci\u00f3n por la fe, que lleva a una vida de discipulado con Jes\u00fas, es el objetivo de nuestra misi\u00f3n. Al proclamar los mensajes de los tres \u00e1ngeles, asegur\u00e9monos de que Cristo ocupe el centro de todas nuestras actividades e iniciativas.<\/p>\n<p>Tanto dentro como fuera de la organizaci\u00f3n de la iglesia se ha fundado un n\u00famero de entidades con el prop\u00f3sito de exaltar el nombre de Jes\u00fas. Esa honorable tarea tambi\u00e9n conlleva el desaf\u00edo de proclamar a Cristo en armon\u00eda con su Palabra. Es nuestra convicci\u00f3n que el Jes\u00fas a quien tienen que seguir e imitar los adventistas es el que se revela en la Biblia, el que se present\u00f3 a s\u00ed mismo como la Verdad y defendi\u00f3 la autoridad de las Escrituras. Es de suma importancia que jam\u00e1s olvidemos que Jes\u00fas se identific\u00f3 con \u201cel camino, la verdad y la vida\u201d (<a class=\"rtBibleRef\" href=\"https:\/\/biblia.com\/bible\/nkjv\/John%2014.6\" target=\"_blank\" rel=\"noopener\" data-reference=\"John 14.6\" data-version=\"nkjv\" data-purpose=\"bible-reference\">Juan 14:6<\/a>). \u00c9l es en realidad el Verbo (<a class=\"rtBibleRef\" href=\"https:\/\/biblia.com\/bible\/nkjv\/John%201.1\" target=\"_blank\" rel=\"noopener\" data-reference=\"John 1.1\" data-version=\"nkjv\" data-purpose=\"bible-reference\">Juan 1:1<\/a>).<\/p>\n<p>A menudo se pide consejo a los l\u00edderes de la iglesia sobre c\u00f3mo relacionarse con algunas iniciativas y organizaciones, algunas de las cuales est\u00e1n bien establecidas y son ampliamente aceptadas, como es el caso de las entidades reconocidas por ASI, que por mucho tiempo han cooperado con la iglesia y su liderazgo. Una iniciativa m\u00e1s reciente es el One Project (que ahora est\u00e1 aparentemente en transici\u00f3n, camino a convertirse en Global Resource Collective), sobre el cual se han presentado algunos interrogantes. En consecuencia, los l\u00edderes ejecutivos de la Asociaci\u00f3n General, junto con los presidentes de las divisiones, han decidido ofrecer alguna orientaci\u00f3n respecto de la evaluaci\u00f3n de toda iniciativa que busque el respaldo de la iglesia.<\/p>\n<p>Felicitamos a los que, antes de sumarse a cualquier iniciativa o movimiento, estudian por s\u00ed mismos para evaluar si esos movimientos guardan conformidad con la voluntad revelada de Dios (<a class=\"rtBibleRef\" href=\"https:\/\/biblia.com\/bible\/nkjv\/Acts%2017.11\" target=\"_blank\" rel=\"noopener\" data-reference=\"Acts 17.11\" data-version=\"nkjv\" data-purpose=\"bible-reference\">Hechos 17:11<\/a>). Como Jes\u00fas mismo nos aconsej\u00f3: \u201cPor sus frutos los conocer\u00e9is\u201d (<a class=\"rtBibleRef\" href=\"https:\/\/biblia.com\/bible\/nkjv\/Matt%207.16\" target=\"_blank\" rel=\"noopener\" data-reference=\"Matt 7.16\" data-version=\"nkjv\" data-purpose=\"bible-reference\">Mat. 7:16<\/a>). Tambi\u00e9n nos dej\u00f3 la advertencia: \u201cNo todo el que me dice \u2018Se\u00f1or, Se\u00f1or\u2019 entrar\u00e1 en el reino de los cielos, sino el que hace la voluntad de mi Padre que est\u00e1 en los cielos\u201d (<a class=\"rtBibleRef\" href=\"https:\/\/biblia.com\/bible\/nkjv\/Matt%207.21\" target=\"_blank\" rel=\"noopener\" data-reference=\"Matt 7.21\" data-version=\"nkjv\" data-purpose=\"bible-reference\">Mat. 7:21<\/a>).<\/p>\n<p>En armon\u00eda con la convicci\u00f3n expresada m\u00e1s arriba de que el nombre de Jes\u00fas tiene que ser ensalzado de maneras que sean consecuentes con su revelaci\u00f3n proposicional en las Escrituras, invitamos a los l\u00edderes de la iglesia y a todo individuo interesado a que eval\u00fae los fundamentos b\u00edblicos de cualquier ministerio o iniciativa de evangelizaci\u00f3n a la luz de <a class=\"rtBibleRef\" href=\"https:\/\/biblia.com\/bible\/nkjv\/Isa%208.20\" target=\"_blank\" rel=\"noopener\" data-reference=\"Isa 8.20\" data-version=\"nkjv\" data-purpose=\"bible-reference\">Isa\u00edas 8:20<\/a>: \u201c\u00a1A la ley y al testimonio! Si no dicen conforme a esto, es porque no les ha amanecido\u201d.<\/p>\n<p>La Iglesia estar\u00e1 dispuesta a trabajar con todos los que compartan su mensaje prof\u00e9tico expresado en las 28 Creencias Fundamentales. A la luz de cuestiones que se han mencionado en relaci\u00f3n con algunas iniciativas recientes, las siguientes preguntas, si bien no son exhaustivas, ofrecen orientaci\u00f3n para la evaluaci\u00f3n de tales grupos. Hacemos un llamado a todas las organizaciones e iniciativas que est\u00e1n unidas con nosotros en la misi\u00f3n, para que reafirmen o respondan de manera positiva, en sus canales oficiales de comunicaci\u00f3n, a las siguientes preguntas fundamentales:<\/p>\n<p>1. \u00bfQu\u00e9 significa aceptar a Jesucristo? Cuando decimos que aceptamos a Cristo, \u00bfes ese tan solo el Cristo m\u00edstico de la experiencia, o implica una aceptaci\u00f3n de las verdades doctrinales que \u00e9l ense\u00f1\u00f3, o ambos? \u00bfDefiende ese ministerio o iniciativa la expiaci\u00f3n sustitutiva de Cristo?<\/p>\n<p>2. \u00bfC\u00f3mo entienden el papel que juega la doctrina de la fe cristiana? \u00bfExiste una conexi\u00f3n org\u00e1nica entre la persona de Cristo y las ense\u00f1anzas o doctrinas de Cristo? \u00bfExiste la comprensi\u00f3n de saber que Cristo necesariamente incluye saber y vivir sus ense\u00f1anzas y las verdades b\u00edblicas que \u00e9l ense\u00f1\u00f3?<\/p>\n<p>3. \u00bfCu\u00e1l es la comprensi\u00f3n que tienen y el apoyo al mensaje y la misi\u00f3n de la Iglesia Adventista a la luz de su misi\u00f3n prof\u00e9tica? \u00bfC\u00f3mo expresan su comprensi\u00f3n de 1844 y el ministerio de Cristo en el santuario celestial?<\/p>\n<p>4. \u00bfPoseen una clara comprensi\u00f3n de la singularidad del movimiento adventista? \u00bfTienen en claro de qu\u00e9 manera la fe adventista difiere de otras denominaciones evang\u00e9licas que exaltan a Jes\u00fas?<\/p>\n<p>5. \u00bfCu\u00e1l es su comprensi\u00f3n de la creaci\u00f3n? \u00bfCreen los que est\u00e1n involucrados en nuevos ministerios e iniciativas que Dios cre\u00f3 este mundo en seis d\u00edas literales y descans\u00f3 el s\u00e9ptimo d\u00eda en el pasado reciente, seg\u00fan se entiende y se vot\u00f3 en nuestras 28 Creencias Fundamentales?<\/p>\n<p>6. \u00bfCu\u00e1l es su comprensi\u00f3n de la autoridad b\u00edblica y la interpretaci\u00f3n prof\u00e9tica? \u00bfAceptan la explicaci\u00f3n historicista de la profec\u00eda b\u00edblica, y comparten la comprensi\u00f3n adventista del cuerno peque\u00f1o de Daniel 7, los poderes de la bestia de Apocalipsis 13 y el Anticristo de las Escrituras, y de que la fidelidad a Cristo en \u00faltimo t\u00e9rmino alcanzar\u00e1 su punto culminante en un conflicto sobre la ley de Dios, con el s\u00e1bado en el centro de ese conflicto final?<\/p>\n<p>7. Debido a las percepciones actuales sobre el g\u00e9nero y la sexualidad, que contradicen las ense\u00f1anzas b\u00edblicas sobre el matrimonio y la familia seg\u00fan las acepta la Iglesia Adventista del S\u00e9ptimo D\u00eda, tienen que hacerse las siguientes pertinentes preguntas: \u00bfC\u00f3mo entienden la identidad de g\u00e9nero y la cuesti\u00f3n de las relaciones LGBTQ+ en relaci\u00f3n con el estatus de miembro de iglesia a la luz de las Escrituras? \u00bfPoseen una comprensi\u00f3n clara, inequ\u00edvoca y b\u00edblica de este tema?<\/p>\n<p>Las organizaciones, grupos o individuos que no puedan afirmar las 28 Creencias Fundamentales de la Iglesia Adventista del S\u00e9ptimo D\u00eda y brinden respuestas claras e inequ\u00edvocas a las preguntas de m\u00e1s arriba no deber\u00edan esperar el respaldo de las organizaciones de la Iglesia. Los l\u00edderes ejecutivos de la Asociaci\u00f3n General y los presidentes de las divisiones invitan a cada miembro y entidad de la iglesia a que defiendan el nombre de Jes\u00fas al presentarlo al mundo y vivir de acuerdo con su voluntad. Al hacerlo, Jes\u00fas tiene que ser proclamado en conexi\u00f3n con la verdad seg\u00fan se revela en las Escrituras y la comprenden los adventistas del s\u00e9ptimo d\u00eda. En consecuencia, reafirmamos nuestro supremo compromiso, que es el de predicar \u201ca Jesucristo, y a \u00e9ste crucificado\u201d (<a class=\"rtBibleRef\" href=\"https:\/\/biblia.com\/bible\/nkjv\/1%20Cor%202.2\" target=\"_blank\" rel=\"noopener\" data-reference=\"1 Cor 2.2\" data-version=\"nkjv\" data-purpose=\"bible-reference\">1 Cor. 2:2<\/a>).<\/p>\n<p><em>L\u00edderes Ejecutivos de la Asociaci\u00f3n General y Presidentes de las Divisiones<\/em><\/p>\n","protected":false},"excerpt":{"rendered":"<p>11 de abril de 2018 | Silver Spring, Maryland, Estados Unidos | L\u00edderes Ejecutivos de la Asociaci\u00f3n General y Presidentes de las Divisiones La siguiente declaraci\u00f3n fue dada a conocer&#8230;<\/p>\n","protected":false},"author":3,"featured_media":40039,"comment_status":"open","ping_status":"closed","sticky":false,"template":"","format":"standard","meta":{"_acf_changed":false,"footnotes":""},"categories":[14,15],"tags":[],"class_list":["post-40337","post","type-post","status-publish","format-standard","has-post-thumbnail","hentry","category-de-la-iglesia-mundial","category-rss-espanol"],"acf":[],"yoast_head":"<!-- This site is optimized with the Yoast SEO plugin v27.3 - https:\/\/yoast.com\/product\/yoast-seo-wordpress\/ -->\n<title>Una invitaci\u00f3n a ensalzar a Jes\u00fas - Iglesia Adventista del S\u00e9ptimo D\u00eda - Divisi\u00f3n Interamericana<\/title>\n<meta name=\"robots\" content=\"index, follow, max-snippet:-1, max-image-preview:large, max-video-preview:-1\" \/>\n<link rel=\"canonical\" href=\"https:\/\/interamerica.org\/es\/2018\/04\/una-invitacion-a-ensalzar-a-jesus\/\" \/>\n<meta property=\"og:locale\" content=\"es_ES\" \/>\n<meta property=\"og:type\" content=\"article\" \/>\n<meta property=\"og:title\" content=\"Una invitaci\u00f3n a ensalzar a Jes\u00fas - Iglesia Adventista del S\u00e9ptimo D\u00eda - Divisi\u00f3n Interamericana\" \/>\n<meta property=\"og:description\" content=\"11 de abril de 2018 | Silver Spring, Maryland, Estados Unidos | L\u00edderes Ejecutivos de la Asociaci\u00f3n General y Presidentes de las Divisiones La siguiente declaraci\u00f3n fue dada a conocer...\" \/>\n<meta property=\"og:url\" content=\"https:\/\/interamerica.org\/es\/2018\/04\/una-invitacion-a-ensalzar-a-jesus\/\" \/>\n<meta property=\"og:site_name\" content=\"Iglesia Adventista del S\u00e9ptimo D\u00eda - Divisi\u00f3n Interamericana\" \/>\n<meta property=\"article:published_time\" content=\"2018-04-12T01:45:59+00:00\" \/>\n<meta property=\"article:modified_time\" content=\"2018-05-02T01:27:27+00:00\" \/>\n<meta property=\"og:image\" content=\"https:\/\/interamerica.org\/wp-content\/uploads\/2018\/04\/general-conference-corporation-board-reviews-and-refines-investment-practices-2.jpg\" \/>\n\t<meta property=\"og:image:width\" content=\"1000\" \/>\n\t<meta property=\"og:image:height\" content=\"500\" \/>\n\t<meta property=\"og:image:type\" content=\"image\/jpeg\" \/>\n<meta name=\"author\" content=\"libna\" \/>\n<meta name=\"twitter:card\" content=\"summary_large_image\" \/>\n<meta name=\"twitter:label1\" content=\"Escrito por\" \/>\n\t<meta name=\"twitter:data1\" content=\"libna\" \/>\n\t<meta name=\"twitter:label2\" content=\"Tiempo de lectura\" \/>\n\t<meta name=\"twitter:data2\" content=\"6 minutos\" \/>\n<script type=\"application\/ld+json\" class=\"yoast-schema-graph\">{\"@context\":\"https:\\\/\\\/schema.org\",\"@graph\":[{\"@type\":\"Article\",\"@id\":\"https:\\\/\\\/interamerica.org\\\/es\\\/2018\\\/04\\\/una-invitacion-a-ensalzar-a-jesus\\\/#article\",\"isPartOf\":{\"@id\":\"https:\\\/\\\/interamerica.org\\\/es\\\/2018\\\/04\\\/una-invitacion-a-ensalzar-a-jesus\\\/\"},\"author\":{\"name\":\"libna\",\"@id\":\"https:\\\/\\\/interamerica.org\\\/es\\\/#\\\/schema\\\/person\\\/29998f2bc2d8bd0d38662909289b54f1\"},\"headline\":\"Una invitaci\u00f3n a ensalzar a Jes\u00fas\",\"datePublished\":\"2018-04-12T01:45:59+00:00\",\"dateModified\":\"2018-05-02T01:27:27+00:00\",\"mainEntityOfPage\":{\"@id\":\"https:\\\/\\\/interamerica.org\\\/es\\\/2018\\\/04\\\/una-invitacion-a-ensalzar-a-jesus\\\/\"},\"wordCount\":1207,\"commentCount\":0,\"image\":{\"@id\":\"https:\\\/\\\/interamerica.org\\\/es\\\/2018\\\/04\\\/una-invitacion-a-ensalzar-a-jesus\\\/#primaryimage\"},\"thumbnailUrl\":\"https:\\\/\\\/interamerica.org\\\/wp-content\\\/uploads\\\/2018\\\/04\\\/general-conference-corporation-board-reviews-and-refines-investment-practices-2.jpg\",\"articleSection\":[\"Desde la iglesia mundial\",\"RSS Espa\u00f1ol\"],\"inLanguage\":\"es\",\"potentialAction\":[{\"@type\":\"CommentAction\",\"name\":\"Comment\",\"target\":[\"https:\\\/\\\/interamerica.org\\\/es\\\/2018\\\/04\\\/una-invitacion-a-ensalzar-a-jesus\\\/#respond\"]}]},{\"@type\":\"WebPage\",\"@id\":\"https:\\\/\\\/interamerica.org\\\/es\\\/2018\\\/04\\\/una-invitacion-a-ensalzar-a-jesus\\\/\",\"url\":\"https:\\\/\\\/interamerica.org\\\/es\\\/2018\\\/04\\\/una-invitacion-a-ensalzar-a-jesus\\\/\",\"name\":\"Una invitaci\u00f3n a ensalzar a Jes\u00fas - Iglesia Adventista del S\u00e9ptimo D\u00eda - Divisi\u00f3n Interamericana\",\"isPartOf\":{\"@id\":\"https:\\\/\\\/interamerica.org\\\/es\\\/#website\"},\"primaryImageOfPage\":{\"@id\":\"https:\\\/\\\/interamerica.org\\\/es\\\/2018\\\/04\\\/una-invitacion-a-ensalzar-a-jesus\\\/#primaryimage\"},\"image\":{\"@id\":\"https:\\\/\\\/interamerica.org\\\/es\\\/2018\\\/04\\\/una-invitacion-a-ensalzar-a-jesus\\\/#primaryimage\"},\"thumbnailUrl\":\"https:\\\/\\\/interamerica.org\\\/wp-content\\\/uploads\\\/2018\\\/04\\\/general-conference-corporation-board-reviews-and-refines-investment-practices-2.jpg\",\"datePublished\":\"2018-04-12T01:45:59+00:00\",\"dateModified\":\"2018-05-02T01:27:27+00:00\",\"author\":{\"@id\":\"https:\\\/\\\/interamerica.org\\\/es\\\/#\\\/schema\\\/person\\\/29998f2bc2d8bd0d38662909289b54f1\"},\"breadcrumb\":{\"@id\":\"https:\\\/\\\/interamerica.org\\\/es\\\/2018\\\/04\\\/una-invitacion-a-ensalzar-a-jesus\\\/#breadcrumb\"},\"inLanguage\":\"es\",\"potentialAction\":[{\"@type\":\"ReadAction\",\"target\":[\"https:\\\/\\\/interamerica.org\\\/es\\\/2018\\\/04\\\/una-invitacion-a-ensalzar-a-jesus\\\/\"]}]},{\"@type\":\"ImageObject\",\"inLanguage\":\"es\",\"@id\":\"https:\\\/\\\/interamerica.org\\\/es\\\/2018\\\/04\\\/una-invitacion-a-ensalzar-a-jesus\\\/#primaryimage\",\"url\":\"https:\\\/\\\/interamerica.org\\\/wp-content\\\/uploads\\\/2018\\\/04\\\/general-conference-corporation-board-reviews-and-refines-investment-practices-2.jpg\",\"contentUrl\":\"https:\\\/\\\/interamerica.org\\\/wp-content\\\/uploads\\\/2018\\\/04\\\/general-conference-corporation-board-reviews-and-refines-investment-practices-2.jpg\",\"width\":1000,\"height\":500},{\"@type\":\"BreadcrumbList\",\"@id\":\"https:\\\/\\\/interamerica.org\\\/es\\\/2018\\\/04\\\/una-invitacion-a-ensalzar-a-jesus\\\/#breadcrumb\",\"itemListElement\":[{\"@type\":\"ListItem\",\"position\":1,\"name\":\"Home\",\"item\":\"https:\\\/\\\/interamerica.org\\\/es\\\/\"},{\"@type\":\"ListItem\",\"position\":2,\"name\":\"Una invitaci\u00f3n a ensalzar a Jes\u00fas\"}]},{\"@type\":\"WebSite\",\"@id\":\"https:\\\/\\\/interamerica.org\\\/es\\\/#website\",\"url\":\"https:\\\/\\\/interamerica.org\\\/es\\\/\",\"name\":\"Iglesia Adventista del S\u00e9ptimo D\u00eda - Divisi\u00f3n Interamericana\",\"description\":\"\",\"potentialAction\":[{\"@type\":\"SearchAction\",\"target\":{\"@type\":\"EntryPoint\",\"urlTemplate\":\"https:\\\/\\\/interamerica.org\\\/es\\\/?s={search_term_string}\"},\"query-input\":{\"@type\":\"PropertyValueSpecification\",\"valueRequired\":true,\"valueName\":\"search_term_string\"}}],\"inLanguage\":\"es\"},{\"@type\":\"Person\",\"@id\":\"https:\\\/\\\/interamerica.org\\\/es\\\/#\\\/schema\\\/person\\\/29998f2bc2d8bd0d38662909289b54f1\",\"name\":\"libna\",\"image\":{\"@type\":\"ImageObject\",\"inLanguage\":\"es\",\"@id\":\"https:\\\/\\\/secure.gravatar.com\\\/avatar\\\/7c5bd30ae4b47a9ba3c856590957fd1d96dc588bf3ac05719d247e126840331f?s=96&d=mm&r=g\",\"url\":\"https:\\\/\\\/secure.gravatar.com\\\/avatar\\\/7c5bd30ae4b47a9ba3c856590957fd1d96dc588bf3ac05719d247e126840331f?s=96&d=mm&r=g\",\"contentUrl\":\"https:\\\/\\\/secure.gravatar.com\\\/avatar\\\/7c5bd30ae4b47a9ba3c856590957fd1d96dc588bf3ac05719d247e126840331f?s=96&d=mm&r=g\",\"caption\":\"libna\"}}]}<\/script>\n<!-- \/ Yoast SEO plugin. -->","yoast_head_json":{"title":"Una invitaci\u00f3n a ensalzar a Jes\u00fas - Iglesia Adventista del S\u00e9ptimo D\u00eda - Divisi\u00f3n Interamericana","robots":{"index":"index","follow":"follow","max-snippet":"max-snippet:-1","max-image-preview":"max-image-preview:large","max-video-preview":"max-video-preview:-1"},"canonical":"https:\/\/interamerica.org\/es\/2018\/04\/una-invitacion-a-ensalzar-a-jesus\/","og_locale":"es_ES","og_type":"article","og_title":"Una invitaci\u00f3n a ensalzar a Jes\u00fas - Iglesia Adventista del S\u00e9ptimo D\u00eda - Divisi\u00f3n Interamericana","og_description":"11 de abril de 2018 | Silver Spring, Maryland, Estados Unidos | L\u00edderes Ejecutivos de la Asociaci\u00f3n General y Presidentes de las Divisiones La siguiente declaraci\u00f3n fue dada a conocer...","og_url":"https:\/\/interamerica.org\/es\/2018\/04\/una-invitacion-a-ensalzar-a-jesus\/","og_site_name":"Iglesia Adventista del S\u00e9ptimo D\u00eda - Divisi\u00f3n Interamericana","article_published_time":"2018-04-12T01:45:59+00:00","article_modified_time":"2018-05-02T01:27:27+00:00","og_image":[{"width":1000,"height":500,"url":"https:\/\/interamerica.org\/wp-content\/uploads\/2018\/04\/general-conference-corporation-board-reviews-and-refines-investment-practices-2.jpg","type":"image\/jpeg"}],"author":"libna","twitter_card":"summary_large_image","twitter_misc":{"Escrito por":"libna","Tiempo de lectura":"6 minutos"},"schema":{"@context":"https:\/\/schema.org","@graph":[{"@type":"Article","@id":"https:\/\/interamerica.org\/es\/2018\/04\/una-invitacion-a-ensalzar-a-jesus\/#article","isPartOf":{"@id":"https:\/\/interamerica.org\/es\/2018\/04\/una-invitacion-a-ensalzar-a-jesus\/"},"author":{"name":"libna","@id":"https:\/\/interamerica.org\/es\/#\/schema\/person\/29998f2bc2d8bd0d38662909289b54f1"},"headline":"Una invitaci\u00f3n a ensalzar a Jes\u00fas","datePublished":"2018-04-12T01:45:59+00:00","dateModified":"2018-05-02T01:27:27+00:00","mainEntityOfPage":{"@id":"https:\/\/interamerica.org\/es\/2018\/04\/una-invitacion-a-ensalzar-a-jesus\/"},"wordCount":1207,"commentCount":0,"image":{"@id":"https:\/\/interamerica.org\/es\/2018\/04\/una-invitacion-a-ensalzar-a-jesus\/#primaryimage"},"thumbnailUrl":"https:\/\/interamerica.org\/wp-content\/uploads\/2018\/04\/general-conference-corporation-board-reviews-and-refines-investment-practices-2.jpg","articleSection":["Desde la iglesia mundial","RSS Espa\u00f1ol"],"inLanguage":"es","potentialAction":[{"@type":"CommentAction","name":"Comment","target":["https:\/\/interamerica.org\/es\/2018\/04\/una-invitacion-a-ensalzar-a-jesus\/#respond"]}]},{"@type":"WebPage","@id":"https:\/\/interamerica.org\/es\/2018\/04\/una-invitacion-a-ensalzar-a-jesus\/","url":"https:\/\/interamerica.org\/es\/2018\/04\/una-invitacion-a-ensalzar-a-jesus\/","name":"Una invitaci\u00f3n a ensalzar a Jes\u00fas - Iglesia Adventista del S\u00e9ptimo D\u00eda - Divisi\u00f3n Interamericana","isPartOf":{"@id":"https:\/\/interamerica.org\/es\/#website"},"primaryImageOfPage":{"@id":"https:\/\/interamerica.org\/es\/2018\/04\/una-invitacion-a-ensalzar-a-jesus\/#primaryimage"},"image":{"@id":"https:\/\/interamerica.org\/es\/2018\/04\/una-invitacion-a-ensalzar-a-jesus\/#primaryimage"},"thumbnailUrl":"https:\/\/interamerica.org\/wp-content\/uploads\/2018\/04\/general-conference-corporation-board-reviews-and-refines-investment-practices-2.jpg","datePublished":"2018-04-12T01:45:59+00:00","dateModified":"2018-05-02T01:27:27+00:00","author":{"@id":"https:\/\/interamerica.org\/es\/#\/schema\/person\/29998f2bc2d8bd0d38662909289b54f1"},"breadcrumb":{"@id":"https:\/\/interamerica.org\/es\/2018\/04\/una-invitacion-a-ensalzar-a-jesus\/#breadcrumb"},"inLanguage":"es","potentialAction":[{"@type":"ReadAction","target":["https:\/\/interamerica.org\/es\/2018\/04\/una-invitacion-a-ensalzar-a-jesus\/"]}]},{"@type":"ImageObject","inLanguage":"es","@id":"https:\/\/interamerica.org\/es\/2018\/04\/una-invitacion-a-ensalzar-a-jesus\/#primaryimage","url":"https:\/\/interamerica.org\/wp-content\/uploads\/2018\/04\/general-conference-corporation-board-reviews-and-refines-investment-practices-2.jpg","contentUrl":"https:\/\/interamerica.org\/wp-content\/uploads\/2018\/04\/general-conference-corporation-board-reviews-and-refines-investment-practices-2.jpg","width":1000,"height":500},{"@type":"BreadcrumbList","@id":"https:\/\/interamerica.org\/es\/2018\/04\/una-invitacion-a-ensalzar-a-jesus\/#breadcrumb","itemListElement":[{"@type":"ListItem","position":1,"name":"Home","item":"https:\/\/interamerica.org\/es\/"},{"@type":"ListItem","position":2,"name":"Una invitaci\u00f3n a ensalzar a Jes\u00fas"}]},{"@type":"WebSite","@id":"https:\/\/interamerica.org\/es\/#website","url":"https:\/\/interamerica.org\/es\/","name":"Iglesia Adventista del S\u00e9ptimo D\u00eda - Divisi\u00f3n Interamericana","description":"","potentialAction":[{"@type":"SearchAction","target":{"@type":"EntryPoint","urlTemplate":"https:\/\/interamerica.org\/es\/?s={search_term_string}"},"query-input":{"@type":"PropertyValueSpecification","valueRequired":true,"valueName":"search_term_string"}}],"inLanguage":"es"},{"@type":"Person","@id":"https:\/\/interamerica.org\/es\/#\/schema\/person\/29998f2bc2d8bd0d38662909289b54f1","name":"libna","image":{"@type":"ImageObject","inLanguage":"es","@id":"https:\/\/secure.gravatar.com\/avatar\/7c5bd30ae4b47a9ba3c856590957fd1d96dc588bf3ac05719d247e126840331f?s=96&d=mm&r=g","url":"https:\/\/secure.gravatar.com\/avatar\/7c5bd30ae4b47a9ba3c856590957fd1d96dc588bf3ac05719d247e126840331f?s=96&d=mm&r=g","contentUrl":"https:\/\/secure.gravatar.com\/avatar\/7c5bd30ae4b47a9ba3c856590957fd1d96dc588bf3ac05719d247e126840331f?s=96&d=mm&r=g","caption":"libna"}}]}},"_links":{"self":[{"href":"https:\/\/interamerica.org\/es\/wp-json\/wp\/v2\/posts\/40337","targetHints":{"allow":["GET"]}}],"collection":[{"href":"https:\/\/interamerica.org\/es\/wp-json\/wp\/v2\/posts"}],"about":[{"href":"https:\/\/interamerica.org\/es\/wp-json\/wp\/v2\/types\/post"}],"author":[{"embeddable":true,"href":"https:\/\/interamerica.org\/es\/wp-json\/wp\/v2\/users\/3"}],"replies":[{"embeddable":true,"href":"https:\/\/interamerica.org\/es\/wp-json\/wp\/v2\/comments?post=40337"}],"version-history":[{"count":0,"href":"https:\/\/interamerica.org\/es\/wp-json\/wp\/v2\/posts\/40337\/revisions"}],"wp:featuredmedia":[{"embeddable":true,"href":"https:\/\/interamerica.org\/es\/wp-json\/wp\/v2\/media\/40039"}],"wp:attachment":[{"href":"https:\/\/interamerica.org\/es\/wp-json\/wp\/v2\/media?parent=40337"}],"wp:term":[{"taxonomy":"category","embeddable":true,"href":"https:\/\/interamerica.org\/es\/wp-json\/wp\/v2\/categories?post=40337"},{"taxonomy":"post_tag","embeddable":true,"href":"https:\/\/interamerica.org\/es\/wp-json\/wp\/v2\/tags?post=40337"}],"curies":[{"name":"wp","href":"https:\/\/api.w.org\/{rel}","templated":true}]}}