{"id":40519,"date":"2018-04-16T15:10:30","date_gmt":"2018-04-16T19:10:30","guid":{"rendered":"https:\/\/recursing-golick.147-182-135-0.plesk.page\/?p=40519"},"modified":"2018-05-01T21:22:41","modified_gmt":"2018-05-02T01:22:41","slug":"iglesia-adventista-vota-presidente-y-secretario-electos-para-interamerica-se-reconoce-el-liderazgo-de-leito","status":"publish","type":"post","link":"https:\/\/interamerica.org\/es\/2018\/04\/iglesia-adventista-vota-presidente-y-secretario-electos-para-interamerica-se-reconoce-el-liderazgo-de-leito\/","title":{"rendered":"Iglesia Adventista vota presidente y secretario electos para Interam\u00e9rica; se reconoce el liderazgo de Leito"},"content":{"rendered":"<div id=\"attachment_40510\" style=\"width: 760px\" class=\"wp-caption aligncenter\"><img fetchpriority=\"high\" decoding=\"async\" aria-describedby=\"caption-attachment-40510\" class=\" wp-image-40510\" src=\"https:\/\/recursing-golick.147-182-135-0.plesk.page\/wp-content\/uploads\/2018\/04\/eliehenry-ketlie-1-300x188.jpg\" alt=\"\" width=\"750\" height=\"470\" srcset=\"https:\/\/interamerica.org\/wp-content\/uploads\/2018\/04\/eliehenry-ketlie-1-300x188.jpg 300w, https:\/\/interamerica.org\/wp-content\/uploads\/2018\/04\/eliehenry-ketlie-1-768x480.jpg 768w, https:\/\/interamerica.org\/wp-content\/uploads\/2018\/04\/eliehenry-ketlie-1-1024x640.jpg 1024w, https:\/\/interamerica.org\/wp-content\/uploads\/2018\/04\/eliehenry-ketlie-1.jpg 1280w\" sizes=\"(max-width: 750px) 100vw, 750px\" \/><p id=\"caption-attachment-40510\" class=\"wp-caption-text\">El doctor Elie Henry y su esposa Ketlie, cuando se tom\u00f3 el voto que lo confirm\u00f3 como presidente electo de la Divisi\u00f3n Interamericana. Imagen de la Red de Noticias Adventistas<\/p><\/div>\n<p>16 de abril de 2018 | Silver Spring, Maryland, Estados Unidos | Libna Stevens\/DIA<\/p>\n<p>La Junta Directiva de la Asociaci\u00f3n General de la Iglesia Adventista vot\u00f3 la semana pasada aceptar la recomendaci\u00f3n del doctor Elie Henry como presidente y el doctor Leonard Johnson como secretario ejecutivo de la Divisi\u00f3n Interamericana. Ambos nombres fueron votados el 10 de abril en Silver Spring, Maryland, durante una de las sesiones administrativas de la junta de gobierno de la iglesia.<\/p>\n<p>El doctor Elie Henry ser\u00e1 presidente electo hasta fines de julio, cuando el pastor Israel Leito se jubilar\u00e1 como presidente, dijo G. T. Ng, secretario ejecutivo de la iglesia mundial, antes de que se tomara el voto. \u201cEl doctor Henry ser\u00e1 presidente a partir del 1 de agosto de 2018\u201d, dijo Ng.<\/p>\n<p>Ted N.C. Wilson, presidente de la Iglesia Adventista mundial, elogi\u00f3 al doctor Henry y sus siete a\u00f1os como experiencia como secretario de la Divisi\u00f3n Interamericana, y como presidente de uni\u00f3n y liderazgo educativo en el seminario adventista de Hait\u00ed.<\/p>\n<div id=\"attachment_40502\" style=\"width: 413px\" class=\"wp-caption alignleft\"><img decoding=\"async\" aria-describedby=\"caption-attachment-40502\" class=\" wp-image-40502\" src=\"https:\/\/recursing-golick.147-182-135-0.plesk.page\/wp-content\/uploads\/2018\/04\/leonardjohnson-denise-300x187.jpg\" alt=\"\" width=\"403\" height=\"251\" srcset=\"https:\/\/interamerica.org\/wp-content\/uploads\/2018\/04\/leonardjohnson-denise-300x187.jpg 300w, https:\/\/interamerica.org\/wp-content\/uploads\/2018\/04\/leonardjohnson-denise-768x479.jpg 768w, https:\/\/interamerica.org\/wp-content\/uploads\/2018\/04\/leonardjohnson-denise-1024x639.jpg 1024w, https:\/\/interamerica.org\/wp-content\/uploads\/2018\/04\/leonardjohnson-denise.jpg 1280w\" sizes=\"(max-width: 403px) 100vw, 403px\" \/><p id=\"caption-attachment-40502\" class=\"wp-caption-text\">El doctor Leonard Johnson fue votado como secretario ejecutivo de la Divisi\u00f3n Interamericana, junto a su esposa Denise. Imagen de la Red de Noticias Adventistas<\/p><\/div>\n<p>\u201cEs un privilegio poner esto a vuestra consideraci\u00f3n\u201d, dijo Wilson al dirigirse a la comisi\u00f3n. \u201cLa junta de la Divisi\u00f3n Interamericana tom\u00f3 hace poco el <a href=\"mailto:https:\/\/recursing-golick.147-182-135-0.plesk.page\/2018\/03\/adventist-church-in-inter-america-votes-in-new-president-and-executive-secretary\/\">voto de recomendaci\u00f3n<\/a> del doctor Henry, y por fe decidimos avanzar\u201d.<\/p>\n<p>El doctor Leonard Johnson tambi\u00e9n fue votado secretario ejecutivo electo hasta el 1 de agosto de 2018, cuando asumir\u00e1 oficialmente el cargo. Johnson ha estado fungiendo como director ministerial asociado de la Uni\u00f3n del Caribe Atl\u00e1ntico, que supervisa el trabajo de la iglesia en las Bahamas, las Islas Caim\u00e1n y Turcos y Caicos.<\/p>\n<p>\u201cEl doctor Johnson es una persona muy equilibrada y alguien que recibi\u00f3 el fuerte apoyo de la comisi\u00f3n de nombramientos de Interam\u00e9rica para efectuar una recomendaci\u00f3n de que sea elegido secretario ejecutivo\u201d, dijo el pastor Wilson.<\/p>\n<p>La Junta Directiva de la Asociaci\u00f3n General tambi\u00e9n honr\u00f3 al pastor Israel Leito, presidente de la Iglesia Adventista en Interam\u00e9rica, por su liderazgo y servicio extendido a la iglesia.<\/p>\n<p>\u201cEn nombre de la iglesia mundial y el m\u00edo propio, queremos agradecerle por la tremenda manera dedicada en que ha invertido su vida en la obra de la iglesia, y por haber dado ese \u00e9nfasis a la misi\u00f3n y la obra comunitaria y misionera de este precioso movimiento adventista\u201d, dijo el pastor Wilson al hablar con el pastor Leito y la comisi\u00f3n\u201d.<\/p>\n<p>El pastor Leito agradeci\u00f3 a la comisi\u00f3n por permitirle servir a la iglesia durante tantos a\u00f1os. Se\u00f1al\u00f3 los m\u00e1s de 30 a\u00f1os que fue parte de la Junta Directiva de la Asociaci\u00f3n General.<\/p>\n<div id=\"attachment_40505\" style=\"width: 421px\" class=\"wp-caption alignleft\"><img decoding=\"async\" aria-describedby=\"caption-attachment-40505\" class=\" wp-image-40505\" src=\"https:\/\/recursing-golick.147-182-135-0.plesk.page\/wp-content\/uploads\/2018\/04\/wilson-leito-gcspringcouncil-300x187.jpg\" alt=\"\" width=\"411\" height=\"256\" srcset=\"https:\/\/interamerica.org\/wp-content\/uploads\/2018\/04\/wilson-leito-gcspringcouncil-300x187.jpg 300w, https:\/\/interamerica.org\/wp-content\/uploads\/2018\/04\/wilson-leito-gcspringcouncil.jpg 596w\" sizes=\"(max-width: 411px) 100vw, 411px\" \/><p id=\"caption-attachment-40505\" class=\"wp-caption-text\">El pastor Ted N.C. Wilson, presidente de la Iglesia Adventista mundial, honra al pastor Israel Leito, presidente de la Divisi\u00f3n Interamericana, quien se retirar\u00e1 del servicio activo el 1 de agosto de 2018. Imagen de la Red de Noticias Adventistas<\/p><\/div>\n<p>\u201cDespu\u00e9s de servir a la iglesia [como presidente de la Divisi\u00f3n Interamericana] por casi 25 a\u00f1os, es tiempo de dejar de pensar que el Se\u00f1or no tiene otras personas para hacer la tarea\u201d, dijo el pastor Leito. \u201cEsta iglesia le pertenece a Cristo, y alabo al Se\u00f1or por lo que ha hecho en su iglesia. Agradezco tambi\u00e9n a la Asociaci\u00f3n General por el privilegio de servir a esta iglesia durante tanto tiempo\u201d.<\/p>\n<p>El pastor Leito dijo que continuar\u00e1 sirviendo a la iglesia detr\u00e1s de escena. Anim\u00f3 a los l\u00edderes a que sean fieles y contin\u00faen trabajando y sirviendo a la iglesia.<\/p>\n<p>\u201cHay tanto para hacer, y el Se\u00f1or nos usar\u00e1 si somos lo suficientemente humildes para ser usados por \u00e9l\u201d, dijo a los miembros de la junta. \u201cGracias por ser amigos, por ayudarme a crecer y por fortalecer a la iglesia de Dios\u201d.<\/p>\n<p><a href=\"mailto:https:\/\/recursing-golick.147-182-135-0.plesk.page\/2018\/03\/iad-president-announces-retirement-during-church-business-meetings\/\">El pastor Leito anunci\u00f3 su jubilaci\u00f3n del servicio a la Divisi\u00f3n Interamericana<\/a> durante las reuniones de mitad de a\u00f1o que se llevaron en la iglesia regional el mes pasado.<\/p>\n<p>Traducci\u00f3n por Marcos Paseggi<\/p>\n","protected":false},"excerpt":{"rendered":"<p>16 de abril de 2018 | Silver Spring, Maryland, Estados Unidos | Libna Stevens\/DIA La Junta Directiva de la Asociaci\u00f3n General de la Iglesia Adventista vot\u00f3 la semana pasada aceptar&#8230;<\/p>\n","protected":false},"author":3,"featured_media":40512,"comment_status":"open","ping_status":"closed","sticky":false,"template":"","format":"standard","meta":{"_acf_changed":false,"footnotes":""},"categories":[16,15],"tags":[],"class_list":["post-40519","post","type-post","status-publish","format-standard","has-post-thumbnail","hentry","category-desde-la-sede","category-rss-espanol"],"acf":[],"yoast_head":"<!-- This site is optimized with the Yoast SEO plugin v27.3 - https:\/\/yoast.com\/product\/yoast-seo-wordpress\/ -->\n<title>Iglesia Adventista vota presidente y secretario electos para Interam\u00e9rica; se reconoce el liderazgo de Leito - Iglesia Adventista del S\u00e9ptimo D\u00eda - Divisi\u00f3n Interamericana<\/title>\n<meta name=\"robots\" content=\"index, follow, max-snippet:-1, max-image-preview:large, max-video-preview:-1\" \/>\n<link rel=\"canonical\" href=\"https:\/\/interamerica.org\/es\/2018\/04\/iglesia-adventista-vota-presidente-y-secretario-electos-para-interamerica-se-reconoce-el-liderazgo-de-leito\/\" \/>\n<meta property=\"og:locale\" content=\"es_ES\" \/>\n<meta property=\"og:type\" content=\"article\" \/>\n<meta property=\"og:title\" content=\"Iglesia Adventista vota presidente y secretario electos para Interam\u00e9rica; se reconoce el liderazgo de Leito - Iglesia Adventista del S\u00e9ptimo D\u00eda - Divisi\u00f3n Interamericana\" \/>\n<meta property=\"og:description\" content=\"16 de abril de 2018 | Silver Spring, Maryland, Estados Unidos | Libna Stevens\/DIA La Junta Directiva de la Asociaci\u00f3n General de la Iglesia Adventista vot\u00f3 la semana pasada aceptar...\" \/>\n<meta property=\"og:url\" content=\"https:\/\/interamerica.org\/es\/2018\/04\/iglesia-adventista-vota-presidente-y-secretario-electos-para-interamerica-se-reconoce-el-liderazgo-de-leito\/\" \/>\n<meta property=\"og:site_name\" content=\"Iglesia Adventista del S\u00e9ptimo D\u00eda - Divisi\u00f3n Interamericana\" \/>\n<meta property=\"article:published_time\" content=\"2018-04-16T19:10:30+00:00\" \/>\n<meta property=\"article:modified_time\" content=\"2018-05-02T01:22:41+00:00\" \/>\n<meta property=\"og:image\" content=\"https:\/\/interamerica.org\/wp-content\/uploads\/2018\/04\/eliehenry-ketlie-1.jpg\" \/>\n\t<meta property=\"og:image:width\" content=\"1280\" \/>\n\t<meta property=\"og:image:height\" content=\"800\" \/>\n\t<meta property=\"og:image:type\" content=\"image\/jpeg\" \/>\n<meta name=\"author\" content=\"libna\" \/>\n<meta name=\"twitter:card\" content=\"summary_large_image\" \/>\n<meta name=\"twitter:label1\" content=\"Escrito por\" \/>\n\t<meta name=\"twitter:data1\" content=\"libna\" \/>\n\t<meta name=\"twitter:label2\" content=\"Tiempo de lectura\" \/>\n\t<meta name=\"twitter:data2\" content=\"4 minutos\" \/>\n<script type=\"application\/ld+json\" class=\"yoast-schema-graph\">{\"@context\":\"https:\\\/\\\/schema.org\",\"@graph\":[{\"@type\":\"Article\",\"@id\":\"https:\\\/\\\/interamerica.org\\\/es\\\/2018\\\/04\\\/iglesia-adventista-vota-presidente-y-secretario-electos-para-interamerica-se-reconoce-el-liderazgo-de-leito\\\/#article\",\"isPartOf\":{\"@id\":\"https:\\\/\\\/interamerica.org\\\/es\\\/2018\\\/04\\\/iglesia-adventista-vota-presidente-y-secretario-electos-para-interamerica-se-reconoce-el-liderazgo-de-leito\\\/\"},\"author\":{\"name\":\"libna\",\"@id\":\"https:\\\/\\\/interamerica.org\\\/es\\\/#\\\/schema\\\/person\\\/29998f2bc2d8bd0d38662909289b54f1\"},\"headline\":\"Iglesia Adventista vota presidente y secretario electos para Interam\u00e9rica; se reconoce el liderazgo de Leito\",\"datePublished\":\"2018-04-16T19:10:30+00:00\",\"dateModified\":\"2018-05-02T01:22:41+00:00\",\"mainEntityOfPage\":{\"@id\":\"https:\\\/\\\/interamerica.org\\\/es\\\/2018\\\/04\\\/iglesia-adventista-vota-presidente-y-secretario-electos-para-interamerica-se-reconoce-el-liderazgo-de-leito\\\/\"},\"wordCount\":761,\"commentCount\":0,\"image\":{\"@id\":\"https:\\\/\\\/interamerica.org\\\/es\\\/2018\\\/04\\\/iglesia-adventista-vota-presidente-y-secretario-electos-para-interamerica-se-reconoce-el-liderazgo-de-leito\\\/#primaryimage\"},\"thumbnailUrl\":\"https:\\\/\\\/interamerica.org\\\/wp-content\\\/uploads\\\/2018\\\/04\\\/eliehenry-ketlie-1.jpg\",\"articleSection\":[\"Desde la sede\",\"RSS Espa\u00f1ol\"],\"inLanguage\":\"es\",\"potentialAction\":[{\"@type\":\"CommentAction\",\"name\":\"Comment\",\"target\":[\"https:\\\/\\\/interamerica.org\\\/es\\\/2018\\\/04\\\/iglesia-adventista-vota-presidente-y-secretario-electos-para-interamerica-se-reconoce-el-liderazgo-de-leito\\\/#respond\"]}]},{\"@type\":\"WebPage\",\"@id\":\"https:\\\/\\\/interamerica.org\\\/es\\\/2018\\\/04\\\/iglesia-adventista-vota-presidente-y-secretario-electos-para-interamerica-se-reconoce-el-liderazgo-de-leito\\\/\",\"url\":\"https:\\\/\\\/interamerica.org\\\/es\\\/2018\\\/04\\\/iglesia-adventista-vota-presidente-y-secretario-electos-para-interamerica-se-reconoce-el-liderazgo-de-leito\\\/\",\"name\":\"Iglesia Adventista vota presidente y secretario electos para Interam\u00e9rica; se reconoce el liderazgo de Leito - Iglesia Adventista del S\u00e9ptimo D\u00eda - Divisi\u00f3n Interamericana\",\"isPartOf\":{\"@id\":\"https:\\\/\\\/interamerica.org\\\/es\\\/#website\"},\"primaryImageOfPage\":{\"@id\":\"https:\\\/\\\/interamerica.org\\\/es\\\/2018\\\/04\\\/iglesia-adventista-vota-presidente-y-secretario-electos-para-interamerica-se-reconoce-el-liderazgo-de-leito\\\/#primaryimage\"},\"image\":{\"@id\":\"https:\\\/\\\/interamerica.org\\\/es\\\/2018\\\/04\\\/iglesia-adventista-vota-presidente-y-secretario-electos-para-interamerica-se-reconoce-el-liderazgo-de-leito\\\/#primaryimage\"},\"thumbnailUrl\":\"https:\\\/\\\/interamerica.org\\\/wp-content\\\/uploads\\\/2018\\\/04\\\/eliehenry-ketlie-1.jpg\",\"datePublished\":\"2018-04-16T19:10:30+00:00\",\"dateModified\":\"2018-05-02T01:22:41+00:00\",\"author\":{\"@id\":\"https:\\\/\\\/interamerica.org\\\/es\\\/#\\\/schema\\\/person\\\/29998f2bc2d8bd0d38662909289b54f1\"},\"breadcrumb\":{\"@id\":\"https:\\\/\\\/interamerica.org\\\/es\\\/2018\\\/04\\\/iglesia-adventista-vota-presidente-y-secretario-electos-para-interamerica-se-reconoce-el-liderazgo-de-leito\\\/#breadcrumb\"},\"inLanguage\":\"es\",\"potentialAction\":[{\"@type\":\"ReadAction\",\"target\":[\"https:\\\/\\\/interamerica.org\\\/es\\\/2018\\\/04\\\/iglesia-adventista-vota-presidente-y-secretario-electos-para-interamerica-se-reconoce-el-liderazgo-de-leito\\\/\"]}]},{\"@type\":\"ImageObject\",\"inLanguage\":\"es\",\"@id\":\"https:\\\/\\\/interamerica.org\\\/es\\\/2018\\\/04\\\/iglesia-adventista-vota-presidente-y-secretario-electos-para-interamerica-se-reconoce-el-liderazgo-de-leito\\\/#primaryimage\",\"url\":\"https:\\\/\\\/interamerica.org\\\/wp-content\\\/uploads\\\/2018\\\/04\\\/eliehenry-ketlie-1.jpg\",\"contentUrl\":\"https:\\\/\\\/interamerica.org\\\/wp-content\\\/uploads\\\/2018\\\/04\\\/eliehenry-ketlie-1.jpg\",\"width\":1280,\"height\":800,\"caption\":\"Dr. Elie Henry and his wife Ketlie, as the vote was taken to be the IAD President. Image from Adventist News Network\"},{\"@type\":\"BreadcrumbList\",\"@id\":\"https:\\\/\\\/interamerica.org\\\/es\\\/2018\\\/04\\\/iglesia-adventista-vota-presidente-y-secretario-electos-para-interamerica-se-reconoce-el-liderazgo-de-leito\\\/#breadcrumb\",\"itemListElement\":[{\"@type\":\"ListItem\",\"position\":1,\"name\":\"Home\",\"item\":\"https:\\\/\\\/interamerica.org\\\/es\\\/\"},{\"@type\":\"ListItem\",\"position\":2,\"name\":\"Iglesia Adventista vota presidente y secretario electos para Interam\u00e9rica; se reconoce el liderazgo de Leito\"}]},{\"@type\":\"WebSite\",\"@id\":\"https:\\\/\\\/interamerica.org\\\/es\\\/#website\",\"url\":\"https:\\\/\\\/interamerica.org\\\/es\\\/\",\"name\":\"Iglesia Adventista del S\u00e9ptimo D\u00eda - Divisi\u00f3n Interamericana\",\"description\":\"\",\"potentialAction\":[{\"@type\":\"SearchAction\",\"target\":{\"@type\":\"EntryPoint\",\"urlTemplate\":\"https:\\\/\\\/interamerica.org\\\/es\\\/?s={search_term_string}\"},\"query-input\":{\"@type\":\"PropertyValueSpecification\",\"valueRequired\":true,\"valueName\":\"search_term_string\"}}],\"inLanguage\":\"es\"},{\"@type\":\"Person\",\"@id\":\"https:\\\/\\\/interamerica.org\\\/es\\\/#\\\/schema\\\/person\\\/29998f2bc2d8bd0d38662909289b54f1\",\"name\":\"libna\",\"image\":{\"@type\":\"ImageObject\",\"inLanguage\":\"es\",\"@id\":\"https:\\\/\\\/secure.gravatar.com\\\/avatar\\\/7c5bd30ae4b47a9ba3c856590957fd1d96dc588bf3ac05719d247e126840331f?s=96&d=mm&r=g\",\"url\":\"https:\\\/\\\/secure.gravatar.com\\\/avatar\\\/7c5bd30ae4b47a9ba3c856590957fd1d96dc588bf3ac05719d247e126840331f?s=96&d=mm&r=g\",\"contentUrl\":\"https:\\\/\\\/secure.gravatar.com\\\/avatar\\\/7c5bd30ae4b47a9ba3c856590957fd1d96dc588bf3ac05719d247e126840331f?s=96&d=mm&r=g\",\"caption\":\"libna\"}}]}<\/script>\n<!-- \/ Yoast SEO plugin. -->","yoast_head_json":{"title":"Iglesia Adventista vota presidente y secretario electos para Interam\u00e9rica; se reconoce el liderazgo de Leito - Iglesia Adventista del S\u00e9ptimo D\u00eda - Divisi\u00f3n Interamericana","robots":{"index":"index","follow":"follow","max-snippet":"max-snippet:-1","max-image-preview":"max-image-preview:large","max-video-preview":"max-video-preview:-1"},"canonical":"https:\/\/interamerica.org\/es\/2018\/04\/iglesia-adventista-vota-presidente-y-secretario-electos-para-interamerica-se-reconoce-el-liderazgo-de-leito\/","og_locale":"es_ES","og_type":"article","og_title":"Iglesia Adventista vota presidente y secretario electos para Interam\u00e9rica; se reconoce el liderazgo de Leito - Iglesia Adventista del S\u00e9ptimo D\u00eda - Divisi\u00f3n Interamericana","og_description":"16 de abril de 2018 | Silver Spring, Maryland, Estados Unidos | Libna Stevens\/DIA La Junta Directiva de la Asociaci\u00f3n General de la Iglesia Adventista vot\u00f3 la semana pasada aceptar...","og_url":"https:\/\/interamerica.org\/es\/2018\/04\/iglesia-adventista-vota-presidente-y-secretario-electos-para-interamerica-se-reconoce-el-liderazgo-de-leito\/","og_site_name":"Iglesia Adventista del S\u00e9ptimo D\u00eda - Divisi\u00f3n Interamericana","article_published_time":"2018-04-16T19:10:30+00:00","article_modified_time":"2018-05-02T01:22:41+00:00","og_image":[{"width":1280,"height":800,"url":"https:\/\/interamerica.org\/wp-content\/uploads\/2018\/04\/eliehenry-ketlie-1.jpg","type":"image\/jpeg"}],"author":"libna","twitter_card":"summary_large_image","twitter_misc":{"Escrito por":"libna","Tiempo de lectura":"4 minutos"},"schema":{"@context":"https:\/\/schema.org","@graph":[{"@type":"Article","@id":"https:\/\/interamerica.org\/es\/2018\/04\/iglesia-adventista-vota-presidente-y-secretario-electos-para-interamerica-se-reconoce-el-liderazgo-de-leito\/#article","isPartOf":{"@id":"https:\/\/interamerica.org\/es\/2018\/04\/iglesia-adventista-vota-presidente-y-secretario-electos-para-interamerica-se-reconoce-el-liderazgo-de-leito\/"},"author":{"name":"libna","@id":"https:\/\/interamerica.org\/es\/#\/schema\/person\/29998f2bc2d8bd0d38662909289b54f1"},"headline":"Iglesia Adventista vota presidente y secretario electos para Interam\u00e9rica; se reconoce el liderazgo de Leito","datePublished":"2018-04-16T19:10:30+00:00","dateModified":"2018-05-02T01:22:41+00:00","mainEntityOfPage":{"@id":"https:\/\/interamerica.org\/es\/2018\/04\/iglesia-adventista-vota-presidente-y-secretario-electos-para-interamerica-se-reconoce-el-liderazgo-de-leito\/"},"wordCount":761,"commentCount":0,"image":{"@id":"https:\/\/interamerica.org\/es\/2018\/04\/iglesia-adventista-vota-presidente-y-secretario-electos-para-interamerica-se-reconoce-el-liderazgo-de-leito\/#primaryimage"},"thumbnailUrl":"https:\/\/interamerica.org\/wp-content\/uploads\/2018\/04\/eliehenry-ketlie-1.jpg","articleSection":["Desde la sede","RSS Espa\u00f1ol"],"inLanguage":"es","potentialAction":[{"@type":"CommentAction","name":"Comment","target":["https:\/\/interamerica.org\/es\/2018\/04\/iglesia-adventista-vota-presidente-y-secretario-electos-para-interamerica-se-reconoce-el-liderazgo-de-leito\/#respond"]}]},{"@type":"WebPage","@id":"https:\/\/interamerica.org\/es\/2018\/04\/iglesia-adventista-vota-presidente-y-secretario-electos-para-interamerica-se-reconoce-el-liderazgo-de-leito\/","url":"https:\/\/interamerica.org\/es\/2018\/04\/iglesia-adventista-vota-presidente-y-secretario-electos-para-interamerica-se-reconoce-el-liderazgo-de-leito\/","name":"Iglesia Adventista vota presidente y secretario electos para Interam\u00e9rica; se reconoce el liderazgo de Leito - Iglesia Adventista del S\u00e9ptimo D\u00eda - Divisi\u00f3n Interamericana","isPartOf":{"@id":"https:\/\/interamerica.org\/es\/#website"},"primaryImageOfPage":{"@id":"https:\/\/interamerica.org\/es\/2018\/04\/iglesia-adventista-vota-presidente-y-secretario-electos-para-interamerica-se-reconoce-el-liderazgo-de-leito\/#primaryimage"},"image":{"@id":"https:\/\/interamerica.org\/es\/2018\/04\/iglesia-adventista-vota-presidente-y-secretario-electos-para-interamerica-se-reconoce-el-liderazgo-de-leito\/#primaryimage"},"thumbnailUrl":"https:\/\/interamerica.org\/wp-content\/uploads\/2018\/04\/eliehenry-ketlie-1.jpg","datePublished":"2018-04-16T19:10:30+00:00","dateModified":"2018-05-02T01:22:41+00:00","author":{"@id":"https:\/\/interamerica.org\/es\/#\/schema\/person\/29998f2bc2d8bd0d38662909289b54f1"},"breadcrumb":{"@id":"https:\/\/interamerica.org\/es\/2018\/04\/iglesia-adventista-vota-presidente-y-secretario-electos-para-interamerica-se-reconoce-el-liderazgo-de-leito\/#breadcrumb"},"inLanguage":"es","potentialAction":[{"@type":"ReadAction","target":["https:\/\/interamerica.org\/es\/2018\/04\/iglesia-adventista-vota-presidente-y-secretario-electos-para-interamerica-se-reconoce-el-liderazgo-de-leito\/"]}]},{"@type":"ImageObject","inLanguage":"es","@id":"https:\/\/interamerica.org\/es\/2018\/04\/iglesia-adventista-vota-presidente-y-secretario-electos-para-interamerica-se-reconoce-el-liderazgo-de-leito\/#primaryimage","url":"https:\/\/interamerica.org\/wp-content\/uploads\/2018\/04\/eliehenry-ketlie-1.jpg","contentUrl":"https:\/\/interamerica.org\/wp-content\/uploads\/2018\/04\/eliehenry-ketlie-1.jpg","width":1280,"height":800,"caption":"Dr. Elie Henry and his wife Ketlie, as the vote was taken to be the IAD President. Image from Adventist News Network"},{"@type":"BreadcrumbList","@id":"https:\/\/interamerica.org\/es\/2018\/04\/iglesia-adventista-vota-presidente-y-secretario-electos-para-interamerica-se-reconoce-el-liderazgo-de-leito\/#breadcrumb","itemListElement":[{"@type":"ListItem","position":1,"name":"Home","item":"https:\/\/interamerica.org\/es\/"},{"@type":"ListItem","position":2,"name":"Iglesia Adventista vota presidente y secretario electos para Interam\u00e9rica; se reconoce el liderazgo de Leito"}]},{"@type":"WebSite","@id":"https:\/\/interamerica.org\/es\/#website","url":"https:\/\/interamerica.org\/es\/","name":"Iglesia Adventista del S\u00e9ptimo D\u00eda - Divisi\u00f3n Interamericana","description":"","potentialAction":[{"@type":"SearchAction","target":{"@type":"EntryPoint","urlTemplate":"https:\/\/interamerica.org\/es\/?s={search_term_string}"},"query-input":{"@type":"PropertyValueSpecification","valueRequired":true,"valueName":"search_term_string"}}],"inLanguage":"es"},{"@type":"Person","@id":"https:\/\/interamerica.org\/es\/#\/schema\/person\/29998f2bc2d8bd0d38662909289b54f1","name":"libna","image":{"@type":"ImageObject","inLanguage":"es","@id":"https:\/\/secure.gravatar.com\/avatar\/7c5bd30ae4b47a9ba3c856590957fd1d96dc588bf3ac05719d247e126840331f?s=96&d=mm&r=g","url":"https:\/\/secure.gravatar.com\/avatar\/7c5bd30ae4b47a9ba3c856590957fd1d96dc588bf3ac05719d247e126840331f?s=96&d=mm&r=g","contentUrl":"https:\/\/secure.gravatar.com\/avatar\/7c5bd30ae4b47a9ba3c856590957fd1d96dc588bf3ac05719d247e126840331f?s=96&d=mm&r=g","caption":"libna"}}]}},"_links":{"self":[{"href":"https:\/\/interamerica.org\/es\/wp-json\/wp\/v2\/posts\/40519","targetHints":{"allow":["GET"]}}],"collection":[{"href":"https:\/\/interamerica.org\/es\/wp-json\/wp\/v2\/posts"}],"about":[{"href":"https:\/\/interamerica.org\/es\/wp-json\/wp\/v2\/types\/post"}],"author":[{"embeddable":true,"href":"https:\/\/interamerica.org\/es\/wp-json\/wp\/v2\/users\/3"}],"replies":[{"embeddable":true,"href":"https:\/\/interamerica.org\/es\/wp-json\/wp\/v2\/comments?post=40519"}],"version-history":[{"count":0,"href":"https:\/\/interamerica.org\/es\/wp-json\/wp\/v2\/posts\/40519\/revisions"}],"wp:featuredmedia":[{"embeddable":true,"href":"https:\/\/interamerica.org\/es\/wp-json\/wp\/v2\/media\/40512"}],"wp:attachment":[{"href":"https:\/\/interamerica.org\/es\/wp-json\/wp\/v2\/media?parent=40519"}],"wp:term":[{"taxonomy":"category","embeddable":true,"href":"https:\/\/interamerica.org\/es\/wp-json\/wp\/v2\/categories?post=40519"},{"taxonomy":"post_tag","embeddable":true,"href":"https:\/\/interamerica.org\/es\/wp-json\/wp\/v2\/tags?post=40519"}],"curies":[{"name":"wp","href":"https:\/\/api.w.org\/{rel}","templated":true}]}}