{"id":40614,"date":"2018-04-19T11:23:47","date_gmt":"2018-04-19T15:23:47","guid":{"rendered":"https:\/\/recursing-golick.147-182-135-0.plesk.page\/?p=40614"},"modified":"2018-05-01T21:15:56","modified_gmt":"2018-05-02T01:15:56","slug":"psiquiatra-es-elegido-director-asociado-de-ministerios-de-salud-de-la-iglesia-adventista","status":"publish","type":"post","link":"https:\/\/interamerica.org\/es\/2018\/04\/psiquiatra-es-elegido-director-asociado-de-ministerios-de-salud-de-la-iglesia-adventista\/","title":{"rendered":"Psiquiatra es elegido director asociado de Ministerios de Salud de la Iglesia Adventista"},"content":{"rendered":"<div id=\"attachment_40591\" style=\"width: 768px\" class=\"wp-caption aligncenter\"><img fetchpriority=\"high\" decoding=\"async\" aria-describedby=\"caption-attachment-40591\" class=\"wp-image-40591 \" src=\"https:\/\/recursing-golick.147-182-135-0.plesk.page\/wp-content\/uploads\/2018\/04\/bergland-lecture-300x200.jpg\" alt=\"\" width=\"758\" height=\"505\" srcset=\"https:\/\/interamerica.org\/wp-content\/uploads\/2018\/04\/bergland-lecture-300x200.jpg 300w, https:\/\/interamerica.org\/wp-content\/uploads\/2018\/04\/bergland-lecture-768x511.jpg 768w, https:\/\/interamerica.org\/wp-content\/uploads\/2018\/04\/bergland-lecture.jpg 1000w\" sizes=\"(max-width: 758px) 100vw, 758px\" \/><p id=\"caption-attachment-40591\" class=\"wp-caption-text\">Torben Bergland, durante una presentaci\u00f3n reciente en las Conferencias Diversidad de Newbold, en Inglaterra. Imagen de Noticias de la Divisi\u00f3n Transeuropea<\/p><\/div>\n<p><span class=\"byline-news\">Por: Victor Hulbert, Divisi\u00f3n Transeuropea y Marcos Paseggi, <\/span><em><span class=\"byline-news\">Adventist Review<\/span><\/em><\/p>\n<p>Un psiquiatra de Noruega al que le gusta disfrutar de la vida al aire libre ha sido elegido director asociado de Ministerios de Salud de la Iglesia Adventista mundial. Torben Bergland, director de Ministerios de Salud de la Divisi\u00f3n Transeuropea, fue designado para su nueva funci\u00f3n durante el Concilio de Primavera en la sede de la Iglesia Adventista en Silver Spring, Maryland, Estados Unidos, el 11 de abril de 2018. Remplazar\u00e1 a Fred Hardinge, quien se jubila en unos meses.<\/p>\n<p>Bergland, que naci\u00f3 en Noruega y a quien le encanta esquiar, practicar el alpinismo, andar en bicicleta y correr, ha cumplido una prioridad estrat\u00e9gica en la Divisi\u00f3n Transeuropea desde su elecci\u00f3n en noviembre de 2015, enfoc\u00e1ndose en temas de salud mental y trabajando incansablemente para capacitar a otros. En el presente, est\u00e1 preparando <em> Mindwell<\/em>, un programa sustancial en l\u00ednea que crea conciencia sobre la salud mental.<\/p>\n<p>Con el apoyo de socios de la iglesia mundial, lo que incluye a la Divisi\u00f3n Transeuropea, Bergland planea seguir adelante con esta iniciativa.<\/p>\n<p>Dice \u00e9l: \u201cVeo tanto potencial para que nuestra iglesia tenga un impacto positivo en el mundo por medio de los Ministerios de Salud. Creo que somos llamados a ser una s\u00faperpotencia de la salud en el mundo, de llevar sanaci\u00f3n y alivio del quebrantamiento y el dolor en un mundo asolado por el pecado y el mal\u201d.<\/p>\n<div id=\"attachment_40594\" style=\"width: 319px\" class=\"wp-caption alignleft\"><img decoding=\"async\" aria-describedby=\"caption-attachment-40594\" class=\" wp-image-40594\" src=\"https:\/\/recursing-golick.147-182-135-0.plesk.page\/wp-content\/uploads\/2018\/04\/torben-skiing-200x300.jpg\" alt=\"\" width=\"309\" height=\"464\" srcset=\"https:\/\/interamerica.org\/wp-content\/uploads\/2018\/04\/torben-skiing-200x300.jpg 200w, https:\/\/interamerica.org\/wp-content\/uploads\/2018\/04\/torben-skiing-768x1152.jpg 768w, https:\/\/interamerica.org\/wp-content\/uploads\/2018\/04\/torben-skiing-682x1024.jpg 682w, https:\/\/interamerica.org\/wp-content\/uploads\/2018\/04\/torben-skiing.jpg 853w\" sizes=\"(max-width: 309px) 100vw, 309px\" \/><p id=\"caption-attachment-40594\" class=\"wp-caption-text\">Bergland disfruta las actividades al aire libre y, en su tiempo libre, le encanta esquiar, practicar el alpinismo, andar en bicicleta y corer. Imagen de Noticias de la Divisi\u00f3n Transeuropea<\/p><\/div>\n<p>Aunque jam\u00e1s fue su plan trabajar en alg\u00fan nivel de la iglesia, expresa: \u201cEstoy comprometido con una vida de servicio que se esfuerza por marcar un impacto positivo dondequiera que va y m\u00e1s all\u00e1 de lo que haga. Me siento honrado, y siento profunda humildad al ser llamado por la iglesia de Dios para colaborar de esta manera\u201d.<\/p>\n<p><strong>Un psiquiatra comprometido<\/strong><\/p>\n<p>Bergland combina sus habilidades de m\u00e9dico y psiquiatra con su s\u00f3lido compromiso con la iglesia. Se gradu\u00f3 de la Escuela M\u00e9dica de la Universidad de Copenhague en 2002. Despu\u00e9s de hacer pasant\u00edas en cirug\u00eda, medicina general y medicina familiar, ingres\u00f3 en psiquiatr\u00eda. Ahora es psiquiatra y psicoterapeuta. Trabaj\u00f3 gran parte de su Carrera en el Modum Bad de Noruega, un renombrado hospital de tratamientos de psicoterapia, tanto como psicoterapeuta como l\u00edder de departamento. Ha trabajado mayormente con pacientes que sufr\u00edan de depresi\u00f3n, ansiedad y trastornos de personalidad.<\/p>\n<p>En 2015, tom\u00f3 la decisi\u00f3n consciente de tomarse un descaso en su carrera con los Servicios de Salud de Noruega para trabajar con los l\u00edderes de Ministerios Adventistas de Salud de la Divisi\u00f3n Transeuropea.<\/p>\n<p>\u201cPara la regi\u00f3n fue la primera vez\u201d, recuerda el presidente de la Divisi\u00f3n Transeuropea Raafat Kamal. \u201cElegir un director de Ministerios de Salud de tiempo completo que pueda a\u00f1adir este importante \u00e9nfasis en salud mental a las \u00e1reas adventistas m\u00e1s tradicionales en el \u00e1rea de salud fue algo deliberado, y ha dado buenos dividendos\u201d.<\/p>\n<p>Para Bergland, esos dividendos no solo fueron para aquellos con quienes trabaj\u00f3. \u201cEspero y creo que todas las personas con las que he tenido el privilegio de reunirme, con quienes he compartido mis presentaciones y he cultivado relaciones, se han visto enriquecidas as\u00ed como yo tambi\u00e9n me he enriquecido en nuestras interacciones\u201d, expres\u00f3.<\/p>\n<p>Bergland a\u00f1ade: \u201cUna de las principales prioridades para m\u00ed ha sido el apoyo a los directores de Ministerios de Salud en las uniones de la Divisi\u00f3n Transeuropea, y aprecio grandemente su trabajo y compromiso\u201d. Es algo que incluy\u00f3 una colaboraci\u00f3n en Sociedad con los Ministerios de Familia y la Asociaci\u00f3n Ministerial, y que llev\u00f3 a investigaciones y trabajos sustanciales en el \u00e1rea del agotamiento de los pastores y la mentor\u00eda dentro del ministerio.<\/p>\n<p>\u201cLas necesidades son grandes y urgentes, y a\u00fan resta mucho por hacer\u201d, dice \u00e9l. \u201cMe siento feliz de que se ha creado conciencia, y de que se hayan desafiado la manera de pensar y las pr\u00e1cticas. Espero que se siga dando atenci\u00f3n a todos esos temas en todos los niveles y en todas las entidades.<\/p>\n<p><strong>La salud mental y la misi\u00f3n<\/strong><\/p>\n<p>Al agradecer a Bergland por sus servicios en la Divisi\u00f3n Transeuropea, Kamal dice: \u201cHe visto de qu\u00e9 manera la salud mental positiva afecta nuestro bienestar emocional, psicol\u00f3gico y social\u201d, destacando el efecto positivo que puede tener esto sobre la misi\u00f3n y el evangelismo.<\/p>\n<p>\u201cAfecta c\u00f3mo pensamos, sentimos y actuamos. Tambi\u00e9n ayuda a determinar c\u00f3mo reaccionamos frente al estr\u00e9s, nos relacionamos con otros y tomamos decisiones\u201d, a\u00f1ade Kamal. \u201cLa salud mental es importante en cada etapa de la vida, desde la ni\u00f1ez y la adolescencia y hasta la adultez\u201d.<\/p>\n<p>Aunque se lament\u00f3 de perder a Bergland, Kamal se muestra satisfecho de que las iniciativas que comenz\u00f3 la Divisi\u00f3n Transeuropea ahora puedan expandirse a escala global. \u201cLa dedicaci\u00f3n de Bergland a la tarea, su profesionalismo y su enfoque equilibrado de los ministerios de salud, adem\u00e1s de su devoci\u00f3n a la iglesia y su misi\u00f3n, sin duda beneficiar\u00e1n a la iglesia mundial\u201d, concluy\u00f3.<\/p>\n<p>Esa es tambi\u00e9n la posici\u00f3n de Bergland.<\/p>\n<p>\u201cMis planes y proyectos, en especial en el \u00e1rea de salud mental, han asumido una perspectiva global\u201d, dice. \u201cPara brindar a la Divisi\u00f3n Transeuropea con las herramientas que necesitamos para trabajar bien y de manera efectiva, pronto qued\u00f3 claro que tenemos que buscar asociaciones y financiaci\u00f3n que trasciendan las que tenemos en nuestro territorio\u201d.<\/p>\n<p>Un importante proyecto que ha resultado de los planes de Bergland es <em>MindWell<\/em>, un programa innovador de salud que ser\u00e1 dado a conocer en todo el mundo en los pr\u00f3ximos a\u00f1os. \u201cCreo que se podr\u00e1 alcanzar, ayudar y bendecir a muchos por medio de este programa\u201d, dice Bergland. \u201cCreo que los Ministerios de Salud de la iglesia mundial ser\u00e1n una buena plataforma para seguir avanzando en esta obra\u201d.<\/p>\n<p>La carga de los trastornos mentales sigue creciendo con impactos significativos sobre la salud e importantes consecuencias sociales y econ\u00f3micas en todos los pa\u00edses del mundo. La Organizaci\u00f3n Mundial de la Salud (OMS) sostiene que, en el mundo, una de cada cuatro personas se ver\u00e1 afectada por trastornos mentales o neurol\u00f3gicos en alg\u00fan momento de la vida. En el presente, unos 450 millones de personas sufren de esas afecciones, lo que coloca a los trastornos mentales entre las principales causas de mala salud y discapacidad en el mundo. Seg\u00fan la OMS, para 2020, la depresi\u00f3n ser\u00e1 la segunda causa m\u00e1s importante de enfermedad.<\/p>\n<p>El enfoque integral adventista de la salud est\u00e1 compuesto por los principios b\u00edblicos equilibrados de salud social, mental, f\u00edsica y espiritual. Los l\u00edderes de la iglesia esperan que este renovado \u00e9nfasis pueda ayudar tanto a los miembros de iglesia como a los pastores e interesados. \u201cMejorar el \u00e9nfasis en la salud mental a nivel de la iglesia mundial sin duda beneficiar\u00e1 la misi\u00f3n\u201d, expresaron.<\/p>\n<p>Traducci\u00f3n de Marcos Paseggi<\/p>\n","protected":false},"excerpt":{"rendered":"<p>Por: Victor Hulbert, Divisi\u00f3n Transeuropea y Marcos Paseggi, Adventist Review Un psiquiatra de Noruega al que le gusta disfrutar de la vida al aire libre ha sido elegido director asociado&#8230;<\/p>\n","protected":false},"author":3,"featured_media":40590,"comment_status":"open","ping_status":"closed","sticky":false,"template":"","format":"standard","meta":{"_acf_changed":false,"footnotes":""},"categories":[14,15],"tags":[],"class_list":["post-40614","post","type-post","status-publish","format-standard","has-post-thumbnail","hentry","category-de-la-iglesia-mundial","category-rss-espanol"],"acf":[],"yoast_head":"<!-- This site is optimized with the Yoast SEO plugin v27.3 - https:\/\/yoast.com\/product\/yoast-seo-wordpress\/ -->\n<title>Psiquiatra es elegido director asociado de Ministerios de Salud de la Iglesia Adventista - Iglesia Adventista del S\u00e9ptimo D\u00eda - Divisi\u00f3n Interamericana<\/title>\n<meta name=\"robots\" content=\"index, follow, max-snippet:-1, max-image-preview:large, max-video-preview:-1\" \/>\n<link rel=\"canonical\" href=\"https:\/\/interamerica.org\/es\/2018\/04\/psiquiatra-es-elegido-director-asociado-de-ministerios-de-salud-de-la-iglesia-adventista\/\" \/>\n<meta property=\"og:locale\" content=\"es_ES\" \/>\n<meta property=\"og:type\" content=\"article\" \/>\n<meta property=\"og:title\" content=\"Psiquiatra es elegido director asociado de Ministerios de Salud de la Iglesia Adventista - Iglesia Adventista del S\u00e9ptimo D\u00eda - Divisi\u00f3n Interamericana\" \/>\n<meta property=\"og:description\" content=\"Por: Victor Hulbert, Divisi\u00f3n Transeuropea y Marcos Paseggi, Adventist Review Un psiquiatra de Noruega al que le gusta disfrutar de la vida al aire libre ha sido elegido director asociado...\" \/>\n<meta property=\"og:url\" content=\"https:\/\/interamerica.org\/es\/2018\/04\/psiquiatra-es-elegido-director-asociado-de-ministerios-de-salud-de-la-iglesia-adventista\/\" \/>\n<meta property=\"og:site_name\" content=\"Iglesia Adventista del S\u00e9ptimo D\u00eda - Divisi\u00f3n Interamericana\" \/>\n<meta property=\"article:published_time\" content=\"2018-04-19T15:23:47+00:00\" \/>\n<meta property=\"article:modified_time\" content=\"2018-05-02T01:15:56+00:00\" \/>\n<meta property=\"og:image\" content=\"https:\/\/interamerica.org\/wp-content\/uploads\/2018\/04\/psychiatrist-elected-as-adventist-health-ministries-associate-director1280.jpg\" \/>\n\t<meta property=\"og:image:width\" content=\"1280\" \/>\n\t<meta property=\"og:image:height\" content=\"800\" \/>\n\t<meta property=\"og:image:type\" content=\"image\/jpeg\" \/>\n<meta name=\"author\" content=\"libna\" \/>\n<meta name=\"twitter:card\" content=\"summary_large_image\" \/>\n<meta name=\"twitter:label1\" content=\"Escrito por\" \/>\n\t<meta name=\"twitter:data1\" content=\"libna\" \/>\n\t<meta name=\"twitter:label2\" content=\"Tiempo de lectura\" \/>\n\t<meta name=\"twitter:data2\" content=\"6 minutos\" \/>\n<script type=\"application\/ld+json\" class=\"yoast-schema-graph\">{\"@context\":\"https:\\\/\\\/schema.org\",\"@graph\":[{\"@type\":\"Article\",\"@id\":\"https:\\\/\\\/interamerica.org\\\/es\\\/2018\\\/04\\\/psiquiatra-es-elegido-director-asociado-de-ministerios-de-salud-de-la-iglesia-adventista\\\/#article\",\"isPartOf\":{\"@id\":\"https:\\\/\\\/interamerica.org\\\/es\\\/2018\\\/04\\\/psiquiatra-es-elegido-director-asociado-de-ministerios-de-salud-de-la-iglesia-adventista\\\/\"},\"author\":{\"name\":\"libna\",\"@id\":\"https:\\\/\\\/interamerica.org\\\/es\\\/#\\\/schema\\\/person\\\/29998f2bc2d8bd0d38662909289b54f1\"},\"headline\":\"Psiquiatra es elegido director asociado de Ministerios de Salud de la Iglesia Adventista\",\"datePublished\":\"2018-04-19T15:23:47+00:00\",\"dateModified\":\"2018-05-02T01:15:56+00:00\",\"mainEntityOfPage\":{\"@id\":\"https:\\\/\\\/interamerica.org\\\/es\\\/2018\\\/04\\\/psiquiatra-es-elegido-director-asociado-de-ministerios-de-salud-de-la-iglesia-adventista\\\/\"},\"wordCount\":1259,\"commentCount\":0,\"image\":{\"@id\":\"https:\\\/\\\/interamerica.org\\\/es\\\/2018\\\/04\\\/psiquiatra-es-elegido-director-asociado-de-ministerios-de-salud-de-la-iglesia-adventista\\\/#primaryimage\"},\"thumbnailUrl\":\"https:\\\/\\\/interamerica.org\\\/wp-content\\\/uploads\\\/2018\\\/04\\\/psychiatrist-elected-as-adventist-health-ministries-associate-director1280.jpg\",\"articleSection\":[\"Desde la iglesia mundial\",\"RSS Espa\u00f1ol\"],\"inLanguage\":\"es\",\"potentialAction\":[{\"@type\":\"CommentAction\",\"name\":\"Comment\",\"target\":[\"https:\\\/\\\/interamerica.org\\\/es\\\/2018\\\/04\\\/psiquiatra-es-elegido-director-asociado-de-ministerios-de-salud-de-la-iglesia-adventista\\\/#respond\"]}]},{\"@type\":\"WebPage\",\"@id\":\"https:\\\/\\\/interamerica.org\\\/es\\\/2018\\\/04\\\/psiquiatra-es-elegido-director-asociado-de-ministerios-de-salud-de-la-iglesia-adventista\\\/\",\"url\":\"https:\\\/\\\/interamerica.org\\\/es\\\/2018\\\/04\\\/psiquiatra-es-elegido-director-asociado-de-ministerios-de-salud-de-la-iglesia-adventista\\\/\",\"name\":\"Psiquiatra es elegido director asociado de Ministerios de Salud de la Iglesia Adventista - Iglesia Adventista del S\u00e9ptimo D\u00eda - Divisi\u00f3n Interamericana\",\"isPartOf\":{\"@id\":\"https:\\\/\\\/interamerica.org\\\/es\\\/#website\"},\"primaryImageOfPage\":{\"@id\":\"https:\\\/\\\/interamerica.org\\\/es\\\/2018\\\/04\\\/psiquiatra-es-elegido-director-asociado-de-ministerios-de-salud-de-la-iglesia-adventista\\\/#primaryimage\"},\"image\":{\"@id\":\"https:\\\/\\\/interamerica.org\\\/es\\\/2018\\\/04\\\/psiquiatra-es-elegido-director-asociado-de-ministerios-de-salud-de-la-iglesia-adventista\\\/#primaryimage\"},\"thumbnailUrl\":\"https:\\\/\\\/interamerica.org\\\/wp-content\\\/uploads\\\/2018\\\/04\\\/psychiatrist-elected-as-adventist-health-ministries-associate-director1280.jpg\",\"datePublished\":\"2018-04-19T15:23:47+00:00\",\"dateModified\":\"2018-05-02T01:15:56+00:00\",\"author\":{\"@id\":\"https:\\\/\\\/interamerica.org\\\/es\\\/#\\\/schema\\\/person\\\/29998f2bc2d8bd0d38662909289b54f1\"},\"breadcrumb\":{\"@id\":\"https:\\\/\\\/interamerica.org\\\/es\\\/2018\\\/04\\\/psiquiatra-es-elegido-director-asociado-de-ministerios-de-salud-de-la-iglesia-adventista\\\/#breadcrumb\"},\"inLanguage\":\"es\",\"potentialAction\":[{\"@type\":\"ReadAction\",\"target\":[\"https:\\\/\\\/interamerica.org\\\/es\\\/2018\\\/04\\\/psiquiatra-es-elegido-director-asociado-de-ministerios-de-salud-de-la-iglesia-adventista\\\/\"]}]},{\"@type\":\"ImageObject\",\"inLanguage\":\"es\",\"@id\":\"https:\\\/\\\/interamerica.org\\\/es\\\/2018\\\/04\\\/psiquiatra-es-elegido-director-asociado-de-ministerios-de-salud-de-la-iglesia-adventista\\\/#primaryimage\",\"url\":\"https:\\\/\\\/interamerica.org\\\/wp-content\\\/uploads\\\/2018\\\/04\\\/psychiatrist-elected-as-adventist-health-ministries-associate-director1280.jpg\",\"contentUrl\":\"https:\\\/\\\/interamerica.org\\\/wp-content\\\/uploads\\\/2018\\\/04\\\/psychiatrist-elected-as-adventist-health-ministries-associate-director1280.jpg\",\"width\":1280,\"height\":800,\"caption\":\"Bergland, during a recent presentation at the Newbold Diversity Lecture, in England. Image by Trans-European Division News\"},{\"@type\":\"BreadcrumbList\",\"@id\":\"https:\\\/\\\/interamerica.org\\\/es\\\/2018\\\/04\\\/psiquiatra-es-elegido-director-asociado-de-ministerios-de-salud-de-la-iglesia-adventista\\\/#breadcrumb\",\"itemListElement\":[{\"@type\":\"ListItem\",\"position\":1,\"name\":\"Home\",\"item\":\"https:\\\/\\\/interamerica.org\\\/es\\\/\"},{\"@type\":\"ListItem\",\"position\":2,\"name\":\"Psiquiatra es elegido director asociado de Ministerios de Salud de la Iglesia Adventista\"}]},{\"@type\":\"WebSite\",\"@id\":\"https:\\\/\\\/interamerica.org\\\/es\\\/#website\",\"url\":\"https:\\\/\\\/interamerica.org\\\/es\\\/\",\"name\":\"Iglesia Adventista del S\u00e9ptimo D\u00eda - Divisi\u00f3n Interamericana\",\"description\":\"\",\"potentialAction\":[{\"@type\":\"SearchAction\",\"target\":{\"@type\":\"EntryPoint\",\"urlTemplate\":\"https:\\\/\\\/interamerica.org\\\/es\\\/?s={search_term_string}\"},\"query-input\":{\"@type\":\"PropertyValueSpecification\",\"valueRequired\":true,\"valueName\":\"search_term_string\"}}],\"inLanguage\":\"es\"},{\"@type\":\"Person\",\"@id\":\"https:\\\/\\\/interamerica.org\\\/es\\\/#\\\/schema\\\/person\\\/29998f2bc2d8bd0d38662909289b54f1\",\"name\":\"libna\",\"image\":{\"@type\":\"ImageObject\",\"inLanguage\":\"es\",\"@id\":\"https:\\\/\\\/secure.gravatar.com\\\/avatar\\\/7c5bd30ae4b47a9ba3c856590957fd1d96dc588bf3ac05719d247e126840331f?s=96&d=mm&r=g\",\"url\":\"https:\\\/\\\/secure.gravatar.com\\\/avatar\\\/7c5bd30ae4b47a9ba3c856590957fd1d96dc588bf3ac05719d247e126840331f?s=96&d=mm&r=g\",\"contentUrl\":\"https:\\\/\\\/secure.gravatar.com\\\/avatar\\\/7c5bd30ae4b47a9ba3c856590957fd1d96dc588bf3ac05719d247e126840331f?s=96&d=mm&r=g\",\"caption\":\"libna\"}}]}<\/script>\n<!-- \/ Yoast SEO plugin. -->","yoast_head_json":{"title":"Psiquiatra es elegido director asociado de Ministerios de Salud de la Iglesia Adventista - Iglesia Adventista del S\u00e9ptimo D\u00eda - Divisi\u00f3n Interamericana","robots":{"index":"index","follow":"follow","max-snippet":"max-snippet:-1","max-image-preview":"max-image-preview:large","max-video-preview":"max-video-preview:-1"},"canonical":"https:\/\/interamerica.org\/es\/2018\/04\/psiquiatra-es-elegido-director-asociado-de-ministerios-de-salud-de-la-iglesia-adventista\/","og_locale":"es_ES","og_type":"article","og_title":"Psiquiatra es elegido director asociado de Ministerios de Salud de la Iglesia Adventista - Iglesia Adventista del S\u00e9ptimo D\u00eda - Divisi\u00f3n Interamericana","og_description":"Por: Victor Hulbert, Divisi\u00f3n Transeuropea y Marcos Paseggi, Adventist Review Un psiquiatra de Noruega al que le gusta disfrutar de la vida al aire libre ha sido elegido director asociado...","og_url":"https:\/\/interamerica.org\/es\/2018\/04\/psiquiatra-es-elegido-director-asociado-de-ministerios-de-salud-de-la-iglesia-adventista\/","og_site_name":"Iglesia Adventista del S\u00e9ptimo D\u00eda - Divisi\u00f3n Interamericana","article_published_time":"2018-04-19T15:23:47+00:00","article_modified_time":"2018-05-02T01:15:56+00:00","og_image":[{"width":1280,"height":800,"url":"https:\/\/interamerica.org\/wp-content\/uploads\/2018\/04\/psychiatrist-elected-as-adventist-health-ministries-associate-director1280.jpg","type":"image\/jpeg"}],"author":"libna","twitter_card":"summary_large_image","twitter_misc":{"Escrito por":"libna","Tiempo de lectura":"6 minutos"},"schema":{"@context":"https:\/\/schema.org","@graph":[{"@type":"Article","@id":"https:\/\/interamerica.org\/es\/2018\/04\/psiquiatra-es-elegido-director-asociado-de-ministerios-de-salud-de-la-iglesia-adventista\/#article","isPartOf":{"@id":"https:\/\/interamerica.org\/es\/2018\/04\/psiquiatra-es-elegido-director-asociado-de-ministerios-de-salud-de-la-iglesia-adventista\/"},"author":{"name":"libna","@id":"https:\/\/interamerica.org\/es\/#\/schema\/person\/29998f2bc2d8bd0d38662909289b54f1"},"headline":"Psiquiatra es elegido director asociado de Ministerios de Salud de la Iglesia Adventista","datePublished":"2018-04-19T15:23:47+00:00","dateModified":"2018-05-02T01:15:56+00:00","mainEntityOfPage":{"@id":"https:\/\/interamerica.org\/es\/2018\/04\/psiquiatra-es-elegido-director-asociado-de-ministerios-de-salud-de-la-iglesia-adventista\/"},"wordCount":1259,"commentCount":0,"image":{"@id":"https:\/\/interamerica.org\/es\/2018\/04\/psiquiatra-es-elegido-director-asociado-de-ministerios-de-salud-de-la-iglesia-adventista\/#primaryimage"},"thumbnailUrl":"https:\/\/interamerica.org\/wp-content\/uploads\/2018\/04\/psychiatrist-elected-as-adventist-health-ministries-associate-director1280.jpg","articleSection":["Desde la iglesia mundial","RSS Espa\u00f1ol"],"inLanguage":"es","potentialAction":[{"@type":"CommentAction","name":"Comment","target":["https:\/\/interamerica.org\/es\/2018\/04\/psiquiatra-es-elegido-director-asociado-de-ministerios-de-salud-de-la-iglesia-adventista\/#respond"]}]},{"@type":"WebPage","@id":"https:\/\/interamerica.org\/es\/2018\/04\/psiquiatra-es-elegido-director-asociado-de-ministerios-de-salud-de-la-iglesia-adventista\/","url":"https:\/\/interamerica.org\/es\/2018\/04\/psiquiatra-es-elegido-director-asociado-de-ministerios-de-salud-de-la-iglesia-adventista\/","name":"Psiquiatra es elegido director asociado de Ministerios de Salud de la Iglesia Adventista - Iglesia Adventista del S\u00e9ptimo D\u00eda - Divisi\u00f3n Interamericana","isPartOf":{"@id":"https:\/\/interamerica.org\/es\/#website"},"primaryImageOfPage":{"@id":"https:\/\/interamerica.org\/es\/2018\/04\/psiquiatra-es-elegido-director-asociado-de-ministerios-de-salud-de-la-iglesia-adventista\/#primaryimage"},"image":{"@id":"https:\/\/interamerica.org\/es\/2018\/04\/psiquiatra-es-elegido-director-asociado-de-ministerios-de-salud-de-la-iglesia-adventista\/#primaryimage"},"thumbnailUrl":"https:\/\/interamerica.org\/wp-content\/uploads\/2018\/04\/psychiatrist-elected-as-adventist-health-ministries-associate-director1280.jpg","datePublished":"2018-04-19T15:23:47+00:00","dateModified":"2018-05-02T01:15:56+00:00","author":{"@id":"https:\/\/interamerica.org\/es\/#\/schema\/person\/29998f2bc2d8bd0d38662909289b54f1"},"breadcrumb":{"@id":"https:\/\/interamerica.org\/es\/2018\/04\/psiquiatra-es-elegido-director-asociado-de-ministerios-de-salud-de-la-iglesia-adventista\/#breadcrumb"},"inLanguage":"es","potentialAction":[{"@type":"ReadAction","target":["https:\/\/interamerica.org\/es\/2018\/04\/psiquiatra-es-elegido-director-asociado-de-ministerios-de-salud-de-la-iglesia-adventista\/"]}]},{"@type":"ImageObject","inLanguage":"es","@id":"https:\/\/interamerica.org\/es\/2018\/04\/psiquiatra-es-elegido-director-asociado-de-ministerios-de-salud-de-la-iglesia-adventista\/#primaryimage","url":"https:\/\/interamerica.org\/wp-content\/uploads\/2018\/04\/psychiatrist-elected-as-adventist-health-ministries-associate-director1280.jpg","contentUrl":"https:\/\/interamerica.org\/wp-content\/uploads\/2018\/04\/psychiatrist-elected-as-adventist-health-ministries-associate-director1280.jpg","width":1280,"height":800,"caption":"Bergland, during a recent presentation at the Newbold Diversity Lecture, in England. Image by Trans-European Division News"},{"@type":"BreadcrumbList","@id":"https:\/\/interamerica.org\/es\/2018\/04\/psiquiatra-es-elegido-director-asociado-de-ministerios-de-salud-de-la-iglesia-adventista\/#breadcrumb","itemListElement":[{"@type":"ListItem","position":1,"name":"Home","item":"https:\/\/interamerica.org\/es\/"},{"@type":"ListItem","position":2,"name":"Psiquiatra es elegido director asociado de Ministerios de Salud de la Iglesia Adventista"}]},{"@type":"WebSite","@id":"https:\/\/interamerica.org\/es\/#website","url":"https:\/\/interamerica.org\/es\/","name":"Iglesia Adventista del S\u00e9ptimo D\u00eda - Divisi\u00f3n Interamericana","description":"","potentialAction":[{"@type":"SearchAction","target":{"@type":"EntryPoint","urlTemplate":"https:\/\/interamerica.org\/es\/?s={search_term_string}"},"query-input":{"@type":"PropertyValueSpecification","valueRequired":true,"valueName":"search_term_string"}}],"inLanguage":"es"},{"@type":"Person","@id":"https:\/\/interamerica.org\/es\/#\/schema\/person\/29998f2bc2d8bd0d38662909289b54f1","name":"libna","image":{"@type":"ImageObject","inLanguage":"es","@id":"https:\/\/secure.gravatar.com\/avatar\/7c5bd30ae4b47a9ba3c856590957fd1d96dc588bf3ac05719d247e126840331f?s=96&d=mm&r=g","url":"https:\/\/secure.gravatar.com\/avatar\/7c5bd30ae4b47a9ba3c856590957fd1d96dc588bf3ac05719d247e126840331f?s=96&d=mm&r=g","contentUrl":"https:\/\/secure.gravatar.com\/avatar\/7c5bd30ae4b47a9ba3c856590957fd1d96dc588bf3ac05719d247e126840331f?s=96&d=mm&r=g","caption":"libna"}}]}},"_links":{"self":[{"href":"https:\/\/interamerica.org\/es\/wp-json\/wp\/v2\/posts\/40614","targetHints":{"allow":["GET"]}}],"collection":[{"href":"https:\/\/interamerica.org\/es\/wp-json\/wp\/v2\/posts"}],"about":[{"href":"https:\/\/interamerica.org\/es\/wp-json\/wp\/v2\/types\/post"}],"author":[{"embeddable":true,"href":"https:\/\/interamerica.org\/es\/wp-json\/wp\/v2\/users\/3"}],"replies":[{"embeddable":true,"href":"https:\/\/interamerica.org\/es\/wp-json\/wp\/v2\/comments?post=40614"}],"version-history":[{"count":0,"href":"https:\/\/interamerica.org\/es\/wp-json\/wp\/v2\/posts\/40614\/revisions"}],"wp:featuredmedia":[{"embeddable":true,"href":"https:\/\/interamerica.org\/es\/wp-json\/wp\/v2\/media\/40590"}],"wp:attachment":[{"href":"https:\/\/interamerica.org\/es\/wp-json\/wp\/v2\/media?parent=40614"}],"wp:term":[{"taxonomy":"category","embeddable":true,"href":"https:\/\/interamerica.org\/es\/wp-json\/wp\/v2\/categories?post=40614"},{"taxonomy":"post_tag","embeddable":true,"href":"https:\/\/interamerica.org\/es\/wp-json\/wp\/v2\/tags?post=40614"}],"curies":[{"name":"wp","href":"https:\/\/api.w.org\/{rel}","templated":true}]}}