{"id":40707,"date":"2018-04-23T12:30:05","date_gmt":"2018-04-23T16:30:05","guid":{"rendered":"https:\/\/recursing-golick.147-182-135-0.plesk.page\/?p=40707"},"modified":"2018-05-01T17:27:10","modified_gmt":"2018-05-01T21:27:10","slug":"el-festival-de-cinematografia-sonscreen-exhibe-y-celebra-la-produccion-cinematografica-de-jovenes-cristianos","status":"publish","type":"post","link":"https:\/\/interamerica.org\/es\/2018\/04\/el-festival-de-cinematografia-sonscreen-exhibe-y-celebra-la-produccion-cinematografica-de-jovenes-cristianos\/","title":{"rendered":"El Festival de Cinematograf\u00eda Sonscreen exhibe y celebra la producci\u00f3n cinematogr\u00e1fica de j\u00f3venes cristianos"},"content":{"rendered":"<p>&nbsp;<\/p>\n<div id=\"attachment_40687\" style=\"width: 771px\" class=\"wp-caption aligncenter\"><img fetchpriority=\"high\" decoding=\"async\" aria-describedby=\"caption-attachment-40687\" class=\" wp-image-40687\" src=\"https:\/\/recursing-golick.147-182-135-0.plesk.page\/wp-content\/uploads\/2018\/04\/sonscreen-2018-panel-of-leaders1280-300x188.jpg\" alt=\"\" width=\"761\" height=\"477\" srcset=\"https:\/\/interamerica.org\/wp-content\/uploads\/2018\/04\/sonscreen-2018-panel-of-leaders1280-300x188.jpg 300w, https:\/\/interamerica.org\/wp-content\/uploads\/2018\/04\/sonscreen-2018-panel-of-leaders1280-768x480.jpg 768w, https:\/\/interamerica.org\/wp-content\/uploads\/2018\/04\/sonscreen-2018-panel-of-leaders1280-1024x640.jpg 1024w, https:\/\/interamerica.org\/wp-content\/uploads\/2018\/04\/sonscreen-2018-panel-of-leaders1280.jpg 1280w\" sizes=\"(max-width: 761px) 100vw, 761px\" \/><p id=\"caption-attachment-40687\" class=\"wp-caption-text\">Un panel de dirigentes de la iglesia y profesores de cinematograf\u00eda discuten el papel que \u00e9sta desempe\u00f1a al considerar los temas sociales que desaf\u00edan a la sociedad y la iglesia, durante el Festival de Cinematograf\u00eda Sonscreen 2018. Imagen por Pieter Damsteegt<\/p><\/div>\n<p>22 de abril de 22, 2018 | Columbia, Maryland, Estados Unidos | Kimberly Luste Maran, directora asociada de Comunicaci\u00f3n de la Divisi\u00f3n Norteamericana<\/p>\n<p>La Divisi\u00f3n Norteamericana (NAD, por sus siglas en ingl\u00e9s) dio la bienvenida a 225 directores cinematogr\u00e1ficos, tanto estudiantes como profesionales, y otros invitados, al Festival Cinematogr\u00e1fico Sonscreen. El festival, de tres d\u00edas de duraci\u00f3n, patrocinado por la NAD, exhibi\u00f3 47 selecciones oficiales procedentes de estudiantes de cinematograf\u00eda. El evento culmin\u00f3 con una ceremonia de entrega de premios y recepci\u00f3n de clausura, en la que fueron premiadas once pel\u00edculas cinematogr\u00e1ficas producidas por estudiantes.<\/p>\n<p>\u201cSonscreen ha continuado creciendo continuamente cada a\u00f1o tanto en sumisi\u00f3n de pel\u00edculas o filmes, como en asistencia\u201d, dijo Julio Mu\u00f1oz, director del Festival Cinematogr\u00e1fico Sonscreen y director asociado de la Oficina de Comunicaci\u00f3n de la NAD. \u201cEste a\u00f1o se someti\u00f3 al festival una cifra r\u00e9cord de 61 pel\u00edculas; y, al ser limitado el n\u00famero de pel\u00edculas que podemos programar, hemos visto que la calidad de las \u201cselecciones oficiales\u201d contin\u00faa mejorando\u201d.<\/p>\n<p>\u201cEsta fue mi primera vez en Sonscreen y realmente lo disfrut\u00e9\u201d, dijo el estudiante de segundo a\u00f1o de cinematograf\u00eda y de la especialidad en biolog\u00eda, Averie Alexander, de la Universidad Adventista Southern. \u201cMe gusta observar la variedad de pel\u00edculas cinematogr\u00e1ficas de diferentes g\u00e9neros y niveles. Al ver las producciones cinematogr\u00e1ficas de escuela secundaria y las pel\u00edculas profesionales, se observa un amplio rango de pericia, lo cual fue muy interesante, porque muestra el crecimiento, el potencial\u201d.<\/p>\n<p>Averie Alexander a\u00f1adi\u00f3: \u201cMuchos de los festivales cinematogr\u00e1ficos pueden hacer que la persona perciba que la cinematograf\u00eda es inalcanzable, pero la mezcla de niveles y personas (estudiantes y profesionales) te hace sentir como si estuvieras a la par, o algunos pasos m\u00e1s adelante o m\u00e1s atr\u00e1s y que todos podemos aprender de unos y otros\u201d.<\/p>\n<p>Cuatro obras cinematogr\u00e1ficas profesionales fueron tambi\u00e9n exhibidas en el festival de este a\u00f1o, con sesiones de preguntas y respuestas llevadas a cabo despu\u00e9s de exhibir secciones de pel\u00edculas y presentaciones de personas invitadas. Los invitados especiales a este festival incluyeron a Aaron Adams, animador; Chris y Tatia Cibelli, editores de cine; Joshua Weigel, director y coguionista de \u00abThe Butterfly Circus\u201d (El circo de mariposas); \u00a0David George, productor de \u00abLife After Film School\u201d (La vida despu\u00e9s de la escuela de cinematograf\u00eda); \u00a0Sven Fockner, vicepresidente de contenido, Stimme der Hoffnung (del Centro Europeo de Medios de Comunicaci\u00f3n de la Iglesia Adventista del S\u00e9ptimo D\u00eda) y Dan Jackson, presidente de la NAD.<\/p>\n<p>Adem\u00e1s de la exhibici\u00f3n de las producciones cinematogr\u00e1ficas y de las sesiones de preguntas y respuestas, dos discusiones panel proporcionaron a los creadores de pel\u00edculas cinematogr\u00e1ficas, profesores y dirigentes de la iglesia, la oportunidad doble de compartir sus percepciones en cuanto a la vida despu\u00e9s del filme y de considerar el papel que juega la cinematograf\u00eda en algunos de los temas sociales que est\u00e1n enfrentando la sociedad y la iglesia.<\/p>\n<p>\u201cEl fin de semana se fue volando y el viaje fue definitivamente provechoso\u201d, dijo Rajeev Sigamoney, coordinador del programa de cinematograf\u00eda del Departamento de Artes Visual del Colegio Uni\u00f3n del Pac\u00edfico (PUC).<\/p>\n<p>\u201cHaber asistido a Sonscreen me dej\u00f3 con recuerdos de cu\u00e1n especial programa tuvimos. Independientemente de la variedad de trasfondos de todos nosotros, todos parec\u00edamos haber sido cortados con la misma tijera. Personas esforz\u00e1ndose por hacer algo significativo dentro del \u00e1mbito de nuestra fe y de nuestras comunidades\u201d.<\/p>\n<p>\u201cLos directores cinematogr\u00e1ficos del festival de este a\u00f1o presentaron en forma honesta muchas magn\u00edficas y relevantes producciones relativas a serios temas\u201d, dijo el director Mu\u00f1oz. \u201cDeseamos que Sonscreen sea una comunidad inclusiva en donde sean afirmados como artistas \u00a0los creadores j\u00f3venes de pel\u00edculas cinematogr\u00e1ficas y se sientan libres de usar su arte para reflexionar sobre el mundo en el que viven\u201d.<\/p>\n<div id=\"attachment_40690\" style=\"width: 771px\" class=\"wp-caption aligncenter\"><img decoding=\"async\" aria-describedby=\"caption-attachment-40690\" class=\" wp-image-40690\" src=\"https:\/\/recursing-golick.147-182-135-0.plesk.page\/wp-content\/uploads\/2018\/04\/sonscreen-2018-comedy-winner-300x200.jpg\" alt=\"\" width=\"761\" height=\"507\" srcset=\"https:\/\/interamerica.org\/wp-content\/uploads\/2018\/04\/sonscreen-2018-comedy-winner-300x200.jpg 300w, https:\/\/interamerica.org\/wp-content\/uploads\/2018\/04\/sonscreen-2018-comedy-winner-768x512.jpg 768w, https:\/\/interamerica.org\/wp-content\/uploads\/2018\/04\/sonscreen-2018-comedy-winner.jpg 1000w\" sizes=\"(max-width: 761px) 100vw, 761px\" \/><p id=\"caption-attachment-40690\" class=\"wp-caption-text\">Andrew Hansen acepta el reconocimiento por el Mejor Cortometraje de Comedia, con su producci\u00f3n \u00abWho Framed Lyndon Johnson?\u00bb \u00a0(\u00bfQui\u00e9n entramp\u00f3 a Lyndon Johnson?). Imagen por Pieter Damsteegt<\/p><\/div>\n<p>Durante 18 a\u00f1os, Sonscreen les ha provisto a los j\u00f3venes de la cinematograf\u00eda, la oportunidad de dar a conocer su trabajo, aprender de los profesionales, intercomunicarse y obtener reconocimiento a su labor. Las 47 selecciones oficiales estuvieron divididas en seis categor\u00edas de pel\u00edculas de corto metraje: caricatura o animaci\u00f3n, arte o experimental (nueva categor\u00eda), drama, documental, comedia y cortometraje de escuela secundaria.<\/p>\n<p>El festival concluy\u00f3 con la presentaci\u00f3n de 11 Premios Sonny: Mejor Cortometraje de Animaci\u00f3n, Mejor Cinematograf\u00eda, Mejor Cortometraje Documental, Mejor Cortometraje de Escuela Secundaria, Mejor Cortometraje de Comedia, Mejor Cortometraje de Drama, \u00a0Mejor Guion Cinematogr\u00e1fico Original, Selecci\u00f3n del Jurado, Selecci\u00f3n de la Audiencia y Mejor en el Festival. Se otorgaron tambi\u00e9n menciones honor\u00edficas para cortometrajes en los g\u00e9neros de Arte o Experimentales, Comedia, Drama, Documentales y Caricatura o Animaci\u00f3n.<\/p>\n<p>Al inicio del festival, le fue presentado a Debra Brill el Reconocimiento Sonscreen Vision. Debra Brill, como mencion\u00f3 el presidente Jackson durante la presentaci\u00f3n, \u201cha sido fiel al llamado de ayudar a que el movimiento cobre alas y a sostenerlo en vuelo\u201d.<\/p>\n<p>A\u00f1adi\u00f3 el presidente Jackson: \u201cEn \u00e9pocas en que las finanzas estaban bajas, Debra se mantuvo hablando; cuando hab\u00eda cr\u00edticas, se mantuvo defendi\u00e9ndolo. Debra ha sido una campeona defensora de esta causa\u201d.<\/p>\n<p>Las escuelas y grupos de estudiantes representados en el festival incluyeron la Universidad Andrews (M\u00edchigan); Academia Hawaiian Mission (Haw\u00e1i); Academia La Sierra, Universidad \u00a0La Sierra, Academia Loma Linda, Universidad Loma Linda \u00a0y el Colegio Uni\u00f3n del Pac\u00edfico (California); Iglesia Adventista Plantation (Florida); Academia Rio Lindo (California); Academia Adventista Spencerville (Maryland); Universidad Adventista Southern (Tennessee); Universidad Adventista Southwestern (Texas) y Universidad Walla Walla (Washington).<\/p>\n<p>\u201cEstaba nervioso en cuanto a la exhibici\u00f3n en el festival, pero tambi\u00e9n emocionado porque [la audiencia] pudiera ver algo del talento que Dios me ha dado\u201d, dijo Ethan Madding, estudiante de \u00faltimo grado de la Academia Adventista Spencerville. \u201cLa cinematograf\u00eda es una forma de expresar lo que crees, ya sean ideas pol\u00edticas o percepciones espirituales. Es tambi\u00e9n una forma de contar una historia que tal vez no hayan escuchado otras personas. Si est\u00e1s interesado en contar esa historia, puedes hacerlo a trav\u00e9s de una pel\u00edcula cinematogr\u00e1fica\u201d.<\/p>\n<p>\u201cMe convert\u00ed al adventismo del s\u00e9ptimo d\u00eda m\u00e1s tarde en mi vida y eso me preocupaba porque sent\u00eda que la iglesia no aceptaba las artes y las personas que no estaban necesariamente dentro de la \u201cenvoltura\u201d cristiana tradicional\u201d, dijo Averie Alexander. \u201cSent\u00eda como si los artistas y creadores cinematogr\u00e1ficos no estuvieran incluidos. Pero al escuchar al Pastor [Dan Jackson] hablar acerca de c\u00f3mo nos valoran y que desean incluirnos, eso me impresion\u00f3. \u00a0Me hace sentir como si mi comunidad realmente se preocupara por m\u00ed.<\/p>\n<p>\u201cEso es asombroso y eso es hermoso\u201d.<\/p>\n<p><strong>Las Selecciones Oficiales y Ganadores de Premios Sonscreen 2018 <\/strong><\/p>\n<p>Mejor del Festival\u00a0|\u00a0\u201cSisterly\u201d (Entre hermanas) Nina Vallado, Universidad Andrews<br \/>\nPremio Selecci\u00f3n de la Audiencia |\u00a0\u201cSisterly\u201d\u00a0(Entre Hermanas) Nina Vallado<br \/>\nSelecci\u00f3n del Jurado\u00a0|\u00a0\u201cG\u00e9nesis\u201d, \u00a0Juli\u00e1n Ybarra, Colegio Uni\u00f3n del Pac\u00edfico<br \/>\nMejor Guion Cinematogr\u00e1fico\u00a0|\u00a0\u201cThe Chocolate Shop\u201d (La chocolater\u00eda) Vester Banner III, Universidad La Sierra<br \/>\nMejor Cinematograf\u00eda\u00a0|\u00a0\u00ab125 Pounds\u00bb (125 libras)\u00a0Joshua Martin, Universidad Andrews<\/p>\n<p><strong>Premio Sonscreen Vision 2018<\/strong><br \/>\nDebra Brill, vicepresidenta de la NAD<\/p>\n<p>Traducci\u00f3n \u2013 Gloria A Castrej\u00f3n<\/p>\n<div>\n<p>&nbsp;<\/p>\n<\/div>\n<header class=\"article__header article__flow spacing--quarter\">\n<div>\n<p>&nbsp;<\/p>\n<\/div>\n<\/header>\n<div class=\"text article__body spacing\">\n<figure class=\"figure \">\n<div class=\"img-wrap \"><picture class=\"picture \"><source srcset=\"fileadmin\/_processed_\/csm__24_Sonscreen_Film_Festival_showcases_and_celebrates_young_Christian_filmmakersCroppedforPosting_88ab99a86d.jpg\" media=\"(min-width: 1100px)\" \/><source srcset=\"fileadmin\/_processed_\/csm__24_Sonscreen_Film_Festival_showcases_and_celebrates_young_Christian_filmmakersCroppedforPosting_48977fd7ac.jpg\" media=\"(min-width: 901px)\" \/><source srcset=\"fileadmin\/_processed_\/csm__24_Sonscreen_Film_Festival_showcases_and_celebrates_young_Christian_filmmakersCroppedforPosting_0aa05f7e7e.jpg\" media=\"(min-width: 701px)\" \/><source srcset=\"fileadmin\/_processed_\/csm__24_Sonscreen_Film_Festival_showcases_and_celebrates_young_Christian_filmmakersCroppedforPosting_d35ab0aa09.jpg\" media=\"(min-width: 401px)\" \/><\/picture><\/div>\n<\/figure>\n<\/div>\n","protected":false},"excerpt":{"rendered":"<p>&nbsp; 22 de abril de 22, 2018 | Columbia, Maryland, Estados Unidos | Kimberly Luste Maran, directora asociada de Comunicaci\u00f3n de la Divisi\u00f3n Norteamericana La Divisi\u00f3n Norteamericana (NAD, por sus&#8230;<\/p>\n","protected":false},"author":3,"featured_media":40687,"comment_status":"open","ping_status":"closed","sticky":false,"template":"","format":"standard","meta":{"_acf_changed":false,"footnotes":""},"categories":[14,15],"tags":[],"class_list":["post-40707","post","type-post","status-publish","format-standard","has-post-thumbnail","hentry","category-de-la-iglesia-mundial","category-rss-espanol"],"acf":[],"yoast_head":"<!-- This site is optimized with the Yoast SEO plugin v27.3 - https:\/\/yoast.com\/product\/yoast-seo-wordpress\/ -->\n<title>El Festival de Cinematograf\u00eda Sonscreen exhibe y celebra la producci\u00f3n cinematogr\u00e1fica de j\u00f3venes cristianos - Iglesia Adventista del S\u00e9ptimo D\u00eda - Divisi\u00f3n Interamericana<\/title>\n<meta name=\"robots\" content=\"index, follow, max-snippet:-1, max-image-preview:large, max-video-preview:-1\" \/>\n<link rel=\"canonical\" href=\"https:\/\/interamerica.org\/es\/2018\/04\/el-festival-de-cinematografia-sonscreen-exhibe-y-celebra-la-produccion-cinematografica-de-jovenes-cristianos\/\" \/>\n<meta property=\"og:locale\" content=\"es_ES\" \/>\n<meta property=\"og:type\" content=\"article\" \/>\n<meta property=\"og:title\" content=\"El Festival de Cinematograf\u00eda Sonscreen exhibe y celebra la producci\u00f3n cinematogr\u00e1fica de j\u00f3venes cristianos - Iglesia Adventista del S\u00e9ptimo D\u00eda - Divisi\u00f3n Interamericana\" \/>\n<meta property=\"og:description\" content=\"&nbsp; 22 de abril de 22, 2018 | Columbia, Maryland, Estados Unidos | Kimberly Luste Maran, directora asociada de Comunicaci\u00f3n de la Divisi\u00f3n Norteamericana La Divisi\u00f3n Norteamericana (NAD, por sus...\" \/>\n<meta property=\"og:url\" content=\"https:\/\/interamerica.org\/es\/2018\/04\/el-festival-de-cinematografia-sonscreen-exhibe-y-celebra-la-produccion-cinematografica-de-jovenes-cristianos\/\" \/>\n<meta property=\"og:site_name\" content=\"Iglesia Adventista del S\u00e9ptimo D\u00eda - Divisi\u00f3n Interamericana\" \/>\n<meta property=\"article:published_time\" content=\"2018-04-23T16:30:05+00:00\" \/>\n<meta property=\"article:modified_time\" content=\"2018-05-01T21:27:10+00:00\" \/>\n<meta property=\"og:image\" content=\"https:\/\/interamerica.org\/wp-content\/uploads\/2018\/04\/sonscreen-2018-panel-of-leaders1280.jpg\" \/>\n\t<meta property=\"og:image:width\" content=\"1280\" \/>\n\t<meta property=\"og:image:height\" content=\"800\" \/>\n\t<meta property=\"og:image:type\" content=\"image\/jpeg\" \/>\n<meta name=\"author\" content=\"libna\" \/>\n<meta name=\"twitter:card\" content=\"summary_large_image\" \/>\n<meta name=\"twitter:label1\" content=\"Escrito por\" \/>\n\t<meta name=\"twitter:data1\" content=\"libna\" \/>\n\t<meta name=\"twitter:label2\" content=\"Tiempo de lectura\" \/>\n\t<meta name=\"twitter:data2\" content=\"7 minutos\" \/>\n<script type=\"application\/ld+json\" class=\"yoast-schema-graph\">{\"@context\":\"https:\\\/\\\/schema.org\",\"@graph\":[{\"@type\":\"Article\",\"@id\":\"https:\\\/\\\/interamerica.org\\\/es\\\/2018\\\/04\\\/el-festival-de-cinematografia-sonscreen-exhibe-y-celebra-la-produccion-cinematografica-de-jovenes-cristianos\\\/#article\",\"isPartOf\":{\"@id\":\"https:\\\/\\\/interamerica.org\\\/es\\\/2018\\\/04\\\/el-festival-de-cinematografia-sonscreen-exhibe-y-celebra-la-produccion-cinematografica-de-jovenes-cristianos\\\/\"},\"author\":{\"name\":\"libna\",\"@id\":\"https:\\\/\\\/interamerica.org\\\/es\\\/#\\\/schema\\\/person\\\/29998f2bc2d8bd0d38662909289b54f1\"},\"headline\":\"El Festival de Cinematograf\u00eda Sonscreen exhibe y celebra la producci\u00f3n cinematogr\u00e1fica de j\u00f3venes cristianos\",\"datePublished\":\"2018-04-23T16:30:05+00:00\",\"dateModified\":\"2018-05-01T21:27:10+00:00\",\"mainEntityOfPage\":{\"@id\":\"https:\\\/\\\/interamerica.org\\\/es\\\/2018\\\/04\\\/el-festival-de-cinematografia-sonscreen-exhibe-y-celebra-la-produccion-cinematografica-de-jovenes-cristianos\\\/\"},\"wordCount\":1350,\"commentCount\":0,\"image\":{\"@id\":\"https:\\\/\\\/interamerica.org\\\/es\\\/2018\\\/04\\\/el-festival-de-cinematografia-sonscreen-exhibe-y-celebra-la-produccion-cinematografica-de-jovenes-cristianos\\\/#primaryimage\"},\"thumbnailUrl\":\"https:\\\/\\\/interamerica.org\\\/wp-content\\\/uploads\\\/2018\\\/04\\\/sonscreen-2018-panel-of-leaders1280.jpg\",\"articleSection\":[\"Desde la iglesia mundial\",\"RSS Espa\u00f1ol\"],\"inLanguage\":\"es\",\"potentialAction\":[{\"@type\":\"CommentAction\",\"name\":\"Comment\",\"target\":[\"https:\\\/\\\/interamerica.org\\\/es\\\/2018\\\/04\\\/el-festival-de-cinematografia-sonscreen-exhibe-y-celebra-la-produccion-cinematografica-de-jovenes-cristianos\\\/#respond\"]}]},{\"@type\":\"WebPage\",\"@id\":\"https:\\\/\\\/interamerica.org\\\/es\\\/2018\\\/04\\\/el-festival-de-cinematografia-sonscreen-exhibe-y-celebra-la-produccion-cinematografica-de-jovenes-cristianos\\\/\",\"url\":\"https:\\\/\\\/interamerica.org\\\/es\\\/2018\\\/04\\\/el-festival-de-cinematografia-sonscreen-exhibe-y-celebra-la-produccion-cinematografica-de-jovenes-cristianos\\\/\",\"name\":\"El Festival de Cinematograf\u00eda Sonscreen exhibe y celebra la producci\u00f3n cinematogr\u00e1fica de j\u00f3venes cristianos - Iglesia Adventista del S\u00e9ptimo D\u00eda - Divisi\u00f3n Interamericana\",\"isPartOf\":{\"@id\":\"https:\\\/\\\/interamerica.org\\\/es\\\/#website\"},\"primaryImageOfPage\":{\"@id\":\"https:\\\/\\\/interamerica.org\\\/es\\\/2018\\\/04\\\/el-festival-de-cinematografia-sonscreen-exhibe-y-celebra-la-produccion-cinematografica-de-jovenes-cristianos\\\/#primaryimage\"},\"image\":{\"@id\":\"https:\\\/\\\/interamerica.org\\\/es\\\/2018\\\/04\\\/el-festival-de-cinematografia-sonscreen-exhibe-y-celebra-la-produccion-cinematografica-de-jovenes-cristianos\\\/#primaryimage\"},\"thumbnailUrl\":\"https:\\\/\\\/interamerica.org\\\/wp-content\\\/uploads\\\/2018\\\/04\\\/sonscreen-2018-panel-of-leaders1280.jpg\",\"datePublished\":\"2018-04-23T16:30:05+00:00\",\"dateModified\":\"2018-05-01T21:27:10+00:00\",\"author\":{\"@id\":\"https:\\\/\\\/interamerica.org\\\/es\\\/#\\\/schema\\\/person\\\/29998f2bc2d8bd0d38662909289b54f1\"},\"breadcrumb\":{\"@id\":\"https:\\\/\\\/interamerica.org\\\/es\\\/2018\\\/04\\\/el-festival-de-cinematografia-sonscreen-exhibe-y-celebra-la-produccion-cinematografica-de-jovenes-cristianos\\\/#breadcrumb\"},\"inLanguage\":\"es\",\"potentialAction\":[{\"@type\":\"ReadAction\",\"target\":[\"https:\\\/\\\/interamerica.org\\\/es\\\/2018\\\/04\\\/el-festival-de-cinematografia-sonscreen-exhibe-y-celebra-la-produccion-cinematografica-de-jovenes-cristianos\\\/\"]}]},{\"@type\":\"ImageObject\",\"inLanguage\":\"es\",\"@id\":\"https:\\\/\\\/interamerica.org\\\/es\\\/2018\\\/04\\\/el-festival-de-cinematografia-sonscreen-exhibe-y-celebra-la-produccion-cinematografica-de-jovenes-cristianos\\\/#primaryimage\",\"url\":\"https:\\\/\\\/interamerica.org\\\/wp-content\\\/uploads\\\/2018\\\/04\\\/sonscreen-2018-panel-of-leaders1280.jpg\",\"contentUrl\":\"https:\\\/\\\/interamerica.org\\\/wp-content\\\/uploads\\\/2018\\\/04\\\/sonscreen-2018-panel-of-leaders1280.jpg\",\"width\":1280,\"height\":800,\"caption\":\"Un panel de dirigentes de la iglesia y profesores de cinematograf\u00eda discuten el papel que \u00e9sta desempe\u00f1a al considerar los temas sociales que desaf\u00edan a la sociedad y la iglesia, durante el Festival de Cinematograf\u00eda Sonscreen 2018. Imagen por Pieter Damsteegt\"},{\"@type\":\"BreadcrumbList\",\"@id\":\"https:\\\/\\\/interamerica.org\\\/es\\\/2018\\\/04\\\/el-festival-de-cinematografia-sonscreen-exhibe-y-celebra-la-produccion-cinematografica-de-jovenes-cristianos\\\/#breadcrumb\",\"itemListElement\":[{\"@type\":\"ListItem\",\"position\":1,\"name\":\"Home\",\"item\":\"https:\\\/\\\/interamerica.org\\\/es\\\/\"},{\"@type\":\"ListItem\",\"position\":2,\"name\":\"El Festival de Cinematograf\u00eda Sonscreen exhibe y celebra la producci\u00f3n cinematogr\u00e1fica de j\u00f3venes cristianos\"}]},{\"@type\":\"WebSite\",\"@id\":\"https:\\\/\\\/interamerica.org\\\/es\\\/#website\",\"url\":\"https:\\\/\\\/interamerica.org\\\/es\\\/\",\"name\":\"Iglesia Adventista del S\u00e9ptimo D\u00eda - Divisi\u00f3n Interamericana\",\"description\":\"\",\"potentialAction\":[{\"@type\":\"SearchAction\",\"target\":{\"@type\":\"EntryPoint\",\"urlTemplate\":\"https:\\\/\\\/interamerica.org\\\/es\\\/?s={search_term_string}\"},\"query-input\":{\"@type\":\"PropertyValueSpecification\",\"valueRequired\":true,\"valueName\":\"search_term_string\"}}],\"inLanguage\":\"es\"},{\"@type\":\"Person\",\"@id\":\"https:\\\/\\\/interamerica.org\\\/es\\\/#\\\/schema\\\/person\\\/29998f2bc2d8bd0d38662909289b54f1\",\"name\":\"libna\",\"image\":{\"@type\":\"ImageObject\",\"inLanguage\":\"es\",\"@id\":\"https:\\\/\\\/secure.gravatar.com\\\/avatar\\\/7c5bd30ae4b47a9ba3c856590957fd1d96dc588bf3ac05719d247e126840331f?s=96&d=mm&r=g\",\"url\":\"https:\\\/\\\/secure.gravatar.com\\\/avatar\\\/7c5bd30ae4b47a9ba3c856590957fd1d96dc588bf3ac05719d247e126840331f?s=96&d=mm&r=g\",\"contentUrl\":\"https:\\\/\\\/secure.gravatar.com\\\/avatar\\\/7c5bd30ae4b47a9ba3c856590957fd1d96dc588bf3ac05719d247e126840331f?s=96&d=mm&r=g\",\"caption\":\"libna\"}}]}<\/script>\n<!-- \/ Yoast SEO plugin. -->","yoast_head_json":{"title":"El Festival de Cinematograf\u00eda Sonscreen exhibe y celebra la producci\u00f3n cinematogr\u00e1fica de j\u00f3venes cristianos - Iglesia Adventista del S\u00e9ptimo D\u00eda - Divisi\u00f3n Interamericana","robots":{"index":"index","follow":"follow","max-snippet":"max-snippet:-1","max-image-preview":"max-image-preview:large","max-video-preview":"max-video-preview:-1"},"canonical":"https:\/\/interamerica.org\/es\/2018\/04\/el-festival-de-cinematografia-sonscreen-exhibe-y-celebra-la-produccion-cinematografica-de-jovenes-cristianos\/","og_locale":"es_ES","og_type":"article","og_title":"El Festival de Cinematograf\u00eda Sonscreen exhibe y celebra la producci\u00f3n cinematogr\u00e1fica de j\u00f3venes cristianos - Iglesia Adventista del S\u00e9ptimo D\u00eda - Divisi\u00f3n Interamericana","og_description":"&nbsp; 22 de abril de 22, 2018 | Columbia, Maryland, Estados Unidos | Kimberly Luste Maran, directora asociada de Comunicaci\u00f3n de la Divisi\u00f3n Norteamericana La Divisi\u00f3n Norteamericana (NAD, por sus...","og_url":"https:\/\/interamerica.org\/es\/2018\/04\/el-festival-de-cinematografia-sonscreen-exhibe-y-celebra-la-produccion-cinematografica-de-jovenes-cristianos\/","og_site_name":"Iglesia Adventista del S\u00e9ptimo D\u00eda - Divisi\u00f3n Interamericana","article_published_time":"2018-04-23T16:30:05+00:00","article_modified_time":"2018-05-01T21:27:10+00:00","og_image":[{"width":1280,"height":800,"url":"https:\/\/interamerica.org\/wp-content\/uploads\/2018\/04\/sonscreen-2018-panel-of-leaders1280.jpg","type":"image\/jpeg"}],"author":"libna","twitter_card":"summary_large_image","twitter_misc":{"Escrito por":"libna","Tiempo de lectura":"7 minutos"},"schema":{"@context":"https:\/\/schema.org","@graph":[{"@type":"Article","@id":"https:\/\/interamerica.org\/es\/2018\/04\/el-festival-de-cinematografia-sonscreen-exhibe-y-celebra-la-produccion-cinematografica-de-jovenes-cristianos\/#article","isPartOf":{"@id":"https:\/\/interamerica.org\/es\/2018\/04\/el-festival-de-cinematografia-sonscreen-exhibe-y-celebra-la-produccion-cinematografica-de-jovenes-cristianos\/"},"author":{"name":"libna","@id":"https:\/\/interamerica.org\/es\/#\/schema\/person\/29998f2bc2d8bd0d38662909289b54f1"},"headline":"El Festival de Cinematograf\u00eda Sonscreen exhibe y celebra la producci\u00f3n cinematogr\u00e1fica de j\u00f3venes cristianos","datePublished":"2018-04-23T16:30:05+00:00","dateModified":"2018-05-01T21:27:10+00:00","mainEntityOfPage":{"@id":"https:\/\/interamerica.org\/es\/2018\/04\/el-festival-de-cinematografia-sonscreen-exhibe-y-celebra-la-produccion-cinematografica-de-jovenes-cristianos\/"},"wordCount":1350,"commentCount":0,"image":{"@id":"https:\/\/interamerica.org\/es\/2018\/04\/el-festival-de-cinematografia-sonscreen-exhibe-y-celebra-la-produccion-cinematografica-de-jovenes-cristianos\/#primaryimage"},"thumbnailUrl":"https:\/\/interamerica.org\/wp-content\/uploads\/2018\/04\/sonscreen-2018-panel-of-leaders1280.jpg","articleSection":["Desde la iglesia mundial","RSS Espa\u00f1ol"],"inLanguage":"es","potentialAction":[{"@type":"CommentAction","name":"Comment","target":["https:\/\/interamerica.org\/es\/2018\/04\/el-festival-de-cinematografia-sonscreen-exhibe-y-celebra-la-produccion-cinematografica-de-jovenes-cristianos\/#respond"]}]},{"@type":"WebPage","@id":"https:\/\/interamerica.org\/es\/2018\/04\/el-festival-de-cinematografia-sonscreen-exhibe-y-celebra-la-produccion-cinematografica-de-jovenes-cristianos\/","url":"https:\/\/interamerica.org\/es\/2018\/04\/el-festival-de-cinematografia-sonscreen-exhibe-y-celebra-la-produccion-cinematografica-de-jovenes-cristianos\/","name":"El Festival de Cinematograf\u00eda Sonscreen exhibe y celebra la producci\u00f3n cinematogr\u00e1fica de j\u00f3venes cristianos - Iglesia Adventista del S\u00e9ptimo D\u00eda - Divisi\u00f3n Interamericana","isPartOf":{"@id":"https:\/\/interamerica.org\/es\/#website"},"primaryImageOfPage":{"@id":"https:\/\/interamerica.org\/es\/2018\/04\/el-festival-de-cinematografia-sonscreen-exhibe-y-celebra-la-produccion-cinematografica-de-jovenes-cristianos\/#primaryimage"},"image":{"@id":"https:\/\/interamerica.org\/es\/2018\/04\/el-festival-de-cinematografia-sonscreen-exhibe-y-celebra-la-produccion-cinematografica-de-jovenes-cristianos\/#primaryimage"},"thumbnailUrl":"https:\/\/interamerica.org\/wp-content\/uploads\/2018\/04\/sonscreen-2018-panel-of-leaders1280.jpg","datePublished":"2018-04-23T16:30:05+00:00","dateModified":"2018-05-01T21:27:10+00:00","author":{"@id":"https:\/\/interamerica.org\/es\/#\/schema\/person\/29998f2bc2d8bd0d38662909289b54f1"},"breadcrumb":{"@id":"https:\/\/interamerica.org\/es\/2018\/04\/el-festival-de-cinematografia-sonscreen-exhibe-y-celebra-la-produccion-cinematografica-de-jovenes-cristianos\/#breadcrumb"},"inLanguage":"es","potentialAction":[{"@type":"ReadAction","target":["https:\/\/interamerica.org\/es\/2018\/04\/el-festival-de-cinematografia-sonscreen-exhibe-y-celebra-la-produccion-cinematografica-de-jovenes-cristianos\/"]}]},{"@type":"ImageObject","inLanguage":"es","@id":"https:\/\/interamerica.org\/es\/2018\/04\/el-festival-de-cinematografia-sonscreen-exhibe-y-celebra-la-produccion-cinematografica-de-jovenes-cristianos\/#primaryimage","url":"https:\/\/interamerica.org\/wp-content\/uploads\/2018\/04\/sonscreen-2018-panel-of-leaders1280.jpg","contentUrl":"https:\/\/interamerica.org\/wp-content\/uploads\/2018\/04\/sonscreen-2018-panel-of-leaders1280.jpg","width":1280,"height":800,"caption":"Un panel de dirigentes de la iglesia y profesores de cinematograf\u00eda discuten el papel que \u00e9sta desempe\u00f1a al considerar los temas sociales que desaf\u00edan a la sociedad y la iglesia, durante el Festival de Cinematograf\u00eda Sonscreen 2018. Imagen por Pieter Damsteegt"},{"@type":"BreadcrumbList","@id":"https:\/\/interamerica.org\/es\/2018\/04\/el-festival-de-cinematografia-sonscreen-exhibe-y-celebra-la-produccion-cinematografica-de-jovenes-cristianos\/#breadcrumb","itemListElement":[{"@type":"ListItem","position":1,"name":"Home","item":"https:\/\/interamerica.org\/es\/"},{"@type":"ListItem","position":2,"name":"El Festival de Cinematograf\u00eda Sonscreen exhibe y celebra la producci\u00f3n cinematogr\u00e1fica de j\u00f3venes cristianos"}]},{"@type":"WebSite","@id":"https:\/\/interamerica.org\/es\/#website","url":"https:\/\/interamerica.org\/es\/","name":"Iglesia Adventista del S\u00e9ptimo D\u00eda - Divisi\u00f3n Interamericana","description":"","potentialAction":[{"@type":"SearchAction","target":{"@type":"EntryPoint","urlTemplate":"https:\/\/interamerica.org\/es\/?s={search_term_string}"},"query-input":{"@type":"PropertyValueSpecification","valueRequired":true,"valueName":"search_term_string"}}],"inLanguage":"es"},{"@type":"Person","@id":"https:\/\/interamerica.org\/es\/#\/schema\/person\/29998f2bc2d8bd0d38662909289b54f1","name":"libna","image":{"@type":"ImageObject","inLanguage":"es","@id":"https:\/\/secure.gravatar.com\/avatar\/7c5bd30ae4b47a9ba3c856590957fd1d96dc588bf3ac05719d247e126840331f?s=96&d=mm&r=g","url":"https:\/\/secure.gravatar.com\/avatar\/7c5bd30ae4b47a9ba3c856590957fd1d96dc588bf3ac05719d247e126840331f?s=96&d=mm&r=g","contentUrl":"https:\/\/secure.gravatar.com\/avatar\/7c5bd30ae4b47a9ba3c856590957fd1d96dc588bf3ac05719d247e126840331f?s=96&d=mm&r=g","caption":"libna"}}]}},"_links":{"self":[{"href":"https:\/\/interamerica.org\/es\/wp-json\/wp\/v2\/posts\/40707","targetHints":{"allow":["GET"]}}],"collection":[{"href":"https:\/\/interamerica.org\/es\/wp-json\/wp\/v2\/posts"}],"about":[{"href":"https:\/\/interamerica.org\/es\/wp-json\/wp\/v2\/types\/post"}],"author":[{"embeddable":true,"href":"https:\/\/interamerica.org\/es\/wp-json\/wp\/v2\/users\/3"}],"replies":[{"embeddable":true,"href":"https:\/\/interamerica.org\/es\/wp-json\/wp\/v2\/comments?post=40707"}],"version-history":[{"count":0,"href":"https:\/\/interamerica.org\/es\/wp-json\/wp\/v2\/posts\/40707\/revisions"}],"wp:featuredmedia":[{"embeddable":true,"href":"https:\/\/interamerica.org\/es\/wp-json\/wp\/v2\/media\/40687"}],"wp:attachment":[{"href":"https:\/\/interamerica.org\/es\/wp-json\/wp\/v2\/media?parent=40707"}],"wp:term":[{"taxonomy":"category","embeddable":true,"href":"https:\/\/interamerica.org\/es\/wp-json\/wp\/v2\/categories?post=40707"},{"taxonomy":"post_tag","embeddable":true,"href":"https:\/\/interamerica.org\/es\/wp-json\/wp\/v2\/tags?post=40707"}],"curies":[{"name":"wp","href":"https:\/\/api.w.org\/{rel}","templated":true}]}}