{"id":40731,"date":"2018-04-24T21:30:55","date_gmt":"2018-04-25T01:30:55","guid":{"rendered":"https:\/\/recursing-golick.147-182-135-0.plesk.page\/?p=40731"},"modified":"2018-05-01T21:13:43","modified_gmt":"2018-05-02T01:13:43","slug":"en-interamerica-ministerios-jovenes-ofrecera-sesion-de-capacitacion-en-linea-sobre-la-iniciativa-un-ano-en-mision","status":"publish","type":"post","link":"https:\/\/interamerica.org\/es\/2018\/04\/en-interamerica-ministerios-jovenes-ofrecera-sesion-de-capacitacion-en-linea-sobre-la-iniciativa-un-ano-en-mision\/","title":{"rendered":"En Interam\u00e9rica, Ministerio Juvenil ofrecer\u00e1 sesi\u00f3n de capacitaci\u00f3n en l\u00ednea sobre la iniciativa \u201cUn A\u00f1o en Misi\u00f3n\u201d"},"content":{"rendered":"<p>24 de abril de 2018 | Miami, Florida, Estados Unidos | Libna Stevens\/DIA<\/p>\n<p>Cientos de j\u00f3venes adventistas de toda la Divisi\u00f3n Interamericana recibir\u00e1n una capacitaci\u00f3n especial este 28 de abril gracias a la implementaci\u00f3n de la iniciativa de la iglesia denominada \u201cUn A\u00f1o en Misi\u00f3n\u201d (OYiM). La iniciativa env\u00eda a j\u00f3venes a trabajar en un proyecto misionero durante un a\u00f1o, o a veces un por un per\u00edodo m\u00e1s breve, en una zona donde no hay presencia adventista.<\/p>\n<p>\u201cEs importante que los j\u00f3venes entiendan la importancia de lo que significa ser misionero, y de c\u00f3mo ser testigos y preparar a otros para el pronto regreso de Cristo\u201d, dijo el pastor Al Powell, director de ministerio juvenil de la Iglesia Adventista en Interam\u00e9rica.<\/p>\n<p>Seg\u00fan Powell, la iglesia de las regiones principales del territorio, llamadas uniones, est\u00e1 invirtiendo fondos para preparar a los j\u00f3venes para que sean activos en la obra misionera y el evangelismo dentro del territorio y en diversas partes del mundo.<\/p>\n<p>La capacitaci\u00f3n incluir\u00e1 presentaciones de los l\u00edderes de j\u00f3venes de la Iglesia Adventista mundial y de los l\u00edderes de Interam\u00e9rica, quienes les ense\u00f1ar\u00e1n sobre testificaci\u00f3n, c\u00f3mo dar estudios b\u00edblicos, el uso de la tecnolog\u00eda, c\u00f3mo impactar a la comunidad mediante actividades de salud y la preparaci\u00f3n de campa\u00f1as de evangelizaci\u00f3n, entre otras.<\/p>\n<p>La capacitaci\u00f3n en l\u00ednea tendr\u00e1 lugar el s\u00e1bado 28 de abril de 9.00 a 13.00 (Hora de Miami) en ingl\u00e9s, espa\u00f1ol y franc\u00e9s en <a href=\"https:\/\/webcast.interamerica.org\/espanol\">webcast.interamerica.org<\/a><\/p>\n<p>Traducci\u00f3n de Marcos Paseggi<\/p>\n","protected":false},"excerpt":{"rendered":"<p>24 de abril de 2018 | Miami, Florida, Estados Unidos | Libna Stevens\/DIA Cientos de j\u00f3venes adventistas de toda la Divisi\u00f3n Interamericana recibir\u00e1n una capacitaci\u00f3n especial este 28 de abril&#8230;<\/p>\n","protected":false},"author":3,"featured_media":40726,"comment_status":"open","ping_status":"closed","sticky":false,"template":"","format":"standard","meta":{"_acf_changed":false,"footnotes":""},"categories":[16,15],"tags":[],"class_list":["post-40731","post","type-post","status-publish","format-standard","has-post-thumbnail","hentry","category-desde-la-sede","category-rss-espanol"],"acf":[],"yoast_head":"<!-- This site is optimized with the Yoast SEO plugin v27.3 - https:\/\/yoast.com\/product\/yoast-seo-wordpress\/ -->\n<title>En Interam\u00e9rica, Ministerio Juvenil ofrecer\u00e1 sesi\u00f3n de capacitaci\u00f3n en l\u00ednea sobre la iniciativa \u201cUn A\u00f1o en Misi\u00f3n\u201d - Iglesia Adventista del S\u00e9ptimo D\u00eda - Divisi\u00f3n Interamericana<\/title>\n<meta name=\"robots\" content=\"index, follow, max-snippet:-1, max-image-preview:large, max-video-preview:-1\" \/>\n<link rel=\"canonical\" href=\"https:\/\/interamerica.org\/es\/2018\/04\/en-interamerica-ministerios-jovenes-ofrecera-sesion-de-capacitacion-en-linea-sobre-la-iniciativa-un-ano-en-mision\/\" \/>\n<meta property=\"og:locale\" content=\"es_ES\" \/>\n<meta property=\"og:type\" content=\"article\" \/>\n<meta property=\"og:title\" content=\"En Interam\u00e9rica, Ministerio Juvenil ofrecer\u00e1 sesi\u00f3n de capacitaci\u00f3n en l\u00ednea sobre la iniciativa \u201cUn A\u00f1o en Misi\u00f3n\u201d - Iglesia Adventista del S\u00e9ptimo D\u00eda - Divisi\u00f3n Interamericana\" \/>\n<meta property=\"og:description\" content=\"24 de abril de 2018 | Miami, Florida, Estados Unidos | Libna Stevens\/DIA Cientos de j\u00f3venes adventistas de toda la Divisi\u00f3n Interamericana recibir\u00e1n una capacitaci\u00f3n especial este 28 de abril...\" \/>\n<meta property=\"og:url\" content=\"https:\/\/interamerica.org\/es\/2018\/04\/en-interamerica-ministerios-jovenes-ofrecera-sesion-de-capacitacion-en-linea-sobre-la-iniciativa-un-ano-en-mision\/\" \/>\n<meta property=\"og:site_name\" content=\"Iglesia Adventista del S\u00e9ptimo D\u00eda - Divisi\u00f3n Interamericana\" \/>\n<meta property=\"article:published_time\" content=\"2018-04-25T01:30:55+00:00\" \/>\n<meta property=\"article:modified_time\" content=\"2018-05-02T01:13:43+00:00\" \/>\n<meta property=\"og:image\" content=\"https:\/\/interamerica.org\/wp-content\/uploads\/2018\/04\/ben-white-148783-unsplash.jpg\" \/>\n\t<meta property=\"og:image:width\" content=\"1280\" \/>\n\t<meta property=\"og:image:height\" content=\"800\" \/>\n\t<meta property=\"og:image:type\" content=\"image\/jpeg\" \/>\n<meta name=\"author\" content=\"libna\" \/>\n<meta name=\"twitter:card\" content=\"summary_large_image\" \/>\n<meta name=\"twitter:label1\" content=\"Escrito por\" \/>\n\t<meta name=\"twitter:data1\" content=\"libna\" \/>\n\t<meta name=\"twitter:label2\" content=\"Tiempo de lectura\" \/>\n\t<meta name=\"twitter:data2\" content=\"1 minuto\" \/>\n<script type=\"application\/ld+json\" class=\"yoast-schema-graph\">{\"@context\":\"https:\\\/\\\/schema.org\",\"@graph\":[{\"@type\":\"Article\",\"@id\":\"https:\\\/\\\/interamerica.org\\\/es\\\/2018\\\/04\\\/en-interamerica-ministerios-jovenes-ofrecera-sesion-de-capacitacion-en-linea-sobre-la-iniciativa-un-ano-en-mision\\\/#article\",\"isPartOf\":{\"@id\":\"https:\\\/\\\/interamerica.org\\\/es\\\/2018\\\/04\\\/en-interamerica-ministerios-jovenes-ofrecera-sesion-de-capacitacion-en-linea-sobre-la-iniciativa-un-ano-en-mision\\\/\"},\"author\":{\"name\":\"libna\",\"@id\":\"https:\\\/\\\/interamerica.org\\\/es\\\/#\\\/schema\\\/person\\\/29998f2bc2d8bd0d38662909289b54f1\"},\"headline\":\"En Interam\u00e9rica, Ministerio Juvenil ofrecer\u00e1 sesi\u00f3n de capacitaci\u00f3n en l\u00ednea sobre la iniciativa \u201cUn A\u00f1o en Misi\u00f3n\u201d\",\"datePublished\":\"2018-04-25T01:30:55+00:00\",\"dateModified\":\"2018-05-02T01:13:43+00:00\",\"mainEntityOfPage\":{\"@id\":\"https:\\\/\\\/interamerica.org\\\/es\\\/2018\\\/04\\\/en-interamerica-ministerios-jovenes-ofrecera-sesion-de-capacitacion-en-linea-sobre-la-iniciativa-un-ano-en-mision\\\/\"},\"wordCount\":299,\"commentCount\":0,\"image\":{\"@id\":\"https:\\\/\\\/interamerica.org\\\/es\\\/2018\\\/04\\\/en-interamerica-ministerios-jovenes-ofrecera-sesion-de-capacitacion-en-linea-sobre-la-iniciativa-un-ano-en-mision\\\/#primaryimage\"},\"thumbnailUrl\":\"https:\\\/\\\/interamerica.org\\\/wp-content\\\/uploads\\\/2018\\\/04\\\/ben-white-148783-unsplash.jpg\",\"articleSection\":[\"Desde la sede\",\"RSS Espa\u00f1ol\"],\"inLanguage\":\"es\",\"potentialAction\":[{\"@type\":\"CommentAction\",\"name\":\"Comment\",\"target\":[\"https:\\\/\\\/interamerica.org\\\/es\\\/2018\\\/04\\\/en-interamerica-ministerios-jovenes-ofrecera-sesion-de-capacitacion-en-linea-sobre-la-iniciativa-un-ano-en-mision\\\/#respond\"]}]},{\"@type\":\"WebPage\",\"@id\":\"https:\\\/\\\/interamerica.org\\\/es\\\/2018\\\/04\\\/en-interamerica-ministerios-jovenes-ofrecera-sesion-de-capacitacion-en-linea-sobre-la-iniciativa-un-ano-en-mision\\\/\",\"url\":\"https:\\\/\\\/interamerica.org\\\/es\\\/2018\\\/04\\\/en-interamerica-ministerios-jovenes-ofrecera-sesion-de-capacitacion-en-linea-sobre-la-iniciativa-un-ano-en-mision\\\/\",\"name\":\"En Interam\u00e9rica, Ministerio Juvenil ofrecer\u00e1 sesi\u00f3n de capacitaci\u00f3n en l\u00ednea sobre la iniciativa \u201cUn A\u00f1o en Misi\u00f3n\u201d - Iglesia Adventista del S\u00e9ptimo D\u00eda - Divisi\u00f3n Interamericana\",\"isPartOf\":{\"@id\":\"https:\\\/\\\/interamerica.org\\\/es\\\/#website\"},\"primaryImageOfPage\":{\"@id\":\"https:\\\/\\\/interamerica.org\\\/es\\\/2018\\\/04\\\/en-interamerica-ministerios-jovenes-ofrecera-sesion-de-capacitacion-en-linea-sobre-la-iniciativa-un-ano-en-mision\\\/#primaryimage\"},\"image\":{\"@id\":\"https:\\\/\\\/interamerica.org\\\/es\\\/2018\\\/04\\\/en-interamerica-ministerios-jovenes-ofrecera-sesion-de-capacitacion-en-linea-sobre-la-iniciativa-un-ano-en-mision\\\/#primaryimage\"},\"thumbnailUrl\":\"https:\\\/\\\/interamerica.org\\\/wp-content\\\/uploads\\\/2018\\\/04\\\/ben-white-148783-unsplash.jpg\",\"datePublished\":\"2018-04-25T01:30:55+00:00\",\"dateModified\":\"2018-05-02T01:13:43+00:00\",\"author\":{\"@id\":\"https:\\\/\\\/interamerica.org\\\/es\\\/#\\\/schema\\\/person\\\/29998f2bc2d8bd0d38662909289b54f1\"},\"breadcrumb\":{\"@id\":\"https:\\\/\\\/interamerica.org\\\/es\\\/2018\\\/04\\\/en-interamerica-ministerios-jovenes-ofrecera-sesion-de-capacitacion-en-linea-sobre-la-iniciativa-un-ano-en-mision\\\/#breadcrumb\"},\"inLanguage\":\"es\",\"potentialAction\":[{\"@type\":\"ReadAction\",\"target\":[\"https:\\\/\\\/interamerica.org\\\/es\\\/2018\\\/04\\\/en-interamerica-ministerios-jovenes-ofrecera-sesion-de-capacitacion-en-linea-sobre-la-iniciativa-un-ano-en-mision\\\/\"]}]},{\"@type\":\"ImageObject\",\"inLanguage\":\"es\",\"@id\":\"https:\\\/\\\/interamerica.org\\\/es\\\/2018\\\/04\\\/en-interamerica-ministerios-jovenes-ofrecera-sesion-de-capacitacion-en-linea-sobre-la-iniciativa-un-ano-en-mision\\\/#primaryimage\",\"url\":\"https:\\\/\\\/interamerica.org\\\/wp-content\\\/uploads\\\/2018\\\/04\\\/ben-white-148783-unsplash.jpg\",\"contentUrl\":\"https:\\\/\\\/interamerica.org\\\/wp-content\\\/uploads\\\/2018\\\/04\\\/ben-white-148783-unsplash.jpg\",\"width\":1280,\"height\":800},{\"@type\":\"BreadcrumbList\",\"@id\":\"https:\\\/\\\/interamerica.org\\\/es\\\/2018\\\/04\\\/en-interamerica-ministerios-jovenes-ofrecera-sesion-de-capacitacion-en-linea-sobre-la-iniciativa-un-ano-en-mision\\\/#breadcrumb\",\"itemListElement\":[{\"@type\":\"ListItem\",\"position\":1,\"name\":\"Home\",\"item\":\"https:\\\/\\\/interamerica.org\\\/es\\\/\"},{\"@type\":\"ListItem\",\"position\":2,\"name\":\"En Interam\u00e9rica, Ministerio Juvenil ofrecer\u00e1 sesi\u00f3n de capacitaci\u00f3n en l\u00ednea sobre la iniciativa \u201cUn A\u00f1o en Misi\u00f3n\u201d\"}]},{\"@type\":\"WebSite\",\"@id\":\"https:\\\/\\\/interamerica.org\\\/es\\\/#website\",\"url\":\"https:\\\/\\\/interamerica.org\\\/es\\\/\",\"name\":\"Iglesia Adventista del S\u00e9ptimo D\u00eda - Divisi\u00f3n Interamericana\",\"description\":\"\",\"potentialAction\":[{\"@type\":\"SearchAction\",\"target\":{\"@type\":\"EntryPoint\",\"urlTemplate\":\"https:\\\/\\\/interamerica.org\\\/es\\\/?s={search_term_string}\"},\"query-input\":{\"@type\":\"PropertyValueSpecification\",\"valueRequired\":true,\"valueName\":\"search_term_string\"}}],\"inLanguage\":\"es\"},{\"@type\":\"Person\",\"@id\":\"https:\\\/\\\/interamerica.org\\\/es\\\/#\\\/schema\\\/person\\\/29998f2bc2d8bd0d38662909289b54f1\",\"name\":\"libna\",\"image\":{\"@type\":\"ImageObject\",\"inLanguage\":\"es\",\"@id\":\"https:\\\/\\\/secure.gravatar.com\\\/avatar\\\/7c5bd30ae4b47a9ba3c856590957fd1d96dc588bf3ac05719d247e126840331f?s=96&d=mm&r=g\",\"url\":\"https:\\\/\\\/secure.gravatar.com\\\/avatar\\\/7c5bd30ae4b47a9ba3c856590957fd1d96dc588bf3ac05719d247e126840331f?s=96&d=mm&r=g\",\"contentUrl\":\"https:\\\/\\\/secure.gravatar.com\\\/avatar\\\/7c5bd30ae4b47a9ba3c856590957fd1d96dc588bf3ac05719d247e126840331f?s=96&d=mm&r=g\",\"caption\":\"libna\"}}]}<\/script>\n<!-- \/ Yoast SEO plugin. -->","yoast_head_json":{"title":"En Interam\u00e9rica, Ministerio Juvenil ofrecer\u00e1 sesi\u00f3n de capacitaci\u00f3n en l\u00ednea sobre la iniciativa \u201cUn A\u00f1o en Misi\u00f3n\u201d - Iglesia Adventista del S\u00e9ptimo D\u00eda - Divisi\u00f3n Interamericana","robots":{"index":"index","follow":"follow","max-snippet":"max-snippet:-1","max-image-preview":"max-image-preview:large","max-video-preview":"max-video-preview:-1"},"canonical":"https:\/\/interamerica.org\/es\/2018\/04\/en-interamerica-ministerios-jovenes-ofrecera-sesion-de-capacitacion-en-linea-sobre-la-iniciativa-un-ano-en-mision\/","og_locale":"es_ES","og_type":"article","og_title":"En Interam\u00e9rica, Ministerio Juvenil ofrecer\u00e1 sesi\u00f3n de capacitaci\u00f3n en l\u00ednea sobre la iniciativa \u201cUn A\u00f1o en Misi\u00f3n\u201d - Iglesia Adventista del S\u00e9ptimo D\u00eda - Divisi\u00f3n Interamericana","og_description":"24 de abril de 2018 | Miami, Florida, Estados Unidos | Libna Stevens\/DIA Cientos de j\u00f3venes adventistas de toda la Divisi\u00f3n Interamericana recibir\u00e1n una capacitaci\u00f3n especial este 28 de abril...","og_url":"https:\/\/interamerica.org\/es\/2018\/04\/en-interamerica-ministerios-jovenes-ofrecera-sesion-de-capacitacion-en-linea-sobre-la-iniciativa-un-ano-en-mision\/","og_site_name":"Iglesia Adventista del S\u00e9ptimo D\u00eda - Divisi\u00f3n Interamericana","article_published_time":"2018-04-25T01:30:55+00:00","article_modified_time":"2018-05-02T01:13:43+00:00","og_image":[{"width":1280,"height":800,"url":"https:\/\/interamerica.org\/wp-content\/uploads\/2018\/04\/ben-white-148783-unsplash.jpg","type":"image\/jpeg"}],"author":"libna","twitter_card":"summary_large_image","twitter_misc":{"Escrito por":"libna","Tiempo de lectura":"1 minuto"},"schema":{"@context":"https:\/\/schema.org","@graph":[{"@type":"Article","@id":"https:\/\/interamerica.org\/es\/2018\/04\/en-interamerica-ministerios-jovenes-ofrecera-sesion-de-capacitacion-en-linea-sobre-la-iniciativa-un-ano-en-mision\/#article","isPartOf":{"@id":"https:\/\/interamerica.org\/es\/2018\/04\/en-interamerica-ministerios-jovenes-ofrecera-sesion-de-capacitacion-en-linea-sobre-la-iniciativa-un-ano-en-mision\/"},"author":{"name":"libna","@id":"https:\/\/interamerica.org\/es\/#\/schema\/person\/29998f2bc2d8bd0d38662909289b54f1"},"headline":"En Interam\u00e9rica, Ministerio Juvenil ofrecer\u00e1 sesi\u00f3n de capacitaci\u00f3n en l\u00ednea sobre la iniciativa \u201cUn A\u00f1o en Misi\u00f3n\u201d","datePublished":"2018-04-25T01:30:55+00:00","dateModified":"2018-05-02T01:13:43+00:00","mainEntityOfPage":{"@id":"https:\/\/interamerica.org\/es\/2018\/04\/en-interamerica-ministerios-jovenes-ofrecera-sesion-de-capacitacion-en-linea-sobre-la-iniciativa-un-ano-en-mision\/"},"wordCount":299,"commentCount":0,"image":{"@id":"https:\/\/interamerica.org\/es\/2018\/04\/en-interamerica-ministerios-jovenes-ofrecera-sesion-de-capacitacion-en-linea-sobre-la-iniciativa-un-ano-en-mision\/#primaryimage"},"thumbnailUrl":"https:\/\/interamerica.org\/wp-content\/uploads\/2018\/04\/ben-white-148783-unsplash.jpg","articleSection":["Desde la sede","RSS Espa\u00f1ol"],"inLanguage":"es","potentialAction":[{"@type":"CommentAction","name":"Comment","target":["https:\/\/interamerica.org\/es\/2018\/04\/en-interamerica-ministerios-jovenes-ofrecera-sesion-de-capacitacion-en-linea-sobre-la-iniciativa-un-ano-en-mision\/#respond"]}]},{"@type":"WebPage","@id":"https:\/\/interamerica.org\/es\/2018\/04\/en-interamerica-ministerios-jovenes-ofrecera-sesion-de-capacitacion-en-linea-sobre-la-iniciativa-un-ano-en-mision\/","url":"https:\/\/interamerica.org\/es\/2018\/04\/en-interamerica-ministerios-jovenes-ofrecera-sesion-de-capacitacion-en-linea-sobre-la-iniciativa-un-ano-en-mision\/","name":"En Interam\u00e9rica, Ministerio Juvenil ofrecer\u00e1 sesi\u00f3n de capacitaci\u00f3n en l\u00ednea sobre la iniciativa \u201cUn A\u00f1o en Misi\u00f3n\u201d - Iglesia Adventista del S\u00e9ptimo D\u00eda - Divisi\u00f3n Interamericana","isPartOf":{"@id":"https:\/\/interamerica.org\/es\/#website"},"primaryImageOfPage":{"@id":"https:\/\/interamerica.org\/es\/2018\/04\/en-interamerica-ministerios-jovenes-ofrecera-sesion-de-capacitacion-en-linea-sobre-la-iniciativa-un-ano-en-mision\/#primaryimage"},"image":{"@id":"https:\/\/interamerica.org\/es\/2018\/04\/en-interamerica-ministerios-jovenes-ofrecera-sesion-de-capacitacion-en-linea-sobre-la-iniciativa-un-ano-en-mision\/#primaryimage"},"thumbnailUrl":"https:\/\/interamerica.org\/wp-content\/uploads\/2018\/04\/ben-white-148783-unsplash.jpg","datePublished":"2018-04-25T01:30:55+00:00","dateModified":"2018-05-02T01:13:43+00:00","author":{"@id":"https:\/\/interamerica.org\/es\/#\/schema\/person\/29998f2bc2d8bd0d38662909289b54f1"},"breadcrumb":{"@id":"https:\/\/interamerica.org\/es\/2018\/04\/en-interamerica-ministerios-jovenes-ofrecera-sesion-de-capacitacion-en-linea-sobre-la-iniciativa-un-ano-en-mision\/#breadcrumb"},"inLanguage":"es","potentialAction":[{"@type":"ReadAction","target":["https:\/\/interamerica.org\/es\/2018\/04\/en-interamerica-ministerios-jovenes-ofrecera-sesion-de-capacitacion-en-linea-sobre-la-iniciativa-un-ano-en-mision\/"]}]},{"@type":"ImageObject","inLanguage":"es","@id":"https:\/\/interamerica.org\/es\/2018\/04\/en-interamerica-ministerios-jovenes-ofrecera-sesion-de-capacitacion-en-linea-sobre-la-iniciativa-un-ano-en-mision\/#primaryimage","url":"https:\/\/interamerica.org\/wp-content\/uploads\/2018\/04\/ben-white-148783-unsplash.jpg","contentUrl":"https:\/\/interamerica.org\/wp-content\/uploads\/2018\/04\/ben-white-148783-unsplash.jpg","width":1280,"height":800},{"@type":"BreadcrumbList","@id":"https:\/\/interamerica.org\/es\/2018\/04\/en-interamerica-ministerios-jovenes-ofrecera-sesion-de-capacitacion-en-linea-sobre-la-iniciativa-un-ano-en-mision\/#breadcrumb","itemListElement":[{"@type":"ListItem","position":1,"name":"Home","item":"https:\/\/interamerica.org\/es\/"},{"@type":"ListItem","position":2,"name":"En Interam\u00e9rica, Ministerio Juvenil ofrecer\u00e1 sesi\u00f3n de capacitaci\u00f3n en l\u00ednea sobre la iniciativa \u201cUn A\u00f1o en Misi\u00f3n\u201d"}]},{"@type":"WebSite","@id":"https:\/\/interamerica.org\/es\/#website","url":"https:\/\/interamerica.org\/es\/","name":"Iglesia Adventista del S\u00e9ptimo D\u00eda - Divisi\u00f3n Interamericana","description":"","potentialAction":[{"@type":"SearchAction","target":{"@type":"EntryPoint","urlTemplate":"https:\/\/interamerica.org\/es\/?s={search_term_string}"},"query-input":{"@type":"PropertyValueSpecification","valueRequired":true,"valueName":"search_term_string"}}],"inLanguage":"es"},{"@type":"Person","@id":"https:\/\/interamerica.org\/es\/#\/schema\/person\/29998f2bc2d8bd0d38662909289b54f1","name":"libna","image":{"@type":"ImageObject","inLanguage":"es","@id":"https:\/\/secure.gravatar.com\/avatar\/7c5bd30ae4b47a9ba3c856590957fd1d96dc588bf3ac05719d247e126840331f?s=96&d=mm&r=g","url":"https:\/\/secure.gravatar.com\/avatar\/7c5bd30ae4b47a9ba3c856590957fd1d96dc588bf3ac05719d247e126840331f?s=96&d=mm&r=g","contentUrl":"https:\/\/secure.gravatar.com\/avatar\/7c5bd30ae4b47a9ba3c856590957fd1d96dc588bf3ac05719d247e126840331f?s=96&d=mm&r=g","caption":"libna"}}]}},"_links":{"self":[{"href":"https:\/\/interamerica.org\/es\/wp-json\/wp\/v2\/posts\/40731","targetHints":{"allow":["GET"]}}],"collection":[{"href":"https:\/\/interamerica.org\/es\/wp-json\/wp\/v2\/posts"}],"about":[{"href":"https:\/\/interamerica.org\/es\/wp-json\/wp\/v2\/types\/post"}],"author":[{"embeddable":true,"href":"https:\/\/interamerica.org\/es\/wp-json\/wp\/v2\/users\/3"}],"replies":[{"embeddable":true,"href":"https:\/\/interamerica.org\/es\/wp-json\/wp\/v2\/comments?post=40731"}],"version-history":[{"count":0,"href":"https:\/\/interamerica.org\/es\/wp-json\/wp\/v2\/posts\/40731\/revisions"}],"wp:featuredmedia":[{"embeddable":true,"href":"https:\/\/interamerica.org\/es\/wp-json\/wp\/v2\/media\/40726"}],"wp:attachment":[{"href":"https:\/\/interamerica.org\/es\/wp-json\/wp\/v2\/media?parent=40731"}],"wp:term":[{"taxonomy":"category","embeddable":true,"href":"https:\/\/interamerica.org\/es\/wp-json\/wp\/v2\/categories?post=40731"},{"taxonomy":"post_tag","embeddable":true,"href":"https:\/\/interamerica.org\/es\/wp-json\/wp\/v2\/tags?post=40731"}],"curies":[{"name":"wp","href":"https:\/\/api.w.org\/{rel}","templated":true}]}}