{"id":40768,"date":"2018-04-25T13:47:21","date_gmt":"2018-04-25T17:47:21","guid":{"rendered":"https:\/\/recursing-golick.147-182-135-0.plesk.page\/?p=40768"},"modified":"2018-05-01T21:12:39","modified_gmt":"2018-05-02T01:12:39","slug":"que-podemos-hacer-con-la-generacion-y","status":"publish","type":"post","link":"https:\/\/interamerica.org\/es\/2018\/04\/que-podemos-hacer-con-la-generacion-y\/","title":{"rendered":"\u00bfQu\u00e9 podemos hacer con la Generaci\u00f3n Y?"},"content":{"rendered":"<p><span class=\"byline-news\">April 24, 2018 | Berrien Springs, M\u00edchigan, Estados Unidos | Marcos Paseggi, <em>Adventist Review<\/em><\/span><\/p>\n<p><span class=\"cap\">\u201cPor a\u00f1os, hemos estado diciendo que tenemos un problema con los j\u00f3venes y la iglesia\u201d, dijo Allan Martin durante el plenario de apertura del evento \u201cAlcancemos a la Generaci\u00f3n Y\u201d, que se llev\u00f3 a cabo en la Universidad Andrews el 10 de abril de 2018. \u201cBueno, tenemos un problema si seguimos repitiendo esa frase pero no hacemos nada al respecto\u201d. Martin, pastor e investigador adventista, fue uno de las decenas de disertantes y cientos de personas que se dieron cita en el campus de la instituci\u00f3n de M\u00edchigan, Estados Unidos, para establecer conexiones, analizar y familiarizarse con m\u00e9todos nuevos y probados de alcanzar a las generaciones m\u00e1s j\u00f3venes para Cristo.<\/span><\/p>\n<p>\u201cEstamos hablando de la m\u00e1s numerosa generaci\u00f3n de j\u00f3venes de la historia\u201d, dijo Martin. \u201cEn muchos sentidos, es una generaci\u00f3n como ninguna otra\u201d.<\/p>\n<p><strong>Oportunidades y desaf\u00edos<\/strong><\/p>\n<p>Para los l\u00edderes de j\u00f3venes, trabajar con la Generaci\u00f3n Y puede presentar maravillosas oportunidades, destacaron los disertantes.<\/p>\n<p>\u201cMe siento privilegiada de trabajar con la Generaci\u00f3n Y todos los d\u00edas, y s\u00e9 que son personas que quieren hacer las cosas diferente\u201d, dijo Andrea Luxton, rectora de la Universidad Andrews al dar la bienvenida a la audiencia. \u201cNecesitamos la creatividad, la perspectiva y las ideas de ellos\u201d.<\/p>\n<div id=\"attachment_40744\" style=\"width: 771px\" class=\"wp-caption aligncenter\"><img fetchpriority=\"high\" decoding=\"async\" aria-describedby=\"caption-attachment-40744\" class=\"wp-image-40744 \" src=\"https:\/\/recursing-golick.147-182-135-0.plesk.page\/wp-content\/uploads\/2018\/04\/homertrecartin-300x200.jpg\" alt=\"\" width=\"761\" height=\"507\" srcset=\"https:\/\/interamerica.org\/wp-content\/uploads\/2018\/04\/homertrecartin-300x200.jpg 300w, https:\/\/interamerica.org\/wp-content\/uploads\/2018\/04\/homertrecartin-768x511.jpg 768w, https:\/\/interamerica.org\/wp-content\/uploads\/2018\/04\/homertrecartin.jpg 1000w\" sizes=\"(max-width: 761px) 100vw, 761px\" \/><p id=\"caption-attachment-40744\" class=\"wp-caption-text\">Trabajar con la Generaci\u00f3n Y implica aprender c\u00f3mo relacionarse con personas que creen que en la vida no hay absolutos, dijo Homer Trecartin, director de los Centros de Misi\u00f3n Global de la Iglesia Adventista, en la sesi\u00f3n de apertura del evento \u201cAlcancemos a la Generaci\u00f3n Y\u201d en la Universidad Andrews. Fotograf\u00eda: Universidad Andrews<\/p><\/div>\n<p>Al mismo tiempo, relacionarse con los j\u00f3venes de la Generaci\u00f3n Y puede presentar un tipo particular de desaf\u00edos. \u201c\u00bfC\u00f3mo alcanzar a personas que toma partes de esto y de lo otro\u201d, se pregunt\u00f3 Homer Trecartin, director de los Centros de Misi\u00f3n Global de la Iglesia Adventista. \u201c\u00bfC\u00f3mo podemos relacionarnos con personas que creen que nada es absoluto en la vida?<\/p>\n<p>Los expertos concuerdan en que los cambios actuales en la tecnolog\u00eda, y la sociedad en general, han presentado desaf\u00edos jam\u00e1s anticipados. \u201cPoscristianos y seculares\u2026 No hay duda de que estamos viviendo en un mundo sumamente complicados\u201d, reconoci\u00f3 Ji\u0159\u00ed Moskala, decano del Seminario Teol\u00f3gico Adventista de la Universidad Andrews. \u201cLos j\u00f3venes son bombardeados desde todos los rincones\u201d.<\/p>\n<p>No obstante, esto tiene su lado positivo, a\u00f1adi\u00f3, dado que los desaf\u00edos actuales han motivado discusiones fundamentales. \u201cNos ha llevado a reflexionar sobre el tema, lo que es algo muy bueno\u201d, dijo.<\/p>\n<p>Por su parte, Kleber Gon\u00e7alves, director del Centro de Estudios Seculares y Posmodernos de la Iglesia Adventista, se mostr\u00f3 de acuerdo. \u201cEsto no es tan solo un evento\u201d, dijo al dar la bienvenida a los estudiantes y los l\u00edderes. \u201cEs una plataforma para el di\u00e1logo y la participaci\u00f3n\u201d.<\/p>\n<p><strong>De la protesta a la participaci\u00f3n activa<\/strong><\/p>\n<p>La presentaci\u00f3n de Martin no trat\u00f3 de disimular los desaf\u00edos actuales que implica la participaci\u00f3n de la Generaci\u00f3n Y en la iglesia. Dijo \u00e9l: \u201cLos j\u00f3venes de la Generaci\u00f3n Y est\u00e1n pregunt\u00e1ndose: \u2018\u00bfEs realmente importante la iglesia?\u2019\u201d<\/p>\n<div id=\"attachment_40747\" style=\"width: 770px\" class=\"wp-caption aligncenter\"><img decoding=\"async\" aria-describedby=\"caption-attachment-40747\" class=\" wp-image-40747\" src=\"https:\/\/recursing-golick.147-182-135-0.plesk.page\/wp-content\/uploads\/2018\/04\/allanmartin.jpg\" alt=\"\" width=\"760\" height=\"506\" srcset=\"https:\/\/interamerica.org\/wp-content\/uploads\/2018\/04\/allanmartin.jpg 1000w, https:\/\/interamerica.org\/wp-content\/uploads\/2018\/04\/allanmartin-300x200.jpg 300w, https:\/\/interamerica.org\/wp-content\/uploads\/2018\/04\/allanmartin-768x511.jpg 768w\" sizes=\"(max-width: 760px) 100vw, 760px\" \/><p id=\"caption-attachment-40747\" class=\"wp-caption-text\">El pastor e investigador adventista Allan Martin invit\u00f3 a cada miembro de iglesia para que sean proactivos, orando e involucr\u00e1ndose con los j\u00f3venes de sus respectivas iglesias. Fotograf\u00eda: Universidad Andrews<\/p><\/div>\n<p>Estos son j\u00f3venes que se consideran partidarios de Jes\u00fas pero no de la iglesia. Muchos sienten que no pueden hacer las preguntas m\u00e1s acuciantes en la iglesia. Y la tecnolog\u00eda les da respuestas que parecen tener sentido pero que no necesariamente esconden la verdad. \u201cDicen: \u2018Me perdiste; lo que est\u00e1s diciendo no tiene sentido\u2019\u201d, dijo Martin. \u201cPero si pensamos cambiar el mundo juntos, no podemos darnos el lujo de que otro joven nos diga: \u2018Me perdiste\u2019\u201d.<\/p>\n<p>Parte de la respuesta, a\u00f1adi\u00f3 Martin, es dejar de quejarse de los desaf\u00edos actuales y volverse proactivo para empoderar a los j\u00f3venes \u2014definidos aqu\u00ed como los que han terminado la escuela secundaria pero todav\u00eda no son padres\u2014 y los ministerios dedicados a ministrarles.<\/p>\n<p><strong>Tres sugerencias pr\u00e1cticas<\/strong><\/p>\n<p>Martin comparti\u00f3 tres sugerencias pr\u00e1cticas que \u00e9l cree que pueden disparar una mayor participaci\u00f3n e interacciones con los j\u00f3venes de la Generaci\u00f3n Y.<\/p>\n<p>En primer lugar, dijo, necesitamos di\u00e1logo real. Necesitamos dejar de ignorar los problemas que est\u00e1n a la vista de todos. \u201cTenemos que fomentar las relaciones intergeneracionales con los j\u00f3venes de la Generaci\u00f3n Y, al estar dispuestos a discutir temas de ciencia, sexualidad y otros temas de actualidad en un ambiente que no resulte amenazante\u201d, dijo.<\/p>\n<p>En el intento por lograr esto, el impacto de los miembros de iglesia mucho mayores puede resultar fundamental. \u201cPara los j\u00f3venes, el pastor de j\u00f3venes es un amigo pago, de manera que a veces ni lo tienen en cuenta\u201d, explic\u00f3. \u201cNecesitan personas mayores significativas en su vida, gente que se interese en sus actividades\u201d.<\/p>\n<p>Y un peque\u00f1o y simple acto puede lograr mucho en el intento por llegar a ellos, dijo Martin.<\/p>\n<p>Martin comparti\u00f3 la historia de una joven que, cuando se le pregunt\u00f3 por qu\u00e9 se hab\u00eda quedado y se manten\u00eda activa en la iglesia cuando muchos de sus amigos se hab\u00edan ido, relat\u00f3 su experiencia en una iglesia de Florida. Cada a\u00f1o, dijo, un grupo de ancianas que ven\u00edan desde el norte a pasar el invierno asist\u00eda a su iglesia. Cuando se estaban preparando para regresar a sus hogares al final del invierno, las ancianas descubrieron que la iglesia estaba organizando un concierto de m\u00fasica en el que participar\u00edan los j\u00f3venes, incluida ella misma. \u201cLas ancianas del norte cambiaron sus pasajes de regreso porque dijeron que quer\u00edan apoyar a los j\u00f3venes y presenciar mi participaci\u00f3n\u201d, cont\u00f3 la joven. \u201cDecid\u00ed quedarme en la iglesia gracias a esas ancianas; es gracias a ellas que a\u00fan estoy en la iglesia\u201d.<\/p>\n<div id=\"attachment_40750\" style=\"width: 770px\" class=\"wp-caption aligncenter\"><img decoding=\"async\" aria-describedby=\"caption-attachment-40750\" class=\" wp-image-40750\" src=\"https:\/\/recursing-golick.147-182-135-0.plesk.page\/wp-content\/uploads\/2018\/04\/au-churhc.jpg\" alt=\"\" width=\"760\" height=\"506\" srcset=\"https:\/\/interamerica.org\/wp-content\/uploads\/2018\/04\/au-churhc.jpg 1000w, https:\/\/interamerica.org\/wp-content\/uploads\/2018\/04\/au-churhc-300x200.jpg 300w, https:\/\/interamerica.org\/wp-content\/uploads\/2018\/04\/au-churhc-768x511.jpg 768w\" sizes=\"(max-width: 760px) 100vw, 760px\" \/><p id=\"caption-attachment-40750\" class=\"wp-caption-text\">\u201cEsta es la generaci\u00f3n m\u00e1s numerosa de j\u00f3venes de la historia\u201d, dijo Martin en referencia a la Generaci\u00f3n Y. \u201cEn muchos sentidos, es una generaci\u00f3n como ninguna otra\u201d. Fotograf\u00eda: Universidad Andrews<\/p><\/div>\n<p><strong>Perd\u00f3n, aceptaci\u00f3n y di\u00e1logo<\/strong><\/p>\n<p>Otro elemento a la hora de relacionarse con la Generaci\u00f3n Y es mostrarles perd\u00f3n y aceptaci\u00f3n. Martin dijo que est\u00e1 agradecido de que, en muchos lugares, eso ya est\u00e1 sucediendo. \u201cLos j\u00f3venes de la Generaci\u00f3n Y est\u00e1n en proceso de desarrollo\u201d, dijo. \u201cTenemos que ser pacientes: Mostrar paciencia para cultivar relaciones antes de juzgarlos\u201d.<\/p>\n<p>Trazando un paralelismo con la par\u00e1bola que cont\u00f3 Jes\u00fas del hijo perdido en Lucas 15, dijo que los miembros de m\u00e1s edad deber\u00edan estar dispuestos a hacer la segunda milla para recuperar a los j\u00f3venes que se han distanciado de la iglesia. \u201cEs el anfitri\u00f3n de la fiesta que busca al hijo mayor y lo invita a regresar\u201d, dijo.<\/p>\n<p>Por \u00faltimo, Martin se\u00f1al\u00f3 que los miembros de m\u00e1s edad tienen que crear espacios para compartir historias. \u201cComenzar todas sus interacciones con la frase \u2018Cuando ten\u00eda tu edad\u2026\u201d desconecta a los interlocutores\u201d, dijo. \u201cAlgo que los conecta, por el contrario, es replicar simplemente: \u2018Cu\u00e9ntame m\u00e1s\u2019, y mantenernos abiertos para escucharlos\u201d.<\/p>\n<p>Hablar, sin embargo, no es lo \u00fanico que se puede hacer con los j\u00f3venes. \u201cParticipar de viajes misioneros intergeneracionales, por ejemplo, es un m\u00e9todo probado que ayuda a crear espacios para las interacciones significativas\u201d, dijo Martin.<\/p>\n<p><strong>La oraci\u00f3n personalizada es fundamental<\/strong><\/p>\n<p>Por sobre todas las cosas, y a pesar de lo que dicen las estad\u00edsticas, es fundamental que recordemos que los j\u00f3venes de la Generaci\u00f3n Y no son n\u00fameros sino personas de carne y hueso, dijo Martin. Para practicar lo que predica, invit\u00f3 a todos a pensar y escribir los nombres de tres j\u00f3venes de sus respectivas iglesias y a orar espec\u00edficamente por cada uno de ellos. Comparti\u00f3 entonces la experiencia de cuando, en una presentaci\u00f3n en una de las divisiones de la iglesia mundial, invit\u00f3 a los presentes para que oraran por j\u00f3venes espec\u00edficos de sus iglesias, y una mujer le dijo: \u201cNo puedo recordar un solo nombre de alg\u00fan joven de mi iglesia\u201d.<\/p>\n<p>\u201cEs fundamental que conozcamos a los j\u00f3venes de tal manera que podamos orar por sus necesidades y sue\u00f1os\u201d, concluy\u00f3 Martin. \u201cLa oraci\u00f3n obrar\u00e1 maravillas\u201d.<\/p>\n","protected":false},"excerpt":{"rendered":"<p>April 24, 2018 | Berrien Springs, M\u00edchigan, Estados Unidos | Marcos Paseggi, Adventist Review \u201cPor a\u00f1os, hemos estado diciendo que tenemos un problema con los j\u00f3venes y la iglesia\u201d, dijo&#8230;<\/p>\n","protected":false},"author":3,"featured_media":40743,"comment_status":"open","ping_status":"closed","sticky":false,"template":"","format":"standard","meta":{"_acf_changed":false,"footnotes":""},"categories":[14,15],"tags":[],"class_list":["post-40768","post","type-post","status-publish","format-standard","has-post-thumbnail","hentry","category-de-la-iglesia-mundial","category-rss-espanol"],"acf":[],"yoast_head":"<!-- This site is optimized with the Yoast SEO plugin v27.3 - https:\/\/yoast.com\/product\/yoast-seo-wordpress\/ -->\n<title>\u00bfQu\u00e9 podemos hacer con la Generaci\u00f3n Y? - Iglesia Adventista del S\u00e9ptimo D\u00eda - Divisi\u00f3n Interamericana<\/title>\n<meta name=\"robots\" content=\"index, follow, max-snippet:-1, max-image-preview:large, max-video-preview:-1\" \/>\n<link rel=\"canonical\" href=\"https:\/\/interamerica.org\/es\/2018\/04\/que-podemos-hacer-con-la-generacion-y\/\" \/>\n<meta property=\"og:locale\" content=\"es_ES\" \/>\n<meta property=\"og:type\" content=\"article\" \/>\n<meta property=\"og:title\" content=\"\u00bfQu\u00e9 podemos hacer con la Generaci\u00f3n Y? - Iglesia Adventista del S\u00e9ptimo D\u00eda - Divisi\u00f3n Interamericana\" \/>\n<meta property=\"og:description\" content=\"April 24, 2018 | Berrien Springs, M\u00edchigan, Estados Unidos | Marcos Paseggi, Adventist Review \u201cPor a\u00f1os, hemos estado diciendo que tenemos un problema con los j\u00f3venes y la iglesia\u201d, dijo...\" \/>\n<meta property=\"og:url\" content=\"https:\/\/interamerica.org\/es\/2018\/04\/que-podemos-hacer-con-la-generacion-y\/\" \/>\n<meta property=\"og:site_name\" content=\"Iglesia Adventista del S\u00e9ptimo D\u00eda - Divisi\u00f3n Interamericana\" \/>\n<meta property=\"article:published_time\" content=\"2018-04-25T17:47:21+00:00\" \/>\n<meta property=\"article:modified_time\" content=\"2018-05-02T01:12:39+00:00\" \/>\n<meta property=\"og:image\" content=\"https:\/\/interamerica.org\/wp-content\/uploads\/2018\/04\/what-are-we-to-do-with-millennials1280.jpg\" \/>\n\t<meta property=\"og:image:width\" content=\"1280\" \/>\n\t<meta property=\"og:image:height\" content=\"800\" \/>\n\t<meta property=\"og:image:type\" content=\"image\/jpeg\" \/>\n<meta name=\"author\" content=\"libna\" \/>\n<meta name=\"twitter:card\" content=\"summary_large_image\" \/>\n<meta name=\"twitter:label1\" content=\"Escrito por\" \/>\n\t<meta name=\"twitter:data1\" content=\"libna\" \/>\n\t<meta name=\"twitter:label2\" content=\"Tiempo de lectura\" \/>\n\t<meta name=\"twitter:data2\" content=\"7 minutos\" \/>\n<script type=\"application\/ld+json\" class=\"yoast-schema-graph\">{\"@context\":\"https:\\\/\\\/schema.org\",\"@graph\":[{\"@type\":\"Article\",\"@id\":\"https:\\\/\\\/interamerica.org\\\/es\\\/2018\\\/04\\\/que-podemos-hacer-con-la-generacion-y\\\/#article\",\"isPartOf\":{\"@id\":\"https:\\\/\\\/interamerica.org\\\/es\\\/2018\\\/04\\\/que-podemos-hacer-con-la-generacion-y\\\/\"},\"author\":{\"name\":\"libna\",\"@id\":\"https:\\\/\\\/interamerica.org\\\/es\\\/#\\\/schema\\\/person\\\/29998f2bc2d8bd0d38662909289b54f1\"},\"headline\":\"\u00bfQu\u00e9 podemos hacer con la Generaci\u00f3n Y?\",\"datePublished\":\"2018-04-25T17:47:21+00:00\",\"dateModified\":\"2018-05-02T01:12:39+00:00\",\"mainEntityOfPage\":{\"@id\":\"https:\\\/\\\/interamerica.org\\\/es\\\/2018\\\/04\\\/que-podemos-hacer-con-la-generacion-y\\\/\"},\"wordCount\":1476,\"commentCount\":0,\"image\":{\"@id\":\"https:\\\/\\\/interamerica.org\\\/es\\\/2018\\\/04\\\/que-podemos-hacer-con-la-generacion-y\\\/#primaryimage\"},\"thumbnailUrl\":\"https:\\\/\\\/interamerica.org\\\/wp-content\\\/uploads\\\/2018\\\/04\\\/what-are-we-to-do-with-millennials1280.jpg\",\"articleSection\":[\"Desde la iglesia mundial\",\"RSS Espa\u00f1ol\"],\"inLanguage\":\"es\",\"potentialAction\":[{\"@type\":\"CommentAction\",\"name\":\"Comment\",\"target\":[\"https:\\\/\\\/interamerica.org\\\/es\\\/2018\\\/04\\\/que-podemos-hacer-con-la-generacion-y\\\/#respond\"]}]},{\"@type\":\"WebPage\",\"@id\":\"https:\\\/\\\/interamerica.org\\\/es\\\/2018\\\/04\\\/que-podemos-hacer-con-la-generacion-y\\\/\",\"url\":\"https:\\\/\\\/interamerica.org\\\/es\\\/2018\\\/04\\\/que-podemos-hacer-con-la-generacion-y\\\/\",\"name\":\"\u00bfQu\u00e9 podemos hacer con la Generaci\u00f3n Y? - Iglesia Adventista del S\u00e9ptimo D\u00eda - Divisi\u00f3n Interamericana\",\"isPartOf\":{\"@id\":\"https:\\\/\\\/interamerica.org\\\/es\\\/#website\"},\"primaryImageOfPage\":{\"@id\":\"https:\\\/\\\/interamerica.org\\\/es\\\/2018\\\/04\\\/que-podemos-hacer-con-la-generacion-y\\\/#primaryimage\"},\"image\":{\"@id\":\"https:\\\/\\\/interamerica.org\\\/es\\\/2018\\\/04\\\/que-podemos-hacer-con-la-generacion-y\\\/#primaryimage\"},\"thumbnailUrl\":\"https:\\\/\\\/interamerica.org\\\/wp-content\\\/uploads\\\/2018\\\/04\\\/what-are-we-to-do-with-millennials1280.jpg\",\"datePublished\":\"2018-04-25T17:47:21+00:00\",\"dateModified\":\"2018-05-02T01:12:39+00:00\",\"author\":{\"@id\":\"https:\\\/\\\/interamerica.org\\\/es\\\/#\\\/schema\\\/person\\\/29998f2bc2d8bd0d38662909289b54f1\"},\"breadcrumb\":{\"@id\":\"https:\\\/\\\/interamerica.org\\\/es\\\/2018\\\/04\\\/que-podemos-hacer-con-la-generacion-y\\\/#breadcrumb\"},\"inLanguage\":\"es\",\"potentialAction\":[{\"@type\":\"ReadAction\",\"target\":[\"https:\\\/\\\/interamerica.org\\\/es\\\/2018\\\/04\\\/que-podemos-hacer-con-la-generacion-y\\\/\"]}]},{\"@type\":\"ImageObject\",\"inLanguage\":\"es\",\"@id\":\"https:\\\/\\\/interamerica.org\\\/es\\\/2018\\\/04\\\/que-podemos-hacer-con-la-generacion-y\\\/#primaryimage\",\"url\":\"https:\\\/\\\/interamerica.org\\\/wp-content\\\/uploads\\\/2018\\\/04\\\/what-are-we-to-do-with-millennials1280.jpg\",\"contentUrl\":\"https:\\\/\\\/interamerica.org\\\/wp-content\\\/uploads\\\/2018\\\/04\\\/what-are-we-to-do-with-millennials1280.jpg\",\"width\":1280,\"height\":800,\"caption\":\"Working with Millennials implies learning how to relate to people who think nothing is an absolute in their lives, said Adventist Church Global Mission Centers director Homer Trecartin, on the opening session of the Reaching Millennial Generations event at Andrews University. Photo: Andrews University\"},{\"@type\":\"BreadcrumbList\",\"@id\":\"https:\\\/\\\/interamerica.org\\\/es\\\/2018\\\/04\\\/que-podemos-hacer-con-la-generacion-y\\\/#breadcrumb\",\"itemListElement\":[{\"@type\":\"ListItem\",\"position\":1,\"name\":\"Home\",\"item\":\"https:\\\/\\\/interamerica.org\\\/es\\\/\"},{\"@type\":\"ListItem\",\"position\":2,\"name\":\"\u00bfQu\u00e9 podemos hacer con la Generaci\u00f3n Y?\"}]},{\"@type\":\"WebSite\",\"@id\":\"https:\\\/\\\/interamerica.org\\\/es\\\/#website\",\"url\":\"https:\\\/\\\/interamerica.org\\\/es\\\/\",\"name\":\"Iglesia Adventista del S\u00e9ptimo D\u00eda - Divisi\u00f3n Interamericana\",\"description\":\"\",\"potentialAction\":[{\"@type\":\"SearchAction\",\"target\":{\"@type\":\"EntryPoint\",\"urlTemplate\":\"https:\\\/\\\/interamerica.org\\\/es\\\/?s={search_term_string}\"},\"query-input\":{\"@type\":\"PropertyValueSpecification\",\"valueRequired\":true,\"valueName\":\"search_term_string\"}}],\"inLanguage\":\"es\"},{\"@type\":\"Person\",\"@id\":\"https:\\\/\\\/interamerica.org\\\/es\\\/#\\\/schema\\\/person\\\/29998f2bc2d8bd0d38662909289b54f1\",\"name\":\"libna\",\"image\":{\"@type\":\"ImageObject\",\"inLanguage\":\"es\",\"@id\":\"https:\\\/\\\/secure.gravatar.com\\\/avatar\\\/7c5bd30ae4b47a9ba3c856590957fd1d96dc588bf3ac05719d247e126840331f?s=96&d=mm&r=g\",\"url\":\"https:\\\/\\\/secure.gravatar.com\\\/avatar\\\/7c5bd30ae4b47a9ba3c856590957fd1d96dc588bf3ac05719d247e126840331f?s=96&d=mm&r=g\",\"contentUrl\":\"https:\\\/\\\/secure.gravatar.com\\\/avatar\\\/7c5bd30ae4b47a9ba3c856590957fd1d96dc588bf3ac05719d247e126840331f?s=96&d=mm&r=g\",\"caption\":\"libna\"}}]}<\/script>\n<!-- \/ Yoast SEO plugin. -->","yoast_head_json":{"title":"\u00bfQu\u00e9 podemos hacer con la Generaci\u00f3n Y? - Iglesia Adventista del S\u00e9ptimo D\u00eda - Divisi\u00f3n Interamericana","robots":{"index":"index","follow":"follow","max-snippet":"max-snippet:-1","max-image-preview":"max-image-preview:large","max-video-preview":"max-video-preview:-1"},"canonical":"https:\/\/interamerica.org\/es\/2018\/04\/que-podemos-hacer-con-la-generacion-y\/","og_locale":"es_ES","og_type":"article","og_title":"\u00bfQu\u00e9 podemos hacer con la Generaci\u00f3n Y? - Iglesia Adventista del S\u00e9ptimo D\u00eda - Divisi\u00f3n Interamericana","og_description":"April 24, 2018 | Berrien Springs, M\u00edchigan, Estados Unidos | Marcos Paseggi, Adventist Review \u201cPor a\u00f1os, hemos estado diciendo que tenemos un problema con los j\u00f3venes y la iglesia\u201d, dijo...","og_url":"https:\/\/interamerica.org\/es\/2018\/04\/que-podemos-hacer-con-la-generacion-y\/","og_site_name":"Iglesia Adventista del S\u00e9ptimo D\u00eda - Divisi\u00f3n Interamericana","article_published_time":"2018-04-25T17:47:21+00:00","article_modified_time":"2018-05-02T01:12:39+00:00","og_image":[{"width":1280,"height":800,"url":"https:\/\/interamerica.org\/wp-content\/uploads\/2018\/04\/what-are-we-to-do-with-millennials1280.jpg","type":"image\/jpeg"}],"author":"libna","twitter_card":"summary_large_image","twitter_misc":{"Escrito por":"libna","Tiempo de lectura":"7 minutos"},"schema":{"@context":"https:\/\/schema.org","@graph":[{"@type":"Article","@id":"https:\/\/interamerica.org\/es\/2018\/04\/que-podemos-hacer-con-la-generacion-y\/#article","isPartOf":{"@id":"https:\/\/interamerica.org\/es\/2018\/04\/que-podemos-hacer-con-la-generacion-y\/"},"author":{"name":"libna","@id":"https:\/\/interamerica.org\/es\/#\/schema\/person\/29998f2bc2d8bd0d38662909289b54f1"},"headline":"\u00bfQu\u00e9 podemos hacer con la Generaci\u00f3n Y?","datePublished":"2018-04-25T17:47:21+00:00","dateModified":"2018-05-02T01:12:39+00:00","mainEntityOfPage":{"@id":"https:\/\/interamerica.org\/es\/2018\/04\/que-podemos-hacer-con-la-generacion-y\/"},"wordCount":1476,"commentCount":0,"image":{"@id":"https:\/\/interamerica.org\/es\/2018\/04\/que-podemos-hacer-con-la-generacion-y\/#primaryimage"},"thumbnailUrl":"https:\/\/interamerica.org\/wp-content\/uploads\/2018\/04\/what-are-we-to-do-with-millennials1280.jpg","articleSection":["Desde la iglesia mundial","RSS Espa\u00f1ol"],"inLanguage":"es","potentialAction":[{"@type":"CommentAction","name":"Comment","target":["https:\/\/interamerica.org\/es\/2018\/04\/que-podemos-hacer-con-la-generacion-y\/#respond"]}]},{"@type":"WebPage","@id":"https:\/\/interamerica.org\/es\/2018\/04\/que-podemos-hacer-con-la-generacion-y\/","url":"https:\/\/interamerica.org\/es\/2018\/04\/que-podemos-hacer-con-la-generacion-y\/","name":"\u00bfQu\u00e9 podemos hacer con la Generaci\u00f3n Y? - Iglesia Adventista del S\u00e9ptimo D\u00eda - Divisi\u00f3n Interamericana","isPartOf":{"@id":"https:\/\/interamerica.org\/es\/#website"},"primaryImageOfPage":{"@id":"https:\/\/interamerica.org\/es\/2018\/04\/que-podemos-hacer-con-la-generacion-y\/#primaryimage"},"image":{"@id":"https:\/\/interamerica.org\/es\/2018\/04\/que-podemos-hacer-con-la-generacion-y\/#primaryimage"},"thumbnailUrl":"https:\/\/interamerica.org\/wp-content\/uploads\/2018\/04\/what-are-we-to-do-with-millennials1280.jpg","datePublished":"2018-04-25T17:47:21+00:00","dateModified":"2018-05-02T01:12:39+00:00","author":{"@id":"https:\/\/interamerica.org\/es\/#\/schema\/person\/29998f2bc2d8bd0d38662909289b54f1"},"breadcrumb":{"@id":"https:\/\/interamerica.org\/es\/2018\/04\/que-podemos-hacer-con-la-generacion-y\/#breadcrumb"},"inLanguage":"es","potentialAction":[{"@type":"ReadAction","target":["https:\/\/interamerica.org\/es\/2018\/04\/que-podemos-hacer-con-la-generacion-y\/"]}]},{"@type":"ImageObject","inLanguage":"es","@id":"https:\/\/interamerica.org\/es\/2018\/04\/que-podemos-hacer-con-la-generacion-y\/#primaryimage","url":"https:\/\/interamerica.org\/wp-content\/uploads\/2018\/04\/what-are-we-to-do-with-millennials1280.jpg","contentUrl":"https:\/\/interamerica.org\/wp-content\/uploads\/2018\/04\/what-are-we-to-do-with-millennials1280.jpg","width":1280,"height":800,"caption":"Working with Millennials implies learning how to relate to people who think nothing is an absolute in their lives, said Adventist Church Global Mission Centers director Homer Trecartin, on the opening session of the Reaching Millennial Generations event at Andrews University. Photo: Andrews University"},{"@type":"BreadcrumbList","@id":"https:\/\/interamerica.org\/es\/2018\/04\/que-podemos-hacer-con-la-generacion-y\/#breadcrumb","itemListElement":[{"@type":"ListItem","position":1,"name":"Home","item":"https:\/\/interamerica.org\/es\/"},{"@type":"ListItem","position":2,"name":"\u00bfQu\u00e9 podemos hacer con la Generaci\u00f3n Y?"}]},{"@type":"WebSite","@id":"https:\/\/interamerica.org\/es\/#website","url":"https:\/\/interamerica.org\/es\/","name":"Iglesia Adventista del S\u00e9ptimo D\u00eda - Divisi\u00f3n Interamericana","description":"","potentialAction":[{"@type":"SearchAction","target":{"@type":"EntryPoint","urlTemplate":"https:\/\/interamerica.org\/es\/?s={search_term_string}"},"query-input":{"@type":"PropertyValueSpecification","valueRequired":true,"valueName":"search_term_string"}}],"inLanguage":"es"},{"@type":"Person","@id":"https:\/\/interamerica.org\/es\/#\/schema\/person\/29998f2bc2d8bd0d38662909289b54f1","name":"libna","image":{"@type":"ImageObject","inLanguage":"es","@id":"https:\/\/secure.gravatar.com\/avatar\/7c5bd30ae4b47a9ba3c856590957fd1d96dc588bf3ac05719d247e126840331f?s=96&d=mm&r=g","url":"https:\/\/secure.gravatar.com\/avatar\/7c5bd30ae4b47a9ba3c856590957fd1d96dc588bf3ac05719d247e126840331f?s=96&d=mm&r=g","contentUrl":"https:\/\/secure.gravatar.com\/avatar\/7c5bd30ae4b47a9ba3c856590957fd1d96dc588bf3ac05719d247e126840331f?s=96&d=mm&r=g","caption":"libna"}}]}},"_links":{"self":[{"href":"https:\/\/interamerica.org\/es\/wp-json\/wp\/v2\/posts\/40768","targetHints":{"allow":["GET"]}}],"collection":[{"href":"https:\/\/interamerica.org\/es\/wp-json\/wp\/v2\/posts"}],"about":[{"href":"https:\/\/interamerica.org\/es\/wp-json\/wp\/v2\/types\/post"}],"author":[{"embeddable":true,"href":"https:\/\/interamerica.org\/es\/wp-json\/wp\/v2\/users\/3"}],"replies":[{"embeddable":true,"href":"https:\/\/interamerica.org\/es\/wp-json\/wp\/v2\/comments?post=40768"}],"version-history":[{"count":0,"href":"https:\/\/interamerica.org\/es\/wp-json\/wp\/v2\/posts\/40768\/revisions"}],"wp:featuredmedia":[{"embeddable":true,"href":"https:\/\/interamerica.org\/es\/wp-json\/wp\/v2\/media\/40743"}],"wp:attachment":[{"href":"https:\/\/interamerica.org\/es\/wp-json\/wp\/v2\/media?parent=40768"}],"wp:term":[{"taxonomy":"category","embeddable":true,"href":"https:\/\/interamerica.org\/es\/wp-json\/wp\/v2\/categories?post=40768"},{"taxonomy":"post_tag","embeddable":true,"href":"https:\/\/interamerica.org\/es\/wp-json\/wp\/v2\/tags?post=40768"}],"curies":[{"name":"wp","href":"https:\/\/api.w.org\/{rel}","templated":true}]}}