{"id":40810,"date":"2018-04-27T08:12:58","date_gmt":"2018-04-27T12:12:58","guid":{"rendered":"https:\/\/recursing-golick.147-182-135-0.plesk.page\/?p=40810"},"modified":"2018-05-01T17:22:59","modified_gmt":"2018-05-01T21:22:59","slug":"gobierno-de-paraguay-pide-ayuda-a-los-conquistadores-adventistas-para-la-integracion-social","status":"publish","type":"post","link":"https:\/\/interamerica.org\/es\/2018\/04\/gobierno-de-paraguay-pide-ayuda-a-los-conquistadores-adventistas-para-la-integracion-social\/","title":{"rendered":"Gobierno de Paraguay pide ayuda a los Conquistadores adventistas para la integraci\u00f3n social"},"content":{"rendered":"<div id=\"attachment_40796\" style=\"width: 772px\" class=\"wp-caption aligncenter\"><img fetchpriority=\"high\" decoding=\"async\" aria-describedby=\"caption-attachment-40796\" class=\" wp-image-40796\" src=\"https:\/\/recursing-golick.147-182-135-0.plesk.page\/wp-content\/uploads\/2018\/04\/paraguay-government-enlists-adventist-pathfinders-for-social-integration.jpg\" alt=\"\" width=\"762\" height=\"381\" srcset=\"https:\/\/interamerica.org\/wp-content\/uploads\/2018\/04\/paraguay-government-enlists-adventist-pathfinders-for-social-integration.jpg 1000w, https:\/\/interamerica.org\/wp-content\/uploads\/2018\/04\/paraguay-government-enlists-adventist-pathfinders-for-social-integration-300x150.jpg 300w, https:\/\/interamerica.org\/wp-content\/uploads\/2018\/04\/paraguay-government-enlists-adventist-pathfinders-for-social-integration-768x384.jpg 768w\" sizes=\"(max-width: 762px) 100vw, 762px\" \/><p id=\"caption-attachment-40796\" class=\"wp-caption-text\">Una integrante de uno de los Clubes de Conquistadores de Asunci\u00f3n registra a un nuevo miembro. El Club de Conquistadores de San Francisco fue inaugurado el 15 de febrero de 2018 con cincuenta miembros. Fotograf\u00eda de Virgilio Noguera y David Dapozzo, Noticias de la Divisi\u00f3n Sudamericana<\/p><\/div>\n<p><span class=\"byline-news\">26 de abril de 2018 | Zevallos Cu\u00e9, Paraguay | Raquel Castillo, Noticias de la Divisi\u00f3n Sudamericana y Marcos Paseggi, <em>Adventist Review<\/em><\/span><\/p>\n<p>Durante a\u00f1os, el gobierno de la naci\u00f3n sudamericana de Paraguay ten\u00eda un problema. En las tierras bajas junto al r\u00edo Paraguay que rodean a Asunci\u00f3n, la capital del pa\u00eds, viv\u00edan unas mil familias que soportaban inundaciones estacionales. Como las inundaciones estaban empeorando a\u00f1o a a\u00f1o, el gobierno se asoci\u00f3 con otras organizaciones humanitarias para trasladarlos a terrenos m\u00e1s elevados. En Zevallos Cu\u00e9, la zona destinada al proyecto de vivienda, ya viv\u00edan decenas de familias en condiciones sumamente precarias. La iniciativa del gobierno y sus socios result\u00f3 en San Francisco, un barrio con apartamentos nuevos para ambos grupos de personas.<\/p>\n<p>A pesar de ello, una vez que los residentes se trasladaron a sus nuevas viviendas, el gobierno descubri\u00f3 que har\u00eda falta m\u00e1s que nuevos apartamentos para integrar a los nuevos vecinos. En una segunda etapa de reorganizaci\u00f3n comunitaria, se invit\u00f3 a los Clubes de Conquistadores de la Iglesia Adventista de la zona para que ayudaran a cultivar v\u00ednculos m\u00e1s s\u00f3lidos y a fomentar las buenas costumbres e interacciones positivas entre los nuevos residentes.<\/p>\n<div id=\"attachment_40803\" style=\"width: 772px\" class=\"wp-caption aligncenter\"><img decoding=\"async\" aria-describedby=\"caption-attachment-40803\" class=\" wp-image-40803\" src=\"https:\/\/recursing-golick.147-182-135-0.plesk.page\/wp-content\/uploads\/2018\/04\/conquisporundiapy-1.jpeg\" alt=\"\" width=\"762\" height=\"427\" srcset=\"https:\/\/interamerica.org\/wp-content\/uploads\/2018\/04\/conquisporundiapy-1.jpeg 1000w, https:\/\/interamerica.org\/wp-content\/uploads\/2018\/04\/conquisporundiapy-1-300x168.jpeg 300w, https:\/\/interamerica.org\/wp-content\/uploads\/2018\/04\/conquisporundiapy-1-768x430.jpeg 768w\" sizes=\"(max-width: 762px) 100vw, 762px\" \/><p id=\"caption-attachment-40803\" class=\"wp-caption-text\">Varios Clubes de Conquistadores locales armaron una feria para mostrar las destrezas aprendidas a los j\u00f3venes del barrio San Francisco, en Asunci\u00f3n, Paraguay. Fotograf\u00eda de Virgilio Noguera y David Dapozzo, Noticias de la Divisi\u00f3n Sudamericana<\/p><\/div>\n<p>\u201cConoc\u00edamos a los Clubes de Conquistadores porque tenemos un convenio de cooperaci\u00f3n con ADRA [la Agencia Adventista de Desarrolo y Recursos Asistenciales] de Paraguay\u201d, dijo Soledad Rojas, Coordinadora de Vida Comunitaria de de Habitat for Humanity International (HFHI), una organizaci\u00f3n no gubernamental y sin fines de lucro que trabaj\u00f3 con el gobierno en el proyecto del barrio San Francisco. \u201cAlgunos de los directivos [de ADRA] participaron del proyecto de viviendas sociales, algo que nos permiti\u00f3 comprender mejor los objetivos de los Clubes de Conquistadores\u201d.<\/p>\n<p>Rojas cont\u00f3 que los objetivos de esta organizaci\u00f3n de la Iglesia Adventista, que trabaja con la educaci\u00f3n cultural, social y religiosa de los ni\u00f1os y adolescentes desde los 10 a\u00f1os, parecieron encajar perfectamente con las necesidades del vecindario.<\/p>\n<p>\u201cTrabajar con valores, disciplina, respeto por el medio ambiente, aseo personal y respuestas asertivas a las adicciones es lo que estos j\u00f3venes necesitan\u201d, dijo. \u201cMuchos de ellos jam\u00e1s pudieron adquirir estas destrezas, pero ahora tienen una nueva oportunidad\u201d.<\/p>\n<div id=\"attachment_40806\" style=\"width: 768px\" class=\"wp-caption aligncenter\"><img decoding=\"async\" aria-describedby=\"caption-attachment-40806\" class=\" wp-image-40806\" src=\"https:\/\/recursing-golick.147-182-135-0.plesk.page\/wp-content\/uploads\/2018\/04\/conquisporundiapy-8.jpeg\" alt=\"\" width=\"758\" height=\"505\" srcset=\"https:\/\/interamerica.org\/wp-content\/uploads\/2018\/04\/conquisporundiapy-8.jpeg 1000w, https:\/\/interamerica.org\/wp-content\/uploads\/2018\/04\/conquisporundiapy-8-300x200.jpeg 300w, https:\/\/interamerica.org\/wp-content\/uploads\/2018\/04\/conquisporundiapy-8-768x511.jpeg 768w\" sizes=\"(max-width: 758px) 100vw, 758px\" \/><p id=\"caption-attachment-40806\" class=\"wp-caption-text\">Heberson Licar, director de los Conquistadores del Paraguay ense\u00f1a a un miembro nuevo los principios b\u00e1sicos de los nudos y amarres. Fotograf\u00eda: Virgilio Noguera y David Dapozzo, Noticias de la Divisi\u00f3n Sudamericana<\/p><\/div>\n<p>A partir de comienzos de abril, varios Clubes de Conquistadores se turnaron para ofrecer actividades en el vecindario. El domingo 15 de abril de 2018, mediante un programa denominado \u201cConquistador por un d\u00eda\u201d, 130 Conquistadores del centro de Asunci\u00f3n armaron una feria en el vecindario. En ella, mostraron sus destrezas en varias \u00e1reas de entrenamiento. El 15 de abril tambi\u00e9n marc\u00f3 la inauguraci\u00f3n oficial del Club de Conquistadores de San Francisco, con cincuenta miembros j\u00f3venes del barrio.<\/p>\n<p>Habitat for Humanity cree que los Conquistadores pueden efectuar una destacada contribuci\u00f3n para crear espacios que fomenten la resiliencia y la coexistencia en paz. \u201cEs algo fundamental para las familias que quieran adaptarse al nuevo ambiente\u201d, dijo Rojas. \u201cY es fundamental para la inclusi\u00f3n social de los adolescentes y sus familias\u201d.<\/p>\n<p>Los funcionarios del gobierno tambi\u00e9n destacan la importancia de la inclusi\u00f3n social y las opciones de crecimiento y desarrollo personal. Es la raz\u00f3n por la que creen que los Clubes de Conquistadores encajan naturalmente con las necesidades del lugar.<\/p>\n<p>\u201cPedimos la ayuda de los Clubes de Conquistadores para que colaboren con esta tarea, y nos sentimos felices de que la Iglesia Adventista haya abierto sus puertas y est\u00e9 dispuesta a apoyar esta iniciativa\u201d, dijeron. \u201cDe todo coraz\u00f3n, muchas gracias por traer un Club de Conquistadores a este neighborhood.\u201d<\/p>\n","protected":false},"excerpt":{"rendered":"<p>26 de abril de 2018 | Zevallos Cu\u00e9, Paraguay | Raquel Castillo, Noticias de la Divisi\u00f3n Sudamericana y Marcos Paseggi, Adventist Review Durante a\u00f1os, el gobierno de la naci\u00f3n sudamericana&#8230;<\/p>\n","protected":false},"author":3,"featured_media":40798,"comment_status":"open","ping_status":"closed","sticky":false,"template":"","format":"standard","meta":{"_acf_changed":false,"footnotes":""},"categories":[14,15],"tags":[],"class_list":["post-40810","post","type-post","status-publish","format-standard","has-post-thumbnail","hentry","category-de-la-iglesia-mundial","category-rss-espanol"],"acf":[],"yoast_head":"<!-- This site is optimized with the Yoast SEO plugin v27.3 - https:\/\/yoast.com\/product\/yoast-seo-wordpress\/ -->\n<title>Gobierno de Paraguay pide ayuda a los Conquistadores adventistas para la integraci\u00f3n social - Iglesia Adventista del S\u00e9ptimo D\u00eda - Divisi\u00f3n Interamericana<\/title>\n<meta name=\"robots\" content=\"index, follow, max-snippet:-1, max-image-preview:large, max-video-preview:-1\" \/>\n<link rel=\"canonical\" href=\"https:\/\/interamerica.org\/es\/2018\/04\/gobierno-de-paraguay-pide-ayuda-a-los-conquistadores-adventistas-para-la-integracion-social\/\" \/>\n<meta property=\"og:locale\" content=\"es_ES\" \/>\n<meta property=\"og:type\" content=\"article\" \/>\n<meta property=\"og:title\" content=\"Gobierno de Paraguay pide ayuda a los Conquistadores adventistas para la integraci\u00f3n social - Iglesia Adventista del S\u00e9ptimo D\u00eda - Divisi\u00f3n Interamericana\" \/>\n<meta property=\"og:description\" content=\"26 de abril de 2018 | Zevallos Cu\u00e9, Paraguay | Raquel Castillo, Noticias de la Divisi\u00f3n Sudamericana y Marcos Paseggi, Adventist Review Durante a\u00f1os, el gobierno de la naci\u00f3n sudamericana...\" \/>\n<meta property=\"og:url\" content=\"https:\/\/interamerica.org\/es\/2018\/04\/gobierno-de-paraguay-pide-ayuda-a-los-conquistadores-adventistas-para-la-integracion-social\/\" \/>\n<meta property=\"og:site_name\" content=\"Iglesia Adventista del S\u00e9ptimo D\u00eda - Divisi\u00f3n Interamericana\" \/>\n<meta property=\"article:published_time\" content=\"2018-04-27T12:12:58+00:00\" \/>\n<meta property=\"article:modified_time\" content=\"2018-05-01T21:22:59+00:00\" \/>\n<meta property=\"og:image\" content=\"https:\/\/interamerica.org\/wp-content\/uploads\/2018\/04\/paraguay-government-enlists-adventist-pathfinders-for-social-integration.jpg\" \/>\n\t<meta property=\"og:image:width\" content=\"1000\" \/>\n\t<meta property=\"og:image:height\" content=\"500\" \/>\n\t<meta property=\"og:image:type\" content=\"image\/jpeg\" \/>\n<meta name=\"author\" content=\"libna\" \/>\n<meta name=\"twitter:card\" content=\"summary_large_image\" \/>\n<meta name=\"twitter:label1\" content=\"Escrito por\" \/>\n\t<meta name=\"twitter:data1\" content=\"libna\" \/>\n\t<meta name=\"twitter:label2\" content=\"Tiempo de lectura\" \/>\n\t<meta name=\"twitter:data2\" content=\"4 minutos\" \/>\n<script type=\"application\/ld+json\" class=\"yoast-schema-graph\">{\"@context\":\"https:\\\/\\\/schema.org\",\"@graph\":[{\"@type\":\"Article\",\"@id\":\"https:\\\/\\\/interamerica.org\\\/es\\\/2018\\\/04\\\/gobierno-de-paraguay-pide-ayuda-a-los-conquistadores-adventistas-para-la-integracion-social\\\/#article\",\"isPartOf\":{\"@id\":\"https:\\\/\\\/interamerica.org\\\/es\\\/2018\\\/04\\\/gobierno-de-paraguay-pide-ayuda-a-los-conquistadores-adventistas-para-la-integracion-social\\\/\"},\"author\":{\"name\":\"libna\",\"@id\":\"https:\\\/\\\/interamerica.org\\\/es\\\/#\\\/schema\\\/person\\\/29998f2bc2d8bd0d38662909289b54f1\"},\"headline\":\"Gobierno de Paraguay pide ayuda a los Conquistadores adventistas para la integraci\u00f3n social\",\"datePublished\":\"2018-04-27T12:12:58+00:00\",\"dateModified\":\"2018-05-01T21:22:59+00:00\",\"mainEntityOfPage\":{\"@id\":\"https:\\\/\\\/interamerica.org\\\/es\\\/2018\\\/04\\\/gobierno-de-paraguay-pide-ayuda-a-los-conquistadores-adventistas-para-la-integracion-social\\\/\"},\"wordCount\":756,\"commentCount\":0,\"image\":{\"@id\":\"https:\\\/\\\/interamerica.org\\\/es\\\/2018\\\/04\\\/gobierno-de-paraguay-pide-ayuda-a-los-conquistadores-adventistas-para-la-integracion-social\\\/#primaryimage\"},\"thumbnailUrl\":\"https:\\\/\\\/interamerica.org\\\/wp-content\\\/uploads\\\/2018\\\/04\\\/paraguay-government-enlists-adventist-pathfinders-for-social-integration.jpg\",\"articleSection\":[\"Desde la iglesia mundial\",\"RSS Espa\u00f1ol\"],\"inLanguage\":\"es\",\"potentialAction\":[{\"@type\":\"CommentAction\",\"name\":\"Comment\",\"target\":[\"https:\\\/\\\/interamerica.org\\\/es\\\/2018\\\/04\\\/gobierno-de-paraguay-pide-ayuda-a-los-conquistadores-adventistas-para-la-integracion-social\\\/#respond\"]}]},{\"@type\":\"WebPage\",\"@id\":\"https:\\\/\\\/interamerica.org\\\/es\\\/2018\\\/04\\\/gobierno-de-paraguay-pide-ayuda-a-los-conquistadores-adventistas-para-la-integracion-social\\\/\",\"url\":\"https:\\\/\\\/interamerica.org\\\/es\\\/2018\\\/04\\\/gobierno-de-paraguay-pide-ayuda-a-los-conquistadores-adventistas-para-la-integracion-social\\\/\",\"name\":\"Gobierno de Paraguay pide ayuda a los Conquistadores adventistas para la integraci\u00f3n social - Iglesia Adventista del S\u00e9ptimo D\u00eda - Divisi\u00f3n Interamericana\",\"isPartOf\":{\"@id\":\"https:\\\/\\\/interamerica.org\\\/es\\\/#website\"},\"primaryImageOfPage\":{\"@id\":\"https:\\\/\\\/interamerica.org\\\/es\\\/2018\\\/04\\\/gobierno-de-paraguay-pide-ayuda-a-los-conquistadores-adventistas-para-la-integracion-social\\\/#primaryimage\"},\"image\":{\"@id\":\"https:\\\/\\\/interamerica.org\\\/es\\\/2018\\\/04\\\/gobierno-de-paraguay-pide-ayuda-a-los-conquistadores-adventistas-para-la-integracion-social\\\/#primaryimage\"},\"thumbnailUrl\":\"https:\\\/\\\/interamerica.org\\\/wp-content\\\/uploads\\\/2018\\\/04\\\/paraguay-government-enlists-adventist-pathfinders-for-social-integration.jpg\",\"datePublished\":\"2018-04-27T12:12:58+00:00\",\"dateModified\":\"2018-05-01T21:22:59+00:00\",\"author\":{\"@id\":\"https:\\\/\\\/interamerica.org\\\/es\\\/#\\\/schema\\\/person\\\/29998f2bc2d8bd0d38662909289b54f1\"},\"breadcrumb\":{\"@id\":\"https:\\\/\\\/interamerica.org\\\/es\\\/2018\\\/04\\\/gobierno-de-paraguay-pide-ayuda-a-los-conquistadores-adventistas-para-la-integracion-social\\\/#breadcrumb\"},\"inLanguage\":\"es\",\"potentialAction\":[{\"@type\":\"ReadAction\",\"target\":[\"https:\\\/\\\/interamerica.org\\\/es\\\/2018\\\/04\\\/gobierno-de-paraguay-pide-ayuda-a-los-conquistadores-adventistas-para-la-integracion-social\\\/\"]}]},{\"@type\":\"ImageObject\",\"inLanguage\":\"es\",\"@id\":\"https:\\\/\\\/interamerica.org\\\/es\\\/2018\\\/04\\\/gobierno-de-paraguay-pide-ayuda-a-los-conquistadores-adventistas-para-la-integracion-social\\\/#primaryimage\",\"url\":\"https:\\\/\\\/interamerica.org\\\/wp-content\\\/uploads\\\/2018\\\/04\\\/paraguay-government-enlists-adventist-pathfinders-for-social-integration.jpg\",\"contentUrl\":\"https:\\\/\\\/interamerica.org\\\/wp-content\\\/uploads\\\/2018\\\/04\\\/paraguay-government-enlists-adventist-pathfinders-for-social-integration.jpg\",\"width\":1000,\"height\":500,\"caption\":\"A member of one of Asunci\u00f3n's Pathfinders clubs enrolls a new young member. The San Francisco Pathfinder Club opened on April 15, 2018, with 50 members. Photo by Virgilio Noguera & David Dapozzo, South American Division News\"},{\"@type\":\"BreadcrumbList\",\"@id\":\"https:\\\/\\\/interamerica.org\\\/es\\\/2018\\\/04\\\/gobierno-de-paraguay-pide-ayuda-a-los-conquistadores-adventistas-para-la-integracion-social\\\/#breadcrumb\",\"itemListElement\":[{\"@type\":\"ListItem\",\"position\":1,\"name\":\"Home\",\"item\":\"https:\\\/\\\/interamerica.org\\\/es\\\/\"},{\"@type\":\"ListItem\",\"position\":2,\"name\":\"Gobierno de Paraguay pide ayuda a los Conquistadores adventistas para la integraci\u00f3n social\"}]},{\"@type\":\"WebSite\",\"@id\":\"https:\\\/\\\/interamerica.org\\\/es\\\/#website\",\"url\":\"https:\\\/\\\/interamerica.org\\\/es\\\/\",\"name\":\"Iglesia Adventista del S\u00e9ptimo D\u00eda - Divisi\u00f3n Interamericana\",\"description\":\"\",\"potentialAction\":[{\"@type\":\"SearchAction\",\"target\":{\"@type\":\"EntryPoint\",\"urlTemplate\":\"https:\\\/\\\/interamerica.org\\\/es\\\/?s={search_term_string}\"},\"query-input\":{\"@type\":\"PropertyValueSpecification\",\"valueRequired\":true,\"valueName\":\"search_term_string\"}}],\"inLanguage\":\"es\"},{\"@type\":\"Person\",\"@id\":\"https:\\\/\\\/interamerica.org\\\/es\\\/#\\\/schema\\\/person\\\/29998f2bc2d8bd0d38662909289b54f1\",\"name\":\"libna\",\"image\":{\"@type\":\"ImageObject\",\"inLanguage\":\"es\",\"@id\":\"https:\\\/\\\/secure.gravatar.com\\\/avatar\\\/7c5bd30ae4b47a9ba3c856590957fd1d96dc588bf3ac05719d247e126840331f?s=96&d=mm&r=g\",\"url\":\"https:\\\/\\\/secure.gravatar.com\\\/avatar\\\/7c5bd30ae4b47a9ba3c856590957fd1d96dc588bf3ac05719d247e126840331f?s=96&d=mm&r=g\",\"contentUrl\":\"https:\\\/\\\/secure.gravatar.com\\\/avatar\\\/7c5bd30ae4b47a9ba3c856590957fd1d96dc588bf3ac05719d247e126840331f?s=96&d=mm&r=g\",\"caption\":\"libna\"}}]}<\/script>\n<!-- \/ Yoast SEO plugin. -->","yoast_head_json":{"title":"Gobierno de Paraguay pide ayuda a los Conquistadores adventistas para la integraci\u00f3n social - Iglesia Adventista del S\u00e9ptimo D\u00eda - Divisi\u00f3n Interamericana","robots":{"index":"index","follow":"follow","max-snippet":"max-snippet:-1","max-image-preview":"max-image-preview:large","max-video-preview":"max-video-preview:-1"},"canonical":"https:\/\/interamerica.org\/es\/2018\/04\/gobierno-de-paraguay-pide-ayuda-a-los-conquistadores-adventistas-para-la-integracion-social\/","og_locale":"es_ES","og_type":"article","og_title":"Gobierno de Paraguay pide ayuda a los Conquistadores adventistas para la integraci\u00f3n social - Iglesia Adventista del S\u00e9ptimo D\u00eda - Divisi\u00f3n Interamericana","og_description":"26 de abril de 2018 | Zevallos Cu\u00e9, Paraguay | Raquel Castillo, Noticias de la Divisi\u00f3n Sudamericana y Marcos Paseggi, Adventist Review Durante a\u00f1os, el gobierno de la naci\u00f3n sudamericana...","og_url":"https:\/\/interamerica.org\/es\/2018\/04\/gobierno-de-paraguay-pide-ayuda-a-los-conquistadores-adventistas-para-la-integracion-social\/","og_site_name":"Iglesia Adventista del S\u00e9ptimo D\u00eda - Divisi\u00f3n Interamericana","article_published_time":"2018-04-27T12:12:58+00:00","article_modified_time":"2018-05-01T21:22:59+00:00","og_image":[{"width":1000,"height":500,"url":"https:\/\/interamerica.org\/wp-content\/uploads\/2018\/04\/paraguay-government-enlists-adventist-pathfinders-for-social-integration.jpg","type":"image\/jpeg"}],"author":"libna","twitter_card":"summary_large_image","twitter_misc":{"Escrito por":"libna","Tiempo de lectura":"4 minutos"},"schema":{"@context":"https:\/\/schema.org","@graph":[{"@type":"Article","@id":"https:\/\/interamerica.org\/es\/2018\/04\/gobierno-de-paraguay-pide-ayuda-a-los-conquistadores-adventistas-para-la-integracion-social\/#article","isPartOf":{"@id":"https:\/\/interamerica.org\/es\/2018\/04\/gobierno-de-paraguay-pide-ayuda-a-los-conquistadores-adventistas-para-la-integracion-social\/"},"author":{"name":"libna","@id":"https:\/\/interamerica.org\/es\/#\/schema\/person\/29998f2bc2d8bd0d38662909289b54f1"},"headline":"Gobierno de Paraguay pide ayuda a los Conquistadores adventistas para la integraci\u00f3n social","datePublished":"2018-04-27T12:12:58+00:00","dateModified":"2018-05-01T21:22:59+00:00","mainEntityOfPage":{"@id":"https:\/\/interamerica.org\/es\/2018\/04\/gobierno-de-paraguay-pide-ayuda-a-los-conquistadores-adventistas-para-la-integracion-social\/"},"wordCount":756,"commentCount":0,"image":{"@id":"https:\/\/interamerica.org\/es\/2018\/04\/gobierno-de-paraguay-pide-ayuda-a-los-conquistadores-adventistas-para-la-integracion-social\/#primaryimage"},"thumbnailUrl":"https:\/\/interamerica.org\/wp-content\/uploads\/2018\/04\/paraguay-government-enlists-adventist-pathfinders-for-social-integration.jpg","articleSection":["Desde la iglesia mundial","RSS Espa\u00f1ol"],"inLanguage":"es","potentialAction":[{"@type":"CommentAction","name":"Comment","target":["https:\/\/interamerica.org\/es\/2018\/04\/gobierno-de-paraguay-pide-ayuda-a-los-conquistadores-adventistas-para-la-integracion-social\/#respond"]}]},{"@type":"WebPage","@id":"https:\/\/interamerica.org\/es\/2018\/04\/gobierno-de-paraguay-pide-ayuda-a-los-conquistadores-adventistas-para-la-integracion-social\/","url":"https:\/\/interamerica.org\/es\/2018\/04\/gobierno-de-paraguay-pide-ayuda-a-los-conquistadores-adventistas-para-la-integracion-social\/","name":"Gobierno de Paraguay pide ayuda a los Conquistadores adventistas para la integraci\u00f3n social - Iglesia Adventista del S\u00e9ptimo D\u00eda - Divisi\u00f3n Interamericana","isPartOf":{"@id":"https:\/\/interamerica.org\/es\/#website"},"primaryImageOfPage":{"@id":"https:\/\/interamerica.org\/es\/2018\/04\/gobierno-de-paraguay-pide-ayuda-a-los-conquistadores-adventistas-para-la-integracion-social\/#primaryimage"},"image":{"@id":"https:\/\/interamerica.org\/es\/2018\/04\/gobierno-de-paraguay-pide-ayuda-a-los-conquistadores-adventistas-para-la-integracion-social\/#primaryimage"},"thumbnailUrl":"https:\/\/interamerica.org\/wp-content\/uploads\/2018\/04\/paraguay-government-enlists-adventist-pathfinders-for-social-integration.jpg","datePublished":"2018-04-27T12:12:58+00:00","dateModified":"2018-05-01T21:22:59+00:00","author":{"@id":"https:\/\/interamerica.org\/es\/#\/schema\/person\/29998f2bc2d8bd0d38662909289b54f1"},"breadcrumb":{"@id":"https:\/\/interamerica.org\/es\/2018\/04\/gobierno-de-paraguay-pide-ayuda-a-los-conquistadores-adventistas-para-la-integracion-social\/#breadcrumb"},"inLanguage":"es","potentialAction":[{"@type":"ReadAction","target":["https:\/\/interamerica.org\/es\/2018\/04\/gobierno-de-paraguay-pide-ayuda-a-los-conquistadores-adventistas-para-la-integracion-social\/"]}]},{"@type":"ImageObject","inLanguage":"es","@id":"https:\/\/interamerica.org\/es\/2018\/04\/gobierno-de-paraguay-pide-ayuda-a-los-conquistadores-adventistas-para-la-integracion-social\/#primaryimage","url":"https:\/\/interamerica.org\/wp-content\/uploads\/2018\/04\/paraguay-government-enlists-adventist-pathfinders-for-social-integration.jpg","contentUrl":"https:\/\/interamerica.org\/wp-content\/uploads\/2018\/04\/paraguay-government-enlists-adventist-pathfinders-for-social-integration.jpg","width":1000,"height":500,"caption":"A member of one of Asunci\u00f3n's Pathfinders clubs enrolls a new young member. The San Francisco Pathfinder Club opened on April 15, 2018, with 50 members. Photo by Virgilio Noguera & David Dapozzo, South American Division News"},{"@type":"BreadcrumbList","@id":"https:\/\/interamerica.org\/es\/2018\/04\/gobierno-de-paraguay-pide-ayuda-a-los-conquistadores-adventistas-para-la-integracion-social\/#breadcrumb","itemListElement":[{"@type":"ListItem","position":1,"name":"Home","item":"https:\/\/interamerica.org\/es\/"},{"@type":"ListItem","position":2,"name":"Gobierno de Paraguay pide ayuda a los Conquistadores adventistas para la integraci\u00f3n social"}]},{"@type":"WebSite","@id":"https:\/\/interamerica.org\/es\/#website","url":"https:\/\/interamerica.org\/es\/","name":"Iglesia Adventista del S\u00e9ptimo D\u00eda - Divisi\u00f3n Interamericana","description":"","potentialAction":[{"@type":"SearchAction","target":{"@type":"EntryPoint","urlTemplate":"https:\/\/interamerica.org\/es\/?s={search_term_string}"},"query-input":{"@type":"PropertyValueSpecification","valueRequired":true,"valueName":"search_term_string"}}],"inLanguage":"es"},{"@type":"Person","@id":"https:\/\/interamerica.org\/es\/#\/schema\/person\/29998f2bc2d8bd0d38662909289b54f1","name":"libna","image":{"@type":"ImageObject","inLanguage":"es","@id":"https:\/\/secure.gravatar.com\/avatar\/7c5bd30ae4b47a9ba3c856590957fd1d96dc588bf3ac05719d247e126840331f?s=96&d=mm&r=g","url":"https:\/\/secure.gravatar.com\/avatar\/7c5bd30ae4b47a9ba3c856590957fd1d96dc588bf3ac05719d247e126840331f?s=96&d=mm&r=g","contentUrl":"https:\/\/secure.gravatar.com\/avatar\/7c5bd30ae4b47a9ba3c856590957fd1d96dc588bf3ac05719d247e126840331f?s=96&d=mm&r=g","caption":"libna"}}]}},"_links":{"self":[{"href":"https:\/\/interamerica.org\/es\/wp-json\/wp\/v2\/posts\/40810","targetHints":{"allow":["GET"]}}],"collection":[{"href":"https:\/\/interamerica.org\/es\/wp-json\/wp\/v2\/posts"}],"about":[{"href":"https:\/\/interamerica.org\/es\/wp-json\/wp\/v2\/types\/post"}],"author":[{"embeddable":true,"href":"https:\/\/interamerica.org\/es\/wp-json\/wp\/v2\/users\/3"}],"replies":[{"embeddable":true,"href":"https:\/\/interamerica.org\/es\/wp-json\/wp\/v2\/comments?post=40810"}],"version-history":[{"count":0,"href":"https:\/\/interamerica.org\/es\/wp-json\/wp\/v2\/posts\/40810\/revisions"}],"wp:featuredmedia":[{"embeddable":true,"href":"https:\/\/interamerica.org\/es\/wp-json\/wp\/v2\/media\/40798"}],"wp:attachment":[{"href":"https:\/\/interamerica.org\/es\/wp-json\/wp\/v2\/media?parent=40810"}],"wp:term":[{"taxonomy":"category","embeddable":true,"href":"https:\/\/interamerica.org\/es\/wp-json\/wp\/v2\/categories?post=40810"},{"taxonomy":"post_tag","embeddable":true,"href":"https:\/\/interamerica.org\/es\/wp-json\/wp\/v2\/tags?post=40810"}],"curies":[{"name":"wp","href":"https:\/\/api.w.org\/{rel}","templated":true}]}}