{"id":41149,"date":"2018-05-01T11:45:18","date_gmt":"2018-05-01T15:45:18","guid":{"rendered":"https:\/\/recursing-golick.147-182-135-0.plesk.page\/?p=41149"},"modified":"2018-05-01T20:45:21","modified_gmt":"2018-05-02T00:45:21","slug":"adra-esta-de-luto-por-asesinato-de-empleado-ocurrido-en-sudan-del-sur","status":"publish","type":"post","link":"https:\/\/interamerica.org\/es\/2018\/05\/adra-esta-de-luto-por-asesinato-de-empleado-ocurrido-en-sudan-del-sur\/","title":{"rendered":"ADRA est\u00e1 de luto por asesinato de empleado ocurrido en Sud\u00e1n del Sur"},"content":{"rendered":"<div id=\"attachment_41092\" style=\"width: 772px\" class=\"wp-caption aligncenter\"><img fetchpriority=\"high\" decoding=\"async\" aria-describedby=\"caption-attachment-41092\" class=\"wp-image-41092\" src=\"https:\/\/recursing-golick.147-182-135-0.plesk.page\/wp-content\/uploads\/2018\/05\/od-map.gif\" alt=\"\" width=\"762\" height=\"817\" \/><p id=\"caption-attachment-41092\" class=\"wp-caption-text\">Imagen cortes\u00eda de cia.gov<\/p><\/div>\n<p>30 de abril de 2018 | Silver Spring, Maryland, Estados Unidos | ADRA International<\/p>\n<p>La Agencia Adventista de Desarrollo y Recursos Asistenciales (ADRA) est\u00e1 de luto por la muerte de uno de sus empleados quien fuera asesinado el martes 24 de abril, en Tali County, Rep\u00fablica de Sud\u00e1n, o Sud\u00e1n del Sur. El Sr. Agoyo Robert trabajaba para la agencia ADRA en el Proyecto Pooled Fund (HPF), en Sud\u00e1n del Sur, una iniciativa cuyo prop\u00f3sito es brindar servicios de salud a miles de personas en ese pa\u00eds.<\/p>\n<p>El Sr. Agoyo Robert, quien estaba fuera de servicio en el momento del incidente, fue asesinado por un pistolero desconocido quien dispar\u00f3 varias veces hacia el veh\u00edculo en que viajaba. La v\u00edctima ven\u00eda en viaje de regreso de Juba, la capital, despu\u00e9s de visitar a su esposa, quien estaba hospitalizada por causa de complicaciones en su labor de parto. Otros viajeros que le acompa\u00f1aban tambi\u00e9n recibieron heridas de bala.<\/p>\n<p>\u201cNuestra familia mundial ADRA se duele profundamente por el absurdo asesinato de nuestro colega. Durante esta terrible tragedia, elevamos nuestras oraciones en favor de su familia, especialmente por su esposa, y expresamos por este medio nuestras m\u00e1s sentidas y sinceras condolencias\u201d, dijo Jonathan Duffy, presidente de ADRA International. \u201cD\u00eda tras d\u00eda nuestro colega trabaj\u00f3 incansablemente en humilde servicio para hacer mejor la vida de tantas otras personas. No vamos a olvidar nunca su entrega y servicio brindado a la gente de Sud\u00e1n del Sur\u201d.<\/p>\n<p>ADRA condena este ataque en los t\u00e9rminos m\u00e1s fuertemente posibles. Cada uno en ADRA est\u00e1 conmocionado y horrorizado por la violencia de este ataque hacia su personal y aquellos que fueron lastimados en el mismo. La agencia ADRA est\u00e1 tomando todas las precauciones posibles para asegurarse de que sus empleados en el sitio est\u00e1n seguros.<\/p>\n<p>\u201cEsta tragedia subraya el tremendo valor y entrega de nuestro personal, el cual enfrenta constantes desaf\u00edos en algunos de los lugares m\u00e1s dif\u00edciles del mundo, al esforzarse abnegadamente para brindar esperanza y mejores oportunidades a tantas familias\u201d, a\u00f1adi\u00f3 el Sr. Duffy.<\/p>\n<p>En otro incidente separado, ocurrido esta semana, diez trabajadores de ayuda humanitaria, que viajaban en Sud\u00e1n del Sur, fueron secuestrados el 26 de abril por un grupo armado, de acuerdo con el informe de las Naciones Unidas. Desde el 2013, por lo menos noventa y ocho trabajadores humanitarios han sido asesinados en Sud\u00e1n del Sur, la mayor\u00eda de ellos sudaneses del sur.<\/p>\n<p>Para los empleados m\u00e9dicos en la guerra de Sud\u00e1n del Sur, el trabajo es extremadamente desafiante y peligroso. Debido al actual conflicto armado, en muchas zonas del pa\u00eds se deja con frecuencia a organizaciones tales como ADRA, la provisi\u00f3n de cuidados de salud, aun la atenci\u00f3n m\u00e9dica primaria. Debido a un reciente acelerado aumento de la violencia en la zona en donde se est\u00e1 implementando el proyecto Health Pooled Fund,\u00a0 la agencia ADRA ha tenido que retener sus servicios hasta nuevo aviso.<\/p>\n<p>El Proyecto Health Pooled Fund, fundado por ADRA-UK (ADRA -Reino Unido), est\u00e1 proporcionando servicios a 209,902 miembros de la comunidad en la regi\u00f3n de Terekeka. A trav\u00e9s de este proyecto, la agencia ADRA est\u00e1 tambi\u00e9n fortaleciendo las operaciones de 40 centros de salud en el pa\u00eds y mejorando el acceso a los servicios de salud, particularmente para las mujeres, los ni\u00f1os y las personas m\u00e1s vulnerables.<\/p>\n<p>Traducci\u00f3n Gloria A. Castrej\u00f3n<\/p>\n","protected":false},"excerpt":{"rendered":"<p>30 de abril de 2018 | Silver Spring, Maryland, Estados Unidos | ADRA International La Agencia Adventista de Desarrollo y Recursos Asistenciales (ADRA) est\u00e1 de luto por la muerte de&#8230;<\/p>\n","protected":false},"author":3,"featured_media":41094,"comment_status":"open","ping_status":"closed","sticky":false,"template":"","format":"standard","meta":{"_acf_changed":false,"footnotes":""},"categories":[14,15],"tags":[],"class_list":["post-41149","post","type-post","status-publish","format-standard","has-post-thumbnail","hentry","category-de-la-iglesia-mundial","category-rss-espanol"],"acf":[],"yoast_head":"<!-- This site is optimized with the Yoast SEO plugin v27.3 - https:\/\/yoast.com\/product\/yoast-seo-wordpress\/ -->\n<title>ADRA est\u00e1 de luto por asesinato de empleado ocurrido en Sud\u00e1n del Sur - Iglesia Adventista del S\u00e9ptimo D\u00eda - Divisi\u00f3n Interamericana<\/title>\n<meta name=\"robots\" content=\"index, follow, max-snippet:-1, max-image-preview:large, max-video-preview:-1\" \/>\n<link rel=\"canonical\" href=\"https:\/\/interamerica.org\/es\/2018\/05\/adra-esta-de-luto-por-asesinato-de-empleado-ocurrido-en-sudan-del-sur\/\" \/>\n<meta property=\"og:locale\" content=\"es_ES\" \/>\n<meta property=\"og:type\" content=\"article\" \/>\n<meta property=\"og:title\" content=\"ADRA est\u00e1 de luto por asesinato de empleado ocurrido en Sud\u00e1n del Sur - Iglesia Adventista del S\u00e9ptimo D\u00eda - Divisi\u00f3n Interamericana\" \/>\n<meta property=\"og:description\" content=\"30 de abril de 2018 | Silver Spring, Maryland, Estados Unidos | ADRA International La Agencia Adventista de Desarrollo y Recursos Asistenciales (ADRA) est\u00e1 de luto por la muerte de...\" \/>\n<meta property=\"og:url\" content=\"https:\/\/interamerica.org\/es\/2018\/05\/adra-esta-de-luto-por-asesinato-de-empleado-ocurrido-en-sudan-del-sur\/\" \/>\n<meta property=\"og:site_name\" content=\"Iglesia Adventista del S\u00e9ptimo D\u00eda - Divisi\u00f3n Interamericana\" \/>\n<meta property=\"article:published_time\" content=\"2018-05-01T15:45:18+00:00\" \/>\n<meta property=\"article:modified_time\" content=\"2018-05-02T00:45:21+00:00\" \/>\n<meta property=\"og:image\" content=\"https:\/\/interamerica.org\/wp-content\/uploads\/2018\/05\/od-map.gif\" \/>\n\t<meta property=\"og:image:width\" content=\"331\" \/>\n\t<meta property=\"og:image:height\" content=\"355\" \/>\n\t<meta property=\"og:image:type\" content=\"image\/gif\" \/>\n<meta name=\"author\" content=\"libna\" \/>\n<meta name=\"twitter:card\" content=\"summary_large_image\" \/>\n<meta name=\"twitter:label1\" content=\"Escrito por\" \/>\n\t<meta name=\"twitter:data1\" content=\"libna\" \/>\n\t<meta name=\"twitter:label2\" content=\"Tiempo de lectura\" \/>\n\t<meta name=\"twitter:data2\" content=\"3 minutos\" \/>\n<script type=\"application\/ld+json\" class=\"yoast-schema-graph\">{\"@context\":\"https:\\\/\\\/schema.org\",\"@graph\":[{\"@type\":\"Article\",\"@id\":\"https:\\\/\\\/interamerica.org\\\/es\\\/2018\\\/05\\\/adra-esta-de-luto-por-asesinato-de-empleado-ocurrido-en-sudan-del-sur\\\/#article\",\"isPartOf\":{\"@id\":\"https:\\\/\\\/interamerica.org\\\/es\\\/2018\\\/05\\\/adra-esta-de-luto-por-asesinato-de-empleado-ocurrido-en-sudan-del-sur\\\/\"},\"author\":{\"name\":\"libna\",\"@id\":\"https:\\\/\\\/interamerica.org\\\/es\\\/#\\\/schema\\\/person\\\/29998f2bc2d8bd0d38662909289b54f1\"},\"headline\":\"ADRA est\u00e1 de luto por asesinato de empleado ocurrido en Sud\u00e1n del Sur\",\"datePublished\":\"2018-05-01T15:45:18+00:00\",\"dateModified\":\"2018-05-02T00:45:21+00:00\",\"mainEntityOfPage\":{\"@id\":\"https:\\\/\\\/interamerica.org\\\/es\\\/2018\\\/05\\\/adra-esta-de-luto-por-asesinato-de-empleado-ocurrido-en-sudan-del-sur\\\/\"},\"wordCount\":608,\"commentCount\":0,\"image\":{\"@id\":\"https:\\\/\\\/interamerica.org\\\/es\\\/2018\\\/05\\\/adra-esta-de-luto-por-asesinato-de-empleado-ocurrido-en-sudan-del-sur\\\/#primaryimage\"},\"thumbnailUrl\":\"https:\\\/\\\/interamerica.org\\\/wp-content\\\/uploads\\\/2018\\\/05\\\/od-map.gif\",\"articleSection\":[\"Desde la iglesia mundial\",\"RSS Espa\u00f1ol\"],\"inLanguage\":\"es\",\"potentialAction\":[{\"@type\":\"CommentAction\",\"name\":\"Comment\",\"target\":[\"https:\\\/\\\/interamerica.org\\\/es\\\/2018\\\/05\\\/adra-esta-de-luto-por-asesinato-de-empleado-ocurrido-en-sudan-del-sur\\\/#respond\"]}]},{\"@type\":\"WebPage\",\"@id\":\"https:\\\/\\\/interamerica.org\\\/es\\\/2018\\\/05\\\/adra-esta-de-luto-por-asesinato-de-empleado-ocurrido-en-sudan-del-sur\\\/\",\"url\":\"https:\\\/\\\/interamerica.org\\\/es\\\/2018\\\/05\\\/adra-esta-de-luto-por-asesinato-de-empleado-ocurrido-en-sudan-del-sur\\\/\",\"name\":\"ADRA est\u00e1 de luto por asesinato de empleado ocurrido en Sud\u00e1n del Sur - Iglesia Adventista del S\u00e9ptimo D\u00eda - Divisi\u00f3n Interamericana\",\"isPartOf\":{\"@id\":\"https:\\\/\\\/interamerica.org\\\/es\\\/#website\"},\"primaryImageOfPage\":{\"@id\":\"https:\\\/\\\/interamerica.org\\\/es\\\/2018\\\/05\\\/adra-esta-de-luto-por-asesinato-de-empleado-ocurrido-en-sudan-del-sur\\\/#primaryimage\"},\"image\":{\"@id\":\"https:\\\/\\\/interamerica.org\\\/es\\\/2018\\\/05\\\/adra-esta-de-luto-por-asesinato-de-empleado-ocurrido-en-sudan-del-sur\\\/#primaryimage\"},\"thumbnailUrl\":\"https:\\\/\\\/interamerica.org\\\/wp-content\\\/uploads\\\/2018\\\/05\\\/od-map.gif\",\"datePublished\":\"2018-05-01T15:45:18+00:00\",\"dateModified\":\"2018-05-02T00:45:21+00:00\",\"author\":{\"@id\":\"https:\\\/\\\/interamerica.org\\\/es\\\/#\\\/schema\\\/person\\\/29998f2bc2d8bd0d38662909289b54f1\"},\"breadcrumb\":{\"@id\":\"https:\\\/\\\/interamerica.org\\\/es\\\/2018\\\/05\\\/adra-esta-de-luto-por-asesinato-de-empleado-ocurrido-en-sudan-del-sur\\\/#breadcrumb\"},\"inLanguage\":\"es\",\"potentialAction\":[{\"@type\":\"ReadAction\",\"target\":[\"https:\\\/\\\/interamerica.org\\\/es\\\/2018\\\/05\\\/adra-esta-de-luto-por-asesinato-de-empleado-ocurrido-en-sudan-del-sur\\\/\"]}]},{\"@type\":\"ImageObject\",\"inLanguage\":\"es\",\"@id\":\"https:\\\/\\\/interamerica.org\\\/es\\\/2018\\\/05\\\/adra-esta-de-luto-por-asesinato-de-empleado-ocurrido-en-sudan-del-sur\\\/#primaryimage\",\"url\":\"https:\\\/\\\/interamerica.org\\\/wp-content\\\/uploads\\\/2018\\\/05\\\/od-map.gif\",\"contentUrl\":\"https:\\\/\\\/interamerica.org\\\/wp-content\\\/uploads\\\/2018\\\/05\\\/od-map.gif\",\"width\":331,\"height\":355},{\"@type\":\"BreadcrumbList\",\"@id\":\"https:\\\/\\\/interamerica.org\\\/es\\\/2018\\\/05\\\/adra-esta-de-luto-por-asesinato-de-empleado-ocurrido-en-sudan-del-sur\\\/#breadcrumb\",\"itemListElement\":[{\"@type\":\"ListItem\",\"position\":1,\"name\":\"Home\",\"item\":\"https:\\\/\\\/interamerica.org\\\/es\\\/\"},{\"@type\":\"ListItem\",\"position\":2,\"name\":\"ADRA est\u00e1 de luto por asesinato de empleado ocurrido en Sud\u00e1n del Sur\"}]},{\"@type\":\"WebSite\",\"@id\":\"https:\\\/\\\/interamerica.org\\\/es\\\/#website\",\"url\":\"https:\\\/\\\/interamerica.org\\\/es\\\/\",\"name\":\"Iglesia Adventista del S\u00e9ptimo D\u00eda - Divisi\u00f3n Interamericana\",\"description\":\"\",\"potentialAction\":[{\"@type\":\"SearchAction\",\"target\":{\"@type\":\"EntryPoint\",\"urlTemplate\":\"https:\\\/\\\/interamerica.org\\\/es\\\/?s={search_term_string}\"},\"query-input\":{\"@type\":\"PropertyValueSpecification\",\"valueRequired\":true,\"valueName\":\"search_term_string\"}}],\"inLanguage\":\"es\"},{\"@type\":\"Person\",\"@id\":\"https:\\\/\\\/interamerica.org\\\/es\\\/#\\\/schema\\\/person\\\/29998f2bc2d8bd0d38662909289b54f1\",\"name\":\"libna\",\"image\":{\"@type\":\"ImageObject\",\"inLanguage\":\"es\",\"@id\":\"https:\\\/\\\/secure.gravatar.com\\\/avatar\\\/7c5bd30ae4b47a9ba3c856590957fd1d96dc588bf3ac05719d247e126840331f?s=96&d=mm&r=g\",\"url\":\"https:\\\/\\\/secure.gravatar.com\\\/avatar\\\/7c5bd30ae4b47a9ba3c856590957fd1d96dc588bf3ac05719d247e126840331f?s=96&d=mm&r=g\",\"contentUrl\":\"https:\\\/\\\/secure.gravatar.com\\\/avatar\\\/7c5bd30ae4b47a9ba3c856590957fd1d96dc588bf3ac05719d247e126840331f?s=96&d=mm&r=g\",\"caption\":\"libna\"}}]}<\/script>\n<!-- \/ Yoast SEO plugin. -->","yoast_head_json":{"title":"ADRA est\u00e1 de luto por asesinato de empleado ocurrido en Sud\u00e1n del Sur - Iglesia Adventista del S\u00e9ptimo D\u00eda - Divisi\u00f3n Interamericana","robots":{"index":"index","follow":"follow","max-snippet":"max-snippet:-1","max-image-preview":"max-image-preview:large","max-video-preview":"max-video-preview:-1"},"canonical":"https:\/\/interamerica.org\/es\/2018\/05\/adra-esta-de-luto-por-asesinato-de-empleado-ocurrido-en-sudan-del-sur\/","og_locale":"es_ES","og_type":"article","og_title":"ADRA est\u00e1 de luto por asesinato de empleado ocurrido en Sud\u00e1n del Sur - Iglesia Adventista del S\u00e9ptimo D\u00eda - Divisi\u00f3n Interamericana","og_description":"30 de abril de 2018 | Silver Spring, Maryland, Estados Unidos | ADRA International La Agencia Adventista de Desarrollo y Recursos Asistenciales (ADRA) est\u00e1 de luto por la muerte de...","og_url":"https:\/\/interamerica.org\/es\/2018\/05\/adra-esta-de-luto-por-asesinato-de-empleado-ocurrido-en-sudan-del-sur\/","og_site_name":"Iglesia Adventista del S\u00e9ptimo D\u00eda - Divisi\u00f3n Interamericana","article_published_time":"2018-05-01T15:45:18+00:00","article_modified_time":"2018-05-02T00:45:21+00:00","og_image":[{"width":331,"height":355,"url":"https:\/\/interamerica.org\/wp-content\/uploads\/2018\/05\/od-map.gif","type":"image\/gif"}],"author":"libna","twitter_card":"summary_large_image","twitter_misc":{"Escrito por":"libna","Tiempo de lectura":"3 minutos"},"schema":{"@context":"https:\/\/schema.org","@graph":[{"@type":"Article","@id":"https:\/\/interamerica.org\/es\/2018\/05\/adra-esta-de-luto-por-asesinato-de-empleado-ocurrido-en-sudan-del-sur\/#article","isPartOf":{"@id":"https:\/\/interamerica.org\/es\/2018\/05\/adra-esta-de-luto-por-asesinato-de-empleado-ocurrido-en-sudan-del-sur\/"},"author":{"name":"libna","@id":"https:\/\/interamerica.org\/es\/#\/schema\/person\/29998f2bc2d8bd0d38662909289b54f1"},"headline":"ADRA est\u00e1 de luto por asesinato de empleado ocurrido en Sud\u00e1n del Sur","datePublished":"2018-05-01T15:45:18+00:00","dateModified":"2018-05-02T00:45:21+00:00","mainEntityOfPage":{"@id":"https:\/\/interamerica.org\/es\/2018\/05\/adra-esta-de-luto-por-asesinato-de-empleado-ocurrido-en-sudan-del-sur\/"},"wordCount":608,"commentCount":0,"image":{"@id":"https:\/\/interamerica.org\/es\/2018\/05\/adra-esta-de-luto-por-asesinato-de-empleado-ocurrido-en-sudan-del-sur\/#primaryimage"},"thumbnailUrl":"https:\/\/interamerica.org\/wp-content\/uploads\/2018\/05\/od-map.gif","articleSection":["Desde la iglesia mundial","RSS Espa\u00f1ol"],"inLanguage":"es","potentialAction":[{"@type":"CommentAction","name":"Comment","target":["https:\/\/interamerica.org\/es\/2018\/05\/adra-esta-de-luto-por-asesinato-de-empleado-ocurrido-en-sudan-del-sur\/#respond"]}]},{"@type":"WebPage","@id":"https:\/\/interamerica.org\/es\/2018\/05\/adra-esta-de-luto-por-asesinato-de-empleado-ocurrido-en-sudan-del-sur\/","url":"https:\/\/interamerica.org\/es\/2018\/05\/adra-esta-de-luto-por-asesinato-de-empleado-ocurrido-en-sudan-del-sur\/","name":"ADRA est\u00e1 de luto por asesinato de empleado ocurrido en Sud\u00e1n del Sur - Iglesia Adventista del S\u00e9ptimo D\u00eda - Divisi\u00f3n Interamericana","isPartOf":{"@id":"https:\/\/interamerica.org\/es\/#website"},"primaryImageOfPage":{"@id":"https:\/\/interamerica.org\/es\/2018\/05\/adra-esta-de-luto-por-asesinato-de-empleado-ocurrido-en-sudan-del-sur\/#primaryimage"},"image":{"@id":"https:\/\/interamerica.org\/es\/2018\/05\/adra-esta-de-luto-por-asesinato-de-empleado-ocurrido-en-sudan-del-sur\/#primaryimage"},"thumbnailUrl":"https:\/\/interamerica.org\/wp-content\/uploads\/2018\/05\/od-map.gif","datePublished":"2018-05-01T15:45:18+00:00","dateModified":"2018-05-02T00:45:21+00:00","author":{"@id":"https:\/\/interamerica.org\/es\/#\/schema\/person\/29998f2bc2d8bd0d38662909289b54f1"},"breadcrumb":{"@id":"https:\/\/interamerica.org\/es\/2018\/05\/adra-esta-de-luto-por-asesinato-de-empleado-ocurrido-en-sudan-del-sur\/#breadcrumb"},"inLanguage":"es","potentialAction":[{"@type":"ReadAction","target":["https:\/\/interamerica.org\/es\/2018\/05\/adra-esta-de-luto-por-asesinato-de-empleado-ocurrido-en-sudan-del-sur\/"]}]},{"@type":"ImageObject","inLanguage":"es","@id":"https:\/\/interamerica.org\/es\/2018\/05\/adra-esta-de-luto-por-asesinato-de-empleado-ocurrido-en-sudan-del-sur\/#primaryimage","url":"https:\/\/interamerica.org\/wp-content\/uploads\/2018\/05\/od-map.gif","contentUrl":"https:\/\/interamerica.org\/wp-content\/uploads\/2018\/05\/od-map.gif","width":331,"height":355},{"@type":"BreadcrumbList","@id":"https:\/\/interamerica.org\/es\/2018\/05\/adra-esta-de-luto-por-asesinato-de-empleado-ocurrido-en-sudan-del-sur\/#breadcrumb","itemListElement":[{"@type":"ListItem","position":1,"name":"Home","item":"https:\/\/interamerica.org\/es\/"},{"@type":"ListItem","position":2,"name":"ADRA est\u00e1 de luto por asesinato de empleado ocurrido en Sud\u00e1n del Sur"}]},{"@type":"WebSite","@id":"https:\/\/interamerica.org\/es\/#website","url":"https:\/\/interamerica.org\/es\/","name":"Iglesia Adventista del S\u00e9ptimo D\u00eda - Divisi\u00f3n Interamericana","description":"","potentialAction":[{"@type":"SearchAction","target":{"@type":"EntryPoint","urlTemplate":"https:\/\/interamerica.org\/es\/?s={search_term_string}"},"query-input":{"@type":"PropertyValueSpecification","valueRequired":true,"valueName":"search_term_string"}}],"inLanguage":"es"},{"@type":"Person","@id":"https:\/\/interamerica.org\/es\/#\/schema\/person\/29998f2bc2d8bd0d38662909289b54f1","name":"libna","image":{"@type":"ImageObject","inLanguage":"es","@id":"https:\/\/secure.gravatar.com\/avatar\/7c5bd30ae4b47a9ba3c856590957fd1d96dc588bf3ac05719d247e126840331f?s=96&d=mm&r=g","url":"https:\/\/secure.gravatar.com\/avatar\/7c5bd30ae4b47a9ba3c856590957fd1d96dc588bf3ac05719d247e126840331f?s=96&d=mm&r=g","contentUrl":"https:\/\/secure.gravatar.com\/avatar\/7c5bd30ae4b47a9ba3c856590957fd1d96dc588bf3ac05719d247e126840331f?s=96&d=mm&r=g","caption":"libna"}}]}},"_links":{"self":[{"href":"https:\/\/interamerica.org\/es\/wp-json\/wp\/v2\/posts\/41149","targetHints":{"allow":["GET"]}}],"collection":[{"href":"https:\/\/interamerica.org\/es\/wp-json\/wp\/v2\/posts"}],"about":[{"href":"https:\/\/interamerica.org\/es\/wp-json\/wp\/v2\/types\/post"}],"author":[{"embeddable":true,"href":"https:\/\/interamerica.org\/es\/wp-json\/wp\/v2\/users\/3"}],"replies":[{"embeddable":true,"href":"https:\/\/interamerica.org\/es\/wp-json\/wp\/v2\/comments?post=41149"}],"version-history":[{"count":0,"href":"https:\/\/interamerica.org\/es\/wp-json\/wp\/v2\/posts\/41149\/revisions"}],"wp:featuredmedia":[{"embeddable":true,"href":"https:\/\/interamerica.org\/es\/wp-json\/wp\/v2\/media\/41094"}],"wp:attachment":[{"href":"https:\/\/interamerica.org\/es\/wp-json\/wp\/v2\/media?parent=41149"}],"wp:term":[{"taxonomy":"category","embeddable":true,"href":"https:\/\/interamerica.org\/es\/wp-json\/wp\/v2\/categories?post=41149"},{"taxonomy":"post_tag","embeddable":true,"href":"https:\/\/interamerica.org\/es\/wp-json\/wp\/v2\/tags?post=41149"}],"curies":[{"name":"wp","href":"https:\/\/api.w.org\/{rel}","templated":true}]}}