{"id":41456,"date":"2018-05-07T17:10:08","date_gmt":"2018-05-07T21:10:08","guid":{"rendered":"https:\/\/recursing-golick.147-182-135-0.plesk.page\/?p=41456"},"modified":"2018-05-08T20:48:40","modified_gmt":"2018-05-09T00:48:40","slug":"lider-hace-sonar-claramente-la-voz-adventista-en-reunion-cristiana-internacional","status":"publish","type":"post","link":"https:\/\/interamerica.org\/es\/2018\/05\/lider-hace-sonar-claramente-la-voz-adventista-en-reunion-cristiana-internacional\/","title":{"rendered":"L\u00edder hace sonar claramente la voz adventista en reuni\u00f3n cristiana internacional"},"content":{"rendered":"<p>5 de mayo de 2018 | Bogot\u00e1, Colombia | Bettina Krause, Asuntos P\u00fablicos y Libertad Religiosa<\/p>\n<p>La tercera reuni\u00f3n del Foro Global Cristiano, celebrada del 24 al 27 de abril pr\u00f3ximo pasado en Bogot\u00e1, Colombia, proporcion\u00f3 una invaluable oportunidad\u00a0 para ser la \u201csal y la luz\u201d y para dar a conocer valores claves de nuestra Iglesia Adventista del S\u00e9ptimo D\u00eda con una muy peculiar audiencia, dijo el Dr. Ganoune Diop, director de Asuntos P\u00fablicos y Libertad Religiosa de la Iglesia Adventista mundial. El Dr. Diop, quien fuera el orador en la sesi\u00f3n plenaria de clausura de este evento, se dirigi\u00f3 a aproximadamente 400 dirigentes cristianos procedentes de unos 65 pa\u00edses, quienes representaban un amplio espectro de tradiciones cristianas, incluyendo ortodoxos orientales, evang\u00e9licos, anglicanos y muchas otras iglesias independientes.<\/p>\n<p>En su presentaci\u00f3n, el Dr. Diop habl\u00f3 acerca de la centralidad de Jesucristo en la historia humana. \u201cUna de las revelaciones m\u00e1s fascinantes de las Escrituras, es la forma como Jes\u00fas acogi\u00f3 para s\u00ed la historia de la entera familia humana; la forma en que \u00e9l hizo suyas nuestras historias\u201d, dijo el Dr. Diop. \u201c\u00c9l vino a hacer suyo nuestro destino a fin de derrotar a la muerte desde el fondo mismo de nuestra naturaleza. \u00c9l vino a librarnos del mal. Y para poder hacerlo, eligi\u00f3 vivir nuestra historia y nuestras historias\u201d.<\/p>\n<p>El Foro Global Cristiano provee un espacio informal en donde los cristianos de muchas diferentes denominaciones pueden compartir informaci\u00f3n acerca de ellos mismos y discutir acerca de los desaf\u00edos que enfrentan en com\u00fan los cristianos en todo el mundo. Dicho grupo, el cual no cuenta con una constituci\u00f3n y no toma ninguna decisi\u00f3n, enfoca su atenci\u00f3n en facilitar un di\u00e1logo abierto con respecto a asuntos que conciernen a todos, tales como la libertad religiosa, persecuci\u00f3n religiosa y otras barreras que estorban la misi\u00f3n.<\/p>\n<p>En una entrevista despu\u00e9s de terminado el evento, el Dr. Diop dijo que la presencia de los adventistas en reuniones tal como la mencionada, constituye una parte de la labor del departamento de Asuntos P\u00fablicos y Libertad Religiosa de la Asociaci\u00f3n General, al que se le ha confiado la tarea de hacer m\u00e1s visible a la Iglesia Adventista dentro del \u00e1mbito p\u00fablico.<\/p>\n<p>\u201cElena G White describe el ministerio de Cristo en esta tierra, de la forma siguiente\u2026\u2018trataba con los hombres como quien deseaba hacerles bien\u2019\u201d, dijo el Dr. Diop. \u201cEl \u2018tratar a los hombres, siendo sal y luz en el mundo- constituye la esencia misma de nuestra misi\u00f3n como adventistas del s\u00e9ptimo d\u00eda. Para nuestro departamento, eso significa construir puentes hacia las personas de influencia en la sociedad, ya sea en el \u00e1mbito pol\u00edtico o en el \u00e1mbito religioso, dando a conocer qui\u00e9nes son los adventistas y en qu\u00e9 forma somos una bendici\u00f3n para la sociedad en tantas diversas formas\u201d .<\/p>\n<img fetchpriority=\"high\" decoding=\"async\" class=\"wp-image-41449 aligncenter\" src=\"https:\/\/recursing-golick.147-182-135-0.plesk.page\/wp-content\/uploads\/2018\/05\/rl-bogota-image2.jpg\" alt=\"\" width=\"762\" height=\"572\" srcset=\"https:\/\/interamerica.org\/wp-content\/uploads\/2018\/05\/rl-bogota-image2.jpg 800w, https:\/\/interamerica.org\/wp-content\/uploads\/2018\/05\/rl-bogota-image2-300x225.jpg 300w, https:\/\/interamerica.org\/wp-content\/uploads\/2018\/05\/rl-bogota-image2-768x576.jpg 768w\" sizes=\"(max-width: 762px) 100vw, 762px\" \/>\n<p>Imagen cortes\u00eda de Asuntos P\u00fablicos y Libertad Religiosa<\/p>\n<p>El Dr. Diop, quien presta adem\u00e1s sus servicios en la comisi\u00f3n de supervisi\u00f3n del Foro Global Cristiano, dice que esto le provee una forma de presentar el adventismo ante otros cristianos \u201cen nuestros propios t\u00e9rminos\u201d; de aprender acerca de otras denominaciones religiosas y de ayudar a desvanecer prejuicios y malentendidos en ambas direcciones.<\/p>\n<p>\u201cEn ocasiones nos olvidamos de que la Sra. White aconsej\u00f3 a los ministros de sus d\u00edas a no descuidar la labor misionera con ministros de otra iglesias\u201d, dijo el Dr. Diop. Y se\u00f1al\u00f3 hacia un pasaje registrado en <em>Testimonios para la Iglesia, <\/em>t.6. p. 84, \u00a0<em>\u00a0<\/em>en donde escribe: \u201cNuestros ministros deben procurar acercarse a los ministros de otras denominaciones. Oren por ellos y con ellos, pues Cristo intercede en su favor. Tienen una solemne responsabilidad. Como mensajeros de Cristo, deben manifestar profundo y ferviente inter\u00e9s en estos pastores del reba\u00f1o\u201d.<a href=\"applewebdata:\/\/136A6F3D-9C49-4A5B-8BEF-4EE5B1501C77#_ftn1\">[1]<\/a><\/p>\n<p>Uno de los asuntos clave discutidos en la reuni\u00f3n en Bogot\u00e1, fue el panorama demogr\u00e1fico velozmente cambiante del cristianismo global. De acuerdo con la presentadora, Gina Zurlo, directora asistente del Centro para el Estudio de la Cristiandad Global, el cambio m\u00e1s significativo no ha sido de orden num\u00e9rico, sino geogr\u00e1fico. Se refiri\u00f3 a una investigaci\u00f3n que muestra solamente un tres por ciento de disminuci\u00f3n general de la poblaci\u00f3n cristiana mundial, desde 1910 \u2014de un 35 a un 32 por ciento del total de la poblaci\u00f3n mundial. Sin embargo, este aparente panorama est\u00e1tico oscurece un cambio masivo en cuanto a d\u00f3nde se localiza actualmente la mayor\u00eda de los cristianos, dijo en su presentaci\u00f3n. Mientras que el cristianismo ha declinado num\u00e9ricamente en muchas naciones occidentales, la regi\u00f3n del \u00c1frica Subsahariana ha visto un dram\u00e1tico aumento en el n\u00famero de cristianos. En 1970 esta regi\u00f3n contaba con aproximadamente 134 millones de cristianos, pero actualmente cuenta con m\u00e1s de 620 millones. Gina Zurlo cit\u00f3 adem\u00e1s el relativamente reciente pero significativo aumento de \u201ccristianos independientes\u201d en todo el mundo \u00a0\u2014iglesias cristianas que no se identifican con tradiciones religiosas hist\u00f3ricamente dominantes, tales como el catolicismo, la cristiandad ortodoxa o las corrientes principales de protestantismo.<\/p>\n<p>Otros de los temas que se presentaron en este evento incluyeron el tema de la persecuci\u00f3n de cristianos en muchos lugares en donde el cristianismo es una religi\u00f3n minoritaria. El patriarca de la Iglesia Ortodoxa Siria, Ignatius Aphrem II, habl\u00f3 ante el grupo e inst\u00f3 a los dirigentes a no olvidar la asediada comunidad cristiana en el Oriente Medio. Describi\u00f3 c\u00f3mo se vive en una regi\u00f3n en donde los cristianos son con frecuencia el blanco de ataques terroristas y relat\u00f3 en forma conmovedora c\u00f3mo dos sacerdotes ortodoxos fueron secuestrados en Siria hace cinco a\u00f1os y c\u00f3mo ahora ya se les considera fallecidos.<\/p>\n<p>De acuerdo con el patriarca, la poblaci\u00f3n cristiana en el Oriente Medio ha sido diezmada durante el transcurso de los \u00faltimos quince a\u00f1os, en donde Irak perdi\u00f3 aproximadamente el 80 por ciento de su poblaci\u00f3n cristiana y en Siria, dicha poblaci\u00f3n disminuy\u00f3 aproximadamente en un 40 por ciento.<\/p>\n<p>Esta es la primera vez que el Foro Global Cristiano se re\u00fane en las Am\u00e9ricas y la primera vez que lo hace en un pa\u00eds de habla hispana. La primera y segunda reuni\u00f3n de este grupo tuvieron lugar en Kenia e Indonesia.<\/p>\n<p>Traducci\u00f3n \u2013 Gloria A Castrej\u00f3n<\/p>\n","protected":false},"excerpt":{"rendered":"<p>5 de mayo de 2018 | Bogot\u00e1, Colombia | Bettina Krause, Asuntos P\u00fablicos y Libertad Religiosa La tercera reuni\u00f3n del Foro Global Cristiano, celebrada del 24 al 27 de abril&#8230;<\/p>\n","protected":false},"author":3,"featured_media":41454,"comment_status":"open","ping_status":"closed","sticky":false,"template":"","format":"standard","meta":{"_acf_changed":false,"footnotes":""},"categories":[14,15],"tags":[],"class_list":["post-41456","post","type-post","status-publish","format-standard","has-post-thumbnail","hentry","category-de-la-iglesia-mundial","category-rss-espanol"],"acf":[],"yoast_head":"<!-- This site is optimized with the Yoast SEO plugin v27.3 - https:\/\/yoast.com\/product\/yoast-seo-wordpress\/ -->\n<title>L\u00edder hace sonar claramente la voz adventista en reuni\u00f3n cristiana internacional - Iglesia Adventista del S\u00e9ptimo D\u00eda - Divisi\u00f3n Interamericana<\/title>\n<meta name=\"robots\" content=\"index, follow, max-snippet:-1, max-image-preview:large, max-video-preview:-1\" \/>\n<link rel=\"canonical\" href=\"https:\/\/interamerica.org\/es\/2018\/05\/lider-hace-sonar-claramente-la-voz-adventista-en-reunion-cristiana-internacional\/\" \/>\n<meta property=\"og:locale\" content=\"es_ES\" \/>\n<meta property=\"og:type\" content=\"article\" \/>\n<meta property=\"og:title\" content=\"L\u00edder hace sonar claramente la voz adventista en reuni\u00f3n cristiana internacional - Iglesia Adventista del S\u00e9ptimo D\u00eda - Divisi\u00f3n Interamericana\" \/>\n<meta property=\"og:description\" content=\"5 de mayo de 2018 | Bogot\u00e1, Colombia | Bettina Krause, Asuntos P\u00fablicos y Libertad Religiosa La tercera reuni\u00f3n del Foro Global Cristiano, celebrada del 24 al 27 de abril...\" \/>\n<meta property=\"og:url\" content=\"https:\/\/interamerica.org\/es\/2018\/05\/lider-hace-sonar-claramente-la-voz-adventista-en-reunion-cristiana-internacional\/\" \/>\n<meta property=\"og:site_name\" content=\"Iglesia Adventista del S\u00e9ptimo D\u00eda - Divisi\u00f3n Interamericana\" \/>\n<meta property=\"article:published_time\" content=\"2018-05-07T21:10:08+00:00\" \/>\n<meta property=\"article:modified_time\" content=\"2018-05-09T00:48:40+00:00\" \/>\n<meta property=\"og:image\" content=\"https:\/\/interamerica.org\/wp-content\/uploads\/2018\/05\/leader-brings-distinctly-adventist-voice-to-international-christian-gathering1280.jpg\" \/>\n\t<meta property=\"og:image:width\" content=\"1280\" \/>\n\t<meta property=\"og:image:height\" content=\"800\" \/>\n\t<meta property=\"og:image:type\" content=\"image\/jpeg\" \/>\n<meta name=\"author\" content=\"libna\" \/>\n<meta name=\"twitter:card\" content=\"summary_large_image\" \/>\n<meta name=\"twitter:label1\" content=\"Escrito por\" \/>\n\t<meta name=\"twitter:data1\" content=\"libna\" \/>\n\t<meta name=\"twitter:label2\" content=\"Tiempo de lectura\" \/>\n\t<meta name=\"twitter:data2\" content=\"5 minutos\" \/>\n<script type=\"application\/ld+json\" class=\"yoast-schema-graph\">{\"@context\":\"https:\\\/\\\/schema.org\",\"@graph\":[{\"@type\":\"Article\",\"@id\":\"https:\\\/\\\/interamerica.org\\\/es\\\/2018\\\/05\\\/lider-hace-sonar-claramente-la-voz-adventista-en-reunion-cristiana-internacional\\\/#article\",\"isPartOf\":{\"@id\":\"https:\\\/\\\/interamerica.org\\\/es\\\/2018\\\/05\\\/lider-hace-sonar-claramente-la-voz-adventista-en-reunion-cristiana-internacional\\\/\"},\"author\":{\"name\":\"libna\",\"@id\":\"https:\\\/\\\/interamerica.org\\\/es\\\/#\\\/schema\\\/person\\\/29998f2bc2d8bd0d38662909289b54f1\"},\"headline\":\"L\u00edder hace sonar claramente la voz adventista en reuni\u00f3n cristiana internacional\",\"datePublished\":\"2018-05-07T21:10:08+00:00\",\"dateModified\":\"2018-05-09T00:48:40+00:00\",\"mainEntityOfPage\":{\"@id\":\"https:\\\/\\\/interamerica.org\\\/es\\\/2018\\\/05\\\/lider-hace-sonar-claramente-la-voz-adventista-en-reunion-cristiana-internacional\\\/\"},\"wordCount\":1085,\"commentCount\":0,\"image\":{\"@id\":\"https:\\\/\\\/interamerica.org\\\/es\\\/2018\\\/05\\\/lider-hace-sonar-claramente-la-voz-adventista-en-reunion-cristiana-internacional\\\/#primaryimage\"},\"thumbnailUrl\":\"https:\\\/\\\/interamerica.org\\\/wp-content\\\/uploads\\\/2018\\\/05\\\/leader-brings-distinctly-adventist-voice-to-international-christian-gathering1280.jpg\",\"articleSection\":[\"Desde la iglesia mundial\",\"RSS Espa\u00f1ol\"],\"inLanguage\":\"es\",\"potentialAction\":[{\"@type\":\"CommentAction\",\"name\":\"Comment\",\"target\":[\"https:\\\/\\\/interamerica.org\\\/es\\\/2018\\\/05\\\/lider-hace-sonar-claramente-la-voz-adventista-en-reunion-cristiana-internacional\\\/#respond\"]}]},{\"@type\":\"WebPage\",\"@id\":\"https:\\\/\\\/interamerica.org\\\/es\\\/2018\\\/05\\\/lider-hace-sonar-claramente-la-voz-adventista-en-reunion-cristiana-internacional\\\/\",\"url\":\"https:\\\/\\\/interamerica.org\\\/es\\\/2018\\\/05\\\/lider-hace-sonar-claramente-la-voz-adventista-en-reunion-cristiana-internacional\\\/\",\"name\":\"L\u00edder hace sonar claramente la voz adventista en reuni\u00f3n cristiana internacional - Iglesia Adventista del S\u00e9ptimo D\u00eda - Divisi\u00f3n Interamericana\",\"isPartOf\":{\"@id\":\"https:\\\/\\\/interamerica.org\\\/es\\\/#website\"},\"primaryImageOfPage\":{\"@id\":\"https:\\\/\\\/interamerica.org\\\/es\\\/2018\\\/05\\\/lider-hace-sonar-claramente-la-voz-adventista-en-reunion-cristiana-internacional\\\/#primaryimage\"},\"image\":{\"@id\":\"https:\\\/\\\/interamerica.org\\\/es\\\/2018\\\/05\\\/lider-hace-sonar-claramente-la-voz-adventista-en-reunion-cristiana-internacional\\\/#primaryimage\"},\"thumbnailUrl\":\"https:\\\/\\\/interamerica.org\\\/wp-content\\\/uploads\\\/2018\\\/05\\\/leader-brings-distinctly-adventist-voice-to-international-christian-gathering1280.jpg\",\"datePublished\":\"2018-05-07T21:10:08+00:00\",\"dateModified\":\"2018-05-09T00:48:40+00:00\",\"author\":{\"@id\":\"https:\\\/\\\/interamerica.org\\\/es\\\/#\\\/schema\\\/person\\\/29998f2bc2d8bd0d38662909289b54f1\"},\"breadcrumb\":{\"@id\":\"https:\\\/\\\/interamerica.org\\\/es\\\/2018\\\/05\\\/lider-hace-sonar-claramente-la-voz-adventista-en-reunion-cristiana-internacional\\\/#breadcrumb\"},\"inLanguage\":\"es\",\"potentialAction\":[{\"@type\":\"ReadAction\",\"target\":[\"https:\\\/\\\/interamerica.org\\\/es\\\/2018\\\/05\\\/lider-hace-sonar-claramente-la-voz-adventista-en-reunion-cristiana-internacional\\\/\"]}]},{\"@type\":\"ImageObject\",\"inLanguage\":\"es\",\"@id\":\"https:\\\/\\\/interamerica.org\\\/es\\\/2018\\\/05\\\/lider-hace-sonar-claramente-la-voz-adventista-en-reunion-cristiana-internacional\\\/#primaryimage\",\"url\":\"https:\\\/\\\/interamerica.org\\\/wp-content\\\/uploads\\\/2018\\\/05\\\/leader-brings-distinctly-adventist-voice-to-international-christian-gathering1280.jpg\",\"contentUrl\":\"https:\\\/\\\/interamerica.org\\\/wp-content\\\/uploads\\\/2018\\\/05\\\/leader-brings-distinctly-adventist-voice-to-international-christian-gathering1280.jpg\",\"width\":1280,\"height\":800},{\"@type\":\"BreadcrumbList\",\"@id\":\"https:\\\/\\\/interamerica.org\\\/es\\\/2018\\\/05\\\/lider-hace-sonar-claramente-la-voz-adventista-en-reunion-cristiana-internacional\\\/#breadcrumb\",\"itemListElement\":[{\"@type\":\"ListItem\",\"position\":1,\"name\":\"Home\",\"item\":\"https:\\\/\\\/interamerica.org\\\/es\\\/\"},{\"@type\":\"ListItem\",\"position\":2,\"name\":\"L\u00edder hace sonar claramente la voz adventista en reuni\u00f3n cristiana internacional\"}]},{\"@type\":\"WebSite\",\"@id\":\"https:\\\/\\\/interamerica.org\\\/es\\\/#website\",\"url\":\"https:\\\/\\\/interamerica.org\\\/es\\\/\",\"name\":\"Iglesia Adventista del S\u00e9ptimo D\u00eda - Divisi\u00f3n Interamericana\",\"description\":\"\",\"potentialAction\":[{\"@type\":\"SearchAction\",\"target\":{\"@type\":\"EntryPoint\",\"urlTemplate\":\"https:\\\/\\\/interamerica.org\\\/es\\\/?s={search_term_string}\"},\"query-input\":{\"@type\":\"PropertyValueSpecification\",\"valueRequired\":true,\"valueName\":\"search_term_string\"}}],\"inLanguage\":\"es\"},{\"@type\":\"Person\",\"@id\":\"https:\\\/\\\/interamerica.org\\\/es\\\/#\\\/schema\\\/person\\\/29998f2bc2d8bd0d38662909289b54f1\",\"name\":\"libna\",\"image\":{\"@type\":\"ImageObject\",\"inLanguage\":\"es\",\"@id\":\"https:\\\/\\\/secure.gravatar.com\\\/avatar\\\/7c5bd30ae4b47a9ba3c856590957fd1d96dc588bf3ac05719d247e126840331f?s=96&d=mm&r=g\",\"url\":\"https:\\\/\\\/secure.gravatar.com\\\/avatar\\\/7c5bd30ae4b47a9ba3c856590957fd1d96dc588bf3ac05719d247e126840331f?s=96&d=mm&r=g\",\"contentUrl\":\"https:\\\/\\\/secure.gravatar.com\\\/avatar\\\/7c5bd30ae4b47a9ba3c856590957fd1d96dc588bf3ac05719d247e126840331f?s=96&d=mm&r=g\",\"caption\":\"libna\"}}]}<\/script>\n<!-- \/ Yoast SEO plugin. -->","yoast_head_json":{"title":"L\u00edder hace sonar claramente la voz adventista en reuni\u00f3n cristiana internacional - Iglesia Adventista del S\u00e9ptimo D\u00eda - Divisi\u00f3n Interamericana","robots":{"index":"index","follow":"follow","max-snippet":"max-snippet:-1","max-image-preview":"max-image-preview:large","max-video-preview":"max-video-preview:-1"},"canonical":"https:\/\/interamerica.org\/es\/2018\/05\/lider-hace-sonar-claramente-la-voz-adventista-en-reunion-cristiana-internacional\/","og_locale":"es_ES","og_type":"article","og_title":"L\u00edder hace sonar claramente la voz adventista en reuni\u00f3n cristiana internacional - Iglesia Adventista del S\u00e9ptimo D\u00eda - Divisi\u00f3n Interamericana","og_description":"5 de mayo de 2018 | Bogot\u00e1, Colombia | Bettina Krause, Asuntos P\u00fablicos y Libertad Religiosa La tercera reuni\u00f3n del Foro Global Cristiano, celebrada del 24 al 27 de abril...","og_url":"https:\/\/interamerica.org\/es\/2018\/05\/lider-hace-sonar-claramente-la-voz-adventista-en-reunion-cristiana-internacional\/","og_site_name":"Iglesia Adventista del S\u00e9ptimo D\u00eda - Divisi\u00f3n Interamericana","article_published_time":"2018-05-07T21:10:08+00:00","article_modified_time":"2018-05-09T00:48:40+00:00","og_image":[{"width":1280,"height":800,"url":"https:\/\/interamerica.org\/wp-content\/uploads\/2018\/05\/leader-brings-distinctly-adventist-voice-to-international-christian-gathering1280.jpg","type":"image\/jpeg"}],"author":"libna","twitter_card":"summary_large_image","twitter_misc":{"Escrito por":"libna","Tiempo de lectura":"5 minutos"},"schema":{"@context":"https:\/\/schema.org","@graph":[{"@type":"Article","@id":"https:\/\/interamerica.org\/es\/2018\/05\/lider-hace-sonar-claramente-la-voz-adventista-en-reunion-cristiana-internacional\/#article","isPartOf":{"@id":"https:\/\/interamerica.org\/es\/2018\/05\/lider-hace-sonar-claramente-la-voz-adventista-en-reunion-cristiana-internacional\/"},"author":{"name":"libna","@id":"https:\/\/interamerica.org\/es\/#\/schema\/person\/29998f2bc2d8bd0d38662909289b54f1"},"headline":"L\u00edder hace sonar claramente la voz adventista en reuni\u00f3n cristiana internacional","datePublished":"2018-05-07T21:10:08+00:00","dateModified":"2018-05-09T00:48:40+00:00","mainEntityOfPage":{"@id":"https:\/\/interamerica.org\/es\/2018\/05\/lider-hace-sonar-claramente-la-voz-adventista-en-reunion-cristiana-internacional\/"},"wordCount":1085,"commentCount":0,"image":{"@id":"https:\/\/interamerica.org\/es\/2018\/05\/lider-hace-sonar-claramente-la-voz-adventista-en-reunion-cristiana-internacional\/#primaryimage"},"thumbnailUrl":"https:\/\/interamerica.org\/wp-content\/uploads\/2018\/05\/leader-brings-distinctly-adventist-voice-to-international-christian-gathering1280.jpg","articleSection":["Desde la iglesia mundial","RSS Espa\u00f1ol"],"inLanguage":"es","potentialAction":[{"@type":"CommentAction","name":"Comment","target":["https:\/\/interamerica.org\/es\/2018\/05\/lider-hace-sonar-claramente-la-voz-adventista-en-reunion-cristiana-internacional\/#respond"]}]},{"@type":"WebPage","@id":"https:\/\/interamerica.org\/es\/2018\/05\/lider-hace-sonar-claramente-la-voz-adventista-en-reunion-cristiana-internacional\/","url":"https:\/\/interamerica.org\/es\/2018\/05\/lider-hace-sonar-claramente-la-voz-adventista-en-reunion-cristiana-internacional\/","name":"L\u00edder hace sonar claramente la voz adventista en reuni\u00f3n cristiana internacional - Iglesia Adventista del S\u00e9ptimo D\u00eda - Divisi\u00f3n Interamericana","isPartOf":{"@id":"https:\/\/interamerica.org\/es\/#website"},"primaryImageOfPage":{"@id":"https:\/\/interamerica.org\/es\/2018\/05\/lider-hace-sonar-claramente-la-voz-adventista-en-reunion-cristiana-internacional\/#primaryimage"},"image":{"@id":"https:\/\/interamerica.org\/es\/2018\/05\/lider-hace-sonar-claramente-la-voz-adventista-en-reunion-cristiana-internacional\/#primaryimage"},"thumbnailUrl":"https:\/\/interamerica.org\/wp-content\/uploads\/2018\/05\/leader-brings-distinctly-adventist-voice-to-international-christian-gathering1280.jpg","datePublished":"2018-05-07T21:10:08+00:00","dateModified":"2018-05-09T00:48:40+00:00","author":{"@id":"https:\/\/interamerica.org\/es\/#\/schema\/person\/29998f2bc2d8bd0d38662909289b54f1"},"breadcrumb":{"@id":"https:\/\/interamerica.org\/es\/2018\/05\/lider-hace-sonar-claramente-la-voz-adventista-en-reunion-cristiana-internacional\/#breadcrumb"},"inLanguage":"es","potentialAction":[{"@type":"ReadAction","target":["https:\/\/interamerica.org\/es\/2018\/05\/lider-hace-sonar-claramente-la-voz-adventista-en-reunion-cristiana-internacional\/"]}]},{"@type":"ImageObject","inLanguage":"es","@id":"https:\/\/interamerica.org\/es\/2018\/05\/lider-hace-sonar-claramente-la-voz-adventista-en-reunion-cristiana-internacional\/#primaryimage","url":"https:\/\/interamerica.org\/wp-content\/uploads\/2018\/05\/leader-brings-distinctly-adventist-voice-to-international-christian-gathering1280.jpg","contentUrl":"https:\/\/interamerica.org\/wp-content\/uploads\/2018\/05\/leader-brings-distinctly-adventist-voice-to-international-christian-gathering1280.jpg","width":1280,"height":800},{"@type":"BreadcrumbList","@id":"https:\/\/interamerica.org\/es\/2018\/05\/lider-hace-sonar-claramente-la-voz-adventista-en-reunion-cristiana-internacional\/#breadcrumb","itemListElement":[{"@type":"ListItem","position":1,"name":"Home","item":"https:\/\/interamerica.org\/es\/"},{"@type":"ListItem","position":2,"name":"L\u00edder hace sonar claramente la voz adventista en reuni\u00f3n cristiana internacional"}]},{"@type":"WebSite","@id":"https:\/\/interamerica.org\/es\/#website","url":"https:\/\/interamerica.org\/es\/","name":"Iglesia Adventista del S\u00e9ptimo D\u00eda - Divisi\u00f3n Interamericana","description":"","potentialAction":[{"@type":"SearchAction","target":{"@type":"EntryPoint","urlTemplate":"https:\/\/interamerica.org\/es\/?s={search_term_string}"},"query-input":{"@type":"PropertyValueSpecification","valueRequired":true,"valueName":"search_term_string"}}],"inLanguage":"es"},{"@type":"Person","@id":"https:\/\/interamerica.org\/es\/#\/schema\/person\/29998f2bc2d8bd0d38662909289b54f1","name":"libna","image":{"@type":"ImageObject","inLanguage":"es","@id":"https:\/\/secure.gravatar.com\/avatar\/7c5bd30ae4b47a9ba3c856590957fd1d96dc588bf3ac05719d247e126840331f?s=96&d=mm&r=g","url":"https:\/\/secure.gravatar.com\/avatar\/7c5bd30ae4b47a9ba3c856590957fd1d96dc588bf3ac05719d247e126840331f?s=96&d=mm&r=g","contentUrl":"https:\/\/secure.gravatar.com\/avatar\/7c5bd30ae4b47a9ba3c856590957fd1d96dc588bf3ac05719d247e126840331f?s=96&d=mm&r=g","caption":"libna"}}]}},"_links":{"self":[{"href":"https:\/\/interamerica.org\/es\/wp-json\/wp\/v2\/posts\/41456","targetHints":{"allow":["GET"]}}],"collection":[{"href":"https:\/\/interamerica.org\/es\/wp-json\/wp\/v2\/posts"}],"about":[{"href":"https:\/\/interamerica.org\/es\/wp-json\/wp\/v2\/types\/post"}],"author":[{"embeddable":true,"href":"https:\/\/interamerica.org\/es\/wp-json\/wp\/v2\/users\/3"}],"replies":[{"embeddable":true,"href":"https:\/\/interamerica.org\/es\/wp-json\/wp\/v2\/comments?post=41456"}],"version-history":[{"count":0,"href":"https:\/\/interamerica.org\/es\/wp-json\/wp\/v2\/posts\/41456\/revisions"}],"wp:featuredmedia":[{"embeddable":true,"href":"https:\/\/interamerica.org\/es\/wp-json\/wp\/v2\/media\/41454"}],"wp:attachment":[{"href":"https:\/\/interamerica.org\/es\/wp-json\/wp\/v2\/media?parent=41456"}],"wp:term":[{"taxonomy":"category","embeddable":true,"href":"https:\/\/interamerica.org\/es\/wp-json\/wp\/v2\/categories?post=41456"},{"taxonomy":"post_tag","embeddable":true,"href":"https:\/\/interamerica.org\/es\/wp-json\/wp\/v2\/tags?post=41456"}],"curies":[{"name":"wp","href":"https:\/\/api.w.org\/{rel}","templated":true}]}}