{"id":41496,"date":"2018-05-09T12:14:04","date_gmt":"2018-05-09T16:14:04","guid":{"rendered":"https:\/\/recursing-golick.147-182-135-0.plesk.page\/?p=41496"},"modified":"2018-05-16T10:34:49","modified_gmt":"2018-05-16T14:34:49","slug":"las-reuniones-de-evangelizacion-en-japon-son-impulsadas-por-la-oracion","status":"publish","type":"post","link":"https:\/\/interamerica.org\/es\/2018\/05\/las-reuniones-de-evangelizacion-en-japon-son-impulsadas-por-la-oracion\/","title":{"rendered":"Las reuniones de evangelizaci\u00f3n en Jap\u00f3n son impulsadas por la oraci\u00f3n"},"content":{"rendered":"<p>8 de mayo de 2018 | Tokio, Jap\u00f3n | <span class=\"byline-news\">Marcos Paseggi, <em>Adventist Review<\/em><\/span><\/p>\n<p><span class=\"cap\">Las reuniones de evangelizaci\u00f3n a lo largo y a lo ancho de Jap\u00f3n comenzaron oficialmente el viernes 4 de mayo. Meses y aun a\u00f1os antes, sin embargo, la iniciativa \u201cTodo Jap\u00f3n Maranatha 2018\u201d comenz\u00f3 con una planificaci\u00f3n cuidadosa, valientes decisiones e incontables sesiones de oraci\u00f3n.<\/span><\/p>\n<p>\u201cLa oraci\u00f3n es fundamental para el \u00e9xito de las reuniones\u201d, reconoci\u00f3 Ted N.C. Wilson, el presidente de la Iglesia Adventista, al dirigirse a los miembros de iglesia de la Asociaci\u00f3n de Jap\u00f3n Oriental en una reuni\u00f3n conjunta de oraci\u00f3n en la iglesia adventista Amanuma en Tokio el pasado 2 de mayo. \u201cMiles de adventistas est\u00e1n orando por Jap\u00f3n\u201d.<\/p>\n<p><strong>Oraciones en diversas partes del mundo<\/strong><\/p>\n<p>A miles de kil\u00f3metros de Tokio, Dwight Nelson, pastor principal de la iglesia Pioneer Memorial, concord\u00f3 con Wilson. En el campus de la Universidad Andrews, una instituci\u00f3n educativa adventista en Berrien Springs, M\u00edchigan, Estados Unidos, ha incorporado a un grupo de personas que ayunar\u00e1 y orar\u00e1 por Jap\u00f3n. Nelson, que naci\u00f3 en Jap\u00f3n en una familia misionera, sabe muy bien los desaf\u00edos que tiene por delante. En los pr\u00f3ximos d\u00edas viajar\u00e1 a Jap\u00f3n para llevar a cabo reuniones de evangelizaci\u00f3n.<\/p>\n<p>\u201cPredicar\u00e9 en el campus del Saniku Gakuin [en Isumi-gun, Chiba], un colegio terciario con 201 estudiantes donde el setenta por ciento de los alumnos no son cristianos\u201d, le coment\u00f3 a <em>Adventist Review<\/em>.<\/p>\n<p>Nelson est\u00e1 llevando consigo a doce estudiantes de teolog\u00eda, que trabajar\u00e1n espec\u00edficamente para conectarse con los estudiantes no cristianos, en las reuniones matutinas y vespertinas entre el 14 y el 19 de mayo pr\u00f3ximos.<\/p>\n<p>El mes pasado, la iglesia donde pastorea Nelson organiz\u00f3 un \u201cD\u00eda de Ayuno y Oraci\u00f3n\u201d para pedirle a Dios que intervenga. \u201cNuestro \u00e9nfasis fue el lema \u2018Contra las fortalezas\u2019\u201d, dijo Nelson. \u201cY solicitamos las oraciones de la familia mundial adventista, ahora que adoptaremos esta [\u2026] estrategia de evangelismo\u201d.<\/p>\n<p><strong>Orar por Jap\u00f3n\u2026en todo Jap\u00f3n<\/strong><\/p>\n<p>Los miembros de la iglesia de Amanuma saben muy bien lo que es orar. En 2017, dedicaron la mayor parte del a\u00f1o a una Escuela Pr\u00e1ctica de Evangelismo y a iniciativas de evangelismo que requirieron, entre otras cosas, muchas horas de oraci\u00f3n.<\/p>\n<img fetchpriority=\"high\" decoding=\"async\" class=\"aligncenter wp-image-41490\" src=\"https:\/\/recursing-golick.147-182-135-0.plesk.page\/wp-content\/uploads\/2018\/05\/japan-church.jpg\" alt=\"\" width=\"762\" height=\"508\" srcset=\"https:\/\/interamerica.org\/wp-content\/uploads\/2018\/05\/japan-church.jpg 1000w, https:\/\/interamerica.org\/wp-content\/uploads\/2018\/05\/japan-church-300x200.jpg 300w, https:\/\/interamerica.org\/wp-content\/uploads\/2018\/05\/japan-church-768x512.jpg 768w\" sizes=\"(max-width: 762px) 100vw, 762px\" \/>\n<p>\u201cLa iglesia de Amanuma [\u2026] tom\u00f3 muy serio la oraci\u00f3n\u201d, dijo Ron Clouzet, director de la Asociaci\u00f3n Ministerial para la regi\u00f3n de Asia Pac\u00edfico Norte (NSD) al describir la iniciativa que dirigi\u00f3 en octubre de 2017. \u201cCada uno de los cuarenta d\u00edas anteriores al primer d\u00eda de reuniones de evangelizaci\u00f3n, veinte o treinta miembros se reunieron temprano por la ma\u00f1ana para orar por las reuniones. Hubo tambi\u00e9n equipos de oraci\u00f3n que realizaron caminatas de oraci\u00f3n en secciones de la ciudad, pidiendo que el Esp\u00edritu Santo fuera derramado en las personas que ve\u00edan en las calles, las estaciones y las tiendas.<\/p>\n<p>Durante la reuni\u00f3n del 2 de mayo, la oraci\u00f3n tambi\u00e9n ocup\u00f3 un lugar destacado. Los miembros de iglesia se arrodillaron en grupos peque\u00f1os y oraron con fervor para que Dios abriera las puertas de los corazones de sus parientes, colegas y vecinos.<\/p>\n<p>Otras iglesias adventistas de Jap\u00f3n tambi\u00e9n dedicaron el primer fin de semana de la iniciativa de evangelismo en oraci\u00f3n. En la iglesia adventista de Toyohashi, que est\u00e1 a tres horas al sudoeste de Tokio, los pocos y ancianos miembros de la congregaci\u00f3n de habla japonesa se arrodillaron para pedirle a Dios que bendiga sus esfuerzos. Aunque en la zona, la Iglesia Adventista ha estado creciendo de manera continuada entre las poblaciones de inmigrantes (la mayor\u00eda de ellos, brasile\u00f1os y filipinos), la congregaci\u00f3n japonesa dej\u00f3 de crecer hace a\u00f1os, seg\u00fan los l\u00edderes de la iglesia local.<\/p>\n<p>Hace un mes lleg\u00f3 a la iglesia Shigenori Matsueda, un joven aspirante al ministerio. \u00c9l y su esposa Satoe est\u00e1n haciendo lo mejor que pueden para cambiar la situaci\u00f3n.<\/p>\n<p>\u201cHay grandes desaf\u00edos por delante\u201d, reconocen. \u201cEs la raz\u00f3n por la que necesitamos orar m\u00e1s que nunca\u201d.<\/p>\n<p>Una hora al oeste de Toyohashi, en el coraz\u00f3n de la regi\u00f3n industrial de Toyota-Nagoya, Roger Ueno, pastor de la iglesia adventista Internacional de Kariya, tambi\u00e9n espera que la oraci\u00f3n y el trabajo duro permita que Dios bendiga sus esfuerzos.<\/p>\n<p>\u201cVivimos en una regi\u00f3n pr\u00f3spera, y la gente se ha vuelto extremadamente materialista\u201d, le dice a <em>Adventist Review<\/em>. \u201cLas personas estudian y aceptan las verdades de la Biblia, pero guardar el s\u00e1bado suele ser el \u00faltimo obst\u00e1culo\u201d. Ueno explic\u00f3 que en una sociedad que valora mucho el trabajo duro, guardar el s\u00e1bado suele significar la p\u00e9rdida del trabajo, dado que las excepciones por motivos religiosos son raras. \u201cAlgunos han terminado la serie de estudios b\u00edblicos y est\u00e1n listos para el bautismo, de no ser que a\u00fan les resulta dif\u00edcil comprometerse a descansar en s\u00e1bado\u201d, dice. \u201cPor cierto, es un desaf\u00edo\u201d.<\/p>\n<p><strong>Orar por el Esp\u00edritu Santo<\/strong><\/p>\n<p>Seg\u00fan Wilson, la clave de todo emprendimiento de evangelizaci\u00f3n es incorporar el poder del Esp\u00edritu Santo. \u201c\u00a1Qu\u00e9 bendici\u00f3n ser\u00e1 permitir que el Esp\u00edritu Santo asuma el control de las reuniones!\u201d, dijo durante la reuni\u00f3n de oraci\u00f3n del 2 de mayo. Pero necesitamos pedir la presencia del Esp\u00edritu Santo, dijo, orando para que \u00e9l intervenga.<\/p>\n<p>\u201cOremos para que el Esp\u00edritu Santo llene esta habitaci\u00f3n y por las personas [que han sido invitadas]\u201d, dijo.<\/p>\n<p>Estamos viviendo en momentos muy espectaculares porque Jes\u00fas viene pronto\u201d, a\u00f1adi\u00f3 Wilson con un dejo de esperanza. \u201cSi sumamos el poder del Esp\u00edritu Santo, presenciaremos milagros otra vez\u201d.<\/p>\n","protected":false},"excerpt":{"rendered":"<p>8 de mayo de 2018 | Tokio, Jap\u00f3n | Marcos Paseggi, Adventist Review Las reuniones de evangelizaci\u00f3n a lo largo y a lo ancho de Jap\u00f3n comenzaron oficialmente el viernes&#8230;<\/p>\n","protected":false},"author":3,"featured_media":41487,"comment_status":"open","ping_status":"closed","sticky":false,"template":"","format":"standard","meta":{"_acf_changed":false,"footnotes":""},"categories":[14,15],"tags":[],"class_list":["post-41496","post","type-post","status-publish","format-standard","has-post-thumbnail","hentry","category-de-la-iglesia-mundial","category-rss-espanol"],"acf":[],"yoast_head":"<!-- This site is optimized with the Yoast SEO plugin v27.3 - https:\/\/yoast.com\/product\/yoast-seo-wordpress\/ -->\n<title>Las reuniones de evangelizaci\u00f3n en Jap\u00f3n son impulsadas por la oraci\u00f3n - Iglesia Adventista del S\u00e9ptimo D\u00eda - Divisi\u00f3n Interamericana<\/title>\n<meta name=\"robots\" content=\"index, follow, max-snippet:-1, max-image-preview:large, max-video-preview:-1\" \/>\n<link rel=\"canonical\" href=\"https:\/\/interamerica.org\/es\/2018\/05\/las-reuniones-de-evangelizacion-en-japon-son-impulsadas-por-la-oracion\/\" \/>\n<meta property=\"og:locale\" content=\"es_ES\" \/>\n<meta property=\"og:type\" content=\"article\" \/>\n<meta property=\"og:title\" content=\"Las reuniones de evangelizaci\u00f3n en Jap\u00f3n son impulsadas por la oraci\u00f3n - Iglesia Adventista del S\u00e9ptimo D\u00eda - Divisi\u00f3n Interamericana\" \/>\n<meta property=\"og:description\" content=\"8 de mayo de 2018 | Tokio, Jap\u00f3n | Marcos Paseggi, Adventist Review Las reuniones de evangelizaci\u00f3n a lo largo y a lo ancho de Jap\u00f3n comenzaron oficialmente el viernes...\" \/>\n<meta property=\"og:url\" content=\"https:\/\/interamerica.org\/es\/2018\/05\/las-reuniones-de-evangelizacion-en-japon-son-impulsadas-por-la-oracion\/\" \/>\n<meta property=\"og:site_name\" content=\"Iglesia Adventista del S\u00e9ptimo D\u00eda - Divisi\u00f3n Interamericana\" \/>\n<meta property=\"article:published_time\" content=\"2018-05-09T16:14:04+00:00\" \/>\n<meta property=\"article:modified_time\" content=\"2018-05-16T14:34:49+00:00\" \/>\n<meta property=\"og:image\" content=\"https:\/\/interamerica.org\/wp-content\/uploads\/2018\/05\/evangelistic-meetings-across-japan-propelled-by-prayer1280.jpg\" \/>\n\t<meta property=\"og:image:width\" content=\"1280\" \/>\n\t<meta property=\"og:image:height\" content=\"800\" \/>\n\t<meta property=\"og:image:type\" content=\"image\/jpeg\" \/>\n<meta name=\"author\" content=\"libna\" \/>\n<meta name=\"twitter:card\" content=\"summary_large_image\" \/>\n<meta name=\"twitter:label1\" content=\"Escrito por\" \/>\n\t<meta name=\"twitter:data1\" content=\"libna\" \/>\n\t<meta name=\"twitter:label2\" content=\"Tiempo de lectura\" \/>\n\t<meta name=\"twitter:data2\" content=\"5 minutos\" \/>\n<script type=\"application\/ld+json\" class=\"yoast-schema-graph\">{\"@context\":\"https:\\\/\\\/schema.org\",\"@graph\":[{\"@type\":\"Article\",\"@id\":\"https:\\\/\\\/interamerica.org\\\/es\\\/2018\\\/05\\\/las-reuniones-de-evangelizacion-en-japon-son-impulsadas-por-la-oracion\\\/#article\",\"isPartOf\":{\"@id\":\"https:\\\/\\\/interamerica.org\\\/es\\\/2018\\\/05\\\/las-reuniones-de-evangelizacion-en-japon-son-impulsadas-por-la-oracion\\\/\"},\"author\":{\"name\":\"libna\",\"@id\":\"https:\\\/\\\/interamerica.org\\\/es\\\/#\\\/schema\\\/person\\\/29998f2bc2d8bd0d38662909289b54f1\"},\"headline\":\"Las reuniones de evangelizaci\u00f3n en Jap\u00f3n son impulsadas por la oraci\u00f3n\",\"datePublished\":\"2018-05-09T16:14:04+00:00\",\"dateModified\":\"2018-05-16T14:34:49+00:00\",\"mainEntityOfPage\":{\"@id\":\"https:\\\/\\\/interamerica.org\\\/es\\\/2018\\\/05\\\/las-reuniones-de-evangelizacion-en-japon-son-impulsadas-por-la-oracion\\\/\"},\"wordCount\":988,\"commentCount\":0,\"image\":{\"@id\":\"https:\\\/\\\/interamerica.org\\\/es\\\/2018\\\/05\\\/las-reuniones-de-evangelizacion-en-japon-son-impulsadas-por-la-oracion\\\/#primaryimage\"},\"thumbnailUrl\":\"https:\\\/\\\/interamerica.org\\\/wp-content\\\/uploads\\\/2018\\\/05\\\/evangelistic-meetings-across-japan-propelled-by-prayer1280.jpg\",\"articleSection\":[\"Desde la iglesia mundial\",\"RSS Espa\u00f1ol\"],\"inLanguage\":\"es\",\"potentialAction\":[{\"@type\":\"CommentAction\",\"name\":\"Comment\",\"target\":[\"https:\\\/\\\/interamerica.org\\\/es\\\/2018\\\/05\\\/las-reuniones-de-evangelizacion-en-japon-son-impulsadas-por-la-oracion\\\/#respond\"]}]},{\"@type\":\"WebPage\",\"@id\":\"https:\\\/\\\/interamerica.org\\\/es\\\/2018\\\/05\\\/las-reuniones-de-evangelizacion-en-japon-son-impulsadas-por-la-oracion\\\/\",\"url\":\"https:\\\/\\\/interamerica.org\\\/es\\\/2018\\\/05\\\/las-reuniones-de-evangelizacion-en-japon-son-impulsadas-por-la-oracion\\\/\",\"name\":\"Las reuniones de evangelizaci\u00f3n en Jap\u00f3n son impulsadas por la oraci\u00f3n - Iglesia Adventista del S\u00e9ptimo D\u00eda - Divisi\u00f3n Interamericana\",\"isPartOf\":{\"@id\":\"https:\\\/\\\/interamerica.org\\\/es\\\/#website\"},\"primaryImageOfPage\":{\"@id\":\"https:\\\/\\\/interamerica.org\\\/es\\\/2018\\\/05\\\/las-reuniones-de-evangelizacion-en-japon-son-impulsadas-por-la-oracion\\\/#primaryimage\"},\"image\":{\"@id\":\"https:\\\/\\\/interamerica.org\\\/es\\\/2018\\\/05\\\/las-reuniones-de-evangelizacion-en-japon-son-impulsadas-por-la-oracion\\\/#primaryimage\"},\"thumbnailUrl\":\"https:\\\/\\\/interamerica.org\\\/wp-content\\\/uploads\\\/2018\\\/05\\\/evangelistic-meetings-across-japan-propelled-by-prayer1280.jpg\",\"datePublished\":\"2018-05-09T16:14:04+00:00\",\"dateModified\":\"2018-05-16T14:34:49+00:00\",\"author\":{\"@id\":\"https:\\\/\\\/interamerica.org\\\/es\\\/#\\\/schema\\\/person\\\/29998f2bc2d8bd0d38662909289b54f1\"},\"breadcrumb\":{\"@id\":\"https:\\\/\\\/interamerica.org\\\/es\\\/2018\\\/05\\\/las-reuniones-de-evangelizacion-en-japon-son-impulsadas-por-la-oracion\\\/#breadcrumb\"},\"inLanguage\":\"es\",\"potentialAction\":[{\"@type\":\"ReadAction\",\"target\":[\"https:\\\/\\\/interamerica.org\\\/es\\\/2018\\\/05\\\/las-reuniones-de-evangelizacion-en-japon-son-impulsadas-por-la-oracion\\\/\"]}]},{\"@type\":\"ImageObject\",\"inLanguage\":\"es\",\"@id\":\"https:\\\/\\\/interamerica.org\\\/es\\\/2018\\\/05\\\/las-reuniones-de-evangelizacion-en-japon-son-impulsadas-por-la-oracion\\\/#primaryimage\",\"url\":\"https:\\\/\\\/interamerica.org\\\/wp-content\\\/uploads\\\/2018\\\/05\\\/evangelistic-meetings-across-japan-propelled-by-prayer1280.jpg\",\"contentUrl\":\"https:\\\/\\\/interamerica.org\\\/wp-content\\\/uploads\\\/2018\\\/05\\\/evangelistic-meetings-across-japan-propelled-by-prayer1280.jpg\",\"width\":1280,\"height\":800},{\"@type\":\"BreadcrumbList\",\"@id\":\"https:\\\/\\\/interamerica.org\\\/es\\\/2018\\\/05\\\/las-reuniones-de-evangelizacion-en-japon-son-impulsadas-por-la-oracion\\\/#breadcrumb\",\"itemListElement\":[{\"@type\":\"ListItem\",\"position\":1,\"name\":\"Home\",\"item\":\"https:\\\/\\\/interamerica.org\\\/es\\\/\"},{\"@type\":\"ListItem\",\"position\":2,\"name\":\"Las reuniones de evangelizaci\u00f3n en Jap\u00f3n son impulsadas por la oraci\u00f3n\"}]},{\"@type\":\"WebSite\",\"@id\":\"https:\\\/\\\/interamerica.org\\\/es\\\/#website\",\"url\":\"https:\\\/\\\/interamerica.org\\\/es\\\/\",\"name\":\"Iglesia Adventista del S\u00e9ptimo D\u00eda - Divisi\u00f3n Interamericana\",\"description\":\"\",\"potentialAction\":[{\"@type\":\"SearchAction\",\"target\":{\"@type\":\"EntryPoint\",\"urlTemplate\":\"https:\\\/\\\/interamerica.org\\\/es\\\/?s={search_term_string}\"},\"query-input\":{\"@type\":\"PropertyValueSpecification\",\"valueRequired\":true,\"valueName\":\"search_term_string\"}}],\"inLanguage\":\"es\"},{\"@type\":\"Person\",\"@id\":\"https:\\\/\\\/interamerica.org\\\/es\\\/#\\\/schema\\\/person\\\/29998f2bc2d8bd0d38662909289b54f1\",\"name\":\"libna\",\"image\":{\"@type\":\"ImageObject\",\"inLanguage\":\"es\",\"@id\":\"https:\\\/\\\/secure.gravatar.com\\\/avatar\\\/7c5bd30ae4b47a9ba3c856590957fd1d96dc588bf3ac05719d247e126840331f?s=96&d=mm&r=g\",\"url\":\"https:\\\/\\\/secure.gravatar.com\\\/avatar\\\/7c5bd30ae4b47a9ba3c856590957fd1d96dc588bf3ac05719d247e126840331f?s=96&d=mm&r=g\",\"contentUrl\":\"https:\\\/\\\/secure.gravatar.com\\\/avatar\\\/7c5bd30ae4b47a9ba3c856590957fd1d96dc588bf3ac05719d247e126840331f?s=96&d=mm&r=g\",\"caption\":\"libna\"}}]}<\/script>\n<!-- \/ Yoast SEO plugin. -->","yoast_head_json":{"title":"Las reuniones de evangelizaci\u00f3n en Jap\u00f3n son impulsadas por la oraci\u00f3n - Iglesia Adventista del S\u00e9ptimo D\u00eda - Divisi\u00f3n Interamericana","robots":{"index":"index","follow":"follow","max-snippet":"max-snippet:-1","max-image-preview":"max-image-preview:large","max-video-preview":"max-video-preview:-1"},"canonical":"https:\/\/interamerica.org\/es\/2018\/05\/las-reuniones-de-evangelizacion-en-japon-son-impulsadas-por-la-oracion\/","og_locale":"es_ES","og_type":"article","og_title":"Las reuniones de evangelizaci\u00f3n en Jap\u00f3n son impulsadas por la oraci\u00f3n - Iglesia Adventista del S\u00e9ptimo D\u00eda - Divisi\u00f3n Interamericana","og_description":"8 de mayo de 2018 | Tokio, Jap\u00f3n | Marcos Paseggi, Adventist Review Las reuniones de evangelizaci\u00f3n a lo largo y a lo ancho de Jap\u00f3n comenzaron oficialmente el viernes...","og_url":"https:\/\/interamerica.org\/es\/2018\/05\/las-reuniones-de-evangelizacion-en-japon-son-impulsadas-por-la-oracion\/","og_site_name":"Iglesia Adventista del S\u00e9ptimo D\u00eda - Divisi\u00f3n Interamericana","article_published_time":"2018-05-09T16:14:04+00:00","article_modified_time":"2018-05-16T14:34:49+00:00","og_image":[{"width":1280,"height":800,"url":"https:\/\/interamerica.org\/wp-content\/uploads\/2018\/05\/evangelistic-meetings-across-japan-propelled-by-prayer1280.jpg","type":"image\/jpeg"}],"author":"libna","twitter_card":"summary_large_image","twitter_misc":{"Escrito por":"libna","Tiempo de lectura":"5 minutos"},"schema":{"@context":"https:\/\/schema.org","@graph":[{"@type":"Article","@id":"https:\/\/interamerica.org\/es\/2018\/05\/las-reuniones-de-evangelizacion-en-japon-son-impulsadas-por-la-oracion\/#article","isPartOf":{"@id":"https:\/\/interamerica.org\/es\/2018\/05\/las-reuniones-de-evangelizacion-en-japon-son-impulsadas-por-la-oracion\/"},"author":{"name":"libna","@id":"https:\/\/interamerica.org\/es\/#\/schema\/person\/29998f2bc2d8bd0d38662909289b54f1"},"headline":"Las reuniones de evangelizaci\u00f3n en Jap\u00f3n son impulsadas por la oraci\u00f3n","datePublished":"2018-05-09T16:14:04+00:00","dateModified":"2018-05-16T14:34:49+00:00","mainEntityOfPage":{"@id":"https:\/\/interamerica.org\/es\/2018\/05\/las-reuniones-de-evangelizacion-en-japon-son-impulsadas-por-la-oracion\/"},"wordCount":988,"commentCount":0,"image":{"@id":"https:\/\/interamerica.org\/es\/2018\/05\/las-reuniones-de-evangelizacion-en-japon-son-impulsadas-por-la-oracion\/#primaryimage"},"thumbnailUrl":"https:\/\/interamerica.org\/wp-content\/uploads\/2018\/05\/evangelistic-meetings-across-japan-propelled-by-prayer1280.jpg","articleSection":["Desde la iglesia mundial","RSS Espa\u00f1ol"],"inLanguage":"es","potentialAction":[{"@type":"CommentAction","name":"Comment","target":["https:\/\/interamerica.org\/es\/2018\/05\/las-reuniones-de-evangelizacion-en-japon-son-impulsadas-por-la-oracion\/#respond"]}]},{"@type":"WebPage","@id":"https:\/\/interamerica.org\/es\/2018\/05\/las-reuniones-de-evangelizacion-en-japon-son-impulsadas-por-la-oracion\/","url":"https:\/\/interamerica.org\/es\/2018\/05\/las-reuniones-de-evangelizacion-en-japon-son-impulsadas-por-la-oracion\/","name":"Las reuniones de evangelizaci\u00f3n en Jap\u00f3n son impulsadas por la oraci\u00f3n - Iglesia Adventista del S\u00e9ptimo D\u00eda - Divisi\u00f3n Interamericana","isPartOf":{"@id":"https:\/\/interamerica.org\/es\/#website"},"primaryImageOfPage":{"@id":"https:\/\/interamerica.org\/es\/2018\/05\/las-reuniones-de-evangelizacion-en-japon-son-impulsadas-por-la-oracion\/#primaryimage"},"image":{"@id":"https:\/\/interamerica.org\/es\/2018\/05\/las-reuniones-de-evangelizacion-en-japon-son-impulsadas-por-la-oracion\/#primaryimage"},"thumbnailUrl":"https:\/\/interamerica.org\/wp-content\/uploads\/2018\/05\/evangelistic-meetings-across-japan-propelled-by-prayer1280.jpg","datePublished":"2018-05-09T16:14:04+00:00","dateModified":"2018-05-16T14:34:49+00:00","author":{"@id":"https:\/\/interamerica.org\/es\/#\/schema\/person\/29998f2bc2d8bd0d38662909289b54f1"},"breadcrumb":{"@id":"https:\/\/interamerica.org\/es\/2018\/05\/las-reuniones-de-evangelizacion-en-japon-son-impulsadas-por-la-oracion\/#breadcrumb"},"inLanguage":"es","potentialAction":[{"@type":"ReadAction","target":["https:\/\/interamerica.org\/es\/2018\/05\/las-reuniones-de-evangelizacion-en-japon-son-impulsadas-por-la-oracion\/"]}]},{"@type":"ImageObject","inLanguage":"es","@id":"https:\/\/interamerica.org\/es\/2018\/05\/las-reuniones-de-evangelizacion-en-japon-son-impulsadas-por-la-oracion\/#primaryimage","url":"https:\/\/interamerica.org\/wp-content\/uploads\/2018\/05\/evangelistic-meetings-across-japan-propelled-by-prayer1280.jpg","contentUrl":"https:\/\/interamerica.org\/wp-content\/uploads\/2018\/05\/evangelistic-meetings-across-japan-propelled-by-prayer1280.jpg","width":1280,"height":800},{"@type":"BreadcrumbList","@id":"https:\/\/interamerica.org\/es\/2018\/05\/las-reuniones-de-evangelizacion-en-japon-son-impulsadas-por-la-oracion\/#breadcrumb","itemListElement":[{"@type":"ListItem","position":1,"name":"Home","item":"https:\/\/interamerica.org\/es\/"},{"@type":"ListItem","position":2,"name":"Las reuniones de evangelizaci\u00f3n en Jap\u00f3n son impulsadas por la oraci\u00f3n"}]},{"@type":"WebSite","@id":"https:\/\/interamerica.org\/es\/#website","url":"https:\/\/interamerica.org\/es\/","name":"Iglesia Adventista del S\u00e9ptimo D\u00eda - Divisi\u00f3n Interamericana","description":"","potentialAction":[{"@type":"SearchAction","target":{"@type":"EntryPoint","urlTemplate":"https:\/\/interamerica.org\/es\/?s={search_term_string}"},"query-input":{"@type":"PropertyValueSpecification","valueRequired":true,"valueName":"search_term_string"}}],"inLanguage":"es"},{"@type":"Person","@id":"https:\/\/interamerica.org\/es\/#\/schema\/person\/29998f2bc2d8bd0d38662909289b54f1","name":"libna","image":{"@type":"ImageObject","inLanguage":"es","@id":"https:\/\/secure.gravatar.com\/avatar\/7c5bd30ae4b47a9ba3c856590957fd1d96dc588bf3ac05719d247e126840331f?s=96&d=mm&r=g","url":"https:\/\/secure.gravatar.com\/avatar\/7c5bd30ae4b47a9ba3c856590957fd1d96dc588bf3ac05719d247e126840331f?s=96&d=mm&r=g","contentUrl":"https:\/\/secure.gravatar.com\/avatar\/7c5bd30ae4b47a9ba3c856590957fd1d96dc588bf3ac05719d247e126840331f?s=96&d=mm&r=g","caption":"libna"}}]}},"_links":{"self":[{"href":"https:\/\/interamerica.org\/es\/wp-json\/wp\/v2\/posts\/41496","targetHints":{"allow":["GET"]}}],"collection":[{"href":"https:\/\/interamerica.org\/es\/wp-json\/wp\/v2\/posts"}],"about":[{"href":"https:\/\/interamerica.org\/es\/wp-json\/wp\/v2\/types\/post"}],"author":[{"embeddable":true,"href":"https:\/\/interamerica.org\/es\/wp-json\/wp\/v2\/users\/3"}],"replies":[{"embeddable":true,"href":"https:\/\/interamerica.org\/es\/wp-json\/wp\/v2\/comments?post=41496"}],"version-history":[{"count":0,"href":"https:\/\/interamerica.org\/es\/wp-json\/wp\/v2\/posts\/41496\/revisions"}],"wp:featuredmedia":[{"embeddable":true,"href":"https:\/\/interamerica.org\/es\/wp-json\/wp\/v2\/media\/41487"}],"wp:attachment":[{"href":"https:\/\/interamerica.org\/es\/wp-json\/wp\/v2\/media?parent=41496"}],"wp:term":[{"taxonomy":"category","embeddable":true,"href":"https:\/\/interamerica.org\/es\/wp-json\/wp\/v2\/categories?post=41496"},{"taxonomy":"post_tag","embeddable":true,"href":"https:\/\/interamerica.org\/es\/wp-json\/wp\/v2\/tags?post=41496"}],"curies":[{"name":"wp","href":"https:\/\/api.w.org\/{rel}","templated":true}]}}