{"id":41524,"date":"2018-05-10T17:11:04","date_gmt":"2018-05-10T21:11:04","guid":{"rendered":"https:\/\/recursing-golick.147-182-135-0.plesk.page\/?p=41524"},"modified":"2018-05-11T10:34:49","modified_gmt":"2018-05-11T14:34:49","slug":"en-america-central-conferencia-biblica-desafia-a-los-pastores-para-que-defiendan-las-verdades-biblicas-y-los-escritos-de-elena-g-white","status":"publish","type":"post","link":"https:\/\/interamerica.org\/es\/2018\/05\/en-america-central-conferencia-biblica-desafia-a-los-pastores-para-que-defiendan-las-verdades-biblicas-y-los-escritos-de-elena-g-white\/","title":{"rendered":"En Centroam\u00e9rica, conferencia b\u00edblica desaf\u00eda a los pastores para que defiendan las verdades b\u00edblicas y los escritos de Elena G. White"},"content":{"rendered":"<div id=\"attachment_41510\" style=\"width: 770px\" class=\"wp-caption aligncenter\"><img fetchpriority=\"high\" decoding=\"async\" aria-describedby=\"caption-attachment-41510\" class=\" wp-image-41510\" src=\"https:\/\/recursing-golick.147-182-135-0.plesk.page\/wp-content\/uploads\/2018\/05\/bibleconf-cr-1280-1024x640.jpg\" alt=\"\" width=\"760\" height=\"475\" srcset=\"https:\/\/interamerica.org\/wp-content\/uploads\/2018\/05\/bibleconf-cr-1280-1024x640.jpg 1024w, https:\/\/interamerica.org\/wp-content\/uploads\/2018\/05\/bibleconf-cr-1280-300x188.jpg 300w, https:\/\/interamerica.org\/wp-content\/uploads\/2018\/05\/bibleconf-cr-1280-768x480.jpg 768w, https:\/\/interamerica.org\/wp-content\/uploads\/2018\/05\/bibleconf-cr-1280.jpg 1280w\" sizes=\"(max-width: 760px) 100vw, 760px\" \/><p id=\"caption-attachment-41510\" class=\"wp-caption-text\">Presentadores en la Conferencia B\u00edblica llevada a cabo en la Universidad Adventista Centroamericana en Alajuela, Costa Rica, del 25 al 28 de abril de 2018. Imagen por cortes\u00eda de la Universidad Adventista Centroamericana.<\/p><\/div>\n<p>9 de mayo de 2018 | Alajuela, Costa Rica | Gustavo Men\u00e9ndez\/DIA<\/p>\n<p>Cientos de pastores y laicos adventistas de toda Am\u00e9rica Central se reunieron hace poco para una Conferencia B\u00edblica y del Don de Profec\u00eda, para reafirmar su compromiso en defender las verdades de la Biblia como la \u00fanica regla de fe y pr\u00e1ctica.<\/p>\n<p>Los m\u00e1s de seiscientos que asistieron testificaron de c\u00f3mo la Biblia incluye el don de profec\u00eda entre los dones del Esp\u00edritu Santo destinados a edificar la Iglesia Cristiana, durante los cuatro d\u00edas de la conferencia llevada a cabo en la Universidad Adventista Centroamericana (UNADECA) en Alajuela, Costa Rica, del 25 al 28 de abril de 2018.<\/p>\n<p>Fue la primera conferencia de este tipo para ministros y laicos que est\u00e1n al frente de iglesias en Belice, Guatemala, El Salvador, Honduras, Nicaragua, Costa Rica y Panam\u00e1, dijo el doctor Franz R\u00edos, director del Centro de Estudio White en el campus de la <a href=\"mailto:http:\/\/unadeca.ac.cr\/home\/\">UNADECA<\/a> y organizador del evento.<\/p>\n<p>\u201cLa Biblia es nuestra \u00fanica regla de fe y pr\u00e1ctica y, como adventistas, no tenemos un credo: El credo es la Biblia, y aceptamos el don prof\u00e9tico como la manifestaci\u00f3n verdadera de los \u00faltimos d\u00edas\u201d, dijo el doctor Alberto Timm, director asociado del Patrimonio White. \u201cReconocemos el principio de Sola Scriptura, de que la Biblia es la autoridad exclusiva para interpretarse a s\u00ed misma\u201d.<\/p>\n<p>Timm enfatiz\u00f3 que la iglesia cree en la exactitud hist\u00f3rica de las narraciones b\u00edblicas, y de que el don de profec\u00eda no remplaza a la Biblia pero \u201cnos conduce hacia la autoridad de la Biblia\u201d.<\/p>\n<p><strong>Dios nos habla<\/strong><\/p>\n<p>Esto se relaciona con la manera en que Dios decidi\u00f3 hablarle al ser humano, dijo el doctor El\u00edas Brasil de Souza, director del Instituto de Investigaciones B\u00edblicas de la Iglesia Adventista. \u201cCreemos en un Dios que se comunica con nosotros, y que usa la Biblia para comunicar sus mensajes y a los profetas como sus mensajeros\u201d, dijo Brasil de Souza.<\/p>\n<p>As\u00ed como Dios us\u00f3 a los profetas b\u00edblicos para guiar a su pueblo, tambi\u00e9n utiliz\u00f3 a Elena G. White, una de las fundadoras de la Iglesia Adventista, dijo el doctor Frank Hassel, director asociado del Instituto de Investigaciones B\u00edblicas. \u201cSus escritos fueron fundamentales para el surgimiento y la consolidaci\u00f3n de los comienzos de la Iglesia Adventista del S\u00e9ptimo D\u00eda\u201d, dijo Hassel.<\/p>\n<p>Se record\u00f3 tanto a los pastores como a los laicos que no corran el riesgo de aplicar distorsiones hermen\u00e9uticas al interpretar las Sagradas Escrituras y el esp\u00edritu de profec\u00eda como por ejemplo el reduccionismo, donde solo se enfatiza un punto de verdad de manera tal que se pierde de vista el alcance del mensaje del evangelio.<\/p>\n<div id=\"attachment_41514\" style=\"width: 769px\" class=\"wp-caption aligncenter\"><img decoding=\"async\" aria-describedby=\"caption-attachment-41514\" class=\" wp-image-41514\" src=\"https:\/\/recursing-golick.147-182-135-0.plesk.page\/wp-content\/uploads\/2018\/05\/bibleconf-cr.jpg\" alt=\"\" width=\"759\" height=\"475\" srcset=\"https:\/\/interamerica.org\/wp-content\/uploads\/2018\/05\/bibleconf-cr.jpg 1000w, https:\/\/interamerica.org\/wp-content\/uploads\/2018\/05\/bibleconf-cr-300x188.jpg 300w, https:\/\/interamerica.org\/wp-content\/uploads\/2018\/05\/bibleconf-cr-768x480.jpg 768w\" sizes=\"(max-width: 759px) 100vw, 759px\" \/><p id=\"caption-attachment-41514\" class=\"wp-caption-text\">M\u00e1s de seiscientos pastores y laicos participaron de la Conferencia B\u00edblica el mes pasado. Imagen por cortes\u00eda de la Universidad Adventista Centroamericana.<\/p><\/div>\n<p>\u201cComo adventistas, tenemos que ser equilibrados\u201d, a\u00f1adi\u00f3 Timm. \u201cNi fan\u00e1ticos ni liberals, tenemos que aprender a distinguir entre las leyes y las normas, los principios y los consejos. Tenemos que estudiar el contexto hist\u00f3rico, gramatical y teol\u00f3gico de las Escrituras y de los escritos de Elena G. White\u201d.<\/p>\n<p><strong>C\u00f3mo alcanzar a las nuevas generaciones<\/strong><\/p>\n<p>Una de las principales preocupaciones presentadas durante la conferencia fue la responsabilidad de llegar e incluir a las nuevas generaciones de adventistas, cuyas preguntas y desaf\u00edos requieren que la iglesia torne relevante el ministerio de Elena G. White.<\/p>\n<p>El doctor Dwayne Esmond, director asociado del Patrimonio White, dijo que \u201clas nuevas generaciones de la iglesia, en especial los nacidos entre 1990 y 1994, son muy creativos e innovadores, y necesitan un enfoque diferente al esp\u00edritu de profec\u00eda, no c\u00f3mo c\u00f3digos que buscan cambiar su conducta o estilo de vida sino como fuente de inspiraci\u00f3n que los lleva a relacionarme de manera m\u00e1s \u00edntima con Cristo\u201d.<\/p>\n<p>Los asistentes a la conferencia recibieron los resultados de las encuestas de un estudio llevado a cabo por el doctor R\u00edos, de un grupo de 4406 miembros de iglesia de 725 congregaciones de los pa\u00edses centroamericanos, sobre la conducta entre los feligreses que leen peri\u00f3dicamente los escritos de Elena G. White o que no lo hacen.<\/p>\n<p>El doctor R\u00edos, que recopil\u00f3 los datos el a\u00f1o pasado, dijo que replic\u00f3 el estudio llevado a cabo originalmente por Roger L. Dudley y Des Cumming Jr. en 1980, por el Instituto de Ministerios de la Iglesia de la Divisi\u00f3n Norteamericana.<\/p>\n<p>Los resultados fueron muy reveladores, dijo R\u00edos. \u201cAlrededor del 61,1 por ciento de los encuestados admiti\u00f3 que no leen los escritos de Elena G. White, y solo el 38,9 por ciento de los miembros de iglesia de Am\u00e9rica Central los leen con regularidad. Los que lo hacen han sido miembros durante m\u00e1s de veinte a\u00f1os\u201d, expres\u00f3 R\u00edos.<\/p>\n<p>El estudio tambi\u00e9n confirm\u00f3 el efecto positivo de la lectura regular de los escritos del esp\u00edritu de profec\u00eda, dado que el 87,1 por ciento de los miembros dijo que ten\u00edan una mejor relaci\u00f3n con Dios, inform\u00f3 R\u00edos. Alrededor del 82,6 por ciento reconoci\u00f3 una mejora en sus dones espirituales para el servicio comunitario; el 76 por ciento de los encuestados son m\u00e1s conscientes de la necesidad de fondos para el evangelismo, y afirman sentirse m\u00e1s preparados para la testificaci\u00f3n. El 66,4 dijo que llevaban a cabo el culto familiar con regularidad, seg\u00fan el estudio.<\/p>\n<p>\u201cHemos fallado a las nuevas generaciones de la iglesia con las preciosas verdades del esp\u00edritu de profec\u00eda\u201d, dijo R\u00edos.<\/p>\n<p>La conferencia b\u00edblica reuni\u00f3 un n\u00famero de resoluciones a manera de recomendaciones a los l\u00edderes y ministros de la iglesia en Centroam\u00e9rica, para que dediquen un mes por a\u00f1o para promover la lectura del esp\u00edritu de profec\u00eda en las iglesias y los grupos peque\u00f1os, as\u00ed como m\u00e1s lecturas por medio de la iniciativa de la iglesia denominada \u201cRevividos por su Palabra\u201d y \u201cCreed a sus profetas\u201d. Los l\u00edderes tambi\u00e9n se comprometieron a hacer uso de la tecnolog\u00eda digital para alcanzar a las generaciones m\u00e1s j\u00f3venes con el mensaje del esp\u00edritu de profec\u00eda.<\/p>\n<p>Entre los presentadores de la conferencia b\u00edblica estuvieron el doctor Jim Nix, director del <a href=\"mailto:http:\/\/www.whiteestate.org\/\">Patrimonio White<\/a>, el doctor Clinton Wahlen y Frank Hassel, del Instituto de Investigaciones B\u00edblicas; el pastor Israel Leito, presidente de la Divisi\u00f3n Interamericana, el doctor Efra\u00edn Vel\u00e1zquez, presidente del SETAI, el doctor Juan Jos\u00e9 Andrade, director del Patrimonio White en la Universidad de Montemorelos de M\u00e9xico, as\u00ed como el doctor Carlos El\u00edas Mora, del Instituto Internacional Adventista de Estudios Avanzados en las Filipinas.<\/p>\n<p>Traducci\u00f3n de Marcos Paseggi<\/p>\n","protected":false},"excerpt":{"rendered":"<p>9 de mayo de 2018 | Alajuela, Costa Rica | Gustavo Men\u00e9ndez\/DIA Cientos de pastores y laicos adventistas de toda Am\u00e9rica Central se reunieron hace poco para una Conferencia B\u00edblica&#8230;<\/p>\n","protected":false},"author":3,"featured_media":41512,"comment_status":"open","ping_status":"closed","sticky":false,"template":"","format":"standard","meta":{"_acf_changed":false,"footnotes":""},"categories":[17,15],"tags":[],"class_list":["post-41524","post","type-post","status-publish","format-standard","has-post-thumbnail","hentry","category-desde-el-campo","category-rss-espanol"],"acf":[],"yoast_head":"<!-- This site is optimized with the Yoast SEO plugin v27.3 - https:\/\/yoast.com\/product\/yoast-seo-wordpress\/ -->\n<title>En Centroam\u00e9rica, conferencia b\u00edblica desaf\u00eda a los pastores para que defiendan las verdades b\u00edblicas y los escritos de Elena G. White - Iglesia Adventista del S\u00e9ptimo D\u00eda - Divisi\u00f3n Interamericana<\/title>\n<meta name=\"robots\" content=\"index, follow, max-snippet:-1, max-image-preview:large, max-video-preview:-1\" \/>\n<link rel=\"canonical\" href=\"https:\/\/interamerica.org\/es\/2018\/05\/en-america-central-conferencia-biblica-desafia-a-los-pastores-para-que-defiendan-las-verdades-biblicas-y-los-escritos-de-elena-g-white\/\" \/>\n<meta property=\"og:locale\" content=\"es_ES\" \/>\n<meta property=\"og:type\" content=\"article\" \/>\n<meta property=\"og:title\" content=\"En Centroam\u00e9rica, conferencia b\u00edblica desaf\u00eda a los pastores para que defiendan las verdades b\u00edblicas y los escritos de Elena G. White - Iglesia Adventista del S\u00e9ptimo D\u00eda - Divisi\u00f3n Interamericana\" \/>\n<meta property=\"og:description\" content=\"9 de mayo de 2018 | Alajuela, Costa Rica | Gustavo Men\u00e9ndez\/DIA Cientos de pastores y laicos adventistas de toda Am\u00e9rica Central se reunieron hace poco para una Conferencia B\u00edblica...\" \/>\n<meta property=\"og:url\" content=\"https:\/\/interamerica.org\/es\/2018\/05\/en-america-central-conferencia-biblica-desafia-a-los-pastores-para-que-defiendan-las-verdades-biblicas-y-los-escritos-de-elena-g-white\/\" \/>\n<meta property=\"og:site_name\" content=\"Iglesia Adventista del S\u00e9ptimo D\u00eda - Divisi\u00f3n Interamericana\" \/>\n<meta property=\"article:published_time\" content=\"2018-05-10T21:11:04+00:00\" \/>\n<meta property=\"article:modified_time\" content=\"2018-05-11T14:34:49+00:00\" \/>\n<meta property=\"og:image\" content=\"https:\/\/interamerica.org\/wp-content\/uploads\/2018\/05\/bibleconf-cr-1280.jpg\" \/>\n\t<meta property=\"og:image:width\" content=\"1280\" \/>\n\t<meta property=\"og:image:height\" content=\"800\" \/>\n\t<meta property=\"og:image:type\" content=\"image\/jpeg\" \/>\n<meta name=\"author\" content=\"libna\" \/>\n<meta name=\"twitter:card\" content=\"summary_large_image\" \/>\n<meta name=\"twitter:label1\" content=\"Escrito por\" \/>\n\t<meta name=\"twitter:data1\" content=\"libna\" \/>\n\t<meta name=\"twitter:label2\" content=\"Tiempo de lectura\" \/>\n\t<meta name=\"twitter:data2\" content=\"6 minutos\" \/>\n<script type=\"application\/ld+json\" class=\"yoast-schema-graph\">{\"@context\":\"https:\\\/\\\/schema.org\",\"@graph\":[{\"@type\":\"Article\",\"@id\":\"https:\\\/\\\/interamerica.org\\\/es\\\/2018\\\/05\\\/en-america-central-conferencia-biblica-desafia-a-los-pastores-para-que-defiendan-las-verdades-biblicas-y-los-escritos-de-elena-g-white\\\/#article\",\"isPartOf\":{\"@id\":\"https:\\\/\\\/interamerica.org\\\/es\\\/2018\\\/05\\\/en-america-central-conferencia-biblica-desafia-a-los-pastores-para-que-defiendan-las-verdades-biblicas-y-los-escritos-de-elena-g-white\\\/\"},\"author\":{\"name\":\"libna\",\"@id\":\"https:\\\/\\\/interamerica.org\\\/es\\\/#\\\/schema\\\/person\\\/29998f2bc2d8bd0d38662909289b54f1\"},\"headline\":\"En Centroam\u00e9rica, conferencia b\u00edblica desaf\u00eda a los pastores para que defiendan las verdades b\u00edblicas y los escritos de Elena G. White\",\"datePublished\":\"2018-05-10T21:11:04+00:00\",\"dateModified\":\"2018-05-11T14:34:49+00:00\",\"mainEntityOfPage\":{\"@id\":\"https:\\\/\\\/interamerica.org\\\/es\\\/2018\\\/05\\\/en-america-central-conferencia-biblica-desafia-a-los-pastores-para-que-defiendan-las-verdades-biblicas-y-los-escritos-de-elena-g-white\\\/\"},\"wordCount\":1206,\"commentCount\":0,\"image\":{\"@id\":\"https:\\\/\\\/interamerica.org\\\/es\\\/2018\\\/05\\\/en-america-central-conferencia-biblica-desafia-a-los-pastores-para-que-defiendan-las-verdades-biblicas-y-los-escritos-de-elena-g-white\\\/#primaryimage\"},\"thumbnailUrl\":\"https:\\\/\\\/interamerica.org\\\/wp-content\\\/uploads\\\/2018\\\/05\\\/bibleconf-cr-1280.jpg\",\"articleSection\":[\"Desde el campo\",\"RSS Espa\u00f1ol\"],\"inLanguage\":\"es\",\"potentialAction\":[{\"@type\":\"CommentAction\",\"name\":\"Comment\",\"target\":[\"https:\\\/\\\/interamerica.org\\\/es\\\/2018\\\/05\\\/en-america-central-conferencia-biblica-desafia-a-los-pastores-para-que-defiendan-las-verdades-biblicas-y-los-escritos-de-elena-g-white\\\/#respond\"]}]},{\"@type\":\"WebPage\",\"@id\":\"https:\\\/\\\/interamerica.org\\\/es\\\/2018\\\/05\\\/en-america-central-conferencia-biblica-desafia-a-los-pastores-para-que-defiendan-las-verdades-biblicas-y-los-escritos-de-elena-g-white\\\/\",\"url\":\"https:\\\/\\\/interamerica.org\\\/es\\\/2018\\\/05\\\/en-america-central-conferencia-biblica-desafia-a-los-pastores-para-que-defiendan-las-verdades-biblicas-y-los-escritos-de-elena-g-white\\\/\",\"name\":\"En Centroam\u00e9rica, conferencia b\u00edblica desaf\u00eda a los pastores para que defiendan las verdades b\u00edblicas y los escritos de Elena G. White - Iglesia Adventista del S\u00e9ptimo D\u00eda - Divisi\u00f3n Interamericana\",\"isPartOf\":{\"@id\":\"https:\\\/\\\/interamerica.org\\\/es\\\/#website\"},\"primaryImageOfPage\":{\"@id\":\"https:\\\/\\\/interamerica.org\\\/es\\\/2018\\\/05\\\/en-america-central-conferencia-biblica-desafia-a-los-pastores-para-que-defiendan-las-verdades-biblicas-y-los-escritos-de-elena-g-white\\\/#primaryimage\"},\"image\":{\"@id\":\"https:\\\/\\\/interamerica.org\\\/es\\\/2018\\\/05\\\/en-america-central-conferencia-biblica-desafia-a-los-pastores-para-que-defiendan-las-verdades-biblicas-y-los-escritos-de-elena-g-white\\\/#primaryimage\"},\"thumbnailUrl\":\"https:\\\/\\\/interamerica.org\\\/wp-content\\\/uploads\\\/2018\\\/05\\\/bibleconf-cr-1280.jpg\",\"datePublished\":\"2018-05-10T21:11:04+00:00\",\"dateModified\":\"2018-05-11T14:34:49+00:00\",\"author\":{\"@id\":\"https:\\\/\\\/interamerica.org\\\/es\\\/#\\\/schema\\\/person\\\/29998f2bc2d8bd0d38662909289b54f1\"},\"breadcrumb\":{\"@id\":\"https:\\\/\\\/interamerica.org\\\/es\\\/2018\\\/05\\\/en-america-central-conferencia-biblica-desafia-a-los-pastores-para-que-defiendan-las-verdades-biblicas-y-los-escritos-de-elena-g-white\\\/#breadcrumb\"},\"inLanguage\":\"es\",\"potentialAction\":[{\"@type\":\"ReadAction\",\"target\":[\"https:\\\/\\\/interamerica.org\\\/es\\\/2018\\\/05\\\/en-america-central-conferencia-biblica-desafia-a-los-pastores-para-que-defiendan-las-verdades-biblicas-y-los-escritos-de-elena-g-white\\\/\"]}]},{\"@type\":\"ImageObject\",\"inLanguage\":\"es\",\"@id\":\"https:\\\/\\\/interamerica.org\\\/es\\\/2018\\\/05\\\/en-america-central-conferencia-biblica-desafia-a-los-pastores-para-que-defiendan-las-verdades-biblicas-y-los-escritos-de-elena-g-white\\\/#primaryimage\",\"url\":\"https:\\\/\\\/interamerica.org\\\/wp-content\\\/uploads\\\/2018\\\/05\\\/bibleconf-cr-1280.jpg\",\"contentUrl\":\"https:\\\/\\\/interamerica.org\\\/wp-content\\\/uploads\\\/2018\\\/05\\\/bibleconf-cr-1280.jpg\",\"width\":1280,\"height\":800,\"caption\":\"Presenters at the Bible Conference held at the Central American Adventist University in Alajuela, Costa Rica, April 25-28, 2018. Image courtesy of Central American Adventist University.\"},{\"@type\":\"BreadcrumbList\",\"@id\":\"https:\\\/\\\/interamerica.org\\\/es\\\/2018\\\/05\\\/en-america-central-conferencia-biblica-desafia-a-los-pastores-para-que-defiendan-las-verdades-biblicas-y-los-escritos-de-elena-g-white\\\/#breadcrumb\",\"itemListElement\":[{\"@type\":\"ListItem\",\"position\":1,\"name\":\"Home\",\"item\":\"https:\\\/\\\/interamerica.org\\\/es\\\/\"},{\"@type\":\"ListItem\",\"position\":2,\"name\":\"En Centroam\u00e9rica, conferencia b\u00edblica desaf\u00eda a los pastores para que defiendan las verdades b\u00edblicas y los escritos de Elena G. White\"}]},{\"@type\":\"WebSite\",\"@id\":\"https:\\\/\\\/interamerica.org\\\/es\\\/#website\",\"url\":\"https:\\\/\\\/interamerica.org\\\/es\\\/\",\"name\":\"Iglesia Adventista del S\u00e9ptimo D\u00eda - Divisi\u00f3n Interamericana\",\"description\":\"\",\"potentialAction\":[{\"@type\":\"SearchAction\",\"target\":{\"@type\":\"EntryPoint\",\"urlTemplate\":\"https:\\\/\\\/interamerica.org\\\/es\\\/?s={search_term_string}\"},\"query-input\":{\"@type\":\"PropertyValueSpecification\",\"valueRequired\":true,\"valueName\":\"search_term_string\"}}],\"inLanguage\":\"es\"},{\"@type\":\"Person\",\"@id\":\"https:\\\/\\\/interamerica.org\\\/es\\\/#\\\/schema\\\/person\\\/29998f2bc2d8bd0d38662909289b54f1\",\"name\":\"libna\",\"image\":{\"@type\":\"ImageObject\",\"inLanguage\":\"es\",\"@id\":\"https:\\\/\\\/secure.gravatar.com\\\/avatar\\\/7c5bd30ae4b47a9ba3c856590957fd1d96dc588bf3ac05719d247e126840331f?s=96&d=mm&r=g\",\"url\":\"https:\\\/\\\/secure.gravatar.com\\\/avatar\\\/7c5bd30ae4b47a9ba3c856590957fd1d96dc588bf3ac05719d247e126840331f?s=96&d=mm&r=g\",\"contentUrl\":\"https:\\\/\\\/secure.gravatar.com\\\/avatar\\\/7c5bd30ae4b47a9ba3c856590957fd1d96dc588bf3ac05719d247e126840331f?s=96&d=mm&r=g\",\"caption\":\"libna\"}}]}<\/script>\n<!-- \/ Yoast SEO plugin. -->","yoast_head_json":{"title":"En Centroam\u00e9rica, conferencia b\u00edblica desaf\u00eda a los pastores para que defiendan las verdades b\u00edblicas y los escritos de Elena G. White - Iglesia Adventista del S\u00e9ptimo D\u00eda - Divisi\u00f3n Interamericana","robots":{"index":"index","follow":"follow","max-snippet":"max-snippet:-1","max-image-preview":"max-image-preview:large","max-video-preview":"max-video-preview:-1"},"canonical":"https:\/\/interamerica.org\/es\/2018\/05\/en-america-central-conferencia-biblica-desafia-a-los-pastores-para-que-defiendan-las-verdades-biblicas-y-los-escritos-de-elena-g-white\/","og_locale":"es_ES","og_type":"article","og_title":"En Centroam\u00e9rica, conferencia b\u00edblica desaf\u00eda a los pastores para que defiendan las verdades b\u00edblicas y los escritos de Elena G. White - Iglesia Adventista del S\u00e9ptimo D\u00eda - Divisi\u00f3n Interamericana","og_description":"9 de mayo de 2018 | Alajuela, Costa Rica | Gustavo Men\u00e9ndez\/DIA Cientos de pastores y laicos adventistas de toda Am\u00e9rica Central se reunieron hace poco para una Conferencia B\u00edblica...","og_url":"https:\/\/interamerica.org\/es\/2018\/05\/en-america-central-conferencia-biblica-desafia-a-los-pastores-para-que-defiendan-las-verdades-biblicas-y-los-escritos-de-elena-g-white\/","og_site_name":"Iglesia Adventista del S\u00e9ptimo D\u00eda - Divisi\u00f3n Interamericana","article_published_time":"2018-05-10T21:11:04+00:00","article_modified_time":"2018-05-11T14:34:49+00:00","og_image":[{"width":1280,"height":800,"url":"https:\/\/interamerica.org\/wp-content\/uploads\/2018\/05\/bibleconf-cr-1280.jpg","type":"image\/jpeg"}],"author":"libna","twitter_card":"summary_large_image","twitter_misc":{"Escrito por":"libna","Tiempo de lectura":"6 minutos"},"schema":{"@context":"https:\/\/schema.org","@graph":[{"@type":"Article","@id":"https:\/\/interamerica.org\/es\/2018\/05\/en-america-central-conferencia-biblica-desafia-a-los-pastores-para-que-defiendan-las-verdades-biblicas-y-los-escritos-de-elena-g-white\/#article","isPartOf":{"@id":"https:\/\/interamerica.org\/es\/2018\/05\/en-america-central-conferencia-biblica-desafia-a-los-pastores-para-que-defiendan-las-verdades-biblicas-y-los-escritos-de-elena-g-white\/"},"author":{"name":"libna","@id":"https:\/\/interamerica.org\/es\/#\/schema\/person\/29998f2bc2d8bd0d38662909289b54f1"},"headline":"En Centroam\u00e9rica, conferencia b\u00edblica desaf\u00eda a los pastores para que defiendan las verdades b\u00edblicas y los escritos de Elena G. White","datePublished":"2018-05-10T21:11:04+00:00","dateModified":"2018-05-11T14:34:49+00:00","mainEntityOfPage":{"@id":"https:\/\/interamerica.org\/es\/2018\/05\/en-america-central-conferencia-biblica-desafia-a-los-pastores-para-que-defiendan-las-verdades-biblicas-y-los-escritos-de-elena-g-white\/"},"wordCount":1206,"commentCount":0,"image":{"@id":"https:\/\/interamerica.org\/es\/2018\/05\/en-america-central-conferencia-biblica-desafia-a-los-pastores-para-que-defiendan-las-verdades-biblicas-y-los-escritos-de-elena-g-white\/#primaryimage"},"thumbnailUrl":"https:\/\/interamerica.org\/wp-content\/uploads\/2018\/05\/bibleconf-cr-1280.jpg","articleSection":["Desde el campo","RSS Espa\u00f1ol"],"inLanguage":"es","potentialAction":[{"@type":"CommentAction","name":"Comment","target":["https:\/\/interamerica.org\/es\/2018\/05\/en-america-central-conferencia-biblica-desafia-a-los-pastores-para-que-defiendan-las-verdades-biblicas-y-los-escritos-de-elena-g-white\/#respond"]}]},{"@type":"WebPage","@id":"https:\/\/interamerica.org\/es\/2018\/05\/en-america-central-conferencia-biblica-desafia-a-los-pastores-para-que-defiendan-las-verdades-biblicas-y-los-escritos-de-elena-g-white\/","url":"https:\/\/interamerica.org\/es\/2018\/05\/en-america-central-conferencia-biblica-desafia-a-los-pastores-para-que-defiendan-las-verdades-biblicas-y-los-escritos-de-elena-g-white\/","name":"En Centroam\u00e9rica, conferencia b\u00edblica desaf\u00eda a los pastores para que defiendan las verdades b\u00edblicas y los escritos de Elena G. White - Iglesia Adventista del S\u00e9ptimo D\u00eda - Divisi\u00f3n Interamericana","isPartOf":{"@id":"https:\/\/interamerica.org\/es\/#website"},"primaryImageOfPage":{"@id":"https:\/\/interamerica.org\/es\/2018\/05\/en-america-central-conferencia-biblica-desafia-a-los-pastores-para-que-defiendan-las-verdades-biblicas-y-los-escritos-de-elena-g-white\/#primaryimage"},"image":{"@id":"https:\/\/interamerica.org\/es\/2018\/05\/en-america-central-conferencia-biblica-desafia-a-los-pastores-para-que-defiendan-las-verdades-biblicas-y-los-escritos-de-elena-g-white\/#primaryimage"},"thumbnailUrl":"https:\/\/interamerica.org\/wp-content\/uploads\/2018\/05\/bibleconf-cr-1280.jpg","datePublished":"2018-05-10T21:11:04+00:00","dateModified":"2018-05-11T14:34:49+00:00","author":{"@id":"https:\/\/interamerica.org\/es\/#\/schema\/person\/29998f2bc2d8bd0d38662909289b54f1"},"breadcrumb":{"@id":"https:\/\/interamerica.org\/es\/2018\/05\/en-america-central-conferencia-biblica-desafia-a-los-pastores-para-que-defiendan-las-verdades-biblicas-y-los-escritos-de-elena-g-white\/#breadcrumb"},"inLanguage":"es","potentialAction":[{"@type":"ReadAction","target":["https:\/\/interamerica.org\/es\/2018\/05\/en-america-central-conferencia-biblica-desafia-a-los-pastores-para-que-defiendan-las-verdades-biblicas-y-los-escritos-de-elena-g-white\/"]}]},{"@type":"ImageObject","inLanguage":"es","@id":"https:\/\/interamerica.org\/es\/2018\/05\/en-america-central-conferencia-biblica-desafia-a-los-pastores-para-que-defiendan-las-verdades-biblicas-y-los-escritos-de-elena-g-white\/#primaryimage","url":"https:\/\/interamerica.org\/wp-content\/uploads\/2018\/05\/bibleconf-cr-1280.jpg","contentUrl":"https:\/\/interamerica.org\/wp-content\/uploads\/2018\/05\/bibleconf-cr-1280.jpg","width":1280,"height":800,"caption":"Presenters at the Bible Conference held at the Central American Adventist University in Alajuela, Costa Rica, April 25-28, 2018. Image courtesy of Central American Adventist University."},{"@type":"BreadcrumbList","@id":"https:\/\/interamerica.org\/es\/2018\/05\/en-america-central-conferencia-biblica-desafia-a-los-pastores-para-que-defiendan-las-verdades-biblicas-y-los-escritos-de-elena-g-white\/#breadcrumb","itemListElement":[{"@type":"ListItem","position":1,"name":"Home","item":"https:\/\/interamerica.org\/es\/"},{"@type":"ListItem","position":2,"name":"En Centroam\u00e9rica, conferencia b\u00edblica desaf\u00eda a los pastores para que defiendan las verdades b\u00edblicas y los escritos de Elena G. White"}]},{"@type":"WebSite","@id":"https:\/\/interamerica.org\/es\/#website","url":"https:\/\/interamerica.org\/es\/","name":"Iglesia Adventista del S\u00e9ptimo D\u00eda - Divisi\u00f3n Interamericana","description":"","potentialAction":[{"@type":"SearchAction","target":{"@type":"EntryPoint","urlTemplate":"https:\/\/interamerica.org\/es\/?s={search_term_string}"},"query-input":{"@type":"PropertyValueSpecification","valueRequired":true,"valueName":"search_term_string"}}],"inLanguage":"es"},{"@type":"Person","@id":"https:\/\/interamerica.org\/es\/#\/schema\/person\/29998f2bc2d8bd0d38662909289b54f1","name":"libna","image":{"@type":"ImageObject","inLanguage":"es","@id":"https:\/\/secure.gravatar.com\/avatar\/7c5bd30ae4b47a9ba3c856590957fd1d96dc588bf3ac05719d247e126840331f?s=96&d=mm&r=g","url":"https:\/\/secure.gravatar.com\/avatar\/7c5bd30ae4b47a9ba3c856590957fd1d96dc588bf3ac05719d247e126840331f?s=96&d=mm&r=g","contentUrl":"https:\/\/secure.gravatar.com\/avatar\/7c5bd30ae4b47a9ba3c856590957fd1d96dc588bf3ac05719d247e126840331f?s=96&d=mm&r=g","caption":"libna"}}]}},"_links":{"self":[{"href":"https:\/\/interamerica.org\/es\/wp-json\/wp\/v2\/posts\/41524","targetHints":{"allow":["GET"]}}],"collection":[{"href":"https:\/\/interamerica.org\/es\/wp-json\/wp\/v2\/posts"}],"about":[{"href":"https:\/\/interamerica.org\/es\/wp-json\/wp\/v2\/types\/post"}],"author":[{"embeddable":true,"href":"https:\/\/interamerica.org\/es\/wp-json\/wp\/v2\/users\/3"}],"replies":[{"embeddable":true,"href":"https:\/\/interamerica.org\/es\/wp-json\/wp\/v2\/comments?post=41524"}],"version-history":[{"count":0,"href":"https:\/\/interamerica.org\/es\/wp-json\/wp\/v2\/posts\/41524\/revisions"}],"wp:featuredmedia":[{"embeddable":true,"href":"https:\/\/interamerica.org\/es\/wp-json\/wp\/v2\/media\/41512"}],"wp:attachment":[{"href":"https:\/\/interamerica.org\/es\/wp-json\/wp\/v2\/media?parent=41524"}],"wp:term":[{"taxonomy":"category","embeddable":true,"href":"https:\/\/interamerica.org\/es\/wp-json\/wp\/v2\/categories?post=41524"},{"taxonomy":"post_tag","embeddable":true,"href":"https:\/\/interamerica.org\/es\/wp-json\/wp\/v2\/tags?post=41524"}],"curies":[{"name":"wp","href":"https:\/\/api.w.org\/{rel}","templated":true}]}}