{"id":41543,"date":"2018-05-14T11:49:18","date_gmt":"2018-05-14T15:49:18","guid":{"rendered":"https:\/\/recursing-golick.147-182-135-0.plesk.page\/?p=41543"},"modified":"2018-06-05T14:23:18","modified_gmt":"2018-06-05T18:23:18","slug":"inmigrantes-venezolanos-recibiran-mas-de-medio-millon-de-dolares-en-ayuda-humanitaria","status":"publish","type":"post","link":"https:\/\/interamerica.org\/es\/2018\/05\/inmigrantes-venezolanos-recibiran-mas-de-medio-millon-de-dolares-en-ayuda-humanitaria\/","title":{"rendered":"Inmigrantes venezolanos recibir\u00e1n m\u00e1s de medio mill\u00f3n de d\u00f3lares en ayuda humanitaria"},"content":{"rendered":"<header class=\"article__header article__flow spacing--quarter\">\n<div>\n<div id=\"attachment_41537\" style=\"width: 771px\" class=\"wp-caption aligncenter\"><img fetchpriority=\"high\" decoding=\"async\" aria-describedby=\"caption-attachment-41537\" class=\"wp-image-41537\" src=\"https:\/\/recursing-golick.147-182-135-0.plesk.page\/wp-content\/uploads\/2018\/05\/csm-23-refugiados-venezuelanos-receberao-mais-de-meio-milhao-de-dolares-em-ajuda-ing-finaleditscroppedforposting-68fc04f116-1280-1024x641.jpg\" alt=\"\" width=\"761\" height=\"476\" srcset=\"https:\/\/interamerica.org\/wp-content\/uploads\/2018\/05\/csm-23-refugiados-venezuelanos-receberao-mais-de-meio-milhao-de-dolares-em-ajuda-ing-finaleditscroppedforposting-68fc04f116-1280-1024x641.jpg 1024w, https:\/\/interamerica.org\/wp-content\/uploads\/2018\/05\/csm-23-refugiados-venezuelanos-receberao-mais-de-meio-milhao-de-dolares-em-ajuda-ing-finaleditscroppedforposting-68fc04f116-1280-300x188.jpg 300w, https:\/\/interamerica.org\/wp-content\/uploads\/2018\/05\/csm-23-refugiados-venezuelanos-receberao-mais-de-meio-milhao-de-dolares-em-ajuda-ing-finaleditscroppedforposting-68fc04f116-1280-768x481.jpg 768w, https:\/\/interamerica.org\/wp-content\/uploads\/2018\/05\/csm-23-refugiados-venezuelanos-receberao-mais-de-meio-milhao-de-dolares-em-ajuda-ing-finaleditscroppedforposting-68fc04f116-1280.jpg 1280w\" sizes=\"(max-width: 761px) 100vw, 761px\" \/><p id=\"caption-attachment-41537\" class=\"wp-caption-text\">Imagen cortes\u00eda de ADRA Internacional<\/p><\/div>\n<p>12 de mayo de 2018 | Estado de Roraima, Brasil | ADRA Brasil, ADRA Internacional y Personal ANN<\/p>\n<p>Refugiados venezolanos que arribaron a las ciudades de Boa Vista y Pacaraima, Brasil, recibieron recientemente noticias alentadoras. La Agencia Adventista de Desarrollo y Recursos Asistenciales (ADRA) y la Oficina de Asistencia para Desastres en el Extranjero, de los Estados Unidos (OFDA), una organizaci\u00f3n humanitaria relacionada con la Agencia de los Estados Unidos para el Desarrollo Internacional, (USAID), se han unido para proveer US$ 600,000 de ayuda inmediata para la regi\u00f3n. De acuerdo con las investigaciones gubernamentales, hay m\u00e1s de 50,000 venezolanos inmigrantes solo en el estado brasile\u00f1o de Roraima.<\/p>\n<p>\u201cADRA agradece el apoyo de USAID\/OFDA. Esta asignaci\u00f3n monetaria es un fuerte testimonio de nuestra relaci\u00f3n colaborativa entre USAID\/OFDA y ADRA en relaci\u00f3n con la respuesta a emergencias de socorro para aliviar las necesidades urgentes de las personas m\u00e1s vulnerables. Esperamos que pueda incrementarse el apoyo en beneficio del pueblo de Venezuela y reducir as\u00ed la carga que ha reca\u00eddo sobre las comunidades anfitrionas\u201d, dijo Imad Madanat, vicepresidente de ADRA para efectos de programas de ayuda.<\/p>\n<p>ADRA no es la \u00fanica organizaci\u00f3n no gubernamental recipiente de la asignaci\u00f3n otorgada por USAID\/OFDA que concentra sus esfuerzos de ayuda humanitaria en favor de 4,650 inmigrantes en las ciudades de Pacaraima y Boa Vista, situadas en el Estado de Roaraima, al norte de Brasil, en la frontera entre Brasil y Venezuela. Boa Vista cuenta con m\u00e1s de 40,000 inmigrantes procedentes de Venezuela; y hasta la fecha, hay m\u00e1s 52,000 venezolanos que han buscado refugio en Brasil, de acuerdo con el informe del Alto Comisionado para Refugiados, de las Naciones Unidas (UNHCR -ACNUR Agencia de la ONU para los Refugiados).<\/p>\n<p>Conforme a lo dicho por un vocero de ADRA Brasil, el proyecto va a beneficiar a 1,500 familias, o 4,650 personas, durante un periodo de seis meses. Esta acci\u00f3n enfocar\u00e1 su atenci\u00f3n en completar el trabajo que realiza el gobierno local y proveer\u00e1 recursos para suplir necesidades b\u00e1sicas.<\/p>\n<p>Personas voluntarias comenzar\u00e1n a distribuir entre los refugiados, art\u00edculos de higiene personal, colchones, ropa de cama, sandalias y enseres de cocina, adem\u00e1s de alimentos que ya han estado siendo provistos por el gobierno. Durante la estaci\u00f3n seca, se har\u00e1 provisi\u00f3n para que camiones cisterna provean agua para los refugiados y poblaci\u00f3n local. Adem\u00e1s, durante dos meses habr\u00e1 un servicio de ambulancia disponible para uso del gobierno. Este veh\u00edculo proveer\u00e1 apoyo estructural al sistema de atenci\u00f3n de la salud local que ha visto incrementarse las demandas a causa del arribo de los inmigrantes mencionados. Durante los siguientes seis meses, personas voluntarias instruir\u00e1n a estos inmigrantes que habitan en refugios, sobre la importancia de practicar buenos h\u00e1bitos de higiene y limpieza en condiciones m\u00e1s bien no sanitarias.<\/p>\n<p>\u201cEn este delicado momento para nuestros hermanos venezolanos, la agencia ADRA y OFDA est\u00e1n tratando de traer comodidad, a trav\u00e9s de recursos y apoyo a estas personas que ya han tenido que enfrentar tantas dificultades. En este momento necesitan que el apoyo comience nuevamente y nosotros les vamos a ayudar con todo lo que est\u00e9 a nuestra disposici\u00f3n para hacerlo\u201d, dijo F\u00e1bio Salles, director de ADRA Brasil.<\/p>\n<p>Desde el 2015, el conflicto econ\u00f3mico y pol\u00edtico ha provocado tensiones en la poblaci\u00f3n de Venezuela, con escasez de alimentos, fluctuaciones en los precios y un incremento del crimen y la pobreza, forzando con ello a los individuos y a las familias a abandonar el pa\u00eds.<\/p>\n<p>La cantidad de venezolanos que llegan al Brasil contin\u00faa aumentando, con un promedio de m\u00e1s de 800 de ellos entrando en Brasil cada d\u00eda, dice la UNHCR. Entre los muchos desaf\u00edos que representa esta poblaci\u00f3n inmigrante, se cuentan el acceso a alimentos, medicinas, alojamiento, trabajo y educaci\u00f3n para los ni\u00f1os y ni\u00f1as.<\/p>\n<p>Traducci\u00f3n \u2013 Gloria A Castrej\u00f3n<\/p>\n<p>&nbsp;<\/p>\n<p>&nbsp;<\/p>\n<\/div>\n<\/header>\n<div>\n<p>&nbsp;<\/p>\n<\/div>\n<div class=\"text article__body spacing\">\n<figure class=\"figure \">\n<div class=\"img-wrap \"><picture class=\"picture \"><source srcset=\"fileadmin\/_processed_\/csm__23_Refugiados_venezuelanos_receberao_mais__de_meio_milha%CC%83o_de_do%CC%81lares_em_ajuda-ING_FINALEDITSCroppedforPOsting_68fc04f116.jpg\" media=\"(min-width: 1100px)\" \/><source srcset=\"fileadmin\/_processed_\/csm__23_Refugiados_venezuelanos_receberao_mais__de_meio_milha%CC%83o_de_do%CC%81lares_em_ajuda-ING_FINALEDITSCroppedforPOsting_70b601fc48.jpg\" media=\"(min-width: 901px)\" \/><source srcset=\"fileadmin\/_processed_\/csm__23_Refugiados_venezuelanos_receberao_mais__de_meio_milha%CC%83o_de_do%CC%81lares_em_ajuda-ING_FINALEDITSCroppedforPOsting_754c7ab20e.jpg\" media=\"(min-width: 701px)\" \/><source srcset=\"fileadmin\/_processed_\/csm__23_Refugiados_venezuelanos_receberao_mais__de_meio_milha%CC%83o_de_do%CC%81lares_em_ajuda-ING_FINALEDITSCroppedforPOsting_b91a0eb7ab.jpg\" media=\"(min-width: 401px)\" \/><\/picture><\/div>\n<\/figure>\n<\/div>\n","protected":false},"excerpt":{"rendered":"<p>12 de mayo de 2018 | Estado de Roraima, Brasil | ADRA Brasil, ADRA Internacional y Personal ANN Refugiados venezolanos que arribaron a las ciudades de Boa Vista y Pacaraima,&#8230;<\/p>\n","protected":false},"author":3,"featured_media":41536,"comment_status":"open","ping_status":"closed","sticky":false,"template":"","format":"standard","meta":{"_acf_changed":false,"footnotes":""},"categories":[14,15],"tags":[],"class_list":["post-41543","post","type-post","status-publish","format-standard","has-post-thumbnail","hentry","category-de-la-iglesia-mundial","category-rss-espanol"],"acf":[],"yoast_head":"<!-- This site is optimized with the Yoast SEO plugin v27.3 - https:\/\/yoast.com\/product\/yoast-seo-wordpress\/ -->\n<title>Inmigrantes venezolanos recibir\u00e1n m\u00e1s de medio mill\u00f3n de d\u00f3lares en ayuda humanitaria - Iglesia Adventista del S\u00e9ptimo D\u00eda - Divisi\u00f3n Interamericana<\/title>\n<meta name=\"robots\" content=\"index, follow, max-snippet:-1, max-image-preview:large, max-video-preview:-1\" \/>\n<link rel=\"canonical\" href=\"https:\/\/interamerica.org\/es\/2018\/05\/inmigrantes-venezolanos-recibiran-mas-de-medio-millon-de-dolares-en-ayuda-humanitaria\/\" \/>\n<meta property=\"og:locale\" content=\"es_ES\" \/>\n<meta property=\"og:type\" content=\"article\" \/>\n<meta property=\"og:title\" content=\"Inmigrantes venezolanos recibir\u00e1n m\u00e1s de medio mill\u00f3n de d\u00f3lares en ayuda humanitaria - Iglesia Adventista del S\u00e9ptimo D\u00eda - Divisi\u00f3n Interamericana\" \/>\n<meta property=\"og:description\" content=\"12 de mayo de 2018 | Estado de Roraima, Brasil | ADRA Brasil, ADRA Internacional y Personal ANN Refugiados venezolanos que arribaron a las ciudades de Boa Vista y Pacaraima,...\" \/>\n<meta property=\"og:url\" content=\"https:\/\/interamerica.org\/es\/2018\/05\/inmigrantes-venezolanos-recibiran-mas-de-medio-millon-de-dolares-en-ayuda-humanitaria\/\" \/>\n<meta property=\"og:site_name\" content=\"Iglesia Adventista del S\u00e9ptimo D\u00eda - Divisi\u00f3n Interamericana\" \/>\n<meta property=\"article:published_time\" content=\"2018-05-14T15:49:18+00:00\" \/>\n<meta property=\"article:modified_time\" content=\"2018-06-05T18:23:18+00:00\" \/>\n<meta property=\"og:image\" content=\"https:\/\/interamerica.org\/wp-content\/uploads\/2018\/05\/adra-brazil-refugees-1280.jpg\" \/>\n\t<meta property=\"og:image:width\" content=\"1280\" \/>\n\t<meta property=\"og:image:height\" content=\"801\" \/>\n\t<meta property=\"og:image:type\" content=\"image\/jpeg\" \/>\n<meta name=\"author\" content=\"libna\" \/>\n<meta name=\"twitter:card\" content=\"summary_large_image\" \/>\n<meta name=\"twitter:label1\" content=\"Escrito por\" \/>\n\t<meta name=\"twitter:data1\" content=\"libna\" \/>\n\t<meta name=\"twitter:label2\" content=\"Tiempo de lectura\" \/>\n\t<meta name=\"twitter:data2\" content=\"3 minutos\" \/>\n<script type=\"application\/ld+json\" class=\"yoast-schema-graph\">{\"@context\":\"https:\\\/\\\/schema.org\",\"@graph\":[{\"@type\":\"Article\",\"@id\":\"https:\\\/\\\/interamerica.org\\\/es\\\/2018\\\/05\\\/inmigrantes-venezolanos-recibiran-mas-de-medio-millon-de-dolares-en-ayuda-humanitaria\\\/#article\",\"isPartOf\":{\"@id\":\"https:\\\/\\\/interamerica.org\\\/es\\\/2018\\\/05\\\/inmigrantes-venezolanos-recibiran-mas-de-medio-millon-de-dolares-en-ayuda-humanitaria\\\/\"},\"author\":{\"name\":\"libna\",\"@id\":\"https:\\\/\\\/interamerica.org\\\/es\\\/#\\\/schema\\\/person\\\/29998f2bc2d8bd0d38662909289b54f1\"},\"headline\":\"Inmigrantes venezolanos recibir\u00e1n m\u00e1s de medio mill\u00f3n de d\u00f3lares en ayuda humanitaria\",\"datePublished\":\"2018-05-14T15:49:18+00:00\",\"dateModified\":\"2018-06-05T18:23:18+00:00\",\"mainEntityOfPage\":{\"@id\":\"https:\\\/\\\/interamerica.org\\\/es\\\/2018\\\/05\\\/inmigrantes-venezolanos-recibiran-mas-de-medio-millon-de-dolares-en-ayuda-humanitaria\\\/\"},\"wordCount\":693,\"commentCount\":0,\"image\":{\"@id\":\"https:\\\/\\\/interamerica.org\\\/es\\\/2018\\\/05\\\/inmigrantes-venezolanos-recibiran-mas-de-medio-millon-de-dolares-en-ayuda-humanitaria\\\/#primaryimage\"},\"thumbnailUrl\":\"https:\\\/\\\/interamerica.org\\\/wp-content\\\/uploads\\\/2018\\\/05\\\/adra-brazil-refugees-1280.jpg\",\"articleSection\":[\"Desde la iglesia mundial\",\"RSS Espa\u00f1ol\"],\"inLanguage\":\"es\",\"potentialAction\":[{\"@type\":\"CommentAction\",\"name\":\"Comment\",\"target\":[\"https:\\\/\\\/interamerica.org\\\/es\\\/2018\\\/05\\\/inmigrantes-venezolanos-recibiran-mas-de-medio-millon-de-dolares-en-ayuda-humanitaria\\\/#respond\"]}]},{\"@type\":\"WebPage\",\"@id\":\"https:\\\/\\\/interamerica.org\\\/es\\\/2018\\\/05\\\/inmigrantes-venezolanos-recibiran-mas-de-medio-millon-de-dolares-en-ayuda-humanitaria\\\/\",\"url\":\"https:\\\/\\\/interamerica.org\\\/es\\\/2018\\\/05\\\/inmigrantes-venezolanos-recibiran-mas-de-medio-millon-de-dolares-en-ayuda-humanitaria\\\/\",\"name\":\"Inmigrantes venezolanos recibir\u00e1n m\u00e1s de medio mill\u00f3n de d\u00f3lares en ayuda humanitaria - Iglesia Adventista del S\u00e9ptimo D\u00eda - Divisi\u00f3n Interamericana\",\"isPartOf\":{\"@id\":\"https:\\\/\\\/interamerica.org\\\/es\\\/#website\"},\"primaryImageOfPage\":{\"@id\":\"https:\\\/\\\/interamerica.org\\\/es\\\/2018\\\/05\\\/inmigrantes-venezolanos-recibiran-mas-de-medio-millon-de-dolares-en-ayuda-humanitaria\\\/#primaryimage\"},\"image\":{\"@id\":\"https:\\\/\\\/interamerica.org\\\/es\\\/2018\\\/05\\\/inmigrantes-venezolanos-recibiran-mas-de-medio-millon-de-dolares-en-ayuda-humanitaria\\\/#primaryimage\"},\"thumbnailUrl\":\"https:\\\/\\\/interamerica.org\\\/wp-content\\\/uploads\\\/2018\\\/05\\\/adra-brazil-refugees-1280.jpg\",\"datePublished\":\"2018-05-14T15:49:18+00:00\",\"dateModified\":\"2018-06-05T18:23:18+00:00\",\"author\":{\"@id\":\"https:\\\/\\\/interamerica.org\\\/es\\\/#\\\/schema\\\/person\\\/29998f2bc2d8bd0d38662909289b54f1\"},\"breadcrumb\":{\"@id\":\"https:\\\/\\\/interamerica.org\\\/es\\\/2018\\\/05\\\/inmigrantes-venezolanos-recibiran-mas-de-medio-millon-de-dolares-en-ayuda-humanitaria\\\/#breadcrumb\"},\"inLanguage\":\"es\",\"potentialAction\":[{\"@type\":\"ReadAction\",\"target\":[\"https:\\\/\\\/interamerica.org\\\/es\\\/2018\\\/05\\\/inmigrantes-venezolanos-recibiran-mas-de-medio-millon-de-dolares-en-ayuda-humanitaria\\\/\"]}]},{\"@type\":\"ImageObject\",\"inLanguage\":\"es\",\"@id\":\"https:\\\/\\\/interamerica.org\\\/es\\\/2018\\\/05\\\/inmigrantes-venezolanos-recibiran-mas-de-medio-millon-de-dolares-en-ayuda-humanitaria\\\/#primaryimage\",\"url\":\"https:\\\/\\\/interamerica.org\\\/wp-content\\\/uploads\\\/2018\\\/05\\\/adra-brazil-refugees-1280.jpg\",\"contentUrl\":\"https:\\\/\\\/interamerica.org\\\/wp-content\\\/uploads\\\/2018\\\/05\\\/adra-brazil-refugees-1280.jpg\",\"width\":1280,\"height\":801},{\"@type\":\"BreadcrumbList\",\"@id\":\"https:\\\/\\\/interamerica.org\\\/es\\\/2018\\\/05\\\/inmigrantes-venezolanos-recibiran-mas-de-medio-millon-de-dolares-en-ayuda-humanitaria\\\/#breadcrumb\",\"itemListElement\":[{\"@type\":\"ListItem\",\"position\":1,\"name\":\"Home\",\"item\":\"https:\\\/\\\/interamerica.org\\\/es\\\/\"},{\"@type\":\"ListItem\",\"position\":2,\"name\":\"Inmigrantes venezolanos recibir\u00e1n m\u00e1s de medio mill\u00f3n de d\u00f3lares en ayuda humanitaria\"}]},{\"@type\":\"WebSite\",\"@id\":\"https:\\\/\\\/interamerica.org\\\/es\\\/#website\",\"url\":\"https:\\\/\\\/interamerica.org\\\/es\\\/\",\"name\":\"Iglesia Adventista del S\u00e9ptimo D\u00eda - Divisi\u00f3n Interamericana\",\"description\":\"\",\"potentialAction\":[{\"@type\":\"SearchAction\",\"target\":{\"@type\":\"EntryPoint\",\"urlTemplate\":\"https:\\\/\\\/interamerica.org\\\/es\\\/?s={search_term_string}\"},\"query-input\":{\"@type\":\"PropertyValueSpecification\",\"valueRequired\":true,\"valueName\":\"search_term_string\"}}],\"inLanguage\":\"es\"},{\"@type\":\"Person\",\"@id\":\"https:\\\/\\\/interamerica.org\\\/es\\\/#\\\/schema\\\/person\\\/29998f2bc2d8bd0d38662909289b54f1\",\"name\":\"libna\",\"image\":{\"@type\":\"ImageObject\",\"inLanguage\":\"es\",\"@id\":\"https:\\\/\\\/secure.gravatar.com\\\/avatar\\\/7c5bd30ae4b47a9ba3c856590957fd1d96dc588bf3ac05719d247e126840331f?s=96&d=mm&r=g\",\"url\":\"https:\\\/\\\/secure.gravatar.com\\\/avatar\\\/7c5bd30ae4b47a9ba3c856590957fd1d96dc588bf3ac05719d247e126840331f?s=96&d=mm&r=g\",\"contentUrl\":\"https:\\\/\\\/secure.gravatar.com\\\/avatar\\\/7c5bd30ae4b47a9ba3c856590957fd1d96dc588bf3ac05719d247e126840331f?s=96&d=mm&r=g\",\"caption\":\"libna\"}}]}<\/script>\n<!-- \/ Yoast SEO plugin. -->","yoast_head_json":{"title":"Inmigrantes venezolanos recibir\u00e1n m\u00e1s de medio mill\u00f3n de d\u00f3lares en ayuda humanitaria - Iglesia Adventista del S\u00e9ptimo D\u00eda - Divisi\u00f3n Interamericana","robots":{"index":"index","follow":"follow","max-snippet":"max-snippet:-1","max-image-preview":"max-image-preview:large","max-video-preview":"max-video-preview:-1"},"canonical":"https:\/\/interamerica.org\/es\/2018\/05\/inmigrantes-venezolanos-recibiran-mas-de-medio-millon-de-dolares-en-ayuda-humanitaria\/","og_locale":"es_ES","og_type":"article","og_title":"Inmigrantes venezolanos recibir\u00e1n m\u00e1s de medio mill\u00f3n de d\u00f3lares en ayuda humanitaria - Iglesia Adventista del S\u00e9ptimo D\u00eda - Divisi\u00f3n Interamericana","og_description":"12 de mayo de 2018 | Estado de Roraima, Brasil | ADRA Brasil, ADRA Internacional y Personal ANN Refugiados venezolanos que arribaron a las ciudades de Boa Vista y Pacaraima,...","og_url":"https:\/\/interamerica.org\/es\/2018\/05\/inmigrantes-venezolanos-recibiran-mas-de-medio-millon-de-dolares-en-ayuda-humanitaria\/","og_site_name":"Iglesia Adventista del S\u00e9ptimo D\u00eda - Divisi\u00f3n Interamericana","article_published_time":"2018-05-14T15:49:18+00:00","article_modified_time":"2018-06-05T18:23:18+00:00","og_image":[{"width":1280,"height":801,"url":"https:\/\/interamerica.org\/wp-content\/uploads\/2018\/05\/adra-brazil-refugees-1280.jpg","type":"image\/jpeg"}],"author":"libna","twitter_card":"summary_large_image","twitter_misc":{"Escrito por":"libna","Tiempo de lectura":"3 minutos"},"schema":{"@context":"https:\/\/schema.org","@graph":[{"@type":"Article","@id":"https:\/\/interamerica.org\/es\/2018\/05\/inmigrantes-venezolanos-recibiran-mas-de-medio-millon-de-dolares-en-ayuda-humanitaria\/#article","isPartOf":{"@id":"https:\/\/interamerica.org\/es\/2018\/05\/inmigrantes-venezolanos-recibiran-mas-de-medio-millon-de-dolares-en-ayuda-humanitaria\/"},"author":{"name":"libna","@id":"https:\/\/interamerica.org\/es\/#\/schema\/person\/29998f2bc2d8bd0d38662909289b54f1"},"headline":"Inmigrantes venezolanos recibir\u00e1n m\u00e1s de medio mill\u00f3n de d\u00f3lares en ayuda humanitaria","datePublished":"2018-05-14T15:49:18+00:00","dateModified":"2018-06-05T18:23:18+00:00","mainEntityOfPage":{"@id":"https:\/\/interamerica.org\/es\/2018\/05\/inmigrantes-venezolanos-recibiran-mas-de-medio-millon-de-dolares-en-ayuda-humanitaria\/"},"wordCount":693,"commentCount":0,"image":{"@id":"https:\/\/interamerica.org\/es\/2018\/05\/inmigrantes-venezolanos-recibiran-mas-de-medio-millon-de-dolares-en-ayuda-humanitaria\/#primaryimage"},"thumbnailUrl":"https:\/\/interamerica.org\/wp-content\/uploads\/2018\/05\/adra-brazil-refugees-1280.jpg","articleSection":["Desde la iglesia mundial","RSS Espa\u00f1ol"],"inLanguage":"es","potentialAction":[{"@type":"CommentAction","name":"Comment","target":["https:\/\/interamerica.org\/es\/2018\/05\/inmigrantes-venezolanos-recibiran-mas-de-medio-millon-de-dolares-en-ayuda-humanitaria\/#respond"]}]},{"@type":"WebPage","@id":"https:\/\/interamerica.org\/es\/2018\/05\/inmigrantes-venezolanos-recibiran-mas-de-medio-millon-de-dolares-en-ayuda-humanitaria\/","url":"https:\/\/interamerica.org\/es\/2018\/05\/inmigrantes-venezolanos-recibiran-mas-de-medio-millon-de-dolares-en-ayuda-humanitaria\/","name":"Inmigrantes venezolanos recibir\u00e1n m\u00e1s de medio mill\u00f3n de d\u00f3lares en ayuda humanitaria - Iglesia Adventista del S\u00e9ptimo D\u00eda - Divisi\u00f3n Interamericana","isPartOf":{"@id":"https:\/\/interamerica.org\/es\/#website"},"primaryImageOfPage":{"@id":"https:\/\/interamerica.org\/es\/2018\/05\/inmigrantes-venezolanos-recibiran-mas-de-medio-millon-de-dolares-en-ayuda-humanitaria\/#primaryimage"},"image":{"@id":"https:\/\/interamerica.org\/es\/2018\/05\/inmigrantes-venezolanos-recibiran-mas-de-medio-millon-de-dolares-en-ayuda-humanitaria\/#primaryimage"},"thumbnailUrl":"https:\/\/interamerica.org\/wp-content\/uploads\/2018\/05\/adra-brazil-refugees-1280.jpg","datePublished":"2018-05-14T15:49:18+00:00","dateModified":"2018-06-05T18:23:18+00:00","author":{"@id":"https:\/\/interamerica.org\/es\/#\/schema\/person\/29998f2bc2d8bd0d38662909289b54f1"},"breadcrumb":{"@id":"https:\/\/interamerica.org\/es\/2018\/05\/inmigrantes-venezolanos-recibiran-mas-de-medio-millon-de-dolares-en-ayuda-humanitaria\/#breadcrumb"},"inLanguage":"es","potentialAction":[{"@type":"ReadAction","target":["https:\/\/interamerica.org\/es\/2018\/05\/inmigrantes-venezolanos-recibiran-mas-de-medio-millon-de-dolares-en-ayuda-humanitaria\/"]}]},{"@type":"ImageObject","inLanguage":"es","@id":"https:\/\/interamerica.org\/es\/2018\/05\/inmigrantes-venezolanos-recibiran-mas-de-medio-millon-de-dolares-en-ayuda-humanitaria\/#primaryimage","url":"https:\/\/interamerica.org\/wp-content\/uploads\/2018\/05\/adra-brazil-refugees-1280.jpg","contentUrl":"https:\/\/interamerica.org\/wp-content\/uploads\/2018\/05\/adra-brazil-refugees-1280.jpg","width":1280,"height":801},{"@type":"BreadcrumbList","@id":"https:\/\/interamerica.org\/es\/2018\/05\/inmigrantes-venezolanos-recibiran-mas-de-medio-millon-de-dolares-en-ayuda-humanitaria\/#breadcrumb","itemListElement":[{"@type":"ListItem","position":1,"name":"Home","item":"https:\/\/interamerica.org\/es\/"},{"@type":"ListItem","position":2,"name":"Inmigrantes venezolanos recibir\u00e1n m\u00e1s de medio mill\u00f3n de d\u00f3lares en ayuda humanitaria"}]},{"@type":"WebSite","@id":"https:\/\/interamerica.org\/es\/#website","url":"https:\/\/interamerica.org\/es\/","name":"Iglesia Adventista del S\u00e9ptimo D\u00eda - Divisi\u00f3n Interamericana","description":"","potentialAction":[{"@type":"SearchAction","target":{"@type":"EntryPoint","urlTemplate":"https:\/\/interamerica.org\/es\/?s={search_term_string}"},"query-input":{"@type":"PropertyValueSpecification","valueRequired":true,"valueName":"search_term_string"}}],"inLanguage":"es"},{"@type":"Person","@id":"https:\/\/interamerica.org\/es\/#\/schema\/person\/29998f2bc2d8bd0d38662909289b54f1","name":"libna","image":{"@type":"ImageObject","inLanguage":"es","@id":"https:\/\/secure.gravatar.com\/avatar\/7c5bd30ae4b47a9ba3c856590957fd1d96dc588bf3ac05719d247e126840331f?s=96&d=mm&r=g","url":"https:\/\/secure.gravatar.com\/avatar\/7c5bd30ae4b47a9ba3c856590957fd1d96dc588bf3ac05719d247e126840331f?s=96&d=mm&r=g","contentUrl":"https:\/\/secure.gravatar.com\/avatar\/7c5bd30ae4b47a9ba3c856590957fd1d96dc588bf3ac05719d247e126840331f?s=96&d=mm&r=g","caption":"libna"}}]}},"_links":{"self":[{"href":"https:\/\/interamerica.org\/es\/wp-json\/wp\/v2\/posts\/41543","targetHints":{"allow":["GET"]}}],"collection":[{"href":"https:\/\/interamerica.org\/es\/wp-json\/wp\/v2\/posts"}],"about":[{"href":"https:\/\/interamerica.org\/es\/wp-json\/wp\/v2\/types\/post"}],"author":[{"embeddable":true,"href":"https:\/\/interamerica.org\/es\/wp-json\/wp\/v2\/users\/3"}],"replies":[{"embeddable":true,"href":"https:\/\/interamerica.org\/es\/wp-json\/wp\/v2\/comments?post=41543"}],"version-history":[{"count":0,"href":"https:\/\/interamerica.org\/es\/wp-json\/wp\/v2\/posts\/41543\/revisions"}],"wp:featuredmedia":[{"embeddable":true,"href":"https:\/\/interamerica.org\/es\/wp-json\/wp\/v2\/media\/41536"}],"wp:attachment":[{"href":"https:\/\/interamerica.org\/es\/wp-json\/wp\/v2\/media?parent=41543"}],"wp:term":[{"taxonomy":"category","embeddable":true,"href":"https:\/\/interamerica.org\/es\/wp-json\/wp\/v2\/categories?post=41543"},{"taxonomy":"post_tag","embeddable":true,"href":"https:\/\/interamerica.org\/es\/wp-json\/wp\/v2\/tags?post=41543"}],"curies":[{"name":"wp","href":"https:\/\/api.w.org\/{rel}","templated":true}]}}