{"id":41684,"date":"2018-05-15T18:53:07","date_gmt":"2018-05-15T22:53:07","guid":{"rendered":"https:\/\/recursing-golick.147-182-135-0.plesk.page\/?p=41684"},"modified":"2018-05-16T06:06:52","modified_gmt":"2018-05-16T10:06:52","slug":"en-bonaire-iglesia-adventista-inaugura-primera-estacion-de-radio-en-el-caribe-neerlandes","status":"publish","type":"post","link":"https:\/\/interamerica.org\/es\/2018\/05\/en-bonaire-iglesia-adventista-inaugura-primera-estacion-de-radio-en-el-caribe-neerlandes\/","title":{"rendered":"En Bonaire, Iglesia Adventista inaugura primera estaci\u00f3n de radio en el Caribe Holand\u00e9s"},"content":{"rendered":"<div id=\"attachment_41666\" style=\"width: 771px\" class=\"wp-caption aligncenter\"><img fetchpriority=\"high\" decoding=\"async\" aria-describedby=\"caption-attachment-41666\" class=\" wp-image-41666\" src=\"https:\/\/recursing-golick.147-182-135-0.plesk.page\/wp-content\/uploads\/2018\/05\/bonaire-radiostation-outside.jpg\" alt=\"\" width=\"761\" height=\"571\" srcset=\"https:\/\/interamerica.org\/wp-content\/uploads\/2018\/05\/bonaire-radiostation-outside.jpg 950w, https:\/\/interamerica.org\/wp-content\/uploads\/2018\/05\/bonaire-radiostation-outside-300x225.jpg 300w, https:\/\/interamerica.org\/wp-content\/uploads\/2018\/05\/bonaire-radiostation-outside-768x576.jpg 768w\" sizes=\"(max-width: 761px) 100vw, 761px\" \/><p id=\"caption-attachment-41666\" class=\"wp-caption-text\">L\u00edderes de la iglesia descubren el cartel de Radio Atventista Boneiru, en la ceremonia de inauguraci\u00f3n de la nueva estaci\u00f3n de radio, llevada a cabo en la Misi\u00f3n de Bonaire de la Iglesia Adventista en Kralendijk, el 5 de mayo de 2018. Fotograf\u00eda de Abel M\u00e1rquez\/DIA<\/p><\/div>\n<p>14 de mayo de 2018 | Kralendijk, Bonaire | Libna Stevens\/DIA<\/p>\n<p>La Iglesia Adventista en el territorio del Caribe Holand\u00e9s inaugur\u00f3 su primera estaci\u00f3n de radio en la isla de Bonaire a comienzos de este mes, en una ceremonia especial. Los l\u00edderes de la iglesia, los miembros y funcionarios de gobierno fueron testigos del evento hist\u00f3rico en el lugar completamente nuevo en Kralendijk, donde se encuentra la sede de la Misi\u00f3n Adventista de Bonaire.<\/p>\n<p>El vicegobernador de Bonaire Edison Rijna felicit\u00f3 a la Iglesia Adventista por su contribuci\u00f3n con la comunidad de la isla.<\/p>\n<p>\u201cLos mensajes espirituales que ser\u00e1n transmitidos a partir de ahora por la radio adventista tendr\u00e1n una influencia positiva, especialmente sobre la comunidad cristiana de Bonaire\u201d, dijo el vicegobernador Rijna. \u201cLa iglesia es indispensable para la vida de muchas personas aqu\u00ed en Bonaire\u201d.<\/p>\n<p>Con una poblaci\u00f3n de m\u00e1s de 19 mil habitantes en Bonaire y una feligres\u00eda de 414, la nueva estaci\u00f3n de radio pronto contar\u00e1 con programaci\u00f3n local en las ondas de la radio las 24 horas al d\u00eda, seg\u00fan el pastor Shurman Kook, presidente de la Iglesia Adventista en el territorio del Caribe Holand\u00e9s, que incluye a Aruba, Bonaire y Curazao.<\/p>\n<div id=\"attachment_41663\" style=\"width: 772px\" class=\"wp-caption aligncenter\"><img decoding=\"async\" aria-describedby=\"caption-attachment-41663\" class=\" wp-image-41663\" src=\"https:\/\/recursing-golick.147-182-135-0.plesk.page\/wp-content\/uploads\/2018\/05\/bonaire-ribbon-radio.jpg\" alt=\"\" width=\"762\" height=\"572\" srcset=\"https:\/\/interamerica.org\/wp-content\/uploads\/2018\/05\/bonaire-ribbon-radio.jpg 950w, https:\/\/interamerica.org\/wp-content\/uploads\/2018\/05\/bonaire-ribbon-radio-300x225.jpg 300w, https:\/\/interamerica.org\/wp-content\/uploads\/2018\/05\/bonaire-ribbon-radio-768x576.jpg 768w\" sizes=\"(max-width: 762px) 100vw, 762px\" \/><p id=\"caption-attachment-41663\" class=\"wp-caption-text\">El pastor Israel Leito, presidente de la DIA y el vicegobernador de Bonaire Edison Rijna cortan las cintas para inaugurar la nueva estaci\u00f3n de radio, ante la mirada de Cami Oetman, vicepresidenta de AWR, el 5 de mayo de 2018. Fotograf\u00eda de Abel M\u00e1rquez\/DIA<\/p><\/div>\n<p>\u201cCreemos que es el tiempo de Dios para que su iglesia proclame su Palabra por medio de esta estaci\u00f3n de radio\u201d, dijo Kook.<\/p>\n<p>Implica proclamar el \u00faltimo mensaje de salvaci\u00f3n de Cristo, dijo el pastor Israel Leito, presidente de la Iglesia Adventista en Interam\u00e9rica. \u201cEl prop\u00f3sito de esta estaci\u00f3n de radio es comunicar el amor de Jes\u00fas por su pueblo antes de su regreso\u201d, expres\u00f3.<\/p>\n<p>Los l\u00edderes locales de la iglesia celebraron el compromiso de los miembros de iglesia, que donaron fondos, y de Radio Mundial Adventista, por donar lo m\u00e1s nuevo en equipos de transmisi\u00f3n para el nuevo estudio.<\/p>\n<p>Cami Oetman, vicepresidenta de promoci\u00f3n de AWR, felicit\u00f3 a los l\u00edderes de la iglesia y alent\u00f3 a los miembros para que contin\u00faen \u201cusando esta herramienta para proclamar el pronto regreso de Cristo con las personas en el Caribe Holand\u00e9s\u201d.<\/p>\n<p>La iglesia hab\u00eda so\u00f1ado con tener su propia estaci\u00f3n de radio, pero obtener una licencia de transmisi\u00f3n cuesta una fortuna, y la amplitud de banda est\u00e1 completamente llena, dijo Kook.<\/p>\n<div id=\"attachment_41677\" style=\"width: 767px\" class=\"wp-caption aligncenter\"><img decoding=\"async\" aria-describedby=\"caption-attachment-41677\" class=\" wp-image-41677\" src=\"https:\/\/recursing-golick.147-182-135-0.plesk.page\/wp-content\/uploads\/2018\/05\/bonaire-radio-studio.png\" alt=\"\" width=\"757\" height=\"573\" srcset=\"https:\/\/interamerica.org\/wp-content\/uploads\/2018\/05\/bonaire-radio-studio.png 900w, https:\/\/interamerica.org\/wp-content\/uploads\/2018\/05\/bonaire-radio-studio-300x227.png 300w, https:\/\/interamerica.org\/wp-content\/uploads\/2018\/05\/bonaire-radio-studio-768x581.png 768w\" sizes=\"(max-width: 757px) 100vw, 757px\" \/><p id=\"caption-attachment-41677\" class=\"wp-caption-text\">Miembros de iglesia colaboran como voluntarios durante la programaci\u00f3n de la nueva estaci\u00f3n de radio de la iglesia en Bonaire. Fotograf\u00eda de AWR Facebook<\/p><\/div>\n<p>En 2016, los l\u00edderes de la iglesia vieron un aviso en el peri\u00f3dico neerland\u00e9s, que indicaba la posibilidad de obtener la licencia comercial de una estaci\u00f3n de radio en Bonaire que hab\u00eda quebrado. As\u00ed fue que la iglesia vot\u00f3 hacer una oferta baja y logr\u00f3 adquirir la estaci\u00f3n, explic\u00f3 Kook.<\/p>\n<p>La sede de la misi\u00f3n local ya hab\u00eda estado transmitiendo un programa diario de una hora y avanz\u00f3 r\u00e1pidamente para construir un estudio donde albergar Radio Atventista Boneiru 91.1 FM, en la sede de la Misi\u00f3n de Bonaire, en Kralendijk.<\/p>\n<p>La estaci\u00f3n de radio transmite en papiamento, el idioma principal que se habla en Bonaire, y transmitir\u00e1 diariamente durante doce horas para repetir su programaci\u00f3n por las noches tan pronto como reciba la aprobaci\u00f3n de la Junta de Control de la Uni\u00f3n, dijo Kook. La estaci\u00f3n tambi\u00e9n se encuentra en Internet, y su funcionamiento depende de pastores y miembros de iglesia voluntarios.<\/p>\n<p>La idea ofrecer programaci\u00f3n en otros idiomas. Sin embargo, dada la demograf\u00eda de la isla, la mayor\u00eda de los programas ser\u00e1n en papiamento. Tambi\u00e9n se pasan c\u00e1nticos en los cuatro idiomas principales de Bonaire, que tambi\u00e9n incluyen al ingl\u00e9s, el espa\u00f1ol y el holand\u00e9s.<\/p>\n<div id=\"attachment_41669\" style=\"width: 770px\" class=\"wp-caption aligncenter\"><img loading=\"lazy\" decoding=\"async\" aria-describedby=\"caption-attachment-41669\" class=\" wp-image-41669\" src=\"https:\/\/recursing-golick.147-182-135-0.plesk.page\/wp-content\/uploads\/2018\/05\/bonaire-radio-congregation.jpg\" alt=\"\" width=\"760\" height=\"475\" srcset=\"https:\/\/interamerica.org\/wp-content\/uploads\/2018\/05\/bonaire-radio-congregation.jpg 1000w, https:\/\/interamerica.org\/wp-content\/uploads\/2018\/05\/bonaire-radio-congregation-300x188.jpg 300w, https:\/\/interamerica.org\/wp-content\/uploads\/2018\/05\/bonaire-radio-congregation-768x480.jpg 768w\" sizes=\"(max-width: 760px) 100vw, 760px\" \/><p id=\"caption-attachment-41669\" class=\"wp-caption-text\">Decenas de miembros se reunieron el s\u00e1bado 5 de mayo de 2018 como parte de las ceremonias de inauguraci\u00f3n de la nueva estaci\u00f3n de radio en Bonaire, el 5 de mayo de 2018. Fotograf\u00eda por cortes\u00eda de Abel M\u00e1rquez\/DIA<\/p><\/div>\n<p>La adquisici\u00f3n de la estaci\u00f3n de radio en Bonaire es el primer paso para establecer una estaci\u00f3n de radio en las islas de Aruba y Curazao, dijo Kook.<\/p>\n<p>\u201cQueremos establecer una red de radio que cubra toda la regi\u00f3n del Caribe Holand\u00e9s y la poblaci\u00f3n que habla papiamento no importa d\u00f3nde est\u00e9n en el planeta, porque Jes\u00fas viene pronto\u201d, dijo Kook.<\/p>\n<p>La Iglesia Adventista de Bonaire tiene 414 miembros de iglesia que se re\u00fanen en tres iglesias y una peque\u00f1a congregaci\u00f3n.<\/p>\n<p>Para saber m\u00e1s de Radio Atventista Boneiru 91.1 FM, ingrese <a href=\"mailto:http:\/\/radio.garden\/live\/bonaire\/radio-atventista-boneiru-91-1-fm\/\">AQU\u00cd<\/a><\/p>\n<p>Traducci\u00f3n de Marcos Paseggi<\/p>\n","protected":false},"excerpt":{"rendered":"<p>14 de mayo de 2018 | Kralendijk, Bonaire | Libna Stevens\/DIA La Iglesia Adventista en el territorio del Caribe Holand\u00e9s inaugur\u00f3 su primera estaci\u00f3n de radio en la isla de&#8230;<\/p>\n","protected":false},"author":3,"featured_media":41662,"comment_status":"open","ping_status":"closed","sticky":false,"template":"","format":"standard","meta":{"_acf_changed":false,"footnotes":""},"categories":[17,15],"tags":[],"class_list":["post-41684","post","type-post","status-publish","format-standard","has-post-thumbnail","hentry","category-desde-el-campo","category-rss-espanol"],"acf":[],"yoast_head":"<!-- This site is optimized with the Yoast SEO plugin v27.3 - https:\/\/yoast.com\/product\/yoast-seo-wordpress\/ -->\n<title>En Bonaire, Iglesia Adventista inaugura primera estaci\u00f3n de radio en el Caribe Holand\u00e9s - Iglesia Adventista del S\u00e9ptimo D\u00eda - Divisi\u00f3n Interamericana<\/title>\n<meta name=\"robots\" content=\"index, follow, max-snippet:-1, max-image-preview:large, max-video-preview:-1\" \/>\n<link rel=\"canonical\" href=\"https:\/\/interamerica.org\/es\/2018\/05\/en-bonaire-iglesia-adventista-inaugura-primera-estacion-de-radio-en-el-caribe-neerlandes\/\" \/>\n<meta property=\"og:locale\" content=\"es_ES\" \/>\n<meta property=\"og:type\" content=\"article\" \/>\n<meta property=\"og:title\" content=\"En Bonaire, Iglesia Adventista inaugura primera estaci\u00f3n de radio en el Caribe Holand\u00e9s - Iglesia Adventista del S\u00e9ptimo D\u00eda - Divisi\u00f3n Interamericana\" \/>\n<meta property=\"og:description\" content=\"14 de mayo de 2018 | Kralendijk, Bonaire | Libna Stevens\/DIA La Iglesia Adventista en el territorio del Caribe Holand\u00e9s inaugur\u00f3 su primera estaci\u00f3n de radio en la isla de...\" \/>\n<meta property=\"og:url\" content=\"https:\/\/interamerica.org\/es\/2018\/05\/en-bonaire-iglesia-adventista-inaugura-primera-estacion-de-radio-en-el-caribe-neerlandes\/\" \/>\n<meta property=\"og:site_name\" content=\"Iglesia Adventista del S\u00e9ptimo D\u00eda - Divisi\u00f3n Interamericana\" \/>\n<meta property=\"article:published_time\" content=\"2018-05-15T22:53:07+00:00\" \/>\n<meta property=\"article:modified_time\" content=\"2018-05-16T10:06:52+00:00\" \/>\n<meta property=\"og:image\" content=\"https:\/\/interamerica.org\/wp-content\/uploads\/2018\/05\/bonaire-radio.jpg\" \/>\n\t<meta property=\"og:image:width\" content=\"1280\" \/>\n\t<meta property=\"og:image:height\" content=\"800\" \/>\n\t<meta property=\"og:image:type\" content=\"image\/jpeg\" \/>\n<meta name=\"author\" content=\"libna\" \/>\n<meta name=\"twitter:card\" content=\"summary_large_image\" \/>\n<meta name=\"twitter:label1\" content=\"Escrito por\" \/>\n\t<meta name=\"twitter:data1\" content=\"libna\" \/>\n\t<meta name=\"twitter:label2\" content=\"Tiempo de lectura\" \/>\n\t<meta name=\"twitter:data2\" content=\"5 minutos\" \/>\n<script type=\"application\/ld+json\" class=\"yoast-schema-graph\">{\"@context\":\"https:\\\/\\\/schema.org\",\"@graph\":[{\"@type\":\"Article\",\"@id\":\"https:\\\/\\\/interamerica.org\\\/es\\\/2018\\\/05\\\/en-bonaire-iglesia-adventista-inaugura-primera-estacion-de-radio-en-el-caribe-neerlandes\\\/#article\",\"isPartOf\":{\"@id\":\"https:\\\/\\\/interamerica.org\\\/es\\\/2018\\\/05\\\/en-bonaire-iglesia-adventista-inaugura-primera-estacion-de-radio-en-el-caribe-neerlandes\\\/\"},\"author\":{\"name\":\"libna\",\"@id\":\"https:\\\/\\\/interamerica.org\\\/es\\\/#\\\/schema\\\/person\\\/29998f2bc2d8bd0d38662909289b54f1\"},\"headline\":\"En Bonaire, Iglesia Adventista inaugura primera estaci\u00f3n de radio en el Caribe Holand\u00e9s\",\"datePublished\":\"2018-05-15T22:53:07+00:00\",\"dateModified\":\"2018-05-16T10:06:52+00:00\",\"mainEntityOfPage\":{\"@id\":\"https:\\\/\\\/interamerica.org\\\/es\\\/2018\\\/05\\\/en-bonaire-iglesia-adventista-inaugura-primera-estacion-de-radio-en-el-caribe-neerlandes\\\/\"},\"wordCount\":929,\"commentCount\":0,\"image\":{\"@id\":\"https:\\\/\\\/interamerica.org\\\/es\\\/2018\\\/05\\\/en-bonaire-iglesia-adventista-inaugura-primera-estacion-de-radio-en-el-caribe-neerlandes\\\/#primaryimage\"},\"thumbnailUrl\":\"https:\\\/\\\/interamerica.org\\\/wp-content\\\/uploads\\\/2018\\\/05\\\/bonaire-radio.jpg\",\"articleSection\":[\"Desde el campo\",\"RSS Espa\u00f1ol\"],\"inLanguage\":\"es\",\"potentialAction\":[{\"@type\":\"CommentAction\",\"name\":\"Comment\",\"target\":[\"https:\\\/\\\/interamerica.org\\\/es\\\/2018\\\/05\\\/en-bonaire-iglesia-adventista-inaugura-primera-estacion-de-radio-en-el-caribe-neerlandes\\\/#respond\"]}]},{\"@type\":\"WebPage\",\"@id\":\"https:\\\/\\\/interamerica.org\\\/es\\\/2018\\\/05\\\/en-bonaire-iglesia-adventista-inaugura-primera-estacion-de-radio-en-el-caribe-neerlandes\\\/\",\"url\":\"https:\\\/\\\/interamerica.org\\\/es\\\/2018\\\/05\\\/en-bonaire-iglesia-adventista-inaugura-primera-estacion-de-radio-en-el-caribe-neerlandes\\\/\",\"name\":\"En Bonaire, Iglesia Adventista inaugura primera estaci\u00f3n de radio en el Caribe Holand\u00e9s - Iglesia Adventista del S\u00e9ptimo D\u00eda - Divisi\u00f3n Interamericana\",\"isPartOf\":{\"@id\":\"https:\\\/\\\/interamerica.org\\\/es\\\/#website\"},\"primaryImageOfPage\":{\"@id\":\"https:\\\/\\\/interamerica.org\\\/es\\\/2018\\\/05\\\/en-bonaire-iglesia-adventista-inaugura-primera-estacion-de-radio-en-el-caribe-neerlandes\\\/#primaryimage\"},\"image\":{\"@id\":\"https:\\\/\\\/interamerica.org\\\/es\\\/2018\\\/05\\\/en-bonaire-iglesia-adventista-inaugura-primera-estacion-de-radio-en-el-caribe-neerlandes\\\/#primaryimage\"},\"thumbnailUrl\":\"https:\\\/\\\/interamerica.org\\\/wp-content\\\/uploads\\\/2018\\\/05\\\/bonaire-radio.jpg\",\"datePublished\":\"2018-05-15T22:53:07+00:00\",\"dateModified\":\"2018-05-16T10:06:52+00:00\",\"author\":{\"@id\":\"https:\\\/\\\/interamerica.org\\\/es\\\/#\\\/schema\\\/person\\\/29998f2bc2d8bd0d38662909289b54f1\"},\"breadcrumb\":{\"@id\":\"https:\\\/\\\/interamerica.org\\\/es\\\/2018\\\/05\\\/en-bonaire-iglesia-adventista-inaugura-primera-estacion-de-radio-en-el-caribe-neerlandes\\\/#breadcrumb\"},\"inLanguage\":\"es\",\"potentialAction\":[{\"@type\":\"ReadAction\",\"target\":[\"https:\\\/\\\/interamerica.org\\\/es\\\/2018\\\/05\\\/en-bonaire-iglesia-adventista-inaugura-primera-estacion-de-radio-en-el-caribe-neerlandes\\\/\"]}]},{\"@type\":\"ImageObject\",\"inLanguage\":\"es\",\"@id\":\"https:\\\/\\\/interamerica.org\\\/es\\\/2018\\\/05\\\/en-bonaire-iglesia-adventista-inaugura-primera-estacion-de-radio-en-el-caribe-neerlandes\\\/#primaryimage\",\"url\":\"https:\\\/\\\/interamerica.org\\\/wp-content\\\/uploads\\\/2018\\\/05\\\/bonaire-radio.jpg\",\"contentUrl\":\"https:\\\/\\\/interamerica.org\\\/wp-content\\\/uploads\\\/2018\\\/05\\\/bonaire-radio.jpg\",\"width\":1280,\"height\":800},{\"@type\":\"BreadcrumbList\",\"@id\":\"https:\\\/\\\/interamerica.org\\\/es\\\/2018\\\/05\\\/en-bonaire-iglesia-adventista-inaugura-primera-estacion-de-radio-en-el-caribe-neerlandes\\\/#breadcrumb\",\"itemListElement\":[{\"@type\":\"ListItem\",\"position\":1,\"name\":\"Home\",\"item\":\"https:\\\/\\\/interamerica.org\\\/es\\\/\"},{\"@type\":\"ListItem\",\"position\":2,\"name\":\"En Bonaire, Iglesia Adventista inaugura primera estaci\u00f3n de radio en el Caribe Holand\u00e9s\"}]},{\"@type\":\"WebSite\",\"@id\":\"https:\\\/\\\/interamerica.org\\\/es\\\/#website\",\"url\":\"https:\\\/\\\/interamerica.org\\\/es\\\/\",\"name\":\"Iglesia Adventista del S\u00e9ptimo D\u00eda - Divisi\u00f3n Interamericana\",\"description\":\"\",\"potentialAction\":[{\"@type\":\"SearchAction\",\"target\":{\"@type\":\"EntryPoint\",\"urlTemplate\":\"https:\\\/\\\/interamerica.org\\\/es\\\/?s={search_term_string}\"},\"query-input\":{\"@type\":\"PropertyValueSpecification\",\"valueRequired\":true,\"valueName\":\"search_term_string\"}}],\"inLanguage\":\"es\"},{\"@type\":\"Person\",\"@id\":\"https:\\\/\\\/interamerica.org\\\/es\\\/#\\\/schema\\\/person\\\/29998f2bc2d8bd0d38662909289b54f1\",\"name\":\"libna\",\"image\":{\"@type\":\"ImageObject\",\"inLanguage\":\"es\",\"@id\":\"https:\\\/\\\/secure.gravatar.com\\\/avatar\\\/7c5bd30ae4b47a9ba3c856590957fd1d96dc588bf3ac05719d247e126840331f?s=96&d=mm&r=g\",\"url\":\"https:\\\/\\\/secure.gravatar.com\\\/avatar\\\/7c5bd30ae4b47a9ba3c856590957fd1d96dc588bf3ac05719d247e126840331f?s=96&d=mm&r=g\",\"contentUrl\":\"https:\\\/\\\/secure.gravatar.com\\\/avatar\\\/7c5bd30ae4b47a9ba3c856590957fd1d96dc588bf3ac05719d247e126840331f?s=96&d=mm&r=g\",\"caption\":\"libna\"}}]}<\/script>\n<!-- \/ Yoast SEO plugin. -->","yoast_head_json":{"title":"En Bonaire, Iglesia Adventista inaugura primera estaci\u00f3n de radio en el Caribe Holand\u00e9s - Iglesia Adventista del S\u00e9ptimo D\u00eda - Divisi\u00f3n Interamericana","robots":{"index":"index","follow":"follow","max-snippet":"max-snippet:-1","max-image-preview":"max-image-preview:large","max-video-preview":"max-video-preview:-1"},"canonical":"https:\/\/interamerica.org\/es\/2018\/05\/en-bonaire-iglesia-adventista-inaugura-primera-estacion-de-radio-en-el-caribe-neerlandes\/","og_locale":"es_ES","og_type":"article","og_title":"En Bonaire, Iglesia Adventista inaugura primera estaci\u00f3n de radio en el Caribe Holand\u00e9s - Iglesia Adventista del S\u00e9ptimo D\u00eda - Divisi\u00f3n Interamericana","og_description":"14 de mayo de 2018 | Kralendijk, Bonaire | Libna Stevens\/DIA La Iglesia Adventista en el territorio del Caribe Holand\u00e9s inaugur\u00f3 su primera estaci\u00f3n de radio en la isla de...","og_url":"https:\/\/interamerica.org\/es\/2018\/05\/en-bonaire-iglesia-adventista-inaugura-primera-estacion-de-radio-en-el-caribe-neerlandes\/","og_site_name":"Iglesia Adventista del S\u00e9ptimo D\u00eda - Divisi\u00f3n Interamericana","article_published_time":"2018-05-15T22:53:07+00:00","article_modified_time":"2018-05-16T10:06:52+00:00","og_image":[{"width":1280,"height":800,"url":"https:\/\/interamerica.org\/wp-content\/uploads\/2018\/05\/bonaire-radio.jpg","type":"image\/jpeg"}],"author":"libna","twitter_card":"summary_large_image","twitter_misc":{"Escrito por":"libna","Tiempo de lectura":"5 minutos"},"schema":{"@context":"https:\/\/schema.org","@graph":[{"@type":"Article","@id":"https:\/\/interamerica.org\/es\/2018\/05\/en-bonaire-iglesia-adventista-inaugura-primera-estacion-de-radio-en-el-caribe-neerlandes\/#article","isPartOf":{"@id":"https:\/\/interamerica.org\/es\/2018\/05\/en-bonaire-iglesia-adventista-inaugura-primera-estacion-de-radio-en-el-caribe-neerlandes\/"},"author":{"name":"libna","@id":"https:\/\/interamerica.org\/es\/#\/schema\/person\/29998f2bc2d8bd0d38662909289b54f1"},"headline":"En Bonaire, Iglesia Adventista inaugura primera estaci\u00f3n de radio en el Caribe Holand\u00e9s","datePublished":"2018-05-15T22:53:07+00:00","dateModified":"2018-05-16T10:06:52+00:00","mainEntityOfPage":{"@id":"https:\/\/interamerica.org\/es\/2018\/05\/en-bonaire-iglesia-adventista-inaugura-primera-estacion-de-radio-en-el-caribe-neerlandes\/"},"wordCount":929,"commentCount":0,"image":{"@id":"https:\/\/interamerica.org\/es\/2018\/05\/en-bonaire-iglesia-adventista-inaugura-primera-estacion-de-radio-en-el-caribe-neerlandes\/#primaryimage"},"thumbnailUrl":"https:\/\/interamerica.org\/wp-content\/uploads\/2018\/05\/bonaire-radio.jpg","articleSection":["Desde el campo","RSS Espa\u00f1ol"],"inLanguage":"es","potentialAction":[{"@type":"CommentAction","name":"Comment","target":["https:\/\/interamerica.org\/es\/2018\/05\/en-bonaire-iglesia-adventista-inaugura-primera-estacion-de-radio-en-el-caribe-neerlandes\/#respond"]}]},{"@type":"WebPage","@id":"https:\/\/interamerica.org\/es\/2018\/05\/en-bonaire-iglesia-adventista-inaugura-primera-estacion-de-radio-en-el-caribe-neerlandes\/","url":"https:\/\/interamerica.org\/es\/2018\/05\/en-bonaire-iglesia-adventista-inaugura-primera-estacion-de-radio-en-el-caribe-neerlandes\/","name":"En Bonaire, Iglesia Adventista inaugura primera estaci\u00f3n de radio en el Caribe Holand\u00e9s - Iglesia Adventista del S\u00e9ptimo D\u00eda - Divisi\u00f3n Interamericana","isPartOf":{"@id":"https:\/\/interamerica.org\/es\/#website"},"primaryImageOfPage":{"@id":"https:\/\/interamerica.org\/es\/2018\/05\/en-bonaire-iglesia-adventista-inaugura-primera-estacion-de-radio-en-el-caribe-neerlandes\/#primaryimage"},"image":{"@id":"https:\/\/interamerica.org\/es\/2018\/05\/en-bonaire-iglesia-adventista-inaugura-primera-estacion-de-radio-en-el-caribe-neerlandes\/#primaryimage"},"thumbnailUrl":"https:\/\/interamerica.org\/wp-content\/uploads\/2018\/05\/bonaire-radio.jpg","datePublished":"2018-05-15T22:53:07+00:00","dateModified":"2018-05-16T10:06:52+00:00","author":{"@id":"https:\/\/interamerica.org\/es\/#\/schema\/person\/29998f2bc2d8bd0d38662909289b54f1"},"breadcrumb":{"@id":"https:\/\/interamerica.org\/es\/2018\/05\/en-bonaire-iglesia-adventista-inaugura-primera-estacion-de-radio-en-el-caribe-neerlandes\/#breadcrumb"},"inLanguage":"es","potentialAction":[{"@type":"ReadAction","target":["https:\/\/interamerica.org\/es\/2018\/05\/en-bonaire-iglesia-adventista-inaugura-primera-estacion-de-radio-en-el-caribe-neerlandes\/"]}]},{"@type":"ImageObject","inLanguage":"es","@id":"https:\/\/interamerica.org\/es\/2018\/05\/en-bonaire-iglesia-adventista-inaugura-primera-estacion-de-radio-en-el-caribe-neerlandes\/#primaryimage","url":"https:\/\/interamerica.org\/wp-content\/uploads\/2018\/05\/bonaire-radio.jpg","contentUrl":"https:\/\/interamerica.org\/wp-content\/uploads\/2018\/05\/bonaire-radio.jpg","width":1280,"height":800},{"@type":"BreadcrumbList","@id":"https:\/\/interamerica.org\/es\/2018\/05\/en-bonaire-iglesia-adventista-inaugura-primera-estacion-de-radio-en-el-caribe-neerlandes\/#breadcrumb","itemListElement":[{"@type":"ListItem","position":1,"name":"Home","item":"https:\/\/interamerica.org\/es\/"},{"@type":"ListItem","position":2,"name":"En Bonaire, Iglesia Adventista inaugura primera estaci\u00f3n de radio en el Caribe Holand\u00e9s"}]},{"@type":"WebSite","@id":"https:\/\/interamerica.org\/es\/#website","url":"https:\/\/interamerica.org\/es\/","name":"Iglesia Adventista del S\u00e9ptimo D\u00eda - Divisi\u00f3n Interamericana","description":"","potentialAction":[{"@type":"SearchAction","target":{"@type":"EntryPoint","urlTemplate":"https:\/\/interamerica.org\/es\/?s={search_term_string}"},"query-input":{"@type":"PropertyValueSpecification","valueRequired":true,"valueName":"search_term_string"}}],"inLanguage":"es"},{"@type":"Person","@id":"https:\/\/interamerica.org\/es\/#\/schema\/person\/29998f2bc2d8bd0d38662909289b54f1","name":"libna","image":{"@type":"ImageObject","inLanguage":"es","@id":"https:\/\/secure.gravatar.com\/avatar\/7c5bd30ae4b47a9ba3c856590957fd1d96dc588bf3ac05719d247e126840331f?s=96&d=mm&r=g","url":"https:\/\/secure.gravatar.com\/avatar\/7c5bd30ae4b47a9ba3c856590957fd1d96dc588bf3ac05719d247e126840331f?s=96&d=mm&r=g","contentUrl":"https:\/\/secure.gravatar.com\/avatar\/7c5bd30ae4b47a9ba3c856590957fd1d96dc588bf3ac05719d247e126840331f?s=96&d=mm&r=g","caption":"libna"}}]}},"_links":{"self":[{"href":"https:\/\/interamerica.org\/es\/wp-json\/wp\/v2\/posts\/41684","targetHints":{"allow":["GET"]}}],"collection":[{"href":"https:\/\/interamerica.org\/es\/wp-json\/wp\/v2\/posts"}],"about":[{"href":"https:\/\/interamerica.org\/es\/wp-json\/wp\/v2\/types\/post"}],"author":[{"embeddable":true,"href":"https:\/\/interamerica.org\/es\/wp-json\/wp\/v2\/users\/3"}],"replies":[{"embeddable":true,"href":"https:\/\/interamerica.org\/es\/wp-json\/wp\/v2\/comments?post=41684"}],"version-history":[{"count":0,"href":"https:\/\/interamerica.org\/es\/wp-json\/wp\/v2\/posts\/41684\/revisions"}],"wp:featuredmedia":[{"embeddable":true,"href":"https:\/\/interamerica.org\/es\/wp-json\/wp\/v2\/media\/41662"}],"wp:attachment":[{"href":"https:\/\/interamerica.org\/es\/wp-json\/wp\/v2\/media?parent=41684"}],"wp:term":[{"taxonomy":"category","embeddable":true,"href":"https:\/\/interamerica.org\/es\/wp-json\/wp\/v2\/categories?post=41684"},{"taxonomy":"post_tag","embeddable":true,"href":"https:\/\/interamerica.org\/es\/wp-json\/wp\/v2\/tags?post=41684"}],"curies":[{"name":"wp","href":"https:\/\/api.w.org\/{rel}","templated":true}]}}