{"id":41719,"date":"2018-05-16T11:01:56","date_gmt":"2018-05-16T15:01:56","guid":{"rendered":"https:\/\/recursing-golick.147-182-135-0.plesk.page\/?p=41719"},"modified":"2018-05-16T17:01:17","modified_gmt":"2018-05-16T21:01:17","slug":"continua-sesionando-la-comision-de-supervision-de-la-unidad","status":"publish","type":"post","link":"https:\/\/interamerica.org\/es\/2018\/05\/continua-sesionando-la-comision-de-supervision-de-la-unidad\/","title":{"rendered":"Contin\u00faa sesionando la Comisi\u00f3n de Supervisi\u00f3n de la Unidad"},"content":{"rendered":"<img fetchpriority=\"high\" decoding=\"async\" class=\"aligncenter wp-image-41708\" src=\"https:\/\/recursing-golick.147-182-135-0.plesk.page\/wp-content\/uploads\/2018\/05\/unity-oversight-committee-banner1280-1-1024x640.jpg\" alt=\"\" width=\"760\" height=\"475\" srcset=\"https:\/\/interamerica.org\/wp-content\/uploads\/2018\/05\/unity-oversight-committee-banner1280-1-1024x640.jpg 1024w, https:\/\/interamerica.org\/wp-content\/uploads\/2018\/05\/unity-oversight-committee-banner1280-1-300x188.jpg 300w, https:\/\/interamerica.org\/wp-content\/uploads\/2018\/05\/unity-oversight-committee-banner1280-1-768x480.jpg 768w, https:\/\/interamerica.org\/wp-content\/uploads\/2018\/05\/unity-oversight-committee-banner1280-1.jpg 1280w\" sizes=\"(max-width: 760px) 100vw, 760px\" \/>\n<p>15 de mayo de 2018 | Silver Spring, Maryland, Estados Unidos | <span class=\"byline-news\">Comisi\u00f3n de Supervisi\u00f3n de la Unidad<\/span><\/p>\n<p>Despu\u00e9s de varios meses de di\u00e1logo y de reunir datos, la Comisi\u00f3n de Supervisi\u00f3n de la Unidad de la Iglesia Adventista ha comenzado a delinear elementos de un proceso de conformidad que ser\u00e1 considerado por los l\u00edderes de la iglesia dentro de unos meses. La comisi\u00f3n, que se reuni\u00f3 el 14 de mayo en la sede de la iglesia en Silver Spring, Maryland, tuvo momentos positivos y productivos juntos, y est\u00e1 avanzando hacia un consenso sobre los elementos b\u00e1sicos del documento que ir\u00e1 al Concilio Anual en octubre, dijo Mike Ryan, quien preside el grupo.<\/p>\n<p>La comisi\u00f3n es parte del proceso \u201cUnidad en Misi\u00f3n: Procedimientos para la reconciliaci\u00f3n eclesi\u00e1stica\u201d que vot\u00f3 la Junta Directiva de la Asociaci\u00f3n General de la Asociaci\u00f3n General durante el Concilio Anual 2016.<\/p>\n<p>Durante la reuni\u00f3n del 14 de mayo, la comisi\u00f3n analiz\u00f3 los primeros pasos para delinear el bosquejo de un documento que ser\u00e1 llevado al Concilio Anual 2018 que se llevar\u00e1 a cabo en octubre, seg\u00fan Ryan.<\/p>\n<p>\u201cSe est\u00e1 creando consenso alrededor de unos pocos puntos que se incluir\u00e1n en el bosquejo\u201d, dijo Ryan, \u201caunque eso a\u00fan est\u00e1 en proceso\u201d. Tambi\u00e9n se\u00f1al\u00f3 que \u201clos di\u00e1logos con las divisiones y diversas uniones del mundo han sido muy \u00fatiles y han guiado el borrador de la comisi\u00f3n de redacci\u00f3n\u201d.<\/p>\n<p>Para fines de este mes, los miembros de la comisi\u00f3n habr\u00e1n completado reuniones con los l\u00edderes de doce de las catorce entidades de la iglesia mundial (trece divisiones y una uni\u00f3n adjunta), seg\u00fan Hensley Moorooven, secretario de la Comisi\u00f3n de Supervisi\u00f3n de la Unidad.<\/p>\n<p>\u201cHan sido di\u00e1logos muy cordiales y honestos\u201d, dijo Moorooven.<\/p>\n<p>Se han programado encuentros con las dos entidades restantes para las pr\u00f3ximas semanas y, seg\u00fan Moorooven, la labor de la comisi\u00f3n usar\u00e1 los aportes recibidos, lo que indica que se tomar\u00e1n en cuenta sus aportes antes de finalizar el documento.<\/p>\n<p>Seg\u00fan Ryan, algunos de los elementos incluidos en el documento ser\u00e1n:<\/p>\n<ul>\n<li>el reconocimiento de que la iglesia opera sobre la base de la confianza, y que el nivel administrativo m\u00e1s cercano a la cuesti\u00f3n que carezca de conformidad ser\u00e1 el responsable y en qui\u00e9n se confiar\u00e1 para alcanzar conformidad.<\/li>\n<li>el siguiente nivel administrativo m\u00e1s alto tendr\u00e1 la responsabilidad de supervisar, y se espera que los administradores creen una atm\u00f3sfera en la que puedan lograrse la conformidad y la unidad.<\/li>\n<li>al tratar la falta de conformidad, se pide a los administradores que contin\u00faen usando el buen juicio, la madurez y la discreci\u00f3n.<\/li>\n<li>los reglamentos y orientaciones existentes de la Asociaci\u00f3n General est\u00e1n disponibles como herramientas para los administradores que enfrentan cuestiones de falta de conformidad.<\/li>\n<li>una lista de las consecuencias ante la falta de conformidad.<\/li>\n<li>un proceso de apelaci\u00f3n.<\/li>\n<\/ul>\n<p>Ryan enfatiz\u00f3 que el documento a\u00fan est\u00e1 en su etapa de borrador y que \u201centre ahora y agosto estaremos en el proceso de desarrollo\u201d.<\/p>\n<p>El documento ser\u00e1 dado a conocer en su totalidad una vez que sea analizado y votado por la Comisi\u00f3n Administrativa de la Asociaci\u00f3n General (ADCOM). De all\u00ed es enviado a la Comisi\u00f3n de Directivos de las Divisiones y de la Asociaci\u00f3n General (GCDO), antes de pasar a la Junta Directiva de la Asociaci\u00f3n General en el Concilio Anual de octubre.<\/p>\n<p>Traducci\u00f3n de Marcos Paseggi<\/p>\n","protected":false},"excerpt":{"rendered":"<p>15 de mayo de 2018 | Silver Spring, Maryland, Estados Unidos | Comisi\u00f3n de Supervisi\u00f3n de la Unidad Despu\u00e9s de varios meses de di\u00e1logo y de reunir datos, la Comisi\u00f3n&#8230;<\/p>\n","protected":false},"author":3,"featured_media":40139,"comment_status":"open","ping_status":"closed","sticky":false,"template":"","format":"standard","meta":{"_acf_changed":false,"footnotes":""},"categories":[14,15],"tags":[],"class_list":["post-41719","post","type-post","status-publish","format-standard","has-post-thumbnail","hentry","category-de-la-iglesia-mundial","category-rss-espanol"],"acf":[],"yoast_head":"<!-- This site is optimized with the Yoast SEO plugin v27.3 - https:\/\/yoast.com\/product\/yoast-seo-wordpress\/ -->\n<title>Contin\u00faa sesionando la Comisi\u00f3n de Supervisi\u00f3n de la Unidad - Iglesia Adventista del S\u00e9ptimo D\u00eda - Divisi\u00f3n Interamericana<\/title>\n<meta name=\"robots\" content=\"index, follow, max-snippet:-1, max-image-preview:large, max-video-preview:-1\" \/>\n<link rel=\"canonical\" href=\"https:\/\/interamerica.org\/es\/2018\/05\/continua-sesionando-la-comision-de-supervision-de-la-unidad\/\" \/>\n<meta property=\"og:locale\" content=\"es_ES\" \/>\n<meta property=\"og:type\" content=\"article\" \/>\n<meta property=\"og:title\" content=\"Contin\u00faa sesionando la Comisi\u00f3n de Supervisi\u00f3n de la Unidad - Iglesia Adventista del S\u00e9ptimo D\u00eda - Divisi\u00f3n Interamericana\" \/>\n<meta property=\"og:description\" content=\"15 de mayo de 2018 | Silver Spring, Maryland, Estados Unidos | Comisi\u00f3n de Supervisi\u00f3n de la Unidad Despu\u00e9s de varios meses de di\u00e1logo y de reunir datos, la Comisi\u00f3n...\" \/>\n<meta property=\"og:url\" content=\"https:\/\/interamerica.org\/es\/2018\/05\/continua-sesionando-la-comision-de-supervision-de-la-unidad\/\" \/>\n<meta property=\"og:site_name\" content=\"Iglesia Adventista del S\u00e9ptimo D\u00eda - Divisi\u00f3n Interamericana\" \/>\n<meta property=\"article:published_time\" content=\"2018-05-16T15:01:56+00:00\" \/>\n<meta property=\"article:modified_time\" content=\"2018-05-16T21:01:17+00:00\" \/>\n<meta property=\"og:image\" content=\"https:\/\/interamerica.org\/wp-content\/uploads\/2018\/02\/map-of-the-world-1280.jpg\" \/>\n\t<meta property=\"og:image:width\" content=\"1280\" \/>\n\t<meta property=\"og:image:height\" content=\"800\" \/>\n\t<meta property=\"og:image:type\" content=\"image\/jpeg\" \/>\n<meta name=\"author\" content=\"libna\" \/>\n<meta name=\"twitter:card\" content=\"summary_large_image\" \/>\n<meta name=\"twitter:label1\" content=\"Escrito por\" \/>\n\t<meta name=\"twitter:data1\" content=\"libna\" \/>\n\t<meta name=\"twitter:label2\" content=\"Tiempo de lectura\" \/>\n\t<meta name=\"twitter:data2\" content=\"3 minutos\" \/>\n<script type=\"application\/ld+json\" class=\"yoast-schema-graph\">{\"@context\":\"https:\\\/\\\/schema.org\",\"@graph\":[{\"@type\":\"Article\",\"@id\":\"https:\\\/\\\/interamerica.org\\\/es\\\/2018\\\/05\\\/continua-sesionando-la-comision-de-supervision-de-la-unidad\\\/#article\",\"isPartOf\":{\"@id\":\"https:\\\/\\\/interamerica.org\\\/es\\\/2018\\\/05\\\/continua-sesionando-la-comision-de-supervision-de-la-unidad\\\/\"},\"author\":{\"name\":\"libna\",\"@id\":\"https:\\\/\\\/interamerica.org\\\/es\\\/#\\\/schema\\\/person\\\/29998f2bc2d8bd0d38662909289b54f1\"},\"headline\":\"Contin\u00faa sesionando la Comisi\u00f3n de Supervisi\u00f3n de la Unidad\",\"datePublished\":\"2018-05-16T15:01:56+00:00\",\"dateModified\":\"2018-05-16T21:01:17+00:00\",\"mainEntityOfPage\":{\"@id\":\"https:\\\/\\\/interamerica.org\\\/es\\\/2018\\\/05\\\/continua-sesionando-la-comision-de-supervision-de-la-unidad\\\/\"},\"wordCount\":610,\"commentCount\":0,\"image\":{\"@id\":\"https:\\\/\\\/interamerica.org\\\/es\\\/2018\\\/05\\\/continua-sesionando-la-comision-de-supervision-de-la-unidad\\\/#primaryimage\"},\"thumbnailUrl\":\"https:\\\/\\\/interamerica.org\\\/wp-content\\\/uploads\\\/2018\\\/02\\\/map-of-the-world-1280.jpg\",\"articleSection\":[\"Desde la iglesia mundial\",\"RSS Espa\u00f1ol\"],\"inLanguage\":\"es\",\"potentialAction\":[{\"@type\":\"CommentAction\",\"name\":\"Comment\",\"target\":[\"https:\\\/\\\/interamerica.org\\\/es\\\/2018\\\/05\\\/continua-sesionando-la-comision-de-supervision-de-la-unidad\\\/#respond\"]}]},{\"@type\":\"WebPage\",\"@id\":\"https:\\\/\\\/interamerica.org\\\/es\\\/2018\\\/05\\\/continua-sesionando-la-comision-de-supervision-de-la-unidad\\\/\",\"url\":\"https:\\\/\\\/interamerica.org\\\/es\\\/2018\\\/05\\\/continua-sesionando-la-comision-de-supervision-de-la-unidad\\\/\",\"name\":\"Contin\u00faa sesionando la Comisi\u00f3n de Supervisi\u00f3n de la Unidad - Iglesia Adventista del S\u00e9ptimo D\u00eda - Divisi\u00f3n Interamericana\",\"isPartOf\":{\"@id\":\"https:\\\/\\\/interamerica.org\\\/es\\\/#website\"},\"primaryImageOfPage\":{\"@id\":\"https:\\\/\\\/interamerica.org\\\/es\\\/2018\\\/05\\\/continua-sesionando-la-comision-de-supervision-de-la-unidad\\\/#primaryimage\"},\"image\":{\"@id\":\"https:\\\/\\\/interamerica.org\\\/es\\\/2018\\\/05\\\/continua-sesionando-la-comision-de-supervision-de-la-unidad\\\/#primaryimage\"},\"thumbnailUrl\":\"https:\\\/\\\/interamerica.org\\\/wp-content\\\/uploads\\\/2018\\\/02\\\/map-of-the-world-1280.jpg\",\"datePublished\":\"2018-05-16T15:01:56+00:00\",\"dateModified\":\"2018-05-16T21:01:17+00:00\",\"author\":{\"@id\":\"https:\\\/\\\/interamerica.org\\\/es\\\/#\\\/schema\\\/person\\\/29998f2bc2d8bd0d38662909289b54f1\"},\"breadcrumb\":{\"@id\":\"https:\\\/\\\/interamerica.org\\\/es\\\/2018\\\/05\\\/continua-sesionando-la-comision-de-supervision-de-la-unidad\\\/#breadcrumb\"},\"inLanguage\":\"es\",\"potentialAction\":[{\"@type\":\"ReadAction\",\"target\":[\"https:\\\/\\\/interamerica.org\\\/es\\\/2018\\\/05\\\/continua-sesionando-la-comision-de-supervision-de-la-unidad\\\/\"]}]},{\"@type\":\"ImageObject\",\"inLanguage\":\"es\",\"@id\":\"https:\\\/\\\/interamerica.org\\\/es\\\/2018\\\/05\\\/continua-sesionando-la-comision-de-supervision-de-la-unidad\\\/#primaryimage\",\"url\":\"https:\\\/\\\/interamerica.org\\\/wp-content\\\/uploads\\\/2018\\\/02\\\/map-of-the-world-1280.jpg\",\"contentUrl\":\"https:\\\/\\\/interamerica.org\\\/wp-content\\\/uploads\\\/2018\\\/02\\\/map-of-the-world-1280.jpg\",\"width\":1280,\"height\":800},{\"@type\":\"BreadcrumbList\",\"@id\":\"https:\\\/\\\/interamerica.org\\\/es\\\/2018\\\/05\\\/continua-sesionando-la-comision-de-supervision-de-la-unidad\\\/#breadcrumb\",\"itemListElement\":[{\"@type\":\"ListItem\",\"position\":1,\"name\":\"Home\",\"item\":\"https:\\\/\\\/interamerica.org\\\/es\\\/\"},{\"@type\":\"ListItem\",\"position\":2,\"name\":\"Contin\u00faa sesionando la Comisi\u00f3n de Supervisi\u00f3n de la Unidad\"}]},{\"@type\":\"WebSite\",\"@id\":\"https:\\\/\\\/interamerica.org\\\/es\\\/#website\",\"url\":\"https:\\\/\\\/interamerica.org\\\/es\\\/\",\"name\":\"Iglesia Adventista del S\u00e9ptimo D\u00eda - Divisi\u00f3n Interamericana\",\"description\":\"\",\"potentialAction\":[{\"@type\":\"SearchAction\",\"target\":{\"@type\":\"EntryPoint\",\"urlTemplate\":\"https:\\\/\\\/interamerica.org\\\/es\\\/?s={search_term_string}\"},\"query-input\":{\"@type\":\"PropertyValueSpecification\",\"valueRequired\":true,\"valueName\":\"search_term_string\"}}],\"inLanguage\":\"es\"},{\"@type\":\"Person\",\"@id\":\"https:\\\/\\\/interamerica.org\\\/es\\\/#\\\/schema\\\/person\\\/29998f2bc2d8bd0d38662909289b54f1\",\"name\":\"libna\",\"image\":{\"@type\":\"ImageObject\",\"inLanguage\":\"es\",\"@id\":\"https:\\\/\\\/secure.gravatar.com\\\/avatar\\\/7c5bd30ae4b47a9ba3c856590957fd1d96dc588bf3ac05719d247e126840331f?s=96&d=mm&r=g\",\"url\":\"https:\\\/\\\/secure.gravatar.com\\\/avatar\\\/7c5bd30ae4b47a9ba3c856590957fd1d96dc588bf3ac05719d247e126840331f?s=96&d=mm&r=g\",\"contentUrl\":\"https:\\\/\\\/secure.gravatar.com\\\/avatar\\\/7c5bd30ae4b47a9ba3c856590957fd1d96dc588bf3ac05719d247e126840331f?s=96&d=mm&r=g\",\"caption\":\"libna\"}}]}<\/script>\n<!-- \/ Yoast SEO plugin. -->","yoast_head_json":{"title":"Contin\u00faa sesionando la Comisi\u00f3n de Supervisi\u00f3n de la Unidad - Iglesia Adventista del S\u00e9ptimo D\u00eda - Divisi\u00f3n Interamericana","robots":{"index":"index","follow":"follow","max-snippet":"max-snippet:-1","max-image-preview":"max-image-preview:large","max-video-preview":"max-video-preview:-1"},"canonical":"https:\/\/interamerica.org\/es\/2018\/05\/continua-sesionando-la-comision-de-supervision-de-la-unidad\/","og_locale":"es_ES","og_type":"article","og_title":"Contin\u00faa sesionando la Comisi\u00f3n de Supervisi\u00f3n de la Unidad - Iglesia Adventista del S\u00e9ptimo D\u00eda - Divisi\u00f3n Interamericana","og_description":"15 de mayo de 2018 | Silver Spring, Maryland, Estados Unidos | Comisi\u00f3n de Supervisi\u00f3n de la Unidad Despu\u00e9s de varios meses de di\u00e1logo y de reunir datos, la Comisi\u00f3n...","og_url":"https:\/\/interamerica.org\/es\/2018\/05\/continua-sesionando-la-comision-de-supervision-de-la-unidad\/","og_site_name":"Iglesia Adventista del S\u00e9ptimo D\u00eda - Divisi\u00f3n Interamericana","article_published_time":"2018-05-16T15:01:56+00:00","article_modified_time":"2018-05-16T21:01:17+00:00","og_image":[{"width":1280,"height":800,"url":"https:\/\/interamerica.org\/wp-content\/uploads\/2018\/02\/map-of-the-world-1280.jpg","type":"image\/jpeg"}],"author":"libna","twitter_card":"summary_large_image","twitter_misc":{"Escrito por":"libna","Tiempo de lectura":"3 minutos"},"schema":{"@context":"https:\/\/schema.org","@graph":[{"@type":"Article","@id":"https:\/\/interamerica.org\/es\/2018\/05\/continua-sesionando-la-comision-de-supervision-de-la-unidad\/#article","isPartOf":{"@id":"https:\/\/interamerica.org\/es\/2018\/05\/continua-sesionando-la-comision-de-supervision-de-la-unidad\/"},"author":{"name":"libna","@id":"https:\/\/interamerica.org\/es\/#\/schema\/person\/29998f2bc2d8bd0d38662909289b54f1"},"headline":"Contin\u00faa sesionando la Comisi\u00f3n de Supervisi\u00f3n de la Unidad","datePublished":"2018-05-16T15:01:56+00:00","dateModified":"2018-05-16T21:01:17+00:00","mainEntityOfPage":{"@id":"https:\/\/interamerica.org\/es\/2018\/05\/continua-sesionando-la-comision-de-supervision-de-la-unidad\/"},"wordCount":610,"commentCount":0,"image":{"@id":"https:\/\/interamerica.org\/es\/2018\/05\/continua-sesionando-la-comision-de-supervision-de-la-unidad\/#primaryimage"},"thumbnailUrl":"https:\/\/interamerica.org\/wp-content\/uploads\/2018\/02\/map-of-the-world-1280.jpg","articleSection":["Desde la iglesia mundial","RSS Espa\u00f1ol"],"inLanguage":"es","potentialAction":[{"@type":"CommentAction","name":"Comment","target":["https:\/\/interamerica.org\/es\/2018\/05\/continua-sesionando-la-comision-de-supervision-de-la-unidad\/#respond"]}]},{"@type":"WebPage","@id":"https:\/\/interamerica.org\/es\/2018\/05\/continua-sesionando-la-comision-de-supervision-de-la-unidad\/","url":"https:\/\/interamerica.org\/es\/2018\/05\/continua-sesionando-la-comision-de-supervision-de-la-unidad\/","name":"Contin\u00faa sesionando la Comisi\u00f3n de Supervisi\u00f3n de la Unidad - Iglesia Adventista del S\u00e9ptimo D\u00eda - Divisi\u00f3n Interamericana","isPartOf":{"@id":"https:\/\/interamerica.org\/es\/#website"},"primaryImageOfPage":{"@id":"https:\/\/interamerica.org\/es\/2018\/05\/continua-sesionando-la-comision-de-supervision-de-la-unidad\/#primaryimage"},"image":{"@id":"https:\/\/interamerica.org\/es\/2018\/05\/continua-sesionando-la-comision-de-supervision-de-la-unidad\/#primaryimage"},"thumbnailUrl":"https:\/\/interamerica.org\/wp-content\/uploads\/2018\/02\/map-of-the-world-1280.jpg","datePublished":"2018-05-16T15:01:56+00:00","dateModified":"2018-05-16T21:01:17+00:00","author":{"@id":"https:\/\/interamerica.org\/es\/#\/schema\/person\/29998f2bc2d8bd0d38662909289b54f1"},"breadcrumb":{"@id":"https:\/\/interamerica.org\/es\/2018\/05\/continua-sesionando-la-comision-de-supervision-de-la-unidad\/#breadcrumb"},"inLanguage":"es","potentialAction":[{"@type":"ReadAction","target":["https:\/\/interamerica.org\/es\/2018\/05\/continua-sesionando-la-comision-de-supervision-de-la-unidad\/"]}]},{"@type":"ImageObject","inLanguage":"es","@id":"https:\/\/interamerica.org\/es\/2018\/05\/continua-sesionando-la-comision-de-supervision-de-la-unidad\/#primaryimage","url":"https:\/\/interamerica.org\/wp-content\/uploads\/2018\/02\/map-of-the-world-1280.jpg","contentUrl":"https:\/\/interamerica.org\/wp-content\/uploads\/2018\/02\/map-of-the-world-1280.jpg","width":1280,"height":800},{"@type":"BreadcrumbList","@id":"https:\/\/interamerica.org\/es\/2018\/05\/continua-sesionando-la-comision-de-supervision-de-la-unidad\/#breadcrumb","itemListElement":[{"@type":"ListItem","position":1,"name":"Home","item":"https:\/\/interamerica.org\/es\/"},{"@type":"ListItem","position":2,"name":"Contin\u00faa sesionando la Comisi\u00f3n de Supervisi\u00f3n de la Unidad"}]},{"@type":"WebSite","@id":"https:\/\/interamerica.org\/es\/#website","url":"https:\/\/interamerica.org\/es\/","name":"Iglesia Adventista del S\u00e9ptimo D\u00eda - Divisi\u00f3n Interamericana","description":"","potentialAction":[{"@type":"SearchAction","target":{"@type":"EntryPoint","urlTemplate":"https:\/\/interamerica.org\/es\/?s={search_term_string}"},"query-input":{"@type":"PropertyValueSpecification","valueRequired":true,"valueName":"search_term_string"}}],"inLanguage":"es"},{"@type":"Person","@id":"https:\/\/interamerica.org\/es\/#\/schema\/person\/29998f2bc2d8bd0d38662909289b54f1","name":"libna","image":{"@type":"ImageObject","inLanguage":"es","@id":"https:\/\/secure.gravatar.com\/avatar\/7c5bd30ae4b47a9ba3c856590957fd1d96dc588bf3ac05719d247e126840331f?s=96&d=mm&r=g","url":"https:\/\/secure.gravatar.com\/avatar\/7c5bd30ae4b47a9ba3c856590957fd1d96dc588bf3ac05719d247e126840331f?s=96&d=mm&r=g","contentUrl":"https:\/\/secure.gravatar.com\/avatar\/7c5bd30ae4b47a9ba3c856590957fd1d96dc588bf3ac05719d247e126840331f?s=96&d=mm&r=g","caption":"libna"}}]}},"_links":{"self":[{"href":"https:\/\/interamerica.org\/es\/wp-json\/wp\/v2\/posts\/41719","targetHints":{"allow":["GET"]}}],"collection":[{"href":"https:\/\/interamerica.org\/es\/wp-json\/wp\/v2\/posts"}],"about":[{"href":"https:\/\/interamerica.org\/es\/wp-json\/wp\/v2\/types\/post"}],"author":[{"embeddable":true,"href":"https:\/\/interamerica.org\/es\/wp-json\/wp\/v2\/users\/3"}],"replies":[{"embeddable":true,"href":"https:\/\/interamerica.org\/es\/wp-json\/wp\/v2\/comments?post=41719"}],"version-history":[{"count":0,"href":"https:\/\/interamerica.org\/es\/wp-json\/wp\/v2\/posts\/41719\/revisions"}],"wp:featuredmedia":[{"embeddable":true,"href":"https:\/\/interamerica.org\/es\/wp-json\/wp\/v2\/media\/40139"}],"wp:attachment":[{"href":"https:\/\/interamerica.org\/es\/wp-json\/wp\/v2\/media?parent=41719"}],"wp:term":[{"taxonomy":"category","embeddable":true,"href":"https:\/\/interamerica.org\/es\/wp-json\/wp\/v2\/categories?post=41719"},{"taxonomy":"post_tag","embeddable":true,"href":"https:\/\/interamerica.org\/es\/wp-json\/wp\/v2\/tags?post=41719"}],"curies":[{"name":"wp","href":"https:\/\/api.w.org\/{rel}","templated":true}]}}