{"id":41795,"date":"2018-05-21T14:21:39","date_gmt":"2018-05-21T18:21:39","guid":{"rendered":"https:\/\/recursing-golick.147-182-135-0.plesk.page\/?p=41795"},"modified":"2018-05-21T17:34:13","modified_gmt":"2018-05-21T21:34:13","slug":"convencion-anual-de-asi-interamerica-celebrara-veinte-anos-de-crecimiento","status":"publish","type":"post","link":"https:\/\/interamerica.org\/es\/2018\/05\/convencion-anual-de-asi-interamerica-celebrara-veinte-anos-de-crecimiento\/","title":{"rendered":"Convenci\u00f3n Anual de ASi Interam\u00e9rica celebrar\u00e1 veinte a\u00f1os de crecimiento"},"content":{"rendered":"<img fetchpriority=\"high\" decoding=\"async\" class=\"aligncenter wp-image-41789\" src=\"https:\/\/recursing-golick.147-182-135-0.plesk.page\/wp-content\/uploads\/2018\/05\/asi2018-spa.png\" alt=\"\" width=\"760\" height=\"457\" srcset=\"https:\/\/interamerica.org\/wp-content\/uploads\/2018\/05\/asi2018-spa.png 938w, https:\/\/interamerica.org\/wp-content\/uploads\/2018\/05\/asi2018-spa-300x180.png 300w, https:\/\/interamerica.org\/wp-content\/uploads\/2018\/05\/asi2018-spa-768x462.png 768w\" sizes=\"(max-width: 760px) 100vw, 760px\" \/>\n<p>&nbsp;<\/p>\n<p>21 de mayo de 2018 | Miami, Florida, Estados Unidos | Libna Stevens\/DIA<\/p>\n<p>La Convenci\u00f3n de Servicios e Industrias de Laicos Adventistas (ASi) de este a\u00f1o espera reunir a cientos de empresarios y profesionales adventistas de todo el territorio de la Divisi\u00f3n Interamericana en Canc\u00fan, M\u00e9xico, del 8 al 12 de agosto de 2018. El evento tambi\u00e9n promete atraer a abogados y profesionales de la salud, para lo que podr\u00eda ser la convenci\u00f3n m\u00e1s grande de ASi Interam\u00e9rica.<\/p>\n<p>Bajo el lema \u201cVeinte a\u00f1os transformando vidas en el lugar de trabajo\u201d, el evento pondr\u00e1 de relieve el crecimiento de la principal filial de ASi Interam\u00e9rica, desde que fue organizada en 1998, dicen los organizadores.<\/p>\n<p>\u201cLa convenci\u00f3n permitir\u00e1 que los empresarios, los profesionales de salud y los abogados ejecuten el ministerio en su esfera de funciones mientras testifican de Cristo\u201d, dice el pastor James Daniel, vicepresidente de la Iglesia Adventista en Interam\u00e9rica y secretario de ASi Interam\u00e9rica.<\/p>\n<p>La convenci\u00f3n de este a\u00f1o es en especial particular para Interam\u00e9rica porque durante veinte a\u00f1os, por todo el territorio han surgido decenas de filiales locales\u201d, dice Daniel, \u201cy queremos que las filiales presenten planes y programas creativos ahora que queremos llevar a ASi Interam\u00e9rica al siguiente nivel para una expansi\u00f3n a\u00fan mayor\u201d.<\/p>\n<p>El evento de cuatro d\u00edas busca inspirar y reafirmar a los miembros y asistentes de las filiales locales de ASi en su compromiso de compartir a Cristo en sus empresas y comunidades, en apoyo de la misi\u00f3n de la iglesia. La convenci\u00f3n tambi\u00e9n contar\u00e1 con oradores invitados internacionales, dicen los organizadores.<\/p>\n<p>Se ha planificado asimismo una campa\u00f1a de evangelizaci\u00f3n para Canc\u00fan, que se llevar\u00e1 a cabo antes de la convenci\u00f3n. Los miembros visitantes de ASi tendr\u00e1n la oportunidad de participar.<\/p>\n<p>\u201cQueremos que esta convenci\u00f3n siga empoderando a los asistentes para que avancen seg\u00fan los gu\u00ede el Esp\u00edritu Santo, sirviendo a sus comunidades y preparando a otros para el reino de Dios\u201d, a\u00f1ade Daniel.<\/p>\n<p>Por m\u00e1s informaci\u00f3n, y para registrarse para la Convenci\u00f3n de ASi Interam\u00e9rica, visite <a href=\"https:\/\/eventdex.force.com\/BLN_RegistrationDym?id=a192A00000ANLCXQA5\">asi2018.interamerica.org<\/a><\/p>\n<p>Traducci\u00f3n de Marcos Paseggi<\/p>\n","protected":false},"excerpt":{"rendered":"<p>&nbsp; 21 de mayo de 2018 | Miami, Florida, Estados Unidos | Libna Stevens\/DIA La Convenci\u00f3n de Servicios e Industrias de Laicos Adventistas (ASi) de este a\u00f1o espera reunir a&#8230;<\/p>\n","protected":false},"author":3,"featured_media":41777,"comment_status":"open","ping_status":"closed","sticky":false,"template":"","format":"standard","meta":{"_acf_changed":false,"footnotes":""},"categories":[16,15],"tags":[],"class_list":["post-41795","post","type-post","status-publish","format-standard","has-post-thumbnail","hentry","category-desde-la-sede","category-rss-espanol"],"acf":[],"yoast_head":"<!-- This site is optimized with the Yoast SEO plugin v27.3 - https:\/\/yoast.com\/product\/yoast-seo-wordpress\/ -->\n<title>Convenci\u00f3n Anual de ASi Interam\u00e9rica celebrar\u00e1 veinte a\u00f1os de crecimiento - Iglesia Adventista del S\u00e9ptimo D\u00eda - Divisi\u00f3n Interamericana<\/title>\n<meta name=\"robots\" content=\"index, follow, max-snippet:-1, max-image-preview:large, max-video-preview:-1\" \/>\n<link rel=\"canonical\" href=\"https:\/\/interamerica.org\/es\/2018\/05\/convencion-anual-de-asi-interamerica-celebrara-veinte-anos-de-crecimiento\/\" \/>\n<meta property=\"og:locale\" content=\"es_ES\" \/>\n<meta property=\"og:type\" content=\"article\" \/>\n<meta property=\"og:title\" content=\"Convenci\u00f3n Anual de ASi Interam\u00e9rica celebrar\u00e1 veinte a\u00f1os de crecimiento - Iglesia Adventista del S\u00e9ptimo D\u00eda - Divisi\u00f3n Interamericana\" \/>\n<meta property=\"og:description\" content=\"&nbsp; 21 de mayo de 2018 | Miami, Florida, Estados Unidos | Libna Stevens\/DIA La Convenci\u00f3n de Servicios e Industrias de Laicos Adventistas (ASi) de este a\u00f1o espera reunir a...\" \/>\n<meta property=\"og:url\" content=\"https:\/\/interamerica.org\/es\/2018\/05\/convencion-anual-de-asi-interamerica-celebrara-veinte-anos-de-crecimiento\/\" \/>\n<meta property=\"og:site_name\" content=\"Iglesia Adventista del S\u00e9ptimo D\u00eda - Divisi\u00f3n Interamericana\" \/>\n<meta property=\"article:published_time\" content=\"2018-05-21T18:21:39+00:00\" \/>\n<meta property=\"article:modified_time\" content=\"2018-05-21T21:34:13+00:00\" \/>\n<meta property=\"og:image\" content=\"https:\/\/interamerica.org\/wp-content\/uploads\/2018\/05\/asi-2018-1280.jpg\" \/>\n\t<meta property=\"og:image:width\" content=\"1280\" \/>\n\t<meta property=\"og:image:height\" content=\"800\" \/>\n\t<meta property=\"og:image:type\" content=\"image\/jpeg\" \/>\n<meta name=\"author\" content=\"libna\" \/>\n<meta name=\"twitter:card\" content=\"summary_large_image\" \/>\n<meta name=\"twitter:label1\" content=\"Escrito por\" \/>\n\t<meta name=\"twitter:data1\" content=\"libna\" \/>\n\t<meta name=\"twitter:label2\" content=\"Tiempo de lectura\" \/>\n\t<meta name=\"twitter:data2\" content=\"2 minutos\" \/>\n<script type=\"application\/ld+json\" class=\"yoast-schema-graph\">{\"@context\":\"https:\\\/\\\/schema.org\",\"@graph\":[{\"@type\":\"Article\",\"@id\":\"https:\\\/\\\/interamerica.org\\\/es\\\/2018\\\/05\\\/convencion-anual-de-asi-interamerica-celebrara-veinte-anos-de-crecimiento\\\/#article\",\"isPartOf\":{\"@id\":\"https:\\\/\\\/interamerica.org\\\/es\\\/2018\\\/05\\\/convencion-anual-de-asi-interamerica-celebrara-veinte-anos-de-crecimiento\\\/\"},\"author\":{\"name\":\"libna\",\"@id\":\"https:\\\/\\\/interamerica.org\\\/es\\\/#\\\/schema\\\/person\\\/29998f2bc2d8bd0d38662909289b54f1\"},\"headline\":\"Convenci\u00f3n Anual de ASi Interam\u00e9rica celebrar\u00e1 veinte a\u00f1os de crecimiento\",\"datePublished\":\"2018-05-21T18:21:39+00:00\",\"dateModified\":\"2018-05-21T21:34:13+00:00\",\"mainEntityOfPage\":{\"@id\":\"https:\\\/\\\/interamerica.org\\\/es\\\/2018\\\/05\\\/convencion-anual-de-asi-interamerica-celebrara-veinte-anos-de-crecimiento\\\/\"},\"wordCount\":388,\"commentCount\":0,\"image\":{\"@id\":\"https:\\\/\\\/interamerica.org\\\/es\\\/2018\\\/05\\\/convencion-anual-de-asi-interamerica-celebrara-veinte-anos-de-crecimiento\\\/#primaryimage\"},\"thumbnailUrl\":\"https:\\\/\\\/interamerica.org\\\/wp-content\\\/uploads\\\/2018\\\/05\\\/asi-2018-1280.jpg\",\"articleSection\":[\"Desde la sede\",\"RSS Espa\u00f1ol\"],\"inLanguage\":\"es\",\"potentialAction\":[{\"@type\":\"CommentAction\",\"name\":\"Comment\",\"target\":[\"https:\\\/\\\/interamerica.org\\\/es\\\/2018\\\/05\\\/convencion-anual-de-asi-interamerica-celebrara-veinte-anos-de-crecimiento\\\/#respond\"]}]},{\"@type\":\"WebPage\",\"@id\":\"https:\\\/\\\/interamerica.org\\\/es\\\/2018\\\/05\\\/convencion-anual-de-asi-interamerica-celebrara-veinte-anos-de-crecimiento\\\/\",\"url\":\"https:\\\/\\\/interamerica.org\\\/es\\\/2018\\\/05\\\/convencion-anual-de-asi-interamerica-celebrara-veinte-anos-de-crecimiento\\\/\",\"name\":\"Convenci\u00f3n Anual de ASi Interam\u00e9rica celebrar\u00e1 veinte a\u00f1os de crecimiento - Iglesia Adventista del S\u00e9ptimo D\u00eda - Divisi\u00f3n Interamericana\",\"isPartOf\":{\"@id\":\"https:\\\/\\\/interamerica.org\\\/es\\\/#website\"},\"primaryImageOfPage\":{\"@id\":\"https:\\\/\\\/interamerica.org\\\/es\\\/2018\\\/05\\\/convencion-anual-de-asi-interamerica-celebrara-veinte-anos-de-crecimiento\\\/#primaryimage\"},\"image\":{\"@id\":\"https:\\\/\\\/interamerica.org\\\/es\\\/2018\\\/05\\\/convencion-anual-de-asi-interamerica-celebrara-veinte-anos-de-crecimiento\\\/#primaryimage\"},\"thumbnailUrl\":\"https:\\\/\\\/interamerica.org\\\/wp-content\\\/uploads\\\/2018\\\/05\\\/asi-2018-1280.jpg\",\"datePublished\":\"2018-05-21T18:21:39+00:00\",\"dateModified\":\"2018-05-21T21:34:13+00:00\",\"author\":{\"@id\":\"https:\\\/\\\/interamerica.org\\\/es\\\/#\\\/schema\\\/person\\\/29998f2bc2d8bd0d38662909289b54f1\"},\"breadcrumb\":{\"@id\":\"https:\\\/\\\/interamerica.org\\\/es\\\/2018\\\/05\\\/convencion-anual-de-asi-interamerica-celebrara-veinte-anos-de-crecimiento\\\/#breadcrumb\"},\"inLanguage\":\"es\",\"potentialAction\":[{\"@type\":\"ReadAction\",\"target\":[\"https:\\\/\\\/interamerica.org\\\/es\\\/2018\\\/05\\\/convencion-anual-de-asi-interamerica-celebrara-veinte-anos-de-crecimiento\\\/\"]}]},{\"@type\":\"ImageObject\",\"inLanguage\":\"es\",\"@id\":\"https:\\\/\\\/interamerica.org\\\/es\\\/2018\\\/05\\\/convencion-anual-de-asi-interamerica-celebrara-veinte-anos-de-crecimiento\\\/#primaryimage\",\"url\":\"https:\\\/\\\/interamerica.org\\\/wp-content\\\/uploads\\\/2018\\\/05\\\/asi-2018-1280.jpg\",\"contentUrl\":\"https:\\\/\\\/interamerica.org\\\/wp-content\\\/uploads\\\/2018\\\/05\\\/asi-2018-1280.jpg\",\"width\":1280,\"height\":800},{\"@type\":\"BreadcrumbList\",\"@id\":\"https:\\\/\\\/interamerica.org\\\/es\\\/2018\\\/05\\\/convencion-anual-de-asi-interamerica-celebrara-veinte-anos-de-crecimiento\\\/#breadcrumb\",\"itemListElement\":[{\"@type\":\"ListItem\",\"position\":1,\"name\":\"Home\",\"item\":\"https:\\\/\\\/interamerica.org\\\/es\\\/\"},{\"@type\":\"ListItem\",\"position\":2,\"name\":\"Convenci\u00f3n Anual de ASi Interam\u00e9rica celebrar\u00e1 veinte a\u00f1os de crecimiento\"}]},{\"@type\":\"WebSite\",\"@id\":\"https:\\\/\\\/interamerica.org\\\/es\\\/#website\",\"url\":\"https:\\\/\\\/interamerica.org\\\/es\\\/\",\"name\":\"Iglesia Adventista del S\u00e9ptimo D\u00eda - Divisi\u00f3n Interamericana\",\"description\":\"\",\"potentialAction\":[{\"@type\":\"SearchAction\",\"target\":{\"@type\":\"EntryPoint\",\"urlTemplate\":\"https:\\\/\\\/interamerica.org\\\/es\\\/?s={search_term_string}\"},\"query-input\":{\"@type\":\"PropertyValueSpecification\",\"valueRequired\":true,\"valueName\":\"search_term_string\"}}],\"inLanguage\":\"es\"},{\"@type\":\"Person\",\"@id\":\"https:\\\/\\\/interamerica.org\\\/es\\\/#\\\/schema\\\/person\\\/29998f2bc2d8bd0d38662909289b54f1\",\"name\":\"libna\",\"image\":{\"@type\":\"ImageObject\",\"inLanguage\":\"es\",\"@id\":\"https:\\\/\\\/secure.gravatar.com\\\/avatar\\\/7c5bd30ae4b47a9ba3c856590957fd1d96dc588bf3ac05719d247e126840331f?s=96&d=mm&r=g\",\"url\":\"https:\\\/\\\/secure.gravatar.com\\\/avatar\\\/7c5bd30ae4b47a9ba3c856590957fd1d96dc588bf3ac05719d247e126840331f?s=96&d=mm&r=g\",\"contentUrl\":\"https:\\\/\\\/secure.gravatar.com\\\/avatar\\\/7c5bd30ae4b47a9ba3c856590957fd1d96dc588bf3ac05719d247e126840331f?s=96&d=mm&r=g\",\"caption\":\"libna\"}}]}<\/script>\n<!-- \/ Yoast SEO plugin. -->","yoast_head_json":{"title":"Convenci\u00f3n Anual de ASi Interam\u00e9rica celebrar\u00e1 veinte a\u00f1os de crecimiento - Iglesia Adventista del S\u00e9ptimo D\u00eda - Divisi\u00f3n Interamericana","robots":{"index":"index","follow":"follow","max-snippet":"max-snippet:-1","max-image-preview":"max-image-preview:large","max-video-preview":"max-video-preview:-1"},"canonical":"https:\/\/interamerica.org\/es\/2018\/05\/convencion-anual-de-asi-interamerica-celebrara-veinte-anos-de-crecimiento\/","og_locale":"es_ES","og_type":"article","og_title":"Convenci\u00f3n Anual de ASi Interam\u00e9rica celebrar\u00e1 veinte a\u00f1os de crecimiento - Iglesia Adventista del S\u00e9ptimo D\u00eda - Divisi\u00f3n Interamericana","og_description":"&nbsp; 21 de mayo de 2018 | Miami, Florida, Estados Unidos | Libna Stevens\/DIA La Convenci\u00f3n de Servicios e Industrias de Laicos Adventistas (ASi) de este a\u00f1o espera reunir a...","og_url":"https:\/\/interamerica.org\/es\/2018\/05\/convencion-anual-de-asi-interamerica-celebrara-veinte-anos-de-crecimiento\/","og_site_name":"Iglesia Adventista del S\u00e9ptimo D\u00eda - Divisi\u00f3n Interamericana","article_published_time":"2018-05-21T18:21:39+00:00","article_modified_time":"2018-05-21T21:34:13+00:00","og_image":[{"width":1280,"height":800,"url":"https:\/\/interamerica.org\/wp-content\/uploads\/2018\/05\/asi-2018-1280.jpg","type":"image\/jpeg"}],"author":"libna","twitter_card":"summary_large_image","twitter_misc":{"Escrito por":"libna","Tiempo de lectura":"2 minutos"},"schema":{"@context":"https:\/\/schema.org","@graph":[{"@type":"Article","@id":"https:\/\/interamerica.org\/es\/2018\/05\/convencion-anual-de-asi-interamerica-celebrara-veinte-anos-de-crecimiento\/#article","isPartOf":{"@id":"https:\/\/interamerica.org\/es\/2018\/05\/convencion-anual-de-asi-interamerica-celebrara-veinte-anos-de-crecimiento\/"},"author":{"name":"libna","@id":"https:\/\/interamerica.org\/es\/#\/schema\/person\/29998f2bc2d8bd0d38662909289b54f1"},"headline":"Convenci\u00f3n Anual de ASi Interam\u00e9rica celebrar\u00e1 veinte a\u00f1os de crecimiento","datePublished":"2018-05-21T18:21:39+00:00","dateModified":"2018-05-21T21:34:13+00:00","mainEntityOfPage":{"@id":"https:\/\/interamerica.org\/es\/2018\/05\/convencion-anual-de-asi-interamerica-celebrara-veinte-anos-de-crecimiento\/"},"wordCount":388,"commentCount":0,"image":{"@id":"https:\/\/interamerica.org\/es\/2018\/05\/convencion-anual-de-asi-interamerica-celebrara-veinte-anos-de-crecimiento\/#primaryimage"},"thumbnailUrl":"https:\/\/interamerica.org\/wp-content\/uploads\/2018\/05\/asi-2018-1280.jpg","articleSection":["Desde la sede","RSS Espa\u00f1ol"],"inLanguage":"es","potentialAction":[{"@type":"CommentAction","name":"Comment","target":["https:\/\/interamerica.org\/es\/2018\/05\/convencion-anual-de-asi-interamerica-celebrara-veinte-anos-de-crecimiento\/#respond"]}]},{"@type":"WebPage","@id":"https:\/\/interamerica.org\/es\/2018\/05\/convencion-anual-de-asi-interamerica-celebrara-veinte-anos-de-crecimiento\/","url":"https:\/\/interamerica.org\/es\/2018\/05\/convencion-anual-de-asi-interamerica-celebrara-veinte-anos-de-crecimiento\/","name":"Convenci\u00f3n Anual de ASi Interam\u00e9rica celebrar\u00e1 veinte a\u00f1os de crecimiento - Iglesia Adventista del S\u00e9ptimo D\u00eda - Divisi\u00f3n Interamericana","isPartOf":{"@id":"https:\/\/interamerica.org\/es\/#website"},"primaryImageOfPage":{"@id":"https:\/\/interamerica.org\/es\/2018\/05\/convencion-anual-de-asi-interamerica-celebrara-veinte-anos-de-crecimiento\/#primaryimage"},"image":{"@id":"https:\/\/interamerica.org\/es\/2018\/05\/convencion-anual-de-asi-interamerica-celebrara-veinte-anos-de-crecimiento\/#primaryimage"},"thumbnailUrl":"https:\/\/interamerica.org\/wp-content\/uploads\/2018\/05\/asi-2018-1280.jpg","datePublished":"2018-05-21T18:21:39+00:00","dateModified":"2018-05-21T21:34:13+00:00","author":{"@id":"https:\/\/interamerica.org\/es\/#\/schema\/person\/29998f2bc2d8bd0d38662909289b54f1"},"breadcrumb":{"@id":"https:\/\/interamerica.org\/es\/2018\/05\/convencion-anual-de-asi-interamerica-celebrara-veinte-anos-de-crecimiento\/#breadcrumb"},"inLanguage":"es","potentialAction":[{"@type":"ReadAction","target":["https:\/\/interamerica.org\/es\/2018\/05\/convencion-anual-de-asi-interamerica-celebrara-veinte-anos-de-crecimiento\/"]}]},{"@type":"ImageObject","inLanguage":"es","@id":"https:\/\/interamerica.org\/es\/2018\/05\/convencion-anual-de-asi-interamerica-celebrara-veinte-anos-de-crecimiento\/#primaryimage","url":"https:\/\/interamerica.org\/wp-content\/uploads\/2018\/05\/asi-2018-1280.jpg","contentUrl":"https:\/\/interamerica.org\/wp-content\/uploads\/2018\/05\/asi-2018-1280.jpg","width":1280,"height":800},{"@type":"BreadcrumbList","@id":"https:\/\/interamerica.org\/es\/2018\/05\/convencion-anual-de-asi-interamerica-celebrara-veinte-anos-de-crecimiento\/#breadcrumb","itemListElement":[{"@type":"ListItem","position":1,"name":"Home","item":"https:\/\/interamerica.org\/es\/"},{"@type":"ListItem","position":2,"name":"Convenci\u00f3n Anual de ASi Interam\u00e9rica celebrar\u00e1 veinte a\u00f1os de crecimiento"}]},{"@type":"WebSite","@id":"https:\/\/interamerica.org\/es\/#website","url":"https:\/\/interamerica.org\/es\/","name":"Iglesia Adventista del S\u00e9ptimo D\u00eda - Divisi\u00f3n Interamericana","description":"","potentialAction":[{"@type":"SearchAction","target":{"@type":"EntryPoint","urlTemplate":"https:\/\/interamerica.org\/es\/?s={search_term_string}"},"query-input":{"@type":"PropertyValueSpecification","valueRequired":true,"valueName":"search_term_string"}}],"inLanguage":"es"},{"@type":"Person","@id":"https:\/\/interamerica.org\/es\/#\/schema\/person\/29998f2bc2d8bd0d38662909289b54f1","name":"libna","image":{"@type":"ImageObject","inLanguage":"es","@id":"https:\/\/secure.gravatar.com\/avatar\/7c5bd30ae4b47a9ba3c856590957fd1d96dc588bf3ac05719d247e126840331f?s=96&d=mm&r=g","url":"https:\/\/secure.gravatar.com\/avatar\/7c5bd30ae4b47a9ba3c856590957fd1d96dc588bf3ac05719d247e126840331f?s=96&d=mm&r=g","contentUrl":"https:\/\/secure.gravatar.com\/avatar\/7c5bd30ae4b47a9ba3c856590957fd1d96dc588bf3ac05719d247e126840331f?s=96&d=mm&r=g","caption":"libna"}}]}},"_links":{"self":[{"href":"https:\/\/interamerica.org\/es\/wp-json\/wp\/v2\/posts\/41795","targetHints":{"allow":["GET"]}}],"collection":[{"href":"https:\/\/interamerica.org\/es\/wp-json\/wp\/v2\/posts"}],"about":[{"href":"https:\/\/interamerica.org\/es\/wp-json\/wp\/v2\/types\/post"}],"author":[{"embeddable":true,"href":"https:\/\/interamerica.org\/es\/wp-json\/wp\/v2\/users\/3"}],"replies":[{"embeddable":true,"href":"https:\/\/interamerica.org\/es\/wp-json\/wp\/v2\/comments?post=41795"}],"version-history":[{"count":0,"href":"https:\/\/interamerica.org\/es\/wp-json\/wp\/v2\/posts\/41795\/revisions"}],"wp:featuredmedia":[{"embeddable":true,"href":"https:\/\/interamerica.org\/es\/wp-json\/wp\/v2\/media\/41777"}],"wp:attachment":[{"href":"https:\/\/interamerica.org\/es\/wp-json\/wp\/v2\/media?parent=41795"}],"wp:term":[{"taxonomy":"category","embeddable":true,"href":"https:\/\/interamerica.org\/es\/wp-json\/wp\/v2\/categories?post=41795"},{"taxonomy":"post_tag","embeddable":true,"href":"https:\/\/interamerica.org\/es\/wp-json\/wp\/v2\/tags?post=41795"}],"curies":[{"name":"wp","href":"https:\/\/api.w.org\/{rel}","templated":true}]}}