{"id":41825,"date":"2018-05-22T08:50:26","date_gmt":"2018-05-22T12:50:26","guid":{"rendered":"https:\/\/recursing-golick.147-182-135-0.plesk.page\/?p=41825"},"modified":"2018-05-22T12:47:30","modified_gmt":"2018-05-22T16:47:30","slug":"en-santo-tomas-se-reanudan-los-cultos-en-templo-danado-por-el-huracan-irma","status":"publish","type":"post","link":"https:\/\/interamerica.org\/es\/2018\/05\/en-santo-tomas-se-reanudan-los-cultos-en-templo-danado-por-el-huracan-irma\/","title":{"rendered":"En Santo Tom\u00e1s, se reanudan los cultos en templo da\u00f1ado por el hurac\u00e1n Irma"},"content":{"rendered":"<div id=\"attachment_41808\" style=\"width: 771px\" class=\"wp-caption aligncenter\"><img fetchpriority=\"high\" decoding=\"async\" aria-describedby=\"caption-attachment-41808\" class=\" wp-image-41808\" src=\"https:\/\/recursing-golick.147-182-135-0.plesk.page\/wp-content\/uploads\/2018\/05\/stthomas-philadelphia1-1280-1024x640.jpg\" alt=\"\" width=\"761\" height=\"476\" srcset=\"https:\/\/interamerica.org\/wp-content\/uploads\/2018\/05\/stthomas-philadelphia1-1280-1024x640.jpg 1024w, https:\/\/interamerica.org\/wp-content\/uploads\/2018\/05\/stthomas-philadelphia1-1280-300x188.jpg 300w, https:\/\/interamerica.org\/wp-content\/uploads\/2018\/05\/stthomas-philadelphia1-1280-768x480.jpg 768w, https:\/\/interamerica.org\/wp-content\/uploads\/2018\/05\/stthomas-philadelphia1-1280.jpg 1280w\" sizes=\"(max-width: 761px) 100vw, 761px\" \/><p id=\"caption-attachment-41808\" class=\"wp-caption-text\">M\u00e1s de cuatrocientos adventistas regresaron a la iglesia adventista Philadelphia en Santo Tom\u00e1s el s\u00e1bado 19 de mayo de 2018, despu\u00e9s de que el templo fuera destruido por el paso del hurac\u00e1n Irma en septiembre de 2017. Fotograf\u00eda de Glen Cross.<\/p><\/div>\n<p>21 de mayo de 2018 | Santa Cruz, Islas V\u00edrgenes de los Estados Unidos | Asociaci\u00f3n Norte del Caribe\/DIA<\/p>\n<p>Ocho meses despu\u00e9s de que el hurac\u00e1n Irma provoc\u00f3 desastres en la iglesia adventista Philadelphia de Santo Tom\u00e1s, los adoradores regresaron a los cultos en el nivel inferior de la iglesia el s\u00e1bado 19 de mayo de 2018.<\/p>\n<p>Desde que la tormenta de categor\u00eda 5 azot\u00f3 el templo en septiembre, la iglesia de 1400 miembros se fusion\u00f3 con la iglesia adventista Shiloh, que no sufri\u00f3 da\u00f1os de importancia. La fusi\u00f3n foment\u00f3 una relaci\u00f3n m\u00e1s s\u00f3lida entre las dos congregaciones.<\/p>\n<p>Cuando se le pregunt\u00f3 por la relaci\u00f3n entre las dos, el pastor Jerry Languedoc de la iglesia Shilo dijo que se siente feliz de compartir el ministerio con el pastor Glendon Cross de la iglesia Philadelphia.<\/p>\n<p>\u201cEl pastor Cross tiene una llave de la iglesia y ambos compartimos, en partes iguales, los cultos, que permiten la participaci\u00f3n de todos\u201d, dijo el pastor Languedoc. \u201cAmbos coros de la iglesia se fusionan para llenar el templo de alabanzas cada s\u00e1bado, y los grupos uniformados comparten el ministerio en ese d\u00eda\u201d.<\/p>\n<p>\u201cLos cultos han sido inspiradores\u201d, dijo el pastor Glendon Cross. \u201cEl pastor Languedoc y la congregaci\u00f3n [Shiloh] se han mostrado sumamente corteses para acomodarnos, y hemos desarrollado una relaci\u00f3n que ha beneficiado a ambas congregaciones y al ministerio\u201d.<\/p>\n<div id=\"attachment_41817\" style=\"width: 768px\" class=\"wp-caption aligncenter\"><img decoding=\"async\" aria-describedby=\"caption-attachment-41817\" class=\" wp-image-41817\" src=\"https:\/\/recursing-golick.147-182-135-0.plesk.page\/wp-content\/uploads\/2018\/05\/philadelphia3.jpg\" alt=\"\" width=\"758\" height=\"606\" srcset=\"https:\/\/interamerica.org\/wp-content\/uploads\/2018\/05\/philadelphia3.jpg 1000w, https:\/\/interamerica.org\/wp-content\/uploads\/2018\/05\/philadelphia3-300x240.jpg 300w, https:\/\/interamerica.org\/wp-content\/uploads\/2018\/05\/philadelphia3-768x614.jpg 768w\" sizes=\"(max-width: 758px) 100vw, 758px\" \/><p id=\"caption-attachment-41817\" class=\"wp-caption-text\">Los adoradores de la iglesia adventista Philadelphia en el vest\u00edbulo del nivel inferior, mientras el templo a\u00fan ten\u00eda que ser reconstruido. Fotograf\u00eda de Glen Cross<\/p><\/div>\n<p>\u201cEs todo un modelo para el ministerio que se ha estado produciendo aqu\u00ed\u201d, coment\u00f3 el pastor Desmond James, presidente de la Asociaci\u00f3n Norte del Caribe (NCC). \u201cSe ha establecido un v\u00ednculo entre los miembros, y el ministerio es rico y los cultos muy buenos. A pesar de ello, dado que los miembros tienen diferentes necesidades, es importante que se ministre a los feligreses\u201d.<\/p>\n<p>Los l\u00edderes dijeron que no est\u00e1n seguros de cu\u00e1ndo se reparar\u00e1 por completo el templo de la iglesia adventista Philadelphia, pero que est\u00e1n en proceso de establecer los planes de la reconstrucci\u00f3n. Los cultos continuar\u00e1n en el sal\u00f3n de reuniones del nivel inferior.<\/p>\n<p>Mientras tanto, los administradores de la NCC est\u00e1n comprometidos con la asistencia a la reubicaci\u00f3n de una congregaci\u00f3n que, en los registros, cuenta con m\u00e1s de 1400 miembros. \u201cHaremos lo que podemos para ayudar y hacer que los miembros se sientan c\u00f3modos\u201d, coment\u00f3 James.<\/p>\n<p>Los l\u00edderes son conscientes de las necesidades que es necesario satisfacer. Al dirigirse a la congregaci\u00f3n, el pastor Cross coment\u00f3: \u201cSer\u00e1 un ajuste, por lo que pedimos que nos tengan paciencia. A\u00fan hay varios obst\u00e1culos que tiene que vencer la iglesia. Pero por la gracia de Dios, seguiremos ministrando al pueblo de Dios\u201d.<\/p>\n<p>Aunque la mayor\u00eda de la congregaci\u00f3n se reubic\u00f3 en Shiloh, puede que algunos miembros hayan estado asistiendo a otras congregaciones de la isla.<\/p>\n<div id=\"attachment_41811\" style=\"width: 771px\" class=\"wp-caption aligncenter\"><img decoding=\"async\" aria-describedby=\"caption-attachment-41811\" class=\" wp-image-41811\" src=\"https:\/\/recursing-golick.147-182-135-0.plesk.page\/wp-content\/uploads\/2018\/05\/philadelphia-sda-church-st-thomas.jpg\" alt=\"\" width=\"761\" height=\"490\" srcset=\"https:\/\/interamerica.org\/wp-content\/uploads\/2018\/05\/philadelphia-sda-church-st-thomas.jpg 1000w, https:\/\/interamerica.org\/wp-content\/uploads\/2018\/05\/philadelphia-sda-church-st-thomas-300x193.jpg 300w, https:\/\/interamerica.org\/wp-content\/uploads\/2018\/05\/philadelphia-sda-church-st-thomas-768x495.jpg 768w\" sizes=\"(max-width: 761px) 100vw, 761px\" \/><p id=\"caption-attachment-41811\" class=\"wp-caption-text\">La iglesia adventista Philadelphia de Santo Tom\u00e1s fue da\u00f1ada por el hurac\u00e1n Irma en septiembre del a\u00f1o pasado. Fotograf\u00eda de archivo de Al Powell<\/p><\/div>\n<p>\u201cEst\u00e1n esparcidos\u201d, dijo Gordon Williams, primer anciano de la iglesia Philadelphia. \u201cQueremos reunirlos otra vez para tenerlos otra vez presentes y poder ministrarles\u201d.<\/p>\n<p>Los miembros y los equipos de voluntarios han sido fundamentales para hacer que la iglesia Philadelphia sea un sitio seguro para la adoraci\u00f3n. Uno de esos equipos incluy\u00f3 a m\u00e1s de cincuenta voluntarios de la Universidad Andrews, en M\u00edchigan. Ese grupo dedic\u00f3 un d\u00eda en medio de un viaje misionero en un crucero por el Caribe para quitar escombros de la propiedad.<\/p>\n<p>Asimismo, han estado ayudando los integrantes de los clubes locales de Aventureros y Conquistadores, J\u00f3venes Adventistas, Ministerios a las Prisiones y Servicios Comunitarios.<\/p>\n<p>Traducci\u00f3n de Marcos Paseggi<\/p>\n","protected":false},"excerpt":{"rendered":"<p>21 de mayo de 2018 | Santa Cruz, Islas V\u00edrgenes de los Estados Unidos | Asociaci\u00f3n Norte del Caribe\/DIA Ocho meses despu\u00e9s de que el hurac\u00e1n Irma provoc\u00f3 desastres en&#8230;<\/p>\n","protected":false},"author":3,"featured_media":41810,"comment_status":"open","ping_status":"closed","sticky":false,"template":"","format":"standard","meta":{"_acf_changed":false,"footnotes":""},"categories":[17,15],"tags":[],"class_list":["post-41825","post","type-post","status-publish","format-standard","has-post-thumbnail","hentry","category-desde-el-campo","category-rss-espanol"],"acf":[],"yoast_head":"<!-- This site is optimized with the Yoast SEO plugin v27.3 - https:\/\/yoast.com\/product\/yoast-seo-wordpress\/ -->\n<title>En Santo Tom\u00e1s, se reanudan los cultos en templo da\u00f1ado por el hurac\u00e1n Irma - Iglesia Adventista del S\u00e9ptimo D\u00eda - Divisi\u00f3n Interamericana<\/title>\n<meta name=\"robots\" content=\"index, follow, max-snippet:-1, max-image-preview:large, max-video-preview:-1\" \/>\n<link rel=\"canonical\" href=\"https:\/\/interamerica.org\/es\/2018\/05\/en-santo-tomas-se-reanudan-los-cultos-en-templo-danado-por-el-huracan-irma\/\" \/>\n<meta property=\"og:locale\" content=\"es_ES\" \/>\n<meta property=\"og:type\" content=\"article\" \/>\n<meta property=\"og:title\" content=\"En Santo Tom\u00e1s, se reanudan los cultos en templo da\u00f1ado por el hurac\u00e1n Irma - Iglesia Adventista del S\u00e9ptimo D\u00eda - Divisi\u00f3n Interamericana\" \/>\n<meta property=\"og:description\" content=\"21 de mayo de 2018 | Santa Cruz, Islas V\u00edrgenes de los Estados Unidos | Asociaci\u00f3n Norte del Caribe\/DIA Ocho meses despu\u00e9s de que el hurac\u00e1n Irma provoc\u00f3 desastres en...\" \/>\n<meta property=\"og:url\" content=\"https:\/\/interamerica.org\/es\/2018\/05\/en-santo-tomas-se-reanudan-los-cultos-en-templo-danado-por-el-huracan-irma\/\" \/>\n<meta property=\"og:site_name\" content=\"Iglesia Adventista del S\u00e9ptimo D\u00eda - Divisi\u00f3n Interamericana\" \/>\n<meta property=\"article:published_time\" content=\"2018-05-22T12:50:26+00:00\" \/>\n<meta property=\"article:modified_time\" content=\"2018-05-22T16:47:30+00:00\" \/>\n<meta property=\"og:image\" content=\"https:\/\/interamerica.org\/wp-content\/uploads\/2018\/05\/stthomas-philadelphia1-1280.jpg\" \/>\n\t<meta property=\"og:image:width\" content=\"1280\" \/>\n\t<meta property=\"og:image:height\" content=\"800\" \/>\n\t<meta property=\"og:image:type\" content=\"image\/jpeg\" \/>\n<meta name=\"author\" content=\"libna\" \/>\n<meta name=\"twitter:card\" content=\"summary_large_image\" \/>\n<meta name=\"twitter:label1\" content=\"Escrito por\" \/>\n\t<meta name=\"twitter:data1\" content=\"libna\" \/>\n\t<meta name=\"twitter:label2\" content=\"Tiempo de lectura\" \/>\n\t<meta name=\"twitter:data2\" content=\"4 minutos\" \/>\n<script type=\"application\/ld+json\" class=\"yoast-schema-graph\">{\"@context\":\"https:\\\/\\\/schema.org\",\"@graph\":[{\"@type\":\"Article\",\"@id\":\"https:\\\/\\\/interamerica.org\\\/es\\\/2018\\\/05\\\/en-santo-tomas-se-reanudan-los-cultos-en-templo-danado-por-el-huracan-irma\\\/#article\",\"isPartOf\":{\"@id\":\"https:\\\/\\\/interamerica.org\\\/es\\\/2018\\\/05\\\/en-santo-tomas-se-reanudan-los-cultos-en-templo-danado-por-el-huracan-irma\\\/\"},\"author\":{\"name\":\"libna\",\"@id\":\"https:\\\/\\\/interamerica.org\\\/es\\\/#\\\/schema\\\/person\\\/29998f2bc2d8bd0d38662909289b54f1\"},\"headline\":\"En Santo Tom\u00e1s, se reanudan los cultos en templo da\u00f1ado por el hurac\u00e1n Irma\",\"datePublished\":\"2018-05-22T12:50:26+00:00\",\"dateModified\":\"2018-05-22T16:47:30+00:00\",\"mainEntityOfPage\":{\"@id\":\"https:\\\/\\\/interamerica.org\\\/es\\\/2018\\\/05\\\/en-santo-tomas-se-reanudan-los-cultos-en-templo-danado-por-el-huracan-irma\\\/\"},\"wordCount\":739,\"commentCount\":0,\"image\":{\"@id\":\"https:\\\/\\\/interamerica.org\\\/es\\\/2018\\\/05\\\/en-santo-tomas-se-reanudan-los-cultos-en-templo-danado-por-el-huracan-irma\\\/#primaryimage\"},\"thumbnailUrl\":\"https:\\\/\\\/interamerica.org\\\/wp-content\\\/uploads\\\/2018\\\/05\\\/stthomas-philadelphia1-1280.jpg\",\"articleSection\":[\"Desde el campo\",\"RSS Espa\u00f1ol\"],\"inLanguage\":\"es\",\"potentialAction\":[{\"@type\":\"CommentAction\",\"name\":\"Comment\",\"target\":[\"https:\\\/\\\/interamerica.org\\\/es\\\/2018\\\/05\\\/en-santo-tomas-se-reanudan-los-cultos-en-templo-danado-por-el-huracan-irma\\\/#respond\"]}]},{\"@type\":\"WebPage\",\"@id\":\"https:\\\/\\\/interamerica.org\\\/es\\\/2018\\\/05\\\/en-santo-tomas-se-reanudan-los-cultos-en-templo-danado-por-el-huracan-irma\\\/\",\"url\":\"https:\\\/\\\/interamerica.org\\\/es\\\/2018\\\/05\\\/en-santo-tomas-se-reanudan-los-cultos-en-templo-danado-por-el-huracan-irma\\\/\",\"name\":\"En Santo Tom\u00e1s, se reanudan los cultos en templo da\u00f1ado por el hurac\u00e1n Irma - Iglesia Adventista del S\u00e9ptimo D\u00eda - Divisi\u00f3n Interamericana\",\"isPartOf\":{\"@id\":\"https:\\\/\\\/interamerica.org\\\/es\\\/#website\"},\"primaryImageOfPage\":{\"@id\":\"https:\\\/\\\/interamerica.org\\\/es\\\/2018\\\/05\\\/en-santo-tomas-se-reanudan-los-cultos-en-templo-danado-por-el-huracan-irma\\\/#primaryimage\"},\"image\":{\"@id\":\"https:\\\/\\\/interamerica.org\\\/es\\\/2018\\\/05\\\/en-santo-tomas-se-reanudan-los-cultos-en-templo-danado-por-el-huracan-irma\\\/#primaryimage\"},\"thumbnailUrl\":\"https:\\\/\\\/interamerica.org\\\/wp-content\\\/uploads\\\/2018\\\/05\\\/stthomas-philadelphia1-1280.jpg\",\"datePublished\":\"2018-05-22T12:50:26+00:00\",\"dateModified\":\"2018-05-22T16:47:30+00:00\",\"author\":{\"@id\":\"https:\\\/\\\/interamerica.org\\\/es\\\/#\\\/schema\\\/person\\\/29998f2bc2d8bd0d38662909289b54f1\"},\"breadcrumb\":{\"@id\":\"https:\\\/\\\/interamerica.org\\\/es\\\/2018\\\/05\\\/en-santo-tomas-se-reanudan-los-cultos-en-templo-danado-por-el-huracan-irma\\\/#breadcrumb\"},\"inLanguage\":\"es\",\"potentialAction\":[{\"@type\":\"ReadAction\",\"target\":[\"https:\\\/\\\/interamerica.org\\\/es\\\/2018\\\/05\\\/en-santo-tomas-se-reanudan-los-cultos-en-templo-danado-por-el-huracan-irma\\\/\"]}]},{\"@type\":\"ImageObject\",\"inLanguage\":\"es\",\"@id\":\"https:\\\/\\\/interamerica.org\\\/es\\\/2018\\\/05\\\/en-santo-tomas-se-reanudan-los-cultos-en-templo-danado-por-el-huracan-irma\\\/#primaryimage\",\"url\":\"https:\\\/\\\/interamerica.org\\\/wp-content\\\/uploads\\\/2018\\\/05\\\/stthomas-philadelphia1-1280.jpg\",\"contentUrl\":\"https:\\\/\\\/interamerica.org\\\/wp-content\\\/uploads\\\/2018\\\/05\\\/stthomas-philadelphia1-1280.jpg\",\"width\":1280,\"height\":800,\"caption\":\"Photo by Glen Cross.\"},{\"@type\":\"BreadcrumbList\",\"@id\":\"https:\\\/\\\/interamerica.org\\\/es\\\/2018\\\/05\\\/en-santo-tomas-se-reanudan-los-cultos-en-templo-danado-por-el-huracan-irma\\\/#breadcrumb\",\"itemListElement\":[{\"@type\":\"ListItem\",\"position\":1,\"name\":\"Home\",\"item\":\"https:\\\/\\\/interamerica.org\\\/es\\\/\"},{\"@type\":\"ListItem\",\"position\":2,\"name\":\"En Santo Tom\u00e1s, se reanudan los cultos en templo da\u00f1ado por el hurac\u00e1n Irma\"}]},{\"@type\":\"WebSite\",\"@id\":\"https:\\\/\\\/interamerica.org\\\/es\\\/#website\",\"url\":\"https:\\\/\\\/interamerica.org\\\/es\\\/\",\"name\":\"Iglesia Adventista del S\u00e9ptimo D\u00eda - Divisi\u00f3n Interamericana\",\"description\":\"\",\"potentialAction\":[{\"@type\":\"SearchAction\",\"target\":{\"@type\":\"EntryPoint\",\"urlTemplate\":\"https:\\\/\\\/interamerica.org\\\/es\\\/?s={search_term_string}\"},\"query-input\":{\"@type\":\"PropertyValueSpecification\",\"valueRequired\":true,\"valueName\":\"search_term_string\"}}],\"inLanguage\":\"es\"},{\"@type\":\"Person\",\"@id\":\"https:\\\/\\\/interamerica.org\\\/es\\\/#\\\/schema\\\/person\\\/29998f2bc2d8bd0d38662909289b54f1\",\"name\":\"libna\",\"image\":{\"@type\":\"ImageObject\",\"inLanguage\":\"es\",\"@id\":\"https:\\\/\\\/secure.gravatar.com\\\/avatar\\\/7c5bd30ae4b47a9ba3c856590957fd1d96dc588bf3ac05719d247e126840331f?s=96&d=mm&r=g\",\"url\":\"https:\\\/\\\/secure.gravatar.com\\\/avatar\\\/7c5bd30ae4b47a9ba3c856590957fd1d96dc588bf3ac05719d247e126840331f?s=96&d=mm&r=g\",\"contentUrl\":\"https:\\\/\\\/secure.gravatar.com\\\/avatar\\\/7c5bd30ae4b47a9ba3c856590957fd1d96dc588bf3ac05719d247e126840331f?s=96&d=mm&r=g\",\"caption\":\"libna\"}}]}<\/script>\n<!-- \/ Yoast SEO plugin. -->","yoast_head_json":{"title":"En Santo Tom\u00e1s, se reanudan los cultos en templo da\u00f1ado por el hurac\u00e1n Irma - Iglesia Adventista del S\u00e9ptimo D\u00eda - Divisi\u00f3n Interamericana","robots":{"index":"index","follow":"follow","max-snippet":"max-snippet:-1","max-image-preview":"max-image-preview:large","max-video-preview":"max-video-preview:-1"},"canonical":"https:\/\/interamerica.org\/es\/2018\/05\/en-santo-tomas-se-reanudan-los-cultos-en-templo-danado-por-el-huracan-irma\/","og_locale":"es_ES","og_type":"article","og_title":"En Santo Tom\u00e1s, se reanudan los cultos en templo da\u00f1ado por el hurac\u00e1n Irma - Iglesia Adventista del S\u00e9ptimo D\u00eda - Divisi\u00f3n Interamericana","og_description":"21 de mayo de 2018 | Santa Cruz, Islas V\u00edrgenes de los Estados Unidos | Asociaci\u00f3n Norte del Caribe\/DIA Ocho meses despu\u00e9s de que el hurac\u00e1n Irma provoc\u00f3 desastres en...","og_url":"https:\/\/interamerica.org\/es\/2018\/05\/en-santo-tomas-se-reanudan-los-cultos-en-templo-danado-por-el-huracan-irma\/","og_site_name":"Iglesia Adventista del S\u00e9ptimo D\u00eda - Divisi\u00f3n Interamericana","article_published_time":"2018-05-22T12:50:26+00:00","article_modified_time":"2018-05-22T16:47:30+00:00","og_image":[{"width":1280,"height":800,"url":"https:\/\/interamerica.org\/wp-content\/uploads\/2018\/05\/stthomas-philadelphia1-1280.jpg","type":"image\/jpeg"}],"author":"libna","twitter_card":"summary_large_image","twitter_misc":{"Escrito por":"libna","Tiempo de lectura":"4 minutos"},"schema":{"@context":"https:\/\/schema.org","@graph":[{"@type":"Article","@id":"https:\/\/interamerica.org\/es\/2018\/05\/en-santo-tomas-se-reanudan-los-cultos-en-templo-danado-por-el-huracan-irma\/#article","isPartOf":{"@id":"https:\/\/interamerica.org\/es\/2018\/05\/en-santo-tomas-se-reanudan-los-cultos-en-templo-danado-por-el-huracan-irma\/"},"author":{"name":"libna","@id":"https:\/\/interamerica.org\/es\/#\/schema\/person\/29998f2bc2d8bd0d38662909289b54f1"},"headline":"En Santo Tom\u00e1s, se reanudan los cultos en templo da\u00f1ado por el hurac\u00e1n Irma","datePublished":"2018-05-22T12:50:26+00:00","dateModified":"2018-05-22T16:47:30+00:00","mainEntityOfPage":{"@id":"https:\/\/interamerica.org\/es\/2018\/05\/en-santo-tomas-se-reanudan-los-cultos-en-templo-danado-por-el-huracan-irma\/"},"wordCount":739,"commentCount":0,"image":{"@id":"https:\/\/interamerica.org\/es\/2018\/05\/en-santo-tomas-se-reanudan-los-cultos-en-templo-danado-por-el-huracan-irma\/#primaryimage"},"thumbnailUrl":"https:\/\/interamerica.org\/wp-content\/uploads\/2018\/05\/stthomas-philadelphia1-1280.jpg","articleSection":["Desde el campo","RSS Espa\u00f1ol"],"inLanguage":"es","potentialAction":[{"@type":"CommentAction","name":"Comment","target":["https:\/\/interamerica.org\/es\/2018\/05\/en-santo-tomas-se-reanudan-los-cultos-en-templo-danado-por-el-huracan-irma\/#respond"]}]},{"@type":"WebPage","@id":"https:\/\/interamerica.org\/es\/2018\/05\/en-santo-tomas-se-reanudan-los-cultos-en-templo-danado-por-el-huracan-irma\/","url":"https:\/\/interamerica.org\/es\/2018\/05\/en-santo-tomas-se-reanudan-los-cultos-en-templo-danado-por-el-huracan-irma\/","name":"En Santo Tom\u00e1s, se reanudan los cultos en templo da\u00f1ado por el hurac\u00e1n Irma - Iglesia Adventista del S\u00e9ptimo D\u00eda - Divisi\u00f3n Interamericana","isPartOf":{"@id":"https:\/\/interamerica.org\/es\/#website"},"primaryImageOfPage":{"@id":"https:\/\/interamerica.org\/es\/2018\/05\/en-santo-tomas-se-reanudan-los-cultos-en-templo-danado-por-el-huracan-irma\/#primaryimage"},"image":{"@id":"https:\/\/interamerica.org\/es\/2018\/05\/en-santo-tomas-se-reanudan-los-cultos-en-templo-danado-por-el-huracan-irma\/#primaryimage"},"thumbnailUrl":"https:\/\/interamerica.org\/wp-content\/uploads\/2018\/05\/stthomas-philadelphia1-1280.jpg","datePublished":"2018-05-22T12:50:26+00:00","dateModified":"2018-05-22T16:47:30+00:00","author":{"@id":"https:\/\/interamerica.org\/es\/#\/schema\/person\/29998f2bc2d8bd0d38662909289b54f1"},"breadcrumb":{"@id":"https:\/\/interamerica.org\/es\/2018\/05\/en-santo-tomas-se-reanudan-los-cultos-en-templo-danado-por-el-huracan-irma\/#breadcrumb"},"inLanguage":"es","potentialAction":[{"@type":"ReadAction","target":["https:\/\/interamerica.org\/es\/2018\/05\/en-santo-tomas-se-reanudan-los-cultos-en-templo-danado-por-el-huracan-irma\/"]}]},{"@type":"ImageObject","inLanguage":"es","@id":"https:\/\/interamerica.org\/es\/2018\/05\/en-santo-tomas-se-reanudan-los-cultos-en-templo-danado-por-el-huracan-irma\/#primaryimage","url":"https:\/\/interamerica.org\/wp-content\/uploads\/2018\/05\/stthomas-philadelphia1-1280.jpg","contentUrl":"https:\/\/interamerica.org\/wp-content\/uploads\/2018\/05\/stthomas-philadelphia1-1280.jpg","width":1280,"height":800,"caption":"Photo by Glen Cross."},{"@type":"BreadcrumbList","@id":"https:\/\/interamerica.org\/es\/2018\/05\/en-santo-tomas-se-reanudan-los-cultos-en-templo-danado-por-el-huracan-irma\/#breadcrumb","itemListElement":[{"@type":"ListItem","position":1,"name":"Home","item":"https:\/\/interamerica.org\/es\/"},{"@type":"ListItem","position":2,"name":"En Santo Tom\u00e1s, se reanudan los cultos en templo da\u00f1ado por el hurac\u00e1n Irma"}]},{"@type":"WebSite","@id":"https:\/\/interamerica.org\/es\/#website","url":"https:\/\/interamerica.org\/es\/","name":"Iglesia Adventista del S\u00e9ptimo D\u00eda - Divisi\u00f3n Interamericana","description":"","potentialAction":[{"@type":"SearchAction","target":{"@type":"EntryPoint","urlTemplate":"https:\/\/interamerica.org\/es\/?s={search_term_string}"},"query-input":{"@type":"PropertyValueSpecification","valueRequired":true,"valueName":"search_term_string"}}],"inLanguage":"es"},{"@type":"Person","@id":"https:\/\/interamerica.org\/es\/#\/schema\/person\/29998f2bc2d8bd0d38662909289b54f1","name":"libna","image":{"@type":"ImageObject","inLanguage":"es","@id":"https:\/\/secure.gravatar.com\/avatar\/7c5bd30ae4b47a9ba3c856590957fd1d96dc588bf3ac05719d247e126840331f?s=96&d=mm&r=g","url":"https:\/\/secure.gravatar.com\/avatar\/7c5bd30ae4b47a9ba3c856590957fd1d96dc588bf3ac05719d247e126840331f?s=96&d=mm&r=g","contentUrl":"https:\/\/secure.gravatar.com\/avatar\/7c5bd30ae4b47a9ba3c856590957fd1d96dc588bf3ac05719d247e126840331f?s=96&d=mm&r=g","caption":"libna"}}]}},"_links":{"self":[{"href":"https:\/\/interamerica.org\/es\/wp-json\/wp\/v2\/posts\/41825","targetHints":{"allow":["GET"]}}],"collection":[{"href":"https:\/\/interamerica.org\/es\/wp-json\/wp\/v2\/posts"}],"about":[{"href":"https:\/\/interamerica.org\/es\/wp-json\/wp\/v2\/types\/post"}],"author":[{"embeddable":true,"href":"https:\/\/interamerica.org\/es\/wp-json\/wp\/v2\/users\/3"}],"replies":[{"embeddable":true,"href":"https:\/\/interamerica.org\/es\/wp-json\/wp\/v2\/comments?post=41825"}],"version-history":[{"count":0,"href":"https:\/\/interamerica.org\/es\/wp-json\/wp\/v2\/posts\/41825\/revisions"}],"wp:featuredmedia":[{"embeddable":true,"href":"https:\/\/interamerica.org\/es\/wp-json\/wp\/v2\/media\/41810"}],"wp:attachment":[{"href":"https:\/\/interamerica.org\/es\/wp-json\/wp\/v2\/media?parent=41825"}],"wp:term":[{"taxonomy":"category","embeddable":true,"href":"https:\/\/interamerica.org\/es\/wp-json\/wp\/v2\/categories?post=41825"},{"taxonomy":"post_tag","embeddable":true,"href":"https:\/\/interamerica.org\/es\/wp-json\/wp\/v2\/tags?post=41825"}],"curies":[{"name":"wp","href":"https:\/\/api.w.org\/{rel}","templated":true}]}}