{"id":41925,"date":"2018-05-25T04:00:46","date_gmt":"2018-05-25T08:00:46","guid":{"rendered":"https:\/\/recursing-golick.147-182-135-0.plesk.page\/?p=41925"},"modified":"2018-06-02T09:16:51","modified_gmt":"2018-06-02T13:16:51","slug":"en-interamerica-la-iglesia-capacitara-a-los-jovenes-adventistas-para-impacto-de-evangelizacion","status":"publish","type":"post","link":"https:\/\/interamerica.org\/es\/2018\/05\/en-interamerica-la-iglesia-capacitara-a-los-jovenes-adventistas-para-impacto-de-evangelizacion\/","title":{"rendered":"En Interam\u00e9rica, la Iglesia capacitar\u00e1 a los j\u00f3venes adventistas para impacto de evangelizaci\u00f3n"},"content":{"rendered":"<p>24 de mayo de 2018 | Miami, Florida, Estados Unidos | Libna Stevens\/DIA<\/p>\n<p>Los j\u00f3venes de las iglesias adventistas de Interam\u00e9rica pronto se embarcar\u00e1n en una gran iniciativa para esparcir el evangelio en sus comunidades. Los l\u00edderes de la iglesia lo han denominado el mayor esfuerzo de evangelizaci\u00f3n del a\u00f1o, y uno que requiere de preparaci\u00f3n y una segunda capacitaci\u00f3n especial, durante un segmento en l\u00ednea el pr\u00f3ximo 2 de junio de 2018.<\/p>\n<p>\u201cQueremos que nuestros j\u00f3venes se enfoquen en el impacto a las grandes ciudades, villas y aldeas\u201d, dijo Al Powell, director de ministerios j\u00f3venes de la Iglesia Adventista en Interam\u00e9rica y principal organizador de la iniciativa. \u201cLa iglesia necesita valientes evangelistas para predicar la Palabra de Dios con poder durante la semana del 30 de junio al 7 de julio\u201d.<\/p>\n<p>Denominada \u201cMisi\u00f3n Transformar\u201d, una iniciativa que busca transformar vidas por medio de esfuerzos misioneros, la capacitaci\u00f3n especial para j\u00f3venes de 16 a 35 a\u00f1os les ense\u00f1ar\u00e1 c\u00f3mo establecer centros de influencia, c\u00f3mo preparar a la iglesia para campa\u00f1as de evangelizaci\u00f3n, c\u00f3mo presentar un serm\u00f3n, adem\u00e1s de c\u00f3mo hacer visitas a domicilio y predicar en un contexto urbano, entre otras.<\/p>\n<p>Son todos los j\u00f3venes que se integran en comunidades para dar un estudio b\u00edblico, predicar la palabra, y ser las manos y los pies de Jes\u00fas, dijo Powell. Las iglesias locales est\u00e1n animando a los j\u00f3venes y sus amigos a que participen en el pr\u00f3ximo segmento de capacitaci\u00f3n.<\/p>\n<p>Usted puede seguir la Segunda Sesi\u00f3n de Capacitaci\u00f3n de Misi\u00f3n Transformar en ingl\u00e9s, espa\u00f1ol y franc\u00e9s el pr\u00f3ximo 2 de junio de 2018, a partir de las 14.30, Hora de Miami, en <a href=\"https:\/\/www.youtube.com\/watch?v=0k9d5G9vDkA\">webcast.interamerica.org<\/a><\/p>\n<p>Traducci\u00f3n de Marcos Paseggi<\/p>\n","protected":false},"excerpt":{"rendered":"<p>24 de mayo de 2018 | Miami, Florida, Estados Unidos | Libna Stevens\/DIA Los j\u00f3venes de las iglesias adventistas de Interam\u00e9rica pronto se embarcar\u00e1n en una gran iniciativa para esparcir&#8230;<\/p>\n","protected":false},"author":3,"featured_media":41980,"comment_status":"open","ping_status":"closed","sticky":false,"template":"","format":"standard","meta":{"_acf_changed":false,"footnotes":""},"categories":[16,15],"tags":[],"class_list":["post-41925","post","type-post","status-publish","format-standard","has-post-thumbnail","hentry","category-desde-la-sede","category-rss-espanol"],"acf":[],"yoast_head":"<!-- This site is optimized with the Yoast SEO plugin v27.3 - https:\/\/yoast.com\/product\/yoast-seo-wordpress\/ -->\n<title>En Interam\u00e9rica, la Iglesia capacitar\u00e1 a los j\u00f3venes adventistas para impacto de evangelizaci\u00f3n - Iglesia Adventista del S\u00e9ptimo D\u00eda - Divisi\u00f3n Interamericana<\/title>\n<meta name=\"robots\" content=\"index, follow, max-snippet:-1, max-image-preview:large, max-video-preview:-1\" \/>\n<link rel=\"canonical\" href=\"https:\/\/interamerica.org\/es\/2018\/05\/en-interamerica-la-iglesia-capacitara-a-los-jovenes-adventistas-para-impacto-de-evangelizacion\/\" \/>\n<meta property=\"og:locale\" content=\"es_ES\" \/>\n<meta property=\"og:type\" content=\"article\" \/>\n<meta property=\"og:title\" content=\"En Interam\u00e9rica, la Iglesia capacitar\u00e1 a los j\u00f3venes adventistas para impacto de evangelizaci\u00f3n - Iglesia Adventista del S\u00e9ptimo D\u00eda - Divisi\u00f3n Interamericana\" \/>\n<meta property=\"og:description\" content=\"24 de mayo de 2018 | Miami, Florida, Estados Unidos | Libna Stevens\/DIA Los j\u00f3venes de las iglesias adventistas de Interam\u00e9rica pronto se embarcar\u00e1n en una gran iniciativa para esparcir...\" \/>\n<meta property=\"og:url\" content=\"https:\/\/interamerica.org\/es\/2018\/05\/en-interamerica-la-iglesia-capacitara-a-los-jovenes-adventistas-para-impacto-de-evangelizacion\/\" \/>\n<meta property=\"og:site_name\" content=\"Iglesia Adventista del S\u00e9ptimo D\u00eda - Divisi\u00f3n Interamericana\" \/>\n<meta property=\"article:published_time\" content=\"2018-05-25T08:00:46+00:00\" \/>\n<meta property=\"article:modified_time\" content=\"2018-06-02T13:16:51+00:00\" \/>\n<meta property=\"og:image\" content=\"https:\/\/interamerica.org\/wp-content\/uploads\/2018\/05\/girlmissionbackpack1280.jpg\" \/>\n\t<meta property=\"og:image:width\" content=\"1280\" \/>\n\t<meta property=\"og:image:height\" content=\"800\" \/>\n\t<meta property=\"og:image:type\" content=\"image\/jpeg\" \/>\n<meta name=\"author\" content=\"libna\" \/>\n<meta name=\"twitter:card\" content=\"summary_large_image\" \/>\n<meta name=\"twitter:label1\" content=\"Escrito por\" \/>\n\t<meta name=\"twitter:data1\" content=\"libna\" \/>\n\t<meta name=\"twitter:label2\" content=\"Tiempo de lectura\" \/>\n\t<meta name=\"twitter:data2\" content=\"2 minutos\" \/>\n<script type=\"application\/ld+json\" class=\"yoast-schema-graph\">{\"@context\":\"https:\\\/\\\/schema.org\",\"@graph\":[{\"@type\":\"Article\",\"@id\":\"https:\\\/\\\/interamerica.org\\\/es\\\/2018\\\/05\\\/en-interamerica-la-iglesia-capacitara-a-los-jovenes-adventistas-para-impacto-de-evangelizacion\\\/#article\",\"isPartOf\":{\"@id\":\"https:\\\/\\\/interamerica.org\\\/es\\\/2018\\\/05\\\/en-interamerica-la-iglesia-capacitara-a-los-jovenes-adventistas-para-impacto-de-evangelizacion\\\/\"},\"author\":{\"name\":\"libna\",\"@id\":\"https:\\\/\\\/interamerica.org\\\/es\\\/#\\\/schema\\\/person\\\/29998f2bc2d8bd0d38662909289b54f1\"},\"headline\":\"En Interam\u00e9rica, la Iglesia capacitar\u00e1 a los j\u00f3venes adventistas para impacto de evangelizaci\u00f3n\",\"datePublished\":\"2018-05-25T08:00:46+00:00\",\"dateModified\":\"2018-06-02T13:16:51+00:00\",\"mainEntityOfPage\":{\"@id\":\"https:\\\/\\\/interamerica.org\\\/es\\\/2018\\\/05\\\/en-interamerica-la-iglesia-capacitara-a-los-jovenes-adventistas-para-impacto-de-evangelizacion\\\/\"},\"wordCount\":323,\"commentCount\":0,\"image\":{\"@id\":\"https:\\\/\\\/interamerica.org\\\/es\\\/2018\\\/05\\\/en-interamerica-la-iglesia-capacitara-a-los-jovenes-adventistas-para-impacto-de-evangelizacion\\\/#primaryimage\"},\"thumbnailUrl\":\"https:\\\/\\\/interamerica.org\\\/wp-content\\\/uploads\\\/2018\\\/05\\\/girlmissionbackpack1280.jpg\",\"articleSection\":[\"Desde la sede\",\"RSS Espa\u00f1ol\"],\"inLanguage\":\"es\",\"potentialAction\":[{\"@type\":\"CommentAction\",\"name\":\"Comment\",\"target\":[\"https:\\\/\\\/interamerica.org\\\/es\\\/2018\\\/05\\\/en-interamerica-la-iglesia-capacitara-a-los-jovenes-adventistas-para-impacto-de-evangelizacion\\\/#respond\"]}]},{\"@type\":\"WebPage\",\"@id\":\"https:\\\/\\\/interamerica.org\\\/es\\\/2018\\\/05\\\/en-interamerica-la-iglesia-capacitara-a-los-jovenes-adventistas-para-impacto-de-evangelizacion\\\/\",\"url\":\"https:\\\/\\\/interamerica.org\\\/es\\\/2018\\\/05\\\/en-interamerica-la-iglesia-capacitara-a-los-jovenes-adventistas-para-impacto-de-evangelizacion\\\/\",\"name\":\"En Interam\u00e9rica, la Iglesia capacitar\u00e1 a los j\u00f3venes adventistas para impacto de evangelizaci\u00f3n - Iglesia Adventista del S\u00e9ptimo D\u00eda - Divisi\u00f3n Interamericana\",\"isPartOf\":{\"@id\":\"https:\\\/\\\/interamerica.org\\\/es\\\/#website\"},\"primaryImageOfPage\":{\"@id\":\"https:\\\/\\\/interamerica.org\\\/es\\\/2018\\\/05\\\/en-interamerica-la-iglesia-capacitara-a-los-jovenes-adventistas-para-impacto-de-evangelizacion\\\/#primaryimage\"},\"image\":{\"@id\":\"https:\\\/\\\/interamerica.org\\\/es\\\/2018\\\/05\\\/en-interamerica-la-iglesia-capacitara-a-los-jovenes-adventistas-para-impacto-de-evangelizacion\\\/#primaryimage\"},\"thumbnailUrl\":\"https:\\\/\\\/interamerica.org\\\/wp-content\\\/uploads\\\/2018\\\/05\\\/girlmissionbackpack1280.jpg\",\"datePublished\":\"2018-05-25T08:00:46+00:00\",\"dateModified\":\"2018-06-02T13:16:51+00:00\",\"author\":{\"@id\":\"https:\\\/\\\/interamerica.org\\\/es\\\/#\\\/schema\\\/person\\\/29998f2bc2d8bd0d38662909289b54f1\"},\"breadcrumb\":{\"@id\":\"https:\\\/\\\/interamerica.org\\\/es\\\/2018\\\/05\\\/en-interamerica-la-iglesia-capacitara-a-los-jovenes-adventistas-para-impacto-de-evangelizacion\\\/#breadcrumb\"},\"inLanguage\":\"es\",\"potentialAction\":[{\"@type\":\"ReadAction\",\"target\":[\"https:\\\/\\\/interamerica.org\\\/es\\\/2018\\\/05\\\/en-interamerica-la-iglesia-capacitara-a-los-jovenes-adventistas-para-impacto-de-evangelizacion\\\/\"]}]},{\"@type\":\"ImageObject\",\"inLanguage\":\"es\",\"@id\":\"https:\\\/\\\/interamerica.org\\\/es\\\/2018\\\/05\\\/en-interamerica-la-iglesia-capacitara-a-los-jovenes-adventistas-para-impacto-de-evangelizacion\\\/#primaryimage\",\"url\":\"https:\\\/\\\/interamerica.org\\\/wp-content\\\/uploads\\\/2018\\\/05\\\/girlmissionbackpack1280.jpg\",\"contentUrl\":\"https:\\\/\\\/interamerica.org\\\/wp-content\\\/uploads\\\/2018\\\/05\\\/girlmissionbackpack1280.jpg\",\"width\":1280,\"height\":800},{\"@type\":\"BreadcrumbList\",\"@id\":\"https:\\\/\\\/interamerica.org\\\/es\\\/2018\\\/05\\\/en-interamerica-la-iglesia-capacitara-a-los-jovenes-adventistas-para-impacto-de-evangelizacion\\\/#breadcrumb\",\"itemListElement\":[{\"@type\":\"ListItem\",\"position\":1,\"name\":\"Home\",\"item\":\"https:\\\/\\\/interamerica.org\\\/es\\\/\"},{\"@type\":\"ListItem\",\"position\":2,\"name\":\"En Interam\u00e9rica, la Iglesia capacitar\u00e1 a los j\u00f3venes adventistas para impacto de evangelizaci\u00f3n\"}]},{\"@type\":\"WebSite\",\"@id\":\"https:\\\/\\\/interamerica.org\\\/es\\\/#website\",\"url\":\"https:\\\/\\\/interamerica.org\\\/es\\\/\",\"name\":\"Iglesia Adventista del S\u00e9ptimo D\u00eda - Divisi\u00f3n Interamericana\",\"description\":\"\",\"potentialAction\":[{\"@type\":\"SearchAction\",\"target\":{\"@type\":\"EntryPoint\",\"urlTemplate\":\"https:\\\/\\\/interamerica.org\\\/es\\\/?s={search_term_string}\"},\"query-input\":{\"@type\":\"PropertyValueSpecification\",\"valueRequired\":true,\"valueName\":\"search_term_string\"}}],\"inLanguage\":\"es\"},{\"@type\":\"Person\",\"@id\":\"https:\\\/\\\/interamerica.org\\\/es\\\/#\\\/schema\\\/person\\\/29998f2bc2d8bd0d38662909289b54f1\",\"name\":\"libna\",\"image\":{\"@type\":\"ImageObject\",\"inLanguage\":\"es\",\"@id\":\"https:\\\/\\\/secure.gravatar.com\\\/avatar\\\/7c5bd30ae4b47a9ba3c856590957fd1d96dc588bf3ac05719d247e126840331f?s=96&d=mm&r=g\",\"url\":\"https:\\\/\\\/secure.gravatar.com\\\/avatar\\\/7c5bd30ae4b47a9ba3c856590957fd1d96dc588bf3ac05719d247e126840331f?s=96&d=mm&r=g\",\"contentUrl\":\"https:\\\/\\\/secure.gravatar.com\\\/avatar\\\/7c5bd30ae4b47a9ba3c856590957fd1d96dc588bf3ac05719d247e126840331f?s=96&d=mm&r=g\",\"caption\":\"libna\"}}]}<\/script>\n<!-- \/ Yoast SEO plugin. -->","yoast_head_json":{"title":"En Interam\u00e9rica, la Iglesia capacitar\u00e1 a los j\u00f3venes adventistas para impacto de evangelizaci\u00f3n - Iglesia Adventista del S\u00e9ptimo D\u00eda - Divisi\u00f3n Interamericana","robots":{"index":"index","follow":"follow","max-snippet":"max-snippet:-1","max-image-preview":"max-image-preview:large","max-video-preview":"max-video-preview:-1"},"canonical":"https:\/\/interamerica.org\/es\/2018\/05\/en-interamerica-la-iglesia-capacitara-a-los-jovenes-adventistas-para-impacto-de-evangelizacion\/","og_locale":"es_ES","og_type":"article","og_title":"En Interam\u00e9rica, la Iglesia capacitar\u00e1 a los j\u00f3venes adventistas para impacto de evangelizaci\u00f3n - Iglesia Adventista del S\u00e9ptimo D\u00eda - Divisi\u00f3n Interamericana","og_description":"24 de mayo de 2018 | Miami, Florida, Estados Unidos | Libna Stevens\/DIA Los j\u00f3venes de las iglesias adventistas de Interam\u00e9rica pronto se embarcar\u00e1n en una gran iniciativa para esparcir...","og_url":"https:\/\/interamerica.org\/es\/2018\/05\/en-interamerica-la-iglesia-capacitara-a-los-jovenes-adventistas-para-impacto-de-evangelizacion\/","og_site_name":"Iglesia Adventista del S\u00e9ptimo D\u00eda - Divisi\u00f3n Interamericana","article_published_time":"2018-05-25T08:00:46+00:00","article_modified_time":"2018-06-02T13:16:51+00:00","og_image":[{"width":1280,"height":800,"url":"https:\/\/interamerica.org\/wp-content\/uploads\/2018\/05\/girlmissionbackpack1280.jpg","type":"image\/jpeg"}],"author":"libna","twitter_card":"summary_large_image","twitter_misc":{"Escrito por":"libna","Tiempo de lectura":"2 minutos"},"schema":{"@context":"https:\/\/schema.org","@graph":[{"@type":"Article","@id":"https:\/\/interamerica.org\/es\/2018\/05\/en-interamerica-la-iglesia-capacitara-a-los-jovenes-adventistas-para-impacto-de-evangelizacion\/#article","isPartOf":{"@id":"https:\/\/interamerica.org\/es\/2018\/05\/en-interamerica-la-iglesia-capacitara-a-los-jovenes-adventistas-para-impacto-de-evangelizacion\/"},"author":{"name":"libna","@id":"https:\/\/interamerica.org\/es\/#\/schema\/person\/29998f2bc2d8bd0d38662909289b54f1"},"headline":"En Interam\u00e9rica, la Iglesia capacitar\u00e1 a los j\u00f3venes adventistas para impacto de evangelizaci\u00f3n","datePublished":"2018-05-25T08:00:46+00:00","dateModified":"2018-06-02T13:16:51+00:00","mainEntityOfPage":{"@id":"https:\/\/interamerica.org\/es\/2018\/05\/en-interamerica-la-iglesia-capacitara-a-los-jovenes-adventistas-para-impacto-de-evangelizacion\/"},"wordCount":323,"commentCount":0,"image":{"@id":"https:\/\/interamerica.org\/es\/2018\/05\/en-interamerica-la-iglesia-capacitara-a-los-jovenes-adventistas-para-impacto-de-evangelizacion\/#primaryimage"},"thumbnailUrl":"https:\/\/interamerica.org\/wp-content\/uploads\/2018\/05\/girlmissionbackpack1280.jpg","articleSection":["Desde la sede","RSS Espa\u00f1ol"],"inLanguage":"es","potentialAction":[{"@type":"CommentAction","name":"Comment","target":["https:\/\/interamerica.org\/es\/2018\/05\/en-interamerica-la-iglesia-capacitara-a-los-jovenes-adventistas-para-impacto-de-evangelizacion\/#respond"]}]},{"@type":"WebPage","@id":"https:\/\/interamerica.org\/es\/2018\/05\/en-interamerica-la-iglesia-capacitara-a-los-jovenes-adventistas-para-impacto-de-evangelizacion\/","url":"https:\/\/interamerica.org\/es\/2018\/05\/en-interamerica-la-iglesia-capacitara-a-los-jovenes-adventistas-para-impacto-de-evangelizacion\/","name":"En Interam\u00e9rica, la Iglesia capacitar\u00e1 a los j\u00f3venes adventistas para impacto de evangelizaci\u00f3n - Iglesia Adventista del S\u00e9ptimo D\u00eda - Divisi\u00f3n Interamericana","isPartOf":{"@id":"https:\/\/interamerica.org\/es\/#website"},"primaryImageOfPage":{"@id":"https:\/\/interamerica.org\/es\/2018\/05\/en-interamerica-la-iglesia-capacitara-a-los-jovenes-adventistas-para-impacto-de-evangelizacion\/#primaryimage"},"image":{"@id":"https:\/\/interamerica.org\/es\/2018\/05\/en-interamerica-la-iglesia-capacitara-a-los-jovenes-adventistas-para-impacto-de-evangelizacion\/#primaryimage"},"thumbnailUrl":"https:\/\/interamerica.org\/wp-content\/uploads\/2018\/05\/girlmissionbackpack1280.jpg","datePublished":"2018-05-25T08:00:46+00:00","dateModified":"2018-06-02T13:16:51+00:00","author":{"@id":"https:\/\/interamerica.org\/es\/#\/schema\/person\/29998f2bc2d8bd0d38662909289b54f1"},"breadcrumb":{"@id":"https:\/\/interamerica.org\/es\/2018\/05\/en-interamerica-la-iglesia-capacitara-a-los-jovenes-adventistas-para-impacto-de-evangelizacion\/#breadcrumb"},"inLanguage":"es","potentialAction":[{"@type":"ReadAction","target":["https:\/\/interamerica.org\/es\/2018\/05\/en-interamerica-la-iglesia-capacitara-a-los-jovenes-adventistas-para-impacto-de-evangelizacion\/"]}]},{"@type":"ImageObject","inLanguage":"es","@id":"https:\/\/interamerica.org\/es\/2018\/05\/en-interamerica-la-iglesia-capacitara-a-los-jovenes-adventistas-para-impacto-de-evangelizacion\/#primaryimage","url":"https:\/\/interamerica.org\/wp-content\/uploads\/2018\/05\/girlmissionbackpack1280.jpg","contentUrl":"https:\/\/interamerica.org\/wp-content\/uploads\/2018\/05\/girlmissionbackpack1280.jpg","width":1280,"height":800},{"@type":"BreadcrumbList","@id":"https:\/\/interamerica.org\/es\/2018\/05\/en-interamerica-la-iglesia-capacitara-a-los-jovenes-adventistas-para-impacto-de-evangelizacion\/#breadcrumb","itemListElement":[{"@type":"ListItem","position":1,"name":"Home","item":"https:\/\/interamerica.org\/es\/"},{"@type":"ListItem","position":2,"name":"En Interam\u00e9rica, la Iglesia capacitar\u00e1 a los j\u00f3venes adventistas para impacto de evangelizaci\u00f3n"}]},{"@type":"WebSite","@id":"https:\/\/interamerica.org\/es\/#website","url":"https:\/\/interamerica.org\/es\/","name":"Iglesia Adventista del S\u00e9ptimo D\u00eda - Divisi\u00f3n Interamericana","description":"","potentialAction":[{"@type":"SearchAction","target":{"@type":"EntryPoint","urlTemplate":"https:\/\/interamerica.org\/es\/?s={search_term_string}"},"query-input":{"@type":"PropertyValueSpecification","valueRequired":true,"valueName":"search_term_string"}}],"inLanguage":"es"},{"@type":"Person","@id":"https:\/\/interamerica.org\/es\/#\/schema\/person\/29998f2bc2d8bd0d38662909289b54f1","name":"libna","image":{"@type":"ImageObject","inLanguage":"es","@id":"https:\/\/secure.gravatar.com\/avatar\/7c5bd30ae4b47a9ba3c856590957fd1d96dc588bf3ac05719d247e126840331f?s=96&d=mm&r=g","url":"https:\/\/secure.gravatar.com\/avatar\/7c5bd30ae4b47a9ba3c856590957fd1d96dc588bf3ac05719d247e126840331f?s=96&d=mm&r=g","contentUrl":"https:\/\/secure.gravatar.com\/avatar\/7c5bd30ae4b47a9ba3c856590957fd1d96dc588bf3ac05719d247e126840331f?s=96&d=mm&r=g","caption":"libna"}}]}},"_links":{"self":[{"href":"https:\/\/interamerica.org\/es\/wp-json\/wp\/v2\/posts\/41925","targetHints":{"allow":["GET"]}}],"collection":[{"href":"https:\/\/interamerica.org\/es\/wp-json\/wp\/v2\/posts"}],"about":[{"href":"https:\/\/interamerica.org\/es\/wp-json\/wp\/v2\/types\/post"}],"author":[{"embeddable":true,"href":"https:\/\/interamerica.org\/es\/wp-json\/wp\/v2\/users\/3"}],"replies":[{"embeddable":true,"href":"https:\/\/interamerica.org\/es\/wp-json\/wp\/v2\/comments?post=41925"}],"version-history":[{"count":0,"href":"https:\/\/interamerica.org\/es\/wp-json\/wp\/v2\/posts\/41925\/revisions"}],"wp:featuredmedia":[{"embeddable":true,"href":"https:\/\/interamerica.org\/es\/wp-json\/wp\/v2\/media\/41980"}],"wp:attachment":[{"href":"https:\/\/interamerica.org\/es\/wp-json\/wp\/v2\/media?parent=41925"}],"wp:term":[{"taxonomy":"category","embeddable":true,"href":"https:\/\/interamerica.org\/es\/wp-json\/wp\/v2\/categories?post=41925"},{"taxonomy":"post_tag","embeddable":true,"href":"https:\/\/interamerica.org\/es\/wp-json\/wp\/v2\/tags?post=41925"}],"curies":[{"name":"wp","href":"https:\/\/api.w.org\/{rel}","templated":true}]}}