{"id":41965,"date":"2018-05-26T21:24:07","date_gmt":"2018-05-27T01:24:07","guid":{"rendered":"https:\/\/recursing-golick.147-182-135-0.plesk.page\/?p=41965"},"modified":"2018-05-27T07:40:58","modified_gmt":"2018-05-27T11:40:58","slug":"vietnam-inaugura-centro-comunitario-de-siete-pisos-en-hanoi","status":"publish","type":"post","link":"https:\/\/interamerica.org\/es\/2018\/05\/vietnam-inaugura-centro-comunitario-de-siete-pisos-en-hanoi\/","title":{"rendered":"Vietnam inaugura centro comunitario de siete pisos en Hanoi"},"content":{"rendered":"<div id=\"attachment_41933\" style=\"width: 771px\" class=\"wp-caption aligncenter\"><img fetchpriority=\"high\" decoding=\"async\" aria-describedby=\"caption-attachment-41933\" class=\"wp-image-41933\" src=\"https:\/\/recursing-golick.147-182-135-0.plesk.page\/wp-content\/uploads\/2018\/05\/vietnam-opens-7-story-community-center-in-hanoi1280-1024x640.jpg\" alt=\"\" width=\"761\" height=\"476\" srcset=\"https:\/\/interamerica.org\/wp-content\/uploads\/2018\/05\/vietnam-opens-7-story-community-center-in-hanoi1280-1024x640.jpg 1024w, https:\/\/interamerica.org\/wp-content\/uploads\/2018\/05\/vietnam-opens-7-story-community-center-in-hanoi1280-300x188.jpg 300w, https:\/\/interamerica.org\/wp-content\/uploads\/2018\/05\/vietnam-opens-7-story-community-center-in-hanoi1280-768x480.jpg 768w, https:\/\/interamerica.org\/wp-content\/uploads\/2018\/05\/vietnam-opens-7-story-community-center-in-hanoi1280.jpg 1280w\" sizes=\"(max-width: 761px) 100vw, 761px\" \/><p id=\"caption-attachment-41933\" class=\"wp-caption-text\">Fotograf\u00eda de Andrew McChesney, Misi\u00f3n Adventista<\/p><\/div>\n<p><span class=\"byline-news\"> 25 de mayo de 2018 | Vietnam | Andrew McChesney, adventistmission.org<\/span><\/p>\n<p><span class=\"cap\">Jannie Bekker, un amable sudafricano de cabellos rubios ondulados, fue enviado a la capital de Vietnam con dos millones de d\u00f3lares y la trascendental tarea de establecer el primer \u201ccentro de influencia\u201d de la iglesia en ese pa\u00eds del sudeste asi\u00e1tico.<\/span><\/p>\n<p>Bekker, sin embargo, no pod\u00eda hallar una propiedad adecuada en Hanoi. El precio que le ped\u00edan superaba los dos millones de d\u00f3lares, y a menudo rondaba los tres y los cuatro millones.<\/p>\n<p>Entonces, un d\u00eda, alguien le ofreci\u00f3 un terreno de primera calidad con un edificio nuevo de siete pisos por solo 1,8 millones\u2026 y el resto es historia.<\/p>\n<p>Bekker estaba radiante de gozo el 22 de mayo de 2018, cuando el presidente de la Iglesia Adventista Ted N.C. Wilson y otros l\u00edderes inauguraron un edificio de siete pisos, que albergar\u00e1 una librer\u00eda, una tienda de alimentos saludables, una escuela de idioma extranjero, una escuela de m\u00fasica, un centro de salud, la sede de ADRA Vietnam, y salones para que se re\u00fanan dos congregaciones.<\/p>\n<p>\u201cDios se apareci\u00f3 de manera m\u00e1s milagrosa que lo que podr\u00eda haber imaginado\u201d, dijo Bekker. \u201cNos dio m\u00e1s de lo que hab\u00edamos pedido en oraci\u00f3n\u201d.<\/p>\n<p>Al hablar en la ceremonia de apertura, Wilson reconoci\u00f3 el trabajo duro de Bekker y de su asesor de construcci\u00f3n Peter Kookik y otras personas para levantar el centro comunitario, que se llama Emprendimiento Avanzar.<\/p>\n<p>\u201cDios obra milagros por medio de las personas, de manera que no estamos dando la gloria a las personas. Le damos la gloria a Dios, que usa a sus siervos para hacer grandes cosas\u201d, dijo Wilson. \u201c\u00a1Qu\u00e9 bendici\u00f3n ser usados por Dios para tocar la vida de las personas en las grandes ciudades!\u201d<\/p>\n<div id=\"attachment_41942\" style=\"width: 770px\" class=\"wp-caption aligncenter\"><img decoding=\"async\" aria-describedby=\"caption-attachment-41942\" class=\" wp-image-41942\" src=\"https:\/\/recursing-golick.147-182-135-0.plesk.page\/wp-content\/uploads\/2018\/05\/adventist-vietnam-hanoi-may22-24.jpg\" alt=\"\" width=\"760\" height=\"570\" srcset=\"https:\/\/interamerica.org\/wp-content\/uploads\/2018\/05\/adventist-vietnam-hanoi-may22-24.jpg 1000w, https:\/\/interamerica.org\/wp-content\/uploads\/2018\/05\/adventist-vietnam-hanoi-may22-24-300x225.jpg 300w, https:\/\/interamerica.org\/wp-content\/uploads\/2018\/05\/adventist-vietnam-hanoi-may22-24-768x576.jpg 768w\" sizes=\"(max-width: 760px) 100vw, 760px\" \/><p id=\"caption-attachment-41942\" class=\"wp-caption-text\">Wilson entrega una llave simb\u00f3lica en la ceremonia de inauguraci\u00f3n del centro comunitario Emprendimiento Avanzar en Hanoi, Vietnam. A su derecha se encuentra Jannie Bekker, quien jug\u00f3 un papel clave en la apertura del centro comunitario. Fotograf\u00eda de Andrew McChesney, Misi\u00f3n Adventista<\/p><\/div>\n<h3><strong>Se siembra una semilla<\/strong><\/h3>\n<p>Los or\u00edgenes del proyecto se remontan a 2014, cuando Wilson visit\u00f3 Hanoi en el norte despu\u00e9s de conducir una hist\u00f3rica campa\u00f1a de evangelizaci\u00f3n en Ho Chi Minh, en el sur del pa\u00eds. Wilson fue la primera persona no nativa a la que se autoriz\u00f3 hablar en un evento adventista de evangelismo en Vietnam desde 1975, un gran paso para la iglesia, despu\u00e9s de que en 2008, el gobierno otorgara permiso a la denominaci\u00f3n para volver a operar.<\/p>\n<p>Despu\u00e9s de la visita, Wilson pidi\u00f3 que se estableciera un centro comunitario para servir a los habitantes de Hanoi, y se asign\u00f3 a Bekker al proyecto. Wilson prometi\u00f3 ayudar a juntar los fondos, con la idea de colaborar en partes iguales el monto que aportaran la Divisi\u00f3n de Asia Pac\u00edfico Sur y la Uni\u00f3n Misi\u00f3n del Sudeste Asi\u00e1tico de la Iglesia Adventista. Al final, la iglesia mundial termin\u00f3 aportando un mill\u00f3n de d\u00f3lares, y la divisi\u00f3n y la uni\u00f3n aportaron 500 mil d\u00f3lares cada una.<\/p>\n<p>A pesar de ello, Bekker no pod\u00eda hallar un terreno apropiado. Las propiedades que visit\u00f3 costaban mucho o estaban en lugares no adecuados. Una posible compra finalmente se cay\u00f3.<\/p>\n<p>\u201cHe perdido la cuenta de cu\u00e1ntos viajes hice a Vietnam\u201d, dijo Bekker, que a veces viaj\u00f3 con los l\u00edderes de la uni\u00f3n y la divisi\u00f3n. \u201cQuiz\u00e1 fueron unas quince o veinte veces\u201d.<\/p>\n<p>Entonces, el amigo de un amigo present\u00f3 a Bekker a un constructor que era due\u00f1o de un terreno y estaba construyendo un edificio de siete pisos en \u00e9l. El constructor quer\u00eda tan solo 1,8 millones de d\u00f3lares por todo. Cuando Bekker vio la propiedad, se dio cuenta de que era perfecta.<\/p>\n<p>La burocracia y otros inconvenientes retrasaron la finalizaci\u00f3n de la compra. Otro comprador tom\u00f3 nota de la propiedad y ofreci\u00f3 una suma mayor de dinero. Bekker sigui\u00f3 orando, y el constructor finalmente rechaz\u00f3 la nueva oferta, expresando que el plan adventista buscaba beneficiar a la comunidad y no enriquecer a sus due\u00f1os.<\/p>\n<div id=\"attachment_41936\" style=\"width: 770px\" class=\"wp-caption aligncenter\"><img decoding=\"async\" aria-describedby=\"caption-attachment-41936\" class=\" wp-image-41936\" src=\"https:\/\/recursing-golick.147-182-135-0.plesk.page\/wp-content\/uploads\/2018\/05\/adventist-vietnam-hanoi-may22-3.jpg\" alt=\"\" width=\"760\" height=\"570\" srcset=\"https:\/\/interamerica.org\/wp-content\/uploads\/2018\/05\/adventist-vietnam-hanoi-may22-3.jpg 1000w, https:\/\/interamerica.org\/wp-content\/uploads\/2018\/05\/adventist-vietnam-hanoi-may22-3-300x225.jpg 300w, https:\/\/interamerica.org\/wp-content\/uploads\/2018\/05\/adventist-vietnam-hanoi-may22-3-768x576.jpg 768w\" sizes=\"(max-width: 760px) 100vw, 760px\" \/><p id=\"caption-attachment-41936\" class=\"wp-caption-text\">El presidente de la Iglesia Adventista Ted N.C. Wilson saluda a una ni\u00f1a junto a su esposa Nancy, en Hanoi, Vietnam, el 22 de mayo de 2018. Fotograf\u00eda de Andrew McChesney, Mission Adventista<\/p><\/div>\n<p>Los que participaron del proyecto no pueden explicar la compra.<\/p>\n<p>\u201cFue realmente un milagro\u201d, dijo Koolik, que es australiano y ha asesorado a la iglesia sobre propiedades en diversas partes del mundo. \u201cAqu\u00ed no hay agencias de bienes ra\u00edces o inmobiliarias. Todo es de palabra\u201d.<\/p>\n<p>\u201cDios hizo m\u00e1s de lo que esper\u00e1bamos, y sigue haciendo m\u00e1s y m\u00e1s cada d\u00eda\u201d, dijo Bekker. \u201cPor eso, le damos a \u00e9l toda la gloria y la honra\u201d.<\/p>\n<h3><strong>Un don especial de Dios<\/strong><\/h3>\n<p>Durante la inauguraci\u00f3n, los l\u00edderes adventistas recorrieron el centro comunitario y oraron en cada uno de los pisos. La iglesia cuenta con quince pastores ordenados en Vietnam, y todos fueron invitados al evento. Tambi\u00e9n asistieron cuarenta agricultores, que alquilaron un autob\u00fas en el sur de Vietnam y recorrieron mil kil\u00f3metros en dos d\u00edas hasta Hanoi, adem\u00e1s de algunos l\u00edderes laicos como Vo Hiep, de 75 a\u00f1os.<\/p>\n<p>\u201cEste es un regalo especial del Se\u00f1or\u201d, dijo Vo al referirse al centro comunitario.<\/p>\n<p>Vo, que ha construido siete iglesias en Vietnam con dinero que recolect\u00f3 de vietnamitas que viven en el extranjero, expres\u00f3 el deseo de que alg\u00fan d\u00eda se erija un centro comunitario similar en Da Nang City, su ciudad natal, que est\u00e1 a catorce horas de tren desde Hanoi.<\/p>\n<p>La Iglesia Adventista cuenta con unos 12.600 miembros en Vietnam, un pa\u00eds de 93 millones de habitantes.<\/p>\n<p>Despu\u00e9s de la inauguraci\u00f3n, Wilson visit\u00f3 a dos importantes funcionarios de gobierno para agradecerles por su apoyo que permiti\u00f3 la apertura del centro comunitario, y por la libertad religiosa que Vietnam brinda a sus ciudadanos.<\/p>\n<div id=\"attachment_41939\" style=\"width: 771px\" class=\"wp-caption aligncenter\"><img loading=\"lazy\" decoding=\"async\" aria-describedby=\"caption-attachment-41939\" class=\" wp-image-41939\" src=\"https:\/\/recursing-golick.147-182-135-0.plesk.page\/wp-content\/uploads\/2018\/05\/adventist-vietnam-hanoi-may22-8.jpg\" alt=\"\" width=\"761\" height=\"571\" srcset=\"https:\/\/interamerica.org\/wp-content\/uploads\/2018\/05\/adventist-vietnam-hanoi-may22-8.jpg 1000w, https:\/\/interamerica.org\/wp-content\/uploads\/2018\/05\/adventist-vietnam-hanoi-may22-8-300x225.jpg 300w, https:\/\/interamerica.org\/wp-content\/uploads\/2018\/05\/adventist-vietnam-hanoi-may22-8-768x576.jpg 768w\" sizes=\"(max-width: 761px) 100vw, 761px\" \/><p id=\"caption-attachment-41939\" class=\"wp-caption-text\">Wilson (segundo desde la izquierda) corta la cinta roja junto a Somchai Chuenjit, presidente de la Uni\u00f3n Misi\u00f3n del Sudeste Asi\u00e1tico, y otros l\u00edderes. Fotograf\u00eda de Andrew McChesney, Misi\u00f3n Adventista<\/p><\/div>\n<p>\u201cQuiero asegurarles el compromiso adventista a la hora de ayudar a la sociedad\u201d, expres\u00f3 Wilson al senador Ngo Sach Thuc, vicepresidente del Frente Fatherland Vietnam, que supervisa las organizaciones religiosas en Vietnam.<\/p>\n<p>Ngo habl\u00f3 en elogiosos t\u00e9rminos de las iniciativas adventistas para ayudar a otros.<\/p>\n<p>\u201cApreciamos lo que la Iglesia Adventista est\u00e1 haciendo para ayudar al pueblo de Vietnam\u201d, dijo.<\/p>\n<p>Dos horas despu\u00e9s, el general Vu Chien Thang, senador y presidente de la Junta de Gobierno de Asuntos Religiosos, recibi\u00f3 a Wilson en su oficina y lo felicit\u00f3 por la inauguraci\u00f3n del centro comunitario.<\/p>\n<p>\u201cApreciamos lo que est\u00e1 haciendo, y lo que est\u00e1n haciendo los miembros de iglesia en Vietnam\u201d, expres\u00f3. \u201cPodemos ver que la Iglesia Adventista est\u00e1 haciendo mucho bien en la comunidad, ayudando a los pobres y de m\u00faltiples maneras\u201d.<\/p>\n<p>Wilson comparti\u00f3 pasajes de la Biblia con los dos funcionarios del gobierno y or\u00f3 por ellos.<\/p>\n<p>Junto a Wilson durante todo el d\u00eda estuvo Tran Thanh Truyen, presidente de la Misi\u00f3n de Vietnam. Su amplia sonrisa manifest\u00f3 lo complacido que estaba.<\/p>\n<p>\u201cHan pasado diez a\u00f1os desde que el gobierno nos reconoci\u00f3 oficialmente\u201d, dijo en su mensaje durante la ceremonia de inauguraci\u00f3n. \u201cEstoy seguro de que Dios bendecir\u00e1 a\u00fan m\u00e1s a Vietnam\u201d.<\/p>\n<p><em>Este informe apareci\u00f3 originalmente en <\/em><a href=\"https:\/\/adventistmission.org\/%E2%80%8Bfirst-urban-center-of-influence-opens-in-vietnam\" target=\"_blank\" rel=\"noopener\"><em>AdventistMission.org<\/em><\/a><\/p>\n<p>Traducci\u00f3n de Marcos Paseggi<\/p>\n","protected":false},"excerpt":{"rendered":"<p>25 de mayo de 2018 | Vietnam | Andrew McChesney, adventistmission.org Jannie Bekker, un amable sudafricano de cabellos rubios ondulados, fue enviado a la capital de Vietnam con dos millones&#8230;<\/p>\n","protected":false},"author":3,"featured_media":41935,"comment_status":"open","ping_status":"closed","sticky":false,"template":"","format":"standard","meta":{"_acf_changed":false,"footnotes":""},"categories":[14,15],"tags":[],"class_list":["post-41965","post","type-post","status-publish","format-standard","has-post-thumbnail","hentry","category-de-la-iglesia-mundial","category-rss-espanol"],"acf":[],"yoast_head":"<!-- This site is optimized with the Yoast SEO plugin v27.3 - https:\/\/yoast.com\/product\/yoast-seo-wordpress\/ -->\n<title>Vietnam inaugura centro comunitario de siete pisos en Hanoi - Iglesia Adventista del S\u00e9ptimo D\u00eda - Divisi\u00f3n Interamericana<\/title>\n<meta name=\"robots\" content=\"index, follow, max-snippet:-1, max-image-preview:large, max-video-preview:-1\" \/>\n<link rel=\"canonical\" href=\"https:\/\/interamerica.org\/es\/2018\/05\/vietnam-inaugura-centro-comunitario-de-siete-pisos-en-hanoi\/\" \/>\n<meta property=\"og:locale\" content=\"es_ES\" \/>\n<meta property=\"og:type\" content=\"article\" \/>\n<meta property=\"og:title\" content=\"Vietnam inaugura centro comunitario de siete pisos en Hanoi - Iglesia Adventista del S\u00e9ptimo D\u00eda - Divisi\u00f3n Interamericana\" \/>\n<meta property=\"og:description\" content=\"25 de mayo de 2018 | Vietnam | Andrew McChesney, adventistmission.org Jannie Bekker, un amable sudafricano de cabellos rubios ondulados, fue enviado a la capital de Vietnam con dos millones...\" \/>\n<meta property=\"og:url\" content=\"https:\/\/interamerica.org\/es\/2018\/05\/vietnam-inaugura-centro-comunitario-de-siete-pisos-en-hanoi\/\" \/>\n<meta property=\"og:site_name\" content=\"Iglesia Adventista del S\u00e9ptimo D\u00eda - Divisi\u00f3n Interamericana\" \/>\n<meta property=\"article:published_time\" content=\"2018-05-27T01:24:07+00:00\" \/>\n<meta property=\"article:modified_time\" content=\"2018-05-27T11:40:58+00:00\" \/>\n<meta property=\"og:image\" content=\"https:\/\/interamerica.org\/wp-content\/uploads\/2018\/05\/vietnam-opens-7-story-community-center-in-hanoi1280.jpg\" \/>\n\t<meta property=\"og:image:width\" content=\"1280\" \/>\n\t<meta property=\"og:image:height\" content=\"800\" \/>\n\t<meta property=\"og:image:type\" content=\"image\/jpeg\" \/>\n<meta name=\"author\" content=\"libna\" \/>\n<meta name=\"twitter:card\" content=\"summary_large_image\" \/>\n<meta name=\"twitter:label1\" content=\"Escrito por\" \/>\n\t<meta name=\"twitter:data1\" content=\"libna\" \/>\n\t<meta name=\"twitter:label2\" content=\"Tiempo de lectura\" \/>\n\t<meta name=\"twitter:data2\" content=\"7 minutos\" \/>\n<script type=\"application\/ld+json\" class=\"yoast-schema-graph\">{\"@context\":\"https:\\\/\\\/schema.org\",\"@graph\":[{\"@type\":\"Article\",\"@id\":\"https:\\\/\\\/interamerica.org\\\/es\\\/2018\\\/05\\\/vietnam-inaugura-centro-comunitario-de-siete-pisos-en-hanoi\\\/#article\",\"isPartOf\":{\"@id\":\"https:\\\/\\\/interamerica.org\\\/es\\\/2018\\\/05\\\/vietnam-inaugura-centro-comunitario-de-siete-pisos-en-hanoi\\\/\"},\"author\":{\"name\":\"libna\",\"@id\":\"https:\\\/\\\/interamerica.org\\\/es\\\/#\\\/schema\\\/person\\\/29998f2bc2d8bd0d38662909289b54f1\"},\"headline\":\"Vietnam inaugura centro comunitario de siete pisos en Hanoi\",\"datePublished\":\"2018-05-27T01:24:07+00:00\",\"dateModified\":\"2018-05-27T11:40:58+00:00\",\"mainEntityOfPage\":{\"@id\":\"https:\\\/\\\/interamerica.org\\\/es\\\/2018\\\/05\\\/vietnam-inaugura-centro-comunitario-de-siete-pisos-en-hanoi\\\/\"},\"wordCount\":1320,\"commentCount\":0,\"image\":{\"@id\":\"https:\\\/\\\/interamerica.org\\\/es\\\/2018\\\/05\\\/vietnam-inaugura-centro-comunitario-de-siete-pisos-en-hanoi\\\/#primaryimage\"},\"thumbnailUrl\":\"https:\\\/\\\/interamerica.org\\\/wp-content\\\/uploads\\\/2018\\\/05\\\/vietnam-opens-7-story-community-center-in-hanoi1280.jpg\",\"articleSection\":[\"Desde la iglesia mundial\",\"RSS Espa\u00f1ol\"],\"inLanguage\":\"es\",\"potentialAction\":[{\"@type\":\"CommentAction\",\"name\":\"Comment\",\"target\":[\"https:\\\/\\\/interamerica.org\\\/es\\\/2018\\\/05\\\/vietnam-inaugura-centro-comunitario-de-siete-pisos-en-hanoi\\\/#respond\"]}]},{\"@type\":\"WebPage\",\"@id\":\"https:\\\/\\\/interamerica.org\\\/es\\\/2018\\\/05\\\/vietnam-inaugura-centro-comunitario-de-siete-pisos-en-hanoi\\\/\",\"url\":\"https:\\\/\\\/interamerica.org\\\/es\\\/2018\\\/05\\\/vietnam-inaugura-centro-comunitario-de-siete-pisos-en-hanoi\\\/\",\"name\":\"Vietnam inaugura centro comunitario de siete pisos en Hanoi - Iglesia Adventista del S\u00e9ptimo D\u00eda - Divisi\u00f3n Interamericana\",\"isPartOf\":{\"@id\":\"https:\\\/\\\/interamerica.org\\\/es\\\/#website\"},\"primaryImageOfPage\":{\"@id\":\"https:\\\/\\\/interamerica.org\\\/es\\\/2018\\\/05\\\/vietnam-inaugura-centro-comunitario-de-siete-pisos-en-hanoi\\\/#primaryimage\"},\"image\":{\"@id\":\"https:\\\/\\\/interamerica.org\\\/es\\\/2018\\\/05\\\/vietnam-inaugura-centro-comunitario-de-siete-pisos-en-hanoi\\\/#primaryimage\"},\"thumbnailUrl\":\"https:\\\/\\\/interamerica.org\\\/wp-content\\\/uploads\\\/2018\\\/05\\\/vietnam-opens-7-story-community-center-in-hanoi1280.jpg\",\"datePublished\":\"2018-05-27T01:24:07+00:00\",\"dateModified\":\"2018-05-27T11:40:58+00:00\",\"author\":{\"@id\":\"https:\\\/\\\/interamerica.org\\\/es\\\/#\\\/schema\\\/person\\\/29998f2bc2d8bd0d38662909289b54f1\"},\"breadcrumb\":{\"@id\":\"https:\\\/\\\/interamerica.org\\\/es\\\/2018\\\/05\\\/vietnam-inaugura-centro-comunitario-de-siete-pisos-en-hanoi\\\/#breadcrumb\"},\"inLanguage\":\"es\",\"potentialAction\":[{\"@type\":\"ReadAction\",\"target\":[\"https:\\\/\\\/interamerica.org\\\/es\\\/2018\\\/05\\\/vietnam-inaugura-centro-comunitario-de-siete-pisos-en-hanoi\\\/\"]}]},{\"@type\":\"ImageObject\",\"inLanguage\":\"es\",\"@id\":\"https:\\\/\\\/interamerica.org\\\/es\\\/2018\\\/05\\\/vietnam-inaugura-centro-comunitario-de-siete-pisos-en-hanoi\\\/#primaryimage\",\"url\":\"https:\\\/\\\/interamerica.org\\\/wp-content\\\/uploads\\\/2018\\\/05\\\/vietnam-opens-7-story-community-center-in-hanoi1280.jpg\",\"contentUrl\":\"https:\\\/\\\/interamerica.org\\\/wp-content\\\/uploads\\\/2018\\\/05\\\/vietnam-opens-7-story-community-center-in-hanoi1280.jpg\",\"width\":1280,\"height\":800},{\"@type\":\"BreadcrumbList\",\"@id\":\"https:\\\/\\\/interamerica.org\\\/es\\\/2018\\\/05\\\/vietnam-inaugura-centro-comunitario-de-siete-pisos-en-hanoi\\\/#breadcrumb\",\"itemListElement\":[{\"@type\":\"ListItem\",\"position\":1,\"name\":\"Home\",\"item\":\"https:\\\/\\\/interamerica.org\\\/es\\\/\"},{\"@type\":\"ListItem\",\"position\":2,\"name\":\"Vietnam inaugura centro comunitario de siete pisos en Hanoi\"}]},{\"@type\":\"WebSite\",\"@id\":\"https:\\\/\\\/interamerica.org\\\/es\\\/#website\",\"url\":\"https:\\\/\\\/interamerica.org\\\/es\\\/\",\"name\":\"Iglesia Adventista del S\u00e9ptimo D\u00eda - Divisi\u00f3n Interamericana\",\"description\":\"\",\"potentialAction\":[{\"@type\":\"SearchAction\",\"target\":{\"@type\":\"EntryPoint\",\"urlTemplate\":\"https:\\\/\\\/interamerica.org\\\/es\\\/?s={search_term_string}\"},\"query-input\":{\"@type\":\"PropertyValueSpecification\",\"valueRequired\":true,\"valueName\":\"search_term_string\"}}],\"inLanguage\":\"es\"},{\"@type\":\"Person\",\"@id\":\"https:\\\/\\\/interamerica.org\\\/es\\\/#\\\/schema\\\/person\\\/29998f2bc2d8bd0d38662909289b54f1\",\"name\":\"libna\",\"image\":{\"@type\":\"ImageObject\",\"inLanguage\":\"es\",\"@id\":\"https:\\\/\\\/secure.gravatar.com\\\/avatar\\\/7c5bd30ae4b47a9ba3c856590957fd1d96dc588bf3ac05719d247e126840331f?s=96&d=mm&r=g\",\"url\":\"https:\\\/\\\/secure.gravatar.com\\\/avatar\\\/7c5bd30ae4b47a9ba3c856590957fd1d96dc588bf3ac05719d247e126840331f?s=96&d=mm&r=g\",\"contentUrl\":\"https:\\\/\\\/secure.gravatar.com\\\/avatar\\\/7c5bd30ae4b47a9ba3c856590957fd1d96dc588bf3ac05719d247e126840331f?s=96&d=mm&r=g\",\"caption\":\"libna\"}}]}<\/script>\n<!-- \/ Yoast SEO plugin. -->","yoast_head_json":{"title":"Vietnam inaugura centro comunitario de siete pisos en Hanoi - Iglesia Adventista del S\u00e9ptimo D\u00eda - Divisi\u00f3n Interamericana","robots":{"index":"index","follow":"follow","max-snippet":"max-snippet:-1","max-image-preview":"max-image-preview:large","max-video-preview":"max-video-preview:-1"},"canonical":"https:\/\/interamerica.org\/es\/2018\/05\/vietnam-inaugura-centro-comunitario-de-siete-pisos-en-hanoi\/","og_locale":"es_ES","og_type":"article","og_title":"Vietnam inaugura centro comunitario de siete pisos en Hanoi - Iglesia Adventista del S\u00e9ptimo D\u00eda - Divisi\u00f3n Interamericana","og_description":"25 de mayo de 2018 | Vietnam | Andrew McChesney, adventistmission.org Jannie Bekker, un amable sudafricano de cabellos rubios ondulados, fue enviado a la capital de Vietnam con dos millones...","og_url":"https:\/\/interamerica.org\/es\/2018\/05\/vietnam-inaugura-centro-comunitario-de-siete-pisos-en-hanoi\/","og_site_name":"Iglesia Adventista del S\u00e9ptimo D\u00eda - Divisi\u00f3n Interamericana","article_published_time":"2018-05-27T01:24:07+00:00","article_modified_time":"2018-05-27T11:40:58+00:00","og_image":[{"width":1280,"height":800,"url":"https:\/\/interamerica.org\/wp-content\/uploads\/2018\/05\/vietnam-opens-7-story-community-center-in-hanoi1280.jpg","type":"image\/jpeg"}],"author":"libna","twitter_card":"summary_large_image","twitter_misc":{"Escrito por":"libna","Tiempo de lectura":"7 minutos"},"schema":{"@context":"https:\/\/schema.org","@graph":[{"@type":"Article","@id":"https:\/\/interamerica.org\/es\/2018\/05\/vietnam-inaugura-centro-comunitario-de-siete-pisos-en-hanoi\/#article","isPartOf":{"@id":"https:\/\/interamerica.org\/es\/2018\/05\/vietnam-inaugura-centro-comunitario-de-siete-pisos-en-hanoi\/"},"author":{"name":"libna","@id":"https:\/\/interamerica.org\/es\/#\/schema\/person\/29998f2bc2d8bd0d38662909289b54f1"},"headline":"Vietnam inaugura centro comunitario de siete pisos en Hanoi","datePublished":"2018-05-27T01:24:07+00:00","dateModified":"2018-05-27T11:40:58+00:00","mainEntityOfPage":{"@id":"https:\/\/interamerica.org\/es\/2018\/05\/vietnam-inaugura-centro-comunitario-de-siete-pisos-en-hanoi\/"},"wordCount":1320,"commentCount":0,"image":{"@id":"https:\/\/interamerica.org\/es\/2018\/05\/vietnam-inaugura-centro-comunitario-de-siete-pisos-en-hanoi\/#primaryimage"},"thumbnailUrl":"https:\/\/interamerica.org\/wp-content\/uploads\/2018\/05\/vietnam-opens-7-story-community-center-in-hanoi1280.jpg","articleSection":["Desde la iglesia mundial","RSS Espa\u00f1ol"],"inLanguage":"es","potentialAction":[{"@type":"CommentAction","name":"Comment","target":["https:\/\/interamerica.org\/es\/2018\/05\/vietnam-inaugura-centro-comunitario-de-siete-pisos-en-hanoi\/#respond"]}]},{"@type":"WebPage","@id":"https:\/\/interamerica.org\/es\/2018\/05\/vietnam-inaugura-centro-comunitario-de-siete-pisos-en-hanoi\/","url":"https:\/\/interamerica.org\/es\/2018\/05\/vietnam-inaugura-centro-comunitario-de-siete-pisos-en-hanoi\/","name":"Vietnam inaugura centro comunitario de siete pisos en Hanoi - Iglesia Adventista del S\u00e9ptimo D\u00eda - Divisi\u00f3n Interamericana","isPartOf":{"@id":"https:\/\/interamerica.org\/es\/#website"},"primaryImageOfPage":{"@id":"https:\/\/interamerica.org\/es\/2018\/05\/vietnam-inaugura-centro-comunitario-de-siete-pisos-en-hanoi\/#primaryimage"},"image":{"@id":"https:\/\/interamerica.org\/es\/2018\/05\/vietnam-inaugura-centro-comunitario-de-siete-pisos-en-hanoi\/#primaryimage"},"thumbnailUrl":"https:\/\/interamerica.org\/wp-content\/uploads\/2018\/05\/vietnam-opens-7-story-community-center-in-hanoi1280.jpg","datePublished":"2018-05-27T01:24:07+00:00","dateModified":"2018-05-27T11:40:58+00:00","author":{"@id":"https:\/\/interamerica.org\/es\/#\/schema\/person\/29998f2bc2d8bd0d38662909289b54f1"},"breadcrumb":{"@id":"https:\/\/interamerica.org\/es\/2018\/05\/vietnam-inaugura-centro-comunitario-de-siete-pisos-en-hanoi\/#breadcrumb"},"inLanguage":"es","potentialAction":[{"@type":"ReadAction","target":["https:\/\/interamerica.org\/es\/2018\/05\/vietnam-inaugura-centro-comunitario-de-siete-pisos-en-hanoi\/"]}]},{"@type":"ImageObject","inLanguage":"es","@id":"https:\/\/interamerica.org\/es\/2018\/05\/vietnam-inaugura-centro-comunitario-de-siete-pisos-en-hanoi\/#primaryimage","url":"https:\/\/interamerica.org\/wp-content\/uploads\/2018\/05\/vietnam-opens-7-story-community-center-in-hanoi1280.jpg","contentUrl":"https:\/\/interamerica.org\/wp-content\/uploads\/2018\/05\/vietnam-opens-7-story-community-center-in-hanoi1280.jpg","width":1280,"height":800},{"@type":"BreadcrumbList","@id":"https:\/\/interamerica.org\/es\/2018\/05\/vietnam-inaugura-centro-comunitario-de-siete-pisos-en-hanoi\/#breadcrumb","itemListElement":[{"@type":"ListItem","position":1,"name":"Home","item":"https:\/\/interamerica.org\/es\/"},{"@type":"ListItem","position":2,"name":"Vietnam inaugura centro comunitario de siete pisos en Hanoi"}]},{"@type":"WebSite","@id":"https:\/\/interamerica.org\/es\/#website","url":"https:\/\/interamerica.org\/es\/","name":"Iglesia Adventista del S\u00e9ptimo D\u00eda - Divisi\u00f3n Interamericana","description":"","potentialAction":[{"@type":"SearchAction","target":{"@type":"EntryPoint","urlTemplate":"https:\/\/interamerica.org\/es\/?s={search_term_string}"},"query-input":{"@type":"PropertyValueSpecification","valueRequired":true,"valueName":"search_term_string"}}],"inLanguage":"es"},{"@type":"Person","@id":"https:\/\/interamerica.org\/es\/#\/schema\/person\/29998f2bc2d8bd0d38662909289b54f1","name":"libna","image":{"@type":"ImageObject","inLanguage":"es","@id":"https:\/\/secure.gravatar.com\/avatar\/7c5bd30ae4b47a9ba3c856590957fd1d96dc588bf3ac05719d247e126840331f?s=96&d=mm&r=g","url":"https:\/\/secure.gravatar.com\/avatar\/7c5bd30ae4b47a9ba3c856590957fd1d96dc588bf3ac05719d247e126840331f?s=96&d=mm&r=g","contentUrl":"https:\/\/secure.gravatar.com\/avatar\/7c5bd30ae4b47a9ba3c856590957fd1d96dc588bf3ac05719d247e126840331f?s=96&d=mm&r=g","caption":"libna"}}]}},"_links":{"self":[{"href":"https:\/\/interamerica.org\/es\/wp-json\/wp\/v2\/posts\/41965","targetHints":{"allow":["GET"]}}],"collection":[{"href":"https:\/\/interamerica.org\/es\/wp-json\/wp\/v2\/posts"}],"about":[{"href":"https:\/\/interamerica.org\/es\/wp-json\/wp\/v2\/types\/post"}],"author":[{"embeddable":true,"href":"https:\/\/interamerica.org\/es\/wp-json\/wp\/v2\/users\/3"}],"replies":[{"embeddable":true,"href":"https:\/\/interamerica.org\/es\/wp-json\/wp\/v2\/comments?post=41965"}],"version-history":[{"count":0,"href":"https:\/\/interamerica.org\/es\/wp-json\/wp\/v2\/posts\/41965\/revisions"}],"wp:featuredmedia":[{"embeddable":true,"href":"https:\/\/interamerica.org\/es\/wp-json\/wp\/v2\/media\/41935"}],"wp:attachment":[{"href":"https:\/\/interamerica.org\/es\/wp-json\/wp\/v2\/media?parent=41965"}],"wp:term":[{"taxonomy":"category","embeddable":true,"href":"https:\/\/interamerica.org\/es\/wp-json\/wp\/v2\/categories?post=41965"},{"taxonomy":"post_tag","embeddable":true,"href":"https:\/\/interamerica.org\/es\/wp-json\/wp\/v2\/tags?post=41965"}],"curies":[{"name":"wp","href":"https:\/\/api.w.org\/{rel}","templated":true}]}}