{"id":42053,"date":"2018-06-05T11:00:16","date_gmt":"2018-06-05T15:00:16","guid":{"rendered":"https:\/\/recursing-golick.147-182-135-0.plesk.page\/?p=42053"},"modified":"2018-06-05T11:20:36","modified_gmt":"2018-06-05T15:20:36","slug":"defensores-de-la-libertad-religiosa-son-llamados-a-llegar-mas-alla-de-lo-acostumbrado","status":"publish","type":"post","link":"https:\/\/interamerica.org\/es\/2018\/06\/defensores-de-la-libertad-religiosa-son-llamados-a-llegar-mas-alla-de-lo-acostumbrado\/","title":{"rendered":"Defensores de la libertad religiosa son llamados a llegar m\u00e1s all\u00e1 de lo acostumbrado"},"content":{"rendered":"<p><span class=\"byline-news\"> 2 de junio de 2018 | Washington D.C., Estados Unidos | Marcos Paseggi, <em>Adventist Review<\/em><\/span><\/p>\n<p><span class=\"cap\">Los oradores en la reciente XVI Cena Anual de Libertad Religiosa en Washington D.C. hicieron un llamado decidido a construir puentes de comprensi\u00f3n y fortalecer las redes como maneras de luchar contra la intolerancia religiosa y defender la libertad de conciencia y creencias. El evento del 22 de mayo de 2018, patrocinado por la Asociaci\u00f3n Internacional de Libertad Religiosa (IRLA) y otras organizaciones, congreg\u00f3 a decenas de l\u00edderes, funcionarios y defensores de la libertad religiosa en la sede de la Organizaci\u00f3n de los Estados Americanos para interactuar, repasar los desaf\u00edos a la libertad de creencias y entregar condecoraciones.<\/span><\/p>\n<p>\u201cA menudo damos por sentada la libertad que gozamos en este pa\u00eds\u201d, dijo Orlan Johnson, presidente de la junta de la Asociaci\u00f3n de Libertad Religiosa de Norteam\u00e9rica (NARLA) al dar la bienvenida a los asistentes. \u201cEs una de las razones por las que necesitamos eventos como este, para que nos sirvan como recordatorios de las libertades que disfrutamos\u201d.<\/p>\n<p><strong>Los derechos de las minor\u00edas y la libertad religiosa<\/strong><\/p>\n<p>El orador destacado del evento, que este a\u00f1o se desarroll\u00f3 bajo el lema \u201cEn defensa de la libertad de conciencia para todos\u201d fue el defensor, investigador y escritor turco Aykan Erdemir. Erdemir, que se educ\u00f3 en Harvard y fue miembro del Parlamento Turco (2011-2015), es un franco defensor del pluralismo, los derechos de las minor\u00edas y la libertad religiosa en Oriente Medio. Como tal, ha estado al frente de la lucha contra la persecuci\u00f3n religiosa, los cr\u00edmenes motivados por el odio, y los discursos de odio en Turqu\u00eda y otros pa\u00edses.<\/p>\n<div id=\"attachment_42032\" style=\"width: 770px\" class=\"wp-caption aligncenter\"><img fetchpriority=\"high\" decoding=\"async\" aria-describedby=\"caption-attachment-42032\" class=\" wp-image-42032\" src=\"https:\/\/recursing-golick.147-182-135-0.plesk.page\/wp-content\/uploads\/2018\/06\/rl-dinner-may30.jpg\" alt=\"\" width=\"760\" height=\"506\" srcset=\"https:\/\/interamerica.org\/wp-content\/uploads\/2018\/06\/rl-dinner-may30.jpg 1000w, https:\/\/interamerica.org\/wp-content\/uploads\/2018\/06\/rl-dinner-may30-300x200.jpg 300w, https:\/\/interamerica.org\/wp-content\/uploads\/2018\/06\/rl-dinner-may30-768x511.jpg 768w\" sizes=\"(max-width: 760px) 100vw, 760px\" \/><p id=\"caption-attachment-42032\" class=\"wp-caption-text\">La Cena Anual de Libertad Religiosa \u201cEn defensa de la libertad de conciencia para todos\u201d, que estuvo patrocinada por la Iglesia Adventista, se llev\u00f3 a cabo en la sede de la Organizaci\u00f3n de los Estados Americanos en Washington DC, el 22 de mayo de 2018. Fotograf\u00eda de Mylon Medley, Noticias de la Divisi\u00f3n Norteamericana<\/p><\/div>\n<p>En su mensaje central, Erdemir enfatiz\u00f3 el papel fundamental que tiene la libertad religiosa a la hora de construir puentes. \u201cEs fundamental que salgamos de nuestras comunidades cerradas, m\u00e1s all\u00e1 de lo acostumbrado, para llegar a los dem\u00e1s\u201d, dijo. \u201cNecesitamos instituciones que no tengan temor de alcanzar a otras personas\u201d.<\/p>\n<p>Al mismo tiempo, Erdemir enfatiz\u00f3 que llegar hasta los dem\u00e1s no significa necesariamente renunciar a las creencias propias. \u201cLlegar a los dem\u00e1s no significa comprometer nuestras convicciones y creencias\u201d, dijo. \u201cEn efecto, no deber\u00edamos renunciar a nuestros valores centrales, dado que reconocer nuestras inconmensurables diferencias es clave cuando decidimos dialogar y valorarnos mutuamente\u201d.<\/p>\n<p><strong>Condecorados nacional e internacional<\/strong><\/p>\n<p>La cena anual tambi\u00e9n dedic\u00f3 tiempo a reconocer los esfuerzos de destacados defensores de la libertad de creencias y los derechos religiosos de las minor\u00edas en los Estados Unidos y el mundo.<\/p>\n<p>El Premio Nacional 2018 fue dado a Holly Hollman, asesora legal general y directora ejecutiva asociada de la Comisi\u00f3n Bautista Conjunta de Libertad Religiosa. Hollman, que vive en Washington D.C., brinda an\u00e1lisis legales de cuestiones de Iglesia y Estado que se presentan ante el Congreso, los juzgados y las agencias administrativas. Consulta peri\u00f3dicamente con iglesias, individuos y organizaciones sobre temas de libertad religiosa.<\/p>\n<div id=\"attachment_42035\" style=\"width: 771px\" class=\"wp-caption aligncenter\"><img decoding=\"async\" aria-describedby=\"caption-attachment-42035\" class=\" wp-image-42035\" src=\"https:\/\/recursing-golick.147-182-135-0.plesk.page\/wp-content\/uploads\/2018\/06\/rl-dinner-turkish-advocate.jpg\" alt=\"\" width=\"761\" height=\"507\" srcset=\"https:\/\/interamerica.org\/wp-content\/uploads\/2018\/06\/rl-dinner-turkish-advocate.jpg 1000w, https:\/\/interamerica.org\/wp-content\/uploads\/2018\/06\/rl-dinner-turkish-advocate-300x200.jpg 300w, https:\/\/interamerica.org\/wp-content\/uploads\/2018\/06\/rl-dinner-turkish-advocate-768x511.jpg 768w\" sizes=\"(max-width: 761px) 100vw, 761px\" \/><p id=\"caption-attachment-42035\" class=\"wp-caption-text\">El defensor, investigador y escritor turco Aykan Erdemir (centro) orador principal en el evento de 2018. Junto a \u00e9l se encuentra el condecorado internacional 2018 Abid Q. Raja (izquierda), y la condecorada nacional Holly Hollman. Fotograf\u00eda de Mylon Medley, Noticias de la Divisi\u00f3n Norteamericana<\/p><\/div>\n<p>\u201c[Hollman] es una creadora de consensos, una constructora de puentes\u201d, dijo Melissa Rogers, exdirectora de asociaciones vecinales y de base religiosa de la Casa Blanca, al presentar a la premiada. \u201cY es una cristiana comprometida que cree que la libertad religiosa proviene de Dios\u201d.<\/p>\n<p>Al aceptar el reconocimiento, Hollman enfatiz\u00f3 esos y otros puntos. \u201cHonrar la libertad de conciencia es honrar la creaci\u00f3n de Dios\u201d, expres\u00f3. \u201cTrabajar por la libertad religiose nos conecta con una amplia gama de experiencias [y nos recuerda que] dependemos unos de otros y de la capacidad de reunirnos para hallar puntos en com\u00fan\u201d.<\/p>\n<p>El Premio Internacional 2018 fue entregado a Abid Q. Raja, vicepresidente del Parlamento Noruego. Raja, que es abogado, fue el primer noruego proveniente de una minor\u00eda en recibir la beca del Rey en la Universidad de Oxford, y es autor de dos libros dedicados a la integraci\u00f3n y la tolerancia religiosa.<\/p>\n<p>Para Raja, que es musulm\u00e1n, la intolerancia religiosa tiene una significaci\u00f3n que trasciende lo te\u00f3rico. Creci\u00f3 en Noruega como hijo de inmigrantes paquistan\u00edes, por lo que experiment\u00f3 de primera mano el impacto de los estereotipos raciales y la discriminaci\u00f3n religiosa.<\/p>\n<p>\u201cLa diversidad no es algo que d\u00e9 por sentado\u201d, expres\u00f3 al aceptar el reconocimiento.<\/p>\n<p><strong>La contribuci\u00f3n adventista<\/strong><\/p>\n<p>Varios defensores adventistas de la libertad religiosa enfatizaron la contribuci\u00f3n adventista a la discusi\u00f3n, gracias al compromiso de larga data que tiene la denominaci\u00f3n con la libertad religiosa.<\/p>\n<div id=\"attachment_42041\" style=\"width: 770px\" class=\"wp-caption aligncenter\"><img decoding=\"async\" aria-describedby=\"caption-attachment-42041\" class=\" wp-image-42041\" src=\"https:\/\/recursing-golick.147-182-135-0.plesk.page\/wp-content\/uploads\/2018\/06\/rl-dinner-advocates-may2018-1.jpg\" alt=\"\" width=\"760\" height=\"506\" srcset=\"https:\/\/interamerica.org\/wp-content\/uploads\/2018\/06\/rl-dinner-advocates-may2018-1.jpg 1000w, https:\/\/interamerica.org\/wp-content\/uploads\/2018\/06\/rl-dinner-advocates-may2018-1-300x200.jpg 300w, https:\/\/interamerica.org\/wp-content\/uploads\/2018\/06\/rl-dinner-advocates-may2018-1-768x511.jpg 768w\" sizes=\"(max-width: 760px) 100vw, 760px\" \/><p id=\"caption-attachment-42041\" class=\"wp-caption-text\">El evento de libertad religiosa brind\u00f3 a defensores y expertos amplias oportunidades de conectarse y construir relaciones. En el centro aparece Orlan Johnson, presidente de la junta de la Asociaci\u00f3n de Libertad Religiosa Norteamericana (NARLA). Fotograf\u00eda de Mylon Medley, Noticias de la Divisi\u00f3n Norteamericana<\/p><\/div>\n<p>\u201cLa Iglesia Adventista ha tenido una larga y distinguida tradici\u00f3n de defender la libertad religiosa para todas las personas, no solo para los miembros de la denominaci\u00f3n\u201d, explic\u00f3 Dwayne Leslie, director de Asuntos Legislativos de la Iglesia Adventista y enlace con el Congreso de los Estados Unidos, a <em>Adventist Review<\/em>. Es la raz\u00f3n, dijo, por la que el patrocinio de eventos como este brinda la oportunidad \u00fanica de que la iglesia \u201casuma el liderazgo en reunir a los l\u00edderes de pensamiento y funcionarios de gobierno para informarlos y equiparlos de manera de proteger mejor los principios de la libertad religiosa\u201d.<\/p>\n<p>Eventos tales como la Cena Anual de Libertad Religiosa tambi\u00e9n resultan importantes por cuestiones pr\u00e1cticas, reconoci\u00f3 Leslie, dado que la Iglesia Adventista puede destacar sus esfuerzos en defensa de la libertad religiosa en Washington DC y otros lugares. \u201cComo uno de los grupos de fe de m\u00e1s r\u00e1pido crecimiento en el mundo, la Iglesia Adventista a menudo se encuentra en posici\u00f3n de minor\u00eda religiosa en muchos pa\u00edses\u201d, dijo a <em>Adventist Review<\/em>. \u201cPor lo tanto, somos especialmente sensibles a la protecci\u00f3n de los derechos de las minor\u00edas religiosas y la salvaguarda de la libertad de conciencia para todas las personas\u201d.<\/p>\n<p>Para Ganoune Diop, secretario general de IRLA, quien tambi\u00e9n est\u00e1 al frente del departamento de Asuntos P\u00fablicos y Libertad Religiosa de la Iglesia Adventista, el apoyo adventista a la libertad religiosa tiene ra\u00edces a\u00fan m\u00e1s profundas, dado que se basa en una comprensi\u00f3n b\u00edblica del car\u00e1cter de Dios. \u201cLa libertad religiosa es m\u00e1s que lo que se ve a simple vista\u201d, dijo Diop. \u201cDesde una perspectiva de fe, se basa en un rasgo del car\u00e1cter de Dios\u201d.<\/p>\n<p>Diop pas\u00f3 a explicar que creer que los seres humanos fueron creados a imagen de Dios implica creer en la libertad de escoger. \u201cLa libertad religiosa se ve dignificada por el amor, y el amor no puede ser forzado\u201d, declar\u00f3. \u201cEl objetivo de la libertad es el amor\u201d.<\/p>\n<div id=\"attachment_42044\" style=\"width: 770px\" class=\"wp-caption aligncenter\"><img loading=\"lazy\" decoding=\"async\" aria-describedby=\"caption-attachment-42044\" class=\" wp-image-42044\" src=\"https:\/\/recursing-golick.147-182-135-0.plesk.page\/wp-content\/uploads\/2018\/06\/rl-dinner-abidraja-dwayneleslie.jpg\" alt=\"\" width=\"760\" height=\"506\" srcset=\"https:\/\/interamerica.org\/wp-content\/uploads\/2018\/06\/rl-dinner-abidraja-dwayneleslie.jpg 1000w, https:\/\/interamerica.org\/wp-content\/uploads\/2018\/06\/rl-dinner-abidraja-dwayneleslie-300x200.jpg 300w, https:\/\/interamerica.org\/wp-content\/uploads\/2018\/06\/rl-dinner-abidraja-dwayneleslie-768x511.jpg 768w\" sizes=\"(max-width: 760px) 100vw, 760px\" \/><p id=\"caption-attachment-42044\" class=\"wp-caption-text\">Abid Q. Raja, vicepresidente del Parlamento Noruego, y Dwayne Leslie, director de Asuntos Legislativos de la Iglesia Adventista y enlace con el Congreso de los Estados Unidos, comparten un momento de camarader\u00eda durante el evento del 22 de mayo de 2018. Fotograf\u00eda de Mylon Medley, Noticias de la Divisi\u00f3n Norteamericana<\/p><\/div>\n<p>Lincoln Steed, editor de la revista <em>Liberty <\/em>, que copatrocin\u00f3 la cena anual, se mostr\u00f3 de acuerdo. En referencia a Thomas Jefferson, uno de los Padres Fundadores de los Estados Unidos de Am\u00e9rica, cit\u00f3: \u201cEl Dios que nos dio la vida nos dio la libertad al mismo tiempo\u201d.<\/p>\n<p><strong>Desaf\u00edos y oportunidades actuales<\/strong><\/p>\n<p>Los tiempos para la libertad religiosa, sin embargo, son complejos, record\u00f3 Diop a los asistentes. \u201cPor un lado, se alaba la libertad religiosa como una libertad fundamental\u201d, dijo. \u201cAl mismo tiempo, la libertad religiosa es sujeta a una profunda deconstrucci\u00f3n. Algunos llegan a decir que la libertad religiosa podr\u00eda ser un c\u00f3digo para la discriminaci\u00f3n y, seg\u00fan algunos cr\u00edticos, es tan solo un medio para subyugar a los que viven en los pa\u00edses en desarrollo\u201d.<\/p>\n<p>Nuevos avances hacen un llamado a renovar los esfuerzos y las iniciativas en el \u00e1rea de libertad religiosa, dijeron los expertos. Una de esas iniciativas es el Panel Internacional de Parlamentarios por la Libertad Religiosa o de Creencia (IPPFoRB). La organizaci\u00f3n, que fue fundada por un peque\u00f1o grupo de funcionarios de cargos electivos en 2014, ha crecido hasta llegar a ser una red informal de 130 parlamentarios y legisladores de diversas partes del mundo que est\u00e1n comprometidos con la lucha contra la persecuci\u00f3n religiosa y el avance de la libertad religiosa o de creencia, seg\u00fan la define el Art\u00edculo 18 de la Declaraci\u00f3n de los Derechos Humanos de la Organizaci\u00f3n de las Naciones Unidas. Erdemir y Raja son dos de los miembros fundadores de la organizaci\u00f3n.<\/p>\n<p>Entre las numerosas iniciativas del IPPFoRB se encuentran dos conferencias internacionales \u2014en Nueva York y Berl\u00edn\u2014 y unas veinte cartas presentadas por integrantes de la organizaci\u00f3n ante gobiernos de pa\u00edses como Vietnam, Birmania, Corea del Norte e Indonesia.<\/p>\n<p>Al reflexionar sobre la cena de este a\u00f1o, Leslie concluy\u00f3 enfatizando su prop\u00f3sito general. \u201cAunque el estado de la libertad religiosa sigue deterior\u00e1ndose en muchas partes del mundo\u201d, dijo, \u201ceventos como la Cena de Libertad [Religiosa] pueden ser particularmente \u00fatiles para disparar nuevas conexiones y di\u00e1logos [\u2026] sobre c\u00f3mo colaborar de manera m\u00e1s efectiva e incrementar el impacto general de la narrativa de la libertad religiosa\u201d.<\/p>\n","protected":false},"excerpt":{"rendered":"<p>2 de junio de 2018 | Washington D.C., Estados Unidos | Marcos Paseggi, Adventist Review Los oradores en la reciente XVI Cena Anual de Libertad Religiosa en Washington D.C. hicieron&#8230;<\/p>\n","protected":false},"author":3,"featured_media":42049,"comment_status":"open","ping_status":"closed","sticky":false,"template":"","format":"standard","meta":{"_acf_changed":false,"footnotes":""},"categories":[14,15],"tags":[],"class_list":["post-42053","post","type-post","status-publish","format-standard","has-post-thumbnail","hentry","category-de-la-iglesia-mundial","category-rss-espanol"],"acf":[],"yoast_head":"<!-- This site is optimized with the Yoast SEO plugin v27.3 - https:\/\/yoast.com\/product\/yoast-seo-wordpress\/ -->\n<title>Defensores de la libertad religiosa son llamados a llegar m\u00e1s all\u00e1 de lo acostumbrado - Iglesia Adventista del S\u00e9ptimo D\u00eda - Divisi\u00f3n Interamericana<\/title>\n<meta name=\"robots\" content=\"index, follow, max-snippet:-1, max-image-preview:large, max-video-preview:-1\" \/>\n<link rel=\"canonical\" href=\"https:\/\/interamerica.org\/es\/2018\/06\/defensores-de-la-libertad-religiosa-son-llamados-a-llegar-mas-alla-de-lo-acostumbrado\/\" \/>\n<meta property=\"og:locale\" content=\"es_ES\" \/>\n<meta property=\"og:type\" content=\"article\" \/>\n<meta property=\"og:title\" content=\"Defensores de la libertad religiosa son llamados a llegar m\u00e1s all\u00e1 de lo acostumbrado - Iglesia Adventista del S\u00e9ptimo D\u00eda - Divisi\u00f3n Interamericana\" \/>\n<meta property=\"og:description\" content=\"2 de junio de 2018 | Washington D.C., Estados Unidos | Marcos Paseggi, Adventist Review Los oradores en la reciente XVI Cena Anual de Libertad Religiosa en Washington D.C. hicieron...\" \/>\n<meta property=\"og:url\" content=\"https:\/\/interamerica.org\/es\/2018\/06\/defensores-de-la-libertad-religiosa-son-llamados-a-llegar-mas-alla-de-lo-acostumbrado\/\" \/>\n<meta property=\"og:site_name\" content=\"Iglesia Adventista del S\u00e9ptimo D\u00eda - Divisi\u00f3n Interamericana\" \/>\n<meta property=\"article:published_time\" content=\"2018-06-05T15:00:16+00:00\" \/>\n<meta property=\"article:modified_time\" content=\"2018-06-05T15:20:36+00:00\" \/>\n<meta property=\"og:image\" content=\"https:\/\/interamerica.org\/wp-content\/uploads\/2018\/06\/religious-liberty-advocates-called-to-reach-out-beyond-comfort-zones1280.jpg\" \/>\n\t<meta property=\"og:image:width\" content=\"1280\" \/>\n\t<meta property=\"og:image:height\" content=\"800\" \/>\n\t<meta property=\"og:image:type\" content=\"image\/jpeg\" \/>\n<meta name=\"author\" content=\"libna\" \/>\n<meta name=\"twitter:card\" content=\"summary_large_image\" \/>\n<meta name=\"twitter:label1\" content=\"Escrito por\" \/>\n\t<meta name=\"twitter:data1\" content=\"libna\" \/>\n\t<meta name=\"twitter:label2\" content=\"Tiempo de lectura\" \/>\n\t<meta name=\"twitter:data2\" content=\"8 minutos\" \/>\n<script type=\"application\/ld+json\" class=\"yoast-schema-graph\">{\"@context\":\"https:\\\/\\\/schema.org\",\"@graph\":[{\"@type\":\"Article\",\"@id\":\"https:\\\/\\\/interamerica.org\\\/es\\\/2018\\\/06\\\/defensores-de-la-libertad-religiosa-son-llamados-a-llegar-mas-alla-de-lo-acostumbrado\\\/#article\",\"isPartOf\":{\"@id\":\"https:\\\/\\\/interamerica.org\\\/es\\\/2018\\\/06\\\/defensores-de-la-libertad-religiosa-son-llamados-a-llegar-mas-alla-de-lo-acostumbrado\\\/\"},\"author\":{\"name\":\"libna\",\"@id\":\"https:\\\/\\\/interamerica.org\\\/es\\\/#\\\/schema\\\/person\\\/29998f2bc2d8bd0d38662909289b54f1\"},\"headline\":\"Defensores de la libertad religiosa son llamados a llegar m\u00e1s all\u00e1 de lo acostumbrado\",\"datePublished\":\"2018-06-05T15:00:16+00:00\",\"dateModified\":\"2018-06-05T15:20:36+00:00\",\"mainEntityOfPage\":{\"@id\":\"https:\\\/\\\/interamerica.org\\\/es\\\/2018\\\/06\\\/defensores-de-la-libertad-religiosa-son-llamados-a-llegar-mas-alla-de-lo-acostumbrado\\\/\"},\"wordCount\":1706,\"commentCount\":0,\"image\":{\"@id\":\"https:\\\/\\\/interamerica.org\\\/es\\\/2018\\\/06\\\/defensores-de-la-libertad-religiosa-son-llamados-a-llegar-mas-alla-de-lo-acostumbrado\\\/#primaryimage\"},\"thumbnailUrl\":\"https:\\\/\\\/interamerica.org\\\/wp-content\\\/uploads\\\/2018\\\/06\\\/religious-liberty-advocates-called-to-reach-out-beyond-comfort-zones1280.jpg\",\"articleSection\":[\"Desde la iglesia mundial\",\"RSS Espa\u00f1ol\"],\"inLanguage\":\"es\",\"potentialAction\":[{\"@type\":\"CommentAction\",\"name\":\"Comment\",\"target\":[\"https:\\\/\\\/interamerica.org\\\/es\\\/2018\\\/06\\\/defensores-de-la-libertad-religiosa-son-llamados-a-llegar-mas-alla-de-lo-acostumbrado\\\/#respond\"]}]},{\"@type\":\"WebPage\",\"@id\":\"https:\\\/\\\/interamerica.org\\\/es\\\/2018\\\/06\\\/defensores-de-la-libertad-religiosa-son-llamados-a-llegar-mas-alla-de-lo-acostumbrado\\\/\",\"url\":\"https:\\\/\\\/interamerica.org\\\/es\\\/2018\\\/06\\\/defensores-de-la-libertad-religiosa-son-llamados-a-llegar-mas-alla-de-lo-acostumbrado\\\/\",\"name\":\"Defensores de la libertad religiosa son llamados a llegar m\u00e1s all\u00e1 de lo acostumbrado - Iglesia Adventista del S\u00e9ptimo D\u00eda - Divisi\u00f3n Interamericana\",\"isPartOf\":{\"@id\":\"https:\\\/\\\/interamerica.org\\\/es\\\/#website\"},\"primaryImageOfPage\":{\"@id\":\"https:\\\/\\\/interamerica.org\\\/es\\\/2018\\\/06\\\/defensores-de-la-libertad-religiosa-son-llamados-a-llegar-mas-alla-de-lo-acostumbrado\\\/#primaryimage\"},\"image\":{\"@id\":\"https:\\\/\\\/interamerica.org\\\/es\\\/2018\\\/06\\\/defensores-de-la-libertad-religiosa-son-llamados-a-llegar-mas-alla-de-lo-acostumbrado\\\/#primaryimage\"},\"thumbnailUrl\":\"https:\\\/\\\/interamerica.org\\\/wp-content\\\/uploads\\\/2018\\\/06\\\/religious-liberty-advocates-called-to-reach-out-beyond-comfort-zones1280.jpg\",\"datePublished\":\"2018-06-05T15:00:16+00:00\",\"dateModified\":\"2018-06-05T15:20:36+00:00\",\"author\":{\"@id\":\"https:\\\/\\\/interamerica.org\\\/es\\\/#\\\/schema\\\/person\\\/29998f2bc2d8bd0d38662909289b54f1\"},\"breadcrumb\":{\"@id\":\"https:\\\/\\\/interamerica.org\\\/es\\\/2018\\\/06\\\/defensores-de-la-libertad-religiosa-son-llamados-a-llegar-mas-alla-de-lo-acostumbrado\\\/#breadcrumb\"},\"inLanguage\":\"es\",\"potentialAction\":[{\"@type\":\"ReadAction\",\"target\":[\"https:\\\/\\\/interamerica.org\\\/es\\\/2018\\\/06\\\/defensores-de-la-libertad-religiosa-son-llamados-a-llegar-mas-alla-de-lo-acostumbrado\\\/\"]}]},{\"@type\":\"ImageObject\",\"inLanguage\":\"es\",\"@id\":\"https:\\\/\\\/interamerica.org\\\/es\\\/2018\\\/06\\\/defensores-de-la-libertad-religiosa-son-llamados-a-llegar-mas-alla-de-lo-acostumbrado\\\/#primaryimage\",\"url\":\"https:\\\/\\\/interamerica.org\\\/wp-content\\\/uploads\\\/2018\\\/06\\\/religious-liberty-advocates-called-to-reach-out-beyond-comfort-zones1280.jpg\",\"contentUrl\":\"https:\\\/\\\/interamerica.org\\\/wp-content\\\/uploads\\\/2018\\\/06\\\/religious-liberty-advocates-called-to-reach-out-beyond-comfort-zones1280.jpg\",\"width\":1280,\"height\":800},{\"@type\":\"BreadcrumbList\",\"@id\":\"https:\\\/\\\/interamerica.org\\\/es\\\/2018\\\/06\\\/defensores-de-la-libertad-religiosa-son-llamados-a-llegar-mas-alla-de-lo-acostumbrado\\\/#breadcrumb\",\"itemListElement\":[{\"@type\":\"ListItem\",\"position\":1,\"name\":\"Home\",\"item\":\"https:\\\/\\\/interamerica.org\\\/es\\\/\"},{\"@type\":\"ListItem\",\"position\":2,\"name\":\"Defensores de la libertad religiosa son llamados a llegar m\u00e1s all\u00e1 de lo acostumbrado\"}]},{\"@type\":\"WebSite\",\"@id\":\"https:\\\/\\\/interamerica.org\\\/es\\\/#website\",\"url\":\"https:\\\/\\\/interamerica.org\\\/es\\\/\",\"name\":\"Iglesia Adventista del S\u00e9ptimo D\u00eda - Divisi\u00f3n Interamericana\",\"description\":\"\",\"potentialAction\":[{\"@type\":\"SearchAction\",\"target\":{\"@type\":\"EntryPoint\",\"urlTemplate\":\"https:\\\/\\\/interamerica.org\\\/es\\\/?s={search_term_string}\"},\"query-input\":{\"@type\":\"PropertyValueSpecification\",\"valueRequired\":true,\"valueName\":\"search_term_string\"}}],\"inLanguage\":\"es\"},{\"@type\":\"Person\",\"@id\":\"https:\\\/\\\/interamerica.org\\\/es\\\/#\\\/schema\\\/person\\\/29998f2bc2d8bd0d38662909289b54f1\",\"name\":\"libna\",\"image\":{\"@type\":\"ImageObject\",\"inLanguage\":\"es\",\"@id\":\"https:\\\/\\\/secure.gravatar.com\\\/avatar\\\/7c5bd30ae4b47a9ba3c856590957fd1d96dc588bf3ac05719d247e126840331f?s=96&d=mm&r=g\",\"url\":\"https:\\\/\\\/secure.gravatar.com\\\/avatar\\\/7c5bd30ae4b47a9ba3c856590957fd1d96dc588bf3ac05719d247e126840331f?s=96&d=mm&r=g\",\"contentUrl\":\"https:\\\/\\\/secure.gravatar.com\\\/avatar\\\/7c5bd30ae4b47a9ba3c856590957fd1d96dc588bf3ac05719d247e126840331f?s=96&d=mm&r=g\",\"caption\":\"libna\"}}]}<\/script>\n<!-- \/ Yoast SEO plugin. -->","yoast_head_json":{"title":"Defensores de la libertad religiosa son llamados a llegar m\u00e1s all\u00e1 de lo acostumbrado - Iglesia Adventista del S\u00e9ptimo D\u00eda - Divisi\u00f3n Interamericana","robots":{"index":"index","follow":"follow","max-snippet":"max-snippet:-1","max-image-preview":"max-image-preview:large","max-video-preview":"max-video-preview:-1"},"canonical":"https:\/\/interamerica.org\/es\/2018\/06\/defensores-de-la-libertad-religiosa-son-llamados-a-llegar-mas-alla-de-lo-acostumbrado\/","og_locale":"es_ES","og_type":"article","og_title":"Defensores de la libertad religiosa son llamados a llegar m\u00e1s all\u00e1 de lo acostumbrado - Iglesia Adventista del S\u00e9ptimo D\u00eda - Divisi\u00f3n Interamericana","og_description":"2 de junio de 2018 | Washington D.C., Estados Unidos | Marcos Paseggi, Adventist Review Los oradores en la reciente XVI Cena Anual de Libertad Religiosa en Washington D.C. hicieron...","og_url":"https:\/\/interamerica.org\/es\/2018\/06\/defensores-de-la-libertad-religiosa-son-llamados-a-llegar-mas-alla-de-lo-acostumbrado\/","og_site_name":"Iglesia Adventista del S\u00e9ptimo D\u00eda - Divisi\u00f3n Interamericana","article_published_time":"2018-06-05T15:00:16+00:00","article_modified_time":"2018-06-05T15:20:36+00:00","og_image":[{"width":1280,"height":800,"url":"https:\/\/interamerica.org\/wp-content\/uploads\/2018\/06\/religious-liberty-advocates-called-to-reach-out-beyond-comfort-zones1280.jpg","type":"image\/jpeg"}],"author":"libna","twitter_card":"summary_large_image","twitter_misc":{"Escrito por":"libna","Tiempo de lectura":"8 minutos"},"schema":{"@context":"https:\/\/schema.org","@graph":[{"@type":"Article","@id":"https:\/\/interamerica.org\/es\/2018\/06\/defensores-de-la-libertad-religiosa-son-llamados-a-llegar-mas-alla-de-lo-acostumbrado\/#article","isPartOf":{"@id":"https:\/\/interamerica.org\/es\/2018\/06\/defensores-de-la-libertad-religiosa-son-llamados-a-llegar-mas-alla-de-lo-acostumbrado\/"},"author":{"name":"libna","@id":"https:\/\/interamerica.org\/es\/#\/schema\/person\/29998f2bc2d8bd0d38662909289b54f1"},"headline":"Defensores de la libertad religiosa son llamados a llegar m\u00e1s all\u00e1 de lo acostumbrado","datePublished":"2018-06-05T15:00:16+00:00","dateModified":"2018-06-05T15:20:36+00:00","mainEntityOfPage":{"@id":"https:\/\/interamerica.org\/es\/2018\/06\/defensores-de-la-libertad-religiosa-son-llamados-a-llegar-mas-alla-de-lo-acostumbrado\/"},"wordCount":1706,"commentCount":0,"image":{"@id":"https:\/\/interamerica.org\/es\/2018\/06\/defensores-de-la-libertad-religiosa-son-llamados-a-llegar-mas-alla-de-lo-acostumbrado\/#primaryimage"},"thumbnailUrl":"https:\/\/interamerica.org\/wp-content\/uploads\/2018\/06\/religious-liberty-advocates-called-to-reach-out-beyond-comfort-zones1280.jpg","articleSection":["Desde la iglesia mundial","RSS Espa\u00f1ol"],"inLanguage":"es","potentialAction":[{"@type":"CommentAction","name":"Comment","target":["https:\/\/interamerica.org\/es\/2018\/06\/defensores-de-la-libertad-religiosa-son-llamados-a-llegar-mas-alla-de-lo-acostumbrado\/#respond"]}]},{"@type":"WebPage","@id":"https:\/\/interamerica.org\/es\/2018\/06\/defensores-de-la-libertad-religiosa-son-llamados-a-llegar-mas-alla-de-lo-acostumbrado\/","url":"https:\/\/interamerica.org\/es\/2018\/06\/defensores-de-la-libertad-religiosa-son-llamados-a-llegar-mas-alla-de-lo-acostumbrado\/","name":"Defensores de la libertad religiosa son llamados a llegar m\u00e1s all\u00e1 de lo acostumbrado - Iglesia Adventista del S\u00e9ptimo D\u00eda - Divisi\u00f3n Interamericana","isPartOf":{"@id":"https:\/\/interamerica.org\/es\/#website"},"primaryImageOfPage":{"@id":"https:\/\/interamerica.org\/es\/2018\/06\/defensores-de-la-libertad-religiosa-son-llamados-a-llegar-mas-alla-de-lo-acostumbrado\/#primaryimage"},"image":{"@id":"https:\/\/interamerica.org\/es\/2018\/06\/defensores-de-la-libertad-religiosa-son-llamados-a-llegar-mas-alla-de-lo-acostumbrado\/#primaryimage"},"thumbnailUrl":"https:\/\/interamerica.org\/wp-content\/uploads\/2018\/06\/religious-liberty-advocates-called-to-reach-out-beyond-comfort-zones1280.jpg","datePublished":"2018-06-05T15:00:16+00:00","dateModified":"2018-06-05T15:20:36+00:00","author":{"@id":"https:\/\/interamerica.org\/es\/#\/schema\/person\/29998f2bc2d8bd0d38662909289b54f1"},"breadcrumb":{"@id":"https:\/\/interamerica.org\/es\/2018\/06\/defensores-de-la-libertad-religiosa-son-llamados-a-llegar-mas-alla-de-lo-acostumbrado\/#breadcrumb"},"inLanguage":"es","potentialAction":[{"@type":"ReadAction","target":["https:\/\/interamerica.org\/es\/2018\/06\/defensores-de-la-libertad-religiosa-son-llamados-a-llegar-mas-alla-de-lo-acostumbrado\/"]}]},{"@type":"ImageObject","inLanguage":"es","@id":"https:\/\/interamerica.org\/es\/2018\/06\/defensores-de-la-libertad-religiosa-son-llamados-a-llegar-mas-alla-de-lo-acostumbrado\/#primaryimage","url":"https:\/\/interamerica.org\/wp-content\/uploads\/2018\/06\/religious-liberty-advocates-called-to-reach-out-beyond-comfort-zones1280.jpg","contentUrl":"https:\/\/interamerica.org\/wp-content\/uploads\/2018\/06\/religious-liberty-advocates-called-to-reach-out-beyond-comfort-zones1280.jpg","width":1280,"height":800},{"@type":"BreadcrumbList","@id":"https:\/\/interamerica.org\/es\/2018\/06\/defensores-de-la-libertad-religiosa-son-llamados-a-llegar-mas-alla-de-lo-acostumbrado\/#breadcrumb","itemListElement":[{"@type":"ListItem","position":1,"name":"Home","item":"https:\/\/interamerica.org\/es\/"},{"@type":"ListItem","position":2,"name":"Defensores de la libertad religiosa son llamados a llegar m\u00e1s all\u00e1 de lo acostumbrado"}]},{"@type":"WebSite","@id":"https:\/\/interamerica.org\/es\/#website","url":"https:\/\/interamerica.org\/es\/","name":"Iglesia Adventista del S\u00e9ptimo D\u00eda - Divisi\u00f3n Interamericana","description":"","potentialAction":[{"@type":"SearchAction","target":{"@type":"EntryPoint","urlTemplate":"https:\/\/interamerica.org\/es\/?s={search_term_string}"},"query-input":{"@type":"PropertyValueSpecification","valueRequired":true,"valueName":"search_term_string"}}],"inLanguage":"es"},{"@type":"Person","@id":"https:\/\/interamerica.org\/es\/#\/schema\/person\/29998f2bc2d8bd0d38662909289b54f1","name":"libna","image":{"@type":"ImageObject","inLanguage":"es","@id":"https:\/\/secure.gravatar.com\/avatar\/7c5bd30ae4b47a9ba3c856590957fd1d96dc588bf3ac05719d247e126840331f?s=96&d=mm&r=g","url":"https:\/\/secure.gravatar.com\/avatar\/7c5bd30ae4b47a9ba3c856590957fd1d96dc588bf3ac05719d247e126840331f?s=96&d=mm&r=g","contentUrl":"https:\/\/secure.gravatar.com\/avatar\/7c5bd30ae4b47a9ba3c856590957fd1d96dc588bf3ac05719d247e126840331f?s=96&d=mm&r=g","caption":"libna"}}]}},"_links":{"self":[{"href":"https:\/\/interamerica.org\/es\/wp-json\/wp\/v2\/posts\/42053","targetHints":{"allow":["GET"]}}],"collection":[{"href":"https:\/\/interamerica.org\/es\/wp-json\/wp\/v2\/posts"}],"about":[{"href":"https:\/\/interamerica.org\/es\/wp-json\/wp\/v2\/types\/post"}],"author":[{"embeddable":true,"href":"https:\/\/interamerica.org\/es\/wp-json\/wp\/v2\/users\/3"}],"replies":[{"embeddable":true,"href":"https:\/\/interamerica.org\/es\/wp-json\/wp\/v2\/comments?post=42053"}],"version-history":[{"count":0,"href":"https:\/\/interamerica.org\/es\/wp-json\/wp\/v2\/posts\/42053\/revisions"}],"wp:featuredmedia":[{"embeddable":true,"href":"https:\/\/interamerica.org\/es\/wp-json\/wp\/v2\/media\/42049"}],"wp:attachment":[{"href":"https:\/\/interamerica.org\/es\/wp-json\/wp\/v2\/media?parent=42053"}],"wp:term":[{"taxonomy":"category","embeddable":true,"href":"https:\/\/interamerica.org\/es\/wp-json\/wp\/v2\/categories?post=42053"},{"taxonomy":"post_tag","embeddable":true,"href":"https:\/\/interamerica.org\/es\/wp-json\/wp\/v2\/tags?post=42053"}],"curies":[{"name":"wp","href":"https:\/\/api.w.org\/{rel}","templated":true}]}}