{"id":42107,"date":"2018-06-06T22:00:39","date_gmt":"2018-06-07T02:00:39","guid":{"rendered":"https:\/\/recursing-golick.147-182-135-0.plesk.page\/?p=42107"},"modified":"2018-06-07T06:35:07","modified_gmt":"2018-06-07T10:35:07","slug":"adra-ayuda-a-familias-afectadas-por-las-recientes-erupciones-volcanicas-en-guatemala","status":"publish","type":"post","link":"https:\/\/interamerica.org\/es\/2018\/06\/adra-ayuda-a-familias-afectadas-por-las-recientes-erupciones-volcanicas-en-guatemala\/","title":{"rendered":"ADRA ayuda a familias afectadas por las recientes erupciones volc\u00e1nicas en Guatemala"},"content":{"rendered":"<div id=\"attachment_42065\" style=\"width: 769px\" class=\"wp-caption aligncenter\"><img fetchpriority=\"high\" decoding=\"async\" aria-describedby=\"caption-attachment-42065\" class=\" wp-image-42065\" src=\"https:\/\/recursing-golick.147-182-135-0.plesk.page\/wp-content\/uploads\/2018\/06\/guate-volcano-rescuers-1024x576.jpg\" alt=\"\" width=\"759\" height=\"427\" srcset=\"https:\/\/interamerica.org\/wp-content\/uploads\/2018\/06\/guate-volcano-rescuers-1024x576.jpg 1024w, https:\/\/interamerica.org\/wp-content\/uploads\/2018\/06\/guate-volcano-rescuers-300x169.jpg 300w, https:\/\/interamerica.org\/wp-content\/uploads\/2018\/06\/guate-volcano-rescuers-768x432.jpg 768w, https:\/\/interamerica.org\/wp-content\/uploads\/2018\/06\/guate-volcano-rescuers.jpg 1920w\" sizes=\"(max-width: 759px) 100vw, 759px\" \/><p id=\"caption-attachment-42065\" class=\"wp-caption-text\">Voluntarios de ADRA distribuyen agua a un equipo de respuesta a emergencias en una comunidad cubierta de lava y cenizas en Escuintla en la regi\u00f3n central sur de Guatemala, horas despu\u00e9s de que el Volc\u00e1n de Fuego erupcion\u00f3 y cubri\u00f3 casas, provocando la muerte de decenas de personas el 3 de junio de 2018. Fotograf\u00eda de ADRA Guatemala<\/p><\/div>\n<p>6 de junio de 2018 \u2013 Escuintla, Escuintla, Guatemala | Libna Stevens\/DIA<\/p>\n<p>La Agencia Adventista de Desarrollo y Recursos Asistenciales (ADRA) en Guatemala, con la ayuda de sus miembros de iglesia voluntarios, contin\u00faa distribuyendo agua y alimentos a las familias desplazadas por las mort\u00edferas erupciones de un volc\u00e1n en la regi\u00f3n central sur de Guatemala. El Volc\u00e1n de Fuego comenz\u00f3 a vomitar lava y cenizas el 3 de junio, cubriendo poblaciones y provocando la muerte de m\u00e1s de 75 personas y la desaparici\u00f3n de m\u00e1s de otras 200, informaron las autoridades del gobierno.<\/p>\n<p>M\u00e1s de 1,7 millones de personas se han visto afectadas por la erupci\u00f3n. M\u00e1s de 3000 personas fueron evacuadas, y m\u00e1s de 2600 personas se encuentran en refugios. Cientos m\u00e1s han quedado atrapadas en sus hogares de las comunidades rurales de Escuintla, Alotenango, Sacatep\u00e9quez, Yepocapa y Chimaltenango.<\/p>\n<div id=\"attachment_42081\" style=\"width: 770px\" class=\"wp-caption aligncenter\"><img decoding=\"async\" aria-describedby=\"caption-attachment-42081\" class=\" wp-image-42081\" src=\"https:\/\/recursing-golick.147-182-135-0.plesk.page\/wp-content\/uploads\/2018\/06\/guate-adra-visitinghomes.jpg\" alt=\"\" width=\"760\" height=\"569\" srcset=\"https:\/\/interamerica.org\/wp-content\/uploads\/2018\/06\/guate-adra-visitinghomes.jpg 900w, https:\/\/interamerica.org\/wp-content\/uploads\/2018\/06\/guate-adra-visitinghomes-300x225.jpg 300w, https:\/\/interamerica.org\/wp-content\/uploads\/2018\/06\/guate-adra-visitinghomes-768x575.jpg 768w\" sizes=\"(max-width: 760px) 100vw, 760px\" \/><p id=\"caption-attachment-42081\" class=\"wp-caption-text\">Voluntarios de ADRA visitan un hogar en la aldea de Escuintla, animando a sus residentes a que busquen un refugio m\u00e1s seguro de las erupciones del volc\u00e1n. Fotograf\u00eda de ADRA Guatemala<\/p><\/div>\n<p>\u201cDesde el primer d\u00eda en que erupcion\u00f3 el volc\u00e1n, nuestro equipo local de respuesta a emergencias se reuni\u00f3 con las autoridades locales para visitar las aldeas afectadas cerca del volc\u00e1n, para animar a las personas para que busquen un refugio seguro\u201d, dijo Gustavo Men\u00e9ndez, director de ADRA Guatemala, que ha estado coordinando la respuesta de ADRA desde la Ciudad de Guatemala City, a unos 63 kil\u00f3metros de Escuintla.<\/p>\n<p>\u201cNuestra principal preocupaci\u00f3n es animar a las personas para que busquen refugio, aunque cientos temen que perder\u00e1n todas sus pertenencias si dejan sus hogares\u201d, dijo Men\u00e9ndez.<\/p>\n<p>Hasta el momento, se han distribuido tres camiones con agua, alimentos, mantas y art\u00edculos de higiene personal en refugios, todos recolectados en iglesias de varias regiones de la iglesia en Guatemala, dijo Men\u00e9ndez.<\/p>\n<p>Los l\u00edderes de la iglesia informaron que 124 familias adventistas se han visto afectadas. Unas 101 familias de ese grupo perdieron sus cosechas, 6 perdieron sus casas, y 17 familias tuvieron que ser evacuadas. El Fondo de Respuesta a Emergencias de la Divisi\u00f3n Interamericana ha desembolsado fondos para ayudar a las familias.<\/p>\n<p>Se seguir\u00e1n recolectando prendas de vestir, alimentos, agua, mantas y art\u00edculos de higiene en las iglesias de las ocho asociaciones y misiones de Guatemala, y se espera que otros tres camiones distribuyan art\u00edculos para el fin de la semana, para ayudar a los que se encuentran en refugios, a\u00f1adi\u00f3 Men\u00e9ndez.<\/p>\n<div id=\"attachment_42074\" style=\"width: 771px\" class=\"wp-caption aligncenter\"><img decoding=\"async\" aria-describedby=\"caption-attachment-42074\" class=\" wp-image-42074\" src=\"https:\/\/recursing-golick.147-182-135-0.plesk.page\/wp-content\/uploads\/2018\/06\/guate-volcano-villages-assistance-1024x576.jpg\" alt=\"\" width=\"761\" height=\"428\" srcset=\"https:\/\/interamerica.org\/wp-content\/uploads\/2018\/06\/guate-volcano-villages-assistance-1024x576.jpg 1024w, https:\/\/interamerica.org\/wp-content\/uploads\/2018\/06\/guate-volcano-villages-assistance-300x169.jpg 300w, https:\/\/interamerica.org\/wp-content\/uploads\/2018\/06\/guate-volcano-villages-assistance-768x432.jpg 768w, https:\/\/interamerica.org\/wp-content\/uploads\/2018\/06\/guate-volcano-villages-assistance.jpg 1920w\" sizes=\"(max-width: 761px) 100vw, 761px\" \/><p id=\"caption-attachment-42074\" class=\"wp-caption-text\">Un miembro de iglesia voluntario distribuye un saco de art\u00edculos en Escuintla, Guatemala, hace unos d\u00edas. Fotograf\u00eda de ADRA Guatemala<\/p><\/div>\n<p>En los pr\u00f3ximos d\u00edas ADRA Guatemala se dedicar\u00e1 a atender a unas 1500 familias que han perdido sus cosechas en las comunidades rurales de San Miguel los Lotes, El Rodeo y La Reina, en el Departamento de Escuintla, con racionamiento de alimentos y art\u00edculos de higiene, dijo Men\u00e9ndez.<\/p>\n<p>\u201cSe dar\u00e1 especial atenci\u00f3n a las madres solas y los discapacitados, como as\u00ed tambi\u00e9n a los ancianos de esas comunidades\u201d, dijo Men\u00e9ndez.<\/p>\n<p>Asimismo, ADRA Internacional est\u00e1 comprometida en brindar fondos para ayudar a las familias a reconstruir sus vidas despu\u00e9s de atender sus necesidades b\u00e1sicas en coordinaci\u00f3n con la sede local de ADRA Guatemala, dijo Men\u00e9ndez. \u201cLes llevar\u00e1 m\u00e1s de un a\u00f1o a estas familias cultivar los pl\u00e1tanos, el caf\u00e9, las pi\u00f1as y otros cultivos para ganarse el sustento, de manera que necesitamos ayudarlos a recuperar su situaci\u00f3n econ\u00f3mica\u201d.<\/p>\n<div id=\"attachment_42084\" style=\"width: 770px\" class=\"wp-caption aligncenter\"><img loading=\"lazy\" decoding=\"async\" aria-describedby=\"caption-attachment-42084\" class=\" wp-image-42084\" src=\"https:\/\/recursing-golick.147-182-135-0.plesk.page\/wp-content\/uploads\/2018\/06\/guate-adra-volunteer-group.jpg\" alt=\"\" width=\"760\" height=\"475\" srcset=\"https:\/\/interamerica.org\/wp-content\/uploads\/2018\/06\/guate-adra-volunteer-group.jpg 1000w, https:\/\/interamerica.org\/wp-content\/uploads\/2018\/06\/guate-adra-volunteer-group-300x188.jpg 300w, https:\/\/interamerica.org\/wp-content\/uploads\/2018\/06\/guate-adra-volunteer-group-768x480.jpg 768w\" sizes=\"(max-width: 760px) 100vw, 760px\" \/><p id=\"caption-attachment-42084\" class=\"wp-caption-text\">Un grupo de voluntarios posan para una fotograf\u00eda antes de seleccionar alimentos y agua para familias desplazadas en las comunidades rurales cerca del Volc\u00e1n de Fuego en la regi\u00f3n central sur de Guatemala. Fotograf\u00eda de la Misi\u00f3n del Lago<\/p><\/div>\n<p>En otros lugares dentro de la red global de ADRA, se han enviado fondos desde ADRA Divisi\u00f3n Sudamericana, as\u00ed como de M\u00e9xico y El Salvador, a\u00f1adi\u00f3 Men\u00e9ndez.<\/p>\n<p>Para saber m\u00e1s de ADRA Guatemala y de la ayuda de la Iglesia Adventista a los afectados por las erupciones del Volc\u00e1n de Fuego, visite <a href=\"mailto:https:\/\/www.facebook.com\/AdventistasGUA\/\">AdventistasGUA on Facebook<\/a><\/p>\n<p>&nbsp;<\/p>\n<p>Traducci\u00f3n de Marcos Paseggi<\/p>\n","protected":false},"excerpt":{"rendered":"<p>6 de junio de 2018 \u2013 Escuintla, Escuintla, Guatemala | Libna Stevens\/DIA La Agencia Adventista de Desarrollo y Recursos Asistenciales (ADRA) en Guatemala, con la ayuda de sus miembros de&#8230;<\/p>\n","protected":false},"author":3,"featured_media":42080,"comment_status":"open","ping_status":"closed","sticky":false,"template":"","format":"standard","meta":{"_acf_changed":false,"footnotes":""},"categories":[17,15],"tags":[],"class_list":["post-42107","post","type-post","status-publish","format-standard","has-post-thumbnail","hentry","category-desde-el-campo","category-rss-espanol"],"acf":[],"yoast_head":"<!-- This site is optimized with the Yoast SEO plugin v27.3 - https:\/\/yoast.com\/product\/yoast-seo-wordpress\/ -->\n<title>ADRA ayuda a familias afectadas por las recientes erupciones volc\u00e1nicas en Guatemala - Iglesia Adventista del S\u00e9ptimo D\u00eda - Divisi\u00f3n Interamericana<\/title>\n<meta name=\"robots\" content=\"index, follow, max-snippet:-1, max-image-preview:large, max-video-preview:-1\" \/>\n<link rel=\"canonical\" href=\"https:\/\/interamerica.org\/es\/2018\/06\/adra-ayuda-a-familias-afectadas-por-las-recientes-erupciones-volcanicas-en-guatemala\/\" \/>\n<meta property=\"og:locale\" content=\"es_ES\" \/>\n<meta property=\"og:type\" content=\"article\" \/>\n<meta property=\"og:title\" content=\"ADRA ayuda a familias afectadas por las recientes erupciones volc\u00e1nicas en Guatemala - Iglesia Adventista del S\u00e9ptimo D\u00eda - Divisi\u00f3n Interamericana\" \/>\n<meta property=\"og:description\" content=\"6 de junio de 2018 \u2013 Escuintla, Escuintla, Guatemala | Libna Stevens\/DIA La Agencia Adventista de Desarrollo y Recursos Asistenciales (ADRA) en Guatemala, con la ayuda de sus miembros de...\" \/>\n<meta property=\"og:url\" content=\"https:\/\/interamerica.org\/es\/2018\/06\/adra-ayuda-a-familias-afectadas-por-las-recientes-erupciones-volcanicas-en-guatemala\/\" \/>\n<meta property=\"og:site_name\" content=\"Iglesia Adventista del S\u00e9ptimo D\u00eda - Divisi\u00f3n Interamericana\" \/>\n<meta property=\"article:published_time\" content=\"2018-06-07T02:00:39+00:00\" \/>\n<meta property=\"article:modified_time\" content=\"2018-06-07T10:35:07+00:00\" \/>\n<meta property=\"og:image\" content=\"https:\/\/interamerica.org\/wp-content\/uploads\/2018\/06\/guate-volcano-rescuers1280.jpg\" \/>\n\t<meta property=\"og:image:width\" content=\"1728\" \/>\n\t<meta property=\"og:image:height\" content=\"1080\" \/>\n\t<meta property=\"og:image:type\" content=\"image\/jpeg\" \/>\n<meta name=\"author\" content=\"libna\" \/>\n<meta name=\"twitter:card\" content=\"summary_large_image\" \/>\n<meta name=\"twitter:label1\" content=\"Escrito por\" \/>\n\t<meta name=\"twitter:data1\" content=\"libna\" \/>\n\t<meta name=\"twitter:label2\" content=\"Tiempo de lectura\" \/>\n\t<meta name=\"twitter:data2\" content=\"4 minutos\" \/>\n<script type=\"application\/ld+json\" class=\"yoast-schema-graph\">{\"@context\":\"https:\\\/\\\/schema.org\",\"@graph\":[{\"@type\":\"Article\",\"@id\":\"https:\\\/\\\/interamerica.org\\\/es\\\/2018\\\/06\\\/adra-ayuda-a-familias-afectadas-por-las-recientes-erupciones-volcanicas-en-guatemala\\\/#article\",\"isPartOf\":{\"@id\":\"https:\\\/\\\/interamerica.org\\\/es\\\/2018\\\/06\\\/adra-ayuda-a-familias-afectadas-por-las-recientes-erupciones-volcanicas-en-guatemala\\\/\"},\"author\":{\"name\":\"libna\",\"@id\":\"https:\\\/\\\/interamerica.org\\\/es\\\/#\\\/schema\\\/person\\\/29998f2bc2d8bd0d38662909289b54f1\"},\"headline\":\"ADRA ayuda a familias afectadas por las recientes erupciones volc\u00e1nicas en Guatemala\",\"datePublished\":\"2018-06-07T02:00:39+00:00\",\"dateModified\":\"2018-06-07T10:35:07+00:00\",\"mainEntityOfPage\":{\"@id\":\"https:\\\/\\\/interamerica.org\\\/es\\\/2018\\\/06\\\/adra-ayuda-a-familias-afectadas-por-las-recientes-erupciones-volcanicas-en-guatemala\\\/\"},\"wordCount\":808,\"commentCount\":0,\"image\":{\"@id\":\"https:\\\/\\\/interamerica.org\\\/es\\\/2018\\\/06\\\/adra-ayuda-a-familias-afectadas-por-las-recientes-erupciones-volcanicas-en-guatemala\\\/#primaryimage\"},\"thumbnailUrl\":\"https:\\\/\\\/interamerica.org\\\/wp-content\\\/uploads\\\/2018\\\/06\\\/guate-volcano-rescuers1280.jpg\",\"articleSection\":[\"Desde el campo\",\"RSS Espa\u00f1ol\"],\"inLanguage\":\"es\",\"potentialAction\":[{\"@type\":\"CommentAction\",\"name\":\"Comment\",\"target\":[\"https:\\\/\\\/interamerica.org\\\/es\\\/2018\\\/06\\\/adra-ayuda-a-familias-afectadas-por-las-recientes-erupciones-volcanicas-en-guatemala\\\/#respond\"]}]},{\"@type\":\"WebPage\",\"@id\":\"https:\\\/\\\/interamerica.org\\\/es\\\/2018\\\/06\\\/adra-ayuda-a-familias-afectadas-por-las-recientes-erupciones-volcanicas-en-guatemala\\\/\",\"url\":\"https:\\\/\\\/interamerica.org\\\/es\\\/2018\\\/06\\\/adra-ayuda-a-familias-afectadas-por-las-recientes-erupciones-volcanicas-en-guatemala\\\/\",\"name\":\"ADRA ayuda a familias afectadas por las recientes erupciones volc\u00e1nicas en Guatemala - Iglesia Adventista del S\u00e9ptimo D\u00eda - Divisi\u00f3n Interamericana\",\"isPartOf\":{\"@id\":\"https:\\\/\\\/interamerica.org\\\/es\\\/#website\"},\"primaryImageOfPage\":{\"@id\":\"https:\\\/\\\/interamerica.org\\\/es\\\/2018\\\/06\\\/adra-ayuda-a-familias-afectadas-por-las-recientes-erupciones-volcanicas-en-guatemala\\\/#primaryimage\"},\"image\":{\"@id\":\"https:\\\/\\\/interamerica.org\\\/es\\\/2018\\\/06\\\/adra-ayuda-a-familias-afectadas-por-las-recientes-erupciones-volcanicas-en-guatemala\\\/#primaryimage\"},\"thumbnailUrl\":\"https:\\\/\\\/interamerica.org\\\/wp-content\\\/uploads\\\/2018\\\/06\\\/guate-volcano-rescuers1280.jpg\",\"datePublished\":\"2018-06-07T02:00:39+00:00\",\"dateModified\":\"2018-06-07T10:35:07+00:00\",\"author\":{\"@id\":\"https:\\\/\\\/interamerica.org\\\/es\\\/#\\\/schema\\\/person\\\/29998f2bc2d8bd0d38662909289b54f1\"},\"breadcrumb\":{\"@id\":\"https:\\\/\\\/interamerica.org\\\/es\\\/2018\\\/06\\\/adra-ayuda-a-familias-afectadas-por-las-recientes-erupciones-volcanicas-en-guatemala\\\/#breadcrumb\"},\"inLanguage\":\"es\",\"potentialAction\":[{\"@type\":\"ReadAction\",\"target\":[\"https:\\\/\\\/interamerica.org\\\/es\\\/2018\\\/06\\\/adra-ayuda-a-familias-afectadas-por-las-recientes-erupciones-volcanicas-en-guatemala\\\/\"]}]},{\"@type\":\"ImageObject\",\"inLanguage\":\"es\",\"@id\":\"https:\\\/\\\/interamerica.org\\\/es\\\/2018\\\/06\\\/adra-ayuda-a-familias-afectadas-por-las-recientes-erupciones-volcanicas-en-guatemala\\\/#primaryimage\",\"url\":\"https:\\\/\\\/interamerica.org\\\/wp-content\\\/uploads\\\/2018\\\/06\\\/guate-volcano-rescuers1280.jpg\",\"contentUrl\":\"https:\\\/\\\/interamerica.org\\\/wp-content\\\/uploads\\\/2018\\\/06\\\/guate-volcano-rescuers1280.jpg\",\"width\":1728,\"height\":1080},{\"@type\":\"BreadcrumbList\",\"@id\":\"https:\\\/\\\/interamerica.org\\\/es\\\/2018\\\/06\\\/adra-ayuda-a-familias-afectadas-por-las-recientes-erupciones-volcanicas-en-guatemala\\\/#breadcrumb\",\"itemListElement\":[{\"@type\":\"ListItem\",\"position\":1,\"name\":\"Home\",\"item\":\"https:\\\/\\\/interamerica.org\\\/es\\\/\"},{\"@type\":\"ListItem\",\"position\":2,\"name\":\"ADRA ayuda a familias afectadas por las recientes erupciones volc\u00e1nicas en Guatemala\"}]},{\"@type\":\"WebSite\",\"@id\":\"https:\\\/\\\/interamerica.org\\\/es\\\/#website\",\"url\":\"https:\\\/\\\/interamerica.org\\\/es\\\/\",\"name\":\"Iglesia Adventista del S\u00e9ptimo D\u00eda - Divisi\u00f3n Interamericana\",\"description\":\"\",\"potentialAction\":[{\"@type\":\"SearchAction\",\"target\":{\"@type\":\"EntryPoint\",\"urlTemplate\":\"https:\\\/\\\/interamerica.org\\\/es\\\/?s={search_term_string}\"},\"query-input\":{\"@type\":\"PropertyValueSpecification\",\"valueRequired\":true,\"valueName\":\"search_term_string\"}}],\"inLanguage\":\"es\"},{\"@type\":\"Person\",\"@id\":\"https:\\\/\\\/interamerica.org\\\/es\\\/#\\\/schema\\\/person\\\/29998f2bc2d8bd0d38662909289b54f1\",\"name\":\"libna\",\"image\":{\"@type\":\"ImageObject\",\"inLanguage\":\"es\",\"@id\":\"https:\\\/\\\/secure.gravatar.com\\\/avatar\\\/7c5bd30ae4b47a9ba3c856590957fd1d96dc588bf3ac05719d247e126840331f?s=96&d=mm&r=g\",\"url\":\"https:\\\/\\\/secure.gravatar.com\\\/avatar\\\/7c5bd30ae4b47a9ba3c856590957fd1d96dc588bf3ac05719d247e126840331f?s=96&d=mm&r=g\",\"contentUrl\":\"https:\\\/\\\/secure.gravatar.com\\\/avatar\\\/7c5bd30ae4b47a9ba3c856590957fd1d96dc588bf3ac05719d247e126840331f?s=96&d=mm&r=g\",\"caption\":\"libna\"}}]}<\/script>\n<!-- \/ Yoast SEO plugin. -->","yoast_head_json":{"title":"ADRA ayuda a familias afectadas por las recientes erupciones volc\u00e1nicas en Guatemala - Iglesia Adventista del S\u00e9ptimo D\u00eda - Divisi\u00f3n Interamericana","robots":{"index":"index","follow":"follow","max-snippet":"max-snippet:-1","max-image-preview":"max-image-preview:large","max-video-preview":"max-video-preview:-1"},"canonical":"https:\/\/interamerica.org\/es\/2018\/06\/adra-ayuda-a-familias-afectadas-por-las-recientes-erupciones-volcanicas-en-guatemala\/","og_locale":"es_ES","og_type":"article","og_title":"ADRA ayuda a familias afectadas por las recientes erupciones volc\u00e1nicas en Guatemala - Iglesia Adventista del S\u00e9ptimo D\u00eda - Divisi\u00f3n Interamericana","og_description":"6 de junio de 2018 \u2013 Escuintla, Escuintla, Guatemala | Libna Stevens\/DIA La Agencia Adventista de Desarrollo y Recursos Asistenciales (ADRA) en Guatemala, con la ayuda de sus miembros de...","og_url":"https:\/\/interamerica.org\/es\/2018\/06\/adra-ayuda-a-familias-afectadas-por-las-recientes-erupciones-volcanicas-en-guatemala\/","og_site_name":"Iglesia Adventista del S\u00e9ptimo D\u00eda - Divisi\u00f3n Interamericana","article_published_time":"2018-06-07T02:00:39+00:00","article_modified_time":"2018-06-07T10:35:07+00:00","og_image":[{"width":1728,"height":1080,"url":"https:\/\/interamerica.org\/wp-content\/uploads\/2018\/06\/guate-volcano-rescuers1280.jpg","type":"image\/jpeg"}],"author":"libna","twitter_card":"summary_large_image","twitter_misc":{"Escrito por":"libna","Tiempo de lectura":"4 minutos"},"schema":{"@context":"https:\/\/schema.org","@graph":[{"@type":"Article","@id":"https:\/\/interamerica.org\/es\/2018\/06\/adra-ayuda-a-familias-afectadas-por-las-recientes-erupciones-volcanicas-en-guatemala\/#article","isPartOf":{"@id":"https:\/\/interamerica.org\/es\/2018\/06\/adra-ayuda-a-familias-afectadas-por-las-recientes-erupciones-volcanicas-en-guatemala\/"},"author":{"name":"libna","@id":"https:\/\/interamerica.org\/es\/#\/schema\/person\/29998f2bc2d8bd0d38662909289b54f1"},"headline":"ADRA ayuda a familias afectadas por las recientes erupciones volc\u00e1nicas en Guatemala","datePublished":"2018-06-07T02:00:39+00:00","dateModified":"2018-06-07T10:35:07+00:00","mainEntityOfPage":{"@id":"https:\/\/interamerica.org\/es\/2018\/06\/adra-ayuda-a-familias-afectadas-por-las-recientes-erupciones-volcanicas-en-guatemala\/"},"wordCount":808,"commentCount":0,"image":{"@id":"https:\/\/interamerica.org\/es\/2018\/06\/adra-ayuda-a-familias-afectadas-por-las-recientes-erupciones-volcanicas-en-guatemala\/#primaryimage"},"thumbnailUrl":"https:\/\/interamerica.org\/wp-content\/uploads\/2018\/06\/guate-volcano-rescuers1280.jpg","articleSection":["Desde el campo","RSS Espa\u00f1ol"],"inLanguage":"es","potentialAction":[{"@type":"CommentAction","name":"Comment","target":["https:\/\/interamerica.org\/es\/2018\/06\/adra-ayuda-a-familias-afectadas-por-las-recientes-erupciones-volcanicas-en-guatemala\/#respond"]}]},{"@type":"WebPage","@id":"https:\/\/interamerica.org\/es\/2018\/06\/adra-ayuda-a-familias-afectadas-por-las-recientes-erupciones-volcanicas-en-guatemala\/","url":"https:\/\/interamerica.org\/es\/2018\/06\/adra-ayuda-a-familias-afectadas-por-las-recientes-erupciones-volcanicas-en-guatemala\/","name":"ADRA ayuda a familias afectadas por las recientes erupciones volc\u00e1nicas en Guatemala - Iglesia Adventista del S\u00e9ptimo D\u00eda - Divisi\u00f3n Interamericana","isPartOf":{"@id":"https:\/\/interamerica.org\/es\/#website"},"primaryImageOfPage":{"@id":"https:\/\/interamerica.org\/es\/2018\/06\/adra-ayuda-a-familias-afectadas-por-las-recientes-erupciones-volcanicas-en-guatemala\/#primaryimage"},"image":{"@id":"https:\/\/interamerica.org\/es\/2018\/06\/adra-ayuda-a-familias-afectadas-por-las-recientes-erupciones-volcanicas-en-guatemala\/#primaryimage"},"thumbnailUrl":"https:\/\/interamerica.org\/wp-content\/uploads\/2018\/06\/guate-volcano-rescuers1280.jpg","datePublished":"2018-06-07T02:00:39+00:00","dateModified":"2018-06-07T10:35:07+00:00","author":{"@id":"https:\/\/interamerica.org\/es\/#\/schema\/person\/29998f2bc2d8bd0d38662909289b54f1"},"breadcrumb":{"@id":"https:\/\/interamerica.org\/es\/2018\/06\/adra-ayuda-a-familias-afectadas-por-las-recientes-erupciones-volcanicas-en-guatemala\/#breadcrumb"},"inLanguage":"es","potentialAction":[{"@type":"ReadAction","target":["https:\/\/interamerica.org\/es\/2018\/06\/adra-ayuda-a-familias-afectadas-por-las-recientes-erupciones-volcanicas-en-guatemala\/"]}]},{"@type":"ImageObject","inLanguage":"es","@id":"https:\/\/interamerica.org\/es\/2018\/06\/adra-ayuda-a-familias-afectadas-por-las-recientes-erupciones-volcanicas-en-guatemala\/#primaryimage","url":"https:\/\/interamerica.org\/wp-content\/uploads\/2018\/06\/guate-volcano-rescuers1280.jpg","contentUrl":"https:\/\/interamerica.org\/wp-content\/uploads\/2018\/06\/guate-volcano-rescuers1280.jpg","width":1728,"height":1080},{"@type":"BreadcrumbList","@id":"https:\/\/interamerica.org\/es\/2018\/06\/adra-ayuda-a-familias-afectadas-por-las-recientes-erupciones-volcanicas-en-guatemala\/#breadcrumb","itemListElement":[{"@type":"ListItem","position":1,"name":"Home","item":"https:\/\/interamerica.org\/es\/"},{"@type":"ListItem","position":2,"name":"ADRA ayuda a familias afectadas por las recientes erupciones volc\u00e1nicas en Guatemala"}]},{"@type":"WebSite","@id":"https:\/\/interamerica.org\/es\/#website","url":"https:\/\/interamerica.org\/es\/","name":"Iglesia Adventista del S\u00e9ptimo D\u00eda - Divisi\u00f3n Interamericana","description":"","potentialAction":[{"@type":"SearchAction","target":{"@type":"EntryPoint","urlTemplate":"https:\/\/interamerica.org\/es\/?s={search_term_string}"},"query-input":{"@type":"PropertyValueSpecification","valueRequired":true,"valueName":"search_term_string"}}],"inLanguage":"es"},{"@type":"Person","@id":"https:\/\/interamerica.org\/es\/#\/schema\/person\/29998f2bc2d8bd0d38662909289b54f1","name":"libna","image":{"@type":"ImageObject","inLanguage":"es","@id":"https:\/\/secure.gravatar.com\/avatar\/7c5bd30ae4b47a9ba3c856590957fd1d96dc588bf3ac05719d247e126840331f?s=96&d=mm&r=g","url":"https:\/\/secure.gravatar.com\/avatar\/7c5bd30ae4b47a9ba3c856590957fd1d96dc588bf3ac05719d247e126840331f?s=96&d=mm&r=g","contentUrl":"https:\/\/secure.gravatar.com\/avatar\/7c5bd30ae4b47a9ba3c856590957fd1d96dc588bf3ac05719d247e126840331f?s=96&d=mm&r=g","caption":"libna"}}]}},"_links":{"self":[{"href":"https:\/\/interamerica.org\/es\/wp-json\/wp\/v2\/posts\/42107","targetHints":{"allow":["GET"]}}],"collection":[{"href":"https:\/\/interamerica.org\/es\/wp-json\/wp\/v2\/posts"}],"about":[{"href":"https:\/\/interamerica.org\/es\/wp-json\/wp\/v2\/types\/post"}],"author":[{"embeddable":true,"href":"https:\/\/interamerica.org\/es\/wp-json\/wp\/v2\/users\/3"}],"replies":[{"embeddable":true,"href":"https:\/\/interamerica.org\/es\/wp-json\/wp\/v2\/comments?post=42107"}],"version-history":[{"count":0,"href":"https:\/\/interamerica.org\/es\/wp-json\/wp\/v2\/posts\/42107\/revisions"}],"wp:featuredmedia":[{"embeddable":true,"href":"https:\/\/interamerica.org\/es\/wp-json\/wp\/v2\/media\/42080"}],"wp:attachment":[{"href":"https:\/\/interamerica.org\/es\/wp-json\/wp\/v2\/media?parent=42107"}],"wp:term":[{"taxonomy":"category","embeddable":true,"href":"https:\/\/interamerica.org\/es\/wp-json\/wp\/v2\/categories?post=42107"},{"taxonomy":"post_tag","embeddable":true,"href":"https:\/\/interamerica.org\/es\/wp-json\/wp\/v2\/tags?post=42107"}],"curies":[{"name":"wp","href":"https:\/\/api.w.org\/{rel}","templated":true}]}}