{"id":42146,"date":"2018-06-12T22:13:20","date_gmt":"2018-06-13T02:13:20","guid":{"rendered":"https:\/\/recursing-golick.147-182-135-0.plesk.page\/?p=42146"},"modified":"2018-06-13T09:13:06","modified_gmt":"2018-06-13T13:13:06","slug":"adra-colabora-para-capacitar-a-los-prestadores-de-salud-mental-en-san-martin-neerlandesa","status":"publish","type":"post","link":"https:\/\/interamerica.org\/es\/2018\/06\/adra-colabora-para-capacitar-a-los-prestadores-de-salud-mental-en-san-martin-neerlandesa\/","title":{"rendered":"ADRA colabora para capacitar a los prestadores de salud mental en San Mart\u00edn neerlandesa"},"content":{"rendered":"<div id=\"attachment_42137\" style=\"width: 770px\" class=\"wp-caption aligncenter\"><img fetchpriority=\"high\" decoding=\"async\" aria-describedby=\"caption-attachment-42137\" class=\" wp-image-42137\" src=\"https:\/\/recursing-golick.147-182-135-0.plesk.page\/wp-content\/uploads\/2018\/06\/stmaarten-adra-trained1280-1024x640.jpg\" alt=\"\" width=\"760\" height=\"475\" srcset=\"https:\/\/interamerica.org\/wp-content\/uploads\/2018\/06\/stmaarten-adra-trained1280-1024x640.jpg 1024w, https:\/\/interamerica.org\/wp-content\/uploads\/2018\/06\/stmaarten-adra-trained1280-300x188.jpg 300w, https:\/\/interamerica.org\/wp-content\/uploads\/2018\/06\/stmaarten-adra-trained1280-768x480.jpg 768w, https:\/\/interamerica.org\/wp-content\/uploads\/2018\/06\/stmaarten-adra-trained1280.jpg 1280w\" sizes=\"(max-width: 760px) 100vw, 760px\" \/><p id=\"caption-attachment-42137\" class=\"wp-caption-text\">El Equipo Internacional de Intervenci\u00f3n en Salud de la Conducta de la Universidad de Loma Linda, su par de Trinidad and Tobago, y los l\u00edderes de ADRA Caribe y prestadores de salud mental en la isla de San Mart\u00edn neerlandesa posan para una fotograf\u00eda durante la capacitaci\u00f3n psicosocial llevada a cabo en Philipsburg, del 8 al 9 de mayo de 2018. Fotograf\u00eda por cortes\u00eda de la Asociaci\u00f3n Norte\u00f1a del Caribe<\/p><\/div>\n<p>12 de junio de 2018 | Santa Cruz, Islas V\u00edrgenes de los Estados Unidos | Asociaci\u00f3n Norte\u00f1a del Caribe\/Divisi\u00f3n Interamericana<\/p>\n<p>La Agencia Adventista de Desarrollo y Recursos Asistenciales (ADRA) en el Caribe fue uno de los organizadores hace poco de una capacitaci\u00f3n psicosocial para profesionales de salud mental en la isla de San Mart\u00edn neerlandesa, para ayudar a desarrollar la resiliencia en la comunidad, en momentos en que la isla sigue recuper\u00e1ndose de tres huracanes que la azotaron el a\u00f1o pasado. La capacitaci\u00f3n se convirti\u00f3 en la tercera mayor intervenci\u00f3n de ADRA en la isla, dijeron los l\u00edderes de ADRA.<\/p>\n<p>M\u00e1s del 80 por ciento de los hogares de la isla a\u00fan est\u00e1n da\u00f1ados y est\u00e1n cubiertos con lonas. Adem\u00e1s, la reconstrucci\u00f3n ha sido lenta y la vida de las familias a\u00fan se ve alterada, de manera que se ha llamado a ADRA para apoyar la capacitaci\u00f3n, dijo Alexander Isaacs, director de ADRA Caribe.<\/p>\n<p>\u201cPoco despu\u00e9s de la devastaci\u00f3n de las tormentas, ADRA respondi\u00f3 con necesidades b\u00e1sicas tales como alimentos, agua, art\u00edculos de higiene, platos de comida en forma diaria durante meses, y el env\u00edo de otros art\u00edculos hasta fines de diciembre\u201d, dijo Isaacs. ADRA tambi\u00e9n coordin\u00f3 una capacitaci\u00f3n de un d\u00eda con el Equipo Internacional de Intervenci\u00f3n en Salud de la Conducta de la Universidad de Loma Linda, con psic\u00f3logos que ofrecieron servicios en varias instituciones educativas de la isla.<\/p>\n<p>La capacitaci\u00f3n de San Mart\u00edn reuni\u00f3 a m\u00e1s de 35 profesionales de la salud y la salud mental de varias organizaciones de gobierno y no gubernamentales. Fueron expuestos a la neurociencia de la resiliencia y al conjunto de habilidades que son necesarias para lograr estrategias positivas de afrontamiento.<\/p>\n<p>\u201cSe puede ver c\u00f3mo las personas afectadas siguen con la necesidad de una reconstrucci\u00f3n de sus vidas\u201d, dijo Isaacs. \u201cMuchos a\u00fan no tienen trabajo, y siguen sufriendo alteraciones en la vida diaria, por lo que ADRA sigue a disposici\u00f3n de ellos en San Mart\u00edn, para ayudarlos\u201d.<\/p>\n<p>ADRA Caribe coordin\u00f3 con el gobierno de San Mart\u00edn, el Equipo Internacional de Intervenci\u00f3n en Salud de la Conducta de la Universidad de Loma Linda, y su par de Trinidad and Tobago, un equipo de situaciones traum\u00e1ticas de salud entrenado por la Universidad de Loma Linda.<\/p>\n<p>Por su parte Emil Lee, ministro de Salud de San Mart\u00edn neerlandesa, felicit\u00f3 a ADRA por su apoyo a la isla a lo largo de los meses, y agradeci\u00f3 a la organizaci\u00f3n adventista por introducir el modelo de ADRA a la comunidad, uno que el gobierno planea implementar.<\/p>\n<p>\u201cCreemos que por medio de este trabajo conjunto, las familias se ver\u00e1n fortalecidas y estabilizadas, dado que muchas de ellas a\u00fan est\u00e1n sufriendo estr\u00e9s\u201d, dijo Ruth Douglas, coordinadora local de ADRA en San Mart\u00edn.<\/p>\n<p>La capacitaci\u00f3n incluy\u00f3 el uso de un modelo dise\u00f1ado psicol\u00f3gicamente, el Modelo de Resiliencia Comunitaria (CRM), que ense\u00f1a a los individuos a manejar mejor las situaciones de estr\u00e9s y traum\u00e1ticas de la vida al hacer uso de t\u00e9cnicas de cuidado personal que impiden que esas situaciones \u201catraquen\u201d el sistema nervioso, dijeron los organizadores.<\/p>\n<p>La capacitaci\u00f3n tambi\u00e9n ense\u00f1\u00f3 a los participantes que los beneficios inevitables de que se obtienen mediante el uso de t\u00e9cnicas de resiliencia que incluyen una fe mayor y un esfuerzo m\u00e1s marcado por ser buenos ciudadanos.<\/p>\n<p>Vashni Cuvalay, un pastor adventista que ha estado ayudando a coordinar con otros miembros de iglesia que trabajan como voluntarios en las islas despu\u00e9s de las tormentas, dijo que el car\u00e1cter pr\u00e1ctico de la capacitaci\u00f3n hace que sea f\u00e1cil ayudar a los ni\u00f1os y a las familias que est\u00e1n atravesando situaciones de estr\u00e9s despu\u00e9s de una cat\u00e1strofe.<\/p>\n<p>\u201cEsto ayudar\u00e1 a que la iglesia est\u00e9 capacitada para ayudar a los miembros y las familias necesitadas\u201d, dijo Cuvalay.<\/p>\n<p>Como resultado de la reciente capacitaci\u00f3n, el Ministerio de Salud P\u00fablica, Desarrollo Social y Trabajo se ha contactado con ADRA para programar el desarrollo mayor de capacidades dentro de unos meses, que estar\u00e1 dirigido a los profesionales locales que trabajan en el \u00e1rea de atenci\u00f3n psicol\u00f3gica, dijo Isaacs.<\/p>\n<p>El ministerio identificar\u00e1 un conjunto m\u00e1s amplio de psic\u00f3logos, psiquiatras, trabajadores sociales, enfermeras y otros prestadores similares para desarrollar las capacidades apropiadas de cuidado personal, lo que les permitir\u00e1 manejar mejor las necesidades de la poblaci\u00f3n a la que sirven.<\/p>\n<p>Han sido momentos muy dif\u00edciles para muchos residentes de las islas del Caribe, dijo Isaacs. ADRA seguir\u00e1 participando en proyectos en sociedad y ayudando a San Mart\u00edn todo lo que sea posible, para contribuir a la reconstrucci\u00f3n de la vida de la gente, dijo Isaacs.<\/p>\n<p>Para saber m\u00e1s del trabajo de ADRA en San Mart\u00edn y el resto de las islas de la Asociaci\u00f3n Norte del Caribe, visite <a href=\"mailto:http:\/\/www.northcaribbeanconference.org\/\">northcaribbeanconference.org<\/a><\/p>\n<p>&nbsp;<\/p>\n<p>Traducci\u00f3n de Marcos Paseggi<\/p>\n","protected":false},"excerpt":{"rendered":"<p>12 de junio de 2018 | Santa Cruz, Islas V\u00edrgenes de los Estados Unidos | Asociaci\u00f3n Norte\u00f1a del Caribe\/Divisi\u00f3n Interamericana La Agencia Adventista de Desarrollo y Recursos Asistenciales (ADRA) en&#8230;<\/p>\n","protected":false},"author":3,"featured_media":42138,"comment_status":"open","ping_status":"closed","sticky":false,"template":"","format":"standard","meta":{"_acf_changed":false,"footnotes":""},"categories":[17,15],"tags":[],"class_list":["post-42146","post","type-post","status-publish","format-standard","has-post-thumbnail","hentry","category-desde-el-campo","category-rss-espanol"],"acf":[],"yoast_head":"<!-- This site is optimized with the Yoast SEO plugin v27.3 - https:\/\/yoast.com\/product\/yoast-seo-wordpress\/ -->\n<title>ADRA colabora para capacitar a los prestadores de salud mental en San Mart\u00edn neerlandesa - Iglesia Adventista del S\u00e9ptimo D\u00eda - Divisi\u00f3n Interamericana<\/title>\n<meta name=\"robots\" content=\"index, follow, max-snippet:-1, max-image-preview:large, max-video-preview:-1\" \/>\n<link rel=\"canonical\" href=\"https:\/\/interamerica.org\/es\/2018\/06\/adra-colabora-para-capacitar-a-los-prestadores-de-salud-mental-en-san-martin-neerlandesa\/\" \/>\n<meta property=\"og:locale\" content=\"es_ES\" \/>\n<meta property=\"og:type\" content=\"article\" \/>\n<meta property=\"og:title\" content=\"ADRA colabora para capacitar a los prestadores de salud mental en San Mart\u00edn neerlandesa - Iglesia Adventista del S\u00e9ptimo D\u00eda - Divisi\u00f3n Interamericana\" \/>\n<meta property=\"og:description\" content=\"12 de junio de 2018 | Santa Cruz, Islas V\u00edrgenes de los Estados Unidos | Asociaci\u00f3n Norte\u00f1a del Caribe\/Divisi\u00f3n Interamericana La Agencia Adventista de Desarrollo y Recursos Asistenciales (ADRA) en...\" \/>\n<meta property=\"og:url\" content=\"https:\/\/interamerica.org\/es\/2018\/06\/adra-colabora-para-capacitar-a-los-prestadores-de-salud-mental-en-san-martin-neerlandesa\/\" \/>\n<meta property=\"og:site_name\" content=\"Iglesia Adventista del S\u00e9ptimo D\u00eda - Divisi\u00f3n Interamericana\" \/>\n<meta property=\"article:published_time\" content=\"2018-06-13T02:13:20+00:00\" \/>\n<meta property=\"article:modified_time\" content=\"2018-06-13T13:13:06+00:00\" \/>\n<meta property=\"og:image\" content=\"https:\/\/interamerica.org\/wp-content\/uploads\/2018\/06\/stmaarten-adra-trained1280.jpg\" \/>\n\t<meta property=\"og:image:width\" content=\"1280\" \/>\n\t<meta property=\"og:image:height\" content=\"800\" \/>\n\t<meta property=\"og:image:type\" content=\"image\/jpeg\" \/>\n<meta name=\"author\" content=\"libna\" \/>\n<meta name=\"twitter:card\" content=\"summary_large_image\" \/>\n<meta name=\"twitter:label1\" content=\"Escrito por\" \/>\n\t<meta name=\"twitter:data1\" content=\"libna\" \/>\n\t<meta name=\"twitter:label2\" content=\"Tiempo de lectura\" \/>\n\t<meta name=\"twitter:data2\" content=\"5 minutos\" \/>\n<script type=\"application\/ld+json\" class=\"yoast-schema-graph\">{\"@context\":\"https:\\\/\\\/schema.org\",\"@graph\":[{\"@type\":\"Article\",\"@id\":\"https:\\\/\\\/interamerica.org\\\/es\\\/2018\\\/06\\\/adra-colabora-para-capacitar-a-los-prestadores-de-salud-mental-en-san-martin-neerlandesa\\\/#article\",\"isPartOf\":{\"@id\":\"https:\\\/\\\/interamerica.org\\\/es\\\/2018\\\/06\\\/adra-colabora-para-capacitar-a-los-prestadores-de-salud-mental-en-san-martin-neerlandesa\\\/\"},\"author\":{\"name\":\"libna\",\"@id\":\"https:\\\/\\\/interamerica.org\\\/es\\\/#\\\/schema\\\/person\\\/29998f2bc2d8bd0d38662909289b54f1\"},\"headline\":\"ADRA colabora para capacitar a los prestadores de salud mental en San Mart\u00edn neerlandesa\",\"datePublished\":\"2018-06-13T02:13:20+00:00\",\"dateModified\":\"2018-06-13T13:13:06+00:00\",\"mainEntityOfPage\":{\"@id\":\"https:\\\/\\\/interamerica.org\\\/es\\\/2018\\\/06\\\/adra-colabora-para-capacitar-a-los-prestadores-de-salud-mental-en-san-martin-neerlandesa\\\/\"},\"wordCount\":958,\"commentCount\":0,\"image\":{\"@id\":\"https:\\\/\\\/interamerica.org\\\/es\\\/2018\\\/06\\\/adra-colabora-para-capacitar-a-los-prestadores-de-salud-mental-en-san-martin-neerlandesa\\\/#primaryimage\"},\"thumbnailUrl\":\"https:\\\/\\\/interamerica.org\\\/wp-content\\\/uploads\\\/2018\\\/06\\\/stmaarten-adra-trained1280.jpg\",\"articleSection\":[\"Desde el campo\",\"RSS Espa\u00f1ol\"],\"inLanguage\":\"es\",\"potentialAction\":[{\"@type\":\"CommentAction\",\"name\":\"Comment\",\"target\":[\"https:\\\/\\\/interamerica.org\\\/es\\\/2018\\\/06\\\/adra-colabora-para-capacitar-a-los-prestadores-de-salud-mental-en-san-martin-neerlandesa\\\/#respond\"]}]},{\"@type\":\"WebPage\",\"@id\":\"https:\\\/\\\/interamerica.org\\\/es\\\/2018\\\/06\\\/adra-colabora-para-capacitar-a-los-prestadores-de-salud-mental-en-san-martin-neerlandesa\\\/\",\"url\":\"https:\\\/\\\/interamerica.org\\\/es\\\/2018\\\/06\\\/adra-colabora-para-capacitar-a-los-prestadores-de-salud-mental-en-san-martin-neerlandesa\\\/\",\"name\":\"ADRA colabora para capacitar a los prestadores de salud mental en San Mart\u00edn neerlandesa - Iglesia Adventista del S\u00e9ptimo D\u00eda - Divisi\u00f3n Interamericana\",\"isPartOf\":{\"@id\":\"https:\\\/\\\/interamerica.org\\\/es\\\/#website\"},\"primaryImageOfPage\":{\"@id\":\"https:\\\/\\\/interamerica.org\\\/es\\\/2018\\\/06\\\/adra-colabora-para-capacitar-a-los-prestadores-de-salud-mental-en-san-martin-neerlandesa\\\/#primaryimage\"},\"image\":{\"@id\":\"https:\\\/\\\/interamerica.org\\\/es\\\/2018\\\/06\\\/adra-colabora-para-capacitar-a-los-prestadores-de-salud-mental-en-san-martin-neerlandesa\\\/#primaryimage\"},\"thumbnailUrl\":\"https:\\\/\\\/interamerica.org\\\/wp-content\\\/uploads\\\/2018\\\/06\\\/stmaarten-adra-trained1280.jpg\",\"datePublished\":\"2018-06-13T02:13:20+00:00\",\"dateModified\":\"2018-06-13T13:13:06+00:00\",\"author\":{\"@id\":\"https:\\\/\\\/interamerica.org\\\/es\\\/#\\\/schema\\\/person\\\/29998f2bc2d8bd0d38662909289b54f1\"},\"breadcrumb\":{\"@id\":\"https:\\\/\\\/interamerica.org\\\/es\\\/2018\\\/06\\\/adra-colabora-para-capacitar-a-los-prestadores-de-salud-mental-en-san-martin-neerlandesa\\\/#breadcrumb\"},\"inLanguage\":\"es\",\"potentialAction\":[{\"@type\":\"ReadAction\",\"target\":[\"https:\\\/\\\/interamerica.org\\\/es\\\/2018\\\/06\\\/adra-colabora-para-capacitar-a-los-prestadores-de-salud-mental-en-san-martin-neerlandesa\\\/\"]}]},{\"@type\":\"ImageObject\",\"inLanguage\":\"es\",\"@id\":\"https:\\\/\\\/interamerica.org\\\/es\\\/2018\\\/06\\\/adra-colabora-para-capacitar-a-los-prestadores-de-salud-mental-en-san-martin-neerlandesa\\\/#primaryimage\",\"url\":\"https:\\\/\\\/interamerica.org\\\/wp-content\\\/uploads\\\/2018\\\/06\\\/stmaarten-adra-trained1280.jpg\",\"contentUrl\":\"https:\\\/\\\/interamerica.org\\\/wp-content\\\/uploads\\\/2018\\\/06\\\/stmaarten-adra-trained1280.jpg\",\"width\":1280,\"height\":800,\"caption\":\"Photo courtesy of North Caribbean Conference\"},{\"@type\":\"BreadcrumbList\",\"@id\":\"https:\\\/\\\/interamerica.org\\\/es\\\/2018\\\/06\\\/adra-colabora-para-capacitar-a-los-prestadores-de-salud-mental-en-san-martin-neerlandesa\\\/#breadcrumb\",\"itemListElement\":[{\"@type\":\"ListItem\",\"position\":1,\"name\":\"Home\",\"item\":\"https:\\\/\\\/interamerica.org\\\/es\\\/\"},{\"@type\":\"ListItem\",\"position\":2,\"name\":\"ADRA colabora para capacitar a los prestadores de salud mental en San Mart\u00edn neerlandesa\"}]},{\"@type\":\"WebSite\",\"@id\":\"https:\\\/\\\/interamerica.org\\\/es\\\/#website\",\"url\":\"https:\\\/\\\/interamerica.org\\\/es\\\/\",\"name\":\"Iglesia Adventista del S\u00e9ptimo D\u00eda - Divisi\u00f3n Interamericana\",\"description\":\"\",\"potentialAction\":[{\"@type\":\"SearchAction\",\"target\":{\"@type\":\"EntryPoint\",\"urlTemplate\":\"https:\\\/\\\/interamerica.org\\\/es\\\/?s={search_term_string}\"},\"query-input\":{\"@type\":\"PropertyValueSpecification\",\"valueRequired\":true,\"valueName\":\"search_term_string\"}}],\"inLanguage\":\"es\"},{\"@type\":\"Person\",\"@id\":\"https:\\\/\\\/interamerica.org\\\/es\\\/#\\\/schema\\\/person\\\/29998f2bc2d8bd0d38662909289b54f1\",\"name\":\"libna\",\"image\":{\"@type\":\"ImageObject\",\"inLanguage\":\"es\",\"@id\":\"https:\\\/\\\/secure.gravatar.com\\\/avatar\\\/7c5bd30ae4b47a9ba3c856590957fd1d96dc588bf3ac05719d247e126840331f?s=96&d=mm&r=g\",\"url\":\"https:\\\/\\\/secure.gravatar.com\\\/avatar\\\/7c5bd30ae4b47a9ba3c856590957fd1d96dc588bf3ac05719d247e126840331f?s=96&d=mm&r=g\",\"contentUrl\":\"https:\\\/\\\/secure.gravatar.com\\\/avatar\\\/7c5bd30ae4b47a9ba3c856590957fd1d96dc588bf3ac05719d247e126840331f?s=96&d=mm&r=g\",\"caption\":\"libna\"}}]}<\/script>\n<!-- \/ Yoast SEO plugin. -->","yoast_head_json":{"title":"ADRA colabora para capacitar a los prestadores de salud mental en San Mart\u00edn neerlandesa - Iglesia Adventista del S\u00e9ptimo D\u00eda - Divisi\u00f3n Interamericana","robots":{"index":"index","follow":"follow","max-snippet":"max-snippet:-1","max-image-preview":"max-image-preview:large","max-video-preview":"max-video-preview:-1"},"canonical":"https:\/\/interamerica.org\/es\/2018\/06\/adra-colabora-para-capacitar-a-los-prestadores-de-salud-mental-en-san-martin-neerlandesa\/","og_locale":"es_ES","og_type":"article","og_title":"ADRA colabora para capacitar a los prestadores de salud mental en San Mart\u00edn neerlandesa - Iglesia Adventista del S\u00e9ptimo D\u00eda - Divisi\u00f3n Interamericana","og_description":"12 de junio de 2018 | Santa Cruz, Islas V\u00edrgenes de los Estados Unidos | Asociaci\u00f3n Norte\u00f1a del Caribe\/Divisi\u00f3n Interamericana La Agencia Adventista de Desarrollo y Recursos Asistenciales (ADRA) en...","og_url":"https:\/\/interamerica.org\/es\/2018\/06\/adra-colabora-para-capacitar-a-los-prestadores-de-salud-mental-en-san-martin-neerlandesa\/","og_site_name":"Iglesia Adventista del S\u00e9ptimo D\u00eda - Divisi\u00f3n Interamericana","article_published_time":"2018-06-13T02:13:20+00:00","article_modified_time":"2018-06-13T13:13:06+00:00","og_image":[{"width":1280,"height":800,"url":"https:\/\/interamerica.org\/wp-content\/uploads\/2018\/06\/stmaarten-adra-trained1280.jpg","type":"image\/jpeg"}],"author":"libna","twitter_card":"summary_large_image","twitter_misc":{"Escrito por":"libna","Tiempo de lectura":"5 minutos"},"schema":{"@context":"https:\/\/schema.org","@graph":[{"@type":"Article","@id":"https:\/\/interamerica.org\/es\/2018\/06\/adra-colabora-para-capacitar-a-los-prestadores-de-salud-mental-en-san-martin-neerlandesa\/#article","isPartOf":{"@id":"https:\/\/interamerica.org\/es\/2018\/06\/adra-colabora-para-capacitar-a-los-prestadores-de-salud-mental-en-san-martin-neerlandesa\/"},"author":{"name":"libna","@id":"https:\/\/interamerica.org\/es\/#\/schema\/person\/29998f2bc2d8bd0d38662909289b54f1"},"headline":"ADRA colabora para capacitar a los prestadores de salud mental en San Mart\u00edn neerlandesa","datePublished":"2018-06-13T02:13:20+00:00","dateModified":"2018-06-13T13:13:06+00:00","mainEntityOfPage":{"@id":"https:\/\/interamerica.org\/es\/2018\/06\/adra-colabora-para-capacitar-a-los-prestadores-de-salud-mental-en-san-martin-neerlandesa\/"},"wordCount":958,"commentCount":0,"image":{"@id":"https:\/\/interamerica.org\/es\/2018\/06\/adra-colabora-para-capacitar-a-los-prestadores-de-salud-mental-en-san-martin-neerlandesa\/#primaryimage"},"thumbnailUrl":"https:\/\/interamerica.org\/wp-content\/uploads\/2018\/06\/stmaarten-adra-trained1280.jpg","articleSection":["Desde el campo","RSS Espa\u00f1ol"],"inLanguage":"es","potentialAction":[{"@type":"CommentAction","name":"Comment","target":["https:\/\/interamerica.org\/es\/2018\/06\/adra-colabora-para-capacitar-a-los-prestadores-de-salud-mental-en-san-martin-neerlandesa\/#respond"]}]},{"@type":"WebPage","@id":"https:\/\/interamerica.org\/es\/2018\/06\/adra-colabora-para-capacitar-a-los-prestadores-de-salud-mental-en-san-martin-neerlandesa\/","url":"https:\/\/interamerica.org\/es\/2018\/06\/adra-colabora-para-capacitar-a-los-prestadores-de-salud-mental-en-san-martin-neerlandesa\/","name":"ADRA colabora para capacitar a los prestadores de salud mental en San Mart\u00edn neerlandesa - Iglesia Adventista del S\u00e9ptimo D\u00eda - Divisi\u00f3n Interamericana","isPartOf":{"@id":"https:\/\/interamerica.org\/es\/#website"},"primaryImageOfPage":{"@id":"https:\/\/interamerica.org\/es\/2018\/06\/adra-colabora-para-capacitar-a-los-prestadores-de-salud-mental-en-san-martin-neerlandesa\/#primaryimage"},"image":{"@id":"https:\/\/interamerica.org\/es\/2018\/06\/adra-colabora-para-capacitar-a-los-prestadores-de-salud-mental-en-san-martin-neerlandesa\/#primaryimage"},"thumbnailUrl":"https:\/\/interamerica.org\/wp-content\/uploads\/2018\/06\/stmaarten-adra-trained1280.jpg","datePublished":"2018-06-13T02:13:20+00:00","dateModified":"2018-06-13T13:13:06+00:00","author":{"@id":"https:\/\/interamerica.org\/es\/#\/schema\/person\/29998f2bc2d8bd0d38662909289b54f1"},"breadcrumb":{"@id":"https:\/\/interamerica.org\/es\/2018\/06\/adra-colabora-para-capacitar-a-los-prestadores-de-salud-mental-en-san-martin-neerlandesa\/#breadcrumb"},"inLanguage":"es","potentialAction":[{"@type":"ReadAction","target":["https:\/\/interamerica.org\/es\/2018\/06\/adra-colabora-para-capacitar-a-los-prestadores-de-salud-mental-en-san-martin-neerlandesa\/"]}]},{"@type":"ImageObject","inLanguage":"es","@id":"https:\/\/interamerica.org\/es\/2018\/06\/adra-colabora-para-capacitar-a-los-prestadores-de-salud-mental-en-san-martin-neerlandesa\/#primaryimage","url":"https:\/\/interamerica.org\/wp-content\/uploads\/2018\/06\/stmaarten-adra-trained1280.jpg","contentUrl":"https:\/\/interamerica.org\/wp-content\/uploads\/2018\/06\/stmaarten-adra-trained1280.jpg","width":1280,"height":800,"caption":"Photo courtesy of North Caribbean Conference"},{"@type":"BreadcrumbList","@id":"https:\/\/interamerica.org\/es\/2018\/06\/adra-colabora-para-capacitar-a-los-prestadores-de-salud-mental-en-san-martin-neerlandesa\/#breadcrumb","itemListElement":[{"@type":"ListItem","position":1,"name":"Home","item":"https:\/\/interamerica.org\/es\/"},{"@type":"ListItem","position":2,"name":"ADRA colabora para capacitar a los prestadores de salud mental en San Mart\u00edn neerlandesa"}]},{"@type":"WebSite","@id":"https:\/\/interamerica.org\/es\/#website","url":"https:\/\/interamerica.org\/es\/","name":"Iglesia Adventista del S\u00e9ptimo D\u00eda - Divisi\u00f3n Interamericana","description":"","potentialAction":[{"@type":"SearchAction","target":{"@type":"EntryPoint","urlTemplate":"https:\/\/interamerica.org\/es\/?s={search_term_string}"},"query-input":{"@type":"PropertyValueSpecification","valueRequired":true,"valueName":"search_term_string"}}],"inLanguage":"es"},{"@type":"Person","@id":"https:\/\/interamerica.org\/es\/#\/schema\/person\/29998f2bc2d8bd0d38662909289b54f1","name":"libna","image":{"@type":"ImageObject","inLanguage":"es","@id":"https:\/\/secure.gravatar.com\/avatar\/7c5bd30ae4b47a9ba3c856590957fd1d96dc588bf3ac05719d247e126840331f?s=96&d=mm&r=g","url":"https:\/\/secure.gravatar.com\/avatar\/7c5bd30ae4b47a9ba3c856590957fd1d96dc588bf3ac05719d247e126840331f?s=96&d=mm&r=g","contentUrl":"https:\/\/secure.gravatar.com\/avatar\/7c5bd30ae4b47a9ba3c856590957fd1d96dc588bf3ac05719d247e126840331f?s=96&d=mm&r=g","caption":"libna"}}]}},"_links":{"self":[{"href":"https:\/\/interamerica.org\/es\/wp-json\/wp\/v2\/posts\/42146","targetHints":{"allow":["GET"]}}],"collection":[{"href":"https:\/\/interamerica.org\/es\/wp-json\/wp\/v2\/posts"}],"about":[{"href":"https:\/\/interamerica.org\/es\/wp-json\/wp\/v2\/types\/post"}],"author":[{"embeddable":true,"href":"https:\/\/interamerica.org\/es\/wp-json\/wp\/v2\/users\/3"}],"replies":[{"embeddable":true,"href":"https:\/\/interamerica.org\/es\/wp-json\/wp\/v2\/comments?post=42146"}],"version-history":[{"count":0,"href":"https:\/\/interamerica.org\/es\/wp-json\/wp\/v2\/posts\/42146\/revisions"}],"wp:featuredmedia":[{"embeddable":true,"href":"https:\/\/interamerica.org\/es\/wp-json\/wp\/v2\/media\/42138"}],"wp:attachment":[{"href":"https:\/\/interamerica.org\/es\/wp-json\/wp\/v2\/media?parent=42146"}],"wp:term":[{"taxonomy":"category","embeddable":true,"href":"https:\/\/interamerica.org\/es\/wp-json\/wp\/v2\/categories?post=42146"},{"taxonomy":"post_tag","embeddable":true,"href":"https:\/\/interamerica.org\/es\/wp-json\/wp\/v2\/tags?post=42146"}],"curies":[{"name":"wp","href":"https:\/\/api.w.org\/{rel}","templated":true}]}}