{"id":42185,"date":"2018-06-14T14:03:56","date_gmt":"2018-06-14T18:03:56","guid":{"rendered":"https:\/\/recursing-golick.147-182-135-0.plesk.page\/?p=42185"},"modified":"2018-06-18T09:42:03","modified_gmt":"2018-06-18T13:42:03","slug":"la-escuela-de-enfermeria-celebra-el-hito-de-su-graduado-numero-10000","status":"publish","type":"post","link":"https:\/\/interamerica.org\/es\/2018\/06\/la-escuela-de-enfermeria-celebra-el-hito-de-su-graduado-numero-10000\/","title":{"rendered":"La Escuela de Enfermer\u00eda celebra el hito de su graduado n\u00famero 10,000"},"content":{"rendered":"<div id=\"attachment_42162\" style=\"width: 772px\" class=\"wp-caption aligncenter\"><img fetchpriority=\"high\" decoding=\"async\" aria-describedby=\"caption-attachment-42162\" class=\"wp-image-42162\" src=\"https:\/\/recursing-golick.147-182-135-0.plesk.page\/wp-content\/uploads\/2018\/06\/school-of-nursing-celebrates-milestone-of-10000-graduates.jpg\" alt=\"\" width=\"762\" height=\"381\" srcset=\"https:\/\/interamerica.org\/wp-content\/uploads\/2018\/06\/school-of-nursing-celebrates-milestone-of-10000-graduates.jpg 1000w, https:\/\/interamerica.org\/wp-content\/uploads\/2018\/06\/school-of-nursing-celebrates-milestone-of-10000-graduates-300x150.jpg 300w, https:\/\/interamerica.org\/wp-content\/uploads\/2018\/06\/school-of-nursing-celebrates-milestone-of-10000-graduates-768x384.jpg 768w\" sizes=\"(max-width: 762px) 100vw, 762px\" \/><p id=\"caption-attachment-42162\" class=\"wp-caption-text\">Uno de los 210 estudiantes de enfermer\u00eda de la clase de graduandos de enfermer\u00eda 2018, de la Universidad Loma Linda. Esta escuela, fundada en 1905, gradu\u00f3 su estudiante n\u00famero 10,000 este a\u00f1o. Imagen cortes\u00eda de Loma Linda University News<\/p><\/div>\n<p>12 de junio de 2018 | Loma Linda, California, Estados Unidos | Heather Reifsnyder, Loma Linda University News<\/p>\n<p>Una explosi\u00f3n de fuegos pirot\u00e9cnicos digitales acompa\u00f1\u00f3 a Alyssa Vega mientras avanzaba por el escenario para recibir su diploma de la Escuela de Enfermer\u00eda de la Universidad Loma Linda (LLU), durante la ceremonia de graduaci\u00f3n, el 10 de junio. Alyssa Vega se convirti\u00f3 en la graduanda n\u00famero 10,000 de la Escuela de Enfermer\u00eda, adem\u00e1s de recibir su Licenciatura en Ciencias en la especialidad de Enfermer\u00eda.<\/p>\n<p>La clase de graduandos 2018, compuesta por 210 estudiantes que recibieron licenciaturas, maestr\u00edas o t\u00edtulos doctorales, constituye la clase n\u00famero 112 que grad\u00faa de la Escuela de Enfermer\u00eda, la cual fue fundada en 1905 y es la escuela m\u00e1s antigua de la Universidad Loma Linda, una instituci\u00f3n de la iglesia adventista del s\u00e9ptimo d\u00eda, con sede en Loma Linda, California, Estados Unidos.<\/p>\n<p>Se otorgaron cuatro premios durante la ceremonia de graduaci\u00f3n a cuatro estudiantes de la escuela, incluyendo los siguientes:<\/p>\n<p>El Premio del Rector de la Universidad, otorgado a Lauren Ochs: El Premio del Rector es el honor m\u00e1s alto que una escuela pueda otorgar a un estudiante. Lauren Ochs, con una Licenciatura en Ciencias, en Enfermer\u00eda, es conocida entre su facultad, sus compa\u00f1eros y colegas, como l\u00edder y modelo a seguir comprometida con los valores de integridad, excelencia y servicio a los dem\u00e1s. Trabaja como enfermera registrada en el Hospital Infantil de la Universidad Loma Linda.<\/p>\n<p>El Premio del Decano (de Graduado o Doctor en Pr\u00e1ctica de Enfermer\u00eda), a Cheary Shelim, quien trabaja en el Hospital de la Comunidad Redlands. El enfoque de su doctorado fue sobre equipos interdisciplinarios trabajando juntos para reducir el costo del cuidado de pacientes.<\/p>\n<p>El Premio del Decano (de Graduado Universitario), a Lida Odet Salcedo: Lida O Salcedo ha trabajado como Enfermera Registrada en Home Health, en el campo de medicina cl\u00ednica maternal y como educadora en el campo de diabetes. Desea en el futuro trabajar en el ramo de gerontolog\u00eda, as\u00ed como trabajar con familias, minor\u00edas y aquellas personas con desaf\u00edos financieros.<\/p>\n<p>El Premio del Decano (de Licenciatura), a Chane\u2019 O\u2019Bannon: Chane O\u2019Bannon obtuvo una Licenciatura en Ciencias, en Enfermer\u00eda, y una Maestr\u00eda en Ciencias, en Anatom\u00eda. Su plan es obtener un Doctorado en Pr\u00e1ctica de Enfermer\u00eda, con enfoque en salud mental. Tiene planes tambi\u00e9n de abrir cl\u00ednicas en regiones con pocos servicios m\u00e9dicos y desarrollar procedimientos que mejoren los ex\u00e1menes y servicios de salud mental.<\/p>\n<p>Se otorg\u00f3, adem\u00e1s, durante la ceremonia, el Premio de Participaci\u00f3n Comunitaria, por parte de toda la Universidad, a Dynnette y Kenneth Hart. Este reconocimiento es otorgado por toda la Universidad Loma Linda a personas u organizaciones que ejemplifican la misi\u00f3n de esta universidad.<\/p>\n<p>Dynnette (Dee) Hart y Kenneth Hart fueron honrados con este premio por su legado combinado que representa un total de m\u00e1s de 100 a\u00f1os de servicio en dos continentes. Los esposos Hart, quienes contrajeron matrimonio en 1967, prestaron sus servicios cumpliendo tres llamados misioneros durante las d\u00e9cadas de 1970 y 1980 en el continente africano; primeramente, en Zambia, luego en Tanzania y finalmente en Kenia. Los esposos Hart retornaron en forma permanente a los Estados Unidos en 1987. Durante 21 a\u00f1os, esta pareja ha prestado sus servicios en el plantel y la comunidad en varias capacidades. Dee Hart es decana asociada em\u00e9rita (jubilada) de la Escuela de<\/p>\n<p>Enfermer\u00eda y Ken Hart es director m\u00e9dico de la cl\u00ednica Norton de SAC Health System.<\/p>\n<p>Ser un enfermero o enfermera es un gran don y ustedes deben esforzarse por hacer que las cosas sean mejor, dijo la oradora de la ceremonia de graduaci\u00f3n, Betty Ferrell, directora de investigaci\u00f3n y educaci\u00f3n en enfermer\u00eda, y profesora de enfermer\u00eda del Centro M\u00e9dico City of Hope.<\/p>\n<p>\u201cNunca acepten el <em>statu quo <\/em>en cuanto a c\u00f3mo deben hacerse las cosas; sino m\u00e1s bien, busquen siempre formas de innovaci\u00f3n para proveer mejor servicio a los pacientes y familias\u201d, dijo a la clase de graduandos.<br \/>\nLa directora Ferrell inst\u00f3 a aquellos graduandos que obtuvieron t\u00edtulos de maestr\u00eda y doctorado, a marchar adelante en sus diversas capacidades como l\u00edderes, ya sea proveyendo atenci\u00f3n y cuidados avanzados, definiendo y dando forma a la pr\u00e1ctica de los servicios de salud como l\u00edderes en la enfermer\u00eda cl\u00ednica, o llevando a cabo investigaciones para mejorar cada vez la pr\u00e1ctica de enfermer\u00eda basada en evidencia.<\/p>\n<p>Dijo adem\u00e1s que la Enfermer\u00eda es tanto una ciencia como un arte, e inst\u00f3 a los graduandos a honrar ambos papeles a desempe\u00f1ar.<\/p>\n<p>\u201cLes deseo a cada uno de ustedes solamente lo mejor en esta muy, pero muy sagrada labor\u201d, concluy\u00f3 la oradora Ferrell. \u201cMuchas gracias\u201d.<\/p>\n<p>Traducci\u00f3n- Gloria A Castrej\u00f3n<\/p>\n","protected":false},"excerpt":{"rendered":"<p>12 de junio de 2018 | Loma Linda, California, Estados Unidos | Heather Reifsnyder, Loma Linda University News Una explosi\u00f3n de fuegos pirot\u00e9cnicos digitales acompa\u00f1\u00f3 a Alyssa Vega mientras avanzaba&#8230;<\/p>\n","protected":false},"author":3,"featured_media":42168,"comment_status":"open","ping_status":"closed","sticky":false,"template":"","format":"standard","meta":{"_acf_changed":false,"footnotes":""},"categories":[14,15],"tags":[],"class_list":["post-42185","post","type-post","status-publish","format-standard","has-post-thumbnail","hentry","category-de-la-iglesia-mundial","category-rss-espanol"],"acf":[],"yoast_head":"<!-- This site is optimized with the Yoast SEO plugin v27.3 - https:\/\/yoast.com\/product\/yoast-seo-wordpress\/ -->\n<title>La Escuela de Enfermer\u00eda celebra el hito de su graduado n\u00famero 10,000 - Iglesia Adventista del S\u00e9ptimo D\u00eda - Divisi\u00f3n Interamericana<\/title>\n<meta name=\"robots\" content=\"index, follow, max-snippet:-1, max-image-preview:large, max-video-preview:-1\" \/>\n<link rel=\"canonical\" href=\"https:\/\/interamerica.org\/es\/2018\/06\/la-escuela-de-enfermeria-celebra-el-hito-de-su-graduado-numero-10000\/\" \/>\n<meta property=\"og:locale\" content=\"es_ES\" \/>\n<meta property=\"og:type\" content=\"article\" \/>\n<meta property=\"og:title\" content=\"La Escuela de Enfermer\u00eda celebra el hito de su graduado n\u00famero 10,000 - Iglesia Adventista del S\u00e9ptimo D\u00eda - Divisi\u00f3n Interamericana\" \/>\n<meta property=\"og:description\" content=\"12 de junio de 2018 | Loma Linda, California, Estados Unidos | Heather Reifsnyder, Loma Linda University News Una explosi\u00f3n de fuegos pirot\u00e9cnicos digitales acompa\u00f1\u00f3 a Alyssa Vega mientras avanzaba...\" \/>\n<meta property=\"og:url\" content=\"https:\/\/interamerica.org\/es\/2018\/06\/la-escuela-de-enfermeria-celebra-el-hito-de-su-graduado-numero-10000\/\" \/>\n<meta property=\"og:site_name\" content=\"Iglesia Adventista del S\u00e9ptimo D\u00eda - Divisi\u00f3n Interamericana\" \/>\n<meta property=\"article:published_time\" content=\"2018-06-14T18:03:56+00:00\" \/>\n<meta property=\"article:modified_time\" content=\"2018-06-18T13:42:03+00:00\" \/>\n<meta property=\"og:image\" content=\"https:\/\/interamerica.org\/wp-content\/uploads\/2018\/06\/school-of-nursing-celebrates-milestone-of-10000-graduates1280.jpg\" \/>\n\t<meta property=\"og:image:width\" content=\"1280\" \/>\n\t<meta property=\"og:image:height\" content=\"800\" \/>\n\t<meta property=\"og:image:type\" content=\"image\/jpeg\" \/>\n<meta name=\"author\" content=\"libna\" \/>\n<meta name=\"twitter:card\" content=\"summary_large_image\" \/>\n<meta name=\"twitter:label1\" content=\"Escrito por\" \/>\n\t<meta name=\"twitter:data1\" content=\"libna\" \/>\n\t<meta name=\"twitter:label2\" content=\"Tiempo de lectura\" \/>\n\t<meta name=\"twitter:data2\" content=\"4 minutos\" \/>\n<script type=\"application\/ld+json\" class=\"yoast-schema-graph\">{\"@context\":\"https:\\\/\\\/schema.org\",\"@graph\":[{\"@type\":\"Article\",\"@id\":\"https:\\\/\\\/interamerica.org\\\/es\\\/2018\\\/06\\\/la-escuela-de-enfermeria-celebra-el-hito-de-su-graduado-numero-10000\\\/#article\",\"isPartOf\":{\"@id\":\"https:\\\/\\\/interamerica.org\\\/es\\\/2018\\\/06\\\/la-escuela-de-enfermeria-celebra-el-hito-de-su-graduado-numero-10000\\\/\"},\"author\":{\"name\":\"libna\",\"@id\":\"https:\\\/\\\/interamerica.org\\\/es\\\/#\\\/schema\\\/person\\\/29998f2bc2d8bd0d38662909289b54f1\"},\"headline\":\"La Escuela de Enfermer\u00eda celebra el hito de su graduado n\u00famero 10,000\",\"datePublished\":\"2018-06-14T18:03:56+00:00\",\"dateModified\":\"2018-06-18T13:42:03+00:00\",\"mainEntityOfPage\":{\"@id\":\"https:\\\/\\\/interamerica.org\\\/es\\\/2018\\\/06\\\/la-escuela-de-enfermeria-celebra-el-hito-de-su-graduado-numero-10000\\\/\"},\"wordCount\":887,\"commentCount\":0,\"image\":{\"@id\":\"https:\\\/\\\/interamerica.org\\\/es\\\/2018\\\/06\\\/la-escuela-de-enfermeria-celebra-el-hito-de-su-graduado-numero-10000\\\/#primaryimage\"},\"thumbnailUrl\":\"https:\\\/\\\/interamerica.org\\\/wp-content\\\/uploads\\\/2018\\\/06\\\/school-of-nursing-celebrates-milestone-of-10000-graduates1280.jpg\",\"articleSection\":[\"Desde la iglesia mundial\",\"RSS Espa\u00f1ol\"],\"inLanguage\":\"es\",\"potentialAction\":[{\"@type\":\"CommentAction\",\"name\":\"Comment\",\"target\":[\"https:\\\/\\\/interamerica.org\\\/es\\\/2018\\\/06\\\/la-escuela-de-enfermeria-celebra-el-hito-de-su-graduado-numero-10000\\\/#respond\"]}]},{\"@type\":\"WebPage\",\"@id\":\"https:\\\/\\\/interamerica.org\\\/es\\\/2018\\\/06\\\/la-escuela-de-enfermeria-celebra-el-hito-de-su-graduado-numero-10000\\\/\",\"url\":\"https:\\\/\\\/interamerica.org\\\/es\\\/2018\\\/06\\\/la-escuela-de-enfermeria-celebra-el-hito-de-su-graduado-numero-10000\\\/\",\"name\":\"La Escuela de Enfermer\u00eda celebra el hito de su graduado n\u00famero 10,000 - Iglesia Adventista del S\u00e9ptimo D\u00eda - Divisi\u00f3n Interamericana\",\"isPartOf\":{\"@id\":\"https:\\\/\\\/interamerica.org\\\/es\\\/#website\"},\"primaryImageOfPage\":{\"@id\":\"https:\\\/\\\/interamerica.org\\\/es\\\/2018\\\/06\\\/la-escuela-de-enfermeria-celebra-el-hito-de-su-graduado-numero-10000\\\/#primaryimage\"},\"image\":{\"@id\":\"https:\\\/\\\/interamerica.org\\\/es\\\/2018\\\/06\\\/la-escuela-de-enfermeria-celebra-el-hito-de-su-graduado-numero-10000\\\/#primaryimage\"},\"thumbnailUrl\":\"https:\\\/\\\/interamerica.org\\\/wp-content\\\/uploads\\\/2018\\\/06\\\/school-of-nursing-celebrates-milestone-of-10000-graduates1280.jpg\",\"datePublished\":\"2018-06-14T18:03:56+00:00\",\"dateModified\":\"2018-06-18T13:42:03+00:00\",\"author\":{\"@id\":\"https:\\\/\\\/interamerica.org\\\/es\\\/#\\\/schema\\\/person\\\/29998f2bc2d8bd0d38662909289b54f1\"},\"breadcrumb\":{\"@id\":\"https:\\\/\\\/interamerica.org\\\/es\\\/2018\\\/06\\\/la-escuela-de-enfermeria-celebra-el-hito-de-su-graduado-numero-10000\\\/#breadcrumb\"},\"inLanguage\":\"es\",\"potentialAction\":[{\"@type\":\"ReadAction\",\"target\":[\"https:\\\/\\\/interamerica.org\\\/es\\\/2018\\\/06\\\/la-escuela-de-enfermeria-celebra-el-hito-de-su-graduado-numero-10000\\\/\"]}]},{\"@type\":\"ImageObject\",\"inLanguage\":\"es\",\"@id\":\"https:\\\/\\\/interamerica.org\\\/es\\\/2018\\\/06\\\/la-escuela-de-enfermeria-celebra-el-hito-de-su-graduado-numero-10000\\\/#primaryimage\",\"url\":\"https:\\\/\\\/interamerica.org\\\/wp-content\\\/uploads\\\/2018\\\/06\\\/school-of-nursing-celebrates-milestone-of-10000-graduates1280.jpg\",\"contentUrl\":\"https:\\\/\\\/interamerica.org\\\/wp-content\\\/uploads\\\/2018\\\/06\\\/school-of-nursing-celebrates-milestone-of-10000-graduates1280.jpg\",\"width\":1280,\"height\":800},{\"@type\":\"BreadcrumbList\",\"@id\":\"https:\\\/\\\/interamerica.org\\\/es\\\/2018\\\/06\\\/la-escuela-de-enfermeria-celebra-el-hito-de-su-graduado-numero-10000\\\/#breadcrumb\",\"itemListElement\":[{\"@type\":\"ListItem\",\"position\":1,\"name\":\"Home\",\"item\":\"https:\\\/\\\/interamerica.org\\\/es\\\/\"},{\"@type\":\"ListItem\",\"position\":2,\"name\":\"La Escuela de Enfermer\u00eda celebra el hito de su graduado n\u00famero 10,000\"}]},{\"@type\":\"WebSite\",\"@id\":\"https:\\\/\\\/interamerica.org\\\/es\\\/#website\",\"url\":\"https:\\\/\\\/interamerica.org\\\/es\\\/\",\"name\":\"Iglesia Adventista del S\u00e9ptimo D\u00eda - Divisi\u00f3n Interamericana\",\"description\":\"\",\"potentialAction\":[{\"@type\":\"SearchAction\",\"target\":{\"@type\":\"EntryPoint\",\"urlTemplate\":\"https:\\\/\\\/interamerica.org\\\/es\\\/?s={search_term_string}\"},\"query-input\":{\"@type\":\"PropertyValueSpecification\",\"valueRequired\":true,\"valueName\":\"search_term_string\"}}],\"inLanguage\":\"es\"},{\"@type\":\"Person\",\"@id\":\"https:\\\/\\\/interamerica.org\\\/es\\\/#\\\/schema\\\/person\\\/29998f2bc2d8bd0d38662909289b54f1\",\"name\":\"libna\",\"image\":{\"@type\":\"ImageObject\",\"inLanguage\":\"es\",\"@id\":\"https:\\\/\\\/secure.gravatar.com\\\/avatar\\\/7c5bd30ae4b47a9ba3c856590957fd1d96dc588bf3ac05719d247e126840331f?s=96&d=mm&r=g\",\"url\":\"https:\\\/\\\/secure.gravatar.com\\\/avatar\\\/7c5bd30ae4b47a9ba3c856590957fd1d96dc588bf3ac05719d247e126840331f?s=96&d=mm&r=g\",\"contentUrl\":\"https:\\\/\\\/secure.gravatar.com\\\/avatar\\\/7c5bd30ae4b47a9ba3c856590957fd1d96dc588bf3ac05719d247e126840331f?s=96&d=mm&r=g\",\"caption\":\"libna\"}}]}<\/script>\n<!-- \/ Yoast SEO plugin. -->","yoast_head_json":{"title":"La Escuela de Enfermer\u00eda celebra el hito de su graduado n\u00famero 10,000 - Iglesia Adventista del S\u00e9ptimo D\u00eda - Divisi\u00f3n Interamericana","robots":{"index":"index","follow":"follow","max-snippet":"max-snippet:-1","max-image-preview":"max-image-preview:large","max-video-preview":"max-video-preview:-1"},"canonical":"https:\/\/interamerica.org\/es\/2018\/06\/la-escuela-de-enfermeria-celebra-el-hito-de-su-graduado-numero-10000\/","og_locale":"es_ES","og_type":"article","og_title":"La Escuela de Enfermer\u00eda celebra el hito de su graduado n\u00famero 10,000 - Iglesia Adventista del S\u00e9ptimo D\u00eda - Divisi\u00f3n Interamericana","og_description":"12 de junio de 2018 | Loma Linda, California, Estados Unidos | Heather Reifsnyder, Loma Linda University News Una explosi\u00f3n de fuegos pirot\u00e9cnicos digitales acompa\u00f1\u00f3 a Alyssa Vega mientras avanzaba...","og_url":"https:\/\/interamerica.org\/es\/2018\/06\/la-escuela-de-enfermeria-celebra-el-hito-de-su-graduado-numero-10000\/","og_site_name":"Iglesia Adventista del S\u00e9ptimo D\u00eda - Divisi\u00f3n Interamericana","article_published_time":"2018-06-14T18:03:56+00:00","article_modified_time":"2018-06-18T13:42:03+00:00","og_image":[{"width":1280,"height":800,"url":"https:\/\/interamerica.org\/wp-content\/uploads\/2018\/06\/school-of-nursing-celebrates-milestone-of-10000-graduates1280.jpg","type":"image\/jpeg"}],"author":"libna","twitter_card":"summary_large_image","twitter_misc":{"Escrito por":"libna","Tiempo de lectura":"4 minutos"},"schema":{"@context":"https:\/\/schema.org","@graph":[{"@type":"Article","@id":"https:\/\/interamerica.org\/es\/2018\/06\/la-escuela-de-enfermeria-celebra-el-hito-de-su-graduado-numero-10000\/#article","isPartOf":{"@id":"https:\/\/interamerica.org\/es\/2018\/06\/la-escuela-de-enfermeria-celebra-el-hito-de-su-graduado-numero-10000\/"},"author":{"name":"libna","@id":"https:\/\/interamerica.org\/es\/#\/schema\/person\/29998f2bc2d8bd0d38662909289b54f1"},"headline":"La Escuela de Enfermer\u00eda celebra el hito de su graduado n\u00famero 10,000","datePublished":"2018-06-14T18:03:56+00:00","dateModified":"2018-06-18T13:42:03+00:00","mainEntityOfPage":{"@id":"https:\/\/interamerica.org\/es\/2018\/06\/la-escuela-de-enfermeria-celebra-el-hito-de-su-graduado-numero-10000\/"},"wordCount":887,"commentCount":0,"image":{"@id":"https:\/\/interamerica.org\/es\/2018\/06\/la-escuela-de-enfermeria-celebra-el-hito-de-su-graduado-numero-10000\/#primaryimage"},"thumbnailUrl":"https:\/\/interamerica.org\/wp-content\/uploads\/2018\/06\/school-of-nursing-celebrates-milestone-of-10000-graduates1280.jpg","articleSection":["Desde la iglesia mundial","RSS Espa\u00f1ol"],"inLanguage":"es","potentialAction":[{"@type":"CommentAction","name":"Comment","target":["https:\/\/interamerica.org\/es\/2018\/06\/la-escuela-de-enfermeria-celebra-el-hito-de-su-graduado-numero-10000\/#respond"]}]},{"@type":"WebPage","@id":"https:\/\/interamerica.org\/es\/2018\/06\/la-escuela-de-enfermeria-celebra-el-hito-de-su-graduado-numero-10000\/","url":"https:\/\/interamerica.org\/es\/2018\/06\/la-escuela-de-enfermeria-celebra-el-hito-de-su-graduado-numero-10000\/","name":"La Escuela de Enfermer\u00eda celebra el hito de su graduado n\u00famero 10,000 - Iglesia Adventista del S\u00e9ptimo D\u00eda - Divisi\u00f3n Interamericana","isPartOf":{"@id":"https:\/\/interamerica.org\/es\/#website"},"primaryImageOfPage":{"@id":"https:\/\/interamerica.org\/es\/2018\/06\/la-escuela-de-enfermeria-celebra-el-hito-de-su-graduado-numero-10000\/#primaryimage"},"image":{"@id":"https:\/\/interamerica.org\/es\/2018\/06\/la-escuela-de-enfermeria-celebra-el-hito-de-su-graduado-numero-10000\/#primaryimage"},"thumbnailUrl":"https:\/\/interamerica.org\/wp-content\/uploads\/2018\/06\/school-of-nursing-celebrates-milestone-of-10000-graduates1280.jpg","datePublished":"2018-06-14T18:03:56+00:00","dateModified":"2018-06-18T13:42:03+00:00","author":{"@id":"https:\/\/interamerica.org\/es\/#\/schema\/person\/29998f2bc2d8bd0d38662909289b54f1"},"breadcrumb":{"@id":"https:\/\/interamerica.org\/es\/2018\/06\/la-escuela-de-enfermeria-celebra-el-hito-de-su-graduado-numero-10000\/#breadcrumb"},"inLanguage":"es","potentialAction":[{"@type":"ReadAction","target":["https:\/\/interamerica.org\/es\/2018\/06\/la-escuela-de-enfermeria-celebra-el-hito-de-su-graduado-numero-10000\/"]}]},{"@type":"ImageObject","inLanguage":"es","@id":"https:\/\/interamerica.org\/es\/2018\/06\/la-escuela-de-enfermeria-celebra-el-hito-de-su-graduado-numero-10000\/#primaryimage","url":"https:\/\/interamerica.org\/wp-content\/uploads\/2018\/06\/school-of-nursing-celebrates-milestone-of-10000-graduates1280.jpg","contentUrl":"https:\/\/interamerica.org\/wp-content\/uploads\/2018\/06\/school-of-nursing-celebrates-milestone-of-10000-graduates1280.jpg","width":1280,"height":800},{"@type":"BreadcrumbList","@id":"https:\/\/interamerica.org\/es\/2018\/06\/la-escuela-de-enfermeria-celebra-el-hito-de-su-graduado-numero-10000\/#breadcrumb","itemListElement":[{"@type":"ListItem","position":1,"name":"Home","item":"https:\/\/interamerica.org\/es\/"},{"@type":"ListItem","position":2,"name":"La Escuela de Enfermer\u00eda celebra el hito de su graduado n\u00famero 10,000"}]},{"@type":"WebSite","@id":"https:\/\/interamerica.org\/es\/#website","url":"https:\/\/interamerica.org\/es\/","name":"Iglesia Adventista del S\u00e9ptimo D\u00eda - Divisi\u00f3n Interamericana","description":"","potentialAction":[{"@type":"SearchAction","target":{"@type":"EntryPoint","urlTemplate":"https:\/\/interamerica.org\/es\/?s={search_term_string}"},"query-input":{"@type":"PropertyValueSpecification","valueRequired":true,"valueName":"search_term_string"}}],"inLanguage":"es"},{"@type":"Person","@id":"https:\/\/interamerica.org\/es\/#\/schema\/person\/29998f2bc2d8bd0d38662909289b54f1","name":"libna","image":{"@type":"ImageObject","inLanguage":"es","@id":"https:\/\/secure.gravatar.com\/avatar\/7c5bd30ae4b47a9ba3c856590957fd1d96dc588bf3ac05719d247e126840331f?s=96&d=mm&r=g","url":"https:\/\/secure.gravatar.com\/avatar\/7c5bd30ae4b47a9ba3c856590957fd1d96dc588bf3ac05719d247e126840331f?s=96&d=mm&r=g","contentUrl":"https:\/\/secure.gravatar.com\/avatar\/7c5bd30ae4b47a9ba3c856590957fd1d96dc588bf3ac05719d247e126840331f?s=96&d=mm&r=g","caption":"libna"}}]}},"_links":{"self":[{"href":"https:\/\/interamerica.org\/es\/wp-json\/wp\/v2\/posts\/42185","targetHints":{"allow":["GET"]}}],"collection":[{"href":"https:\/\/interamerica.org\/es\/wp-json\/wp\/v2\/posts"}],"about":[{"href":"https:\/\/interamerica.org\/es\/wp-json\/wp\/v2\/types\/post"}],"author":[{"embeddable":true,"href":"https:\/\/interamerica.org\/es\/wp-json\/wp\/v2\/users\/3"}],"replies":[{"embeddable":true,"href":"https:\/\/interamerica.org\/es\/wp-json\/wp\/v2\/comments?post=42185"}],"version-history":[{"count":0,"href":"https:\/\/interamerica.org\/es\/wp-json\/wp\/v2\/posts\/42185\/revisions"}],"wp:featuredmedia":[{"embeddable":true,"href":"https:\/\/interamerica.org\/es\/wp-json\/wp\/v2\/media\/42168"}],"wp:attachment":[{"href":"https:\/\/interamerica.org\/es\/wp-json\/wp\/v2\/media?parent=42185"}],"wp:term":[{"taxonomy":"category","embeddable":true,"href":"https:\/\/interamerica.org\/es\/wp-json\/wp\/v2\/categories?post=42185"},{"taxonomy":"post_tag","embeddable":true,"href":"https:\/\/interamerica.org\/es\/wp-json\/wp\/v2\/tags?post=42185"}],"curies":[{"name":"wp","href":"https:\/\/api.w.org\/{rel}","templated":true}]}}