{"id":42241,"date":"2018-06-20T10:03:50","date_gmt":"2018-06-20T14:03:50","guid":{"rendered":"https:\/\/recursing-golick.147-182-135-0.plesk.page\/?p=42241"},"modified":"2018-06-20T21:35:19","modified_gmt":"2018-06-21T01:35:19","slug":"presidente-de-la-iglesia-adventista-pide-a-los-teologos-que-sean-fieles-y-participen-activamente","status":"publish","type":"post","link":"https:\/\/interamerica.org\/es\/2018\/06\/presidente-de-la-iglesia-adventista-pide-a-los-teologos-que-sean-fieles-y-participen-activamente\/","title":{"rendered":"Presidente de la Iglesia Adventista pide a los te\u00f3logos que sean fieles y participen activamente"},"content":{"rendered":"<div id=\"attachment_42229\" style=\"width: 770px\" class=\"wp-caption aligncenter\"><img fetchpriority=\"high\" decoding=\"async\" aria-describedby=\"caption-attachment-42229\" class=\" wp-image-42229\" src=\"https:\/\/recursing-golick.147-182-135-0.plesk.page\/wp-content\/uploads\/2018\/06\/adventist-church-president-calls-scholars-to-faithfulness-involvement.jpg\" alt=\"\" width=\"760\" height=\"380\" srcset=\"https:\/\/interamerica.org\/wp-content\/uploads\/2018\/06\/adventist-church-president-calls-scholars-to-faithfulness-involvement.jpg 1000w, https:\/\/interamerica.org\/wp-content\/uploads\/2018\/06\/adventist-church-president-calls-scholars-to-faithfulness-involvement-300x150.jpg 300w, https:\/\/interamerica.org\/wp-content\/uploads\/2018\/06\/adventist-church-president-calls-scholars-to-faithfulness-involvement-768x384.jpg 768w\" sizes=\"(max-width: 760px) 100vw, 760px\" \/><p id=\"caption-attachment-42229\" class=\"wp-caption-text\"><br \/>Ted Wilson, presidente de la Iglesia Adventista del S\u00e9ptimo D\u00eda, presenta el serm\u00f3n del s\u00e1bado en la IV Conferencia B\u00edblica Internacional. Fotograf\u00eda de Adventist Review\/Adventist World<\/p><\/div>\n<p><span class=\"byline-news\">19 de junio de 2018 | Roma, Italia |Marcos Paseggi, <em>Adventist Review<\/em><\/span><\/p>\n<p>En todas partes, los eventos mundiales que nos rodean se\u00f1alan el pronto regreso de Cristo, dijo Ted Wilson, presidente de la Iglesia Adventista del S\u00e9ptimo D\u00eda, el 16 de junio de 2018. Y es tiempo de que cada miembro se involucre y haga algo para esparcir la noticia. Esas palabras fueron la esencia del mensaje del presidente al dirigirse a m\u00e1s de 360 investigadores, profesores y l\u00edderes adventistas de diversas partes del mundo que se han dado cita en Roma, Italia, para la IV Conferencia B\u00edblica Internacional del 11 al 21 de junio.<\/p>\n<p>Sobre la base de <a class=\"rtBibleRef\" href=\"https:\/\/biblia.com\/bible\/nkjv\/Matt%2024.36%E2%80%9339\" target=\"_blank\" rel=\"noopener\" data-reference=\"Matt 24.36\u201339\" data-version=\"nkjv\" data-purpose=\"bible-reference\">Mateo 24:36\u201339<\/a>, donde Jes\u00fas ense\u00f1\u00f3 que justo antes de su segunda venida el mundo ser\u00e1 como \u201clos d\u00edas de No\u00e9\u201d antes del diluvio, Wilson dijo que existen amplias evidencias de que la situaci\u00f3n actual del mundo est\u00e1 transformando esas palabras en una realidad.<\/p>\n<p>\u201cEl mundo se est\u00e1 literalmente cayendo a pedazos\u201d, dijo. \u201cLos pol\u00edticos ya no pueden solucionar los problemas. Las normas sociales y culturales del pasado [\u2026] est\u00e1n desapareciendo r\u00e1pidamente\u201d.<\/p>\n<div id=\"attachment_42231\" style=\"width: 770px\" class=\"wp-caption aligncenter\"><img decoding=\"async\" aria-describedby=\"caption-attachment-42231\" class=\" wp-image-42231\" src=\"https:\/\/recursing-golick.147-182-135-0.plesk.page\/wp-content\/uploads\/2018\/06\/wilsonsermon4ibc.jpg\" alt=\"\" width=\"760\" height=\"427\" srcset=\"https:\/\/interamerica.org\/wp-content\/uploads\/2018\/06\/wilsonsermon4ibc.jpg 1000w, https:\/\/interamerica.org\/wp-content\/uploads\/2018\/06\/wilsonsermon4ibc-300x169.jpg 300w, https:\/\/interamerica.org\/wp-content\/uploads\/2018\/06\/wilsonsermon4ibc-768x432.jpg 768w\" sizes=\"(max-width: 760px) 100vw, 760px\" \/><p id=\"caption-attachment-42231\" class=\"wp-caption-text\">Ted Wilson, presidente de la Iglesia Adventista, presenta el serm\u00f3n del s\u00e1bado en la Cuarta Conferencia B\u00edblica Internacional. Fotograf\u00eda de Adventist Review\/Adventist World<\/p><\/div>\n<p>Wilson, que dijo que el encuentro en Roma es hasta cierto punto \u201cir\u00f3nico\u201d, tambi\u00e9n record\u00f3 a los asistentes que \u201cel panorama ecum\u00e9nico est\u00e1 cambiando todos los d\u00edas para reflejar el cumplimiento de Apocalipsis 13\u201d, que anticipa el alzamiento de un poder pol\u00edtico y religioso que se opone a Dios.<\/p>\n<p>\u00bfY qu\u00e9 decir de la econom\u00eda?, pregunt\u00f3. \u201cAunque el mercado de valores sigue subiendo artificialmente, no nos enga\u00f1emos. Lo que sube puede bajar f\u00e1cilmente\u201d.<\/p>\n<p><strong>Llamados a ser fieles<\/strong><\/p>\n<p>En estos \u201cd\u00edas de No\u00e9\u201d, explic\u00f3 Wilson, los adventistas hemos sido llamados a ensalzar a Cristo y su justicia. Es un llamado que, seg\u00fan \u00e9l, incluye ir a los grandes centros urbanos y hacer que todos los miembros se involucren en la misi\u00f3n.<\/p>\n<p>Usando la bien conocida met\u00e1fora b\u00edblica del atalaya, el presidente hizo un llamado a los investigadores, profesores de teolog\u00eda, profesores de Biblia y l\u00edderes espirituales para que \u201cden a la trompeta un sonido certero\u201d, es decir, que sean claros y no tengan verg\u00fcenza de la narrativa b\u00edblica basada en la verdad de la Biblia. \u201cNo olvidemos lo que los pioneros estudiaron, creyeron y predicaron\u201d, dijo Wilson.<\/p>\n<p>El presidente dirigi\u00f3 a su audiencia a <a class=\"rtBibleRef\" href=\"https:\/\/biblia.com\/bible\/nkjv\/Gen%206.8\" target=\"_blank\" rel=\"noopener\" data-reference=\"Gen 6.8\" data-version=\"nkjv\" data-purpose=\"bible-reference\">G\u00e9nesis 6:8<\/a>, donde se dice que No\u00e9 \u201chall\u00f3 gracia en los ojos de Jehov\u00e1\u201d, y llam\u00f3 a los presentes a evaluar sus esfuerzos de conformidad con ese est\u00e1ndar. Pregunt\u00f3: \u201c\u00bfEst\u00e1 [Dios] complacido con lo que estamos haciendo como acad\u00e9micos, te\u00f3logos, administradores e investigadores b\u00edblicos? \u00bfNos halla fieles as\u00ed como lo fue No\u00e9?\u201d<\/p>\n<div id=\"attachment_42230\" style=\"width: 770px\" class=\"wp-caption aligncenter\"><img decoding=\"async\" aria-describedby=\"caption-attachment-42230\" class=\" wp-image-42230\" src=\"https:\/\/recursing-golick.147-182-135-0.plesk.page\/wp-content\/uploads\/2018\/06\/presidents4ibc.jpg\" alt=\"\" width=\"760\" height=\"455\" srcset=\"https:\/\/interamerica.org\/wp-content\/uploads\/2018\/06\/presidents4ibc.jpg 1000w, https:\/\/interamerica.org\/wp-content\/uploads\/2018\/06\/presidents4ibc-300x180.jpg 300w, https:\/\/interamerica.org\/wp-content\/uploads\/2018\/06\/presidents4ibc-768x460.jpg 768w\" sizes=\"(max-width: 760px) 100vw, 760px\" \/><p id=\"caption-attachment-42230\" class=\"wp-caption-text\">Varios presidentes de las divisiones asistieron a la IV Conferencia B\u00edblica Internacional y participaron en el culto de adoraci\u00f3n el s\u00e1bado por la ma\u00f1ana. Fotograf\u00eda de Adventist Review\/Adventist World<\/p><\/div>\n<p>Wilson llam\u00f3 entonces a los asistentes a que sigan fieles como No\u00e9 en la proclamaci\u00f3n de los eventos del tiempo del fin, basados en la gracia de Cristo, que lo conecta todo. \u201cEsa misma gracia celestial que salv\u00f3 a No\u00e9 [\u2026] nos salvar\u00e1 a nosotros\u201d, dijo. \u201cEs por ello que el evangelio y la escatolog\u00eda [los eventos del tiempo del fin] est\u00e1n tan \u00edntimamente vinculados\u201d.<\/p>\n<p><strong>Llamados a involucrarse<\/strong><\/p>\n<p>Usando de ejemplo reuniones recientes de evangelizaci\u00f3n en Jap\u00f3n, donde predic\u00f3, Wilson enfatiz\u00f3 que cada miembro deber\u00eda involucrarse para hacer algo para proclamar que Cristo viene pronto. Hacer nuestra parte, les record\u00f3 a los asistentes, da nueva energ\u00eda a los que comparten las buenas nuevas. \u201cCada vez que predico [\u2026] me siento revivido y reformado por la Palabra\u201d, comparti\u00f3. \u201cLa predicaci\u00f3n [\u2026] revolucionar\u00e1 su ense\u00f1anza, sal\u00f3n de clases, estudiantes, sus vidas y su compromiso personal\u201d.<\/p>\n<p>Esto no significa dedicarse a proclamar el mensaje porque s\u00ed, dijo Wilson. El presidente renov\u00f3 su llamado a los investigadores, profesores y l\u00edderes para que sigan fieles en sus propias vidas a la comprensi\u00f3n y el desarrollo doctrinal que alcanzaron los pioneros adventistas.<\/p>\n<div id=\"attachment_42232\" style=\"width: 770px\" class=\"wp-caption aligncenter\"><img loading=\"lazy\" decoding=\"async\" aria-describedby=\"caption-attachment-42232\" class=\" wp-image-42232\" src=\"https:\/\/recursing-golick.147-182-135-0.plesk.page\/wp-content\/uploads\/2018\/06\/prayer14ibc.jpg\" alt=\"\" width=\"760\" height=\"427\" srcset=\"https:\/\/interamerica.org\/wp-content\/uploads\/2018\/06\/prayer14ibc.jpg 1000w, https:\/\/interamerica.org\/wp-content\/uploads\/2018\/06\/prayer14ibc-300x169.jpg 300w, https:\/\/interamerica.org\/wp-content\/uploads\/2018\/06\/prayer14ibc-768x432.jpg 768w\" sizes=\"(max-width: 760px) 100vw, 760px\" \/><p id=\"caption-attachment-42232\" class=\"wp-caption-text\">Los asistentes a la IV Conferencia B\u00edblica Internacional oran juntos el s\u00e1bado por la ma\u00f1ana. Fotograf\u00eda de Adventist Review\/Adventist World<\/p><\/div>\n<p>\u201cEsos pioneros adventistas clamaron al Se\u00f1or en oraci\u00f3n mientras estudiaban con ah\u00ednco las profec\u00edas y las profundas verdades b\u00edblicas que han llegado a ser nuestras creencias fundamentales [\u2026]. No nos apartemos de esas creencias\u201d, dijo. \u201cNo nos creamos m\u00e1s inteligentes que esos sinceros y dedicados pioneros\u201d.<\/p>\n<p>Es en relaci\u00f3n con esa lealtad a la Palabra de Dios, dijo Wilson, que tenemos que seguir adelante y trabajar con mayor decisi\u00f3n para compartir el mensaje de la pronta segunda venida de Cristo. \u201cLa gente anhela escuchar de la esperanza en la segunda venida de Cristo. Pred\u00edquenla. Ens\u00e9\u00f1enla. Procl\u00e1menla. V\u00edvanla\u201d, expres\u00f3.<\/p>\n","protected":false},"excerpt":{"rendered":"<p>19 de junio de 2018 | Roma, Italia |Marcos Paseggi, Adventist Review En todas partes, los eventos mundiales que nos rodean se\u00f1alan el pronto regreso de Cristo, dijo Ted Wilson,&#8230;<\/p>\n","protected":false},"author":3,"featured_media":42262,"comment_status":"open","ping_status":"closed","sticky":false,"template":"","format":"standard","meta":{"_acf_changed":false,"footnotes":""},"categories":[14,15],"tags":[],"class_list":["post-42241","post","type-post","status-publish","format-standard","has-post-thumbnail","hentry","category-de-la-iglesia-mundial","category-rss-espanol"],"acf":[],"yoast_head":"<!-- This site is optimized with the Yoast SEO plugin v27.3 - https:\/\/yoast.com\/product\/yoast-seo-wordpress\/ -->\n<title>Presidente de la Iglesia Adventista pide a los te\u00f3logos que sean fieles y participen activamente - Iglesia Adventista del S\u00e9ptimo D\u00eda - Divisi\u00f3n Interamericana<\/title>\n<meta name=\"robots\" content=\"index, follow, max-snippet:-1, max-image-preview:large, max-video-preview:-1\" \/>\n<link rel=\"canonical\" href=\"https:\/\/interamerica.org\/es\/2018\/06\/presidente-de-la-iglesia-adventista-pide-a-los-teologos-que-sean-fieles-y-participen-activamente\/\" \/>\n<meta property=\"og:locale\" content=\"es_ES\" \/>\n<meta property=\"og:type\" content=\"article\" \/>\n<meta property=\"og:title\" content=\"Presidente de la Iglesia Adventista pide a los te\u00f3logos que sean fieles y participen activamente - Iglesia Adventista del S\u00e9ptimo D\u00eda - Divisi\u00f3n Interamericana\" \/>\n<meta property=\"og:description\" content=\"19 de junio de 2018 | Roma, Italia |Marcos Paseggi, Adventist Review En todas partes, los eventos mundiales que nos rodean se\u00f1alan el pronto regreso de Cristo, dijo Ted Wilson,...\" \/>\n<meta property=\"og:url\" content=\"https:\/\/interamerica.org\/es\/2018\/06\/presidente-de-la-iglesia-adventista-pide-a-los-teologos-que-sean-fieles-y-participen-activamente\/\" \/>\n<meta property=\"og:site_name\" content=\"Iglesia Adventista del S\u00e9ptimo D\u00eda - Divisi\u00f3n Interamericana\" \/>\n<meta property=\"article:published_time\" content=\"2018-06-20T14:03:50+00:00\" \/>\n<meta property=\"article:modified_time\" content=\"2018-06-21T01:35:19+00:00\" \/>\n<meta property=\"og:image\" content=\"https:\/\/interamerica.org\/wp-content\/uploads\/2018\/06\/adventist-church-president-calls-scholars-to-faithfulness-involvement1280.jpg\" \/>\n\t<meta property=\"og:image:width\" content=\"1280\" \/>\n\t<meta property=\"og:image:height\" content=\"800\" \/>\n\t<meta property=\"og:image:type\" content=\"image\/jpeg\" \/>\n<meta name=\"author\" content=\"libna\" \/>\n<meta name=\"twitter:card\" content=\"summary_large_image\" \/>\n<meta name=\"twitter:label1\" content=\"Escrito por\" \/>\n\t<meta name=\"twitter:data1\" content=\"libna\" \/>\n\t<meta name=\"twitter:label2\" content=\"Tiempo de lectura\" \/>\n\t<meta name=\"twitter:data2\" content=\"5 minutos\" \/>\n<script type=\"application\/ld+json\" class=\"yoast-schema-graph\">{\"@context\":\"https:\\\/\\\/schema.org\",\"@graph\":[{\"@type\":\"Article\",\"@id\":\"https:\\\/\\\/interamerica.org\\\/es\\\/2018\\\/06\\\/presidente-de-la-iglesia-adventista-pide-a-los-teologos-que-sean-fieles-y-participen-activamente\\\/#article\",\"isPartOf\":{\"@id\":\"https:\\\/\\\/interamerica.org\\\/es\\\/2018\\\/06\\\/presidente-de-la-iglesia-adventista-pide-a-los-teologos-que-sean-fieles-y-participen-activamente\\\/\"},\"author\":{\"name\":\"libna\",\"@id\":\"https:\\\/\\\/interamerica.org\\\/es\\\/#\\\/schema\\\/person\\\/29998f2bc2d8bd0d38662909289b54f1\"},\"headline\":\"Presidente de la Iglesia Adventista pide a los te\u00f3logos que sean fieles y participen activamente\",\"datePublished\":\"2018-06-20T14:03:50+00:00\",\"dateModified\":\"2018-06-21T01:35:19+00:00\",\"mainEntityOfPage\":{\"@id\":\"https:\\\/\\\/interamerica.org\\\/es\\\/2018\\\/06\\\/presidente-de-la-iglesia-adventista-pide-a-los-teologos-que-sean-fieles-y-participen-activamente\\\/\"},\"wordCount\":916,\"commentCount\":0,\"image\":{\"@id\":\"https:\\\/\\\/interamerica.org\\\/es\\\/2018\\\/06\\\/presidente-de-la-iglesia-adventista-pide-a-los-teologos-que-sean-fieles-y-participen-activamente\\\/#primaryimage\"},\"thumbnailUrl\":\"https:\\\/\\\/interamerica.org\\\/wp-content\\\/uploads\\\/2018\\\/06\\\/adventist-church-president-calls-scholars-to-faithfulness-involvement1280.jpg\",\"articleSection\":[\"Desde la iglesia mundial\",\"RSS Espa\u00f1ol\"],\"inLanguage\":\"es\",\"potentialAction\":[{\"@type\":\"CommentAction\",\"name\":\"Comment\",\"target\":[\"https:\\\/\\\/interamerica.org\\\/es\\\/2018\\\/06\\\/presidente-de-la-iglesia-adventista-pide-a-los-teologos-que-sean-fieles-y-participen-activamente\\\/#respond\"]}]},{\"@type\":\"WebPage\",\"@id\":\"https:\\\/\\\/interamerica.org\\\/es\\\/2018\\\/06\\\/presidente-de-la-iglesia-adventista-pide-a-los-teologos-que-sean-fieles-y-participen-activamente\\\/\",\"url\":\"https:\\\/\\\/interamerica.org\\\/es\\\/2018\\\/06\\\/presidente-de-la-iglesia-adventista-pide-a-los-teologos-que-sean-fieles-y-participen-activamente\\\/\",\"name\":\"Presidente de la Iglesia Adventista pide a los te\u00f3logos que sean fieles y participen activamente - Iglesia Adventista del S\u00e9ptimo D\u00eda - Divisi\u00f3n Interamericana\",\"isPartOf\":{\"@id\":\"https:\\\/\\\/interamerica.org\\\/es\\\/#website\"},\"primaryImageOfPage\":{\"@id\":\"https:\\\/\\\/interamerica.org\\\/es\\\/2018\\\/06\\\/presidente-de-la-iglesia-adventista-pide-a-los-teologos-que-sean-fieles-y-participen-activamente\\\/#primaryimage\"},\"image\":{\"@id\":\"https:\\\/\\\/interamerica.org\\\/es\\\/2018\\\/06\\\/presidente-de-la-iglesia-adventista-pide-a-los-teologos-que-sean-fieles-y-participen-activamente\\\/#primaryimage\"},\"thumbnailUrl\":\"https:\\\/\\\/interamerica.org\\\/wp-content\\\/uploads\\\/2018\\\/06\\\/adventist-church-president-calls-scholars-to-faithfulness-involvement1280.jpg\",\"datePublished\":\"2018-06-20T14:03:50+00:00\",\"dateModified\":\"2018-06-21T01:35:19+00:00\",\"author\":{\"@id\":\"https:\\\/\\\/interamerica.org\\\/es\\\/#\\\/schema\\\/person\\\/29998f2bc2d8bd0d38662909289b54f1\"},\"breadcrumb\":{\"@id\":\"https:\\\/\\\/interamerica.org\\\/es\\\/2018\\\/06\\\/presidente-de-la-iglesia-adventista-pide-a-los-teologos-que-sean-fieles-y-participen-activamente\\\/#breadcrumb\"},\"inLanguage\":\"es\",\"potentialAction\":[{\"@type\":\"ReadAction\",\"target\":[\"https:\\\/\\\/interamerica.org\\\/es\\\/2018\\\/06\\\/presidente-de-la-iglesia-adventista-pide-a-los-teologos-que-sean-fieles-y-participen-activamente\\\/\"]}]},{\"@type\":\"ImageObject\",\"inLanguage\":\"es\",\"@id\":\"https:\\\/\\\/interamerica.org\\\/es\\\/2018\\\/06\\\/presidente-de-la-iglesia-adventista-pide-a-los-teologos-que-sean-fieles-y-participen-activamente\\\/#primaryimage\",\"url\":\"https:\\\/\\\/interamerica.org\\\/wp-content\\\/uploads\\\/2018\\\/06\\\/adventist-church-president-calls-scholars-to-faithfulness-involvement1280.jpg\",\"contentUrl\":\"https:\\\/\\\/interamerica.org\\\/wp-content\\\/uploads\\\/2018\\\/06\\\/adventist-church-president-calls-scholars-to-faithfulness-involvement1280.jpg\",\"width\":1280,\"height\":800},{\"@type\":\"BreadcrumbList\",\"@id\":\"https:\\\/\\\/interamerica.org\\\/es\\\/2018\\\/06\\\/presidente-de-la-iglesia-adventista-pide-a-los-teologos-que-sean-fieles-y-participen-activamente\\\/#breadcrumb\",\"itemListElement\":[{\"@type\":\"ListItem\",\"position\":1,\"name\":\"Home\",\"item\":\"https:\\\/\\\/interamerica.org\\\/es\\\/\"},{\"@type\":\"ListItem\",\"position\":2,\"name\":\"Presidente de la Iglesia Adventista pide a los te\u00f3logos que sean fieles y participen activamente\"}]},{\"@type\":\"WebSite\",\"@id\":\"https:\\\/\\\/interamerica.org\\\/es\\\/#website\",\"url\":\"https:\\\/\\\/interamerica.org\\\/es\\\/\",\"name\":\"Iglesia Adventista del S\u00e9ptimo D\u00eda - Divisi\u00f3n Interamericana\",\"description\":\"\",\"potentialAction\":[{\"@type\":\"SearchAction\",\"target\":{\"@type\":\"EntryPoint\",\"urlTemplate\":\"https:\\\/\\\/interamerica.org\\\/es\\\/?s={search_term_string}\"},\"query-input\":{\"@type\":\"PropertyValueSpecification\",\"valueRequired\":true,\"valueName\":\"search_term_string\"}}],\"inLanguage\":\"es\"},{\"@type\":\"Person\",\"@id\":\"https:\\\/\\\/interamerica.org\\\/es\\\/#\\\/schema\\\/person\\\/29998f2bc2d8bd0d38662909289b54f1\",\"name\":\"libna\",\"image\":{\"@type\":\"ImageObject\",\"inLanguage\":\"es\",\"@id\":\"https:\\\/\\\/secure.gravatar.com\\\/avatar\\\/7c5bd30ae4b47a9ba3c856590957fd1d96dc588bf3ac05719d247e126840331f?s=96&d=mm&r=g\",\"url\":\"https:\\\/\\\/secure.gravatar.com\\\/avatar\\\/7c5bd30ae4b47a9ba3c856590957fd1d96dc588bf3ac05719d247e126840331f?s=96&d=mm&r=g\",\"contentUrl\":\"https:\\\/\\\/secure.gravatar.com\\\/avatar\\\/7c5bd30ae4b47a9ba3c856590957fd1d96dc588bf3ac05719d247e126840331f?s=96&d=mm&r=g\",\"caption\":\"libna\"}}]}<\/script>\n<!-- \/ Yoast SEO plugin. -->","yoast_head_json":{"title":"Presidente de la Iglesia Adventista pide a los te\u00f3logos que sean fieles y participen activamente - Iglesia Adventista del S\u00e9ptimo D\u00eda - Divisi\u00f3n Interamericana","robots":{"index":"index","follow":"follow","max-snippet":"max-snippet:-1","max-image-preview":"max-image-preview:large","max-video-preview":"max-video-preview:-1"},"canonical":"https:\/\/interamerica.org\/es\/2018\/06\/presidente-de-la-iglesia-adventista-pide-a-los-teologos-que-sean-fieles-y-participen-activamente\/","og_locale":"es_ES","og_type":"article","og_title":"Presidente de la Iglesia Adventista pide a los te\u00f3logos que sean fieles y participen activamente - Iglesia Adventista del S\u00e9ptimo D\u00eda - Divisi\u00f3n Interamericana","og_description":"19 de junio de 2018 | Roma, Italia |Marcos Paseggi, Adventist Review En todas partes, los eventos mundiales que nos rodean se\u00f1alan el pronto regreso de Cristo, dijo Ted Wilson,...","og_url":"https:\/\/interamerica.org\/es\/2018\/06\/presidente-de-la-iglesia-adventista-pide-a-los-teologos-que-sean-fieles-y-participen-activamente\/","og_site_name":"Iglesia Adventista del S\u00e9ptimo D\u00eda - Divisi\u00f3n Interamericana","article_published_time":"2018-06-20T14:03:50+00:00","article_modified_time":"2018-06-21T01:35:19+00:00","og_image":[{"width":1280,"height":800,"url":"https:\/\/interamerica.org\/wp-content\/uploads\/2018\/06\/adventist-church-president-calls-scholars-to-faithfulness-involvement1280.jpg","type":"image\/jpeg"}],"author":"libna","twitter_card":"summary_large_image","twitter_misc":{"Escrito por":"libna","Tiempo de lectura":"5 minutos"},"schema":{"@context":"https:\/\/schema.org","@graph":[{"@type":"Article","@id":"https:\/\/interamerica.org\/es\/2018\/06\/presidente-de-la-iglesia-adventista-pide-a-los-teologos-que-sean-fieles-y-participen-activamente\/#article","isPartOf":{"@id":"https:\/\/interamerica.org\/es\/2018\/06\/presidente-de-la-iglesia-adventista-pide-a-los-teologos-que-sean-fieles-y-participen-activamente\/"},"author":{"name":"libna","@id":"https:\/\/interamerica.org\/es\/#\/schema\/person\/29998f2bc2d8bd0d38662909289b54f1"},"headline":"Presidente de la Iglesia Adventista pide a los te\u00f3logos que sean fieles y participen activamente","datePublished":"2018-06-20T14:03:50+00:00","dateModified":"2018-06-21T01:35:19+00:00","mainEntityOfPage":{"@id":"https:\/\/interamerica.org\/es\/2018\/06\/presidente-de-la-iglesia-adventista-pide-a-los-teologos-que-sean-fieles-y-participen-activamente\/"},"wordCount":916,"commentCount":0,"image":{"@id":"https:\/\/interamerica.org\/es\/2018\/06\/presidente-de-la-iglesia-adventista-pide-a-los-teologos-que-sean-fieles-y-participen-activamente\/#primaryimage"},"thumbnailUrl":"https:\/\/interamerica.org\/wp-content\/uploads\/2018\/06\/adventist-church-president-calls-scholars-to-faithfulness-involvement1280.jpg","articleSection":["Desde la iglesia mundial","RSS Espa\u00f1ol"],"inLanguage":"es","potentialAction":[{"@type":"CommentAction","name":"Comment","target":["https:\/\/interamerica.org\/es\/2018\/06\/presidente-de-la-iglesia-adventista-pide-a-los-teologos-que-sean-fieles-y-participen-activamente\/#respond"]}]},{"@type":"WebPage","@id":"https:\/\/interamerica.org\/es\/2018\/06\/presidente-de-la-iglesia-adventista-pide-a-los-teologos-que-sean-fieles-y-participen-activamente\/","url":"https:\/\/interamerica.org\/es\/2018\/06\/presidente-de-la-iglesia-adventista-pide-a-los-teologos-que-sean-fieles-y-participen-activamente\/","name":"Presidente de la Iglesia Adventista pide a los te\u00f3logos que sean fieles y participen activamente - Iglesia Adventista del S\u00e9ptimo D\u00eda - Divisi\u00f3n Interamericana","isPartOf":{"@id":"https:\/\/interamerica.org\/es\/#website"},"primaryImageOfPage":{"@id":"https:\/\/interamerica.org\/es\/2018\/06\/presidente-de-la-iglesia-adventista-pide-a-los-teologos-que-sean-fieles-y-participen-activamente\/#primaryimage"},"image":{"@id":"https:\/\/interamerica.org\/es\/2018\/06\/presidente-de-la-iglesia-adventista-pide-a-los-teologos-que-sean-fieles-y-participen-activamente\/#primaryimage"},"thumbnailUrl":"https:\/\/interamerica.org\/wp-content\/uploads\/2018\/06\/adventist-church-president-calls-scholars-to-faithfulness-involvement1280.jpg","datePublished":"2018-06-20T14:03:50+00:00","dateModified":"2018-06-21T01:35:19+00:00","author":{"@id":"https:\/\/interamerica.org\/es\/#\/schema\/person\/29998f2bc2d8bd0d38662909289b54f1"},"breadcrumb":{"@id":"https:\/\/interamerica.org\/es\/2018\/06\/presidente-de-la-iglesia-adventista-pide-a-los-teologos-que-sean-fieles-y-participen-activamente\/#breadcrumb"},"inLanguage":"es","potentialAction":[{"@type":"ReadAction","target":["https:\/\/interamerica.org\/es\/2018\/06\/presidente-de-la-iglesia-adventista-pide-a-los-teologos-que-sean-fieles-y-participen-activamente\/"]}]},{"@type":"ImageObject","inLanguage":"es","@id":"https:\/\/interamerica.org\/es\/2018\/06\/presidente-de-la-iglesia-adventista-pide-a-los-teologos-que-sean-fieles-y-participen-activamente\/#primaryimage","url":"https:\/\/interamerica.org\/wp-content\/uploads\/2018\/06\/adventist-church-president-calls-scholars-to-faithfulness-involvement1280.jpg","contentUrl":"https:\/\/interamerica.org\/wp-content\/uploads\/2018\/06\/adventist-church-president-calls-scholars-to-faithfulness-involvement1280.jpg","width":1280,"height":800},{"@type":"BreadcrumbList","@id":"https:\/\/interamerica.org\/es\/2018\/06\/presidente-de-la-iglesia-adventista-pide-a-los-teologos-que-sean-fieles-y-participen-activamente\/#breadcrumb","itemListElement":[{"@type":"ListItem","position":1,"name":"Home","item":"https:\/\/interamerica.org\/es\/"},{"@type":"ListItem","position":2,"name":"Presidente de la Iglesia Adventista pide a los te\u00f3logos que sean fieles y participen activamente"}]},{"@type":"WebSite","@id":"https:\/\/interamerica.org\/es\/#website","url":"https:\/\/interamerica.org\/es\/","name":"Iglesia Adventista del S\u00e9ptimo D\u00eda - Divisi\u00f3n Interamericana","description":"","potentialAction":[{"@type":"SearchAction","target":{"@type":"EntryPoint","urlTemplate":"https:\/\/interamerica.org\/es\/?s={search_term_string}"},"query-input":{"@type":"PropertyValueSpecification","valueRequired":true,"valueName":"search_term_string"}}],"inLanguage":"es"},{"@type":"Person","@id":"https:\/\/interamerica.org\/es\/#\/schema\/person\/29998f2bc2d8bd0d38662909289b54f1","name":"libna","image":{"@type":"ImageObject","inLanguage":"es","@id":"https:\/\/secure.gravatar.com\/avatar\/7c5bd30ae4b47a9ba3c856590957fd1d96dc588bf3ac05719d247e126840331f?s=96&d=mm&r=g","url":"https:\/\/secure.gravatar.com\/avatar\/7c5bd30ae4b47a9ba3c856590957fd1d96dc588bf3ac05719d247e126840331f?s=96&d=mm&r=g","contentUrl":"https:\/\/secure.gravatar.com\/avatar\/7c5bd30ae4b47a9ba3c856590957fd1d96dc588bf3ac05719d247e126840331f?s=96&d=mm&r=g","caption":"libna"}}]}},"_links":{"self":[{"href":"https:\/\/interamerica.org\/es\/wp-json\/wp\/v2\/posts\/42241","targetHints":{"allow":["GET"]}}],"collection":[{"href":"https:\/\/interamerica.org\/es\/wp-json\/wp\/v2\/posts"}],"about":[{"href":"https:\/\/interamerica.org\/es\/wp-json\/wp\/v2\/types\/post"}],"author":[{"embeddable":true,"href":"https:\/\/interamerica.org\/es\/wp-json\/wp\/v2\/users\/3"}],"replies":[{"embeddable":true,"href":"https:\/\/interamerica.org\/es\/wp-json\/wp\/v2\/comments?post=42241"}],"version-history":[{"count":0,"href":"https:\/\/interamerica.org\/es\/wp-json\/wp\/v2\/posts\/42241\/revisions"}],"wp:featuredmedia":[{"embeddable":true,"href":"https:\/\/interamerica.org\/es\/wp-json\/wp\/v2\/media\/42262"}],"wp:attachment":[{"href":"https:\/\/interamerica.org\/es\/wp-json\/wp\/v2\/media?parent=42241"}],"wp:term":[{"taxonomy":"category","embeddable":true,"href":"https:\/\/interamerica.org\/es\/wp-json\/wp\/v2\/categories?post=42241"},{"taxonomy":"post_tag","embeddable":true,"href":"https:\/\/interamerica.org\/es\/wp-json\/wp\/v2\/tags?post=42241"}],"curies":[{"name":"wp","href":"https:\/\/api.w.org\/{rel}","templated":true}]}}