{"id":42283,"date":"2018-06-21T11:38:05","date_gmt":"2018-06-21T15:38:05","guid":{"rendered":"https:\/\/recursing-golick.147-182-135-0.plesk.page\/?p=42283"},"modified":"2018-06-25T08:49:41","modified_gmt":"2018-06-25T12:49:41","slug":"las-perturbaciones-climaticas-deberian-impulsar-a-los-adventistas-a-la-accion-afirman-investigadores","status":"publish","type":"post","link":"https:\/\/interamerica.org\/es\/2018\/06\/las-perturbaciones-climaticas-deberian-impulsar-a-los-adventistas-a-la-accion-afirman-investigadores\/","title":{"rendered":"Las perturbaciones clim\u00e1ticas deber\u00edan impulsar a los adventistas a la acci\u00f3n, afirman investigadores"},"content":{"rendered":"<p><span class=\"byline-news\"> 20 de junio de 2018 | Roma, Italia | Marcos Paseggi, <em>Adventist Review<\/em><\/span><\/p>\n<p>El hecho de que el clima mundial est\u00e1 experimentando cambios negativos deber\u00eda ser una motivaci\u00f3n para redoblar nuestros esfuerzos de evangelizaci\u00f3n y sociales como iglesia remanente de Dios, dijeron varios estudiosos en presentaciones separadas durante la IV Conferencia B\u00edblica Internacional en Roma, Italia, llevada a cabo del 11 al 21 de junio de 2018. Entre los fen\u00f3menos de la disminuci\u00f3n de las reservas de agua potable, la deforestaci\u00f3n, la desertificaci\u00f3n y la mayor frecuencia en las cat\u00e1strofes naturales, los adventistas deber\u00edan hallar un aspecto positivo que los impulse hacia la misi\u00f3n, dijeron.<\/p>\n<p>\u201cLa Iglesia [Adventista] tiene la oportunidad de ser el \u2018remanente catal\u00edtico\u2019 de Dios\u201d, dijo Ben Holdsworth, profesor de Nuevo Testamento en el Colegio Terciario Union en Lincoln, Nebraska, Estados Unidos. \u201cLa iglesia act\u00faa como catalizadora, siendo el medio por el cual la misi\u00f3n y el prop\u00f3sito de Cristo avanzan en el mundo desde su ascensi\u00f3n hasta su regreso\u201d.<\/p>\n<p>La profesora Silvia Schimpf-Torreblanca, de la Universidad Adventista de las Antillas, concord\u00f3 con \u00e9l. \u201cLa escatolog\u00eda y el ambientalismo no son, despu\u00e9s de todo, ideas contradictorias sino complementarias\u201d, dijo. \u201cCuidar la tierra no est\u00e1 desconectado de la misi\u00f3n cristiana de proclamar las buenas nuevas de salvaci\u00f3n\u201d.<\/p>\n<p>A. Rahel Wells, profesora asociada de Biblia Hebrea de la Universidad Andrews, se mostr\u00f3 de acuerdo. \u201cLa escatolog\u00eda brinda una motivaci\u00f3n definitiva para la ecolog\u00eda\u201d, expres\u00f3.<\/p>\n<p><strong>Cinco t\u00e9rminos claves<\/strong><\/p>\n<p>Holdsworth, en su trabajo titulado, \u201cLa escatolog\u00eda y la eclesiolog\u00eda adventistas en un mundo con perturbaciones clim\u00e1ticas\u201d analiz\u00f3 las intersecciones entre cinco t\u00e9rminos claves: la escatolog\u00eda, la eclesiolog\u00eda, el evangelismo, la econom\u00eda y el medio ambiente.<\/p>\n<p>La escatolog\u00eda adventista habla de perturbaciones crecientes en la naturaleza a medida que nos acercamos a la segunda venida de Cristo y la restauraci\u00f3n final, record\u00f3 Holdsworth a su audiencia. La eclesiolog\u00eda, por otra parte, deber\u00eda enfatizar de qu\u00e9 manera esa realidad est\u00e1 afectando cada vez m\u00e1s a muchos miembros de iglesia, en especial en regiones del mundo donde la iglesia crece con mayor rapidez. Al mismo tiempo, las crecientes perturbaciones clim\u00e1ticas afectar\u00e1n la econom\u00eda de las sociedades, lo que incluye a las iglesias locales y las instituciones de la iglesia. Es algo que ya est\u00e1 sucediendo en algunas regiones de la iglesia mundial.<\/p>\n<p>A pesar de las desoladoras perspectivas, dijo Holdsworth, las actuales perturbaciones clim\u00e1ticas constituyen una herramienta que puede ser usada de manera efectiva en el evangelismo. Cit\u00f3 a la destacada cient\u00edfica clim\u00e1tica Susanne Moser, que en 2015 expres\u00f3 en relaci\u00f3n con el cambio clim\u00e1tico: \u201cReci\u00e9n estamos comenzando a comprender las situaciones m\u00e1s catastr\u00f3ficas y estamos comenzando a hablar como esos evangelistas de la televisi\u00f3n, para expresar lo que queremos decir\u201d.<\/p>\n<p>En consecuencia, enfatiz\u00f3 Holdsworth, la iglesia deber\u00eda reconocer \u201clas circunstancias ambientales motivadas por el clima [\u2026] no solo como un cumplimiento escatol\u00f3gico sino como una oportunidad de participar del evangelismo como esfuerzos hablados y vividos de llevar esperanza a un mundo inmerso en una crisis cada vez m\u00e1s grande\u201d.<\/p>\n<p><strong>Obst\u00e1culos para la participaci\u00f3n de la iglesia<\/strong><\/p>\n<p>El claro mandato de cuidar la tierra y lo que en ella est\u00e1 tradicionalmente ha chocado con la postura de algunos miembros de iglesia, dijeron los investigadores. Como lo resumi\u00f3 Wells, \u201cla comprensi\u00f3n adventista de los eventos del tiempo del fin incluyen la realidad de que la tierra ser\u00e1 consumida por el fuego al fin del tiempo\u201d, expres\u00f3. Es algo que a menudo ha hecho que el cuidado ambiental ocupe un lugar secundario, \u201cdado que de todas formas, la tierra ser\u00e1 renovada por Dios\u201d.<\/p>\n<p>Seg\u00fan Wells, sin embargo, es una postura que pasa por alto las claras descripciones del cuidado de Dios por la tierra y la responsabilidad ecol\u00f3gica de los seres humanos en la creaci\u00f3n original, la tierra nueva y todas las leyes del presente. \u201cLos pasajes escatol\u00f3gicos incluyen una descripci\u00f3n de la tierra restaurada y rejuvenecida\u201d, explic\u00f3. \u201cEn lugar de oponerse a \u00e9l, la escatolog\u00eda en realidad presupone y necesita el cuidado ecol\u00f3gico\u201d.<\/p>\n<p>Por otro lado, al referirse a ese dilema entre ambientalismo y escatolog\u00eda, los adventistas han sentido tradicionalmente cierta preocupaci\u00f3n respecto de la asociaci\u00f3n del ambientalismo con cierta ret\u00f3rica pol\u00edtica y filos\u00f3fica, explic\u00f3 Schimpf-Torreblanca. \u201cLos naturalistas darvinianos y los pante\u00edstas de la Nueva Era se encuentran al frente de los esfuerzos por proteger el medio ambiente\u201d, dijo.<\/p>\n<p>Schimpf-Torreblanca tambi\u00e9n se\u00f1al\u00f3 que es usual que la agenda de los ambientalistas est\u00e9 acompa\u00f1ada de una batalla pol\u00edtica entre gobiernos, consorcios financieros y cient\u00edficos, entre otros. Es algo, dijo, que ha llevado a que algunos adventistas se retraigan y decidan no participar. Pero como lo mostraron los pioneros adventistas, ser buenos mayordomos de la creaci\u00f3n de Dios a menudo deber\u00eda motivarnos a participar social y pol\u00edticamente, dijo, porque muchas cuestiones pueden ser tratadas mejor en niveles sociales m\u00e1s amplias.<\/p>\n<p>Por ello, \u201cvale la pena preguntarse si una mayor participaci\u00f3n de la iglesia en causas ambientales puede ayudar o ser una distracci\u00f3n de la tarea m\u00e1s importante, que es la de compartir a Cristo con otros\u201d, dijo Schimpf-Torreblanca. Y pregunt\u00f3: \u201c\u00bfPodr\u00eda ser parte de lo que la iglesia est\u00e1 tratando de lograr?<\/p>\n<p><strong>Motivados para la acci\u00f3n<\/strong><\/p>\n<p>Para Holdsworth, la respuesta est\u00e1 clara, dado que la participaci\u00f3n social adventista no es una expresi\u00f3n de deseo sino una realidad. Las nuevas perturbaciones clim\u00e1ticas, enfatiz\u00f3, presentan novedosas oportunidades para que la iglesia reflexione y act\u00fae a nivel internacional, nacional y local. Es algo que ya est\u00e1 sucediendo, dijo, al compartir varios ejemplos de la manera en que la Iglesia Adventista est\u00e1 involucrando a la sociedad para ayudar a los afectados y se\u00f1al\u00e1ndoles entonces a Cristo.<\/p>\n<p>Esta proclamaci\u00f3n de \u201cdescanso, renovaci\u00f3n y esperanza\u201d, se\u00f1al\u00f3 Holdsworth, deber\u00eda estar basada en principios compartidos. Mencion\u00f3 espec\u00edficamente los principios de mutualidad (inter\u00e9s y cuidado mutuo entre los miembros), sustentabilidad (cu\u00e1n posible y sustentable es seguir haciendo lo que hacemos como iglesia), y resiliencia (\u201cel principio de depender de Dios al momento de las pruebas\u201d). Holdsworth tambi\u00e9n analiz\u00f3 la perseverancia (mantenerse firmes hasta el fin a pesar de sufrir perturbaciones y p\u00e9rdidas), y la productividad (mantenernos ocupados hasta que Cristo venga, mientras suplimos las necesidades de los que nos rodean y nos esforzamos por esparcir las buenas nuevas de salvaci\u00f3n).<\/p>\n<p>\u201cLa Iglesia Adventista necesita crear una eclesiolog\u00eda que nos ayude a sostener la unidad y la capacidad de adaptarnos y crecer en un mundo cada vez m\u00e1s vulnerable y perturbado por el clima\u201d, concluy\u00f3.<\/p>\n","protected":false},"excerpt":{"rendered":"<p>20 de junio de 2018 | Roma, Italia | Marcos Paseggi, Adventist Review El hecho de que el clima mundial est\u00e1 experimentando cambios negativos deber\u00eda ser una motivaci\u00f3n para redoblar&#8230;<\/p>\n","protected":false},"author":3,"featured_media":42276,"comment_status":"open","ping_status":"closed","sticky":false,"template":"","format":"standard","meta":{"_acf_changed":false,"footnotes":""},"categories":[14,15],"tags":[],"class_list":["post-42283","post","type-post","status-publish","format-standard","has-post-thumbnail","hentry","category-de-la-iglesia-mundial","category-rss-espanol"],"acf":[],"yoast_head":"<!-- This site is optimized with the Yoast SEO plugin v27.3 - https:\/\/yoast.com\/product\/yoast-seo-wordpress\/ -->\n<title>Las perturbaciones clim\u00e1ticas deber\u00edan impulsar a los adventistas a la acci\u00f3n, afirman investigadores - Iglesia Adventista del S\u00e9ptimo D\u00eda - Divisi\u00f3n Interamericana<\/title>\n<meta name=\"robots\" content=\"index, follow, max-snippet:-1, max-image-preview:large, max-video-preview:-1\" \/>\n<link rel=\"canonical\" href=\"https:\/\/interamerica.org\/es\/2018\/06\/las-perturbaciones-climaticas-deberian-impulsar-a-los-adventistas-a-la-accion-afirman-investigadores\/\" \/>\n<meta property=\"og:locale\" content=\"es_ES\" \/>\n<meta property=\"og:type\" content=\"article\" \/>\n<meta property=\"og:title\" content=\"Las perturbaciones clim\u00e1ticas deber\u00edan impulsar a los adventistas a la acci\u00f3n, afirman investigadores - Iglesia Adventista del S\u00e9ptimo D\u00eda - Divisi\u00f3n Interamericana\" \/>\n<meta property=\"og:description\" content=\"20 de junio de 2018 | Roma, Italia | Marcos Paseggi, Adventist Review El hecho de que el clima mundial est\u00e1 experimentando cambios negativos deber\u00eda ser una motivaci\u00f3n para redoblar...\" \/>\n<meta property=\"og:url\" content=\"https:\/\/interamerica.org\/es\/2018\/06\/las-perturbaciones-climaticas-deberian-impulsar-a-los-adventistas-a-la-accion-afirman-investigadores\/\" \/>\n<meta property=\"og:site_name\" content=\"Iglesia Adventista del S\u00e9ptimo D\u00eda - Divisi\u00f3n Interamericana\" \/>\n<meta property=\"article:published_time\" content=\"2018-06-21T15:38:05+00:00\" \/>\n<meta property=\"article:modified_time\" content=\"2018-06-25T12:49:41+00:00\" \/>\n<meta property=\"og:image\" content=\"https:\/\/interamerica.org\/wp-content\/uploads\/2018\/06\/tree-unsplash1280.jpg\" \/>\n\t<meta property=\"og:image:width\" content=\"1280\" \/>\n\t<meta property=\"og:image:height\" content=\"851\" \/>\n\t<meta property=\"og:image:type\" content=\"image\/jpeg\" \/>\n<meta name=\"author\" content=\"libna\" \/>\n<meta name=\"twitter:card\" content=\"summary_large_image\" \/>\n<meta name=\"twitter:label1\" content=\"Escrito por\" \/>\n\t<meta name=\"twitter:data1\" content=\"libna\" \/>\n\t<meta name=\"twitter:label2\" content=\"Tiempo de lectura\" \/>\n\t<meta name=\"twitter:data2\" content=\"6 minutos\" \/>\n<script type=\"application\/ld+json\" class=\"yoast-schema-graph\">{\"@context\":\"https:\\\/\\\/schema.org\",\"@graph\":[{\"@type\":\"Article\",\"@id\":\"https:\\\/\\\/interamerica.org\\\/es\\\/2018\\\/06\\\/las-perturbaciones-climaticas-deberian-impulsar-a-los-adventistas-a-la-accion-afirman-investigadores\\\/#article\",\"isPartOf\":{\"@id\":\"https:\\\/\\\/interamerica.org\\\/es\\\/2018\\\/06\\\/las-perturbaciones-climaticas-deberian-impulsar-a-los-adventistas-a-la-accion-afirman-investigadores\\\/\"},\"author\":{\"name\":\"libna\",\"@id\":\"https:\\\/\\\/interamerica.org\\\/es\\\/#\\\/schema\\\/person\\\/29998f2bc2d8bd0d38662909289b54f1\"},\"headline\":\"Las perturbaciones clim\u00e1ticas deber\u00edan impulsar a los adventistas a la acci\u00f3n, afirman investigadores\",\"datePublished\":\"2018-06-21T15:38:05+00:00\",\"dateModified\":\"2018-06-25T12:49:41+00:00\",\"mainEntityOfPage\":{\"@id\":\"https:\\\/\\\/interamerica.org\\\/es\\\/2018\\\/06\\\/las-perturbaciones-climaticas-deberian-impulsar-a-los-adventistas-a-la-accion-afirman-investigadores\\\/\"},\"wordCount\":1165,\"commentCount\":0,\"image\":{\"@id\":\"https:\\\/\\\/interamerica.org\\\/es\\\/2018\\\/06\\\/las-perturbaciones-climaticas-deberian-impulsar-a-los-adventistas-a-la-accion-afirman-investigadores\\\/#primaryimage\"},\"thumbnailUrl\":\"https:\\\/\\\/interamerica.org\\\/wp-content\\\/uploads\\\/2018\\\/06\\\/tree-unsplash1280.jpg\",\"articleSection\":[\"Desde la iglesia mundial\",\"RSS Espa\u00f1ol\"],\"inLanguage\":\"es\",\"potentialAction\":[{\"@type\":\"CommentAction\",\"name\":\"Comment\",\"target\":[\"https:\\\/\\\/interamerica.org\\\/es\\\/2018\\\/06\\\/las-perturbaciones-climaticas-deberian-impulsar-a-los-adventistas-a-la-accion-afirman-investigadores\\\/#respond\"]}]},{\"@type\":\"WebPage\",\"@id\":\"https:\\\/\\\/interamerica.org\\\/es\\\/2018\\\/06\\\/las-perturbaciones-climaticas-deberian-impulsar-a-los-adventistas-a-la-accion-afirman-investigadores\\\/\",\"url\":\"https:\\\/\\\/interamerica.org\\\/es\\\/2018\\\/06\\\/las-perturbaciones-climaticas-deberian-impulsar-a-los-adventistas-a-la-accion-afirman-investigadores\\\/\",\"name\":\"Las perturbaciones clim\u00e1ticas deber\u00edan impulsar a los adventistas a la acci\u00f3n, afirman investigadores - Iglesia Adventista del S\u00e9ptimo D\u00eda - Divisi\u00f3n Interamericana\",\"isPartOf\":{\"@id\":\"https:\\\/\\\/interamerica.org\\\/es\\\/#website\"},\"primaryImageOfPage\":{\"@id\":\"https:\\\/\\\/interamerica.org\\\/es\\\/2018\\\/06\\\/las-perturbaciones-climaticas-deberian-impulsar-a-los-adventistas-a-la-accion-afirman-investigadores\\\/#primaryimage\"},\"image\":{\"@id\":\"https:\\\/\\\/interamerica.org\\\/es\\\/2018\\\/06\\\/las-perturbaciones-climaticas-deberian-impulsar-a-los-adventistas-a-la-accion-afirman-investigadores\\\/#primaryimage\"},\"thumbnailUrl\":\"https:\\\/\\\/interamerica.org\\\/wp-content\\\/uploads\\\/2018\\\/06\\\/tree-unsplash1280.jpg\",\"datePublished\":\"2018-06-21T15:38:05+00:00\",\"dateModified\":\"2018-06-25T12:49:41+00:00\",\"author\":{\"@id\":\"https:\\\/\\\/interamerica.org\\\/es\\\/#\\\/schema\\\/person\\\/29998f2bc2d8bd0d38662909289b54f1\"},\"breadcrumb\":{\"@id\":\"https:\\\/\\\/interamerica.org\\\/es\\\/2018\\\/06\\\/las-perturbaciones-climaticas-deberian-impulsar-a-los-adventistas-a-la-accion-afirman-investigadores\\\/#breadcrumb\"},\"inLanguage\":\"es\",\"potentialAction\":[{\"@type\":\"ReadAction\",\"target\":[\"https:\\\/\\\/interamerica.org\\\/es\\\/2018\\\/06\\\/las-perturbaciones-climaticas-deberian-impulsar-a-los-adventistas-a-la-accion-afirman-investigadores\\\/\"]}]},{\"@type\":\"ImageObject\",\"inLanguage\":\"es\",\"@id\":\"https:\\\/\\\/interamerica.org\\\/es\\\/2018\\\/06\\\/las-perturbaciones-climaticas-deberian-impulsar-a-los-adventistas-a-la-accion-afirman-investigadores\\\/#primaryimage\",\"url\":\"https:\\\/\\\/interamerica.org\\\/wp-content\\\/uploads\\\/2018\\\/06\\\/tree-unsplash1280.jpg\",\"contentUrl\":\"https:\\\/\\\/interamerica.org\\\/wp-content\\\/uploads\\\/2018\\\/06\\\/tree-unsplash1280.jpg\",\"width\":1280,\"height\":851},{\"@type\":\"BreadcrumbList\",\"@id\":\"https:\\\/\\\/interamerica.org\\\/es\\\/2018\\\/06\\\/las-perturbaciones-climaticas-deberian-impulsar-a-los-adventistas-a-la-accion-afirman-investigadores\\\/#breadcrumb\",\"itemListElement\":[{\"@type\":\"ListItem\",\"position\":1,\"name\":\"Home\",\"item\":\"https:\\\/\\\/interamerica.org\\\/es\\\/\"},{\"@type\":\"ListItem\",\"position\":2,\"name\":\"Las perturbaciones clim\u00e1ticas deber\u00edan impulsar a los adventistas a la acci\u00f3n, afirman investigadores\"}]},{\"@type\":\"WebSite\",\"@id\":\"https:\\\/\\\/interamerica.org\\\/es\\\/#website\",\"url\":\"https:\\\/\\\/interamerica.org\\\/es\\\/\",\"name\":\"Iglesia Adventista del S\u00e9ptimo D\u00eda - Divisi\u00f3n Interamericana\",\"description\":\"\",\"potentialAction\":[{\"@type\":\"SearchAction\",\"target\":{\"@type\":\"EntryPoint\",\"urlTemplate\":\"https:\\\/\\\/interamerica.org\\\/es\\\/?s={search_term_string}\"},\"query-input\":{\"@type\":\"PropertyValueSpecification\",\"valueRequired\":true,\"valueName\":\"search_term_string\"}}],\"inLanguage\":\"es\"},{\"@type\":\"Person\",\"@id\":\"https:\\\/\\\/interamerica.org\\\/es\\\/#\\\/schema\\\/person\\\/29998f2bc2d8bd0d38662909289b54f1\",\"name\":\"libna\",\"image\":{\"@type\":\"ImageObject\",\"inLanguage\":\"es\",\"@id\":\"https:\\\/\\\/secure.gravatar.com\\\/avatar\\\/7c5bd30ae4b47a9ba3c856590957fd1d96dc588bf3ac05719d247e126840331f?s=96&d=mm&r=g\",\"url\":\"https:\\\/\\\/secure.gravatar.com\\\/avatar\\\/7c5bd30ae4b47a9ba3c856590957fd1d96dc588bf3ac05719d247e126840331f?s=96&d=mm&r=g\",\"contentUrl\":\"https:\\\/\\\/secure.gravatar.com\\\/avatar\\\/7c5bd30ae4b47a9ba3c856590957fd1d96dc588bf3ac05719d247e126840331f?s=96&d=mm&r=g\",\"caption\":\"libna\"}}]}<\/script>\n<!-- \/ Yoast SEO plugin. -->","yoast_head_json":{"title":"Las perturbaciones clim\u00e1ticas deber\u00edan impulsar a los adventistas a la acci\u00f3n, afirman investigadores - Iglesia Adventista del S\u00e9ptimo D\u00eda - Divisi\u00f3n Interamericana","robots":{"index":"index","follow":"follow","max-snippet":"max-snippet:-1","max-image-preview":"max-image-preview:large","max-video-preview":"max-video-preview:-1"},"canonical":"https:\/\/interamerica.org\/es\/2018\/06\/las-perturbaciones-climaticas-deberian-impulsar-a-los-adventistas-a-la-accion-afirman-investigadores\/","og_locale":"es_ES","og_type":"article","og_title":"Las perturbaciones clim\u00e1ticas deber\u00edan impulsar a los adventistas a la acci\u00f3n, afirman investigadores - Iglesia Adventista del S\u00e9ptimo D\u00eda - Divisi\u00f3n Interamericana","og_description":"20 de junio de 2018 | Roma, Italia | Marcos Paseggi, Adventist Review El hecho de que el clima mundial est\u00e1 experimentando cambios negativos deber\u00eda ser una motivaci\u00f3n para redoblar...","og_url":"https:\/\/interamerica.org\/es\/2018\/06\/las-perturbaciones-climaticas-deberian-impulsar-a-los-adventistas-a-la-accion-afirman-investigadores\/","og_site_name":"Iglesia Adventista del S\u00e9ptimo D\u00eda - Divisi\u00f3n Interamericana","article_published_time":"2018-06-21T15:38:05+00:00","article_modified_time":"2018-06-25T12:49:41+00:00","og_image":[{"width":1280,"height":851,"url":"https:\/\/interamerica.org\/wp-content\/uploads\/2018\/06\/tree-unsplash1280.jpg","type":"image\/jpeg"}],"author":"libna","twitter_card":"summary_large_image","twitter_misc":{"Escrito por":"libna","Tiempo de lectura":"6 minutos"},"schema":{"@context":"https:\/\/schema.org","@graph":[{"@type":"Article","@id":"https:\/\/interamerica.org\/es\/2018\/06\/las-perturbaciones-climaticas-deberian-impulsar-a-los-adventistas-a-la-accion-afirman-investigadores\/#article","isPartOf":{"@id":"https:\/\/interamerica.org\/es\/2018\/06\/las-perturbaciones-climaticas-deberian-impulsar-a-los-adventistas-a-la-accion-afirman-investigadores\/"},"author":{"name":"libna","@id":"https:\/\/interamerica.org\/es\/#\/schema\/person\/29998f2bc2d8bd0d38662909289b54f1"},"headline":"Las perturbaciones clim\u00e1ticas deber\u00edan impulsar a los adventistas a la acci\u00f3n, afirman investigadores","datePublished":"2018-06-21T15:38:05+00:00","dateModified":"2018-06-25T12:49:41+00:00","mainEntityOfPage":{"@id":"https:\/\/interamerica.org\/es\/2018\/06\/las-perturbaciones-climaticas-deberian-impulsar-a-los-adventistas-a-la-accion-afirman-investigadores\/"},"wordCount":1165,"commentCount":0,"image":{"@id":"https:\/\/interamerica.org\/es\/2018\/06\/las-perturbaciones-climaticas-deberian-impulsar-a-los-adventistas-a-la-accion-afirman-investigadores\/#primaryimage"},"thumbnailUrl":"https:\/\/interamerica.org\/wp-content\/uploads\/2018\/06\/tree-unsplash1280.jpg","articleSection":["Desde la iglesia mundial","RSS Espa\u00f1ol"],"inLanguage":"es","potentialAction":[{"@type":"CommentAction","name":"Comment","target":["https:\/\/interamerica.org\/es\/2018\/06\/las-perturbaciones-climaticas-deberian-impulsar-a-los-adventistas-a-la-accion-afirman-investigadores\/#respond"]}]},{"@type":"WebPage","@id":"https:\/\/interamerica.org\/es\/2018\/06\/las-perturbaciones-climaticas-deberian-impulsar-a-los-adventistas-a-la-accion-afirman-investigadores\/","url":"https:\/\/interamerica.org\/es\/2018\/06\/las-perturbaciones-climaticas-deberian-impulsar-a-los-adventistas-a-la-accion-afirman-investigadores\/","name":"Las perturbaciones clim\u00e1ticas deber\u00edan impulsar a los adventistas a la acci\u00f3n, afirman investigadores - Iglesia Adventista del S\u00e9ptimo D\u00eda - Divisi\u00f3n Interamericana","isPartOf":{"@id":"https:\/\/interamerica.org\/es\/#website"},"primaryImageOfPage":{"@id":"https:\/\/interamerica.org\/es\/2018\/06\/las-perturbaciones-climaticas-deberian-impulsar-a-los-adventistas-a-la-accion-afirman-investigadores\/#primaryimage"},"image":{"@id":"https:\/\/interamerica.org\/es\/2018\/06\/las-perturbaciones-climaticas-deberian-impulsar-a-los-adventistas-a-la-accion-afirman-investigadores\/#primaryimage"},"thumbnailUrl":"https:\/\/interamerica.org\/wp-content\/uploads\/2018\/06\/tree-unsplash1280.jpg","datePublished":"2018-06-21T15:38:05+00:00","dateModified":"2018-06-25T12:49:41+00:00","author":{"@id":"https:\/\/interamerica.org\/es\/#\/schema\/person\/29998f2bc2d8bd0d38662909289b54f1"},"breadcrumb":{"@id":"https:\/\/interamerica.org\/es\/2018\/06\/las-perturbaciones-climaticas-deberian-impulsar-a-los-adventistas-a-la-accion-afirman-investigadores\/#breadcrumb"},"inLanguage":"es","potentialAction":[{"@type":"ReadAction","target":["https:\/\/interamerica.org\/es\/2018\/06\/las-perturbaciones-climaticas-deberian-impulsar-a-los-adventistas-a-la-accion-afirman-investigadores\/"]}]},{"@type":"ImageObject","inLanguage":"es","@id":"https:\/\/interamerica.org\/es\/2018\/06\/las-perturbaciones-climaticas-deberian-impulsar-a-los-adventistas-a-la-accion-afirman-investigadores\/#primaryimage","url":"https:\/\/interamerica.org\/wp-content\/uploads\/2018\/06\/tree-unsplash1280.jpg","contentUrl":"https:\/\/interamerica.org\/wp-content\/uploads\/2018\/06\/tree-unsplash1280.jpg","width":1280,"height":851},{"@type":"BreadcrumbList","@id":"https:\/\/interamerica.org\/es\/2018\/06\/las-perturbaciones-climaticas-deberian-impulsar-a-los-adventistas-a-la-accion-afirman-investigadores\/#breadcrumb","itemListElement":[{"@type":"ListItem","position":1,"name":"Home","item":"https:\/\/interamerica.org\/es\/"},{"@type":"ListItem","position":2,"name":"Las perturbaciones clim\u00e1ticas deber\u00edan impulsar a los adventistas a la acci\u00f3n, afirman investigadores"}]},{"@type":"WebSite","@id":"https:\/\/interamerica.org\/es\/#website","url":"https:\/\/interamerica.org\/es\/","name":"Iglesia Adventista del S\u00e9ptimo D\u00eda - Divisi\u00f3n Interamericana","description":"","potentialAction":[{"@type":"SearchAction","target":{"@type":"EntryPoint","urlTemplate":"https:\/\/interamerica.org\/es\/?s={search_term_string}"},"query-input":{"@type":"PropertyValueSpecification","valueRequired":true,"valueName":"search_term_string"}}],"inLanguage":"es"},{"@type":"Person","@id":"https:\/\/interamerica.org\/es\/#\/schema\/person\/29998f2bc2d8bd0d38662909289b54f1","name":"libna","image":{"@type":"ImageObject","inLanguage":"es","@id":"https:\/\/secure.gravatar.com\/avatar\/7c5bd30ae4b47a9ba3c856590957fd1d96dc588bf3ac05719d247e126840331f?s=96&d=mm&r=g","url":"https:\/\/secure.gravatar.com\/avatar\/7c5bd30ae4b47a9ba3c856590957fd1d96dc588bf3ac05719d247e126840331f?s=96&d=mm&r=g","contentUrl":"https:\/\/secure.gravatar.com\/avatar\/7c5bd30ae4b47a9ba3c856590957fd1d96dc588bf3ac05719d247e126840331f?s=96&d=mm&r=g","caption":"libna"}}]}},"_links":{"self":[{"href":"https:\/\/interamerica.org\/es\/wp-json\/wp\/v2\/posts\/42283","targetHints":{"allow":["GET"]}}],"collection":[{"href":"https:\/\/interamerica.org\/es\/wp-json\/wp\/v2\/posts"}],"about":[{"href":"https:\/\/interamerica.org\/es\/wp-json\/wp\/v2\/types\/post"}],"author":[{"embeddable":true,"href":"https:\/\/interamerica.org\/es\/wp-json\/wp\/v2\/users\/3"}],"replies":[{"embeddable":true,"href":"https:\/\/interamerica.org\/es\/wp-json\/wp\/v2\/comments?post=42283"}],"version-history":[{"count":0,"href":"https:\/\/interamerica.org\/es\/wp-json\/wp\/v2\/posts\/42283\/revisions"}],"wp:featuredmedia":[{"embeddable":true,"href":"https:\/\/interamerica.org\/es\/wp-json\/wp\/v2\/media\/42276"}],"wp:attachment":[{"href":"https:\/\/interamerica.org\/es\/wp-json\/wp\/v2\/media?parent=42283"}],"wp:term":[{"taxonomy":"category","embeddable":true,"href":"https:\/\/interamerica.org\/es\/wp-json\/wp\/v2\/categories?post=42283"},{"taxonomy":"post_tag","embeddable":true,"href":"https:\/\/interamerica.org\/es\/wp-json\/wp\/v2\/tags?post=42283"}],"curies":[{"name":"wp","href":"https:\/\/api.w.org\/{rel}","templated":true}]}}