{"id":42291,"date":"2018-06-25T10:07:39","date_gmt":"2018-06-25T14:07:39","guid":{"rendered":"https:\/\/recursing-golick.147-182-135-0.plesk.page\/?p=42291"},"modified":"2018-06-25T16:29:29","modified_gmt":"2018-06-25T20:29:29","slug":"teologos-adventistas-aprueban-declaracion-sobre-escatologia-biblica","status":"publish","type":"post","link":"https:\/\/interamerica.org\/es\/2018\/06\/teologos-adventistas-aprueban-declaracion-sobre-escatologia-biblica\/","title":{"rendered":"Te\u00f3logos adventistas aprueban declaraci\u00f3n sobre escatolog\u00eda b\u00edblica"},"content":{"rendered":"<p><span class=\"byline-news\">22 de junio de 2018 | Roma, Italia | Instituto de Investigaciones B\u00edblicas<\/span><\/p>\n<p><em><span class=\"cap\">Te\u00f3logos y administradores adventistas de todo el mundo congregados en Roma, Italia, para la IV Conferencia B\u00edblica Internacional, del 11 al 21 de junio de 2018, votaron una Declaraci\u00f3n de Consenso en el cierre del evento el 20 de junio. El tema de la conferencia fue la escatolog\u00eda b\u00edblica, o el estudio de los eventos de los \u00faltimos d\u00edas seg\u00fan la Biblia. El documento votado reafirma la comprensi\u00f3n adventista de la profec\u00eda b\u00edblica y sus implicaciones misionol\u00f3gicas para la iglesia. A continuaci\u00f3n compartimos el texto completo del documento aprobado. ~ Los editores <\/span><\/em><\/p>\n<p><strong>DECLARACI\u00d3N DE CONSENSO<br \/>\nIV Conferencia B\u00edblica Internacional<br \/>\nRoma, Italia<br \/>\n11-21 de junio de 2018<\/strong><\/p>\n<p><strong>Introducci\u00f3n<\/strong><\/p>\n<p>La IV Conferencia B\u00edblica Internacional se llev\u00f3 a cabo en Roma, Italia, del 11-21 de junio de 2018, con la tem\u00e1tica \u201cEscatolog\u00eda b\u00edblica\u201d. Casi cuatrocientos investigadores, pastores, educadores y l\u00edderes adventistas, que comparten un profundo compromiso con las Escrituras y una cosmovisi\u00f3n b\u00edblica, se reunieron desde diversas partes del mundo para explorar perspectivas b\u00edblicas, teol\u00f3gicas, hist\u00f3ricas, \u00e9ticas, misionol\u00f3gicas y cient\u00edficas sobre la escatolog\u00eda. El objetivo de la conferencia fue afirmar y explorar la escatolog\u00eda b\u00edblica, fomentar la camarader\u00eda y la unidad, y producir un sentido renovado de los tiempos en que vivimos para estar mejor equipados para servir al Se\u00f1or y su iglesia. Hemos sido enriquecidos espiritual e intelectualmente mediante el estudio de la Biblia y la adoraci\u00f3n, los momentos de oraci\u00f3n, las conferencias, las discusiones y los recorridos educacionales a lugares b\u00edblicos, hist\u00f3ricos y arqueol\u00f3gicos significativos.<\/p>\n<p>Como adventistas del s\u00e9ptimo d\u00eda, nos impulsa la convicci\u00f3n personal y profunda de la cercan\u00eda de la venida de Cristo como un evento literal, visible, personal y mundial. Somos sumamente conscientes de los desaf\u00edos que se est\u00e1n haciendo al enfoque historicista de la escatolog\u00eda b\u00edblica. Esos desaf\u00edos incluyen los enfoques preteristas, futuristas e idealistas a los libros de Daniel y Apocalipsis, las cosmolog\u00edas cient\u00edficas que engendran escepticismo hacia una resoluci\u00f3n sobrenatural divina al problema del pecado y la muerte, y especulaciones respecto de lo que a\u00fan no ha sido revelado.<\/p>\n<p><strong>Declaraci\u00f3n de afirmaci\u00f3n<\/strong><\/p>\n<p>Comprometidos con los principios de <em>sola <\/em>y <em>tota Scriptura<\/em>, afirmamos por la presente que la Iglesia Adventista del S\u00e9ptimo D\u00eda, que surgi\u00f3 en cumplimiento de las profec\u00edas b\u00edblicas cerca del final de la historia de la tierra, posee una perspectiva escatol\u00f3gica que forma parte integral de su teolog\u00eda, mensaje y misi\u00f3n.<\/p>\n<p>Afirmamos que la escatolog\u00eda se origina en el Dios trino. Cuando se cumpli\u00f3 el tiempo predicho, Dios el Padre envi\u00f3 a su Hijo Jesucristo para redimirnos y adoptarnos como sus hijos (<a class=\"rtBibleRef\" href=\"https:\/\/biblia.com\/bible\/nkjv\/Gal%204.4-5\" target=\"_blank\" rel=\"noopener\" data-reference=\"Gal 4.4-5\" data-version=\"nkjv\" data-purpose=\"bible-reference\">G\u00e1l 4:4-5<\/a>) y hacer progresar su plan de salvaci\u00f3n, que culminar\u00e1 con el glorioso reino de Cristo despu\u00e9s de su parous\u00eda.<\/p>\n<p>Afirmamos que, debido a su vida, muerte y resurrecci\u00f3n, Jesucristo es el centro de nuestra esperanza escatol\u00f3gica. Por medio del Esp\u00edritu Santo, confirma a los creyentes individuales como hijos de Dios y herederos, mientras aguardan con ansias la liberaci\u00f3n final de toda corrupci\u00f3n (<a class=\"rtBibleRef\" href=\"https:\/\/biblia.com\/bible\/nkjv\/Rom%208.14-25\" target=\"_blank\" rel=\"noopener\" data-reference=\"Rom 8.14-25\" data-version=\"nkjv\" data-purpose=\"bible-reference\">Rom. 8:14-25<\/a>). Mediante el Esp\u00edritu Santo, Cristo tambi\u00e9n gu\u00eda a su iglesia para que comprenda e interprete correctamente las Escrituras hacia el cumplimiento de su misi\u00f3n, y nos lleva a la obediencia gozosa a su Palabra.<\/p>\n<p>Afirmamos que la escatolog\u00eda b\u00edblica representa la resoluci\u00f3n hist\u00f3rica y completa de Dios a los problemas causados por la entrada del pecado en el universo.<\/p>\n<p>Afirmamos que en la escatolog\u00eda b\u00edblica, Dios confirma sus promesas y anima a su pueblo para que viva significativamente a la luz del escathon.<\/p>\n<p>Afirmamos la exactitud hist\u00f3rica del relato b\u00edblico de la creaci\u00f3n, la ca\u00edda y el diluvio global como fundamentales para una comprensi\u00f3n apropiada de la escatolog\u00eda b\u00edblica.<\/p>\n<p>Afirmamos que los libros apocal\u00edpticos de Daniel y Apocalipsis son fundacionales para la comprensi\u00f3n de la escatolog\u00eda b\u00edblica, y que el m\u00e9todo historicista es el enfoque apropiado para interpretarlos.<\/p>\n<p>Afirmamos los mensajes de los tres \u00e1ngeles de Apocalipsis 14, con sus verdades interconectadas del evangelio eterno, el ministerio de Cristo en el santuario celestial, los mandamientos de Dios, incluido el s\u00e1bado como d\u00eda de reposo, el testimonio de Jes\u00fas, el juicio investigador, la segunda venida de Cristo para resucitar y redimir a su pueblo de la tierra, seguido por el milenio en el cielo, el juicio final sobre el pecado y los pecadores con la destrucci\u00f3n de ellos en el lago de fuego, que es la muerte segunda, y la recreaci\u00f3n que har\u00e1 Dios de esta tierra y el hogar eterno de su pueblo.<\/p>\n<p>Afirmamos que somos responsables de cuidar la creaci\u00f3n de Dios, lo que incluye a nuestro cuerpo como templo del Esp\u00edritu Santo, y reflejar el car\u00e1cter de amor Dios a todas las personas, inst\u00e1ndolos a aceptar este mensaje final de esperanza para un mundo que perece.<\/p>\n<p><strong>Implicaciones misionol\u00f3gicas<\/strong><\/p>\n<p>Todos los miembros de la Iglesia Adventista del S\u00e9ptimo D\u00eda deber\u00edan compartir esta visi\u00f3n escatol\u00f3gica con el mundo. En medio de un creciente escepticismo hacia esa futura esperanza y los intentos f\u00fatiles de construir un para\u00edso sobre la tierra, aceptamos el desaf\u00edo de proclamar esta escatolog\u00eda b\u00edblica dentro de nuestros variados contextos, y dedicarnos a la obra de hallar enfoques efectivos para responder a esos desaf\u00edos.<\/p>\n<p>Traducci\u00f3n de Marcos Paseggi<\/p>\n","protected":false},"excerpt":{"rendered":"<p>22 de junio de 2018 | Roma, Italia | Instituto de Investigaciones B\u00edblicas Te\u00f3logos y administradores adventistas de todo el mundo congregados en Roma, Italia, para la IV Conferencia B\u00edblica&#8230;<\/p>\n","protected":false},"author":3,"featured_media":42288,"comment_status":"open","ping_status":"closed","sticky":false,"template":"","format":"standard","meta":{"_acf_changed":false,"footnotes":""},"categories":[14,15],"tags":[],"class_list":["post-42291","post","type-post","status-publish","format-standard","has-post-thumbnail","hentry","category-de-la-iglesia-mundial","category-rss-espanol"],"acf":[],"yoast_head":"<!-- This site is optimized with the Yoast SEO plugin v27.3 - https:\/\/yoast.com\/product\/yoast-seo-wordpress\/ -->\n<title>Te\u00f3logos adventistas aprueban declaraci\u00f3n sobre escatolog\u00eda b\u00edblica - Iglesia Adventista del S\u00e9ptimo D\u00eda - Divisi\u00f3n Interamericana<\/title>\n<meta name=\"robots\" content=\"index, follow, max-snippet:-1, max-image-preview:large, max-video-preview:-1\" \/>\n<link rel=\"canonical\" href=\"https:\/\/interamerica.org\/es\/2018\/06\/teologos-adventistas-aprueban-declaracion-sobre-escatologia-biblica\/\" \/>\n<meta property=\"og:locale\" content=\"es_ES\" \/>\n<meta property=\"og:type\" content=\"article\" \/>\n<meta property=\"og:title\" content=\"Te\u00f3logos adventistas aprueban declaraci\u00f3n sobre escatolog\u00eda b\u00edblica - Iglesia Adventista del S\u00e9ptimo D\u00eda - Divisi\u00f3n Interamericana\" \/>\n<meta property=\"og:description\" content=\"22 de junio de 2018 | Roma, Italia | Instituto de Investigaciones B\u00edblicas Te\u00f3logos y administradores adventistas de todo el mundo congregados en Roma, Italia, para la IV Conferencia B\u00edblica...\" \/>\n<meta property=\"og:url\" content=\"https:\/\/interamerica.org\/es\/2018\/06\/teologos-adventistas-aprueban-declaracion-sobre-escatologia-biblica\/\" \/>\n<meta property=\"og:site_name\" content=\"Iglesia Adventista del S\u00e9ptimo D\u00eda - Divisi\u00f3n Interamericana\" \/>\n<meta property=\"article:published_time\" content=\"2018-06-25T14:07:39+00:00\" \/>\n<meta property=\"article:modified_time\" content=\"2018-06-25T20:29:29+00:00\" \/>\n<meta property=\"og:image\" content=\"https:\/\/interamerica.org\/wp-content\/uploads\/2018\/06\/clouds-unsplash.jpg\" \/>\n\t<meta property=\"og:image:width\" content=\"1280\" \/>\n\t<meta property=\"og:image:height\" content=\"800\" \/>\n\t<meta property=\"og:image:type\" content=\"image\/jpeg\" \/>\n<meta name=\"author\" content=\"libna\" \/>\n<meta name=\"twitter:card\" content=\"summary_large_image\" \/>\n<meta name=\"twitter:label1\" content=\"Escrito por\" \/>\n\t<meta name=\"twitter:data1\" content=\"libna\" \/>\n\t<meta name=\"twitter:label2\" content=\"Tiempo de lectura\" \/>\n\t<meta name=\"twitter:data2\" content=\"5 minutos\" \/>\n<script type=\"application\/ld+json\" class=\"yoast-schema-graph\">{\"@context\":\"https:\\\/\\\/schema.org\",\"@graph\":[{\"@type\":\"Article\",\"@id\":\"https:\\\/\\\/interamerica.org\\\/es\\\/2018\\\/06\\\/teologos-adventistas-aprueban-declaracion-sobre-escatologia-biblica\\\/#article\",\"isPartOf\":{\"@id\":\"https:\\\/\\\/interamerica.org\\\/es\\\/2018\\\/06\\\/teologos-adventistas-aprueban-declaracion-sobre-escatologia-biblica\\\/\"},\"author\":{\"name\":\"libna\",\"@id\":\"https:\\\/\\\/interamerica.org\\\/es\\\/#\\\/schema\\\/person\\\/29998f2bc2d8bd0d38662909289b54f1\"},\"headline\":\"Te\u00f3logos adventistas aprueban declaraci\u00f3n sobre escatolog\u00eda b\u00edblica\",\"datePublished\":\"2018-06-25T14:07:39+00:00\",\"dateModified\":\"2018-06-25T20:29:29+00:00\",\"mainEntityOfPage\":{\"@id\":\"https:\\\/\\\/interamerica.org\\\/es\\\/2018\\\/06\\\/teologos-adventistas-aprueban-declaracion-sobre-escatologia-biblica\\\/\"},\"wordCount\":971,\"commentCount\":0,\"image\":{\"@id\":\"https:\\\/\\\/interamerica.org\\\/es\\\/2018\\\/06\\\/teologos-adventistas-aprueban-declaracion-sobre-escatologia-biblica\\\/#primaryimage\"},\"thumbnailUrl\":\"https:\\\/\\\/interamerica.org\\\/wp-content\\\/uploads\\\/2018\\\/06\\\/clouds-unsplash.jpg\",\"articleSection\":[\"Desde la iglesia mundial\",\"RSS Espa\u00f1ol\"],\"inLanguage\":\"es\",\"potentialAction\":[{\"@type\":\"CommentAction\",\"name\":\"Comment\",\"target\":[\"https:\\\/\\\/interamerica.org\\\/es\\\/2018\\\/06\\\/teologos-adventistas-aprueban-declaracion-sobre-escatologia-biblica\\\/#respond\"]}]},{\"@type\":\"WebPage\",\"@id\":\"https:\\\/\\\/interamerica.org\\\/es\\\/2018\\\/06\\\/teologos-adventistas-aprueban-declaracion-sobre-escatologia-biblica\\\/\",\"url\":\"https:\\\/\\\/interamerica.org\\\/es\\\/2018\\\/06\\\/teologos-adventistas-aprueban-declaracion-sobre-escatologia-biblica\\\/\",\"name\":\"Te\u00f3logos adventistas aprueban declaraci\u00f3n sobre escatolog\u00eda b\u00edblica - Iglesia Adventista del S\u00e9ptimo D\u00eda - Divisi\u00f3n Interamericana\",\"isPartOf\":{\"@id\":\"https:\\\/\\\/interamerica.org\\\/es\\\/#website\"},\"primaryImageOfPage\":{\"@id\":\"https:\\\/\\\/interamerica.org\\\/es\\\/2018\\\/06\\\/teologos-adventistas-aprueban-declaracion-sobre-escatologia-biblica\\\/#primaryimage\"},\"image\":{\"@id\":\"https:\\\/\\\/interamerica.org\\\/es\\\/2018\\\/06\\\/teologos-adventistas-aprueban-declaracion-sobre-escatologia-biblica\\\/#primaryimage\"},\"thumbnailUrl\":\"https:\\\/\\\/interamerica.org\\\/wp-content\\\/uploads\\\/2018\\\/06\\\/clouds-unsplash.jpg\",\"datePublished\":\"2018-06-25T14:07:39+00:00\",\"dateModified\":\"2018-06-25T20:29:29+00:00\",\"author\":{\"@id\":\"https:\\\/\\\/interamerica.org\\\/es\\\/#\\\/schema\\\/person\\\/29998f2bc2d8bd0d38662909289b54f1\"},\"breadcrumb\":{\"@id\":\"https:\\\/\\\/interamerica.org\\\/es\\\/2018\\\/06\\\/teologos-adventistas-aprueban-declaracion-sobre-escatologia-biblica\\\/#breadcrumb\"},\"inLanguage\":\"es\",\"potentialAction\":[{\"@type\":\"ReadAction\",\"target\":[\"https:\\\/\\\/interamerica.org\\\/es\\\/2018\\\/06\\\/teologos-adventistas-aprueban-declaracion-sobre-escatologia-biblica\\\/\"]}]},{\"@type\":\"ImageObject\",\"inLanguage\":\"es\",\"@id\":\"https:\\\/\\\/interamerica.org\\\/es\\\/2018\\\/06\\\/teologos-adventistas-aprueban-declaracion-sobre-escatologia-biblica\\\/#primaryimage\",\"url\":\"https:\\\/\\\/interamerica.org\\\/wp-content\\\/uploads\\\/2018\\\/06\\\/clouds-unsplash.jpg\",\"contentUrl\":\"https:\\\/\\\/interamerica.org\\\/wp-content\\\/uploads\\\/2018\\\/06\\\/clouds-unsplash.jpg\",\"width\":1280,\"height\":800},{\"@type\":\"BreadcrumbList\",\"@id\":\"https:\\\/\\\/interamerica.org\\\/es\\\/2018\\\/06\\\/teologos-adventistas-aprueban-declaracion-sobre-escatologia-biblica\\\/#breadcrumb\",\"itemListElement\":[{\"@type\":\"ListItem\",\"position\":1,\"name\":\"Home\",\"item\":\"https:\\\/\\\/interamerica.org\\\/es\\\/\"},{\"@type\":\"ListItem\",\"position\":2,\"name\":\"Te\u00f3logos adventistas aprueban declaraci\u00f3n sobre escatolog\u00eda b\u00edblica\"}]},{\"@type\":\"WebSite\",\"@id\":\"https:\\\/\\\/interamerica.org\\\/es\\\/#website\",\"url\":\"https:\\\/\\\/interamerica.org\\\/es\\\/\",\"name\":\"Iglesia Adventista del S\u00e9ptimo D\u00eda - Divisi\u00f3n Interamericana\",\"description\":\"\",\"potentialAction\":[{\"@type\":\"SearchAction\",\"target\":{\"@type\":\"EntryPoint\",\"urlTemplate\":\"https:\\\/\\\/interamerica.org\\\/es\\\/?s={search_term_string}\"},\"query-input\":{\"@type\":\"PropertyValueSpecification\",\"valueRequired\":true,\"valueName\":\"search_term_string\"}}],\"inLanguage\":\"es\"},{\"@type\":\"Person\",\"@id\":\"https:\\\/\\\/interamerica.org\\\/es\\\/#\\\/schema\\\/person\\\/29998f2bc2d8bd0d38662909289b54f1\",\"name\":\"libna\",\"image\":{\"@type\":\"ImageObject\",\"inLanguage\":\"es\",\"@id\":\"https:\\\/\\\/secure.gravatar.com\\\/avatar\\\/7c5bd30ae4b47a9ba3c856590957fd1d96dc588bf3ac05719d247e126840331f?s=96&d=mm&r=g\",\"url\":\"https:\\\/\\\/secure.gravatar.com\\\/avatar\\\/7c5bd30ae4b47a9ba3c856590957fd1d96dc588bf3ac05719d247e126840331f?s=96&d=mm&r=g\",\"contentUrl\":\"https:\\\/\\\/secure.gravatar.com\\\/avatar\\\/7c5bd30ae4b47a9ba3c856590957fd1d96dc588bf3ac05719d247e126840331f?s=96&d=mm&r=g\",\"caption\":\"libna\"}}]}<\/script>\n<!-- \/ Yoast SEO plugin. -->","yoast_head_json":{"title":"Te\u00f3logos adventistas aprueban declaraci\u00f3n sobre escatolog\u00eda b\u00edblica - Iglesia Adventista del S\u00e9ptimo D\u00eda - Divisi\u00f3n Interamericana","robots":{"index":"index","follow":"follow","max-snippet":"max-snippet:-1","max-image-preview":"max-image-preview:large","max-video-preview":"max-video-preview:-1"},"canonical":"https:\/\/interamerica.org\/es\/2018\/06\/teologos-adventistas-aprueban-declaracion-sobre-escatologia-biblica\/","og_locale":"es_ES","og_type":"article","og_title":"Te\u00f3logos adventistas aprueban declaraci\u00f3n sobre escatolog\u00eda b\u00edblica - Iglesia Adventista del S\u00e9ptimo D\u00eda - Divisi\u00f3n Interamericana","og_description":"22 de junio de 2018 | Roma, Italia | Instituto de Investigaciones B\u00edblicas Te\u00f3logos y administradores adventistas de todo el mundo congregados en Roma, Italia, para la IV Conferencia B\u00edblica...","og_url":"https:\/\/interamerica.org\/es\/2018\/06\/teologos-adventistas-aprueban-declaracion-sobre-escatologia-biblica\/","og_site_name":"Iglesia Adventista del S\u00e9ptimo D\u00eda - Divisi\u00f3n Interamericana","article_published_time":"2018-06-25T14:07:39+00:00","article_modified_time":"2018-06-25T20:29:29+00:00","og_image":[{"width":1280,"height":800,"url":"https:\/\/interamerica.org\/wp-content\/uploads\/2018\/06\/clouds-unsplash.jpg","type":"image\/jpeg"}],"author":"libna","twitter_card":"summary_large_image","twitter_misc":{"Escrito por":"libna","Tiempo de lectura":"5 minutos"},"schema":{"@context":"https:\/\/schema.org","@graph":[{"@type":"Article","@id":"https:\/\/interamerica.org\/es\/2018\/06\/teologos-adventistas-aprueban-declaracion-sobre-escatologia-biblica\/#article","isPartOf":{"@id":"https:\/\/interamerica.org\/es\/2018\/06\/teologos-adventistas-aprueban-declaracion-sobre-escatologia-biblica\/"},"author":{"name":"libna","@id":"https:\/\/interamerica.org\/es\/#\/schema\/person\/29998f2bc2d8bd0d38662909289b54f1"},"headline":"Te\u00f3logos adventistas aprueban declaraci\u00f3n sobre escatolog\u00eda b\u00edblica","datePublished":"2018-06-25T14:07:39+00:00","dateModified":"2018-06-25T20:29:29+00:00","mainEntityOfPage":{"@id":"https:\/\/interamerica.org\/es\/2018\/06\/teologos-adventistas-aprueban-declaracion-sobre-escatologia-biblica\/"},"wordCount":971,"commentCount":0,"image":{"@id":"https:\/\/interamerica.org\/es\/2018\/06\/teologos-adventistas-aprueban-declaracion-sobre-escatologia-biblica\/#primaryimage"},"thumbnailUrl":"https:\/\/interamerica.org\/wp-content\/uploads\/2018\/06\/clouds-unsplash.jpg","articleSection":["Desde la iglesia mundial","RSS Espa\u00f1ol"],"inLanguage":"es","potentialAction":[{"@type":"CommentAction","name":"Comment","target":["https:\/\/interamerica.org\/es\/2018\/06\/teologos-adventistas-aprueban-declaracion-sobre-escatologia-biblica\/#respond"]}]},{"@type":"WebPage","@id":"https:\/\/interamerica.org\/es\/2018\/06\/teologos-adventistas-aprueban-declaracion-sobre-escatologia-biblica\/","url":"https:\/\/interamerica.org\/es\/2018\/06\/teologos-adventistas-aprueban-declaracion-sobre-escatologia-biblica\/","name":"Te\u00f3logos adventistas aprueban declaraci\u00f3n sobre escatolog\u00eda b\u00edblica - Iglesia Adventista del S\u00e9ptimo D\u00eda - Divisi\u00f3n Interamericana","isPartOf":{"@id":"https:\/\/interamerica.org\/es\/#website"},"primaryImageOfPage":{"@id":"https:\/\/interamerica.org\/es\/2018\/06\/teologos-adventistas-aprueban-declaracion-sobre-escatologia-biblica\/#primaryimage"},"image":{"@id":"https:\/\/interamerica.org\/es\/2018\/06\/teologos-adventistas-aprueban-declaracion-sobre-escatologia-biblica\/#primaryimage"},"thumbnailUrl":"https:\/\/interamerica.org\/wp-content\/uploads\/2018\/06\/clouds-unsplash.jpg","datePublished":"2018-06-25T14:07:39+00:00","dateModified":"2018-06-25T20:29:29+00:00","author":{"@id":"https:\/\/interamerica.org\/es\/#\/schema\/person\/29998f2bc2d8bd0d38662909289b54f1"},"breadcrumb":{"@id":"https:\/\/interamerica.org\/es\/2018\/06\/teologos-adventistas-aprueban-declaracion-sobre-escatologia-biblica\/#breadcrumb"},"inLanguage":"es","potentialAction":[{"@type":"ReadAction","target":["https:\/\/interamerica.org\/es\/2018\/06\/teologos-adventistas-aprueban-declaracion-sobre-escatologia-biblica\/"]}]},{"@type":"ImageObject","inLanguage":"es","@id":"https:\/\/interamerica.org\/es\/2018\/06\/teologos-adventistas-aprueban-declaracion-sobre-escatologia-biblica\/#primaryimage","url":"https:\/\/interamerica.org\/wp-content\/uploads\/2018\/06\/clouds-unsplash.jpg","contentUrl":"https:\/\/interamerica.org\/wp-content\/uploads\/2018\/06\/clouds-unsplash.jpg","width":1280,"height":800},{"@type":"BreadcrumbList","@id":"https:\/\/interamerica.org\/es\/2018\/06\/teologos-adventistas-aprueban-declaracion-sobre-escatologia-biblica\/#breadcrumb","itemListElement":[{"@type":"ListItem","position":1,"name":"Home","item":"https:\/\/interamerica.org\/es\/"},{"@type":"ListItem","position":2,"name":"Te\u00f3logos adventistas aprueban declaraci\u00f3n sobre escatolog\u00eda b\u00edblica"}]},{"@type":"WebSite","@id":"https:\/\/interamerica.org\/es\/#website","url":"https:\/\/interamerica.org\/es\/","name":"Iglesia Adventista del S\u00e9ptimo D\u00eda - Divisi\u00f3n Interamericana","description":"","potentialAction":[{"@type":"SearchAction","target":{"@type":"EntryPoint","urlTemplate":"https:\/\/interamerica.org\/es\/?s={search_term_string}"},"query-input":{"@type":"PropertyValueSpecification","valueRequired":true,"valueName":"search_term_string"}}],"inLanguage":"es"},{"@type":"Person","@id":"https:\/\/interamerica.org\/es\/#\/schema\/person\/29998f2bc2d8bd0d38662909289b54f1","name":"libna","image":{"@type":"ImageObject","inLanguage":"es","@id":"https:\/\/secure.gravatar.com\/avatar\/7c5bd30ae4b47a9ba3c856590957fd1d96dc588bf3ac05719d247e126840331f?s=96&d=mm&r=g","url":"https:\/\/secure.gravatar.com\/avatar\/7c5bd30ae4b47a9ba3c856590957fd1d96dc588bf3ac05719d247e126840331f?s=96&d=mm&r=g","contentUrl":"https:\/\/secure.gravatar.com\/avatar\/7c5bd30ae4b47a9ba3c856590957fd1d96dc588bf3ac05719d247e126840331f?s=96&d=mm&r=g","caption":"libna"}}]}},"_links":{"self":[{"href":"https:\/\/interamerica.org\/es\/wp-json\/wp\/v2\/posts\/42291","targetHints":{"allow":["GET"]}}],"collection":[{"href":"https:\/\/interamerica.org\/es\/wp-json\/wp\/v2\/posts"}],"about":[{"href":"https:\/\/interamerica.org\/es\/wp-json\/wp\/v2\/types\/post"}],"author":[{"embeddable":true,"href":"https:\/\/interamerica.org\/es\/wp-json\/wp\/v2\/users\/3"}],"replies":[{"embeddable":true,"href":"https:\/\/interamerica.org\/es\/wp-json\/wp\/v2\/comments?post=42291"}],"version-history":[{"count":0,"href":"https:\/\/interamerica.org\/es\/wp-json\/wp\/v2\/posts\/42291\/revisions"}],"wp:featuredmedia":[{"embeddable":true,"href":"https:\/\/interamerica.org\/es\/wp-json\/wp\/v2\/media\/42288"}],"wp:attachment":[{"href":"https:\/\/interamerica.org\/es\/wp-json\/wp\/v2\/media?parent=42291"}],"wp:term":[{"taxonomy":"category","embeddable":true,"href":"https:\/\/interamerica.org\/es\/wp-json\/wp\/v2\/categories?post=42291"},{"taxonomy":"post_tag","embeddable":true,"href":"https:\/\/interamerica.org\/es\/wp-json\/wp\/v2\/tags?post=42291"}],"curies":[{"name":"wp","href":"https:\/\/api.w.org\/{rel}","templated":true}]}}