{"id":42299,"date":"2018-06-25T19:46:59","date_gmt":"2018-06-25T23:46:59","guid":{"rendered":"https:\/\/recursing-golick.147-182-135-0.plesk.page\/?p=42299"},"modified":"2018-06-26T09:53:07","modified_gmt":"2018-06-26T13:53:07","slug":"commsessions-busca-fortalecer-la-comunicacion-entre-los-comunicadores-adventistas","status":"publish","type":"post","link":"https:\/\/interamerica.org\/es\/2018\/06\/commsessions-busca-fortalecer-la-comunicacion-entre-los-comunicadores-adventistas\/","title":{"rendered":"CommSessions busca fortalecer la comunicaci\u00f3n entre los comunicadores adventistas"},"content":{"rendered":"<p>25 de junio de 2018 | Miami, Florida, Estados Unidos | Libna Stevens\/DIA<\/p>\n<p>Un nuevo evento en l\u00ednea de \u201cCommSessions\u201d la semana que viene mostrar\u00e1 maneras en las que la comunicaci\u00f3n puede ser m\u00e1s efectiva entre los comunicadores y los l\u00edderes adventistas dentro de la iglesia. Se ha planificado la sesi\u00f3n de una hora para el martes 3 de julio de 2018, a las 11.00 hora de Miami.<\/p>\n<p>\u201cEsto es parte de nuestra estrategia m\u00e1s abarcadora de brindar capacitaci\u00f3n y fortalecer las habilidades de comunicaci\u00f3n entre los comunicadores adventistas de nuestro territorio en la Divisi\u00f3n Interamericana\u201d, dice Abel M\u00e1rquez, director de comunicaci\u00f3n de la Iglesia Adventista en Interam\u00e9rica y organizador principal del evento.<\/p>\n<p>Entre los oradores se encuentran miembros de la junta de la filial de Interam\u00e9rica de la Sociedad de Comunicadores Adventistas, quienes enfatizar\u00e1n la imagen corporativa, la producci\u00f3n de medios, la comunicaci\u00f3n digital y el periodismo.<\/p>\n<p>CommSessions es una serie de charlas sobre innovaci\u00f3n, creatividad y colaboraci\u00f3n para los pastores y l\u00edderes de la iglesia que es organizado por el departamento de comunicaci\u00f3n de la Divisi\u00f3n Interamericana y tiene lugar cada tres meses.<\/p>\n<p>Para seguir la sesi\u00f3n de una hora de CommSessions el pr\u00f3ximo 3 de julio a las 11.00, hora de Miami, en espa\u00f1ol, ingl\u00e9s y franc\u00e9s, entre a <a href=\"mailto:https:\/\/webcast.interamerica.org\/english\">webcast.interamerica.org<\/a><\/p>\n<p>Traducci\u00f3n de Marcos Paseggi<\/p>\n","protected":false},"excerpt":{"rendered":"<p>25 de junio de 2018 | Miami, Florida, Estados Unidos | Libna Stevens\/DIA Un nuevo evento en l\u00ednea de \u201cCommSessions\u201d la semana que viene mostrar\u00e1 maneras en las que la&#8230;<\/p>\n","protected":false},"author":3,"featured_media":42297,"comment_status":"open","ping_status":"closed","sticky":false,"template":"","format":"standard","meta":{"_acf_changed":false,"footnotes":""},"categories":[16,15],"tags":[],"class_list":["post-42299","post","type-post","status-publish","format-standard","has-post-thumbnail","hentry","category-desde-la-sede","category-rss-espanol"],"acf":[],"yoast_head":"<!-- This site is optimized with the Yoast SEO plugin v27.3 - https:\/\/yoast.com\/product\/yoast-seo-wordpress\/ -->\n<title>CommSessions busca fortalecer la comunicaci\u00f3n entre los comunicadores adventistas - Iglesia Adventista del S\u00e9ptimo D\u00eda - Divisi\u00f3n Interamericana<\/title>\n<meta name=\"robots\" content=\"index, follow, max-snippet:-1, max-image-preview:large, max-video-preview:-1\" \/>\n<link rel=\"canonical\" href=\"https:\/\/interamerica.org\/es\/2018\/06\/commsessions-busca-fortalecer-la-comunicacion-entre-los-comunicadores-adventistas\/\" \/>\n<meta property=\"og:locale\" content=\"es_ES\" \/>\n<meta property=\"og:type\" content=\"article\" \/>\n<meta property=\"og:title\" content=\"CommSessions busca fortalecer la comunicaci\u00f3n entre los comunicadores adventistas - Iglesia Adventista del S\u00e9ptimo D\u00eda - Divisi\u00f3n Interamericana\" \/>\n<meta property=\"og:description\" content=\"25 de junio de 2018 | Miami, Florida, Estados Unidos | Libna Stevens\/DIA Un nuevo evento en l\u00ednea de \u201cCommSessions\u201d la semana que viene mostrar\u00e1 maneras en las que la...\" \/>\n<meta property=\"og:url\" content=\"https:\/\/interamerica.org\/es\/2018\/06\/commsessions-busca-fortalecer-la-comunicacion-entre-los-comunicadores-adventistas\/\" \/>\n<meta property=\"og:site_name\" content=\"Iglesia Adventista del S\u00e9ptimo D\u00eda - Divisi\u00f3n Interamericana\" \/>\n<meta property=\"article:published_time\" content=\"2018-06-25T23:46:59+00:00\" \/>\n<meta property=\"article:modified_time\" content=\"2018-06-26T13:53:07+00:00\" \/>\n<meta property=\"og:image\" content=\"https:\/\/interamerica.org\/wp-content\/uploads\/2018\/06\/commsessions-squared.png\" \/>\n\t<meta property=\"og:image:width\" content=\"864\" \/>\n\t<meta property=\"og:image:height\" content=\"480\" \/>\n\t<meta property=\"og:image:type\" content=\"image\/png\" \/>\n<meta name=\"author\" content=\"libna\" \/>\n<meta name=\"twitter:card\" content=\"summary_large_image\" \/>\n<meta name=\"twitter:label1\" content=\"Escrito por\" \/>\n\t<meta name=\"twitter:data1\" content=\"libna\" \/>\n\t<meta name=\"twitter:label2\" content=\"Tiempo de lectura\" \/>\n\t<meta name=\"twitter:data2\" content=\"1 minuto\" \/>\n<script type=\"application\/ld+json\" class=\"yoast-schema-graph\">{\"@context\":\"https:\\\/\\\/schema.org\",\"@graph\":[{\"@type\":\"Article\",\"@id\":\"https:\\\/\\\/interamerica.org\\\/es\\\/2018\\\/06\\\/commsessions-busca-fortalecer-la-comunicacion-entre-los-comunicadores-adventistas\\\/#article\",\"isPartOf\":{\"@id\":\"https:\\\/\\\/interamerica.org\\\/es\\\/2018\\\/06\\\/commsessions-busca-fortalecer-la-comunicacion-entre-los-comunicadores-adventistas\\\/\"},\"author\":{\"name\":\"libna\",\"@id\":\"https:\\\/\\\/interamerica.org\\\/es\\\/#\\\/schema\\\/person\\\/29998f2bc2d8bd0d38662909289b54f1\"},\"headline\":\"CommSessions busca fortalecer la comunicaci\u00f3n entre los comunicadores adventistas\",\"datePublished\":\"2018-06-25T23:46:59+00:00\",\"dateModified\":\"2018-06-26T13:53:07+00:00\",\"mainEntityOfPage\":{\"@id\":\"https:\\\/\\\/interamerica.org\\\/es\\\/2018\\\/06\\\/commsessions-busca-fortalecer-la-comunicacion-entre-los-comunicadores-adventistas\\\/\"},\"wordCount\":248,\"commentCount\":0,\"image\":{\"@id\":\"https:\\\/\\\/interamerica.org\\\/es\\\/2018\\\/06\\\/commsessions-busca-fortalecer-la-comunicacion-entre-los-comunicadores-adventistas\\\/#primaryimage\"},\"thumbnailUrl\":\"https:\\\/\\\/interamerica.org\\\/wp-content\\\/uploads\\\/2018\\\/06\\\/commsessions-squared.png\",\"articleSection\":[\"Desde la sede\",\"RSS Espa\u00f1ol\"],\"inLanguage\":\"es\",\"potentialAction\":[{\"@type\":\"CommentAction\",\"name\":\"Comment\",\"target\":[\"https:\\\/\\\/interamerica.org\\\/es\\\/2018\\\/06\\\/commsessions-busca-fortalecer-la-comunicacion-entre-los-comunicadores-adventistas\\\/#respond\"]}]},{\"@type\":\"WebPage\",\"@id\":\"https:\\\/\\\/interamerica.org\\\/es\\\/2018\\\/06\\\/commsessions-busca-fortalecer-la-comunicacion-entre-los-comunicadores-adventistas\\\/\",\"url\":\"https:\\\/\\\/interamerica.org\\\/es\\\/2018\\\/06\\\/commsessions-busca-fortalecer-la-comunicacion-entre-los-comunicadores-adventistas\\\/\",\"name\":\"CommSessions busca fortalecer la comunicaci\u00f3n entre los comunicadores adventistas - Iglesia Adventista del S\u00e9ptimo D\u00eda - Divisi\u00f3n Interamericana\",\"isPartOf\":{\"@id\":\"https:\\\/\\\/interamerica.org\\\/es\\\/#website\"},\"primaryImageOfPage\":{\"@id\":\"https:\\\/\\\/interamerica.org\\\/es\\\/2018\\\/06\\\/commsessions-busca-fortalecer-la-comunicacion-entre-los-comunicadores-adventistas\\\/#primaryimage\"},\"image\":{\"@id\":\"https:\\\/\\\/interamerica.org\\\/es\\\/2018\\\/06\\\/commsessions-busca-fortalecer-la-comunicacion-entre-los-comunicadores-adventistas\\\/#primaryimage\"},\"thumbnailUrl\":\"https:\\\/\\\/interamerica.org\\\/wp-content\\\/uploads\\\/2018\\\/06\\\/commsessions-squared.png\",\"datePublished\":\"2018-06-25T23:46:59+00:00\",\"dateModified\":\"2018-06-26T13:53:07+00:00\",\"author\":{\"@id\":\"https:\\\/\\\/interamerica.org\\\/es\\\/#\\\/schema\\\/person\\\/29998f2bc2d8bd0d38662909289b54f1\"},\"breadcrumb\":{\"@id\":\"https:\\\/\\\/interamerica.org\\\/es\\\/2018\\\/06\\\/commsessions-busca-fortalecer-la-comunicacion-entre-los-comunicadores-adventistas\\\/#breadcrumb\"},\"inLanguage\":\"es\",\"potentialAction\":[{\"@type\":\"ReadAction\",\"target\":[\"https:\\\/\\\/interamerica.org\\\/es\\\/2018\\\/06\\\/commsessions-busca-fortalecer-la-comunicacion-entre-los-comunicadores-adventistas\\\/\"]}]},{\"@type\":\"ImageObject\",\"inLanguage\":\"es\",\"@id\":\"https:\\\/\\\/interamerica.org\\\/es\\\/2018\\\/06\\\/commsessions-busca-fortalecer-la-comunicacion-entre-los-comunicadores-adventistas\\\/#primaryimage\",\"url\":\"https:\\\/\\\/interamerica.org\\\/wp-content\\\/uploads\\\/2018\\\/06\\\/commsessions-squared.png\",\"contentUrl\":\"https:\\\/\\\/interamerica.org\\\/wp-content\\\/uploads\\\/2018\\\/06\\\/commsessions-squared.png\",\"width\":864,\"height\":480},{\"@type\":\"BreadcrumbList\",\"@id\":\"https:\\\/\\\/interamerica.org\\\/es\\\/2018\\\/06\\\/commsessions-busca-fortalecer-la-comunicacion-entre-los-comunicadores-adventistas\\\/#breadcrumb\",\"itemListElement\":[{\"@type\":\"ListItem\",\"position\":1,\"name\":\"Home\",\"item\":\"https:\\\/\\\/interamerica.org\\\/es\\\/\"},{\"@type\":\"ListItem\",\"position\":2,\"name\":\"CommSessions busca fortalecer la comunicaci\u00f3n entre los comunicadores adventistas\"}]},{\"@type\":\"WebSite\",\"@id\":\"https:\\\/\\\/interamerica.org\\\/es\\\/#website\",\"url\":\"https:\\\/\\\/interamerica.org\\\/es\\\/\",\"name\":\"Iglesia Adventista del S\u00e9ptimo D\u00eda - Divisi\u00f3n Interamericana\",\"description\":\"\",\"potentialAction\":[{\"@type\":\"SearchAction\",\"target\":{\"@type\":\"EntryPoint\",\"urlTemplate\":\"https:\\\/\\\/interamerica.org\\\/es\\\/?s={search_term_string}\"},\"query-input\":{\"@type\":\"PropertyValueSpecification\",\"valueRequired\":true,\"valueName\":\"search_term_string\"}}],\"inLanguage\":\"es\"},{\"@type\":\"Person\",\"@id\":\"https:\\\/\\\/interamerica.org\\\/es\\\/#\\\/schema\\\/person\\\/29998f2bc2d8bd0d38662909289b54f1\",\"name\":\"libna\",\"image\":{\"@type\":\"ImageObject\",\"inLanguage\":\"es\",\"@id\":\"https:\\\/\\\/secure.gravatar.com\\\/avatar\\\/7c5bd30ae4b47a9ba3c856590957fd1d96dc588bf3ac05719d247e126840331f?s=96&d=mm&r=g\",\"url\":\"https:\\\/\\\/secure.gravatar.com\\\/avatar\\\/7c5bd30ae4b47a9ba3c856590957fd1d96dc588bf3ac05719d247e126840331f?s=96&d=mm&r=g\",\"contentUrl\":\"https:\\\/\\\/secure.gravatar.com\\\/avatar\\\/7c5bd30ae4b47a9ba3c856590957fd1d96dc588bf3ac05719d247e126840331f?s=96&d=mm&r=g\",\"caption\":\"libna\"}}]}<\/script>\n<!-- \/ Yoast SEO plugin. -->","yoast_head_json":{"title":"CommSessions busca fortalecer la comunicaci\u00f3n entre los comunicadores adventistas - Iglesia Adventista del S\u00e9ptimo D\u00eda - Divisi\u00f3n Interamericana","robots":{"index":"index","follow":"follow","max-snippet":"max-snippet:-1","max-image-preview":"max-image-preview:large","max-video-preview":"max-video-preview:-1"},"canonical":"https:\/\/interamerica.org\/es\/2018\/06\/commsessions-busca-fortalecer-la-comunicacion-entre-los-comunicadores-adventistas\/","og_locale":"es_ES","og_type":"article","og_title":"CommSessions busca fortalecer la comunicaci\u00f3n entre los comunicadores adventistas - Iglesia Adventista del S\u00e9ptimo D\u00eda - Divisi\u00f3n Interamericana","og_description":"25 de junio de 2018 | Miami, Florida, Estados Unidos | Libna Stevens\/DIA Un nuevo evento en l\u00ednea de \u201cCommSessions\u201d la semana que viene mostrar\u00e1 maneras en las que la...","og_url":"https:\/\/interamerica.org\/es\/2018\/06\/commsessions-busca-fortalecer-la-comunicacion-entre-los-comunicadores-adventistas\/","og_site_name":"Iglesia Adventista del S\u00e9ptimo D\u00eda - Divisi\u00f3n Interamericana","article_published_time":"2018-06-25T23:46:59+00:00","article_modified_time":"2018-06-26T13:53:07+00:00","og_image":[{"width":864,"height":480,"url":"https:\/\/interamerica.org\/wp-content\/uploads\/2018\/06\/commsessions-squared.png","type":"image\/png"}],"author":"libna","twitter_card":"summary_large_image","twitter_misc":{"Escrito por":"libna","Tiempo de lectura":"1 minuto"},"schema":{"@context":"https:\/\/schema.org","@graph":[{"@type":"Article","@id":"https:\/\/interamerica.org\/es\/2018\/06\/commsessions-busca-fortalecer-la-comunicacion-entre-los-comunicadores-adventistas\/#article","isPartOf":{"@id":"https:\/\/interamerica.org\/es\/2018\/06\/commsessions-busca-fortalecer-la-comunicacion-entre-los-comunicadores-adventistas\/"},"author":{"name":"libna","@id":"https:\/\/interamerica.org\/es\/#\/schema\/person\/29998f2bc2d8bd0d38662909289b54f1"},"headline":"CommSessions busca fortalecer la comunicaci\u00f3n entre los comunicadores adventistas","datePublished":"2018-06-25T23:46:59+00:00","dateModified":"2018-06-26T13:53:07+00:00","mainEntityOfPage":{"@id":"https:\/\/interamerica.org\/es\/2018\/06\/commsessions-busca-fortalecer-la-comunicacion-entre-los-comunicadores-adventistas\/"},"wordCount":248,"commentCount":0,"image":{"@id":"https:\/\/interamerica.org\/es\/2018\/06\/commsessions-busca-fortalecer-la-comunicacion-entre-los-comunicadores-adventistas\/#primaryimage"},"thumbnailUrl":"https:\/\/interamerica.org\/wp-content\/uploads\/2018\/06\/commsessions-squared.png","articleSection":["Desde la sede","RSS Espa\u00f1ol"],"inLanguage":"es","potentialAction":[{"@type":"CommentAction","name":"Comment","target":["https:\/\/interamerica.org\/es\/2018\/06\/commsessions-busca-fortalecer-la-comunicacion-entre-los-comunicadores-adventistas\/#respond"]}]},{"@type":"WebPage","@id":"https:\/\/interamerica.org\/es\/2018\/06\/commsessions-busca-fortalecer-la-comunicacion-entre-los-comunicadores-adventistas\/","url":"https:\/\/interamerica.org\/es\/2018\/06\/commsessions-busca-fortalecer-la-comunicacion-entre-los-comunicadores-adventistas\/","name":"CommSessions busca fortalecer la comunicaci\u00f3n entre los comunicadores adventistas - Iglesia Adventista del S\u00e9ptimo D\u00eda - Divisi\u00f3n Interamericana","isPartOf":{"@id":"https:\/\/interamerica.org\/es\/#website"},"primaryImageOfPage":{"@id":"https:\/\/interamerica.org\/es\/2018\/06\/commsessions-busca-fortalecer-la-comunicacion-entre-los-comunicadores-adventistas\/#primaryimage"},"image":{"@id":"https:\/\/interamerica.org\/es\/2018\/06\/commsessions-busca-fortalecer-la-comunicacion-entre-los-comunicadores-adventistas\/#primaryimage"},"thumbnailUrl":"https:\/\/interamerica.org\/wp-content\/uploads\/2018\/06\/commsessions-squared.png","datePublished":"2018-06-25T23:46:59+00:00","dateModified":"2018-06-26T13:53:07+00:00","author":{"@id":"https:\/\/interamerica.org\/es\/#\/schema\/person\/29998f2bc2d8bd0d38662909289b54f1"},"breadcrumb":{"@id":"https:\/\/interamerica.org\/es\/2018\/06\/commsessions-busca-fortalecer-la-comunicacion-entre-los-comunicadores-adventistas\/#breadcrumb"},"inLanguage":"es","potentialAction":[{"@type":"ReadAction","target":["https:\/\/interamerica.org\/es\/2018\/06\/commsessions-busca-fortalecer-la-comunicacion-entre-los-comunicadores-adventistas\/"]}]},{"@type":"ImageObject","inLanguage":"es","@id":"https:\/\/interamerica.org\/es\/2018\/06\/commsessions-busca-fortalecer-la-comunicacion-entre-los-comunicadores-adventistas\/#primaryimage","url":"https:\/\/interamerica.org\/wp-content\/uploads\/2018\/06\/commsessions-squared.png","contentUrl":"https:\/\/interamerica.org\/wp-content\/uploads\/2018\/06\/commsessions-squared.png","width":864,"height":480},{"@type":"BreadcrumbList","@id":"https:\/\/interamerica.org\/es\/2018\/06\/commsessions-busca-fortalecer-la-comunicacion-entre-los-comunicadores-adventistas\/#breadcrumb","itemListElement":[{"@type":"ListItem","position":1,"name":"Home","item":"https:\/\/interamerica.org\/es\/"},{"@type":"ListItem","position":2,"name":"CommSessions busca fortalecer la comunicaci\u00f3n entre los comunicadores adventistas"}]},{"@type":"WebSite","@id":"https:\/\/interamerica.org\/es\/#website","url":"https:\/\/interamerica.org\/es\/","name":"Iglesia Adventista del S\u00e9ptimo D\u00eda - Divisi\u00f3n Interamericana","description":"","potentialAction":[{"@type":"SearchAction","target":{"@type":"EntryPoint","urlTemplate":"https:\/\/interamerica.org\/es\/?s={search_term_string}"},"query-input":{"@type":"PropertyValueSpecification","valueRequired":true,"valueName":"search_term_string"}}],"inLanguage":"es"},{"@type":"Person","@id":"https:\/\/interamerica.org\/es\/#\/schema\/person\/29998f2bc2d8bd0d38662909289b54f1","name":"libna","image":{"@type":"ImageObject","inLanguage":"es","@id":"https:\/\/secure.gravatar.com\/avatar\/7c5bd30ae4b47a9ba3c856590957fd1d96dc588bf3ac05719d247e126840331f?s=96&d=mm&r=g","url":"https:\/\/secure.gravatar.com\/avatar\/7c5bd30ae4b47a9ba3c856590957fd1d96dc588bf3ac05719d247e126840331f?s=96&d=mm&r=g","contentUrl":"https:\/\/secure.gravatar.com\/avatar\/7c5bd30ae4b47a9ba3c856590957fd1d96dc588bf3ac05719d247e126840331f?s=96&d=mm&r=g","caption":"libna"}}]}},"_links":{"self":[{"href":"https:\/\/interamerica.org\/es\/wp-json\/wp\/v2\/posts\/42299","targetHints":{"allow":["GET"]}}],"collection":[{"href":"https:\/\/interamerica.org\/es\/wp-json\/wp\/v2\/posts"}],"about":[{"href":"https:\/\/interamerica.org\/es\/wp-json\/wp\/v2\/types\/post"}],"author":[{"embeddable":true,"href":"https:\/\/interamerica.org\/es\/wp-json\/wp\/v2\/users\/3"}],"replies":[{"embeddable":true,"href":"https:\/\/interamerica.org\/es\/wp-json\/wp\/v2\/comments?post=42299"}],"version-history":[{"count":0,"href":"https:\/\/interamerica.org\/es\/wp-json\/wp\/v2\/posts\/42299\/revisions"}],"wp:featuredmedia":[{"embeddable":true,"href":"https:\/\/interamerica.org\/es\/wp-json\/wp\/v2\/media\/42297"}],"wp:attachment":[{"href":"https:\/\/interamerica.org\/es\/wp-json\/wp\/v2\/media?parent=42299"}],"wp:term":[{"taxonomy":"category","embeddable":true,"href":"https:\/\/interamerica.org\/es\/wp-json\/wp\/v2\/categories?post=42299"},{"taxonomy":"post_tag","embeddable":true,"href":"https:\/\/interamerica.org\/es\/wp-json\/wp\/v2\/tags?post=42299"}],"curies":[{"name":"wp","href":"https:\/\/api.w.org\/{rel}","templated":true}]}}