{"id":42301,"date":"2018-06-25T15:01:55","date_gmt":"2018-06-25T19:01:55","guid":{"rendered":"https:\/\/recursing-golick.147-182-135-0.plesk.page\/?p=42301"},"modified":"2018-06-25T22:14:21","modified_gmt":"2018-06-26T02:14:21","slug":"hablemos-sobre-suicidio-y-otros-problemas-mentales","status":"publish","type":"post","link":"https:\/\/interamerica.org\/es\/2018\/06\/hablemos-sobre-suicidio-y-otros-problemas-mentales\/","title":{"rendered":"Hablemos sobre suicidio y otros problemas mentales"},"content":{"rendered":"<p>21 de junio, 2018 | Loma Linda, California, Estados Unidos | Janelle Ringer, Loma Linda University News<\/p>\n<p>Melissa J. Pereau sent\u00eda una gran pasi\u00f3n por ayudar a la gente que pasaba por un momento cr\u00edtico en su vida, lo cual es la raz\u00f3n por la que esta siquiatra trabaja d\u00eda con d\u00eda ayudando a pacientes que est\u00e1n pensando en, o han hecho intentos de, cometer suicidio. Como directora m\u00e9dica y siquiatra del Centro de Medicina Conductual de la Universidad Loma Linda, la Dra. Pereau se enfrenta diariamente con las realidades del suicidio y de c\u00f3mo el mismo y otros t\u00f3picos relativos a la salud mental, afectan a cada comunidad de alguna u otra manera.<\/p>\n<p>A pesar de la prevalencia de los asuntos relacionados con la salud mental, cualquier intento de discusi\u00f3n al respecto es con frecuencia rechazado, debido a las sensibilidades que lo envuelven. Aun cuando los recientes suicidios de gran notoriedad en los Estados Unidos han levantado interrogantes que han impulsado a las personas a confrontar directamente este asunto, el problema es mucho m\u00e1s amplio. El \u00edndice de suicidios en los Estados Unidos se ha incrementado en un 30 por ciento desde la mitad de la d\u00e9cada de 1990, de acuerdo con los Centros para el Control y Prevenci\u00f3n de Enfermedades. En los Estados Unidos se cuentan, en promedio, 123 suicidios por d\u00eda, de acuerdo con la Fundaci\u00f3n Americana para la Prevenci\u00f3n del Suicidio.<\/p>\n<p>El trabajo realizado por la siquiatra Pereau con sus pacientes y sus grupos de apoyo, la ha inspirado a convertirse en vocera en favor de la concienciaci\u00f3n respecto a la salud mental. Su labor en la Universidad Loma Linda, una instituci\u00f3n de la Iglesia Adventista del S\u00e9ptimo D\u00eda, ubicada en Loma Linda, California, la ha enfrentado a muchas interrogantes de parte de pacientes y sus amigos y familiares acerca de la salud mental y el suicidio. La Dra. Pereau se prest\u00f3 para una entrevista con el fin de discutir asuntos sobre la salud mental, incluyendo el de buscar ayuda y herramientas para hacerle frente. Los siguientes son algunos extractos editados de dicha entrevista.<\/p>\n<p><strong>\u00bfC\u00f3mo puede un amigo o familiar de alguien que sufre de problemas de salud mental, abordar la conversaci\u00f3n al respecto, en forma saludable? <\/strong><\/p>\n<p>Deben asegurarse de no abordar a la persona imponiendo juicios. Entrar en la conversaci\u00f3n estando dispuestos a mostrar sus propias vulnerabilidades y debilidades. El partir de una plataforma de amor y solicitud puede ayudar mejor a abordar el tema de los pensamientos de suicidio o sentimientos de depresi\u00f3n o ansiedad.<\/p>\n<p><strong>Si alguien est\u00e1 evitando ver a un m\u00e9dico porque piensa que seguramente va a recibir un diagn\u00f3stico, \u00bfc\u00f3mo puede esta persona mitigar su temor a ser etiquetado? <\/strong><\/p>\n<p>Tiene sentido el que alguien no desee ver a un profesional de la salud mental porque tiene miedo de ser etiquetado con \u201cenfermedad mental\u201d; pero eso no ayuda al problema en s\u00ed. Lo mismo ocurre cuando no se quiere ir a ver al m\u00e9dico por temor a ser diagnosticado como enfermo de diabetes. Eso todav\u00eda significa que se tiene dicha enfermedad. Todav\u00eda sigue significando que se necesita ayuda y que es importante para la persona obtener la ayuda que necesita.<\/p>\n<p><strong>\u00bfQu\u00e9 tal si las circunstancias de la persona contribuyen mayormente a su dolor emocional? \u00bfC\u00f3mo puede saber qu\u00e9 es causado por su situaci\u00f3n y qu\u00e9 es debido a su subyacente enfermedad mental? <\/strong><\/p>\n<p>Las circunstancias de la vida pueden definitivamente contribuir a los pensamientos de suicidio, y la persona puede sentirse atrapada y aislada por causa de esas circunstancias. El contar con apoyo y tener personas a las cuales acudir es m\u00e1s importante que cualquier otra cosa en esas situaciones. El no estar solo puede ayudar en ambas situaciones, ya sea que se sufra por causa de enfermedad mental o por las circunstancias de la vida.<\/p>\n<p><strong>\u00bfHay algunas palabras o frases que usted le aconsejar\u00eda evitar a las personas cuando se habla de salud mental? <\/strong><\/p>\n<p>Es importante evitar acudir al sensacionalismo cuando se trata de enfermedades mentales, salud mental, detalles de suicidio, o detalles de enfermedades. Estas cosas pueden actuar como fuertes detonantes. En vez de eso, se debe preguntar m\u00e1s bien con qu\u00e9 est\u00e1 luchando la persona o qu\u00e9 le est\u00e1 causando dolor. Estas preguntas proveen mucho m\u00e1s consuelo que el entrar en espec\u00edficos.<\/p>\n<p><strong>\u00bfEn qu\u00e9 consiste una evaluaci\u00f3n de salud mental? <\/strong><\/p>\n<p>La evaluaci\u00f3n puede ser hecha por una variedad de diferentes proveedores de salud y presta atenci\u00f3n a cu\u00e1les son los elementos actuales que provocan estr\u00e9s y a formas de enfrentar tales motivos de estr\u00e9s. Algunas veces presta atenci\u00f3n a previas experiencias de la vida, pero con frecuencia se fija en las experiencias diarias de la persona y en qu\u00e9 tan lejos pueda esta persona estar de la base ideal. Se puede hablar con un siquiatra, un sic\u00f3logo, un trabajador social o con el m\u00e9dico personal.<\/p>\n<p><strong>\u00bfDeben preocuparse los pacientes porque los medicamentos antidepresivos o siqui\u00e1tricos los hagan cambiar como individuos? <\/strong><\/p>\n<p>Los medicamentos que tratan las enfermedades mentales no est\u00e1n dise\u00f1ados para cambiar a los pacientes en diferentes personas. Son para ayudar a la persona a volver a ser lo que era antes de que tuviera esa enfermedad. Con frecuencia, las personas tienen temor de darle al medicamento el tiempo suficiente para actuar. Algunos antidepresivos pueden tomar hasta seis semanas o m\u00e1s para poder obrar, as\u00ed que se debe hablar con el m\u00e9dico para saber qu\u00e9 esperar.<\/p>\n<p><strong>\u00bfQu\u00e9 es mejor para un paciente de enfermedad mental, ser tratado a trav\u00e9s de medicamentos, o a trav\u00e9s de terapia? <\/strong><\/p>\n<p>La mejor estrategia ser\u00eda el uso de medicamentos en combinaci\u00f3n con sesiones de asesoramiento y terapias. El enfoque hacia la \u201ctotalidad de la persona\u201d en el tratamiento, funciona para ir tanto a la ra\u00edz del asunto como para obtener el balance de los elementos qu\u00edmicos en el cerebro.<\/p>\n<p><strong>\u00bfC\u00f3mo puede una persona comenzar siquiera a hacer frente al suicidio de un ser amado? <\/strong><\/p>\n<p>Mantenerse involucrada con otras personas, ya sea uni\u00e9ndose a un grupo de apoyo [o] con un grupo peque\u00f1o de personas en las que puede confiar. Habr\u00e1 frecuentemente la tendencia a alejarse de los dem\u00e1s, pero, sin contar con distracciones, es m\u00e1s probable que la persona active m\u00e1s recuerdos dolorosos en cuanto a esa p\u00e9rdida. Se debe procurar el fortalecimiento y los h\u00e1bitos regulares de alimentaci\u00f3n, practicando tanto el ejercicio como el descanso, los cuales pueden ser de ayuda al enfrentar el dolor.<\/p>\n<p>Traducci\u00f3n \u2013 Gloria A Castrej\u00f3n<\/p>\n","protected":false},"excerpt":{"rendered":"<p>21 de junio, 2018 | Loma Linda, California, Estados Unidos | Janelle Ringer, Loma Linda University News Melissa J. Pereau sent\u00eda una gran pasi\u00f3n por ayudar a la gente que&#8230;<\/p>\n","protected":false},"author":3,"featured_media":42292,"comment_status":"open","ping_status":"closed","sticky":false,"template":"","format":"standard","meta":{"_acf_changed":false,"footnotes":""},"categories":[14,15],"tags":[],"class_list":["post-42301","post","type-post","status-publish","format-standard","has-post-thumbnail","hentry","category-de-la-iglesia-mundial","category-rss-espanol"],"acf":[],"yoast_head":"<!-- This site is optimized with the Yoast SEO plugin v27.3 - https:\/\/yoast.com\/product\/yoast-seo-wordpress\/ -->\n<title>Hablemos sobre suicidio y otros problemas mentales - Iglesia Adventista del S\u00e9ptimo D\u00eda - Divisi\u00f3n Interamericana<\/title>\n<meta name=\"robots\" content=\"index, follow, max-snippet:-1, max-image-preview:large, max-video-preview:-1\" \/>\n<link rel=\"canonical\" href=\"https:\/\/interamerica.org\/es\/2018\/06\/hablemos-sobre-suicidio-y-otros-problemas-mentales\/\" \/>\n<meta property=\"og:locale\" content=\"es_ES\" \/>\n<meta property=\"og:type\" content=\"article\" \/>\n<meta property=\"og:title\" content=\"Hablemos sobre suicidio y otros problemas mentales - Iglesia Adventista del S\u00e9ptimo D\u00eda - Divisi\u00f3n Interamericana\" \/>\n<meta property=\"og:description\" content=\"21 de junio, 2018 | Loma Linda, California, Estados Unidos | Janelle Ringer, Loma Linda University News Melissa J. Pereau sent\u00eda una gran pasi\u00f3n por ayudar a la gente que...\" \/>\n<meta property=\"og:url\" content=\"https:\/\/interamerica.org\/es\/2018\/06\/hablemos-sobre-suicidio-y-otros-problemas-mentales\/\" \/>\n<meta property=\"og:site_name\" content=\"Iglesia Adventista del S\u00e9ptimo D\u00eda - Divisi\u00f3n Interamericana\" \/>\n<meta property=\"article:published_time\" content=\"2018-06-25T19:01:55+00:00\" \/>\n<meta property=\"article:modified_time\" content=\"2018-06-26T02:14:21+00:00\" \/>\n<meta property=\"og:image\" content=\"https:\/\/interamerica.org\/wp-content\/uploads\/2018\/06\/sweet-ice-cream-photography-595402-unsplash.jpg\" \/>\n\t<meta property=\"og:image:width\" content=\"1280\" \/>\n\t<meta property=\"og:image:height\" content=\"800\" \/>\n\t<meta property=\"og:image:type\" content=\"image\/jpeg\" \/>\n<meta name=\"author\" content=\"libna\" \/>\n<meta name=\"twitter:card\" content=\"summary_large_image\" \/>\n<meta name=\"twitter:label1\" content=\"Escrito por\" \/>\n\t<meta name=\"twitter:data1\" content=\"libna\" \/>\n\t<meta name=\"twitter:label2\" content=\"Tiempo de lectura\" \/>\n\t<meta name=\"twitter:data2\" content=\"6 minutos\" \/>\n<script type=\"application\/ld+json\" class=\"yoast-schema-graph\">{\"@context\":\"https:\\\/\\\/schema.org\",\"@graph\":[{\"@type\":\"Article\",\"@id\":\"https:\\\/\\\/interamerica.org\\\/es\\\/2018\\\/06\\\/hablemos-sobre-suicidio-y-otros-problemas-mentales\\\/#article\",\"isPartOf\":{\"@id\":\"https:\\\/\\\/interamerica.org\\\/es\\\/2018\\\/06\\\/hablemos-sobre-suicidio-y-otros-problemas-mentales\\\/\"},\"author\":{\"name\":\"libna\",\"@id\":\"https:\\\/\\\/interamerica.org\\\/es\\\/#\\\/schema\\\/person\\\/29998f2bc2d8bd0d38662909289b54f1\"},\"headline\":\"Hablemos sobre suicidio y otros problemas mentales\",\"datePublished\":\"2018-06-25T19:01:55+00:00\",\"dateModified\":\"2018-06-26T02:14:21+00:00\",\"mainEntityOfPage\":{\"@id\":\"https:\\\/\\\/interamerica.org\\\/es\\\/2018\\\/06\\\/hablemos-sobre-suicidio-y-otros-problemas-mentales\\\/\"},\"wordCount\":1134,\"commentCount\":0,\"image\":{\"@id\":\"https:\\\/\\\/interamerica.org\\\/es\\\/2018\\\/06\\\/hablemos-sobre-suicidio-y-otros-problemas-mentales\\\/#primaryimage\"},\"thumbnailUrl\":\"https:\\\/\\\/interamerica.org\\\/wp-content\\\/uploads\\\/2018\\\/06\\\/sweet-ice-cream-photography-595402-unsplash.jpg\",\"articleSection\":[\"Desde la iglesia mundial\",\"RSS Espa\u00f1ol\"],\"inLanguage\":\"es\",\"potentialAction\":[{\"@type\":\"CommentAction\",\"name\":\"Comment\",\"target\":[\"https:\\\/\\\/interamerica.org\\\/es\\\/2018\\\/06\\\/hablemos-sobre-suicidio-y-otros-problemas-mentales\\\/#respond\"]}]},{\"@type\":\"WebPage\",\"@id\":\"https:\\\/\\\/interamerica.org\\\/es\\\/2018\\\/06\\\/hablemos-sobre-suicidio-y-otros-problemas-mentales\\\/\",\"url\":\"https:\\\/\\\/interamerica.org\\\/es\\\/2018\\\/06\\\/hablemos-sobre-suicidio-y-otros-problemas-mentales\\\/\",\"name\":\"Hablemos sobre suicidio y otros problemas mentales - Iglesia Adventista del S\u00e9ptimo D\u00eda - Divisi\u00f3n Interamericana\",\"isPartOf\":{\"@id\":\"https:\\\/\\\/interamerica.org\\\/es\\\/#website\"},\"primaryImageOfPage\":{\"@id\":\"https:\\\/\\\/interamerica.org\\\/es\\\/2018\\\/06\\\/hablemos-sobre-suicidio-y-otros-problemas-mentales\\\/#primaryimage\"},\"image\":{\"@id\":\"https:\\\/\\\/interamerica.org\\\/es\\\/2018\\\/06\\\/hablemos-sobre-suicidio-y-otros-problemas-mentales\\\/#primaryimage\"},\"thumbnailUrl\":\"https:\\\/\\\/interamerica.org\\\/wp-content\\\/uploads\\\/2018\\\/06\\\/sweet-ice-cream-photography-595402-unsplash.jpg\",\"datePublished\":\"2018-06-25T19:01:55+00:00\",\"dateModified\":\"2018-06-26T02:14:21+00:00\",\"author\":{\"@id\":\"https:\\\/\\\/interamerica.org\\\/es\\\/#\\\/schema\\\/person\\\/29998f2bc2d8bd0d38662909289b54f1\"},\"breadcrumb\":{\"@id\":\"https:\\\/\\\/interamerica.org\\\/es\\\/2018\\\/06\\\/hablemos-sobre-suicidio-y-otros-problemas-mentales\\\/#breadcrumb\"},\"inLanguage\":\"es\",\"potentialAction\":[{\"@type\":\"ReadAction\",\"target\":[\"https:\\\/\\\/interamerica.org\\\/es\\\/2018\\\/06\\\/hablemos-sobre-suicidio-y-otros-problemas-mentales\\\/\"]}]},{\"@type\":\"ImageObject\",\"inLanguage\":\"es\",\"@id\":\"https:\\\/\\\/interamerica.org\\\/es\\\/2018\\\/06\\\/hablemos-sobre-suicidio-y-otros-problemas-mentales\\\/#primaryimage\",\"url\":\"https:\\\/\\\/interamerica.org\\\/wp-content\\\/uploads\\\/2018\\\/06\\\/sweet-ice-cream-photography-595402-unsplash.jpg\",\"contentUrl\":\"https:\\\/\\\/interamerica.org\\\/wp-content\\\/uploads\\\/2018\\\/06\\\/sweet-ice-cream-photography-595402-unsplash.jpg\",\"width\":1280,\"height\":800},{\"@type\":\"BreadcrumbList\",\"@id\":\"https:\\\/\\\/interamerica.org\\\/es\\\/2018\\\/06\\\/hablemos-sobre-suicidio-y-otros-problemas-mentales\\\/#breadcrumb\",\"itemListElement\":[{\"@type\":\"ListItem\",\"position\":1,\"name\":\"Home\",\"item\":\"https:\\\/\\\/interamerica.org\\\/es\\\/\"},{\"@type\":\"ListItem\",\"position\":2,\"name\":\"Hablemos sobre suicidio y otros problemas mentales\"}]},{\"@type\":\"WebSite\",\"@id\":\"https:\\\/\\\/interamerica.org\\\/es\\\/#website\",\"url\":\"https:\\\/\\\/interamerica.org\\\/es\\\/\",\"name\":\"Iglesia Adventista del S\u00e9ptimo D\u00eda - Divisi\u00f3n Interamericana\",\"description\":\"\",\"potentialAction\":[{\"@type\":\"SearchAction\",\"target\":{\"@type\":\"EntryPoint\",\"urlTemplate\":\"https:\\\/\\\/interamerica.org\\\/es\\\/?s={search_term_string}\"},\"query-input\":{\"@type\":\"PropertyValueSpecification\",\"valueRequired\":true,\"valueName\":\"search_term_string\"}}],\"inLanguage\":\"es\"},{\"@type\":\"Person\",\"@id\":\"https:\\\/\\\/interamerica.org\\\/es\\\/#\\\/schema\\\/person\\\/29998f2bc2d8bd0d38662909289b54f1\",\"name\":\"libna\",\"image\":{\"@type\":\"ImageObject\",\"inLanguage\":\"es\",\"@id\":\"https:\\\/\\\/secure.gravatar.com\\\/avatar\\\/7c5bd30ae4b47a9ba3c856590957fd1d96dc588bf3ac05719d247e126840331f?s=96&d=mm&r=g\",\"url\":\"https:\\\/\\\/secure.gravatar.com\\\/avatar\\\/7c5bd30ae4b47a9ba3c856590957fd1d96dc588bf3ac05719d247e126840331f?s=96&d=mm&r=g\",\"contentUrl\":\"https:\\\/\\\/secure.gravatar.com\\\/avatar\\\/7c5bd30ae4b47a9ba3c856590957fd1d96dc588bf3ac05719d247e126840331f?s=96&d=mm&r=g\",\"caption\":\"libna\"}}]}<\/script>\n<!-- \/ Yoast SEO plugin. -->","yoast_head_json":{"title":"Hablemos sobre suicidio y otros problemas mentales - Iglesia Adventista del S\u00e9ptimo D\u00eda - Divisi\u00f3n Interamericana","robots":{"index":"index","follow":"follow","max-snippet":"max-snippet:-1","max-image-preview":"max-image-preview:large","max-video-preview":"max-video-preview:-1"},"canonical":"https:\/\/interamerica.org\/es\/2018\/06\/hablemos-sobre-suicidio-y-otros-problemas-mentales\/","og_locale":"es_ES","og_type":"article","og_title":"Hablemos sobre suicidio y otros problemas mentales - Iglesia Adventista del S\u00e9ptimo D\u00eda - Divisi\u00f3n Interamericana","og_description":"21 de junio, 2018 | Loma Linda, California, Estados Unidos | Janelle Ringer, Loma Linda University News Melissa J. Pereau sent\u00eda una gran pasi\u00f3n por ayudar a la gente que...","og_url":"https:\/\/interamerica.org\/es\/2018\/06\/hablemos-sobre-suicidio-y-otros-problemas-mentales\/","og_site_name":"Iglesia Adventista del S\u00e9ptimo D\u00eda - Divisi\u00f3n Interamericana","article_published_time":"2018-06-25T19:01:55+00:00","article_modified_time":"2018-06-26T02:14:21+00:00","og_image":[{"width":1280,"height":800,"url":"https:\/\/interamerica.org\/wp-content\/uploads\/2018\/06\/sweet-ice-cream-photography-595402-unsplash.jpg","type":"image\/jpeg"}],"author":"libna","twitter_card":"summary_large_image","twitter_misc":{"Escrito por":"libna","Tiempo de lectura":"6 minutos"},"schema":{"@context":"https:\/\/schema.org","@graph":[{"@type":"Article","@id":"https:\/\/interamerica.org\/es\/2018\/06\/hablemos-sobre-suicidio-y-otros-problemas-mentales\/#article","isPartOf":{"@id":"https:\/\/interamerica.org\/es\/2018\/06\/hablemos-sobre-suicidio-y-otros-problemas-mentales\/"},"author":{"name":"libna","@id":"https:\/\/interamerica.org\/es\/#\/schema\/person\/29998f2bc2d8bd0d38662909289b54f1"},"headline":"Hablemos sobre suicidio y otros problemas mentales","datePublished":"2018-06-25T19:01:55+00:00","dateModified":"2018-06-26T02:14:21+00:00","mainEntityOfPage":{"@id":"https:\/\/interamerica.org\/es\/2018\/06\/hablemos-sobre-suicidio-y-otros-problemas-mentales\/"},"wordCount":1134,"commentCount":0,"image":{"@id":"https:\/\/interamerica.org\/es\/2018\/06\/hablemos-sobre-suicidio-y-otros-problemas-mentales\/#primaryimage"},"thumbnailUrl":"https:\/\/interamerica.org\/wp-content\/uploads\/2018\/06\/sweet-ice-cream-photography-595402-unsplash.jpg","articleSection":["Desde la iglesia mundial","RSS Espa\u00f1ol"],"inLanguage":"es","potentialAction":[{"@type":"CommentAction","name":"Comment","target":["https:\/\/interamerica.org\/es\/2018\/06\/hablemos-sobre-suicidio-y-otros-problemas-mentales\/#respond"]}]},{"@type":"WebPage","@id":"https:\/\/interamerica.org\/es\/2018\/06\/hablemos-sobre-suicidio-y-otros-problemas-mentales\/","url":"https:\/\/interamerica.org\/es\/2018\/06\/hablemos-sobre-suicidio-y-otros-problemas-mentales\/","name":"Hablemos sobre suicidio y otros problemas mentales - Iglesia Adventista del S\u00e9ptimo D\u00eda - Divisi\u00f3n Interamericana","isPartOf":{"@id":"https:\/\/interamerica.org\/es\/#website"},"primaryImageOfPage":{"@id":"https:\/\/interamerica.org\/es\/2018\/06\/hablemos-sobre-suicidio-y-otros-problemas-mentales\/#primaryimage"},"image":{"@id":"https:\/\/interamerica.org\/es\/2018\/06\/hablemos-sobre-suicidio-y-otros-problemas-mentales\/#primaryimage"},"thumbnailUrl":"https:\/\/interamerica.org\/wp-content\/uploads\/2018\/06\/sweet-ice-cream-photography-595402-unsplash.jpg","datePublished":"2018-06-25T19:01:55+00:00","dateModified":"2018-06-26T02:14:21+00:00","author":{"@id":"https:\/\/interamerica.org\/es\/#\/schema\/person\/29998f2bc2d8bd0d38662909289b54f1"},"breadcrumb":{"@id":"https:\/\/interamerica.org\/es\/2018\/06\/hablemos-sobre-suicidio-y-otros-problemas-mentales\/#breadcrumb"},"inLanguage":"es","potentialAction":[{"@type":"ReadAction","target":["https:\/\/interamerica.org\/es\/2018\/06\/hablemos-sobre-suicidio-y-otros-problemas-mentales\/"]}]},{"@type":"ImageObject","inLanguage":"es","@id":"https:\/\/interamerica.org\/es\/2018\/06\/hablemos-sobre-suicidio-y-otros-problemas-mentales\/#primaryimage","url":"https:\/\/interamerica.org\/wp-content\/uploads\/2018\/06\/sweet-ice-cream-photography-595402-unsplash.jpg","contentUrl":"https:\/\/interamerica.org\/wp-content\/uploads\/2018\/06\/sweet-ice-cream-photography-595402-unsplash.jpg","width":1280,"height":800},{"@type":"BreadcrumbList","@id":"https:\/\/interamerica.org\/es\/2018\/06\/hablemos-sobre-suicidio-y-otros-problemas-mentales\/#breadcrumb","itemListElement":[{"@type":"ListItem","position":1,"name":"Home","item":"https:\/\/interamerica.org\/es\/"},{"@type":"ListItem","position":2,"name":"Hablemos sobre suicidio y otros problemas mentales"}]},{"@type":"WebSite","@id":"https:\/\/interamerica.org\/es\/#website","url":"https:\/\/interamerica.org\/es\/","name":"Iglesia Adventista del S\u00e9ptimo D\u00eda - Divisi\u00f3n Interamericana","description":"","potentialAction":[{"@type":"SearchAction","target":{"@type":"EntryPoint","urlTemplate":"https:\/\/interamerica.org\/es\/?s={search_term_string}"},"query-input":{"@type":"PropertyValueSpecification","valueRequired":true,"valueName":"search_term_string"}}],"inLanguage":"es"},{"@type":"Person","@id":"https:\/\/interamerica.org\/es\/#\/schema\/person\/29998f2bc2d8bd0d38662909289b54f1","name":"libna","image":{"@type":"ImageObject","inLanguage":"es","@id":"https:\/\/secure.gravatar.com\/avatar\/7c5bd30ae4b47a9ba3c856590957fd1d96dc588bf3ac05719d247e126840331f?s=96&d=mm&r=g","url":"https:\/\/secure.gravatar.com\/avatar\/7c5bd30ae4b47a9ba3c856590957fd1d96dc588bf3ac05719d247e126840331f?s=96&d=mm&r=g","contentUrl":"https:\/\/secure.gravatar.com\/avatar\/7c5bd30ae4b47a9ba3c856590957fd1d96dc588bf3ac05719d247e126840331f?s=96&d=mm&r=g","caption":"libna"}}]}},"_links":{"self":[{"href":"https:\/\/interamerica.org\/es\/wp-json\/wp\/v2\/posts\/42301","targetHints":{"allow":["GET"]}}],"collection":[{"href":"https:\/\/interamerica.org\/es\/wp-json\/wp\/v2\/posts"}],"about":[{"href":"https:\/\/interamerica.org\/es\/wp-json\/wp\/v2\/types\/post"}],"author":[{"embeddable":true,"href":"https:\/\/interamerica.org\/es\/wp-json\/wp\/v2\/users\/3"}],"replies":[{"embeddable":true,"href":"https:\/\/interamerica.org\/es\/wp-json\/wp\/v2\/comments?post=42301"}],"version-history":[{"count":0,"href":"https:\/\/interamerica.org\/es\/wp-json\/wp\/v2\/posts\/42301\/revisions"}],"wp:featuredmedia":[{"embeddable":true,"href":"https:\/\/interamerica.org\/es\/wp-json\/wp\/v2\/media\/42292"}],"wp:attachment":[{"href":"https:\/\/interamerica.org\/es\/wp-json\/wp\/v2\/media?parent=42301"}],"wp:term":[{"taxonomy":"category","embeddable":true,"href":"https:\/\/interamerica.org\/es\/wp-json\/wp\/v2\/categories?post=42301"},{"taxonomy":"post_tag","embeddable":true,"href":"https:\/\/interamerica.org\/es\/wp-json\/wp\/v2\/tags?post=42301"}],"curies":[{"name":"wp","href":"https:\/\/api.w.org\/{rel}","templated":true}]}}