{"id":42451,"date":"2018-07-09T15:06:15","date_gmt":"2018-07-09T19:06:15","guid":{"rendered":"https:\/\/recursing-golick.147-182-135-0.plesk.page\/?p=42451"},"modified":"2018-07-11T00:14:24","modified_gmt":"2018-07-11T04:14:24","slug":"iglesia-adventista-de-martinica-interactua-con-los-jovenes-en-primer-festival-cinematografico","status":"publish","type":"post","link":"https:\/\/interamerica.org\/es\/2018\/07\/iglesia-adventista-de-martinica-interactua-con-los-jovenes-en-primer-festival-cinematografico\/","title":{"rendered":"Iglesia Adventista de Martinica interact\u00faa con los j\u00f3venes en primer festival cinematogr\u00e1fico"},"content":{"rendered":"<div id=\"attachment_42406\" style=\"width: 770px\" class=\"wp-caption aligncenter\"><img fetchpriority=\"high\" decoding=\"async\" aria-describedby=\"caption-attachment-42406\" class=\" wp-image-42406\" src=\"https:\/\/recursing-golick.147-182-135-0.plesk.page\/wp-content\/uploads\/2018\/07\/filmfestival-crowd.jpg\" alt=\"\" width=\"760\" height=\"475\" srcset=\"https:\/\/interamerica.org\/wp-content\/uploads\/2018\/07\/filmfestival-crowd.jpg 1000w, https:\/\/interamerica.org\/wp-content\/uploads\/2018\/07\/filmfestival-crowd-300x188.jpg 300w, https:\/\/interamerica.org\/wp-content\/uploads\/2018\/07\/filmfestival-crowd-768x480.jpg 768w\" sizes=\"(max-width: 760px) 100vw, 760px\" \/><p id=\"caption-attachment-42406\" class=\"wp-caption-text\">M\u00e1s de 450 miembros de iglesia de las iglesias adventistas de Martinica se reunieron bajo una tienda para la transmisi\u00f3n de quince filmes, durante la primera parte de un festival cinematogr\u00e1fico, el 30 de junio de 2018, llevado a cabo en Sainte Luce, Martinica. Imagen de Abel M\u00e1rquez\/DIA<\/p><\/div>\n<p>9 de julio de 2018 | Sainte Luce, Martinica | Libna Stevens\/DIA<\/p>\n<p>Cientos de adventistas del s\u00e9ptimo d\u00eda en Martinica se reunieron hace poco para la transmisi\u00f3n de m\u00e1s de una decena de cortos, durante un Festival Cinematogr\u00e1fico que atrajo a m\u00e1s de cuatrocientos miembros de iglesia de la isla, el 30 de junio y el 1 de julio de 2018. Fue el primer festival de ese tipo organizado por la iglesia de Martinica para crear inter\u00e9s, promover la colaboraci\u00f3n, y generar una competencia positiva a la hora de compartir el evangelio de manera visual con los j\u00f3venes, dijeron los organizadores.<\/p>\n<p>Quince equipos de 14 iglesias adventistas respondieron al desaf\u00edo de producir un corto de diez minutos o menos que transmitiera un mensaje de esperanza, creara conciencia o fuera un llamado a la acci\u00f3n.<\/p>\n<p>\u201cQuer\u00edamos usar este festival para empoderar a los j\u00f3venes, animarlos a que usen la tecnolog\u00eda moderna, el lenguaje moderno para alcanzar a las personas\u201d, dijo el pastor Jean-Luc Chandler, director de comunicaci\u00f3n de la Asociaci\u00f3n de Martinica y principal organizador del evento.<\/p>\n<div id=\"attachment_42407\" style=\"width: 771px\" class=\"wp-caption aligncenter\"><img decoding=\"async\" aria-describedby=\"caption-attachment-42407\" class=\" wp-image-42407\" src=\"https:\/\/recursing-golick.147-182-135-0.plesk.page\/wp-content\/uploads\/2018\/07\/filmfestiva-martinique-leaders.jpg\" alt=\"\" width=\"761\" height=\"571\" srcset=\"https:\/\/interamerica.org\/wp-content\/uploads\/2018\/07\/filmfestiva-martinique-leaders.jpg 900w, https:\/\/interamerica.org\/wp-content\/uploads\/2018\/07\/filmfestiva-martinique-leaders-300x225.jpg 300w, https:\/\/interamerica.org\/wp-content\/uploads\/2018\/07\/filmfestiva-martinique-leaders-768x576.jpg 768w\" sizes=\"(max-width: 761px) 100vw, 761px\" \/><p id=\"caption-attachment-42407\" class=\"wp-caption-text\">De izquierda a derecha, los l\u00edderes de comunicaci\u00f3n: El pastor Williams Costa, de la Iglesia Adventista mundial; Thelor Lambert, de la Uni\u00f3n de Guyana y Antillas Francesas; Sam Neves, de la Iglesia Adventista mundial; y Jean-Luc Chandler, de Martinica. Imagen de Abel M\u00e1rquez\/DIA<\/p><\/div>\n<p>\u201cEse fue un evento clave para la Divisi\u00f3n Interamericana\u201d, dijo Abel M\u00e1rquez, director de comunicaci\u00f3n de la Iglesia Adventista en Interam\u00e9rica y director de Hope Channel Interam\u00e9rica. El festival cinematogr\u00e1fico es el primero en ser organizado en el territorio de la Divisi\u00f3n Interamericana y uno que, espera M\u00e1rquez, inspirar\u00e1 a otros pa\u00edses del territorio para que hagan lo mismo.<\/p>\n<p>Los equipos tuvieron que producir todo el filme, crear un poster para promocionar el corto, enviarlo y presentarlo a la multitud de amigos y miembros de iglesia durante el festival. Un panel de jueces escogi\u00f3 el primer, segundo y tercer lugares, adem\u00e1s de un premio al filme m\u00e1s creativo, mientras que la audiencia vot\u00f3 por su filme favorito durante el evento, dijo Chandler.<\/p>\n<p>El premio principal se lo llev\u00f3 el equipo de la iglesia Galaad por su filme llamado \u201cFid\u00e8le\u201d, o \u201cFiel\u201d, que cuenta de un cristiano que pierde el trabajo, sus luchas, su caminar cristiano y la manera en que su fidelidad en Dios se ve recompensada. Otros cortos se refirieron a c\u00f3mo ser como el Buen Samaritano, o incluyeron mensajes en contra de la violencia y sobre hacer lo correcto, entre otros temas.<\/p>\n<div id=\"attachment_42431\" style=\"width: 511px\" class=\"wp-caption aligncenter\"><img decoding=\"async\" aria-describedby=\"caption-attachment-42431\" class=\"wp-image-42431\" src=\"https:\/\/recursing-golick.147-182-135-0.plesk.page\/wp-content\/uploads\/2018\/07\/fidele.png\" alt=\"\" width=\"501\" height=\"711\" srcset=\"https:\/\/interamerica.org\/wp-content\/uploads\/2018\/07\/fidele.png 700w, https:\/\/interamerica.org\/wp-content\/uploads\/2018\/07\/fidele-211x300.png 211w\" sizes=\"(max-width: 501px) 100vw, 501px\" \/><p id=\"caption-attachment-42431\" class=\"wp-caption-text\">P\u00f3ster del filme ganador producido por el grupo de la iglesia Galaad en Robert, Martinica. Image por cortes\u00eda de la Uni\u00f3n de Guyana y Antillas Francesas<\/p><\/div>\n<p>El pastor Williams Costa, director de comunicaci\u00f3n de la Iglesia Adventista mundial, habl\u00f3 durante el evento y felicit\u00f3 a los l\u00edderes de la iglesia por la iniciativa de involucrar a los j\u00f3venes para que transmitan un mensaje positivo en los que los rodean.<\/p>\n<p>\u201cEs maravilloso ver la hermosa sinergia de personas, recursos e ideas, todos juntos produciendo materiales que inspiren a la iglesia, llamen la atenci\u00f3n de la gente y creen un v\u00ednculo con la comunidad\u201d, dijo Costa. A\u00f1adi\u00f3 asimismo que la iniciativa necesita ser imitada en otras partes de la iglesia mundial, donde los l\u00edderes creen oportunidades como ese festival, para que los miembros produzcan algo significativo que inspire a otros.<\/p>\n<p>El pastor Sam Neves, director asociado de comunicaci\u00f3n de la Iglesia Adventista mundial, felicit\u00f3 a los l\u00edderes locales por su apoyo al involucrar a los miembros, los adolescentes y sus padres, y a los interesados en reunirse para hacer filmes que cuenten historias. \u201cEsto se relaciona con Todo Miembro Involucrado, en el que los miembros se sumergen por completo en la misi\u00f3n de la iglesia, cada uno usando su don para esparcir el mensaje de salvaci\u00f3n\u201d, dijo Neves.<\/p>\n<div id=\"attachment_42408\" style=\"width: 770px\" class=\"wp-caption aligncenter\"><img loading=\"lazy\" decoding=\"async\" aria-describedby=\"caption-attachment-42408\" class=\" wp-image-42408\" src=\"https:\/\/recursing-golick.147-182-135-0.plesk.page\/wp-content\/uploads\/2018\/07\/fidele-martinique-filmfestival.jpg\" alt=\"\" width=\"760\" height=\"570\" srcset=\"https:\/\/interamerica.org\/wp-content\/uploads\/2018\/07\/fidele-martinique-filmfestival.jpg 900w, https:\/\/interamerica.org\/wp-content\/uploads\/2018\/07\/fidele-martinique-filmfestival-300x225.jpg 300w, https:\/\/interamerica.org\/wp-content\/uploads\/2018\/07\/fidele-martinique-filmfestival-768x576.jpg 768w\" sizes=\"(max-width: 760px) 100vw, 760px\" \/><p id=\"caption-attachment-42408\" class=\"wp-caption-text\">Miembros de iglesia de la iglesia Galaad celebran el primer lugar por la producci\u00f3n del filme \u201cFid\u00e8le\u201d, que sali\u00f3 premiado en el festival cinematogr\u00e1fico del 30 de junio y 1 de julio de 2018. Imagen de Abel M\u00e1rquez\/DIA<\/p><\/div>\n<p>El pastor Thelor Lambert, director de comunicaci\u00f3n de la Uni\u00f3n de Guyana y Antillas Francesas, y director de Esperance TV Interam\u00e9rique, dijo que los filmes ser\u00e1n pasados en el Hope Channel Interam\u00e9rica (canal en franc\u00e9s), en sus transmisiones en l\u00ednea, que tienen su sede en Martinica.<\/p>\n<p>Los ganadores del festival cinematogr\u00e1fico recibieron premios y nuevas herramientas para ayudarlos en sus producciones cinematogr\u00e1ficas. Se est\u00e1n haciendo planes de otro festival similar el a\u00f1o pr\u00f3ximo.<\/p>\n<p>Traducci\u00f3n de Marcos Paseggi<\/p>\n","protected":false},"excerpt":{"rendered":"<p>9 de julio de 2018 | Sainte Luce, Martinica | Libna Stevens\/DIA Cientos de adventistas del s\u00e9ptimo d\u00eda en Martinica se reunieron hace poco para la transmisi\u00f3n de m\u00e1s de&#8230;<\/p>\n","protected":false},"author":3,"featured_media":42405,"comment_status":"open","ping_status":"closed","sticky":false,"template":"","format":"standard","meta":{"_acf_changed":false,"footnotes":""},"categories":[17,15],"tags":[],"class_list":["post-42451","post","type-post","status-publish","format-standard","has-post-thumbnail","hentry","category-desde-el-campo","category-rss-espanol"],"acf":[],"yoast_head":"<!-- This site is optimized with the Yoast SEO plugin v27.3 - https:\/\/yoast.com\/product\/yoast-seo-wordpress\/ -->\n<title>Iglesia Adventista de Martinica interact\u00faa con los j\u00f3venes en primer festival cinematogr\u00e1fico - Iglesia Adventista del S\u00e9ptimo D\u00eda - Divisi\u00f3n Interamericana<\/title>\n<meta name=\"robots\" content=\"index, follow, max-snippet:-1, max-image-preview:large, max-video-preview:-1\" \/>\n<link rel=\"canonical\" href=\"https:\/\/interamerica.org\/es\/2018\/07\/iglesia-adventista-de-martinica-interactua-con-los-jovenes-en-primer-festival-cinematografico\/\" \/>\n<meta property=\"og:locale\" content=\"es_ES\" \/>\n<meta property=\"og:type\" content=\"article\" \/>\n<meta property=\"og:title\" content=\"Iglesia Adventista de Martinica interact\u00faa con los j\u00f3venes en primer festival cinematogr\u00e1fico - Iglesia Adventista del S\u00e9ptimo D\u00eda - Divisi\u00f3n Interamericana\" \/>\n<meta property=\"og:description\" content=\"9 de julio de 2018 | Sainte Luce, Martinica | Libna Stevens\/DIA Cientos de adventistas del s\u00e9ptimo d\u00eda en Martinica se reunieron hace poco para la transmisi\u00f3n de m\u00e1s de...\" \/>\n<meta property=\"og:url\" content=\"https:\/\/interamerica.org\/es\/2018\/07\/iglesia-adventista-de-martinica-interactua-con-los-jovenes-en-primer-festival-cinematografico\/\" \/>\n<meta property=\"og:site_name\" content=\"Iglesia Adventista del S\u00e9ptimo D\u00eda - Divisi\u00f3n Interamericana\" \/>\n<meta property=\"article:published_time\" content=\"2018-07-09T19:06:15+00:00\" \/>\n<meta property=\"article:modified_time\" content=\"2018-07-11T04:14:24+00:00\" \/>\n<meta property=\"og:image\" content=\"https:\/\/interamerica.org\/wp-content\/uploads\/2018\/07\/filmfestival-posters-martinique.jpg\" \/>\n\t<meta property=\"og:image:width\" content=\"1280\" \/>\n\t<meta property=\"og:image:height\" content=\"800\" \/>\n\t<meta property=\"og:image:type\" content=\"image\/jpeg\" \/>\n<meta name=\"author\" content=\"libna\" \/>\n<meta name=\"twitter:card\" content=\"summary_large_image\" \/>\n<meta name=\"twitter:label1\" content=\"Escrito por\" \/>\n\t<meta name=\"twitter:data1\" content=\"libna\" \/>\n\t<meta name=\"twitter:label2\" content=\"Tiempo de lectura\" \/>\n\t<meta name=\"twitter:data2\" content=\"4 minutos\" \/>\n<script type=\"application\/ld+json\" class=\"yoast-schema-graph\">{\"@context\":\"https:\\\/\\\/schema.org\",\"@graph\":[{\"@type\":\"Article\",\"@id\":\"https:\\\/\\\/interamerica.org\\\/es\\\/2018\\\/07\\\/iglesia-adventista-de-martinica-interactua-con-los-jovenes-en-primer-festival-cinematografico\\\/#article\",\"isPartOf\":{\"@id\":\"https:\\\/\\\/interamerica.org\\\/es\\\/2018\\\/07\\\/iglesia-adventista-de-martinica-interactua-con-los-jovenes-en-primer-festival-cinematografico\\\/\"},\"author\":{\"name\":\"libna\",\"@id\":\"https:\\\/\\\/interamerica.org\\\/es\\\/#\\\/schema\\\/person\\\/29998f2bc2d8bd0d38662909289b54f1\"},\"headline\":\"Iglesia Adventista de Martinica interact\u00faa con los j\u00f3venes en primer festival cinematogr\u00e1fico\",\"datePublished\":\"2018-07-09T19:06:15+00:00\",\"dateModified\":\"2018-07-11T04:14:24+00:00\",\"mainEntityOfPage\":{\"@id\":\"https:\\\/\\\/interamerica.org\\\/es\\\/2018\\\/07\\\/iglesia-adventista-de-martinica-interactua-con-los-jovenes-en-primer-festival-cinematografico\\\/\"},\"wordCount\":893,\"commentCount\":0,\"image\":{\"@id\":\"https:\\\/\\\/interamerica.org\\\/es\\\/2018\\\/07\\\/iglesia-adventista-de-martinica-interactua-con-los-jovenes-en-primer-festival-cinematografico\\\/#primaryimage\"},\"thumbnailUrl\":\"https:\\\/\\\/interamerica.org\\\/wp-content\\\/uploads\\\/2018\\\/07\\\/filmfestival-posters-martinique.jpg\",\"articleSection\":[\"Desde el campo\",\"RSS Espa\u00f1ol\"],\"inLanguage\":\"es\",\"potentialAction\":[{\"@type\":\"CommentAction\",\"name\":\"Comment\",\"target\":[\"https:\\\/\\\/interamerica.org\\\/es\\\/2018\\\/07\\\/iglesia-adventista-de-martinica-interactua-con-los-jovenes-en-primer-festival-cinematografico\\\/#respond\"]}]},{\"@type\":\"WebPage\",\"@id\":\"https:\\\/\\\/interamerica.org\\\/es\\\/2018\\\/07\\\/iglesia-adventista-de-martinica-interactua-con-los-jovenes-en-primer-festival-cinematografico\\\/\",\"url\":\"https:\\\/\\\/interamerica.org\\\/es\\\/2018\\\/07\\\/iglesia-adventista-de-martinica-interactua-con-los-jovenes-en-primer-festival-cinematografico\\\/\",\"name\":\"Iglesia Adventista de Martinica interact\u00faa con los j\u00f3venes en primer festival cinematogr\u00e1fico - Iglesia Adventista del S\u00e9ptimo D\u00eda - Divisi\u00f3n Interamericana\",\"isPartOf\":{\"@id\":\"https:\\\/\\\/interamerica.org\\\/es\\\/#website\"},\"primaryImageOfPage\":{\"@id\":\"https:\\\/\\\/interamerica.org\\\/es\\\/2018\\\/07\\\/iglesia-adventista-de-martinica-interactua-con-los-jovenes-en-primer-festival-cinematografico\\\/#primaryimage\"},\"image\":{\"@id\":\"https:\\\/\\\/interamerica.org\\\/es\\\/2018\\\/07\\\/iglesia-adventista-de-martinica-interactua-con-los-jovenes-en-primer-festival-cinematografico\\\/#primaryimage\"},\"thumbnailUrl\":\"https:\\\/\\\/interamerica.org\\\/wp-content\\\/uploads\\\/2018\\\/07\\\/filmfestival-posters-martinique.jpg\",\"datePublished\":\"2018-07-09T19:06:15+00:00\",\"dateModified\":\"2018-07-11T04:14:24+00:00\",\"author\":{\"@id\":\"https:\\\/\\\/interamerica.org\\\/es\\\/#\\\/schema\\\/person\\\/29998f2bc2d8bd0d38662909289b54f1\"},\"breadcrumb\":{\"@id\":\"https:\\\/\\\/interamerica.org\\\/es\\\/2018\\\/07\\\/iglesia-adventista-de-martinica-interactua-con-los-jovenes-en-primer-festival-cinematografico\\\/#breadcrumb\"},\"inLanguage\":\"es\",\"potentialAction\":[{\"@type\":\"ReadAction\",\"target\":[\"https:\\\/\\\/interamerica.org\\\/es\\\/2018\\\/07\\\/iglesia-adventista-de-martinica-interactua-con-los-jovenes-en-primer-festival-cinematografico\\\/\"]}]},{\"@type\":\"ImageObject\",\"inLanguage\":\"es\",\"@id\":\"https:\\\/\\\/interamerica.org\\\/es\\\/2018\\\/07\\\/iglesia-adventista-de-martinica-interactua-con-los-jovenes-en-primer-festival-cinematografico\\\/#primaryimage\",\"url\":\"https:\\\/\\\/interamerica.org\\\/wp-content\\\/uploads\\\/2018\\\/07\\\/filmfestival-posters-martinique.jpg\",\"contentUrl\":\"https:\\\/\\\/interamerica.org\\\/wp-content\\\/uploads\\\/2018\\\/07\\\/filmfestival-posters-martinique.jpg\",\"width\":1280,\"height\":800},{\"@type\":\"BreadcrumbList\",\"@id\":\"https:\\\/\\\/interamerica.org\\\/es\\\/2018\\\/07\\\/iglesia-adventista-de-martinica-interactua-con-los-jovenes-en-primer-festival-cinematografico\\\/#breadcrumb\",\"itemListElement\":[{\"@type\":\"ListItem\",\"position\":1,\"name\":\"Home\",\"item\":\"https:\\\/\\\/interamerica.org\\\/es\\\/\"},{\"@type\":\"ListItem\",\"position\":2,\"name\":\"Iglesia Adventista de Martinica interact\u00faa con los j\u00f3venes en primer festival cinematogr\u00e1fico\"}]},{\"@type\":\"WebSite\",\"@id\":\"https:\\\/\\\/interamerica.org\\\/es\\\/#website\",\"url\":\"https:\\\/\\\/interamerica.org\\\/es\\\/\",\"name\":\"Iglesia Adventista del S\u00e9ptimo D\u00eda - Divisi\u00f3n Interamericana\",\"description\":\"\",\"potentialAction\":[{\"@type\":\"SearchAction\",\"target\":{\"@type\":\"EntryPoint\",\"urlTemplate\":\"https:\\\/\\\/interamerica.org\\\/es\\\/?s={search_term_string}\"},\"query-input\":{\"@type\":\"PropertyValueSpecification\",\"valueRequired\":true,\"valueName\":\"search_term_string\"}}],\"inLanguage\":\"es\"},{\"@type\":\"Person\",\"@id\":\"https:\\\/\\\/interamerica.org\\\/es\\\/#\\\/schema\\\/person\\\/29998f2bc2d8bd0d38662909289b54f1\",\"name\":\"libna\",\"image\":{\"@type\":\"ImageObject\",\"inLanguage\":\"es\",\"@id\":\"https:\\\/\\\/secure.gravatar.com\\\/avatar\\\/7c5bd30ae4b47a9ba3c856590957fd1d96dc588bf3ac05719d247e126840331f?s=96&d=mm&r=g\",\"url\":\"https:\\\/\\\/secure.gravatar.com\\\/avatar\\\/7c5bd30ae4b47a9ba3c856590957fd1d96dc588bf3ac05719d247e126840331f?s=96&d=mm&r=g\",\"contentUrl\":\"https:\\\/\\\/secure.gravatar.com\\\/avatar\\\/7c5bd30ae4b47a9ba3c856590957fd1d96dc588bf3ac05719d247e126840331f?s=96&d=mm&r=g\",\"caption\":\"libna\"}}]}<\/script>\n<!-- \/ Yoast SEO plugin. -->","yoast_head_json":{"title":"Iglesia Adventista de Martinica interact\u00faa con los j\u00f3venes en primer festival cinematogr\u00e1fico - Iglesia Adventista del S\u00e9ptimo D\u00eda - Divisi\u00f3n Interamericana","robots":{"index":"index","follow":"follow","max-snippet":"max-snippet:-1","max-image-preview":"max-image-preview:large","max-video-preview":"max-video-preview:-1"},"canonical":"https:\/\/interamerica.org\/es\/2018\/07\/iglesia-adventista-de-martinica-interactua-con-los-jovenes-en-primer-festival-cinematografico\/","og_locale":"es_ES","og_type":"article","og_title":"Iglesia Adventista de Martinica interact\u00faa con los j\u00f3venes en primer festival cinematogr\u00e1fico - Iglesia Adventista del S\u00e9ptimo D\u00eda - Divisi\u00f3n Interamericana","og_description":"9 de julio de 2018 | Sainte Luce, Martinica | Libna Stevens\/DIA Cientos de adventistas del s\u00e9ptimo d\u00eda en Martinica se reunieron hace poco para la transmisi\u00f3n de m\u00e1s de...","og_url":"https:\/\/interamerica.org\/es\/2018\/07\/iglesia-adventista-de-martinica-interactua-con-los-jovenes-en-primer-festival-cinematografico\/","og_site_name":"Iglesia Adventista del S\u00e9ptimo D\u00eda - Divisi\u00f3n Interamericana","article_published_time":"2018-07-09T19:06:15+00:00","article_modified_time":"2018-07-11T04:14:24+00:00","og_image":[{"width":1280,"height":800,"url":"https:\/\/interamerica.org\/wp-content\/uploads\/2018\/07\/filmfestival-posters-martinique.jpg","type":"image\/jpeg"}],"author":"libna","twitter_card":"summary_large_image","twitter_misc":{"Escrito por":"libna","Tiempo de lectura":"4 minutos"},"schema":{"@context":"https:\/\/schema.org","@graph":[{"@type":"Article","@id":"https:\/\/interamerica.org\/es\/2018\/07\/iglesia-adventista-de-martinica-interactua-con-los-jovenes-en-primer-festival-cinematografico\/#article","isPartOf":{"@id":"https:\/\/interamerica.org\/es\/2018\/07\/iglesia-adventista-de-martinica-interactua-con-los-jovenes-en-primer-festival-cinematografico\/"},"author":{"name":"libna","@id":"https:\/\/interamerica.org\/es\/#\/schema\/person\/29998f2bc2d8bd0d38662909289b54f1"},"headline":"Iglesia Adventista de Martinica interact\u00faa con los j\u00f3venes en primer festival cinematogr\u00e1fico","datePublished":"2018-07-09T19:06:15+00:00","dateModified":"2018-07-11T04:14:24+00:00","mainEntityOfPage":{"@id":"https:\/\/interamerica.org\/es\/2018\/07\/iglesia-adventista-de-martinica-interactua-con-los-jovenes-en-primer-festival-cinematografico\/"},"wordCount":893,"commentCount":0,"image":{"@id":"https:\/\/interamerica.org\/es\/2018\/07\/iglesia-adventista-de-martinica-interactua-con-los-jovenes-en-primer-festival-cinematografico\/#primaryimage"},"thumbnailUrl":"https:\/\/interamerica.org\/wp-content\/uploads\/2018\/07\/filmfestival-posters-martinique.jpg","articleSection":["Desde el campo","RSS Espa\u00f1ol"],"inLanguage":"es","potentialAction":[{"@type":"CommentAction","name":"Comment","target":["https:\/\/interamerica.org\/es\/2018\/07\/iglesia-adventista-de-martinica-interactua-con-los-jovenes-en-primer-festival-cinematografico\/#respond"]}]},{"@type":"WebPage","@id":"https:\/\/interamerica.org\/es\/2018\/07\/iglesia-adventista-de-martinica-interactua-con-los-jovenes-en-primer-festival-cinematografico\/","url":"https:\/\/interamerica.org\/es\/2018\/07\/iglesia-adventista-de-martinica-interactua-con-los-jovenes-en-primer-festival-cinematografico\/","name":"Iglesia Adventista de Martinica interact\u00faa con los j\u00f3venes en primer festival cinematogr\u00e1fico - Iglesia Adventista del S\u00e9ptimo D\u00eda - Divisi\u00f3n Interamericana","isPartOf":{"@id":"https:\/\/interamerica.org\/es\/#website"},"primaryImageOfPage":{"@id":"https:\/\/interamerica.org\/es\/2018\/07\/iglesia-adventista-de-martinica-interactua-con-los-jovenes-en-primer-festival-cinematografico\/#primaryimage"},"image":{"@id":"https:\/\/interamerica.org\/es\/2018\/07\/iglesia-adventista-de-martinica-interactua-con-los-jovenes-en-primer-festival-cinematografico\/#primaryimage"},"thumbnailUrl":"https:\/\/interamerica.org\/wp-content\/uploads\/2018\/07\/filmfestival-posters-martinique.jpg","datePublished":"2018-07-09T19:06:15+00:00","dateModified":"2018-07-11T04:14:24+00:00","author":{"@id":"https:\/\/interamerica.org\/es\/#\/schema\/person\/29998f2bc2d8bd0d38662909289b54f1"},"breadcrumb":{"@id":"https:\/\/interamerica.org\/es\/2018\/07\/iglesia-adventista-de-martinica-interactua-con-los-jovenes-en-primer-festival-cinematografico\/#breadcrumb"},"inLanguage":"es","potentialAction":[{"@type":"ReadAction","target":["https:\/\/interamerica.org\/es\/2018\/07\/iglesia-adventista-de-martinica-interactua-con-los-jovenes-en-primer-festival-cinematografico\/"]}]},{"@type":"ImageObject","inLanguage":"es","@id":"https:\/\/interamerica.org\/es\/2018\/07\/iglesia-adventista-de-martinica-interactua-con-los-jovenes-en-primer-festival-cinematografico\/#primaryimage","url":"https:\/\/interamerica.org\/wp-content\/uploads\/2018\/07\/filmfestival-posters-martinique.jpg","contentUrl":"https:\/\/interamerica.org\/wp-content\/uploads\/2018\/07\/filmfestival-posters-martinique.jpg","width":1280,"height":800},{"@type":"BreadcrumbList","@id":"https:\/\/interamerica.org\/es\/2018\/07\/iglesia-adventista-de-martinica-interactua-con-los-jovenes-en-primer-festival-cinematografico\/#breadcrumb","itemListElement":[{"@type":"ListItem","position":1,"name":"Home","item":"https:\/\/interamerica.org\/es\/"},{"@type":"ListItem","position":2,"name":"Iglesia Adventista de Martinica interact\u00faa con los j\u00f3venes en primer festival cinematogr\u00e1fico"}]},{"@type":"WebSite","@id":"https:\/\/interamerica.org\/es\/#website","url":"https:\/\/interamerica.org\/es\/","name":"Iglesia Adventista del S\u00e9ptimo D\u00eda - Divisi\u00f3n Interamericana","description":"","potentialAction":[{"@type":"SearchAction","target":{"@type":"EntryPoint","urlTemplate":"https:\/\/interamerica.org\/es\/?s={search_term_string}"},"query-input":{"@type":"PropertyValueSpecification","valueRequired":true,"valueName":"search_term_string"}}],"inLanguage":"es"},{"@type":"Person","@id":"https:\/\/interamerica.org\/es\/#\/schema\/person\/29998f2bc2d8bd0d38662909289b54f1","name":"libna","image":{"@type":"ImageObject","inLanguage":"es","@id":"https:\/\/secure.gravatar.com\/avatar\/7c5bd30ae4b47a9ba3c856590957fd1d96dc588bf3ac05719d247e126840331f?s=96&d=mm&r=g","url":"https:\/\/secure.gravatar.com\/avatar\/7c5bd30ae4b47a9ba3c856590957fd1d96dc588bf3ac05719d247e126840331f?s=96&d=mm&r=g","contentUrl":"https:\/\/secure.gravatar.com\/avatar\/7c5bd30ae4b47a9ba3c856590957fd1d96dc588bf3ac05719d247e126840331f?s=96&d=mm&r=g","caption":"libna"}}]}},"_links":{"self":[{"href":"https:\/\/interamerica.org\/es\/wp-json\/wp\/v2\/posts\/42451","targetHints":{"allow":["GET"]}}],"collection":[{"href":"https:\/\/interamerica.org\/es\/wp-json\/wp\/v2\/posts"}],"about":[{"href":"https:\/\/interamerica.org\/es\/wp-json\/wp\/v2\/types\/post"}],"author":[{"embeddable":true,"href":"https:\/\/interamerica.org\/es\/wp-json\/wp\/v2\/users\/3"}],"replies":[{"embeddable":true,"href":"https:\/\/interamerica.org\/es\/wp-json\/wp\/v2\/comments?post=42451"}],"version-history":[{"count":0,"href":"https:\/\/interamerica.org\/es\/wp-json\/wp\/v2\/posts\/42451\/revisions"}],"wp:featuredmedia":[{"embeddable":true,"href":"https:\/\/interamerica.org\/es\/wp-json\/wp\/v2\/media\/42405"}],"wp:attachment":[{"href":"https:\/\/interamerica.org\/es\/wp-json\/wp\/v2\/media?parent=42451"}],"wp:term":[{"taxonomy":"category","embeddable":true,"href":"https:\/\/interamerica.org\/es\/wp-json\/wp\/v2\/categories?post=42451"},{"taxonomy":"post_tag","embeddable":true,"href":"https:\/\/interamerica.org\/es\/wp-json\/wp\/v2\/tags?post=42451"}],"curies":[{"name":"wp","href":"https:\/\/api.w.org\/{rel}","templated":true}]}}