{"id":42459,"date":"2018-07-09T19:24:01","date_gmt":"2018-07-09T23:24:01","guid":{"rendered":"https:\/\/recursing-golick.147-182-135-0.plesk.page\/?p=42459"},"modified":"2018-07-10T10:46:17","modified_gmt":"2018-07-10T14:46:17","slug":"adventistas-ayudan-a-conmemorar-dia-nacional-de-la-libertad-religiosa-en-colombia","status":"publish","type":"post","link":"https:\/\/interamerica.org\/es\/2018\/07\/adventistas-ayudan-a-conmemorar-dia-nacional-de-la-libertad-religiosa-en-colombia\/","title":{"rendered":"Adventistas ayudan a conmemorar D\u00eda Nacional de la Libertad Religiosa en Colombia"},"content":{"rendered":"<div id=\"attachment_42456\" style=\"width: 770px\" class=\"wp-caption aligncenter\"><img fetchpriority=\"high\" decoding=\"async\" aria-describedby=\"caption-attachment-42456\" class=\"wp-image-42456\" src=\"https:\/\/recursing-golick.147-182-135-0.plesk.page\/wp-content\/uploads\/2018\/07\/official-photo-with-president-santos-1280-1024x640.jpg\" alt=\"\" width=\"760\" height=\"475\" srcset=\"https:\/\/interamerica.org\/wp-content\/uploads\/2018\/07\/official-photo-with-president-santos-1280-1024x640.jpg 1024w, https:\/\/interamerica.org\/wp-content\/uploads\/2018\/07\/official-photo-with-president-santos-1280-300x188.jpg 300w, https:\/\/interamerica.org\/wp-content\/uploads\/2018\/07\/official-photo-with-president-santos-1280-768x480.jpg 768w, https:\/\/interamerica.org\/wp-content\/uploads\/2018\/07\/official-photo-with-president-santos-1280.jpg 1280w\" sizes=\"(max-width: 760px) 100vw, 760px\" \/><p id=\"caption-attachment-42456\" class=\"wp-caption-text\">El presidente de Colombia Juan Manuel Santos (al centro) posa para una fotograf\u00eda con Gabriel Villarreal (izquierda), director de Relaciones P\u00fablicas y Libertad Religiosa de Colombia, y con el doctor Ganoune Diop (derecha), director de Relaciones P\u00fablicas y Libertad Religiosa de la Iglesia Adventista mundial. Fotograf\u00eda de la Presidencia de Colombia<\/p><\/div>\n<p>Los l\u00edderes adventistas de libertad religiosa fueron invitados por el gobierno de Colombia a colaborar con la celebraci\u00f3n del tercer D\u00eda Nacional de la Libertad Religiosa, que se llev\u00f3 a cabo el 4 de julio. Durante un encuentro matutino en <em>Casa La Giralda<\/em>, la sede del Ministerio del Interior de Colombia, el doctor Ganoune Diop, director de Relaciones P\u00fablicas y Libertad Religiosa de la Iglesia Adventista mundial, se dirigi\u00f3 a los m\u00e1s de cien l\u00edderes religiosos y pol\u00edticos que se hab\u00edan reunido para marcar la ocasi\u00f3n.<\/p>\n<p>\u201cUstedes tienen la oportunidad de hacer una contribuci\u00f3n hist\u00f3rica a la paz, al reconocer la dignidad humana como el fundamento esencial para construir la coexistencia pac\u00edfica\u201d, le dijo el doctor Diop al grupo, que incluy\u00f3 a evang\u00e9licos, protestantes, cat\u00f3licos, musulmanes, jud\u00edos, budistas y representantes de otras religiones.<\/p>\n<p>En su presentaci\u00f3n, Diop reconoci\u00f3 que Colombia enfrenta desaf\u00edos extraordinarios despu\u00e9s de m\u00e1s de cinco d\u00e9cadas de conflictos armados civiles, una lucha devastadora que a lo largo de los a\u00f1os ha desplazado a unos cinco millones de personas de sus hogares, dejado seg\u00fan se estima unos 220 mil muertos, y que se ha cobrado un tremendo precio econ\u00f3mico y emocional en generaciones de colombianos.<\/p>\n<p>Diop dijo que las personas de fe de Colombia ahora tienen un papel fundamental que cumplir en el proceso de paz y reconciliaci\u00f3n, que ha estado desarroll\u00e1ndose desde el acuerdo de cese del fuego de 2016 entre el gobierno y los grupos rebeldes. Diop desafi\u00f3 a sus oyentes para que ayuden a forjar una sociedad que reconozca que cada vida humana es sagrada, con un valor dado por Dios que trasciende el de los templos, las iglesias, las mezquitas o los textos religiosos.<\/p>\n<p>\u201cSolo eso\u201d, dijo Diop, \u201cpuede brindar un fundamento seguro para un futuro inclusivo y armonioso en Colombia\u201d.<\/p>\n<p>Horas antes ese mismo d\u00eda, Diop, junto al pastor Gabriel Villarreal, director de Relaciones P\u00fablicas y Libertad Religiosa de la Iglesia Adventista en Colombia, asisti\u00f3 a un desayuno especial para l\u00edderes religiosos en el Palacio Presidencial, el <em>Palacio de Nari\u00f1o<\/em>, donde ofici\u00f3 de anfitri\u00f3n el presidente de Colombia Juan Manuel Santos. El presidente Santos, que en 2016 recibi\u00f3 el Premio Nobel por sus esfuerzos para poner fin a los conflictos civiles en Colombia, tambi\u00e9n ha sido un partidario clave de la libertad religiosa. Diop y Villareal hablaron con el Presidente Santos, agradeci\u00e9ndole por su apoyo continuo a las minor\u00edas religiosas, lo que incluye la firma del decreto de 2016 que reconoce el 4 de julio como D\u00eda Nacional de la Libertad Religiosa. En la d\u00e9cada que llev\u00f3 a este hist\u00f3rico decreto, los adventistas de Colombia hab\u00edan ayudado a desarrollar una amplia coalici\u00f3n de l\u00edderes religiosos dedicados a la promoci\u00f3n del principio de libertad religiosa.<\/p>\n<p>En la tarde del 4 de julio, Diop tambi\u00e9n fue el orador destacado en un simposio internacional cuyos anfitriones fueron el Ministerio del Interior de Colombia y el alcalde de Bogot\u00e1, la capital del pa\u00eds. M\u00e1s de doscientas personas asistieron al evento, que explor\u00f3 la contribuci\u00f3n de la cooperaci\u00f3n interreligiosa con el desarrollo social.<\/p>\n<p>Al reflexionar en los eventos del d\u00eda, Villarreal dijo que se sinti\u00f3 alentado por el nivel de apoyo de la libertad religiosa que mostr\u00f3 el gobierno de Colombia. \u201cLa Iglesia Adventista de Colombia continuar\u00e1 trabajando con los l\u00edderes religiosos de diversas denominaciones, con los l\u00edderes pol\u00edticos, y con las entidades de gobierno, para asegurarse de que se respete el derecho a la libertad religiosa para todos, en todas partes y en todo momento\u201d, dijo.<\/p>\n<p><em> Un agradecimiento especial a Gabriel Villarreal por su colaboraci\u00f3n con este informe. <\/em><\/p>\n","protected":false},"excerpt":{"rendered":"<p>Los l\u00edderes adventistas de libertad religiosa fueron invitados por el gobierno de Colombia a colaborar con la celebraci\u00f3n del tercer D\u00eda Nacional de la Libertad Religiosa, que se llev\u00f3 a&#8230;<\/p>\n","protected":false},"author":3,"featured_media":42456,"comment_status":"open","ping_status":"closed","sticky":false,"template":"","format":"standard","meta":{"_acf_changed":false,"footnotes":""},"categories":[17,15],"tags":[],"class_list":["post-42459","post","type-post","status-publish","format-standard","has-post-thumbnail","hentry","category-desde-el-campo","category-rss-espanol"],"acf":[],"yoast_head":"<!-- This site is optimized with the Yoast SEO plugin v27.3 - https:\/\/yoast.com\/product\/yoast-seo-wordpress\/ -->\n<title>Adventistas ayudan a conmemorar D\u00eda Nacional de la Libertad Religiosa en Colombia - Iglesia Adventista del S\u00e9ptimo D\u00eda - Divisi\u00f3n Interamericana<\/title>\n<meta name=\"robots\" content=\"index, follow, max-snippet:-1, max-image-preview:large, max-video-preview:-1\" \/>\n<link rel=\"canonical\" href=\"https:\/\/interamerica.org\/es\/2018\/07\/adventistas-ayudan-a-conmemorar-dia-nacional-de-la-libertad-religiosa-en-colombia\/\" \/>\n<meta property=\"og:locale\" content=\"es_ES\" \/>\n<meta property=\"og:type\" content=\"article\" \/>\n<meta property=\"og:title\" content=\"Adventistas ayudan a conmemorar D\u00eda Nacional de la Libertad Religiosa en Colombia - Iglesia Adventista del S\u00e9ptimo D\u00eda - Divisi\u00f3n Interamericana\" \/>\n<meta property=\"og:description\" content=\"Los l\u00edderes adventistas de libertad religiosa fueron invitados por el gobierno de Colombia a colaborar con la celebraci\u00f3n del tercer D\u00eda Nacional de la Libertad Religiosa, que se llev\u00f3 a...\" \/>\n<meta property=\"og:url\" content=\"https:\/\/interamerica.org\/es\/2018\/07\/adventistas-ayudan-a-conmemorar-dia-nacional-de-la-libertad-religiosa-en-colombia\/\" \/>\n<meta property=\"og:site_name\" content=\"Iglesia Adventista del S\u00e9ptimo D\u00eda - Divisi\u00f3n Interamericana\" \/>\n<meta property=\"article:published_time\" content=\"2018-07-09T23:24:01+00:00\" \/>\n<meta property=\"article:modified_time\" content=\"2018-07-10T14:46:17+00:00\" \/>\n<meta property=\"og:image\" content=\"https:\/\/interamerica.org\/wp-content\/uploads\/2018\/07\/official-photo-with-president-santos-1280.jpg\" \/>\n\t<meta property=\"og:image:width\" content=\"1280\" \/>\n\t<meta property=\"og:image:height\" content=\"800\" \/>\n\t<meta property=\"og:image:type\" content=\"image\/jpeg\" \/>\n<meta name=\"author\" content=\"libna\" \/>\n<meta name=\"twitter:card\" content=\"summary_large_image\" \/>\n<meta name=\"twitter:label1\" content=\"Escrito por\" \/>\n\t<meta name=\"twitter:data1\" content=\"libna\" \/>\n\t<meta name=\"twitter:label2\" content=\"Tiempo de lectura\" \/>\n\t<meta name=\"twitter:data2\" content=\"3 minutos\" \/>\n<script type=\"application\/ld+json\" class=\"yoast-schema-graph\">{\"@context\":\"https:\\\/\\\/schema.org\",\"@graph\":[{\"@type\":\"Article\",\"@id\":\"https:\\\/\\\/interamerica.org\\\/es\\\/2018\\\/07\\\/adventistas-ayudan-a-conmemorar-dia-nacional-de-la-libertad-religiosa-en-colombia\\\/#article\",\"isPartOf\":{\"@id\":\"https:\\\/\\\/interamerica.org\\\/es\\\/2018\\\/07\\\/adventistas-ayudan-a-conmemorar-dia-nacional-de-la-libertad-religiosa-en-colombia\\\/\"},\"author\":{\"name\":\"libna\",\"@id\":\"https:\\\/\\\/interamerica.org\\\/es\\\/#\\\/schema\\\/person\\\/29998f2bc2d8bd0d38662909289b54f1\"},\"headline\":\"Adventistas ayudan a conmemorar D\u00eda Nacional de la Libertad Religiosa en Colombia\",\"datePublished\":\"2018-07-09T23:24:01+00:00\",\"dateModified\":\"2018-07-10T14:46:17+00:00\",\"mainEntityOfPage\":{\"@id\":\"https:\\\/\\\/interamerica.org\\\/es\\\/2018\\\/07\\\/adventistas-ayudan-a-conmemorar-dia-nacional-de-la-libertad-religiosa-en-colombia\\\/\"},\"wordCount\":709,\"commentCount\":0,\"image\":{\"@id\":\"https:\\\/\\\/interamerica.org\\\/es\\\/2018\\\/07\\\/adventistas-ayudan-a-conmemorar-dia-nacional-de-la-libertad-religiosa-en-colombia\\\/#primaryimage\"},\"thumbnailUrl\":\"https:\\\/\\\/interamerica.org\\\/wp-content\\\/uploads\\\/2018\\\/07\\\/official-photo-with-president-santos-1280.jpg\",\"articleSection\":[\"Desde el campo\",\"RSS Espa\u00f1ol\"],\"inLanguage\":\"es\",\"potentialAction\":[{\"@type\":\"CommentAction\",\"name\":\"Comment\",\"target\":[\"https:\\\/\\\/interamerica.org\\\/es\\\/2018\\\/07\\\/adventistas-ayudan-a-conmemorar-dia-nacional-de-la-libertad-religiosa-en-colombia\\\/#respond\"]}]},{\"@type\":\"WebPage\",\"@id\":\"https:\\\/\\\/interamerica.org\\\/es\\\/2018\\\/07\\\/adventistas-ayudan-a-conmemorar-dia-nacional-de-la-libertad-religiosa-en-colombia\\\/\",\"url\":\"https:\\\/\\\/interamerica.org\\\/es\\\/2018\\\/07\\\/adventistas-ayudan-a-conmemorar-dia-nacional-de-la-libertad-religiosa-en-colombia\\\/\",\"name\":\"Adventistas ayudan a conmemorar D\u00eda Nacional de la Libertad Religiosa en Colombia - Iglesia Adventista del S\u00e9ptimo D\u00eda - Divisi\u00f3n Interamericana\",\"isPartOf\":{\"@id\":\"https:\\\/\\\/interamerica.org\\\/es\\\/#website\"},\"primaryImageOfPage\":{\"@id\":\"https:\\\/\\\/interamerica.org\\\/es\\\/2018\\\/07\\\/adventistas-ayudan-a-conmemorar-dia-nacional-de-la-libertad-religiosa-en-colombia\\\/#primaryimage\"},\"image\":{\"@id\":\"https:\\\/\\\/interamerica.org\\\/es\\\/2018\\\/07\\\/adventistas-ayudan-a-conmemorar-dia-nacional-de-la-libertad-religiosa-en-colombia\\\/#primaryimage\"},\"thumbnailUrl\":\"https:\\\/\\\/interamerica.org\\\/wp-content\\\/uploads\\\/2018\\\/07\\\/official-photo-with-president-santos-1280.jpg\",\"datePublished\":\"2018-07-09T23:24:01+00:00\",\"dateModified\":\"2018-07-10T14:46:17+00:00\",\"author\":{\"@id\":\"https:\\\/\\\/interamerica.org\\\/es\\\/#\\\/schema\\\/person\\\/29998f2bc2d8bd0d38662909289b54f1\"},\"breadcrumb\":{\"@id\":\"https:\\\/\\\/interamerica.org\\\/es\\\/2018\\\/07\\\/adventistas-ayudan-a-conmemorar-dia-nacional-de-la-libertad-religiosa-en-colombia\\\/#breadcrumb\"},\"inLanguage\":\"es\",\"potentialAction\":[{\"@type\":\"ReadAction\",\"target\":[\"https:\\\/\\\/interamerica.org\\\/es\\\/2018\\\/07\\\/adventistas-ayudan-a-conmemorar-dia-nacional-de-la-libertad-religiosa-en-colombia\\\/\"]}]},{\"@type\":\"ImageObject\",\"inLanguage\":\"es\",\"@id\":\"https:\\\/\\\/interamerica.org\\\/es\\\/2018\\\/07\\\/adventistas-ayudan-a-conmemorar-dia-nacional-de-la-libertad-religiosa-en-colombia\\\/#primaryimage\",\"url\":\"https:\\\/\\\/interamerica.org\\\/wp-content\\\/uploads\\\/2018\\\/07\\\/official-photo-with-president-santos-1280.jpg\",\"contentUrl\":\"https:\\\/\\\/interamerica.org\\\/wp-content\\\/uploads\\\/2018\\\/07\\\/official-photo-with-president-santos-1280.jpg\",\"width\":1280,\"height\":800},{\"@type\":\"BreadcrumbList\",\"@id\":\"https:\\\/\\\/interamerica.org\\\/es\\\/2018\\\/07\\\/adventistas-ayudan-a-conmemorar-dia-nacional-de-la-libertad-religiosa-en-colombia\\\/#breadcrumb\",\"itemListElement\":[{\"@type\":\"ListItem\",\"position\":1,\"name\":\"Home\",\"item\":\"https:\\\/\\\/interamerica.org\\\/es\\\/\"},{\"@type\":\"ListItem\",\"position\":2,\"name\":\"Adventistas ayudan a conmemorar D\u00eda Nacional de la Libertad Religiosa en Colombia\"}]},{\"@type\":\"WebSite\",\"@id\":\"https:\\\/\\\/interamerica.org\\\/es\\\/#website\",\"url\":\"https:\\\/\\\/interamerica.org\\\/es\\\/\",\"name\":\"Iglesia Adventista del S\u00e9ptimo D\u00eda - Divisi\u00f3n Interamericana\",\"description\":\"\",\"potentialAction\":[{\"@type\":\"SearchAction\",\"target\":{\"@type\":\"EntryPoint\",\"urlTemplate\":\"https:\\\/\\\/interamerica.org\\\/es\\\/?s={search_term_string}\"},\"query-input\":{\"@type\":\"PropertyValueSpecification\",\"valueRequired\":true,\"valueName\":\"search_term_string\"}}],\"inLanguage\":\"es\"},{\"@type\":\"Person\",\"@id\":\"https:\\\/\\\/interamerica.org\\\/es\\\/#\\\/schema\\\/person\\\/29998f2bc2d8bd0d38662909289b54f1\",\"name\":\"libna\",\"image\":{\"@type\":\"ImageObject\",\"inLanguage\":\"es\",\"@id\":\"https:\\\/\\\/secure.gravatar.com\\\/avatar\\\/7c5bd30ae4b47a9ba3c856590957fd1d96dc588bf3ac05719d247e126840331f?s=96&d=mm&r=g\",\"url\":\"https:\\\/\\\/secure.gravatar.com\\\/avatar\\\/7c5bd30ae4b47a9ba3c856590957fd1d96dc588bf3ac05719d247e126840331f?s=96&d=mm&r=g\",\"contentUrl\":\"https:\\\/\\\/secure.gravatar.com\\\/avatar\\\/7c5bd30ae4b47a9ba3c856590957fd1d96dc588bf3ac05719d247e126840331f?s=96&d=mm&r=g\",\"caption\":\"libna\"}}]}<\/script>\n<!-- \/ Yoast SEO plugin. -->","yoast_head_json":{"title":"Adventistas ayudan a conmemorar D\u00eda Nacional de la Libertad Religiosa en Colombia - Iglesia Adventista del S\u00e9ptimo D\u00eda - Divisi\u00f3n Interamericana","robots":{"index":"index","follow":"follow","max-snippet":"max-snippet:-1","max-image-preview":"max-image-preview:large","max-video-preview":"max-video-preview:-1"},"canonical":"https:\/\/interamerica.org\/es\/2018\/07\/adventistas-ayudan-a-conmemorar-dia-nacional-de-la-libertad-religiosa-en-colombia\/","og_locale":"es_ES","og_type":"article","og_title":"Adventistas ayudan a conmemorar D\u00eda Nacional de la Libertad Religiosa en Colombia - Iglesia Adventista del S\u00e9ptimo D\u00eda - Divisi\u00f3n Interamericana","og_description":"Los l\u00edderes adventistas de libertad religiosa fueron invitados por el gobierno de Colombia a colaborar con la celebraci\u00f3n del tercer D\u00eda Nacional de la Libertad Religiosa, que se llev\u00f3 a...","og_url":"https:\/\/interamerica.org\/es\/2018\/07\/adventistas-ayudan-a-conmemorar-dia-nacional-de-la-libertad-religiosa-en-colombia\/","og_site_name":"Iglesia Adventista del S\u00e9ptimo D\u00eda - Divisi\u00f3n Interamericana","article_published_time":"2018-07-09T23:24:01+00:00","article_modified_time":"2018-07-10T14:46:17+00:00","og_image":[{"width":1280,"height":800,"url":"https:\/\/interamerica.org\/wp-content\/uploads\/2018\/07\/official-photo-with-president-santos-1280.jpg","type":"image\/jpeg"}],"author":"libna","twitter_card":"summary_large_image","twitter_misc":{"Escrito por":"libna","Tiempo de lectura":"3 minutos"},"schema":{"@context":"https:\/\/schema.org","@graph":[{"@type":"Article","@id":"https:\/\/interamerica.org\/es\/2018\/07\/adventistas-ayudan-a-conmemorar-dia-nacional-de-la-libertad-religiosa-en-colombia\/#article","isPartOf":{"@id":"https:\/\/interamerica.org\/es\/2018\/07\/adventistas-ayudan-a-conmemorar-dia-nacional-de-la-libertad-religiosa-en-colombia\/"},"author":{"name":"libna","@id":"https:\/\/interamerica.org\/es\/#\/schema\/person\/29998f2bc2d8bd0d38662909289b54f1"},"headline":"Adventistas ayudan a conmemorar D\u00eda Nacional de la Libertad Religiosa en Colombia","datePublished":"2018-07-09T23:24:01+00:00","dateModified":"2018-07-10T14:46:17+00:00","mainEntityOfPage":{"@id":"https:\/\/interamerica.org\/es\/2018\/07\/adventistas-ayudan-a-conmemorar-dia-nacional-de-la-libertad-religiosa-en-colombia\/"},"wordCount":709,"commentCount":0,"image":{"@id":"https:\/\/interamerica.org\/es\/2018\/07\/adventistas-ayudan-a-conmemorar-dia-nacional-de-la-libertad-religiosa-en-colombia\/#primaryimage"},"thumbnailUrl":"https:\/\/interamerica.org\/wp-content\/uploads\/2018\/07\/official-photo-with-president-santos-1280.jpg","articleSection":["Desde el campo","RSS Espa\u00f1ol"],"inLanguage":"es","potentialAction":[{"@type":"CommentAction","name":"Comment","target":["https:\/\/interamerica.org\/es\/2018\/07\/adventistas-ayudan-a-conmemorar-dia-nacional-de-la-libertad-religiosa-en-colombia\/#respond"]}]},{"@type":"WebPage","@id":"https:\/\/interamerica.org\/es\/2018\/07\/adventistas-ayudan-a-conmemorar-dia-nacional-de-la-libertad-religiosa-en-colombia\/","url":"https:\/\/interamerica.org\/es\/2018\/07\/adventistas-ayudan-a-conmemorar-dia-nacional-de-la-libertad-religiosa-en-colombia\/","name":"Adventistas ayudan a conmemorar D\u00eda Nacional de la Libertad Religiosa en Colombia - Iglesia Adventista del S\u00e9ptimo D\u00eda - Divisi\u00f3n Interamericana","isPartOf":{"@id":"https:\/\/interamerica.org\/es\/#website"},"primaryImageOfPage":{"@id":"https:\/\/interamerica.org\/es\/2018\/07\/adventistas-ayudan-a-conmemorar-dia-nacional-de-la-libertad-religiosa-en-colombia\/#primaryimage"},"image":{"@id":"https:\/\/interamerica.org\/es\/2018\/07\/adventistas-ayudan-a-conmemorar-dia-nacional-de-la-libertad-religiosa-en-colombia\/#primaryimage"},"thumbnailUrl":"https:\/\/interamerica.org\/wp-content\/uploads\/2018\/07\/official-photo-with-president-santos-1280.jpg","datePublished":"2018-07-09T23:24:01+00:00","dateModified":"2018-07-10T14:46:17+00:00","author":{"@id":"https:\/\/interamerica.org\/es\/#\/schema\/person\/29998f2bc2d8bd0d38662909289b54f1"},"breadcrumb":{"@id":"https:\/\/interamerica.org\/es\/2018\/07\/adventistas-ayudan-a-conmemorar-dia-nacional-de-la-libertad-religiosa-en-colombia\/#breadcrumb"},"inLanguage":"es","potentialAction":[{"@type":"ReadAction","target":["https:\/\/interamerica.org\/es\/2018\/07\/adventistas-ayudan-a-conmemorar-dia-nacional-de-la-libertad-religiosa-en-colombia\/"]}]},{"@type":"ImageObject","inLanguage":"es","@id":"https:\/\/interamerica.org\/es\/2018\/07\/adventistas-ayudan-a-conmemorar-dia-nacional-de-la-libertad-religiosa-en-colombia\/#primaryimage","url":"https:\/\/interamerica.org\/wp-content\/uploads\/2018\/07\/official-photo-with-president-santos-1280.jpg","contentUrl":"https:\/\/interamerica.org\/wp-content\/uploads\/2018\/07\/official-photo-with-president-santos-1280.jpg","width":1280,"height":800},{"@type":"BreadcrumbList","@id":"https:\/\/interamerica.org\/es\/2018\/07\/adventistas-ayudan-a-conmemorar-dia-nacional-de-la-libertad-religiosa-en-colombia\/#breadcrumb","itemListElement":[{"@type":"ListItem","position":1,"name":"Home","item":"https:\/\/interamerica.org\/es\/"},{"@type":"ListItem","position":2,"name":"Adventistas ayudan a conmemorar D\u00eda Nacional de la Libertad Religiosa en Colombia"}]},{"@type":"WebSite","@id":"https:\/\/interamerica.org\/es\/#website","url":"https:\/\/interamerica.org\/es\/","name":"Iglesia Adventista del S\u00e9ptimo D\u00eda - Divisi\u00f3n Interamericana","description":"","potentialAction":[{"@type":"SearchAction","target":{"@type":"EntryPoint","urlTemplate":"https:\/\/interamerica.org\/es\/?s={search_term_string}"},"query-input":{"@type":"PropertyValueSpecification","valueRequired":true,"valueName":"search_term_string"}}],"inLanguage":"es"},{"@type":"Person","@id":"https:\/\/interamerica.org\/es\/#\/schema\/person\/29998f2bc2d8bd0d38662909289b54f1","name":"libna","image":{"@type":"ImageObject","inLanguage":"es","@id":"https:\/\/secure.gravatar.com\/avatar\/7c5bd30ae4b47a9ba3c856590957fd1d96dc588bf3ac05719d247e126840331f?s=96&d=mm&r=g","url":"https:\/\/secure.gravatar.com\/avatar\/7c5bd30ae4b47a9ba3c856590957fd1d96dc588bf3ac05719d247e126840331f?s=96&d=mm&r=g","contentUrl":"https:\/\/secure.gravatar.com\/avatar\/7c5bd30ae4b47a9ba3c856590957fd1d96dc588bf3ac05719d247e126840331f?s=96&d=mm&r=g","caption":"libna"}}]}},"_links":{"self":[{"href":"https:\/\/interamerica.org\/es\/wp-json\/wp\/v2\/posts\/42459","targetHints":{"allow":["GET"]}}],"collection":[{"href":"https:\/\/interamerica.org\/es\/wp-json\/wp\/v2\/posts"}],"about":[{"href":"https:\/\/interamerica.org\/es\/wp-json\/wp\/v2\/types\/post"}],"author":[{"embeddable":true,"href":"https:\/\/interamerica.org\/es\/wp-json\/wp\/v2\/users\/3"}],"replies":[{"embeddable":true,"href":"https:\/\/interamerica.org\/es\/wp-json\/wp\/v2\/comments?post=42459"}],"version-history":[{"count":0,"href":"https:\/\/interamerica.org\/es\/wp-json\/wp\/v2\/posts\/42459\/revisions"}],"wp:featuredmedia":[{"embeddable":true,"href":"https:\/\/interamerica.org\/es\/wp-json\/wp\/v2\/media\/42456"}],"wp:attachment":[{"href":"https:\/\/interamerica.org\/es\/wp-json\/wp\/v2\/media?parent=42459"}],"wp:term":[{"taxonomy":"category","embeddable":true,"href":"https:\/\/interamerica.org\/es\/wp-json\/wp\/v2\/categories?post=42459"},{"taxonomy":"post_tag","embeddable":true,"href":"https:\/\/interamerica.org\/es\/wp-json\/wp\/v2\/tags?post=42459"}],"curies":[{"name":"wp","href":"https:\/\/api.w.org\/{rel}","templated":true}]}}