{"id":42508,"date":"2018-07-13T21:13:08","date_gmt":"2018-07-14T01:13:08","guid":{"rendered":"https:\/\/recursing-golick.147-182-135-0.plesk.page\/?p=42508"},"modified":"2018-07-16T19:10:07","modified_gmt":"2018-07-16T23:10:07","slug":"interamerica-celebra-el-liderazgo-extraordinario-de-israel-leito","status":"publish","type":"post","link":"https:\/\/interamerica.org\/es\/2018\/07\/interamerica-celebra-el-liderazgo-extraordinario-de-israel-leito\/","title":{"rendered":"Interam\u00e9rica celebra el liderazgo extraordinario de Israel Leito"},"content":{"rendered":"<div id=\"attachment_42494\" style=\"width: 813px\" class=\"wp-caption aligncenter\"><img fetchpriority=\"high\" decoding=\"async\" aria-describedby=\"caption-attachment-42494\" class=\" wp-image-42494\" src=\"https:\/\/recursing-golick.147-182-135-0.plesk.page\/wp-content\/uploads\/2018\/07\/leito-farewell-ludmila.jpg\" alt=\"\" width=\"803\" height=\"535\" srcset=\"https:\/\/interamerica.org\/wp-content\/uploads\/2018\/07\/leito-farewell-ludmila.jpg 1000w, https:\/\/interamerica.org\/wp-content\/uploads\/2018\/07\/leito-farewell-ludmila-300x200.jpg 300w, https:\/\/interamerica.org\/wp-content\/uploads\/2018\/07\/leito-farewell-ludmila-768x512.jpg 768w\" sizes=\"(max-width: 803px) 100vw, 803px\" \/><p id=\"caption-attachment-42494\" class=\"wp-caption-text\">El pastor Israel Leito y su esposa Ludmila comparten el momento mientras son reconocidos por su ministerio en servicio de la Iglesia Adventista de la Divisi\u00f3n Interamericana, el 11 de julio de 2018, durante una celebraci\u00f3n especial en Miami, Florida, Estados Unidos. Imagen de Keila Trejo\/DIA<\/p><\/div>\n<p>13 de julio de 2018 | Miami, Florida | Libna Stevens\/DIA<\/p>\n<p>Decenas de administradores de la iglesia, colegas, personal de oficina, familiares y amigos se reunieron esta semana para celebrar el servicio a la iglesia del <a href=\"mailto:https:\/\/recursing-golick.147-182-135-0.plesk.page\/2018\/03\/iad-president-announces-retirement-during-church-business-meetings\/\">pastor Israel Leito, en particular de su liderazgo en la Divisi\u00f3n Interamericana<\/a> (DIA) durante los \u00faltimos 24 a\u00f1os. El pastor Leito tiene el r\u00e9cord como el presidente de divisi\u00f3n de servicio m\u00e1s prolongado, seg\u00fan la Secretar\u00eda de Archivos, Estad\u00edsticas e Investigaciones de la Iglesia Adventista.<\/p>\n<p>\u201cHemos venido aqu\u00ed a agradecer al Se\u00f1or por el ministerio de Ludmila y el pastor Leito aqu\u00ed en la Divisi\u00f3n Interamericana\u201d, dijo <a href=\"mailto:https:\/\/recursing-golick.147-182-135-0.plesk.page\/2018\/03\/adventist-church-in-inter-america-votes-in-new-president-and-executive-secretary\/\"> dijo el presidente electo, el doctor Elie Henry<\/a>. \u201cDespu\u00e9s de tantos a\u00f1os juntos \u2018la familia\u2019 quiso celebrar este momento con amigos que conoci\u00f3 cuando las oficinas estaban en Coral Gables y ahora en Kendall\u201d.<\/p>\n<div id=\"attachment_42492\" style=\"width: 813px\" class=\"wp-caption aligncenter\"><img decoding=\"async\" aria-describedby=\"caption-attachment-42492\" class=\" wp-image-42492\" src=\"https:\/\/recursing-golick.147-182-135-0.plesk.page\/wp-content\/uploads\/2018\/07\/leito-farewell-henry.jpg\" alt=\"\" width=\"803\" height=\"535\" srcset=\"https:\/\/interamerica.org\/wp-content\/uploads\/2018\/07\/leito-farewell-henry.jpg 1000w, https:\/\/interamerica.org\/wp-content\/uploads\/2018\/07\/leito-farewell-henry-300x200.jpg 300w, https:\/\/interamerica.org\/wp-content\/uploads\/2018\/07\/leito-farewell-henry-768x512.jpg 768w\" sizes=\"(max-width: 803px) 100vw, 803px\" \/><p id=\"caption-attachment-42492\" class=\"wp-caption-text\">El doctor Elie Henry (derecha), presidente electo de la Iglesia Adventista en Interam\u00e9rica reconoce al pastor Leito por su servicio extraordinario a la DIA. El pastor Roberto Brown (izquierda), secretario ejecutivo de la Iglesia Adventista en Honduras, oficia de traductor. Imagen de Libna Stevens\/DIA<\/p><\/div>\n<p>\u201cUsted ha sido un mentor, un consejero extraordinario y un ejemplo maravilloso\u201d, dijo Henry, que ha trabajado junto al pastor Leito durante m\u00e1s de quince a\u00f1os.<\/p>\n<p>El doctor Henry ley\u00f3 una declaraci\u00f3n en nombre de Ted N. C. Wilson, presidente de la Iglesia Adventista mundial, y su esposa Nancy. \u201cEn nombre de la iglesia mundial de los adventistas del s\u00e9ptimo d\u00eda, perm\u00edtame compartir mi aprecio por la conducci\u00f3n divina en la obra del pastor y la se\u00f1ora Leito. Desde sus actividades departamentales a administrativas, han sido fundamentales para ayudar a miles de personas en todo el mundo\u201d, expres\u00f3 la carta del pastor Wilson.<\/p>\n<p>Varios vicepresidentes de la Iglesia Adventista mundial, como as\u00ed tambi\u00e9n los principales administradores de las 24 uniones, o regiones principales, de Interam\u00e9rica, tambi\u00e9n reconocieron a los Leito por su dedicaci\u00f3n, compromiso y liderazgo a lo largo de los a\u00f1os, durante la celebraci\u00f3n de despedida del 11 de julio. Decenas de exempleados que trabajaron durante su liderazgo a\u00f1os atr\u00e1s tambi\u00e9n se sumaron a la celebraci\u00f3n.<\/p>\n<p>El pastor George W. Brown, expresidente de la Divisi\u00f3n Interamericana, habl\u00f3 en elogiosos t\u00e9rminos del crecimiento de la iglesia en Interam\u00e9rica desde que el pastor Leito asumi\u00f3 como presidente de la divisi\u00f3n.<\/p>\n<div id=\"attachment_42496\" style=\"width: 812px\" class=\"wp-caption aligncenter\"><img decoding=\"async\" aria-describedby=\"caption-attachment-42496\" class=\" wp-image-42496\" src=\"https:\/\/recursing-golick.147-182-135-0.plesk.page\/wp-content\/uploads\/2018\/07\/leito-farewell-brown.jpg\" alt=\"\" width=\"802\" height=\"535\" srcset=\"https:\/\/interamerica.org\/wp-content\/uploads\/2018\/07\/leito-farewell-brown.jpg 1000w, https:\/\/interamerica.org\/wp-content\/uploads\/2018\/07\/leito-farewell-brown-300x200.jpg 300w, https:\/\/interamerica.org\/wp-content\/uploads\/2018\/07\/leito-farewell-brown-768x512.jpg 768w\" sizes=\"(max-width: 802px) 100vw, 802px\" \/><p id=\"caption-attachment-42496\" class=\"wp-caption-text\">El pastor George W. Brown (derecha), expresidente de la Divisi\u00f3n Interamericana, felicita al pastor Leito por su dedicado servicio al frente de una feligres\u00eda de 3,8 millones. El pastor Roberto Brown (izquierda), secretario ejecutivo de la iglesia en Honduras, oficia de int\u00e9rprete. Imagen de Keila Trejo\/DIA<\/p><\/div>\n<p>\u201cCuando sal\u00ed en 1993, hab\u00eda 11 uniones y 64 campos, y 1,5 millones de miembros\u201d, dijo Brown. \u201cAhora que sale el pastor Leito, hay 24 uniones, m\u00e1s de 150 campos y alabamos a Dios por 3,8 millones de miembros. Este no es un logro com\u00fan, por lo que saludo a mi amigo y colega y a su amada esposa\u201d.<\/p>\n<p>El pastor Leito reconoci\u00f3 a los expresidentes y l\u00edderes de la Divisi\u00f3n Interamericana que establecieron los fundamentos para el \u00e9xito de la iglesia antes de su presidencia.<\/p>\n<p>\u201cTenemos que continuar preparando a las personas para la venida del Se\u00f1or\u201d, dijo el pastor Leito. Anim\u00f3 asimismo a los administradores y l\u00edderes de la iglesia presentes para que siempre avancen con m\u00e9todos innovadores, sin temer jam\u00e1s la oportunidad de probar algo nuevo, respetando los reglamentos y colocando a las personas por sobre los reglamentos y las circunstancias.<\/p>\n<div id=\"attachment_42495\" style=\"width: 813px\" class=\"wp-caption aligncenter\"><img loading=\"lazy\" decoding=\"async\" aria-describedby=\"caption-attachment-42495\" class=\" wp-image-42495\" src=\"https:\/\/recursing-golick.147-182-135-0.plesk.page\/wp-content\/uploads\/2018\/07\/leito-farewell-lassonier.jpg\" alt=\"\" width=\"803\" height=\"535\" srcset=\"https:\/\/interamerica.org\/wp-content\/uploads\/2018\/07\/leito-farewell-lassonier.jpg 1000w, https:\/\/interamerica.org\/wp-content\/uploads\/2018\/07\/leito-farewell-lassonier-300x200.jpg 300w, https:\/\/interamerica.org\/wp-content\/uploads\/2018\/07\/leito-farewell-lassonier-768x512.jpg 768w\" sizes=\"(max-width: 803px) 100vw, 803px\" \/><p id=\"caption-attachment-42495\" class=\"wp-caption-text\">El pastor Daniel Lassonnier, presidente de la Iglesia Adventista en la Uni\u00f3n de Guyana y las Antillas Francesas, abraza al pastor Leito durante el evento de celebraci\u00f3n. Imagen de Keila Trejo\/DIA<\/p><\/div>\n<p>\u201cPiensen en la manera en que sus decisiones tendr\u00e1n un impacto en la vida de los dem\u00e1s\u201d, dijo el pastor Leito. \u201cLa Divisi\u00f3n Interamericana tiene un futuro brillante. Dios a\u00fan est\u00e1 guiando, y hay m\u00e1s trabajo que hacer, m\u00e1s almas que salvar\u201d.<\/p>\n<p>El pastor Leito comparti\u00f3 los sue\u00f1os no cumplidos que tiene al dejar su cargo y jubilarse del servicio a la organizaci\u00f3n el 1 de agosto de 2018.<\/p>\n<p>\u201cMe gustar\u00eda haber visto la organizaci\u00f3n de la sexta Uni\u00f3n Mexicana en Tabasco\u201d, dijo el pastor Leito. Asimismo, dijo que le gustar\u00eda ver a m\u00e1s campos locales organizados como asociaciones, y salarios m\u00e1s elevados para los docentes.<\/p>\n<p>\u201cQuiero ver una iglesia donde los j\u00f3venes sean plenamente aceptados, libres de innovar, y totalmente equipados para liderar esta iglesia\u201d, a\u00f1adi\u00f3.<\/p>\n<div id=\"attachment_42493\" style=\"width: 807px\" class=\"wp-caption aligncenter\"><img loading=\"lazy\" decoding=\"async\" aria-describedby=\"caption-attachment-42493\" class=\" wp-image-42493\" src=\"https:\/\/recursing-golick.147-182-135-0.plesk.page\/wp-content\/uploads\/2018\/07\/leito-farewell-dept-choir.jpg\" alt=\"\" width=\"797\" height=\"531\" srcset=\"https:\/\/interamerica.org\/wp-content\/uploads\/2018\/07\/leito-farewell-dept-choir.jpg 1000w, https:\/\/interamerica.org\/wp-content\/uploads\/2018\/07\/leito-farewell-dept-choir-300x200.jpg 300w, https:\/\/interamerica.org\/wp-content\/uploads\/2018\/07\/leito-farewell-dept-choir-768x512.jpg 768w\" sizes=\"(max-width: 797px) 100vw, 797px\" \/><p id=\"caption-attachment-42493\" class=\"wp-caption-text\">Los directores departamentales estuvieron acompa\u00f1ados por el pastor Leito, durante un popurr\u00ed de himnos de alabanza a Dios por el servicio fiel del presidente de la divisi\u00f3n. Imagen de Libna Stevens\/DIA<\/p><\/div>\n<p>Leito felicit\u00f3 a los l\u00edderes y al personal de la Divisi\u00f3n Interamericana por su obra dedicada a la misi\u00f3n de la iglesia, y les asegur\u00f3 que el doctor Henry llega al cargo de nuevo presidente del territorio con una extraordinaria experiencia administrativa, acad\u00e9mica y pastoral.<\/p>\n<p>\u201cAvancen por fe, porque Dios est\u00e1 al control\u201d, concluy\u00f3 Leito.<\/p>\n<p>Los directores de departamento de la iglesia rindieron tributo al pastor Leito con m\u00fasica y c\u00e1nticos durante el evento vespertino, como as\u00ed tambi\u00e9n los administradores de las uniones, que expresaron palabras de admiraci\u00f3n y dieron presentes a los Leitos.<\/p>\n<p>Traducci\u00f3n de Marcos Paseggi<\/p>\n","protected":false},"excerpt":{"rendered":"<p>13 de julio de 2018 | Miami, Florida | Libna Stevens\/DIA Decenas de administradores de la iglesia, colegas, personal de oficina, familiares y amigos se reunieron esta semana para celebrar&#8230;<\/p>\n","protected":false},"author":3,"featured_media":42497,"comment_status":"open","ping_status":"closed","sticky":false,"template":"","format":"standard","meta":{"_acf_changed":false,"footnotes":""},"categories":[16,15],"tags":[],"class_list":["post-42508","post","type-post","status-publish","format-standard","has-post-thumbnail","hentry","category-desde-la-sede","category-rss-espanol"],"acf":[],"yoast_head":"<!-- This site is optimized with the Yoast SEO plugin v27.3 - https:\/\/yoast.com\/product\/yoast-seo-wordpress\/ -->\n<title>Interam\u00e9rica celebra el liderazgo extraordinario de Israel Leito - Iglesia Adventista del S\u00e9ptimo D\u00eda - Divisi\u00f3n Interamericana<\/title>\n<meta name=\"robots\" content=\"index, follow, max-snippet:-1, max-image-preview:large, max-video-preview:-1\" \/>\n<link rel=\"canonical\" href=\"https:\/\/interamerica.org\/es\/2018\/07\/interamerica-celebra-el-liderazgo-extraordinario-de-israel-leito\/\" \/>\n<meta property=\"og:locale\" content=\"es_ES\" \/>\n<meta property=\"og:type\" content=\"article\" \/>\n<meta property=\"og:title\" content=\"Interam\u00e9rica celebra el liderazgo extraordinario de Israel Leito - Iglesia Adventista del S\u00e9ptimo D\u00eda - Divisi\u00f3n Interamericana\" \/>\n<meta property=\"og:description\" content=\"13 de julio de 2018 | Miami, Florida | Libna Stevens\/DIA Decenas de administradores de la iglesia, colegas, personal de oficina, familiares y amigos se reunieron esta semana para celebrar...\" \/>\n<meta property=\"og:url\" content=\"https:\/\/interamerica.org\/es\/2018\/07\/interamerica-celebra-el-liderazgo-extraordinario-de-israel-leito\/\" \/>\n<meta property=\"og:site_name\" content=\"Iglesia Adventista del S\u00e9ptimo D\u00eda - Divisi\u00f3n Interamericana\" \/>\n<meta property=\"article:published_time\" content=\"2018-07-14T01:13:08+00:00\" \/>\n<meta property=\"article:modified_time\" content=\"2018-07-16T23:10:07+00:00\" \/>\n<meta property=\"og:image\" content=\"https:\/\/interamerica.org\/wp-content\/uploads\/2018\/07\/leito-farewell-1280.jpg\" \/>\n\t<meta property=\"og:image:width\" content=\"1280\" \/>\n\t<meta property=\"og:image:height\" content=\"800\" \/>\n\t<meta property=\"og:image:type\" content=\"image\/jpeg\" \/>\n<meta name=\"author\" content=\"libna\" \/>\n<meta name=\"twitter:card\" content=\"summary_large_image\" \/>\n<meta name=\"twitter:label1\" content=\"Escrito por\" \/>\n\t<meta name=\"twitter:data1\" content=\"libna\" \/>\n\t<meta name=\"twitter:label2\" content=\"Tiempo de lectura\" \/>\n\t<meta name=\"twitter:data2\" content=\"5 minutos\" \/>\n<script type=\"application\/ld+json\" class=\"yoast-schema-graph\">{\"@context\":\"https:\\\/\\\/schema.org\",\"@graph\":[{\"@type\":\"Article\",\"@id\":\"https:\\\/\\\/interamerica.org\\\/es\\\/2018\\\/07\\\/interamerica-celebra-el-liderazgo-extraordinario-de-israel-leito\\\/#article\",\"isPartOf\":{\"@id\":\"https:\\\/\\\/interamerica.org\\\/es\\\/2018\\\/07\\\/interamerica-celebra-el-liderazgo-extraordinario-de-israel-leito\\\/\"},\"author\":{\"name\":\"libna\",\"@id\":\"https:\\\/\\\/interamerica.org\\\/es\\\/#\\\/schema\\\/person\\\/29998f2bc2d8bd0d38662909289b54f1\"},\"headline\":\"Interam\u00e9rica celebra el liderazgo extraordinario de Israel Leito\",\"datePublished\":\"2018-07-14T01:13:08+00:00\",\"dateModified\":\"2018-07-16T23:10:07+00:00\",\"mainEntityOfPage\":{\"@id\":\"https:\\\/\\\/interamerica.org\\\/es\\\/2018\\\/07\\\/interamerica-celebra-el-liderazgo-extraordinario-de-israel-leito\\\/\"},\"wordCount\":1012,\"commentCount\":0,\"image\":{\"@id\":\"https:\\\/\\\/interamerica.org\\\/es\\\/2018\\\/07\\\/interamerica-celebra-el-liderazgo-extraordinario-de-israel-leito\\\/#primaryimage\"},\"thumbnailUrl\":\"https:\\\/\\\/interamerica.org\\\/wp-content\\\/uploads\\\/2018\\\/07\\\/leito-farewell-1280.jpg\",\"articleSection\":[\"Desde la sede\",\"RSS Espa\u00f1ol\"],\"inLanguage\":\"es\",\"potentialAction\":[{\"@type\":\"CommentAction\",\"name\":\"Comment\",\"target\":[\"https:\\\/\\\/interamerica.org\\\/es\\\/2018\\\/07\\\/interamerica-celebra-el-liderazgo-extraordinario-de-israel-leito\\\/#respond\"]}]},{\"@type\":\"WebPage\",\"@id\":\"https:\\\/\\\/interamerica.org\\\/es\\\/2018\\\/07\\\/interamerica-celebra-el-liderazgo-extraordinario-de-israel-leito\\\/\",\"url\":\"https:\\\/\\\/interamerica.org\\\/es\\\/2018\\\/07\\\/interamerica-celebra-el-liderazgo-extraordinario-de-israel-leito\\\/\",\"name\":\"Interam\u00e9rica celebra el liderazgo extraordinario de Israel Leito - Iglesia Adventista del S\u00e9ptimo D\u00eda - Divisi\u00f3n Interamericana\",\"isPartOf\":{\"@id\":\"https:\\\/\\\/interamerica.org\\\/es\\\/#website\"},\"primaryImageOfPage\":{\"@id\":\"https:\\\/\\\/interamerica.org\\\/es\\\/2018\\\/07\\\/interamerica-celebra-el-liderazgo-extraordinario-de-israel-leito\\\/#primaryimage\"},\"image\":{\"@id\":\"https:\\\/\\\/interamerica.org\\\/es\\\/2018\\\/07\\\/interamerica-celebra-el-liderazgo-extraordinario-de-israel-leito\\\/#primaryimage\"},\"thumbnailUrl\":\"https:\\\/\\\/interamerica.org\\\/wp-content\\\/uploads\\\/2018\\\/07\\\/leito-farewell-1280.jpg\",\"datePublished\":\"2018-07-14T01:13:08+00:00\",\"dateModified\":\"2018-07-16T23:10:07+00:00\",\"author\":{\"@id\":\"https:\\\/\\\/interamerica.org\\\/es\\\/#\\\/schema\\\/person\\\/29998f2bc2d8bd0d38662909289b54f1\"},\"breadcrumb\":{\"@id\":\"https:\\\/\\\/interamerica.org\\\/es\\\/2018\\\/07\\\/interamerica-celebra-el-liderazgo-extraordinario-de-israel-leito\\\/#breadcrumb\"},\"inLanguage\":\"es\",\"potentialAction\":[{\"@type\":\"ReadAction\",\"target\":[\"https:\\\/\\\/interamerica.org\\\/es\\\/2018\\\/07\\\/interamerica-celebra-el-liderazgo-extraordinario-de-israel-leito\\\/\"]}]},{\"@type\":\"ImageObject\",\"inLanguage\":\"es\",\"@id\":\"https:\\\/\\\/interamerica.org\\\/es\\\/2018\\\/07\\\/interamerica-celebra-el-liderazgo-extraordinario-de-israel-leito\\\/#primaryimage\",\"url\":\"https:\\\/\\\/interamerica.org\\\/wp-content\\\/uploads\\\/2018\\\/07\\\/leito-farewell-1280.jpg\",\"contentUrl\":\"https:\\\/\\\/interamerica.org\\\/wp-content\\\/uploads\\\/2018\\\/07\\\/leito-farewell-1280.jpg\",\"width\":1280,\"height\":800},{\"@type\":\"BreadcrumbList\",\"@id\":\"https:\\\/\\\/interamerica.org\\\/es\\\/2018\\\/07\\\/interamerica-celebra-el-liderazgo-extraordinario-de-israel-leito\\\/#breadcrumb\",\"itemListElement\":[{\"@type\":\"ListItem\",\"position\":1,\"name\":\"Home\",\"item\":\"https:\\\/\\\/interamerica.org\\\/es\\\/\"},{\"@type\":\"ListItem\",\"position\":2,\"name\":\"Interam\u00e9rica celebra el liderazgo extraordinario de Israel Leito\"}]},{\"@type\":\"WebSite\",\"@id\":\"https:\\\/\\\/interamerica.org\\\/es\\\/#website\",\"url\":\"https:\\\/\\\/interamerica.org\\\/es\\\/\",\"name\":\"Iglesia Adventista del S\u00e9ptimo D\u00eda - Divisi\u00f3n Interamericana\",\"description\":\"\",\"potentialAction\":[{\"@type\":\"SearchAction\",\"target\":{\"@type\":\"EntryPoint\",\"urlTemplate\":\"https:\\\/\\\/interamerica.org\\\/es\\\/?s={search_term_string}\"},\"query-input\":{\"@type\":\"PropertyValueSpecification\",\"valueRequired\":true,\"valueName\":\"search_term_string\"}}],\"inLanguage\":\"es\"},{\"@type\":\"Person\",\"@id\":\"https:\\\/\\\/interamerica.org\\\/es\\\/#\\\/schema\\\/person\\\/29998f2bc2d8bd0d38662909289b54f1\",\"name\":\"libna\",\"image\":{\"@type\":\"ImageObject\",\"inLanguage\":\"es\",\"@id\":\"https:\\\/\\\/secure.gravatar.com\\\/avatar\\\/7c5bd30ae4b47a9ba3c856590957fd1d96dc588bf3ac05719d247e126840331f?s=96&d=mm&r=g\",\"url\":\"https:\\\/\\\/secure.gravatar.com\\\/avatar\\\/7c5bd30ae4b47a9ba3c856590957fd1d96dc588bf3ac05719d247e126840331f?s=96&d=mm&r=g\",\"contentUrl\":\"https:\\\/\\\/secure.gravatar.com\\\/avatar\\\/7c5bd30ae4b47a9ba3c856590957fd1d96dc588bf3ac05719d247e126840331f?s=96&d=mm&r=g\",\"caption\":\"libna\"}}]}<\/script>\n<!-- \/ Yoast SEO plugin. -->","yoast_head_json":{"title":"Interam\u00e9rica celebra el liderazgo extraordinario de Israel Leito - Iglesia Adventista del S\u00e9ptimo D\u00eda - Divisi\u00f3n Interamericana","robots":{"index":"index","follow":"follow","max-snippet":"max-snippet:-1","max-image-preview":"max-image-preview:large","max-video-preview":"max-video-preview:-1"},"canonical":"https:\/\/interamerica.org\/es\/2018\/07\/interamerica-celebra-el-liderazgo-extraordinario-de-israel-leito\/","og_locale":"es_ES","og_type":"article","og_title":"Interam\u00e9rica celebra el liderazgo extraordinario de Israel Leito - Iglesia Adventista del S\u00e9ptimo D\u00eda - Divisi\u00f3n Interamericana","og_description":"13 de julio de 2018 | Miami, Florida | Libna Stevens\/DIA Decenas de administradores de la iglesia, colegas, personal de oficina, familiares y amigos se reunieron esta semana para celebrar...","og_url":"https:\/\/interamerica.org\/es\/2018\/07\/interamerica-celebra-el-liderazgo-extraordinario-de-israel-leito\/","og_site_name":"Iglesia Adventista del S\u00e9ptimo D\u00eda - Divisi\u00f3n Interamericana","article_published_time":"2018-07-14T01:13:08+00:00","article_modified_time":"2018-07-16T23:10:07+00:00","og_image":[{"width":1280,"height":800,"url":"https:\/\/interamerica.org\/wp-content\/uploads\/2018\/07\/leito-farewell-1280.jpg","type":"image\/jpeg"}],"author":"libna","twitter_card":"summary_large_image","twitter_misc":{"Escrito por":"libna","Tiempo de lectura":"5 minutos"},"schema":{"@context":"https:\/\/schema.org","@graph":[{"@type":"Article","@id":"https:\/\/interamerica.org\/es\/2018\/07\/interamerica-celebra-el-liderazgo-extraordinario-de-israel-leito\/#article","isPartOf":{"@id":"https:\/\/interamerica.org\/es\/2018\/07\/interamerica-celebra-el-liderazgo-extraordinario-de-israel-leito\/"},"author":{"name":"libna","@id":"https:\/\/interamerica.org\/es\/#\/schema\/person\/29998f2bc2d8bd0d38662909289b54f1"},"headline":"Interam\u00e9rica celebra el liderazgo extraordinario de Israel Leito","datePublished":"2018-07-14T01:13:08+00:00","dateModified":"2018-07-16T23:10:07+00:00","mainEntityOfPage":{"@id":"https:\/\/interamerica.org\/es\/2018\/07\/interamerica-celebra-el-liderazgo-extraordinario-de-israel-leito\/"},"wordCount":1012,"commentCount":0,"image":{"@id":"https:\/\/interamerica.org\/es\/2018\/07\/interamerica-celebra-el-liderazgo-extraordinario-de-israel-leito\/#primaryimage"},"thumbnailUrl":"https:\/\/interamerica.org\/wp-content\/uploads\/2018\/07\/leito-farewell-1280.jpg","articleSection":["Desde la sede","RSS Espa\u00f1ol"],"inLanguage":"es","potentialAction":[{"@type":"CommentAction","name":"Comment","target":["https:\/\/interamerica.org\/es\/2018\/07\/interamerica-celebra-el-liderazgo-extraordinario-de-israel-leito\/#respond"]}]},{"@type":"WebPage","@id":"https:\/\/interamerica.org\/es\/2018\/07\/interamerica-celebra-el-liderazgo-extraordinario-de-israel-leito\/","url":"https:\/\/interamerica.org\/es\/2018\/07\/interamerica-celebra-el-liderazgo-extraordinario-de-israel-leito\/","name":"Interam\u00e9rica celebra el liderazgo extraordinario de Israel Leito - Iglesia Adventista del S\u00e9ptimo D\u00eda - Divisi\u00f3n Interamericana","isPartOf":{"@id":"https:\/\/interamerica.org\/es\/#website"},"primaryImageOfPage":{"@id":"https:\/\/interamerica.org\/es\/2018\/07\/interamerica-celebra-el-liderazgo-extraordinario-de-israel-leito\/#primaryimage"},"image":{"@id":"https:\/\/interamerica.org\/es\/2018\/07\/interamerica-celebra-el-liderazgo-extraordinario-de-israel-leito\/#primaryimage"},"thumbnailUrl":"https:\/\/interamerica.org\/wp-content\/uploads\/2018\/07\/leito-farewell-1280.jpg","datePublished":"2018-07-14T01:13:08+00:00","dateModified":"2018-07-16T23:10:07+00:00","author":{"@id":"https:\/\/interamerica.org\/es\/#\/schema\/person\/29998f2bc2d8bd0d38662909289b54f1"},"breadcrumb":{"@id":"https:\/\/interamerica.org\/es\/2018\/07\/interamerica-celebra-el-liderazgo-extraordinario-de-israel-leito\/#breadcrumb"},"inLanguage":"es","potentialAction":[{"@type":"ReadAction","target":["https:\/\/interamerica.org\/es\/2018\/07\/interamerica-celebra-el-liderazgo-extraordinario-de-israel-leito\/"]}]},{"@type":"ImageObject","inLanguage":"es","@id":"https:\/\/interamerica.org\/es\/2018\/07\/interamerica-celebra-el-liderazgo-extraordinario-de-israel-leito\/#primaryimage","url":"https:\/\/interamerica.org\/wp-content\/uploads\/2018\/07\/leito-farewell-1280.jpg","contentUrl":"https:\/\/interamerica.org\/wp-content\/uploads\/2018\/07\/leito-farewell-1280.jpg","width":1280,"height":800},{"@type":"BreadcrumbList","@id":"https:\/\/interamerica.org\/es\/2018\/07\/interamerica-celebra-el-liderazgo-extraordinario-de-israel-leito\/#breadcrumb","itemListElement":[{"@type":"ListItem","position":1,"name":"Home","item":"https:\/\/interamerica.org\/es\/"},{"@type":"ListItem","position":2,"name":"Interam\u00e9rica celebra el liderazgo extraordinario de Israel Leito"}]},{"@type":"WebSite","@id":"https:\/\/interamerica.org\/es\/#website","url":"https:\/\/interamerica.org\/es\/","name":"Iglesia Adventista del S\u00e9ptimo D\u00eda - Divisi\u00f3n Interamericana","description":"","potentialAction":[{"@type":"SearchAction","target":{"@type":"EntryPoint","urlTemplate":"https:\/\/interamerica.org\/es\/?s={search_term_string}"},"query-input":{"@type":"PropertyValueSpecification","valueRequired":true,"valueName":"search_term_string"}}],"inLanguage":"es"},{"@type":"Person","@id":"https:\/\/interamerica.org\/es\/#\/schema\/person\/29998f2bc2d8bd0d38662909289b54f1","name":"libna","image":{"@type":"ImageObject","inLanguage":"es","@id":"https:\/\/secure.gravatar.com\/avatar\/7c5bd30ae4b47a9ba3c856590957fd1d96dc588bf3ac05719d247e126840331f?s=96&d=mm&r=g","url":"https:\/\/secure.gravatar.com\/avatar\/7c5bd30ae4b47a9ba3c856590957fd1d96dc588bf3ac05719d247e126840331f?s=96&d=mm&r=g","contentUrl":"https:\/\/secure.gravatar.com\/avatar\/7c5bd30ae4b47a9ba3c856590957fd1d96dc588bf3ac05719d247e126840331f?s=96&d=mm&r=g","caption":"libna"}}]}},"_links":{"self":[{"href":"https:\/\/interamerica.org\/es\/wp-json\/wp\/v2\/posts\/42508","targetHints":{"allow":["GET"]}}],"collection":[{"href":"https:\/\/interamerica.org\/es\/wp-json\/wp\/v2\/posts"}],"about":[{"href":"https:\/\/interamerica.org\/es\/wp-json\/wp\/v2\/types\/post"}],"author":[{"embeddable":true,"href":"https:\/\/interamerica.org\/es\/wp-json\/wp\/v2\/users\/3"}],"replies":[{"embeddable":true,"href":"https:\/\/interamerica.org\/es\/wp-json\/wp\/v2\/comments?post=42508"}],"version-history":[{"count":0,"href":"https:\/\/interamerica.org\/es\/wp-json\/wp\/v2\/posts\/42508\/revisions"}],"wp:featuredmedia":[{"embeddable":true,"href":"https:\/\/interamerica.org\/es\/wp-json\/wp\/v2\/media\/42497"}],"wp:attachment":[{"href":"https:\/\/interamerica.org\/es\/wp-json\/wp\/v2\/media?parent=42508"}],"wp:term":[{"taxonomy":"category","embeddable":true,"href":"https:\/\/interamerica.org\/es\/wp-json\/wp\/v2\/categories?post=42508"},{"taxonomy":"post_tag","embeddable":true,"href":"https:\/\/interamerica.org\/es\/wp-json\/wp\/v2\/tags?post=42508"}],"curies":[{"name":"wp","href":"https:\/\/api.w.org\/{rel}","templated":true}]}}