{"id":42555,"date":"2018-07-18T12:00:06","date_gmt":"2018-07-18T16:00:06","guid":{"rendered":"https:\/\/recursing-golick.147-182-135-0.plesk.page\/?p=42555"},"modified":"2018-12-03T21:59:09","modified_gmt":"2018-12-04T01:59:09","slug":"junta-administrativa-da-paso-en-pro-del-proceso-de-unidad","status":"publish","type":"post","link":"https:\/\/interamerica.org\/es\/2018\/07\/junta-administrativa-da-paso-en-pro-del-proceso-de-unidad\/","title":{"rendered":"Junta Administrativa da paso en pro del proceso de unidad"},"content":{"rendered":"<div><img fetchpriority=\"high\" decoding=\"async\" class=\"aligncenter wp-image-38338\" src=\"https:\/\/recursing-golick.147-182-135-0.plesk.page\/wp-content\/uploads\/2018\/02\/unity-oversight-committee-banner.jpg\" alt=\"\" width=\"804\" height=\"402\" srcset=\"https:\/\/interamerica.org\/wp-content\/uploads\/2018\/02\/unity-oversight-committee-banner.jpg 1000w, https:\/\/interamerica.org\/wp-content\/uploads\/2018\/02\/unity-oversight-committee-banner-300x150.jpg 300w, https:\/\/interamerica.org\/wp-content\/uploads\/2018\/02\/unity-oversight-committee-banner-768x384.jpg 768w\" sizes=\"(max-width: 804px) 100vw, 804px\" \/><\/div>\n<div><\/div>\n<div class=\"article__meta\"><span class=\"pub_date font--secondary--s gray can-be--white\"> 17 de julio de 2018<\/span> <span class=\"divider\">|<\/span> <span class=\"pub_region font--secondary--s gray can-be--white\">Silver Spring, Maryland, Estados Unidos<\/span> <span class=\"divider\">|<\/span> <span class=\"byline font--secondary--s gray can-be--white\">Adventist Review\/Adventist World y ANN<\/span><\/div>\n<div>\n<p>La Junta Administrativa de la Asociaci\u00f3n General de la Iglesia Adventista del S\u00e9ptimo D\u00eda vot\u00f3 este martes 17 de julio un documento recomendado por la Comisi\u00f3n de Supervisi\u00f3n de la Unidad. Las recomendaciones se produjeron despu\u00e9s de que nueve meses de escuchar y realizar consultas con las entidades de la iglesia de diversas partes del mundo llev\u00f3 a delinear un proceso de c\u00f3mo responder a las entidades que no cumplan con los votos del Congreso de la Asociaci\u00f3n General, la Junta Directiva de la Asociaci\u00f3n General o los reglamentos eclesi\u00e1stico-administrativos. El proceso delineado incluye establecer un n\u00famero de comisiones de revisi\u00f3n del cumplimiento que se ocupar\u00e1n de cuestiones espec\u00edficas de no cumplimiento y que efectuar\u00e1n recomendaciones a la Junta Administrativa de la Asociaci\u00f3n General.<\/p>\n<p>La Comisi\u00f3n de Supervisi\u00f3n de la Unidad trabaj\u00f3 en el marco de la informaci\u00f3n que recibi\u00f3 de los datos cuantitativos y cualitativos que reunieron los l\u00edderes de la iglesia mundial, as\u00ed como de di\u00e1logos con las trece divisiones mundiales, el Consejo de Liderazgo de la Asociaci\u00f3n General y las instituciones de la Asociaci\u00f3n General. Tambi\u00e9n se tomaron en cuenta los comentarios de los miembros de la Junta Directiva durante Concilios Anuales previos.<\/p>\n<p>Se asign\u00f3 a la Secretar\u00eda de Archivos, Estad\u00edsticas e Investigaciones la tarea de preparar un cuestionario y de administrar una encuesta de todos los presidentes de las uniones y divisiones. Todos los encuestados enviaron una respuesta, si bien en algunos casos escogieron no responder a todas las preguntas. <a href=\"https:\/\/news.adventist.org\/en\/all-news\/news\/go\/2018-03-23\/survey-results-presented-to-unity-oversight-committee-qualitative-research-continues\/\" target=\"_blank\" rel=\"noopener\"> Los resultados de la encuesta fueron publicados en un art\u00edculo previo <\/a>, y mostraron que la mayor\u00eda de los presidentes de las uniones de la iglesia mundial favorec\u00eda alg\u00fan tipo de proceso para hacer frente a situaciones de falta de conformidad.<\/p>\n<p>Siguiendo el proceso y protocolos est\u00e1ndares, el documento votado en el d\u00eda de hoy por la ADCOM de la Asociaci\u00f3n General tambi\u00e9n ser\u00e1 analizado por la Comisi\u00f3n de los Directivos de las Divisiones de la Asociaci\u00f3n General. Entonces ser\u00e1 enviado a la Junta Directiva de la Asociaci\u00f3n General en su Concilio Anual de octubre pr\u00f3ximo para su consideraci\u00f3n.<\/p>\n<\/div>\n","protected":false},"excerpt":{"rendered":"<p>17 de julio de 2018 | Silver Spring, Maryland, Estados Unidos | Adventist Review\/Adventist World y ANN La Junta Administrativa de la Asociaci\u00f3n General de la Iglesia Adventista del S\u00e9ptimo&#8230;<\/p>\n","protected":false},"author":3,"featured_media":38338,"comment_status":"open","ping_status":"closed","sticky":false,"template":"","format":"standard","meta":{"_acf_changed":false,"footnotes":""},"categories":[14,15],"tags":[],"class_list":["post-42555","post","type-post","status-publish","format-standard","has-post-thumbnail","hentry","category-de-la-iglesia-mundial","category-rss-espanol"],"acf":[],"yoast_head":"<!-- This site is optimized with the Yoast SEO plugin v27.3 - https:\/\/yoast.com\/product\/yoast-seo-wordpress\/ -->\n<title>Junta Administrativa da paso en pro del proceso de unidad - Iglesia Adventista del S\u00e9ptimo D\u00eda - Divisi\u00f3n Interamericana<\/title>\n<meta name=\"robots\" content=\"index, follow, max-snippet:-1, max-image-preview:large, max-video-preview:-1\" \/>\n<link rel=\"canonical\" href=\"https:\/\/interamerica.org\/es\/2018\/07\/junta-administrativa-da-paso-en-pro-del-proceso-de-unidad\/\" \/>\n<meta property=\"og:locale\" content=\"es_ES\" \/>\n<meta property=\"og:type\" content=\"article\" \/>\n<meta property=\"og:title\" content=\"Junta Administrativa da paso en pro del proceso de unidad - Iglesia Adventista del S\u00e9ptimo D\u00eda - Divisi\u00f3n Interamericana\" \/>\n<meta property=\"og:description\" content=\"17 de julio de 2018 | Silver Spring, Maryland, Estados Unidos | Adventist Review\/Adventist World y ANN La Junta Administrativa de la Asociaci\u00f3n General de la Iglesia Adventista del S\u00e9ptimo...\" \/>\n<meta property=\"og:url\" content=\"https:\/\/interamerica.org\/es\/2018\/07\/junta-administrativa-da-paso-en-pro-del-proceso-de-unidad\/\" \/>\n<meta property=\"og:site_name\" content=\"Iglesia Adventista del S\u00e9ptimo D\u00eda - Divisi\u00f3n Interamericana\" \/>\n<meta property=\"article:published_time\" content=\"2018-07-18T16:00:06+00:00\" \/>\n<meta property=\"article:modified_time\" content=\"2018-12-04T01:59:09+00:00\" \/>\n<meta property=\"og:image\" content=\"https:\/\/interamerica.org\/wp-content\/uploads\/2018\/02\/unity-oversight-committee-banner.jpg\" \/>\n\t<meta property=\"og:image:width\" content=\"1000\" \/>\n\t<meta property=\"og:image:height\" content=\"500\" \/>\n\t<meta property=\"og:image:type\" content=\"image\/jpeg\" \/>\n<meta name=\"author\" content=\"libna\" \/>\n<meta name=\"twitter:card\" content=\"summary_large_image\" \/>\n<meta name=\"twitter:label1\" content=\"Escrito por\" \/>\n\t<meta name=\"twitter:data1\" content=\"libna\" \/>\n\t<meta name=\"twitter:label2\" content=\"Tiempo de lectura\" \/>\n\t<meta name=\"twitter:data2\" content=\"2 minutos\" \/>\n<script type=\"application\/ld+json\" class=\"yoast-schema-graph\">{\"@context\":\"https:\\\/\\\/schema.org\",\"@graph\":[{\"@type\":\"Article\",\"@id\":\"https:\\\/\\\/interamerica.org\\\/es\\\/2018\\\/07\\\/junta-administrativa-da-paso-en-pro-del-proceso-de-unidad\\\/#article\",\"isPartOf\":{\"@id\":\"https:\\\/\\\/interamerica.org\\\/es\\\/2018\\\/07\\\/junta-administrativa-da-paso-en-pro-del-proceso-de-unidad\\\/\"},\"author\":{\"name\":\"libna\",\"@id\":\"https:\\\/\\\/interamerica.org\\\/es\\\/#\\\/schema\\\/person\\\/29998f2bc2d8bd0d38662909289b54f1\"},\"headline\":\"Junta Administrativa da paso en pro del proceso de unidad\",\"datePublished\":\"2018-07-18T16:00:06+00:00\",\"dateModified\":\"2018-12-04T01:59:09+00:00\",\"mainEntityOfPage\":{\"@id\":\"https:\\\/\\\/interamerica.org\\\/es\\\/2018\\\/07\\\/junta-administrativa-da-paso-en-pro-del-proceso-de-unidad\\\/\"},\"wordCount\":404,\"commentCount\":0,\"image\":{\"@id\":\"https:\\\/\\\/interamerica.org\\\/es\\\/2018\\\/07\\\/junta-administrativa-da-paso-en-pro-del-proceso-de-unidad\\\/#primaryimage\"},\"thumbnailUrl\":\"https:\\\/\\\/interamerica.org\\\/wp-content\\\/uploads\\\/2018\\\/02\\\/unity-oversight-committee-banner.jpg\",\"articleSection\":[\"Desde la iglesia mundial\",\"RSS Espa\u00f1ol\"],\"inLanguage\":\"es\",\"potentialAction\":[{\"@type\":\"CommentAction\",\"name\":\"Comment\",\"target\":[\"https:\\\/\\\/interamerica.org\\\/es\\\/2018\\\/07\\\/junta-administrativa-da-paso-en-pro-del-proceso-de-unidad\\\/#respond\"]}]},{\"@type\":\"WebPage\",\"@id\":\"https:\\\/\\\/interamerica.org\\\/es\\\/2018\\\/07\\\/junta-administrativa-da-paso-en-pro-del-proceso-de-unidad\\\/\",\"url\":\"https:\\\/\\\/interamerica.org\\\/es\\\/2018\\\/07\\\/junta-administrativa-da-paso-en-pro-del-proceso-de-unidad\\\/\",\"name\":\"Junta Administrativa da paso en pro del proceso de unidad - Iglesia Adventista del S\u00e9ptimo D\u00eda - Divisi\u00f3n Interamericana\",\"isPartOf\":{\"@id\":\"https:\\\/\\\/interamerica.org\\\/es\\\/#website\"},\"primaryImageOfPage\":{\"@id\":\"https:\\\/\\\/interamerica.org\\\/es\\\/2018\\\/07\\\/junta-administrativa-da-paso-en-pro-del-proceso-de-unidad\\\/#primaryimage\"},\"image\":{\"@id\":\"https:\\\/\\\/interamerica.org\\\/es\\\/2018\\\/07\\\/junta-administrativa-da-paso-en-pro-del-proceso-de-unidad\\\/#primaryimage\"},\"thumbnailUrl\":\"https:\\\/\\\/interamerica.org\\\/wp-content\\\/uploads\\\/2018\\\/02\\\/unity-oversight-committee-banner.jpg\",\"datePublished\":\"2018-07-18T16:00:06+00:00\",\"dateModified\":\"2018-12-04T01:59:09+00:00\",\"author\":{\"@id\":\"https:\\\/\\\/interamerica.org\\\/es\\\/#\\\/schema\\\/person\\\/29998f2bc2d8bd0d38662909289b54f1\"},\"breadcrumb\":{\"@id\":\"https:\\\/\\\/interamerica.org\\\/es\\\/2018\\\/07\\\/junta-administrativa-da-paso-en-pro-del-proceso-de-unidad\\\/#breadcrumb\"},\"inLanguage\":\"es\",\"potentialAction\":[{\"@type\":\"ReadAction\",\"target\":[\"https:\\\/\\\/interamerica.org\\\/es\\\/2018\\\/07\\\/junta-administrativa-da-paso-en-pro-del-proceso-de-unidad\\\/\"]}]},{\"@type\":\"ImageObject\",\"inLanguage\":\"es\",\"@id\":\"https:\\\/\\\/interamerica.org\\\/es\\\/2018\\\/07\\\/junta-administrativa-da-paso-en-pro-del-proceso-de-unidad\\\/#primaryimage\",\"url\":\"https:\\\/\\\/interamerica.org\\\/wp-content\\\/uploads\\\/2018\\\/02\\\/unity-oversight-committee-banner.jpg\",\"contentUrl\":\"https:\\\/\\\/interamerica.org\\\/wp-content\\\/uploads\\\/2018\\\/02\\\/unity-oversight-committee-banner.jpg\",\"width\":1000,\"height\":500},{\"@type\":\"BreadcrumbList\",\"@id\":\"https:\\\/\\\/interamerica.org\\\/es\\\/2018\\\/07\\\/junta-administrativa-da-paso-en-pro-del-proceso-de-unidad\\\/#breadcrumb\",\"itemListElement\":[{\"@type\":\"ListItem\",\"position\":1,\"name\":\"Home\",\"item\":\"https:\\\/\\\/interamerica.org\\\/es\\\/\"},{\"@type\":\"ListItem\",\"position\":2,\"name\":\"Junta Administrativa da paso en pro del proceso de unidad\"}]},{\"@type\":\"WebSite\",\"@id\":\"https:\\\/\\\/interamerica.org\\\/es\\\/#website\",\"url\":\"https:\\\/\\\/interamerica.org\\\/es\\\/\",\"name\":\"Iglesia Adventista del S\u00e9ptimo D\u00eda - Divisi\u00f3n Interamericana\",\"description\":\"\",\"potentialAction\":[{\"@type\":\"SearchAction\",\"target\":{\"@type\":\"EntryPoint\",\"urlTemplate\":\"https:\\\/\\\/interamerica.org\\\/es\\\/?s={search_term_string}\"},\"query-input\":{\"@type\":\"PropertyValueSpecification\",\"valueRequired\":true,\"valueName\":\"search_term_string\"}}],\"inLanguage\":\"es\"},{\"@type\":\"Person\",\"@id\":\"https:\\\/\\\/interamerica.org\\\/es\\\/#\\\/schema\\\/person\\\/29998f2bc2d8bd0d38662909289b54f1\",\"name\":\"libna\",\"image\":{\"@type\":\"ImageObject\",\"inLanguage\":\"es\",\"@id\":\"https:\\\/\\\/secure.gravatar.com\\\/avatar\\\/7c5bd30ae4b47a9ba3c856590957fd1d96dc588bf3ac05719d247e126840331f?s=96&d=mm&r=g\",\"url\":\"https:\\\/\\\/secure.gravatar.com\\\/avatar\\\/7c5bd30ae4b47a9ba3c856590957fd1d96dc588bf3ac05719d247e126840331f?s=96&d=mm&r=g\",\"contentUrl\":\"https:\\\/\\\/secure.gravatar.com\\\/avatar\\\/7c5bd30ae4b47a9ba3c856590957fd1d96dc588bf3ac05719d247e126840331f?s=96&d=mm&r=g\",\"caption\":\"libna\"}}]}<\/script>\n<!-- \/ Yoast SEO plugin. -->","yoast_head_json":{"title":"Junta Administrativa da paso en pro del proceso de unidad - Iglesia Adventista del S\u00e9ptimo D\u00eda - Divisi\u00f3n Interamericana","robots":{"index":"index","follow":"follow","max-snippet":"max-snippet:-1","max-image-preview":"max-image-preview:large","max-video-preview":"max-video-preview:-1"},"canonical":"https:\/\/interamerica.org\/es\/2018\/07\/junta-administrativa-da-paso-en-pro-del-proceso-de-unidad\/","og_locale":"es_ES","og_type":"article","og_title":"Junta Administrativa da paso en pro del proceso de unidad - Iglesia Adventista del S\u00e9ptimo D\u00eda - Divisi\u00f3n Interamericana","og_description":"17 de julio de 2018 | Silver Spring, Maryland, Estados Unidos | Adventist Review\/Adventist World y ANN La Junta Administrativa de la Asociaci\u00f3n General de la Iglesia Adventista del S\u00e9ptimo...","og_url":"https:\/\/interamerica.org\/es\/2018\/07\/junta-administrativa-da-paso-en-pro-del-proceso-de-unidad\/","og_site_name":"Iglesia Adventista del S\u00e9ptimo D\u00eda - Divisi\u00f3n Interamericana","article_published_time":"2018-07-18T16:00:06+00:00","article_modified_time":"2018-12-04T01:59:09+00:00","og_image":[{"width":1000,"height":500,"url":"https:\/\/interamerica.org\/wp-content\/uploads\/2018\/02\/unity-oversight-committee-banner.jpg","type":"image\/jpeg"}],"author":"libna","twitter_card":"summary_large_image","twitter_misc":{"Escrito por":"libna","Tiempo de lectura":"2 minutos"},"schema":{"@context":"https:\/\/schema.org","@graph":[{"@type":"Article","@id":"https:\/\/interamerica.org\/es\/2018\/07\/junta-administrativa-da-paso-en-pro-del-proceso-de-unidad\/#article","isPartOf":{"@id":"https:\/\/interamerica.org\/es\/2018\/07\/junta-administrativa-da-paso-en-pro-del-proceso-de-unidad\/"},"author":{"name":"libna","@id":"https:\/\/interamerica.org\/es\/#\/schema\/person\/29998f2bc2d8bd0d38662909289b54f1"},"headline":"Junta Administrativa da paso en pro del proceso de unidad","datePublished":"2018-07-18T16:00:06+00:00","dateModified":"2018-12-04T01:59:09+00:00","mainEntityOfPage":{"@id":"https:\/\/interamerica.org\/es\/2018\/07\/junta-administrativa-da-paso-en-pro-del-proceso-de-unidad\/"},"wordCount":404,"commentCount":0,"image":{"@id":"https:\/\/interamerica.org\/es\/2018\/07\/junta-administrativa-da-paso-en-pro-del-proceso-de-unidad\/#primaryimage"},"thumbnailUrl":"https:\/\/interamerica.org\/wp-content\/uploads\/2018\/02\/unity-oversight-committee-banner.jpg","articleSection":["Desde la iglesia mundial","RSS Espa\u00f1ol"],"inLanguage":"es","potentialAction":[{"@type":"CommentAction","name":"Comment","target":["https:\/\/interamerica.org\/es\/2018\/07\/junta-administrativa-da-paso-en-pro-del-proceso-de-unidad\/#respond"]}]},{"@type":"WebPage","@id":"https:\/\/interamerica.org\/es\/2018\/07\/junta-administrativa-da-paso-en-pro-del-proceso-de-unidad\/","url":"https:\/\/interamerica.org\/es\/2018\/07\/junta-administrativa-da-paso-en-pro-del-proceso-de-unidad\/","name":"Junta Administrativa da paso en pro del proceso de unidad - Iglesia Adventista del S\u00e9ptimo D\u00eda - Divisi\u00f3n Interamericana","isPartOf":{"@id":"https:\/\/interamerica.org\/es\/#website"},"primaryImageOfPage":{"@id":"https:\/\/interamerica.org\/es\/2018\/07\/junta-administrativa-da-paso-en-pro-del-proceso-de-unidad\/#primaryimage"},"image":{"@id":"https:\/\/interamerica.org\/es\/2018\/07\/junta-administrativa-da-paso-en-pro-del-proceso-de-unidad\/#primaryimage"},"thumbnailUrl":"https:\/\/interamerica.org\/wp-content\/uploads\/2018\/02\/unity-oversight-committee-banner.jpg","datePublished":"2018-07-18T16:00:06+00:00","dateModified":"2018-12-04T01:59:09+00:00","author":{"@id":"https:\/\/interamerica.org\/es\/#\/schema\/person\/29998f2bc2d8bd0d38662909289b54f1"},"breadcrumb":{"@id":"https:\/\/interamerica.org\/es\/2018\/07\/junta-administrativa-da-paso-en-pro-del-proceso-de-unidad\/#breadcrumb"},"inLanguage":"es","potentialAction":[{"@type":"ReadAction","target":["https:\/\/interamerica.org\/es\/2018\/07\/junta-administrativa-da-paso-en-pro-del-proceso-de-unidad\/"]}]},{"@type":"ImageObject","inLanguage":"es","@id":"https:\/\/interamerica.org\/es\/2018\/07\/junta-administrativa-da-paso-en-pro-del-proceso-de-unidad\/#primaryimage","url":"https:\/\/interamerica.org\/wp-content\/uploads\/2018\/02\/unity-oversight-committee-banner.jpg","contentUrl":"https:\/\/interamerica.org\/wp-content\/uploads\/2018\/02\/unity-oversight-committee-banner.jpg","width":1000,"height":500},{"@type":"BreadcrumbList","@id":"https:\/\/interamerica.org\/es\/2018\/07\/junta-administrativa-da-paso-en-pro-del-proceso-de-unidad\/#breadcrumb","itemListElement":[{"@type":"ListItem","position":1,"name":"Home","item":"https:\/\/interamerica.org\/es\/"},{"@type":"ListItem","position":2,"name":"Junta Administrativa da paso en pro del proceso de unidad"}]},{"@type":"WebSite","@id":"https:\/\/interamerica.org\/es\/#website","url":"https:\/\/interamerica.org\/es\/","name":"Iglesia Adventista del S\u00e9ptimo D\u00eda - Divisi\u00f3n Interamericana","description":"","potentialAction":[{"@type":"SearchAction","target":{"@type":"EntryPoint","urlTemplate":"https:\/\/interamerica.org\/es\/?s={search_term_string}"},"query-input":{"@type":"PropertyValueSpecification","valueRequired":true,"valueName":"search_term_string"}}],"inLanguage":"es"},{"@type":"Person","@id":"https:\/\/interamerica.org\/es\/#\/schema\/person\/29998f2bc2d8bd0d38662909289b54f1","name":"libna","image":{"@type":"ImageObject","inLanguage":"es","@id":"https:\/\/secure.gravatar.com\/avatar\/7c5bd30ae4b47a9ba3c856590957fd1d96dc588bf3ac05719d247e126840331f?s=96&d=mm&r=g","url":"https:\/\/secure.gravatar.com\/avatar\/7c5bd30ae4b47a9ba3c856590957fd1d96dc588bf3ac05719d247e126840331f?s=96&d=mm&r=g","contentUrl":"https:\/\/secure.gravatar.com\/avatar\/7c5bd30ae4b47a9ba3c856590957fd1d96dc588bf3ac05719d247e126840331f?s=96&d=mm&r=g","caption":"libna"}}]}},"_links":{"self":[{"href":"https:\/\/interamerica.org\/es\/wp-json\/wp\/v2\/posts\/42555","targetHints":{"allow":["GET"]}}],"collection":[{"href":"https:\/\/interamerica.org\/es\/wp-json\/wp\/v2\/posts"}],"about":[{"href":"https:\/\/interamerica.org\/es\/wp-json\/wp\/v2\/types\/post"}],"author":[{"embeddable":true,"href":"https:\/\/interamerica.org\/es\/wp-json\/wp\/v2\/users\/3"}],"replies":[{"embeddable":true,"href":"https:\/\/interamerica.org\/es\/wp-json\/wp\/v2\/comments?post=42555"}],"version-history":[{"count":0,"href":"https:\/\/interamerica.org\/es\/wp-json\/wp\/v2\/posts\/42555\/revisions"}],"wp:featuredmedia":[{"embeddable":true,"href":"https:\/\/interamerica.org\/es\/wp-json\/wp\/v2\/media\/38338"}],"wp:attachment":[{"href":"https:\/\/interamerica.org\/es\/wp-json\/wp\/v2\/media?parent=42555"}],"wp:term":[{"taxonomy":"category","embeddable":true,"href":"https:\/\/interamerica.org\/es\/wp-json\/wp\/v2\/categories?post=42555"},{"taxonomy":"post_tag","embeddable":true,"href":"https:\/\/interamerica.org\/es\/wp-json\/wp\/v2\/tags?post=42555"}],"curies":[{"name":"wp","href":"https:\/\/api.w.org\/{rel}","templated":true}]}}