{"id":42576,"date":"2018-07-18T19:35:12","date_gmt":"2018-07-18T23:35:12","guid":{"rendered":"https:\/\/recursing-golick.147-182-135-0.plesk.page\/?p=42576"},"modified":"2018-07-19T04:57:51","modified_gmt":"2018-07-19T08:57:51","slug":"en-el-salvador-sociedad-de-la-iglesia-adventista-con-fundacion-suiza-beneficia-a-decenas-de-familias","status":"publish","type":"post","link":"https:\/\/interamerica.org\/es\/2018\/07\/en-el-salvador-sociedad-de-la-iglesia-adventista-con-fundacion-suiza-beneficia-a-decenas-de-familias\/","title":{"rendered":"En El Salvador, sociedad de la Iglesia Adventista con fundaci\u00f3n suiza beneficia a decenas de familias"},"content":{"rendered":"<p>18 de julio de 2018 | San Salvador, El Salvador | Fabricio Rivera\/DIA<\/p>\n<p>Gracias a una Sociedad continuada entre la Iglesia Adventista del S\u00e9ptimo D\u00eda en El Salvador y la Fundaci\u00f3n Advent Stiftung de Suiza, decenas de hombres y mujeres ahora pueden apoyar a sus familias y mejorar sus vidas. Los l\u00edderes y directivos de la iglesia reconocieron a los 290 individuos de diversas comunidades en San Salvador que completaron un peque\u00f1o curso de capacitaci\u00f3n de negocios y recibieron herramientas y equipos para sostener a sus familias.<\/p>\n<div id=\"attachment_42564\" style=\"width: 976px\" class=\"wp-caption aligncenter\"><img fetchpriority=\"high\" decoding=\"async\" aria-describedby=\"caption-attachment-42564\" class=\" wp-image-42564\" src=\"https:\/\/recursing-golick.147-182-135-0.plesk.page\/wp-content\/uploads\/2018\/07\/esau-stiftung-certificates-1024x461.jpg\" alt=\"\" width=\"966\" height=\"435\" srcset=\"https:\/\/interamerica.org\/wp-content\/uploads\/2018\/07\/esau-stiftung-certificates-1024x461.jpg 1024w, https:\/\/interamerica.org\/wp-content\/uploads\/2018\/07\/esau-stiftung-certificates-300x135.jpg 300w, https:\/\/interamerica.org\/wp-content\/uploads\/2018\/07\/esau-stiftung-certificates-768x346.jpg 768w, https:\/\/interamerica.org\/wp-content\/uploads\/2018\/07\/esau-stiftung-certificates.jpg 1200w\" sizes=\"(max-width: 966px) 100vw, 966px\" \/><p id=\"caption-attachment-42564\" class=\"wp-caption-text\">Casi trescientas personas muestran sus certificados despu\u00e9s de completar un peque\u00f1o curso de capacitaci\u00f3n de negocios, como resultado de la iniciativa anual \u201cViva Mejor\u201d coordinada por la Iglesia Adventista en El Salvador y la Fundaci\u00f3n Advent Stiftung, de Suiza, el 3 de junio de 2018 en San Salvador, El Salvador. Hombres y mujeres que necesitan trabajo tambi\u00e9n recibieron herramientas y equipos gratuitos para comenzar peque\u00f1os emprendimientos y apoyar a sus familias. Fotograf\u00eda de Fabricio Rivera<\/p><\/div>\n<p>Bajo la iniciativa anual \u201cViva Mejor\u201d, se brinda a hombres y mujeres que necesitan trabajo y carecen de capacitaci\u00f3n la oportunidad de recibir educaci\u00f3n vocacional sin cargo alguno, dijeron los organizadores.<\/p>\n<p>\u201cSus vidas se ver\u00e1n transformadas, y eso ayudar\u00e1 a que nuestra sociedad en El Salvador cuente con personas m\u00e1s productivas\u201d, dijo el pastor Abel Pacheco, presidente de la Iglesia Adventista en El Salvador, al felicitar a los beneficiarios.<\/p>\n<p>Pacheco agradeci\u00f3 a la Fundaci\u00f3n Advent Stiftung por su compromiso en pro del beneficio de las familias de El Salvador ya por m\u00e1s de 26 a\u00f1os. \u201cEstamos agradecidos por la sociedad con Advent Stiftung, que ha crecido con los a\u00f1os en cada una de las cinco asociaciones del pa\u00eds\u201d.<\/p>\n<p>Para Guiseppe Carbone, director de Advent Stiftung para Latinoam\u00e9rica, hacer el viaje cada a\u00f1o para donar equipos a individuos capacitados es algo muy satisfactorio. \u201cEs una hermosa Sociedad que involucre al personal comprometido, para que hagan un seguimiento de estos individuos que se han beneficiado del proyecto \u2018Viva Mejor\u2019\u201d, dijo Carbone. \u201cLa administraci\u00f3n de la iglesia en El Salvador realmente ha tomado en serio este proyecto\u201d.<\/p>\n<div id=\"attachment_42565\" style=\"width: 811px\" class=\"wp-caption aligncenter\"><img decoding=\"async\" aria-describedby=\"caption-attachment-42565\" class=\" wp-image-42565\" src=\"https:\/\/recursing-golick.147-182-135-0.plesk.page\/wp-content\/uploads\/2018\/07\/esau-carbone-tools-2018.jpg\" alt=\"\" width=\"801\" height=\"522\" srcset=\"https:\/\/interamerica.org\/wp-content\/uploads\/2018\/07\/esau-carbone-tools-2018.jpg 1000w, https:\/\/interamerica.org\/wp-content\/uploads\/2018\/07\/esau-carbone-tools-2018-300x196.jpg 300w, https:\/\/interamerica.org\/wp-content\/uploads\/2018\/07\/esau-carbone-tools-2018-768x501.jpg 768w\" sizes=\"(max-width: 801px) 100vw, 801px\" \/><p id=\"caption-attachment-42565\" class=\"wp-caption-text\">Guiseppe Carbone, director de Advent Stiftung para Latinoam\u00e9rica, posa junto a un grupo capacitado para operar los hornos donados. Fotograf\u00eda de Fabricio Rivera<\/p><\/div>\n<p>La iglesia ha incorporado el apoyo del Instituto Salvadore\u00f1o de Formaci\u00f3n, o INSAFORP, quienes ofrecen la capacitaci\u00f3n junto con la iglesia.<\/p>\n<p>Mar\u00edaa Teresa Ju\u00e1rez fue una de las casi trescientas personas que se beneficiaron en el centro escolar Ciudad Delgado en San Salvador. Ju\u00e1rez hab\u00eda estado en la c\u00e1rcel durante doce a\u00f1os, y hab\u00eda perdido toda esperanza de ganarse el sustento propio para ella y su familia una vez que fue liberada por buena conducta. Fue una de un grupo de ocho personas que fueron seleccionadas por ministerios a las prisiones para ser parte del proyecto \u201cViva Mejor\u201d.<\/p>\n<p>Ju\u00e1rez era toda sonrisas cuando recibi\u00f3 su certificado en cosmetolog\u00eda y su juego para cortar el cabello que le permitir\u00e1 comenzar a trabajar en la industria de la belleza.<\/p>\n<p>Durante los \u00faltimos tres a\u00f1os, casi mil familias se han visto beneficiadas por la iniciativa, lo que representa un promedio de 329 familias por a\u00f1o. El costo de la capacitaci\u00f3n y los equipos es de 250-400 d\u00f3lares por persona.<\/p>\n<div id=\"attachment_42563\" style=\"width: 811px\" class=\"wp-caption aligncenter\"><img decoding=\"async\" aria-describedby=\"caption-attachment-42563\" class=\" wp-image-42563\" src=\"https:\/\/recursing-golick.147-182-135-0.plesk.page\/wp-content\/uploads\/2018\/07\/esau-stiftung-maria.jpg\" alt=\"\" width=\"801\" height=\"530\" srcset=\"https:\/\/interamerica.org\/wp-content\/uploads\/2018\/07\/esau-stiftung-maria.jpg 1000w, https:\/\/interamerica.org\/wp-content\/uploads\/2018\/07\/esau-stiftung-maria-300x199.jpg 300w, https:\/\/interamerica.org\/wp-content\/uploads\/2018\/07\/esau-stiftung-maria-768x508.jpg 768w\" sizes=\"(max-width: 801px) 100vw, 801px\" \/><p id=\"caption-attachment-42563\" class=\"wp-caption-text\">Mar\u00eda Teresa Ju\u00e1rez sonr\u00ede despu\u00e9s de recibir su certificado de capacitaci\u00f3n en cosmetolog\u00eda y un juego para cortar el cabello. Fotograf\u00eda de Fabricio Rivera<\/p><\/div>\n<p>El proyecto \u201cViva Mejor\u201d distribuy\u00f3 planchas o sartenes para hacer tortillas, equipos de soldadura, herramientas de carpinter\u00eda, juegos de cosmetolog\u00eda, hornos para cocinar, equipos de electricidad y carros de heladero, entre otras cosas, durante la ceremonia que se llev\u00f3 a cabo a comienzos del mes pasado.<\/p>\n<p>Al mismo tiempo, cada individuo que recibi\u00f3 un certificado tambi\u00e9n recibi\u00f3 una Biblia.<\/p>\n<p>La Fundaci\u00f3n Advent Stiftung ha beneficiado a miles de personas durante m\u00e1s de 26 a\u00f1os en Am\u00e9rica Central, el Caribe y la India.<\/p>\n","protected":false},"excerpt":{"rendered":"<p>18 de julio de 2018 | San Salvador, El Salvador | Fabricio Rivera\/DIA Gracias a una Sociedad continuada entre la Iglesia Adventista del S\u00e9ptimo D\u00eda en El Salvador y la&#8230;<\/p>\n","protected":false},"author":3,"featured_media":42562,"comment_status":"open","ping_status":"closed","sticky":false,"template":"","format":"standard","meta":{"_acf_changed":false,"footnotes":""},"categories":[17,15],"tags":[],"class_list":["post-42576","post","type-post","status-publish","format-standard","has-post-thumbnail","hentry","category-desde-el-campo","category-rss-espanol"],"acf":[],"yoast_head":"<!-- This site is optimized with the Yoast SEO plugin v27.3 - https:\/\/yoast.com\/product\/yoast-seo-wordpress\/ -->\n<title>En El Salvador, sociedad de la Iglesia Adventista con fundaci\u00f3n suiza beneficia a decenas de familias - Iglesia Adventista del S\u00e9ptimo D\u00eda - Divisi\u00f3n Interamericana<\/title>\n<meta name=\"robots\" content=\"index, follow, max-snippet:-1, max-image-preview:large, max-video-preview:-1\" \/>\n<link rel=\"canonical\" href=\"https:\/\/interamerica.org\/es\/2018\/07\/en-el-salvador-sociedad-de-la-iglesia-adventista-con-fundacion-suiza-beneficia-a-decenas-de-familias\/\" \/>\n<meta property=\"og:locale\" content=\"es_ES\" \/>\n<meta property=\"og:type\" content=\"article\" \/>\n<meta property=\"og:title\" content=\"En El Salvador, sociedad de la Iglesia Adventista con fundaci\u00f3n suiza beneficia a decenas de familias - Iglesia Adventista del S\u00e9ptimo D\u00eda - Divisi\u00f3n Interamericana\" \/>\n<meta property=\"og:description\" content=\"18 de julio de 2018 | San Salvador, El Salvador | Fabricio Rivera\/DIA Gracias a una Sociedad continuada entre la Iglesia Adventista del S\u00e9ptimo D\u00eda en El Salvador y la...\" \/>\n<meta property=\"og:url\" content=\"https:\/\/interamerica.org\/es\/2018\/07\/en-el-salvador-sociedad-de-la-iglesia-adventista-con-fundacion-suiza-beneficia-a-decenas-de-familias\/\" \/>\n<meta property=\"og:site_name\" content=\"Iglesia Adventista del S\u00e9ptimo D\u00eda - Divisi\u00f3n Interamericana\" \/>\n<meta property=\"article:published_time\" content=\"2018-07-18T23:35:12+00:00\" \/>\n<meta property=\"article:modified_time\" content=\"2018-07-19T08:57:51+00:00\" \/>\n<meta property=\"og:image\" content=\"https:\/\/interamerica.org\/wp-content\/uploads\/2018\/07\/esau-stiftung-sewingmachines.jpg\" \/>\n\t<meta property=\"og:image:width\" content=\"1280\" \/>\n\t<meta property=\"og:image:height\" content=\"800\" \/>\n\t<meta property=\"og:image:type\" content=\"image\/jpeg\" \/>\n<meta name=\"author\" content=\"libna\" \/>\n<meta name=\"twitter:card\" content=\"summary_large_image\" \/>\n<meta name=\"twitter:label1\" content=\"Escrito por\" \/>\n\t<meta name=\"twitter:data1\" content=\"libna\" \/>\n\t<meta name=\"twitter:label2\" content=\"Tiempo de lectura\" \/>\n\t<meta name=\"twitter:data2\" content=\"4 minutos\" \/>\n<script type=\"application\/ld+json\" class=\"yoast-schema-graph\">{\"@context\":\"https:\\\/\\\/schema.org\",\"@graph\":[{\"@type\":\"Article\",\"@id\":\"https:\\\/\\\/interamerica.org\\\/es\\\/2018\\\/07\\\/en-el-salvador-sociedad-de-la-iglesia-adventista-con-fundacion-suiza-beneficia-a-decenas-de-familias\\\/#article\",\"isPartOf\":{\"@id\":\"https:\\\/\\\/interamerica.org\\\/es\\\/2018\\\/07\\\/en-el-salvador-sociedad-de-la-iglesia-adventista-con-fundacion-suiza-beneficia-a-decenas-de-familias\\\/\"},\"author\":{\"name\":\"libna\",\"@id\":\"https:\\\/\\\/interamerica.org\\\/es\\\/#\\\/schema\\\/person\\\/29998f2bc2d8bd0d38662909289b54f1\"},\"headline\":\"En El Salvador, sociedad de la Iglesia Adventista con fundaci\u00f3n suiza beneficia a decenas de familias\",\"datePublished\":\"2018-07-18T23:35:12+00:00\",\"dateModified\":\"2018-07-19T08:57:51+00:00\",\"mainEntityOfPage\":{\"@id\":\"https:\\\/\\\/interamerica.org\\\/es\\\/2018\\\/07\\\/en-el-salvador-sociedad-de-la-iglesia-adventista-con-fundacion-suiza-beneficia-a-decenas-de-familias\\\/\"},\"wordCount\":727,\"commentCount\":0,\"image\":{\"@id\":\"https:\\\/\\\/interamerica.org\\\/es\\\/2018\\\/07\\\/en-el-salvador-sociedad-de-la-iglesia-adventista-con-fundacion-suiza-beneficia-a-decenas-de-familias\\\/#primaryimage\"},\"thumbnailUrl\":\"https:\\\/\\\/interamerica.org\\\/wp-content\\\/uploads\\\/2018\\\/07\\\/esau-stiftung-sewingmachines.jpg\",\"articleSection\":[\"Desde el campo\",\"RSS Espa\u00f1ol\"],\"inLanguage\":\"es\",\"potentialAction\":[{\"@type\":\"CommentAction\",\"name\":\"Comment\",\"target\":[\"https:\\\/\\\/interamerica.org\\\/es\\\/2018\\\/07\\\/en-el-salvador-sociedad-de-la-iglesia-adventista-con-fundacion-suiza-beneficia-a-decenas-de-familias\\\/#respond\"]}]},{\"@type\":\"WebPage\",\"@id\":\"https:\\\/\\\/interamerica.org\\\/es\\\/2018\\\/07\\\/en-el-salvador-sociedad-de-la-iglesia-adventista-con-fundacion-suiza-beneficia-a-decenas-de-familias\\\/\",\"url\":\"https:\\\/\\\/interamerica.org\\\/es\\\/2018\\\/07\\\/en-el-salvador-sociedad-de-la-iglesia-adventista-con-fundacion-suiza-beneficia-a-decenas-de-familias\\\/\",\"name\":\"En El Salvador, sociedad de la Iglesia Adventista con fundaci\u00f3n suiza beneficia a decenas de familias - Iglesia Adventista del S\u00e9ptimo D\u00eda - Divisi\u00f3n Interamericana\",\"isPartOf\":{\"@id\":\"https:\\\/\\\/interamerica.org\\\/es\\\/#website\"},\"primaryImageOfPage\":{\"@id\":\"https:\\\/\\\/interamerica.org\\\/es\\\/2018\\\/07\\\/en-el-salvador-sociedad-de-la-iglesia-adventista-con-fundacion-suiza-beneficia-a-decenas-de-familias\\\/#primaryimage\"},\"image\":{\"@id\":\"https:\\\/\\\/interamerica.org\\\/es\\\/2018\\\/07\\\/en-el-salvador-sociedad-de-la-iglesia-adventista-con-fundacion-suiza-beneficia-a-decenas-de-familias\\\/#primaryimage\"},\"thumbnailUrl\":\"https:\\\/\\\/interamerica.org\\\/wp-content\\\/uploads\\\/2018\\\/07\\\/esau-stiftung-sewingmachines.jpg\",\"datePublished\":\"2018-07-18T23:35:12+00:00\",\"dateModified\":\"2018-07-19T08:57:51+00:00\",\"author\":{\"@id\":\"https:\\\/\\\/interamerica.org\\\/es\\\/#\\\/schema\\\/person\\\/29998f2bc2d8bd0d38662909289b54f1\"},\"breadcrumb\":{\"@id\":\"https:\\\/\\\/interamerica.org\\\/es\\\/2018\\\/07\\\/en-el-salvador-sociedad-de-la-iglesia-adventista-con-fundacion-suiza-beneficia-a-decenas-de-familias\\\/#breadcrumb\"},\"inLanguage\":\"es\",\"potentialAction\":[{\"@type\":\"ReadAction\",\"target\":[\"https:\\\/\\\/interamerica.org\\\/es\\\/2018\\\/07\\\/en-el-salvador-sociedad-de-la-iglesia-adventista-con-fundacion-suiza-beneficia-a-decenas-de-familias\\\/\"]}]},{\"@type\":\"ImageObject\",\"inLanguage\":\"es\",\"@id\":\"https:\\\/\\\/interamerica.org\\\/es\\\/2018\\\/07\\\/en-el-salvador-sociedad-de-la-iglesia-adventista-con-fundacion-suiza-beneficia-a-decenas-de-familias\\\/#primaryimage\",\"url\":\"https:\\\/\\\/interamerica.org\\\/wp-content\\\/uploads\\\/2018\\\/07\\\/esau-stiftung-sewingmachines.jpg\",\"contentUrl\":\"https:\\\/\\\/interamerica.org\\\/wp-content\\\/uploads\\\/2018\\\/07\\\/esau-stiftung-sewingmachines.jpg\",\"width\":1280,\"height\":800},{\"@type\":\"BreadcrumbList\",\"@id\":\"https:\\\/\\\/interamerica.org\\\/es\\\/2018\\\/07\\\/en-el-salvador-sociedad-de-la-iglesia-adventista-con-fundacion-suiza-beneficia-a-decenas-de-familias\\\/#breadcrumb\",\"itemListElement\":[{\"@type\":\"ListItem\",\"position\":1,\"name\":\"Home\",\"item\":\"https:\\\/\\\/interamerica.org\\\/es\\\/\"},{\"@type\":\"ListItem\",\"position\":2,\"name\":\"En El Salvador, sociedad de la Iglesia Adventista con fundaci\u00f3n suiza beneficia a decenas de familias\"}]},{\"@type\":\"WebSite\",\"@id\":\"https:\\\/\\\/interamerica.org\\\/es\\\/#website\",\"url\":\"https:\\\/\\\/interamerica.org\\\/es\\\/\",\"name\":\"Iglesia Adventista del S\u00e9ptimo D\u00eda - Divisi\u00f3n Interamericana\",\"description\":\"\",\"potentialAction\":[{\"@type\":\"SearchAction\",\"target\":{\"@type\":\"EntryPoint\",\"urlTemplate\":\"https:\\\/\\\/interamerica.org\\\/es\\\/?s={search_term_string}\"},\"query-input\":{\"@type\":\"PropertyValueSpecification\",\"valueRequired\":true,\"valueName\":\"search_term_string\"}}],\"inLanguage\":\"es\"},{\"@type\":\"Person\",\"@id\":\"https:\\\/\\\/interamerica.org\\\/es\\\/#\\\/schema\\\/person\\\/29998f2bc2d8bd0d38662909289b54f1\",\"name\":\"libna\",\"image\":{\"@type\":\"ImageObject\",\"inLanguage\":\"es\",\"@id\":\"https:\\\/\\\/secure.gravatar.com\\\/avatar\\\/7c5bd30ae4b47a9ba3c856590957fd1d96dc588bf3ac05719d247e126840331f?s=96&d=mm&r=g\",\"url\":\"https:\\\/\\\/secure.gravatar.com\\\/avatar\\\/7c5bd30ae4b47a9ba3c856590957fd1d96dc588bf3ac05719d247e126840331f?s=96&d=mm&r=g\",\"contentUrl\":\"https:\\\/\\\/secure.gravatar.com\\\/avatar\\\/7c5bd30ae4b47a9ba3c856590957fd1d96dc588bf3ac05719d247e126840331f?s=96&d=mm&r=g\",\"caption\":\"libna\"}}]}<\/script>\n<!-- \/ Yoast SEO plugin. -->","yoast_head_json":{"title":"En El Salvador, sociedad de la Iglesia Adventista con fundaci\u00f3n suiza beneficia a decenas de familias - Iglesia Adventista del S\u00e9ptimo D\u00eda - Divisi\u00f3n Interamericana","robots":{"index":"index","follow":"follow","max-snippet":"max-snippet:-1","max-image-preview":"max-image-preview:large","max-video-preview":"max-video-preview:-1"},"canonical":"https:\/\/interamerica.org\/es\/2018\/07\/en-el-salvador-sociedad-de-la-iglesia-adventista-con-fundacion-suiza-beneficia-a-decenas-de-familias\/","og_locale":"es_ES","og_type":"article","og_title":"En El Salvador, sociedad de la Iglesia Adventista con fundaci\u00f3n suiza beneficia a decenas de familias - Iglesia Adventista del S\u00e9ptimo D\u00eda - Divisi\u00f3n Interamericana","og_description":"18 de julio de 2018 | San Salvador, El Salvador | Fabricio Rivera\/DIA Gracias a una Sociedad continuada entre la Iglesia Adventista del S\u00e9ptimo D\u00eda en El Salvador y la...","og_url":"https:\/\/interamerica.org\/es\/2018\/07\/en-el-salvador-sociedad-de-la-iglesia-adventista-con-fundacion-suiza-beneficia-a-decenas-de-familias\/","og_site_name":"Iglesia Adventista del S\u00e9ptimo D\u00eda - Divisi\u00f3n Interamericana","article_published_time":"2018-07-18T23:35:12+00:00","article_modified_time":"2018-07-19T08:57:51+00:00","og_image":[{"width":1280,"height":800,"url":"https:\/\/interamerica.org\/wp-content\/uploads\/2018\/07\/esau-stiftung-sewingmachines.jpg","type":"image\/jpeg"}],"author":"libna","twitter_card":"summary_large_image","twitter_misc":{"Escrito por":"libna","Tiempo de lectura":"4 minutos"},"schema":{"@context":"https:\/\/schema.org","@graph":[{"@type":"Article","@id":"https:\/\/interamerica.org\/es\/2018\/07\/en-el-salvador-sociedad-de-la-iglesia-adventista-con-fundacion-suiza-beneficia-a-decenas-de-familias\/#article","isPartOf":{"@id":"https:\/\/interamerica.org\/es\/2018\/07\/en-el-salvador-sociedad-de-la-iglesia-adventista-con-fundacion-suiza-beneficia-a-decenas-de-familias\/"},"author":{"name":"libna","@id":"https:\/\/interamerica.org\/es\/#\/schema\/person\/29998f2bc2d8bd0d38662909289b54f1"},"headline":"En El Salvador, sociedad de la Iglesia Adventista con fundaci\u00f3n suiza beneficia a decenas de familias","datePublished":"2018-07-18T23:35:12+00:00","dateModified":"2018-07-19T08:57:51+00:00","mainEntityOfPage":{"@id":"https:\/\/interamerica.org\/es\/2018\/07\/en-el-salvador-sociedad-de-la-iglesia-adventista-con-fundacion-suiza-beneficia-a-decenas-de-familias\/"},"wordCount":727,"commentCount":0,"image":{"@id":"https:\/\/interamerica.org\/es\/2018\/07\/en-el-salvador-sociedad-de-la-iglesia-adventista-con-fundacion-suiza-beneficia-a-decenas-de-familias\/#primaryimage"},"thumbnailUrl":"https:\/\/interamerica.org\/wp-content\/uploads\/2018\/07\/esau-stiftung-sewingmachines.jpg","articleSection":["Desde el campo","RSS Espa\u00f1ol"],"inLanguage":"es","potentialAction":[{"@type":"CommentAction","name":"Comment","target":["https:\/\/interamerica.org\/es\/2018\/07\/en-el-salvador-sociedad-de-la-iglesia-adventista-con-fundacion-suiza-beneficia-a-decenas-de-familias\/#respond"]}]},{"@type":"WebPage","@id":"https:\/\/interamerica.org\/es\/2018\/07\/en-el-salvador-sociedad-de-la-iglesia-adventista-con-fundacion-suiza-beneficia-a-decenas-de-familias\/","url":"https:\/\/interamerica.org\/es\/2018\/07\/en-el-salvador-sociedad-de-la-iglesia-adventista-con-fundacion-suiza-beneficia-a-decenas-de-familias\/","name":"En El Salvador, sociedad de la Iglesia Adventista con fundaci\u00f3n suiza beneficia a decenas de familias - Iglesia Adventista del S\u00e9ptimo D\u00eda - Divisi\u00f3n Interamericana","isPartOf":{"@id":"https:\/\/interamerica.org\/es\/#website"},"primaryImageOfPage":{"@id":"https:\/\/interamerica.org\/es\/2018\/07\/en-el-salvador-sociedad-de-la-iglesia-adventista-con-fundacion-suiza-beneficia-a-decenas-de-familias\/#primaryimage"},"image":{"@id":"https:\/\/interamerica.org\/es\/2018\/07\/en-el-salvador-sociedad-de-la-iglesia-adventista-con-fundacion-suiza-beneficia-a-decenas-de-familias\/#primaryimage"},"thumbnailUrl":"https:\/\/interamerica.org\/wp-content\/uploads\/2018\/07\/esau-stiftung-sewingmachines.jpg","datePublished":"2018-07-18T23:35:12+00:00","dateModified":"2018-07-19T08:57:51+00:00","author":{"@id":"https:\/\/interamerica.org\/es\/#\/schema\/person\/29998f2bc2d8bd0d38662909289b54f1"},"breadcrumb":{"@id":"https:\/\/interamerica.org\/es\/2018\/07\/en-el-salvador-sociedad-de-la-iglesia-adventista-con-fundacion-suiza-beneficia-a-decenas-de-familias\/#breadcrumb"},"inLanguage":"es","potentialAction":[{"@type":"ReadAction","target":["https:\/\/interamerica.org\/es\/2018\/07\/en-el-salvador-sociedad-de-la-iglesia-adventista-con-fundacion-suiza-beneficia-a-decenas-de-familias\/"]}]},{"@type":"ImageObject","inLanguage":"es","@id":"https:\/\/interamerica.org\/es\/2018\/07\/en-el-salvador-sociedad-de-la-iglesia-adventista-con-fundacion-suiza-beneficia-a-decenas-de-familias\/#primaryimage","url":"https:\/\/interamerica.org\/wp-content\/uploads\/2018\/07\/esau-stiftung-sewingmachines.jpg","contentUrl":"https:\/\/interamerica.org\/wp-content\/uploads\/2018\/07\/esau-stiftung-sewingmachines.jpg","width":1280,"height":800},{"@type":"BreadcrumbList","@id":"https:\/\/interamerica.org\/es\/2018\/07\/en-el-salvador-sociedad-de-la-iglesia-adventista-con-fundacion-suiza-beneficia-a-decenas-de-familias\/#breadcrumb","itemListElement":[{"@type":"ListItem","position":1,"name":"Home","item":"https:\/\/interamerica.org\/es\/"},{"@type":"ListItem","position":2,"name":"En El Salvador, sociedad de la Iglesia Adventista con fundaci\u00f3n suiza beneficia a decenas de familias"}]},{"@type":"WebSite","@id":"https:\/\/interamerica.org\/es\/#website","url":"https:\/\/interamerica.org\/es\/","name":"Iglesia Adventista del S\u00e9ptimo D\u00eda - Divisi\u00f3n Interamericana","description":"","potentialAction":[{"@type":"SearchAction","target":{"@type":"EntryPoint","urlTemplate":"https:\/\/interamerica.org\/es\/?s={search_term_string}"},"query-input":{"@type":"PropertyValueSpecification","valueRequired":true,"valueName":"search_term_string"}}],"inLanguage":"es"},{"@type":"Person","@id":"https:\/\/interamerica.org\/es\/#\/schema\/person\/29998f2bc2d8bd0d38662909289b54f1","name":"libna","image":{"@type":"ImageObject","inLanguage":"es","@id":"https:\/\/secure.gravatar.com\/avatar\/7c5bd30ae4b47a9ba3c856590957fd1d96dc588bf3ac05719d247e126840331f?s=96&d=mm&r=g","url":"https:\/\/secure.gravatar.com\/avatar\/7c5bd30ae4b47a9ba3c856590957fd1d96dc588bf3ac05719d247e126840331f?s=96&d=mm&r=g","contentUrl":"https:\/\/secure.gravatar.com\/avatar\/7c5bd30ae4b47a9ba3c856590957fd1d96dc588bf3ac05719d247e126840331f?s=96&d=mm&r=g","caption":"libna"}}]}},"_links":{"self":[{"href":"https:\/\/interamerica.org\/es\/wp-json\/wp\/v2\/posts\/42576","targetHints":{"allow":["GET"]}}],"collection":[{"href":"https:\/\/interamerica.org\/es\/wp-json\/wp\/v2\/posts"}],"about":[{"href":"https:\/\/interamerica.org\/es\/wp-json\/wp\/v2\/types\/post"}],"author":[{"embeddable":true,"href":"https:\/\/interamerica.org\/es\/wp-json\/wp\/v2\/users\/3"}],"replies":[{"embeddable":true,"href":"https:\/\/interamerica.org\/es\/wp-json\/wp\/v2\/comments?post=42576"}],"version-history":[{"count":0,"href":"https:\/\/interamerica.org\/es\/wp-json\/wp\/v2\/posts\/42576\/revisions"}],"wp:featuredmedia":[{"embeddable":true,"href":"https:\/\/interamerica.org\/es\/wp-json\/wp\/v2\/media\/42562"}],"wp:attachment":[{"href":"https:\/\/interamerica.org\/es\/wp-json\/wp\/v2\/media?parent=42576"}],"wp:term":[{"taxonomy":"category","embeddable":true,"href":"https:\/\/interamerica.org\/es\/wp-json\/wp\/v2\/categories?post=42576"},{"taxonomy":"post_tag","embeddable":true,"href":"https:\/\/interamerica.org\/es\/wp-json\/wp\/v2\/tags?post=42576"}],"curies":[{"name":"wp","href":"https:\/\/api.w.org\/{rel}","templated":true}]}}