{"id":42607,"date":"2018-07-23T19:13:46","date_gmt":"2018-07-23T23:13:46","guid":{"rendered":"https:\/\/recursing-golick.147-182-135-0.plesk.page\/?p=42607"},"modified":"2018-07-24T16:11:49","modified_gmt":"2018-07-24T20:11:49","slug":"iglesia-adventista-en-la-republica-dominicana-oran-por-la-nacion-en-medio-de-un-aumento-de-la-violencia","status":"publish","type":"post","link":"https:\/\/interamerica.org\/es\/2018\/07\/iglesia-adventista-en-la-republica-dominicana-oran-por-la-nacion-en-medio-de-un-aumento-de-la-violencia\/","title":{"rendered":"Iglesia Adventista en la Rep\u00fablica Dominicana oran por la naci\u00f3n en medio de un aumento de la violencia"},"content":{"rendered":"<div id=\"attachment_42600\" style=\"width: 811px\" class=\"wp-caption aligncenter\"><img fetchpriority=\"high\" decoding=\"async\" aria-describedby=\"caption-attachment-42600\" class=\" wp-image-42600\" src=\"https:\/\/recursing-golick.147-182-135-0.plesk.page\/wp-content\/uploads\/2018\/07\/domu-installation-leaders-1.jpg\" alt=\"\" width=\"801\" height=\"532\" srcset=\"https:\/\/interamerica.org\/wp-content\/uploads\/2018\/07\/domu-installation-leaders-1.jpg 960w, https:\/\/interamerica.org\/wp-content\/uploads\/2018\/07\/domu-installation-leaders-1-300x199.jpg 300w, https:\/\/interamerica.org\/wp-content\/uploads\/2018\/07\/domu-installation-leaders-1-768x510.jpg 768w\" sizes=\"(max-width: 801px) 100vw, 801px\" \/><p id=\"caption-attachment-42600\" class=\"wp-caption-text\">Los l\u00edderes de la Iglesia Adventista del S\u00e9ptimo D\u00eda oran por las comunidades asoladas por la creciente violencia en la Rep\u00fablica Dominicana, durante una ceremonia especial de oraci\u00f3n en el Pabell\u00f3n de Balonmano en el Parque del Este, en Santo Domingo, el 7 de julio de 2018. Fotograf\u00eda de la Uni\u00f3n Dominicana<\/p><\/div>\n<p>23 de julio de 2018 | Santo Domingo, Rep\u00fablica Dominicana | Bernardo Medina\/DIA<\/p>\n<p>Cientos de adventistas del s\u00e9ptimo d\u00eda se reunieron hace poco en Santo Domingo, Rep\u00fablica Dominicana, para orar ante el aumento de la violencia, el delito y la pobreza que afectan a la naci\u00f3n. Los l\u00edderes de la iglesia hablaron de la inseguridad que tanto preocupa a los dominicanos, adem\u00e1s de la delincuencia, el desempleo y la violencia familiar, durante un d\u00eda en el que abund\u00f3 la oraci\u00f3n, la m\u00fasica, el estudio de la Biblia y el servicio comunitario el pasado 7 de julio, en el Pabell\u00f3n de Balonmano en Parque del Este.<\/p>\n<p>\u201cEstamos hoy aqu\u00ed no solo para orar por la presencia divina en nuestra vida sino tambi\u00e9n por cada familia dominicana, por nuestros gobernadores y autoridades, para que juntos como pueblo podamos consagrarnos al Se\u00f1or y recibir el verdadero cambio interior\u201d, dijo el pastor Paulino Puello, presidente de la Iglesia Adventista en la Rep\u00fablica Dominicana.<\/p>\n<div id=\"attachment_42598\" style=\"width: 811px\" class=\"wp-caption aligncenter\"><img decoding=\"async\" aria-describedby=\"caption-attachment-42598\" class=\" wp-image-42598\" src=\"https:\/\/recursing-golick.147-182-135-0.plesk.page\/wp-content\/uploads\/2018\/07\/puello-domu-1.jpg\" alt=\"\" width=\"801\" height=\"532\" srcset=\"https:\/\/interamerica.org\/wp-content\/uploads\/2018\/07\/puello-domu-1.jpg 960w, https:\/\/interamerica.org\/wp-content\/uploads\/2018\/07\/puello-domu-1-300x199.jpg 300w, https:\/\/interamerica.org\/wp-content\/uploads\/2018\/07\/puello-domu-1-768x510.jpg 768w\" sizes=\"(max-width: 801px) 100vw, 801px\" \/><p id=\"caption-attachment-42598\" class=\"wp-caption-text\">El pastor Paulino Puello, presidente de la Iglesia Adventista en la Rep\u00fablica Dominicana, habla a los medios locales durante el d\u00eda especial de oraci\u00f3n de la iglesia por la naci\u00f3n. Fotograf\u00eda de la Uni\u00f3n Dominicana<\/p><\/div>\n<p>Durante el programa especial de oraci\u00f3n, los l\u00edderes de la iglesia reci\u00e9n elegidos se comprometieron a servir a la comunidad mediante sus instituciones e iglesias. Los miembros de iglesia presentes se reunieron en grupos de siete durante la actividad de oraci\u00f3n \u201cContigo 7\u201d, en la que los miembros fueron invitados a dividirse en grupos de siete para orar unos por otros y por la naci\u00f3n, para hacer de la vida de oraci\u00f3n una parte integral de sus vidas.<\/p>\n<p>\u201cEs tan solo mediante la presencia divina que el coraz\u00f3n humano puede cambiar su conducta\u201d, dijo Puello, quien fue elegido como el nuevo presidente de la Iglesia Adventista en la isla en marzo pasado. \u201cLa falta de Dios en la vida del ser humano solo puede producir miseria\u201d.<\/p>\n<p>Los l\u00edderes locales de la iglesia estuvieron acompa\u00f1ados por los administradores de la Divisi\u00f3n Interamericana, que oraron por el pa\u00eds y por el nuevo liderazgo dedicado oficialmente para lidera la iglesia en la Rep\u00fablica Dominicana. Como parte de las actividades del d\u00eda, la iglesia ofreci\u00f3 un concierto de m\u00fasica y chequeos gratuitos de salud a m\u00e1s de cuatro mil individuos de la comunidad.<\/p>\n<div id=\"attachment_42601\" style=\"width: 810px\" class=\"wp-caption aligncenter\"><img decoding=\"async\" aria-describedby=\"caption-attachment-42601\" class=\" wp-image-42601\" src=\"https:\/\/recursing-golick.147-182-135-0.plesk.page\/wp-content\/uploads\/2018\/07\/domu-contigo7.jpg\" alt=\"\" width=\"800\" height=\"600\" srcset=\"https:\/\/interamerica.org\/wp-content\/uploads\/2018\/07\/domu-contigo7.jpg 900w, https:\/\/interamerica.org\/wp-content\/uploads\/2018\/07\/domu-contigo7-300x225.jpg 300w, https:\/\/interamerica.org\/wp-content\/uploads\/2018\/07\/domu-contigo7-768x576.jpg 768w\" sizes=\"(max-width: 800px) 100vw, 800px\" \/><p id=\"caption-attachment-42601\" class=\"wp-caption-text\">La Iglesia Adventista coloc\u00f3 grandes carteles en Parque del Este para invitar a las comunidades cercanas a que oren y busquen a Dios, en medio de la ola creciente de delitos en la isla. Miles de personas recibieron chequeos gratuitos de salud durante las actividades del d\u00eda. Fotograf\u00eda de la Uni\u00f3n Dominicana<\/p><\/div>\n<p>Los l\u00edderes de la iglesia se comprometieron a seguir brindando ayuda y dejando un impacto en la comunidad de manera positiva por medio de sus diversas instituciones, lo que incluye la Universidad Adventista Dominicana, 66 escuelas primarias y secundarias, un hospital y centro m\u00e9dico, las estaciones de Radio Amanecer que cubren la isla, y los proyectos de la Agencia Adventista de Desarrollo y Recursos Asistenciales (ADRA) en toda la isla.<\/p>\n<p>El evento recibi\u00f3 la cobertura de los medios locales y nacionales.<\/p>\n<p>En Rep\u00fablica Dominicana hay m\u00e1s de 305 mil adventistas que se re\u00fanen en 1310 iglesias y congregaciones.<\/p>\n<p>Para saber m\u00e1s de las iniciativas y actividades de la Iglesia Adventista en la Rep\u00fablica Dominicana, entre <a href=\"mailto:https:\/\/adventistasrd.interamerica.org\/\">AQU\u00cd<\/a><\/p>\n<p>Traducci\u00f3n de Marcos Paseggi<\/p>\n","protected":false},"excerpt":{"rendered":"<p>23 de julio de 2018 | Santo Domingo, Rep\u00fablica Dominicana | Bernardo Medina\/DIA Cientos de adventistas del s\u00e9ptimo d\u00eda se reunieron hace poco en Santo Domingo, Rep\u00fablica Dominicana, para orar&#8230;<\/p>\n","protected":false},"author":3,"featured_media":42599,"comment_status":"open","ping_status":"closed","sticky":false,"template":"","format":"standard","meta":{"_acf_changed":false,"footnotes":""},"categories":[17,15],"tags":[],"class_list":["post-42607","post","type-post","status-publish","format-standard","has-post-thumbnail","hentry","category-desde-el-campo","category-rss-espanol"],"acf":[],"yoast_head":"<!-- This site is optimized with the Yoast SEO plugin v27.3 - https:\/\/yoast.com\/product\/yoast-seo-wordpress\/ -->\n<title>Iglesia Adventista en la Rep\u00fablica Dominicana oran por la naci\u00f3n en medio de un aumento de la violencia - Iglesia Adventista del S\u00e9ptimo D\u00eda - Divisi\u00f3n Interamericana<\/title>\n<meta name=\"robots\" content=\"index, follow, max-snippet:-1, max-image-preview:large, max-video-preview:-1\" \/>\n<link rel=\"canonical\" href=\"https:\/\/interamerica.org\/es\/2018\/07\/iglesia-adventista-en-la-republica-dominicana-oran-por-la-nacion-en-medio-de-un-aumento-de-la-violencia\/\" \/>\n<meta property=\"og:locale\" content=\"es_ES\" \/>\n<meta property=\"og:type\" content=\"article\" \/>\n<meta property=\"og:title\" content=\"Iglesia Adventista en la Rep\u00fablica Dominicana oran por la naci\u00f3n en medio de un aumento de la violencia - Iglesia Adventista del S\u00e9ptimo D\u00eda - Divisi\u00f3n Interamericana\" \/>\n<meta property=\"og:description\" content=\"23 de julio de 2018 | Santo Domingo, Rep\u00fablica Dominicana | Bernardo Medina\/DIA Cientos de adventistas del s\u00e9ptimo d\u00eda se reunieron hace poco en Santo Domingo, Rep\u00fablica Dominicana, para orar...\" \/>\n<meta property=\"og:url\" content=\"https:\/\/interamerica.org\/es\/2018\/07\/iglesia-adventista-en-la-republica-dominicana-oran-por-la-nacion-en-medio-de-un-aumento-de-la-violencia\/\" \/>\n<meta property=\"og:site_name\" content=\"Iglesia Adventista del S\u00e9ptimo D\u00eda - Divisi\u00f3n Interamericana\" \/>\n<meta property=\"article:published_time\" content=\"2018-07-23T23:13:46+00:00\" \/>\n<meta property=\"article:modified_time\" content=\"2018-07-24T20:11:49+00:00\" \/>\n<meta property=\"og:image\" content=\"https:\/\/interamerica.org\/wp-content\/uploads\/2018\/07\/domu-installation-prayer-1.jpg\" \/>\n\t<meta property=\"og:image:width\" content=\"1428\" \/>\n\t<meta property=\"og:image:height\" content=\"893\" \/>\n\t<meta property=\"og:image:type\" content=\"image\/jpeg\" \/>\n<meta name=\"author\" content=\"libna\" \/>\n<meta name=\"twitter:card\" content=\"summary_large_image\" \/>\n<meta name=\"twitter:label1\" content=\"Escrito por\" \/>\n\t<meta name=\"twitter:data1\" content=\"libna\" \/>\n\t<meta name=\"twitter:label2\" content=\"Tiempo de lectura\" \/>\n\t<meta name=\"twitter:data2\" content=\"3 minutos\" \/>\n<script type=\"application\/ld+json\" class=\"yoast-schema-graph\">{\"@context\":\"https:\\\/\\\/schema.org\",\"@graph\":[{\"@type\":\"Article\",\"@id\":\"https:\\\/\\\/interamerica.org\\\/es\\\/2018\\\/07\\\/iglesia-adventista-en-la-republica-dominicana-oran-por-la-nacion-en-medio-de-un-aumento-de-la-violencia\\\/#article\",\"isPartOf\":{\"@id\":\"https:\\\/\\\/interamerica.org\\\/es\\\/2018\\\/07\\\/iglesia-adventista-en-la-republica-dominicana-oran-por-la-nacion-en-medio-de-un-aumento-de-la-violencia\\\/\"},\"author\":{\"name\":\"libna\",\"@id\":\"https:\\\/\\\/interamerica.org\\\/es\\\/#\\\/schema\\\/person\\\/29998f2bc2d8bd0d38662909289b54f1\"},\"headline\":\"Iglesia Adventista en la Rep\u00fablica Dominicana oran por la naci\u00f3n en medio de un aumento de la violencia\",\"datePublished\":\"2018-07-23T23:13:46+00:00\",\"dateModified\":\"2018-07-24T20:11:49+00:00\",\"mainEntityOfPage\":{\"@id\":\"https:\\\/\\\/interamerica.org\\\/es\\\/2018\\\/07\\\/iglesia-adventista-en-la-republica-dominicana-oran-por-la-nacion-en-medio-de-un-aumento-de-la-violencia\\\/\"},\"wordCount\":692,\"commentCount\":0,\"image\":{\"@id\":\"https:\\\/\\\/interamerica.org\\\/es\\\/2018\\\/07\\\/iglesia-adventista-en-la-republica-dominicana-oran-por-la-nacion-en-medio-de-un-aumento-de-la-violencia\\\/#primaryimage\"},\"thumbnailUrl\":\"https:\\\/\\\/interamerica.org\\\/wp-content\\\/uploads\\\/2018\\\/07\\\/domu-installation-prayer-1.jpg\",\"articleSection\":[\"Desde el campo\",\"RSS Espa\u00f1ol\"],\"inLanguage\":\"es\",\"potentialAction\":[{\"@type\":\"CommentAction\",\"name\":\"Comment\",\"target\":[\"https:\\\/\\\/interamerica.org\\\/es\\\/2018\\\/07\\\/iglesia-adventista-en-la-republica-dominicana-oran-por-la-nacion-en-medio-de-un-aumento-de-la-violencia\\\/#respond\"]}]},{\"@type\":\"WebPage\",\"@id\":\"https:\\\/\\\/interamerica.org\\\/es\\\/2018\\\/07\\\/iglesia-adventista-en-la-republica-dominicana-oran-por-la-nacion-en-medio-de-un-aumento-de-la-violencia\\\/\",\"url\":\"https:\\\/\\\/interamerica.org\\\/es\\\/2018\\\/07\\\/iglesia-adventista-en-la-republica-dominicana-oran-por-la-nacion-en-medio-de-un-aumento-de-la-violencia\\\/\",\"name\":\"Iglesia Adventista en la Rep\u00fablica Dominicana oran por la naci\u00f3n en medio de un aumento de la violencia - Iglesia Adventista del S\u00e9ptimo D\u00eda - Divisi\u00f3n Interamericana\",\"isPartOf\":{\"@id\":\"https:\\\/\\\/interamerica.org\\\/es\\\/#website\"},\"primaryImageOfPage\":{\"@id\":\"https:\\\/\\\/interamerica.org\\\/es\\\/2018\\\/07\\\/iglesia-adventista-en-la-republica-dominicana-oran-por-la-nacion-en-medio-de-un-aumento-de-la-violencia\\\/#primaryimage\"},\"image\":{\"@id\":\"https:\\\/\\\/interamerica.org\\\/es\\\/2018\\\/07\\\/iglesia-adventista-en-la-republica-dominicana-oran-por-la-nacion-en-medio-de-un-aumento-de-la-violencia\\\/#primaryimage\"},\"thumbnailUrl\":\"https:\\\/\\\/interamerica.org\\\/wp-content\\\/uploads\\\/2018\\\/07\\\/domu-installation-prayer-1.jpg\",\"datePublished\":\"2018-07-23T23:13:46+00:00\",\"dateModified\":\"2018-07-24T20:11:49+00:00\",\"author\":{\"@id\":\"https:\\\/\\\/interamerica.org\\\/es\\\/#\\\/schema\\\/person\\\/29998f2bc2d8bd0d38662909289b54f1\"},\"breadcrumb\":{\"@id\":\"https:\\\/\\\/interamerica.org\\\/es\\\/2018\\\/07\\\/iglesia-adventista-en-la-republica-dominicana-oran-por-la-nacion-en-medio-de-un-aumento-de-la-violencia\\\/#breadcrumb\"},\"inLanguage\":\"es\",\"potentialAction\":[{\"@type\":\"ReadAction\",\"target\":[\"https:\\\/\\\/interamerica.org\\\/es\\\/2018\\\/07\\\/iglesia-adventista-en-la-republica-dominicana-oran-por-la-nacion-en-medio-de-un-aumento-de-la-violencia\\\/\"]}]},{\"@type\":\"ImageObject\",\"inLanguage\":\"es\",\"@id\":\"https:\\\/\\\/interamerica.org\\\/es\\\/2018\\\/07\\\/iglesia-adventista-en-la-republica-dominicana-oran-por-la-nacion-en-medio-de-un-aumento-de-la-violencia\\\/#primaryimage\",\"url\":\"https:\\\/\\\/interamerica.org\\\/wp-content\\\/uploads\\\/2018\\\/07\\\/domu-installation-prayer-1.jpg\",\"contentUrl\":\"https:\\\/\\\/interamerica.org\\\/wp-content\\\/uploads\\\/2018\\\/07\\\/domu-installation-prayer-1.jpg\",\"width\":1428,\"height\":893,\"caption\":\"Photo by Dominican Union\"},{\"@type\":\"BreadcrumbList\",\"@id\":\"https:\\\/\\\/interamerica.org\\\/es\\\/2018\\\/07\\\/iglesia-adventista-en-la-republica-dominicana-oran-por-la-nacion-en-medio-de-un-aumento-de-la-violencia\\\/#breadcrumb\",\"itemListElement\":[{\"@type\":\"ListItem\",\"position\":1,\"name\":\"Home\",\"item\":\"https:\\\/\\\/interamerica.org\\\/es\\\/\"},{\"@type\":\"ListItem\",\"position\":2,\"name\":\"Iglesia Adventista en la Rep\u00fablica Dominicana oran por la naci\u00f3n en medio de un aumento de la violencia\"}]},{\"@type\":\"WebSite\",\"@id\":\"https:\\\/\\\/interamerica.org\\\/es\\\/#website\",\"url\":\"https:\\\/\\\/interamerica.org\\\/es\\\/\",\"name\":\"Iglesia Adventista del S\u00e9ptimo D\u00eda - Divisi\u00f3n Interamericana\",\"description\":\"\",\"potentialAction\":[{\"@type\":\"SearchAction\",\"target\":{\"@type\":\"EntryPoint\",\"urlTemplate\":\"https:\\\/\\\/interamerica.org\\\/es\\\/?s={search_term_string}\"},\"query-input\":{\"@type\":\"PropertyValueSpecification\",\"valueRequired\":true,\"valueName\":\"search_term_string\"}}],\"inLanguage\":\"es\"},{\"@type\":\"Person\",\"@id\":\"https:\\\/\\\/interamerica.org\\\/es\\\/#\\\/schema\\\/person\\\/29998f2bc2d8bd0d38662909289b54f1\",\"name\":\"libna\",\"image\":{\"@type\":\"ImageObject\",\"inLanguage\":\"es\",\"@id\":\"https:\\\/\\\/secure.gravatar.com\\\/avatar\\\/7c5bd30ae4b47a9ba3c856590957fd1d96dc588bf3ac05719d247e126840331f?s=96&d=mm&r=g\",\"url\":\"https:\\\/\\\/secure.gravatar.com\\\/avatar\\\/7c5bd30ae4b47a9ba3c856590957fd1d96dc588bf3ac05719d247e126840331f?s=96&d=mm&r=g\",\"contentUrl\":\"https:\\\/\\\/secure.gravatar.com\\\/avatar\\\/7c5bd30ae4b47a9ba3c856590957fd1d96dc588bf3ac05719d247e126840331f?s=96&d=mm&r=g\",\"caption\":\"libna\"}}]}<\/script>\n<!-- \/ Yoast SEO plugin. -->","yoast_head_json":{"title":"Iglesia Adventista en la Rep\u00fablica Dominicana oran por la naci\u00f3n en medio de un aumento de la violencia - Iglesia Adventista del S\u00e9ptimo D\u00eda - Divisi\u00f3n Interamericana","robots":{"index":"index","follow":"follow","max-snippet":"max-snippet:-1","max-image-preview":"max-image-preview:large","max-video-preview":"max-video-preview:-1"},"canonical":"https:\/\/interamerica.org\/es\/2018\/07\/iglesia-adventista-en-la-republica-dominicana-oran-por-la-nacion-en-medio-de-un-aumento-de-la-violencia\/","og_locale":"es_ES","og_type":"article","og_title":"Iglesia Adventista en la Rep\u00fablica Dominicana oran por la naci\u00f3n en medio de un aumento de la violencia - Iglesia Adventista del S\u00e9ptimo D\u00eda - Divisi\u00f3n Interamericana","og_description":"23 de julio de 2018 | Santo Domingo, Rep\u00fablica Dominicana | Bernardo Medina\/DIA Cientos de adventistas del s\u00e9ptimo d\u00eda se reunieron hace poco en Santo Domingo, Rep\u00fablica Dominicana, para orar...","og_url":"https:\/\/interamerica.org\/es\/2018\/07\/iglesia-adventista-en-la-republica-dominicana-oran-por-la-nacion-en-medio-de-un-aumento-de-la-violencia\/","og_site_name":"Iglesia Adventista del S\u00e9ptimo D\u00eda - Divisi\u00f3n Interamericana","article_published_time":"2018-07-23T23:13:46+00:00","article_modified_time":"2018-07-24T20:11:49+00:00","og_image":[{"width":1428,"height":893,"url":"https:\/\/interamerica.org\/wp-content\/uploads\/2018\/07\/domu-installation-prayer-1.jpg","type":"image\/jpeg"}],"author":"libna","twitter_card":"summary_large_image","twitter_misc":{"Escrito por":"libna","Tiempo de lectura":"3 minutos"},"schema":{"@context":"https:\/\/schema.org","@graph":[{"@type":"Article","@id":"https:\/\/interamerica.org\/es\/2018\/07\/iglesia-adventista-en-la-republica-dominicana-oran-por-la-nacion-en-medio-de-un-aumento-de-la-violencia\/#article","isPartOf":{"@id":"https:\/\/interamerica.org\/es\/2018\/07\/iglesia-adventista-en-la-republica-dominicana-oran-por-la-nacion-en-medio-de-un-aumento-de-la-violencia\/"},"author":{"name":"libna","@id":"https:\/\/interamerica.org\/es\/#\/schema\/person\/29998f2bc2d8bd0d38662909289b54f1"},"headline":"Iglesia Adventista en la Rep\u00fablica Dominicana oran por la naci\u00f3n en medio de un aumento de la violencia","datePublished":"2018-07-23T23:13:46+00:00","dateModified":"2018-07-24T20:11:49+00:00","mainEntityOfPage":{"@id":"https:\/\/interamerica.org\/es\/2018\/07\/iglesia-adventista-en-la-republica-dominicana-oran-por-la-nacion-en-medio-de-un-aumento-de-la-violencia\/"},"wordCount":692,"commentCount":0,"image":{"@id":"https:\/\/interamerica.org\/es\/2018\/07\/iglesia-adventista-en-la-republica-dominicana-oran-por-la-nacion-en-medio-de-un-aumento-de-la-violencia\/#primaryimage"},"thumbnailUrl":"https:\/\/interamerica.org\/wp-content\/uploads\/2018\/07\/domu-installation-prayer-1.jpg","articleSection":["Desde el campo","RSS Espa\u00f1ol"],"inLanguage":"es","potentialAction":[{"@type":"CommentAction","name":"Comment","target":["https:\/\/interamerica.org\/es\/2018\/07\/iglesia-adventista-en-la-republica-dominicana-oran-por-la-nacion-en-medio-de-un-aumento-de-la-violencia\/#respond"]}]},{"@type":"WebPage","@id":"https:\/\/interamerica.org\/es\/2018\/07\/iglesia-adventista-en-la-republica-dominicana-oran-por-la-nacion-en-medio-de-un-aumento-de-la-violencia\/","url":"https:\/\/interamerica.org\/es\/2018\/07\/iglesia-adventista-en-la-republica-dominicana-oran-por-la-nacion-en-medio-de-un-aumento-de-la-violencia\/","name":"Iglesia Adventista en la Rep\u00fablica Dominicana oran por la naci\u00f3n en medio de un aumento de la violencia - Iglesia Adventista del S\u00e9ptimo D\u00eda - Divisi\u00f3n Interamericana","isPartOf":{"@id":"https:\/\/interamerica.org\/es\/#website"},"primaryImageOfPage":{"@id":"https:\/\/interamerica.org\/es\/2018\/07\/iglesia-adventista-en-la-republica-dominicana-oran-por-la-nacion-en-medio-de-un-aumento-de-la-violencia\/#primaryimage"},"image":{"@id":"https:\/\/interamerica.org\/es\/2018\/07\/iglesia-adventista-en-la-republica-dominicana-oran-por-la-nacion-en-medio-de-un-aumento-de-la-violencia\/#primaryimage"},"thumbnailUrl":"https:\/\/interamerica.org\/wp-content\/uploads\/2018\/07\/domu-installation-prayer-1.jpg","datePublished":"2018-07-23T23:13:46+00:00","dateModified":"2018-07-24T20:11:49+00:00","author":{"@id":"https:\/\/interamerica.org\/es\/#\/schema\/person\/29998f2bc2d8bd0d38662909289b54f1"},"breadcrumb":{"@id":"https:\/\/interamerica.org\/es\/2018\/07\/iglesia-adventista-en-la-republica-dominicana-oran-por-la-nacion-en-medio-de-un-aumento-de-la-violencia\/#breadcrumb"},"inLanguage":"es","potentialAction":[{"@type":"ReadAction","target":["https:\/\/interamerica.org\/es\/2018\/07\/iglesia-adventista-en-la-republica-dominicana-oran-por-la-nacion-en-medio-de-un-aumento-de-la-violencia\/"]}]},{"@type":"ImageObject","inLanguage":"es","@id":"https:\/\/interamerica.org\/es\/2018\/07\/iglesia-adventista-en-la-republica-dominicana-oran-por-la-nacion-en-medio-de-un-aumento-de-la-violencia\/#primaryimage","url":"https:\/\/interamerica.org\/wp-content\/uploads\/2018\/07\/domu-installation-prayer-1.jpg","contentUrl":"https:\/\/interamerica.org\/wp-content\/uploads\/2018\/07\/domu-installation-prayer-1.jpg","width":1428,"height":893,"caption":"Photo by Dominican Union"},{"@type":"BreadcrumbList","@id":"https:\/\/interamerica.org\/es\/2018\/07\/iglesia-adventista-en-la-republica-dominicana-oran-por-la-nacion-en-medio-de-un-aumento-de-la-violencia\/#breadcrumb","itemListElement":[{"@type":"ListItem","position":1,"name":"Home","item":"https:\/\/interamerica.org\/es\/"},{"@type":"ListItem","position":2,"name":"Iglesia Adventista en la Rep\u00fablica Dominicana oran por la naci\u00f3n en medio de un aumento de la violencia"}]},{"@type":"WebSite","@id":"https:\/\/interamerica.org\/es\/#website","url":"https:\/\/interamerica.org\/es\/","name":"Iglesia Adventista del S\u00e9ptimo D\u00eda - Divisi\u00f3n Interamericana","description":"","potentialAction":[{"@type":"SearchAction","target":{"@type":"EntryPoint","urlTemplate":"https:\/\/interamerica.org\/es\/?s={search_term_string}"},"query-input":{"@type":"PropertyValueSpecification","valueRequired":true,"valueName":"search_term_string"}}],"inLanguage":"es"},{"@type":"Person","@id":"https:\/\/interamerica.org\/es\/#\/schema\/person\/29998f2bc2d8bd0d38662909289b54f1","name":"libna","image":{"@type":"ImageObject","inLanguage":"es","@id":"https:\/\/secure.gravatar.com\/avatar\/7c5bd30ae4b47a9ba3c856590957fd1d96dc588bf3ac05719d247e126840331f?s=96&d=mm&r=g","url":"https:\/\/secure.gravatar.com\/avatar\/7c5bd30ae4b47a9ba3c856590957fd1d96dc588bf3ac05719d247e126840331f?s=96&d=mm&r=g","contentUrl":"https:\/\/secure.gravatar.com\/avatar\/7c5bd30ae4b47a9ba3c856590957fd1d96dc588bf3ac05719d247e126840331f?s=96&d=mm&r=g","caption":"libna"}}]}},"_links":{"self":[{"href":"https:\/\/interamerica.org\/es\/wp-json\/wp\/v2\/posts\/42607","targetHints":{"allow":["GET"]}}],"collection":[{"href":"https:\/\/interamerica.org\/es\/wp-json\/wp\/v2\/posts"}],"about":[{"href":"https:\/\/interamerica.org\/es\/wp-json\/wp\/v2\/types\/post"}],"author":[{"embeddable":true,"href":"https:\/\/interamerica.org\/es\/wp-json\/wp\/v2\/users\/3"}],"replies":[{"embeddable":true,"href":"https:\/\/interamerica.org\/es\/wp-json\/wp\/v2\/comments?post=42607"}],"version-history":[{"count":0,"href":"https:\/\/interamerica.org\/es\/wp-json\/wp\/v2\/posts\/42607\/revisions"}],"wp:featuredmedia":[{"embeddable":true,"href":"https:\/\/interamerica.org\/es\/wp-json\/wp\/v2\/media\/42599"}],"wp:attachment":[{"href":"https:\/\/interamerica.org\/es\/wp-json\/wp\/v2\/media?parent=42607"}],"wp:term":[{"taxonomy":"category","embeddable":true,"href":"https:\/\/interamerica.org\/es\/wp-json\/wp\/v2\/categories?post=42607"},{"taxonomy":"post_tag","embeddable":true,"href":"https:\/\/interamerica.org\/es\/wp-json\/wp\/v2\/tags?post=42607"}],"curies":[{"name":"wp","href":"https:\/\/api.w.org\/{rel}","templated":true}]}}