{"id":42632,"date":"2018-07-25T07:38:45","date_gmt":"2018-07-25T11:38:45","guid":{"rendered":"https:\/\/recursing-golick.147-182-135-0.plesk.page\/?p=42632"},"modified":"2018-07-25T11:29:05","modified_gmt":"2018-07-25T15:29:05","slug":"en-el-salvador-los-jovenes-se-preparan-para-conectarse-con-hipoacusicos-y-sordos","status":"publish","type":"post","link":"https:\/\/interamerica.org\/es\/2018\/07\/en-el-salvador-los-jovenes-se-preparan-para-conectarse-con-hipoacusicos-y-sordos\/","title":{"rendered":"En El Salvador, los j\u00f3venes se preparan para conectarse con hipoac\u00fasicos y sordos"},"content":{"rendered":"<div id=\"attachment_42596\" style=\"width: 814px\" class=\"wp-caption aligncenter\"><img fetchpriority=\"high\" decoding=\"async\" aria-describedby=\"caption-attachment-42596\" class=\"wp-image-42596\" src=\"https:\/\/recursing-golick.147-182-135-0.plesk.page\/wp-content\/uploads\/2018\/07\/esau-signing-part-1024x681.jpg\" alt=\"\" width=\"804\" height=\"535\" srcset=\"https:\/\/interamerica.org\/wp-content\/uploads\/2018\/07\/esau-signing-part-1024x681.jpg 1024w, https:\/\/interamerica.org\/wp-content\/uploads\/2018\/07\/esau-signing-part-300x199.jpg 300w, https:\/\/interamerica.org\/wp-content\/uploads\/2018\/07\/esau-signing-part-768x511.jpg 768w, https:\/\/interamerica.org\/wp-content\/uploads\/2018\/07\/esau-signing-part.jpg 1280w\" sizes=\"(max-width: 804px) 100vw, 804px\" \/><p id=\"caption-attachment-42596\" class=\"wp-caption-text\">El grupo de j\u00f3venes que complet\u00f3 el curso b\u00e1sico de lenguaje de se\u00f1as LESSA presenta algunas de las se\u00f1as que aprendieron, durante una ceremonia especial llevada a cabo el 7 de julio de 2018 en la iglesia adventista Mejicanos de San Salvador, El Salvador. Fotograf\u00eda de Gamaliel Guerra<\/p><\/div>\n<p>24 de julio de 2018 | San Salvador, El Salvador | Gamaliel Guerra\/DIA<\/p>\n<p>Ansiosos de marcar una diferencia en la comunidad, un grupo de j\u00f3venes de la iglesia adventista Mejicanos de San Salvador, El Salvador, complet\u00f3 un curso b\u00e1sico de lenguaje de se\u00f1as que ser\u00e1 parte de los ministerios de necesidades especiales all\u00ed donde viven.<\/p>\n<p>Ana Odette Medina, que posee una licencia en educaci\u00f3n especial y una certificaci\u00f3n para ayudar a personas que sufren de problemas auditivos, dijo que el grupo de 21 miembros de iglesia se esforz\u00f3 por completar el curso en tres meses. \u201cEl grupo se reuni\u00f3 en forma peri\u00f3dica dos horas por semana para aprender a ser parte de este ministerio\u201d, dijo Medina. Ahora forman parte de Ministerios de J\u00f3venes Valiosos para Sordos.<\/p>\n<p>El grupo, que est\u00e1 compuesto principalmente por j\u00f3venes y ni\u00f1os que participaron de la ceremonia de finalizaci\u00f3n llevada a cabo el 7 de julio de 2018.<\/p>\n<div id=\"attachment_42613\" style=\"width: 810px\" class=\"wp-caption aligncenter\"><img decoding=\"async\" aria-describedby=\"caption-attachment-42613\" class=\"wp-image-42613\" src=\"https:\/\/recursing-golick.147-182-135-0.plesk.page\/wp-content\/uploads\/2018\/07\/esau-sign-graduation.jpg\" alt=\"\" width=\"800\" height=\"532\" srcset=\"https:\/\/interamerica.org\/wp-content\/uploads\/2018\/07\/esau-sign-graduation.jpg 1000w, https:\/\/interamerica.org\/wp-content\/uploads\/2018\/07\/esau-sign-graduation-300x200.jpg 300w, https:\/\/interamerica.org\/wp-content\/uploads\/2018\/07\/esau-sign-graduation-768x511.jpg 768w\" sizes=\"(max-width: 800px) 100vw, 800px\" \/><p id=\"caption-attachment-42613\" class=\"wp-caption-text\">Jos\u00e9 Andr\u00e9s Hern\u00e1ndez, de la Asamblea Legislativa de El Salvador entrega un certificado de finalizaci\u00f3n a Diego Mej\u00eda Guevara por haber completado el curso b\u00e1sico de lenguaje de se\u00f1as. Fotograf\u00eda de Gamaliel Guerra<\/p><\/div>\n<p>Jos\u00e9 Andr\u00e9s Hern\u00e1ndez, funcionario de la Asamblea Legislativa, y su esposa Luciana Hern\u00e1ndez, del concejo de la alcald\u00eda, felicit\u00f3 al grupo por su dedicaci\u00f3n por alcanzar a aquellos que sufren problemas auditivos. Los funcionarios han apoyado el proyecto con equipos y materiales necesarios para ofrece una ense\u00f1anza del curso de lenguaje de se\u00f1as que cumpla los requisitos del LESSA, las clases b\u00e1sicas de lenguaje de se\u00f1as en el pa\u00eds.<\/p>\n<p>Los l\u00edderes de la iglesia felicitaron al grupo y los instaron a que usen sus talentos para el bien de otras personas.<\/p>\n<p>\u201cUstedes tienen el conocimiento y grandes habilidades que la mayor\u00eda de nosotros no posee, de manera los animo a permitir que Dios los use en este ministerio\u201d, dijo el pastor Abel Pacheco, presidente de la Iglesia Adventista en El Salvador. Pacheco desafi\u00f3 a los j\u00f3venes para que sean parte de una campa\u00f1a de evangelizaci\u00f3n que busca alcanzar a las personas que sufren problemas auditivos.<\/p>\n<p>El pastor Dany Perla, presidente de la Iglesia Adventista en la Asociaci\u00f3n Metropolitana, le dijo al grupo que la raz\u00f3n por la que hay tan pocos miembros con discapacidades auditivas es \u201csimplemente porque no hemos podido comunicarnos con ellos\u201d.<\/p>\n<div id=\"attachment_42595\" style=\"width: 811px\" class=\"wp-caption aligncenter\"><img decoding=\"async\" aria-describedby=\"caption-attachment-42595\" class=\"wp-image-42595\" src=\"https:\/\/recursing-golick.147-182-135-0.plesk.page\/wp-content\/uploads\/2018\/07\/esau-signlanguage-class.jpg\" alt=\"\" width=\"801\" height=\"601\" srcset=\"https:\/\/interamerica.org\/wp-content\/uploads\/2018\/07\/esau-signlanguage-class.jpg 960w, https:\/\/interamerica.org\/wp-content\/uploads\/2018\/07\/esau-signlanguage-class-300x225.jpg 300w, https:\/\/interamerica.org\/wp-content\/uploads\/2018\/07\/esau-signlanguage-class-768x576.jpg 768w\" sizes=\"(max-width: 801px) 100vw, 801px\" \/><p id=\"caption-attachment-42595\" class=\"wp-caption-text\">Odette aparece dando estudios b\u00edblicos a los j\u00f3venes con problemas auditivos en un centro educacional en San Salvador. Fotograf\u00eda de Gamaliel Guerra<\/p><\/div>\n<p>\u201cA\u00fan no hemos podido transmitir el mensaje de salvaci\u00f3n\u201d, dijo Perla, \u201cpero esa historia va a cambiar porque ustedes est\u00e1n prepar\u00e1ndose para alcanzar ese segmento de la poblaci\u00f3n aqu\u00ed. Dios los ha llamado a ser un grupo pionero para compartir el mensaje del evangelio\u201d.<\/p>\n<p>Medina est\u00e1 feliz con la iniciativa que surgi\u00f3 de una necesidad que vieron ella y su esposo cuando comenzaron a ense\u00f1ar el curso de estudios b\u00edblicos \u201cLa fe de Jes\u00fas\u201d para los sordos y los que sufren discapacidades auditivas en un centro de ense\u00f1anza en San Salvador en 2014. \u201cLes ense\u00f1amos a los estudiantes sobre valores, y les dimos estudios b\u00edblicos\u201d, dijo Medina.<\/p>\n<p>\u201cQueremos que este ministerio llegue a cada sordo, y queremos compartir el evangelio de salvaci\u00f3n con ellos\u201d, dijo Medina. \u201cNuestro principal objetivo es capacitar a la gente en el curso LESSA para permitir que los sordos y los que sufren discapacidades auditivas sepan que son importantes, mientras al mismo tiempo los ayudamos para que sigan a Cristo\u201d.<\/p>\n<p>Seg\u00fan Medina, el plan es comenzar el pr\u00f3ximo mes con una nueva fase donde el grupo se capacitar\u00e1 para contar historias con el lenguaje de se\u00f1as, y traducir himnos y textos b\u00edblicos durante los pr\u00f3ximos cinco meses.<\/p>\n<p>Traducci\u00f3n de Marcos Paseggi<\/p>\n","protected":false},"excerpt":{"rendered":"<p>24 de julio de 2018 | San Salvador, El Salvador | Gamaliel Guerra\/DIA Ansiosos de marcar una diferencia en la comunidad, un grupo de j\u00f3venes de la iglesia adventista Mejicanos&#8230;<\/p>\n","protected":false},"author":3,"featured_media":42596,"comment_status":"open","ping_status":"closed","sticky":false,"template":"","format":"standard","meta":{"_acf_changed":false,"footnotes":""},"categories":[17,15],"tags":[],"class_list":["post-42632","post","type-post","status-publish","format-standard","has-post-thumbnail","hentry","category-desde-el-campo","category-rss-espanol"],"acf":[],"yoast_head":"<!-- This site is optimized with the Yoast SEO plugin v27.3 - https:\/\/yoast.com\/product\/yoast-seo-wordpress\/ -->\n<title>En El Salvador, los j\u00f3venes se preparan para conectarse con hipoac\u00fasicos y sordos - Iglesia Adventista del S\u00e9ptimo D\u00eda - Divisi\u00f3n Interamericana<\/title>\n<meta name=\"robots\" content=\"index, follow, max-snippet:-1, max-image-preview:large, max-video-preview:-1\" \/>\n<link rel=\"canonical\" href=\"https:\/\/interamerica.org\/es\/2018\/07\/en-el-salvador-los-jovenes-se-preparan-para-conectarse-con-hipoacusicos-y-sordos\/\" \/>\n<meta property=\"og:locale\" content=\"es_ES\" \/>\n<meta property=\"og:type\" content=\"article\" \/>\n<meta property=\"og:title\" content=\"En El Salvador, los j\u00f3venes se preparan para conectarse con hipoac\u00fasicos y sordos - Iglesia Adventista del S\u00e9ptimo D\u00eda - Divisi\u00f3n Interamericana\" \/>\n<meta property=\"og:description\" content=\"24 de julio de 2018 | San Salvador, El Salvador | Gamaliel Guerra\/DIA Ansiosos de marcar una diferencia en la comunidad, un grupo de j\u00f3venes de la iglesia adventista Mejicanos...\" \/>\n<meta property=\"og:url\" content=\"https:\/\/interamerica.org\/es\/2018\/07\/en-el-salvador-los-jovenes-se-preparan-para-conectarse-con-hipoacusicos-y-sordos\/\" \/>\n<meta property=\"og:site_name\" content=\"Iglesia Adventista del S\u00e9ptimo D\u00eda - Divisi\u00f3n Interamericana\" \/>\n<meta property=\"article:published_time\" content=\"2018-07-25T11:38:45+00:00\" \/>\n<meta property=\"article:modified_time\" content=\"2018-07-25T15:29:05+00:00\" \/>\n<meta property=\"og:image\" content=\"https:\/\/interamerica.org\/wp-content\/uploads\/2018\/07\/esau-signing-part.jpg\" \/>\n\t<meta property=\"og:image:width\" content=\"1280\" \/>\n\t<meta property=\"og:image:height\" content=\"851\" \/>\n\t<meta property=\"og:image:type\" content=\"image\/jpeg\" \/>\n<meta name=\"author\" content=\"libna\" \/>\n<meta name=\"twitter:card\" content=\"summary_large_image\" \/>\n<meta name=\"twitter:label1\" content=\"Escrito por\" \/>\n\t<meta name=\"twitter:data1\" content=\"libna\" \/>\n\t<meta name=\"twitter:label2\" content=\"Tiempo de lectura\" \/>\n\t<meta name=\"twitter:data2\" content=\"4 minutos\" \/>\n<script type=\"application\/ld+json\" class=\"yoast-schema-graph\">{\"@context\":\"https:\\\/\\\/schema.org\",\"@graph\":[{\"@type\":\"Article\",\"@id\":\"https:\\\/\\\/interamerica.org\\\/es\\\/2018\\\/07\\\/en-el-salvador-los-jovenes-se-preparan-para-conectarse-con-hipoacusicos-y-sordos\\\/#article\",\"isPartOf\":{\"@id\":\"https:\\\/\\\/interamerica.org\\\/es\\\/2018\\\/07\\\/en-el-salvador-los-jovenes-se-preparan-para-conectarse-con-hipoacusicos-y-sordos\\\/\"},\"author\":{\"name\":\"libna\",\"@id\":\"https:\\\/\\\/interamerica.org\\\/es\\\/#\\\/schema\\\/person\\\/29998f2bc2d8bd0d38662909289b54f1\"},\"headline\":\"En El Salvador, los j\u00f3venes se preparan para conectarse con hipoac\u00fasicos y sordos\",\"datePublished\":\"2018-07-25T11:38:45+00:00\",\"dateModified\":\"2018-07-25T15:29:05+00:00\",\"mainEntityOfPage\":{\"@id\":\"https:\\\/\\\/interamerica.org\\\/es\\\/2018\\\/07\\\/en-el-salvador-los-jovenes-se-preparan-para-conectarse-con-hipoacusicos-y-sordos\\\/\"},\"wordCount\":741,\"commentCount\":0,\"image\":{\"@id\":\"https:\\\/\\\/interamerica.org\\\/es\\\/2018\\\/07\\\/en-el-salvador-los-jovenes-se-preparan-para-conectarse-con-hipoacusicos-y-sordos\\\/#primaryimage\"},\"thumbnailUrl\":\"https:\\\/\\\/interamerica.org\\\/wp-content\\\/uploads\\\/2018\\\/07\\\/esau-signing-part.jpg\",\"articleSection\":[\"Desde el campo\",\"RSS Espa\u00f1ol\"],\"inLanguage\":\"es\",\"potentialAction\":[{\"@type\":\"CommentAction\",\"name\":\"Comment\",\"target\":[\"https:\\\/\\\/interamerica.org\\\/es\\\/2018\\\/07\\\/en-el-salvador-los-jovenes-se-preparan-para-conectarse-con-hipoacusicos-y-sordos\\\/#respond\"]}]},{\"@type\":\"WebPage\",\"@id\":\"https:\\\/\\\/interamerica.org\\\/es\\\/2018\\\/07\\\/en-el-salvador-los-jovenes-se-preparan-para-conectarse-con-hipoacusicos-y-sordos\\\/\",\"url\":\"https:\\\/\\\/interamerica.org\\\/es\\\/2018\\\/07\\\/en-el-salvador-los-jovenes-se-preparan-para-conectarse-con-hipoacusicos-y-sordos\\\/\",\"name\":\"En El Salvador, los j\u00f3venes se preparan para conectarse con hipoac\u00fasicos y sordos - Iglesia Adventista del S\u00e9ptimo D\u00eda - Divisi\u00f3n Interamericana\",\"isPartOf\":{\"@id\":\"https:\\\/\\\/interamerica.org\\\/es\\\/#website\"},\"primaryImageOfPage\":{\"@id\":\"https:\\\/\\\/interamerica.org\\\/es\\\/2018\\\/07\\\/en-el-salvador-los-jovenes-se-preparan-para-conectarse-con-hipoacusicos-y-sordos\\\/#primaryimage\"},\"image\":{\"@id\":\"https:\\\/\\\/interamerica.org\\\/es\\\/2018\\\/07\\\/en-el-salvador-los-jovenes-se-preparan-para-conectarse-con-hipoacusicos-y-sordos\\\/#primaryimage\"},\"thumbnailUrl\":\"https:\\\/\\\/interamerica.org\\\/wp-content\\\/uploads\\\/2018\\\/07\\\/esau-signing-part.jpg\",\"datePublished\":\"2018-07-25T11:38:45+00:00\",\"dateModified\":\"2018-07-25T15:29:05+00:00\",\"author\":{\"@id\":\"https:\\\/\\\/interamerica.org\\\/es\\\/#\\\/schema\\\/person\\\/29998f2bc2d8bd0d38662909289b54f1\"},\"breadcrumb\":{\"@id\":\"https:\\\/\\\/interamerica.org\\\/es\\\/2018\\\/07\\\/en-el-salvador-los-jovenes-se-preparan-para-conectarse-con-hipoacusicos-y-sordos\\\/#breadcrumb\"},\"inLanguage\":\"es\",\"potentialAction\":[{\"@type\":\"ReadAction\",\"target\":[\"https:\\\/\\\/interamerica.org\\\/es\\\/2018\\\/07\\\/en-el-salvador-los-jovenes-se-preparan-para-conectarse-con-hipoacusicos-y-sordos\\\/\"]}]},{\"@type\":\"ImageObject\",\"inLanguage\":\"es\",\"@id\":\"https:\\\/\\\/interamerica.org\\\/es\\\/2018\\\/07\\\/en-el-salvador-los-jovenes-se-preparan-para-conectarse-con-hipoacusicos-y-sordos\\\/#primaryimage\",\"url\":\"https:\\\/\\\/interamerica.org\\\/wp-content\\\/uploads\\\/2018\\\/07\\\/esau-signing-part.jpg\",\"contentUrl\":\"https:\\\/\\\/interamerica.org\\\/wp-content\\\/uploads\\\/2018\\\/07\\\/esau-signing-part.jpg\",\"width\":1280,\"height\":851},{\"@type\":\"BreadcrumbList\",\"@id\":\"https:\\\/\\\/interamerica.org\\\/es\\\/2018\\\/07\\\/en-el-salvador-los-jovenes-se-preparan-para-conectarse-con-hipoacusicos-y-sordos\\\/#breadcrumb\",\"itemListElement\":[{\"@type\":\"ListItem\",\"position\":1,\"name\":\"Home\",\"item\":\"https:\\\/\\\/interamerica.org\\\/es\\\/\"},{\"@type\":\"ListItem\",\"position\":2,\"name\":\"En El Salvador, los j\u00f3venes se preparan para conectarse con hipoac\u00fasicos y sordos\"}]},{\"@type\":\"WebSite\",\"@id\":\"https:\\\/\\\/interamerica.org\\\/es\\\/#website\",\"url\":\"https:\\\/\\\/interamerica.org\\\/es\\\/\",\"name\":\"Iglesia Adventista del S\u00e9ptimo D\u00eda - Divisi\u00f3n Interamericana\",\"description\":\"\",\"potentialAction\":[{\"@type\":\"SearchAction\",\"target\":{\"@type\":\"EntryPoint\",\"urlTemplate\":\"https:\\\/\\\/interamerica.org\\\/es\\\/?s={search_term_string}\"},\"query-input\":{\"@type\":\"PropertyValueSpecification\",\"valueRequired\":true,\"valueName\":\"search_term_string\"}}],\"inLanguage\":\"es\"},{\"@type\":\"Person\",\"@id\":\"https:\\\/\\\/interamerica.org\\\/es\\\/#\\\/schema\\\/person\\\/29998f2bc2d8bd0d38662909289b54f1\",\"name\":\"libna\",\"image\":{\"@type\":\"ImageObject\",\"inLanguage\":\"es\",\"@id\":\"https:\\\/\\\/secure.gravatar.com\\\/avatar\\\/7c5bd30ae4b47a9ba3c856590957fd1d96dc588bf3ac05719d247e126840331f?s=96&d=mm&r=g\",\"url\":\"https:\\\/\\\/secure.gravatar.com\\\/avatar\\\/7c5bd30ae4b47a9ba3c856590957fd1d96dc588bf3ac05719d247e126840331f?s=96&d=mm&r=g\",\"contentUrl\":\"https:\\\/\\\/secure.gravatar.com\\\/avatar\\\/7c5bd30ae4b47a9ba3c856590957fd1d96dc588bf3ac05719d247e126840331f?s=96&d=mm&r=g\",\"caption\":\"libna\"}}]}<\/script>\n<!-- \/ Yoast SEO plugin. -->","yoast_head_json":{"title":"En El Salvador, los j\u00f3venes se preparan para conectarse con hipoac\u00fasicos y sordos - Iglesia Adventista del S\u00e9ptimo D\u00eda - Divisi\u00f3n Interamericana","robots":{"index":"index","follow":"follow","max-snippet":"max-snippet:-1","max-image-preview":"max-image-preview:large","max-video-preview":"max-video-preview:-1"},"canonical":"https:\/\/interamerica.org\/es\/2018\/07\/en-el-salvador-los-jovenes-se-preparan-para-conectarse-con-hipoacusicos-y-sordos\/","og_locale":"es_ES","og_type":"article","og_title":"En El Salvador, los j\u00f3venes se preparan para conectarse con hipoac\u00fasicos y sordos - Iglesia Adventista del S\u00e9ptimo D\u00eda - Divisi\u00f3n Interamericana","og_description":"24 de julio de 2018 | San Salvador, El Salvador | Gamaliel Guerra\/DIA Ansiosos de marcar una diferencia en la comunidad, un grupo de j\u00f3venes de la iglesia adventista Mejicanos...","og_url":"https:\/\/interamerica.org\/es\/2018\/07\/en-el-salvador-los-jovenes-se-preparan-para-conectarse-con-hipoacusicos-y-sordos\/","og_site_name":"Iglesia Adventista del S\u00e9ptimo D\u00eda - Divisi\u00f3n Interamericana","article_published_time":"2018-07-25T11:38:45+00:00","article_modified_time":"2018-07-25T15:29:05+00:00","og_image":[{"width":1280,"height":851,"url":"https:\/\/interamerica.org\/wp-content\/uploads\/2018\/07\/esau-signing-part.jpg","type":"image\/jpeg"}],"author":"libna","twitter_card":"summary_large_image","twitter_misc":{"Escrito por":"libna","Tiempo de lectura":"4 minutos"},"schema":{"@context":"https:\/\/schema.org","@graph":[{"@type":"Article","@id":"https:\/\/interamerica.org\/es\/2018\/07\/en-el-salvador-los-jovenes-se-preparan-para-conectarse-con-hipoacusicos-y-sordos\/#article","isPartOf":{"@id":"https:\/\/interamerica.org\/es\/2018\/07\/en-el-salvador-los-jovenes-se-preparan-para-conectarse-con-hipoacusicos-y-sordos\/"},"author":{"name":"libna","@id":"https:\/\/interamerica.org\/es\/#\/schema\/person\/29998f2bc2d8bd0d38662909289b54f1"},"headline":"En El Salvador, los j\u00f3venes se preparan para conectarse con hipoac\u00fasicos y sordos","datePublished":"2018-07-25T11:38:45+00:00","dateModified":"2018-07-25T15:29:05+00:00","mainEntityOfPage":{"@id":"https:\/\/interamerica.org\/es\/2018\/07\/en-el-salvador-los-jovenes-se-preparan-para-conectarse-con-hipoacusicos-y-sordos\/"},"wordCount":741,"commentCount":0,"image":{"@id":"https:\/\/interamerica.org\/es\/2018\/07\/en-el-salvador-los-jovenes-se-preparan-para-conectarse-con-hipoacusicos-y-sordos\/#primaryimage"},"thumbnailUrl":"https:\/\/interamerica.org\/wp-content\/uploads\/2018\/07\/esau-signing-part.jpg","articleSection":["Desde el campo","RSS Espa\u00f1ol"],"inLanguage":"es","potentialAction":[{"@type":"CommentAction","name":"Comment","target":["https:\/\/interamerica.org\/es\/2018\/07\/en-el-salvador-los-jovenes-se-preparan-para-conectarse-con-hipoacusicos-y-sordos\/#respond"]}]},{"@type":"WebPage","@id":"https:\/\/interamerica.org\/es\/2018\/07\/en-el-salvador-los-jovenes-se-preparan-para-conectarse-con-hipoacusicos-y-sordos\/","url":"https:\/\/interamerica.org\/es\/2018\/07\/en-el-salvador-los-jovenes-se-preparan-para-conectarse-con-hipoacusicos-y-sordos\/","name":"En El Salvador, los j\u00f3venes se preparan para conectarse con hipoac\u00fasicos y sordos - Iglesia Adventista del S\u00e9ptimo D\u00eda - Divisi\u00f3n Interamericana","isPartOf":{"@id":"https:\/\/interamerica.org\/es\/#website"},"primaryImageOfPage":{"@id":"https:\/\/interamerica.org\/es\/2018\/07\/en-el-salvador-los-jovenes-se-preparan-para-conectarse-con-hipoacusicos-y-sordos\/#primaryimage"},"image":{"@id":"https:\/\/interamerica.org\/es\/2018\/07\/en-el-salvador-los-jovenes-se-preparan-para-conectarse-con-hipoacusicos-y-sordos\/#primaryimage"},"thumbnailUrl":"https:\/\/interamerica.org\/wp-content\/uploads\/2018\/07\/esau-signing-part.jpg","datePublished":"2018-07-25T11:38:45+00:00","dateModified":"2018-07-25T15:29:05+00:00","author":{"@id":"https:\/\/interamerica.org\/es\/#\/schema\/person\/29998f2bc2d8bd0d38662909289b54f1"},"breadcrumb":{"@id":"https:\/\/interamerica.org\/es\/2018\/07\/en-el-salvador-los-jovenes-se-preparan-para-conectarse-con-hipoacusicos-y-sordos\/#breadcrumb"},"inLanguage":"es","potentialAction":[{"@type":"ReadAction","target":["https:\/\/interamerica.org\/es\/2018\/07\/en-el-salvador-los-jovenes-se-preparan-para-conectarse-con-hipoacusicos-y-sordos\/"]}]},{"@type":"ImageObject","inLanguage":"es","@id":"https:\/\/interamerica.org\/es\/2018\/07\/en-el-salvador-los-jovenes-se-preparan-para-conectarse-con-hipoacusicos-y-sordos\/#primaryimage","url":"https:\/\/interamerica.org\/wp-content\/uploads\/2018\/07\/esau-signing-part.jpg","contentUrl":"https:\/\/interamerica.org\/wp-content\/uploads\/2018\/07\/esau-signing-part.jpg","width":1280,"height":851},{"@type":"BreadcrumbList","@id":"https:\/\/interamerica.org\/es\/2018\/07\/en-el-salvador-los-jovenes-se-preparan-para-conectarse-con-hipoacusicos-y-sordos\/#breadcrumb","itemListElement":[{"@type":"ListItem","position":1,"name":"Home","item":"https:\/\/interamerica.org\/es\/"},{"@type":"ListItem","position":2,"name":"En El Salvador, los j\u00f3venes se preparan para conectarse con hipoac\u00fasicos y sordos"}]},{"@type":"WebSite","@id":"https:\/\/interamerica.org\/es\/#website","url":"https:\/\/interamerica.org\/es\/","name":"Iglesia Adventista del S\u00e9ptimo D\u00eda - Divisi\u00f3n Interamericana","description":"","potentialAction":[{"@type":"SearchAction","target":{"@type":"EntryPoint","urlTemplate":"https:\/\/interamerica.org\/es\/?s={search_term_string}"},"query-input":{"@type":"PropertyValueSpecification","valueRequired":true,"valueName":"search_term_string"}}],"inLanguage":"es"},{"@type":"Person","@id":"https:\/\/interamerica.org\/es\/#\/schema\/person\/29998f2bc2d8bd0d38662909289b54f1","name":"libna","image":{"@type":"ImageObject","inLanguage":"es","@id":"https:\/\/secure.gravatar.com\/avatar\/7c5bd30ae4b47a9ba3c856590957fd1d96dc588bf3ac05719d247e126840331f?s=96&d=mm&r=g","url":"https:\/\/secure.gravatar.com\/avatar\/7c5bd30ae4b47a9ba3c856590957fd1d96dc588bf3ac05719d247e126840331f?s=96&d=mm&r=g","contentUrl":"https:\/\/secure.gravatar.com\/avatar\/7c5bd30ae4b47a9ba3c856590957fd1d96dc588bf3ac05719d247e126840331f?s=96&d=mm&r=g","caption":"libna"}}]}},"_links":{"self":[{"href":"https:\/\/interamerica.org\/es\/wp-json\/wp\/v2\/posts\/42632","targetHints":{"allow":["GET"]}}],"collection":[{"href":"https:\/\/interamerica.org\/es\/wp-json\/wp\/v2\/posts"}],"about":[{"href":"https:\/\/interamerica.org\/es\/wp-json\/wp\/v2\/types\/post"}],"author":[{"embeddable":true,"href":"https:\/\/interamerica.org\/es\/wp-json\/wp\/v2\/users\/3"}],"replies":[{"embeddable":true,"href":"https:\/\/interamerica.org\/es\/wp-json\/wp\/v2\/comments?post=42632"}],"version-history":[{"count":0,"href":"https:\/\/interamerica.org\/es\/wp-json\/wp\/v2\/posts\/42632\/revisions"}],"wp:featuredmedia":[{"embeddable":true,"href":"https:\/\/interamerica.org\/es\/wp-json\/wp\/v2\/media\/42596"}],"wp:attachment":[{"href":"https:\/\/interamerica.org\/es\/wp-json\/wp\/v2\/media?parent=42632"}],"wp:term":[{"taxonomy":"category","embeddable":true,"href":"https:\/\/interamerica.org\/es\/wp-json\/wp\/v2\/categories?post=42632"},{"taxonomy":"post_tag","embeddable":true,"href":"https:\/\/interamerica.org\/es\/wp-json\/wp\/v2\/tags?post=42632"}],"curies":[{"name":"wp","href":"https:\/\/api.w.org\/{rel}","templated":true}]}}