{"id":42633,"date":"2018-07-24T16:48:53","date_gmt":"2018-07-24T20:48:53","guid":{"rendered":"https:\/\/recursing-golick.147-182-135-0.plesk.page\/?p=42633"},"modified":"2018-07-24T21:59:06","modified_gmt":"2018-07-25T01:59:06","slug":"milagro-en-la-isla-pitcairn","status":"publish","type":"post","link":"https:\/\/interamerica.org\/es\/2018\/07\/milagro-en-la-isla-pitcairn\/","title":{"rendered":"Milagro en la Isla Pitcairn"},"content":{"rendered":"<div id=\"attachment_42626\" style=\"width: 811px\" class=\"wp-caption aligncenter\"><img fetchpriority=\"high\" decoding=\"async\" aria-describedby=\"caption-attachment-42626\" class=\" wp-image-42626\" src=\"https:\/\/recursing-golick.147-182-135-0.plesk.page\/wp-content\/uploads\/2018\/07\/church-on-pitcairn.jpg\" alt=\"\" width=\"801\" height=\"450\" srcset=\"https:\/\/interamerica.org\/wp-content\/uploads\/2018\/07\/church-on-pitcairn.jpg 1000w, https:\/\/interamerica.org\/wp-content\/uploads\/2018\/07\/church-on-pitcairn-300x169.jpg 300w, https:\/\/interamerica.org\/wp-content\/uploads\/2018\/07\/church-on-pitcairn-768x432.jpg 768w\" sizes=\"(max-width: 801px) 100vw, 801px\" \/><p id=\"caption-attachment-42626\" class=\"wp-caption-text\">Los miembros de la iglesia adventista de la Isla Pitcairn ahora conforman una comunidad de fe unida en Cristo. Fotograf\u00eda de Adventist Record<\/p><\/div>\n<p><span class=\"byline-news\"> 24 de julio de 2018 | Isla de Pitcairn | Tracey Bridcutt, <\/span><em><span class=\"byline-news\">Adventist Record<\/span><\/em><\/p>\n<p>Cuando se le pidi\u00f3 al pastor Jean-Noel Adeline que fuera a la Isla Pitcairn, pronto se dio cuenta de que enfrentaba un desaf\u00edo significativo. Antes de viajar a la peque\u00f1a y aislada isla del Pac\u00edfico, habl\u00f3 con uno de los cinco miembros que a\u00fan asist\u00edan a la iglesia. Seg\u00fan ese miembro, las perspectivas eran desalentadoras.<\/p>\n<p>\u201cMe dijo que hab\u00edan planeado decirle a la uni\u00f3n [la unidad administrativa de la iglesia] que cerrara la iglesia y vendiera las propiedades de la iglesia, incluida la casa de la misi\u00f3n\u201d, dijo el pastor Adeline, un evangelista proveniente de la Uni\u00f3n Asociaci\u00f3n del Pac\u00edfico de Nueva Zelandia (NZPUC).<\/p>\n<p>\u201cEsto se deb\u00eda a serias tensiones entre los miembros. Algunos de ellos no se hablaban desde hace a\u00f1os. Tenemos que recordar que hab\u00edan pasado por una situaci\u00f3n muy dif\u00edcil, y que hab\u00edan estado ya durante un tiempo sin un pastor permanente\u201d.<\/p>\n<p>La Iglesia Adventista tiene una larga historia en la Isla Pitcairn, que cuenta con unos 54 residentes, la mayor\u00eda de ellos descendientes de los marineros que participaron del amotinamiento del <em>Bounty<\/em> en 1789. Veintid\u00f3s residentes figuran como miembros de la Iglesia Adventista, en lo que es sin dudas la congregaci\u00f3n adventista m\u00e1s aislada del mundo. La isla no tiene pista de aterrizaje ni puerto seguro. Desde Nueva Zelandia, es una ardua traves\u00eda llegar all\u00ed, se\u00f1al\u00f3 Adeline, que necesit\u00f3 dos aviones y dos trayectos en barco.<\/p>\n<div id=\"attachment_42627\" style=\"width: 811px\" class=\"wp-caption aligncenter\"><img decoding=\"async\" aria-describedby=\"caption-attachment-42627\" class=\" wp-image-42627\" src=\"https:\/\/recursing-golick.147-182-135-0.plesk.page\/wp-content\/uploads\/2018\/07\/pitcairn-adventist-church-1.jpg\" alt=\"\" width=\"801\" height=\"450\" srcset=\"https:\/\/interamerica.org\/wp-content\/uploads\/2018\/07\/pitcairn-adventist-church-1.jpg 1000w, https:\/\/interamerica.org\/wp-content\/uploads\/2018\/07\/pitcairn-adventist-church-1-300x169.jpg 300w, https:\/\/interamerica.org\/wp-content\/uploads\/2018\/07\/pitcairn-adventist-church-1-768x432.jpg 768w\" sizes=\"(max-width: 801px) 100vw, 801px\" \/><p id=\"caption-attachment-42627\" class=\"wp-caption-text\">La iglesia adventista de la Isla Pitcairn. Fotograf\u00eda de Adventist Record<\/p><\/div>\n<p>El \u00faltimo pastor de tiempo completo pas\u00f3 seis a\u00f1os en Pitcairn, hasta 2011. Desde entonces, dos pastores de la Misi\u00f3n de la Polinesia Francesa pasaron cada uno un a\u00f1o en la isla. El \u00faltimo pastor dej\u00f3 la isla en 2015 por razones de salud.<\/p>\n<p><strong>Desesperados por una renovaci\u00f3n espiritual <\/strong><\/p>\n<p>Los l\u00edderes de la NZPUC vieron que los miembros de iglesia estaban \u201cdesesperados por una renovaci\u00f3n espiritual\u201d, pero la uni\u00f3n no pod\u00eda hallar un pastor adecuado, seg\u00fan el secretario-tesorero Graeme Drinkall. As\u00ed fue que los l\u00edderes de sede de la uni\u00f3n idearon un plan: enviar un pastor por trimestre a lo largo del a\u00f1o, y que cada uno pasara dos semanas y medias en la isla.<\/p>\n<p>Adeline fue el primero en visitar la isla bajo ese nuevo arreglo. Poco despu\u00e9s de su llegada, se le pregunt\u00f3 cu\u00e1l era su estrategia para resolver las cuestiones entre los miembros de iglesia. \u201cCon la mano en la Biblia, dije: \u2018Escuchen, no tengo un plan, pero tengo este viejo Libro, y tengo a Dios, y creo que \u00e9l tiene un plan para esta isla. Por su gracia, voy a exponer sobre su Palabra. Y creo que Dios har\u00e1 algo\u201d.<\/p>\n<p>Y as\u00ed fue que comenz\u00f3 la misi\u00f3n del pastor. Cada noche a las 19.00, con excepci\u00f3n de los jueves, cuando llega el bote con provisiones, Adeline organiz\u00f3 una reuni\u00f3n en la iglesia. El primero encuentro, que se hizo en s\u00e1bado, cont\u00f3 con 26 personas en los bancos, entre miembros y visitas. Tambi\u00e9n, cada ma\u00f1ana a las 7.00, Adeline llev\u00f3 a cabo una reuni\u00f3n de reavivamiento preparado espec\u00edficamente para los miembros de iglesia.<\/p>\n<div id=\"attachment_42628\" style=\"width: 809px\" class=\"wp-caption aligncenter\"><img decoding=\"async\" aria-describedby=\"caption-attachment-42628\" class=\" wp-image-42628\" src=\"https:\/\/recursing-golick.147-182-135-0.plesk.page\/wp-content\/uploads\/2018\/07\/pitcairn-3.jpg\" alt=\"\" width=\"799\" height=\"449\" srcset=\"https:\/\/interamerica.org\/wp-content\/uploads\/2018\/07\/pitcairn-3.jpg 1000w, https:\/\/interamerica.org\/wp-content\/uploads\/2018\/07\/pitcairn-3-300x169.jpg 300w, https:\/\/interamerica.org\/wp-content\/uploads\/2018\/07\/pitcairn-3-768x432.jpg 768w\" sizes=\"(max-width: 799px) 100vw, 799px\" \/><p id=\"caption-attachment-42628\" class=\"wp-caption-text\">Una de las reuniones del pastor Adeline en Pitcairn. Fotograf\u00eda: Adventist Record<\/p><\/div>\n<p>\u201cLentamente pero con seguridad, los miembros comenzaron a darse cuenta de que aunque la iglesia se basa en personas, en primer lugar tiene que ver con Dios\u201d, dijo Adeline. \u201cTiene que ver con su nombre, su car\u00e1cter, su gloria en nuestro medio. Implic\u00f3 ayudar a que los miembros vean por qu\u00e9 existimos como iglesia: no para nosotros mismos sino para ser una luz en Pitcairn, para ayudar a que la gente pueda ver a Jes\u00fas. Estamos aqu\u00ed para salvar a los perdidos\u201d.<\/p>\n<p><strong>Se produce un milagro<\/strong><\/p>\n<p>Adeline comparti\u00f3 los cambios impresionantes que comenz\u00f3 a presenciar. \u201cA partir de ese momento, Dios comenz\u00f3 a obrar en forma milagrosa\u201d, dijo. \u201cLos miembros comenzaron a visitar las casas de los que hab\u00edan sido heridos y confesaron sus pecados. Fue un milagro verlos en la iglesia sent\u00e1ndose juntos, cantando, de la mano, orando unos con otros, llorando con sus hermanos\u201d.<\/p>\n<p>Esto se volvi\u00f3 un testimonio poderoso a todos los habitantes de la isla, incluido el alcalde, que comenz\u00f3 a asistir a las reuniones vespertinas. \u00c9l anim\u00f3 a su esposa para que lo acompa\u00f1ara. De los 26 asistentes del primer s\u00e1bado, se pas\u00f3 a 36 el siguiente s\u00e1bado, y a 37 el \u00faltimo s\u00e1bado. Fue un d\u00eda de celebraci\u00f3n, en el que se llevaron a cabo cinco bautismos en la Bah\u00eda Bounty. Otras cinco personas han solicitado el bautismo, lo que incluye al alcalde y su esposa.<\/p>\n<p>En una publicaci\u00f3n en su p\u00e1gina de Facebook, la residente de Pitcairn Melva Warren Evans dijo que el resultado \u201cno fue otra cosa que un milagro\u201d.<\/p>\n<div id=\"attachment_42629\" style=\"width: 811px\" class=\"wp-caption aligncenter\"><img loading=\"lazy\" decoding=\"async\" aria-describedby=\"caption-attachment-42629\" class=\" wp-image-42629\" src=\"https:\/\/recursing-golick.147-182-135-0.plesk.page\/wp-content\/uploads\/2018\/07\/pitcairn-mayor.jpg\" alt=\"\" width=\"801\" height=\"450\" srcset=\"https:\/\/interamerica.org\/wp-content\/uploads\/2018\/07\/pitcairn-mayor.jpg 1000w, https:\/\/interamerica.org\/wp-content\/uploads\/2018\/07\/pitcairn-mayor-300x169.jpg 300w, https:\/\/interamerica.org\/wp-content\/uploads\/2018\/07\/pitcairn-mayor-768x432.jpg 768w\" sizes=\"(max-width: 801px) 100vw, 801px\" \/><p id=\"caption-attachment-42629\" class=\"wp-caption-text\">El pastor Adeline (tercero desde la izquierda), con las cinco personas que solicitaron el bautismo, lo que incluye al alcalde (de camisa verde) y su esposa (extremo izquierdo). Fotograf\u00eda: Adventist Record<\/p><\/div>\n<p>\u201cLes digo ahora mismo que los milagros pueden y, de hecho, suceden\u201d, dijo Evans. \u201cYo los vi producirse en estos \u00faltimos dieciocho d\u00edas. La animosidad de d\u00e9cadas desapareci\u00f3 y fue desterrada por la revelaci\u00f3n de nuestra naturaleza pecaminosa, en comparaci\u00f3n con el car\u00e1cter de Cristo\u201d.<\/p>\n<p>Evans dijo que aprendieron a renunciar al yo y a enfocarse en Cristo. \u201cDejamos de buscar las faltas en los dem\u00e1s y comenzamos a examinar nuestro car\u00e1cter retorcido. Oramos juntos, por cada uno y por nuestra comunidad. Le pedimos a Dios que, una vez m\u00e1s, asuma el control. De una comunidad que estaba en crisis, en dieciocho d\u00edas hemos llegado a ser una comunidad unida\u201d.<\/p>\n<p>Adeline dijo que apreciaba al pueblo de la Isla Pitcairn por su hospitalidad y c\u00e1lida camarader\u00eda. \u201cMe dieron una gran bienvenida y se preocuparon mucho por m\u00ed\u201d, dijo. \u201cFue un inmenso privilegio ir all\u00ed; la isla es tan hermosa, y est\u00e1 llena de \u00e1rboles frutales y maravillas naturales\u201d.<\/p>\n<p>Con una transformaci\u00f3n espiritual tan significativa en curso, Adeline quiere que este impulso contin\u00fae, y est\u00e1 apelando a los miembros de iglesia de todo el Pac\u00edfico Sur para que oren por el pueblo de la Isla Pitcairn.<\/p>\n<p>\u201cNo fue un trabajo f\u00edsico; fue una guerra spiritual\u201d, dijo. \u201cSatan\u00e1s hab\u00eda estado tratando de reclamar para s\u00ed la iglesia y la gente. Solo el Esp\u00edritu de Dios puede penetrar el alma, derretir el coraz\u00f3n, destruir el orgullo y renovarnos por completo.<\/p>\n<p>\u201cNecesitamos que las personas sigan orando por Pitcairn, para que lo que est\u00e1 sucediendo all\u00ed pueda florecer y dar frutos para la eternidad\u201d, expres\u00f3.<\/p>\n<p>Traducci\u00f3n de Marcos Paseggi<\/p>\n","protected":false},"excerpt":{"rendered":"<p>24 de julio de 2018 | Isla de Pitcairn | Tracey Bridcutt, Adventist Record Cuando se le pidi\u00f3 al pastor Jean-Noel Adeline que fuera a la Isla Pitcairn, pronto se&#8230;<\/p>\n","protected":false},"author":3,"featured_media":42630,"comment_status":"open","ping_status":"closed","sticky":false,"template":"","format":"standard","meta":{"_acf_changed":false,"footnotes":""},"categories":[14,15],"tags":[],"class_list":["post-42633","post","type-post","status-publish","format-standard","has-post-thumbnail","hentry","category-de-la-iglesia-mundial","category-rss-espanol"],"acf":[],"yoast_head":"<!-- This site is optimized with the Yoast SEO plugin v27.3 - https:\/\/yoast.com\/product\/yoast-seo-wordpress\/ -->\n<title>Milagro en la Isla Pitcairn - Iglesia Adventista del S\u00e9ptimo D\u00eda - Divisi\u00f3n Interamericana<\/title>\n<meta name=\"robots\" content=\"index, follow, max-snippet:-1, max-image-preview:large, max-video-preview:-1\" \/>\n<link rel=\"canonical\" href=\"https:\/\/interamerica.org\/es\/2018\/07\/milagro-en-la-isla-pitcairn\/\" \/>\n<meta property=\"og:locale\" content=\"es_ES\" \/>\n<meta property=\"og:type\" content=\"article\" \/>\n<meta property=\"og:title\" content=\"Milagro en la Isla Pitcairn - Iglesia Adventista del S\u00e9ptimo D\u00eda - Divisi\u00f3n Interamericana\" \/>\n<meta property=\"og:description\" content=\"24 de julio de 2018 | Isla de Pitcairn | Tracey Bridcutt, Adventist Record Cuando se le pidi\u00f3 al pastor Jean-Noel Adeline que fuera a la Isla Pitcairn, pronto se...\" \/>\n<meta property=\"og:url\" content=\"https:\/\/interamerica.org\/es\/2018\/07\/milagro-en-la-isla-pitcairn\/\" \/>\n<meta property=\"og:site_name\" content=\"Iglesia Adventista del S\u00e9ptimo D\u00eda - Divisi\u00f3n Interamericana\" \/>\n<meta property=\"article:published_time\" content=\"2018-07-24T20:48:53+00:00\" \/>\n<meta property=\"article:modified_time\" content=\"2018-07-25T01:59:06+00:00\" \/>\n<meta property=\"og:image\" content=\"https:\/\/interamerica.org\/wp-content\/uploads\/2018\/07\/miracle-on-pitcairn-island-1280-1.jpg\" \/>\n\t<meta property=\"og:image:width\" content=\"1280\" \/>\n\t<meta property=\"og:image:height\" content=\"800\" \/>\n\t<meta property=\"og:image:type\" content=\"image\/jpeg\" \/>\n<meta name=\"author\" content=\"libna\" \/>\n<meta name=\"twitter:card\" content=\"summary_large_image\" \/>\n<meta name=\"twitter:label1\" content=\"Escrito por\" \/>\n\t<meta name=\"twitter:data1\" content=\"libna\" \/>\n\t<meta name=\"twitter:label2\" content=\"Tiempo de lectura\" \/>\n\t<meta name=\"twitter:data2\" content=\"6 minutos\" \/>\n<script type=\"application\/ld+json\" class=\"yoast-schema-graph\">{\"@context\":\"https:\\\/\\\/schema.org\",\"@graph\":[{\"@type\":\"Article\",\"@id\":\"https:\\\/\\\/interamerica.org\\\/es\\\/2018\\\/07\\\/milagro-en-la-isla-pitcairn\\\/#article\",\"isPartOf\":{\"@id\":\"https:\\\/\\\/interamerica.org\\\/es\\\/2018\\\/07\\\/milagro-en-la-isla-pitcairn\\\/\"},\"author\":{\"name\":\"libna\",\"@id\":\"https:\\\/\\\/interamerica.org\\\/es\\\/#\\\/schema\\\/person\\\/29998f2bc2d8bd0d38662909289b54f1\"},\"headline\":\"Milagro en la Isla Pitcairn\",\"datePublished\":\"2018-07-24T20:48:53+00:00\",\"dateModified\":\"2018-07-25T01:59:06+00:00\",\"mainEntityOfPage\":{\"@id\":\"https:\\\/\\\/interamerica.org\\\/es\\\/2018\\\/07\\\/milagro-en-la-isla-pitcairn\\\/\"},\"wordCount\":1212,\"commentCount\":0,\"image\":{\"@id\":\"https:\\\/\\\/interamerica.org\\\/es\\\/2018\\\/07\\\/milagro-en-la-isla-pitcairn\\\/#primaryimage\"},\"thumbnailUrl\":\"https:\\\/\\\/interamerica.org\\\/wp-content\\\/uploads\\\/2018\\\/07\\\/miracle-on-pitcairn-island-1280-1.jpg\",\"articleSection\":[\"Desde la iglesia mundial\",\"RSS Espa\u00f1ol\"],\"inLanguage\":\"es\",\"potentialAction\":[{\"@type\":\"CommentAction\",\"name\":\"Comment\",\"target\":[\"https:\\\/\\\/interamerica.org\\\/es\\\/2018\\\/07\\\/milagro-en-la-isla-pitcairn\\\/#respond\"]}]},{\"@type\":\"WebPage\",\"@id\":\"https:\\\/\\\/interamerica.org\\\/es\\\/2018\\\/07\\\/milagro-en-la-isla-pitcairn\\\/\",\"url\":\"https:\\\/\\\/interamerica.org\\\/es\\\/2018\\\/07\\\/milagro-en-la-isla-pitcairn\\\/\",\"name\":\"Milagro en la Isla Pitcairn - Iglesia Adventista del S\u00e9ptimo D\u00eda - Divisi\u00f3n Interamericana\",\"isPartOf\":{\"@id\":\"https:\\\/\\\/interamerica.org\\\/es\\\/#website\"},\"primaryImageOfPage\":{\"@id\":\"https:\\\/\\\/interamerica.org\\\/es\\\/2018\\\/07\\\/milagro-en-la-isla-pitcairn\\\/#primaryimage\"},\"image\":{\"@id\":\"https:\\\/\\\/interamerica.org\\\/es\\\/2018\\\/07\\\/milagro-en-la-isla-pitcairn\\\/#primaryimage\"},\"thumbnailUrl\":\"https:\\\/\\\/interamerica.org\\\/wp-content\\\/uploads\\\/2018\\\/07\\\/miracle-on-pitcairn-island-1280-1.jpg\",\"datePublished\":\"2018-07-24T20:48:53+00:00\",\"dateModified\":\"2018-07-25T01:59:06+00:00\",\"author\":{\"@id\":\"https:\\\/\\\/interamerica.org\\\/es\\\/#\\\/schema\\\/person\\\/29998f2bc2d8bd0d38662909289b54f1\"},\"breadcrumb\":{\"@id\":\"https:\\\/\\\/interamerica.org\\\/es\\\/2018\\\/07\\\/milagro-en-la-isla-pitcairn\\\/#breadcrumb\"},\"inLanguage\":\"es\",\"potentialAction\":[{\"@type\":\"ReadAction\",\"target\":[\"https:\\\/\\\/interamerica.org\\\/es\\\/2018\\\/07\\\/milagro-en-la-isla-pitcairn\\\/\"]}]},{\"@type\":\"ImageObject\",\"inLanguage\":\"es\",\"@id\":\"https:\\\/\\\/interamerica.org\\\/es\\\/2018\\\/07\\\/milagro-en-la-isla-pitcairn\\\/#primaryimage\",\"url\":\"https:\\\/\\\/interamerica.org\\\/wp-content\\\/uploads\\\/2018\\\/07\\\/miracle-on-pitcairn-island-1280-1.jpg\",\"contentUrl\":\"https:\\\/\\\/interamerica.org\\\/wp-content\\\/uploads\\\/2018\\\/07\\\/miracle-on-pitcairn-island-1280-1.jpg\",\"width\":1280,\"height\":800},{\"@type\":\"BreadcrumbList\",\"@id\":\"https:\\\/\\\/interamerica.org\\\/es\\\/2018\\\/07\\\/milagro-en-la-isla-pitcairn\\\/#breadcrumb\",\"itemListElement\":[{\"@type\":\"ListItem\",\"position\":1,\"name\":\"Home\",\"item\":\"https:\\\/\\\/interamerica.org\\\/es\\\/\"},{\"@type\":\"ListItem\",\"position\":2,\"name\":\"Milagro en la Isla Pitcairn\"}]},{\"@type\":\"WebSite\",\"@id\":\"https:\\\/\\\/interamerica.org\\\/es\\\/#website\",\"url\":\"https:\\\/\\\/interamerica.org\\\/es\\\/\",\"name\":\"Iglesia Adventista del S\u00e9ptimo D\u00eda - Divisi\u00f3n Interamericana\",\"description\":\"\",\"potentialAction\":[{\"@type\":\"SearchAction\",\"target\":{\"@type\":\"EntryPoint\",\"urlTemplate\":\"https:\\\/\\\/interamerica.org\\\/es\\\/?s={search_term_string}\"},\"query-input\":{\"@type\":\"PropertyValueSpecification\",\"valueRequired\":true,\"valueName\":\"search_term_string\"}}],\"inLanguage\":\"es\"},{\"@type\":\"Person\",\"@id\":\"https:\\\/\\\/interamerica.org\\\/es\\\/#\\\/schema\\\/person\\\/29998f2bc2d8bd0d38662909289b54f1\",\"name\":\"libna\",\"image\":{\"@type\":\"ImageObject\",\"inLanguage\":\"es\",\"@id\":\"https:\\\/\\\/secure.gravatar.com\\\/avatar\\\/7c5bd30ae4b47a9ba3c856590957fd1d96dc588bf3ac05719d247e126840331f?s=96&d=mm&r=g\",\"url\":\"https:\\\/\\\/secure.gravatar.com\\\/avatar\\\/7c5bd30ae4b47a9ba3c856590957fd1d96dc588bf3ac05719d247e126840331f?s=96&d=mm&r=g\",\"contentUrl\":\"https:\\\/\\\/secure.gravatar.com\\\/avatar\\\/7c5bd30ae4b47a9ba3c856590957fd1d96dc588bf3ac05719d247e126840331f?s=96&d=mm&r=g\",\"caption\":\"libna\"}}]}<\/script>\n<!-- \/ Yoast SEO plugin. -->","yoast_head_json":{"title":"Milagro en la Isla Pitcairn - Iglesia Adventista del S\u00e9ptimo D\u00eda - Divisi\u00f3n Interamericana","robots":{"index":"index","follow":"follow","max-snippet":"max-snippet:-1","max-image-preview":"max-image-preview:large","max-video-preview":"max-video-preview:-1"},"canonical":"https:\/\/interamerica.org\/es\/2018\/07\/milagro-en-la-isla-pitcairn\/","og_locale":"es_ES","og_type":"article","og_title":"Milagro en la Isla Pitcairn - Iglesia Adventista del S\u00e9ptimo D\u00eda - Divisi\u00f3n Interamericana","og_description":"24 de julio de 2018 | Isla de Pitcairn | Tracey Bridcutt, Adventist Record Cuando se le pidi\u00f3 al pastor Jean-Noel Adeline que fuera a la Isla Pitcairn, pronto se...","og_url":"https:\/\/interamerica.org\/es\/2018\/07\/milagro-en-la-isla-pitcairn\/","og_site_name":"Iglesia Adventista del S\u00e9ptimo D\u00eda - Divisi\u00f3n Interamericana","article_published_time":"2018-07-24T20:48:53+00:00","article_modified_time":"2018-07-25T01:59:06+00:00","og_image":[{"width":1280,"height":800,"url":"https:\/\/interamerica.org\/wp-content\/uploads\/2018\/07\/miracle-on-pitcairn-island-1280-1.jpg","type":"image\/jpeg"}],"author":"libna","twitter_card":"summary_large_image","twitter_misc":{"Escrito por":"libna","Tiempo de lectura":"6 minutos"},"schema":{"@context":"https:\/\/schema.org","@graph":[{"@type":"Article","@id":"https:\/\/interamerica.org\/es\/2018\/07\/milagro-en-la-isla-pitcairn\/#article","isPartOf":{"@id":"https:\/\/interamerica.org\/es\/2018\/07\/milagro-en-la-isla-pitcairn\/"},"author":{"name":"libna","@id":"https:\/\/interamerica.org\/es\/#\/schema\/person\/29998f2bc2d8bd0d38662909289b54f1"},"headline":"Milagro en la Isla Pitcairn","datePublished":"2018-07-24T20:48:53+00:00","dateModified":"2018-07-25T01:59:06+00:00","mainEntityOfPage":{"@id":"https:\/\/interamerica.org\/es\/2018\/07\/milagro-en-la-isla-pitcairn\/"},"wordCount":1212,"commentCount":0,"image":{"@id":"https:\/\/interamerica.org\/es\/2018\/07\/milagro-en-la-isla-pitcairn\/#primaryimage"},"thumbnailUrl":"https:\/\/interamerica.org\/wp-content\/uploads\/2018\/07\/miracle-on-pitcairn-island-1280-1.jpg","articleSection":["Desde la iglesia mundial","RSS Espa\u00f1ol"],"inLanguage":"es","potentialAction":[{"@type":"CommentAction","name":"Comment","target":["https:\/\/interamerica.org\/es\/2018\/07\/milagro-en-la-isla-pitcairn\/#respond"]}]},{"@type":"WebPage","@id":"https:\/\/interamerica.org\/es\/2018\/07\/milagro-en-la-isla-pitcairn\/","url":"https:\/\/interamerica.org\/es\/2018\/07\/milagro-en-la-isla-pitcairn\/","name":"Milagro en la Isla Pitcairn - Iglesia Adventista del S\u00e9ptimo D\u00eda - Divisi\u00f3n Interamericana","isPartOf":{"@id":"https:\/\/interamerica.org\/es\/#website"},"primaryImageOfPage":{"@id":"https:\/\/interamerica.org\/es\/2018\/07\/milagro-en-la-isla-pitcairn\/#primaryimage"},"image":{"@id":"https:\/\/interamerica.org\/es\/2018\/07\/milagro-en-la-isla-pitcairn\/#primaryimage"},"thumbnailUrl":"https:\/\/interamerica.org\/wp-content\/uploads\/2018\/07\/miracle-on-pitcairn-island-1280-1.jpg","datePublished":"2018-07-24T20:48:53+00:00","dateModified":"2018-07-25T01:59:06+00:00","author":{"@id":"https:\/\/interamerica.org\/es\/#\/schema\/person\/29998f2bc2d8bd0d38662909289b54f1"},"breadcrumb":{"@id":"https:\/\/interamerica.org\/es\/2018\/07\/milagro-en-la-isla-pitcairn\/#breadcrumb"},"inLanguage":"es","potentialAction":[{"@type":"ReadAction","target":["https:\/\/interamerica.org\/es\/2018\/07\/milagro-en-la-isla-pitcairn\/"]}]},{"@type":"ImageObject","inLanguage":"es","@id":"https:\/\/interamerica.org\/es\/2018\/07\/milagro-en-la-isla-pitcairn\/#primaryimage","url":"https:\/\/interamerica.org\/wp-content\/uploads\/2018\/07\/miracle-on-pitcairn-island-1280-1.jpg","contentUrl":"https:\/\/interamerica.org\/wp-content\/uploads\/2018\/07\/miracle-on-pitcairn-island-1280-1.jpg","width":1280,"height":800},{"@type":"BreadcrumbList","@id":"https:\/\/interamerica.org\/es\/2018\/07\/milagro-en-la-isla-pitcairn\/#breadcrumb","itemListElement":[{"@type":"ListItem","position":1,"name":"Home","item":"https:\/\/interamerica.org\/es\/"},{"@type":"ListItem","position":2,"name":"Milagro en la Isla Pitcairn"}]},{"@type":"WebSite","@id":"https:\/\/interamerica.org\/es\/#website","url":"https:\/\/interamerica.org\/es\/","name":"Iglesia Adventista del S\u00e9ptimo D\u00eda - Divisi\u00f3n Interamericana","description":"","potentialAction":[{"@type":"SearchAction","target":{"@type":"EntryPoint","urlTemplate":"https:\/\/interamerica.org\/es\/?s={search_term_string}"},"query-input":{"@type":"PropertyValueSpecification","valueRequired":true,"valueName":"search_term_string"}}],"inLanguage":"es"},{"@type":"Person","@id":"https:\/\/interamerica.org\/es\/#\/schema\/person\/29998f2bc2d8bd0d38662909289b54f1","name":"libna","image":{"@type":"ImageObject","inLanguage":"es","@id":"https:\/\/secure.gravatar.com\/avatar\/7c5bd30ae4b47a9ba3c856590957fd1d96dc588bf3ac05719d247e126840331f?s=96&d=mm&r=g","url":"https:\/\/secure.gravatar.com\/avatar\/7c5bd30ae4b47a9ba3c856590957fd1d96dc588bf3ac05719d247e126840331f?s=96&d=mm&r=g","contentUrl":"https:\/\/secure.gravatar.com\/avatar\/7c5bd30ae4b47a9ba3c856590957fd1d96dc588bf3ac05719d247e126840331f?s=96&d=mm&r=g","caption":"libna"}}]}},"_links":{"self":[{"href":"https:\/\/interamerica.org\/es\/wp-json\/wp\/v2\/posts\/42633","targetHints":{"allow":["GET"]}}],"collection":[{"href":"https:\/\/interamerica.org\/es\/wp-json\/wp\/v2\/posts"}],"about":[{"href":"https:\/\/interamerica.org\/es\/wp-json\/wp\/v2\/types\/post"}],"author":[{"embeddable":true,"href":"https:\/\/interamerica.org\/es\/wp-json\/wp\/v2\/users\/3"}],"replies":[{"embeddable":true,"href":"https:\/\/interamerica.org\/es\/wp-json\/wp\/v2\/comments?post=42633"}],"version-history":[{"count":0,"href":"https:\/\/interamerica.org\/es\/wp-json\/wp\/v2\/posts\/42633\/revisions"}],"wp:featuredmedia":[{"embeddable":true,"href":"https:\/\/interamerica.org\/es\/wp-json\/wp\/v2\/media\/42630"}],"wp:attachment":[{"href":"https:\/\/interamerica.org\/es\/wp-json\/wp\/v2\/media?parent=42633"}],"wp:term":[{"taxonomy":"category","embeddable":true,"href":"https:\/\/interamerica.org\/es\/wp-json\/wp\/v2\/categories?post=42633"},{"taxonomy":"post_tag","embeddable":true,"href":"https:\/\/interamerica.org\/es\/wp-json\/wp\/v2\/tags?post=42633"}],"curies":[{"name":"wp","href":"https:\/\/api.w.org\/{rel}","templated":true}]}}