{"id":42663,"date":"2018-07-29T10:34:35","date_gmt":"2018-07-29T14:34:35","guid":{"rendered":"https:\/\/recursing-golick.147-182-135-0.plesk.page\/?p=42663"},"modified":"2018-07-30T10:56:04","modified_gmt":"2018-07-30T14:56:04","slug":"congreso-mundial-adventista-de-lideres-de-jovenes-a-iniciarse-en-alemania","status":"publish","type":"post","link":"https:\/\/interamerica.org\/es\/2018\/07\/congreso-mundial-adventista-de-lideres-de-jovenes-a-iniciarse-en-alemania\/","title":{"rendered":"Congreso Mundial Adventista de L\u00edderes de J\u00f3venes a iniciarse en Alemania"},"content":{"rendered":"<img fetchpriority=\"high\" decoding=\"async\" class=\"aligncenter wp-image-42654\" src=\"https:\/\/recursing-golick.147-182-135-0.plesk.page\/wp-content\/uploads\/2018\/07\/adventist-world-youth-leaders-congress-to-kick-off-in-germany.jpg\" alt=\"\" width=\"1264\" height=\"632\" srcset=\"https:\/\/interamerica.org\/wp-content\/uploads\/2018\/07\/adventist-world-youth-leaders-congress-to-kick-off-in-germany.jpg 1000w, https:\/\/interamerica.org\/wp-content\/uploads\/2018\/07\/adventist-world-youth-leaders-congress-to-kick-off-in-germany-300x150.jpg 300w, https:\/\/interamerica.org\/wp-content\/uploads\/2018\/07\/adventist-world-youth-leaders-congress-to-kick-off-in-germany-768x384.jpg 768w\" sizes=\"(max-width: 1264px) 100vw, 1264px\" \/>\n<p>26 de julio de 2018 | Kassel, Alemania | Corrado Cozzi, Noticias de la Divisi\u00f3n Intereuropea y \u00a0Marcos Paseggi, <em>Adventist Review<\/em><\/p>\n<p>Ha comenzado la cuenta regresiva hacia el inicio del Congreso Mundial de L\u00edderes de J\u00f3venes 2018 \u2013 Impacto Europa, llamado \u201cP\u00e1salo\u00bb, que se celebrar\u00e1 en Kassel, Alemania, del 31 de julio al 4 de agosto de 2018.<\/p>\n<p>Este congreso reunir\u00e1 a m\u00e1s de 1,500 dirigentes de j\u00f3venes de todo el mundo. Su declarado objetivo es equipar, empoderar e involucrar a una generaci\u00f3n de l\u00edderes llenos del Esp\u00edritu para pasar adelante el legado de la Reforma.<\/p>\n<p>Se ha instado a todas las divisiones, uniones, asociaciones, misiones, iglesias locales e instituciones educativas de la iglesia adventista en todo el mundo, a movilizar a sus dirigentes de j\u00f3venes para este evento transformador de la vida.<\/p>\n<p>\u201cMi deseo es que este congreso represente para los l\u00edderes de j\u00f3venes, un fuerte impulso y la convicci\u00f3n de que podemos contar los unos con los otros en la labor que realizamos\u201d, dijo el director del Ministerio Juvenil de la Divisi\u00f3n Intereuropea, Jonat\u00e1n Tejel. \u201cVivimos en un mundo muy cambiante, pero todav\u00eda creo que los j\u00f3venes van a terminar el cumplimiento del divino mandato de llevar las \u2018buenas nuevas\u2019 [de la salvaci\u00f3n de Dios] a todo el mundo\u201d.<\/p>\n<p>Dijo el director Tejel que sus expectativas tienen que ver con las posibilidades de crecimiento e innovaci\u00f3n. \u201cMe gustar\u00eda ver m\u00e1s apertura hacia las nuevas formas de dar a conocer a Jes\u00fas; me gustar\u00eda ver que se echa mano de la creatividad y ver transformadas palabras y visi\u00f3n en acci\u00f3n\u201d, dijo adem\u00e1s el director Tejel, quien prest\u00f3 sus servicios como director asociado del Ministerio de J\u00f3venes en las oficinas mundiales de la iglesia durante 12 a\u00f1os. \u201cMe encantar\u00eda ver c\u00f3mo realmente les permitimos a nuestros j\u00f3venes ser los innovadores y ser nosotros los que los apoyen\u201d.<\/p>\n<p>Recordando su experiencia como director de j\u00f3venes, el director Tejel expres\u00f3 que en cualquier parte en donde le ha tocado servir, ha encontrado a j\u00f3venes fuertes, consagrados y esperando una oportunidad para prestar sus servicios. \u201cSi pudi\u00e9ramos hacer clara la visi\u00f3n de la necesidad de dar a conocer al mundo el evangelio, no en la forma que nosotros queremos, sino en la forma que ellos pueden, estoy seguro de que su contribuci\u00f3n ser\u00eda mucho m\u00e1s poderosa que la contribuci\u00f3n que nosotros podemos hacer\u201d, dijo. \u201cLos j\u00f3venes no est\u00e1n en procura de peleas entre ellos, sino de la oportunidad de darle significado a su vida cristiana\u201d.<\/p>\n<p>El director mundial de ministerio juvenil de la Iglesia Adventista, Gary Blanchard, secund\u00f3 la valoraci\u00f3n de los hechos expresada por el director Tejel: \u201cEstoy sumamente emocionado, siendo que este es un momento hist\u00f3rico\u201d, dijo. \u201cPara m\u00ed, es el cumplimiento de la promesa de Dios de enviar a El\u00edas el profeta, justamente antes de su regreso [en referencia a <a href=\"https:\/\/biblia.com\/bible\/nkjv\/Mal%204.5\">Malaqu\u00edas 4:5<\/a>, <a href=\"https:\/\/biblia.com\/bible\/nkjv\/Malachi%204.6\" data-reference=\"Malachi 4.6\" data-version=\"nkjv\" data-purpose=\"bible-reference\">6<\/a>].\u00a0El\u00edas fue un modelo y mentor para los j\u00f3venes y \u00e9l les dej\u00f3 en herencia el manto del ministerio de liderazgo. As\u00ed que me emociona el pensar en lo que Dios va a hacer a trav\u00e9s de los l\u00edderes de j\u00f3venes a semejanza de El\u00edas, a partir de este gran evento\u201d.<\/p>\n<p>Al comentar sobre sus expectativas con respecto al evento, el director mundial Blanchard dijo que espera \u201cver una poderosa insurgencia de j\u00f3venes\u201d, como resultado de que los l\u00edderes de j\u00f3venes sean equipados y puedan conocer acerca de las iniciativas de car\u00e1cter misionero y de servicio que est\u00e1n disponibles.<\/p>\n<p>Aun cuando el director Blanchard reconoci\u00f3 que los j\u00f3venes podr\u00edan ver las cosas en forma diferente en las diversas regiones de la iglesia mundial, dijo que la clave \u00a0es recordar siempre el mensaje y la misi\u00f3n de la iglesia. Durante el congreso \u201cestaremos presentando el desaf\u00edo a nuestros dirigentes de j\u00f3venes, independientemente de sus diferencias, a reunirse como iglesia en torno a nuestra misi\u00f3n y visi\u00f3n com\u00fan\u201d, dijo. \u201cEsta misi\u00f3n consiste en predicar el evangelio y hacer disc\u00edpulos en el contexto de los mensajes de los tres \u00e1ngeles y nuestra visi\u00f3n es llegar urgentemente con el evangelio a las ciudades del mundo, estableciendo centros de influencia y nuevas iglesias\u201d.<\/p>\n<p>El presidente de la Iglesia Adventista mundial, Ted N. C. Wilson, expres\u00f3 sus esperanzas en relaci\u00f3n con este evento pr\u00f3ximo a celebrarse y los dirigentes de j\u00f3venes de la iglesia. \u201cQu\u00e9\u00a0 privilegio especial y responsabilidad tienen los dirigentes de j\u00f3venes como mentores y orientadores de nuestros preciosos j\u00f3venes de hoy\u201d, escribi\u00f3 en un mensaje enviado a los organizadores de este evento. \u201cDeseo animar a nuestros l\u00edderes de j\u00f3venes al avanzar dentro de su vital y desafiante papel, a continuar dependiendo de Dios en cuanto a sabidur\u00eda y fortaleza. Animen a sus j\u00f3venes a enfocar su atenci\u00f3n en la Biblia y la oraci\u00f3n y gu\u00edenlos entonces a poner en pr\u00e1ctica, a trav\u00e9s del servicio, lo que han aprendido\u201d.<\/p>\n<p>El presidente Wilson les dijo a los dirigentes de j\u00f3venes que este es un enfoque que Dios seguramente bendecir\u00e1 \u201cenormemente\u201d.<\/p>\n<p>\u201cQue el Se\u00f1or derrame sus bendiciones sobre ustedes, los llene de poder a trav\u00e9s de su Esp\u00edritu y los fortalezca para llevar a cabo las tareas de su llamado hoy\u201d, concluy\u00f3 diciendo.<\/p>\n<p>Sigue la cobertura de \u201cP\u00e1salo<em>\u201d<\/em><em>, <\/em>Impacto Europa &#8211; Congreso Mundial de L\u00edderes de J\u00f3venes 2018, v\u00eda Adventist Review, en sus diferentes plataformas, a partir del 31 de julio.<\/p>\n<p>Traducci\u00f3n \u2013 Gloria A Castrej\u00f3n<\/p>\n<p>&nbsp;<\/p>\n","protected":false},"excerpt":{"rendered":"<p>26 de julio de 2018 | Kassel, Alemania | Corrado Cozzi, Noticias de la Divisi\u00f3n Intereuropea y \u00a0Marcos Paseggi, Adventist Review Ha comenzado la cuenta regresiva hacia el inicio del&#8230;<\/p>\n","protected":false},"author":3,"featured_media":42654,"comment_status":"open","ping_status":"closed","sticky":false,"template":"","format":"standard","meta":{"_acf_changed":false,"footnotes":""},"categories":[14,15],"tags":[],"class_list":["post-42663","post","type-post","status-publish","format-standard","has-post-thumbnail","hentry","category-de-la-iglesia-mundial","category-rss-espanol"],"acf":[],"yoast_head":"<!-- This site is optimized with the Yoast SEO plugin v27.3 - https:\/\/yoast.com\/product\/yoast-seo-wordpress\/ -->\n<title>Congreso Mundial Adventista de L\u00edderes de J\u00f3venes a iniciarse en Alemania - Iglesia Adventista del S\u00e9ptimo D\u00eda - Divisi\u00f3n Interamericana<\/title>\n<meta name=\"robots\" content=\"index, follow, max-snippet:-1, max-image-preview:large, max-video-preview:-1\" \/>\n<link rel=\"canonical\" href=\"https:\/\/interamerica.org\/es\/2018\/07\/congreso-mundial-adventista-de-lideres-de-jovenes-a-iniciarse-en-alemania\/\" \/>\n<meta property=\"og:locale\" content=\"es_ES\" \/>\n<meta property=\"og:type\" content=\"article\" \/>\n<meta property=\"og:title\" content=\"Congreso Mundial Adventista de L\u00edderes de J\u00f3venes a iniciarse en Alemania - Iglesia Adventista del S\u00e9ptimo D\u00eda - Divisi\u00f3n Interamericana\" \/>\n<meta property=\"og:description\" content=\"26 de julio de 2018 | Kassel, Alemania | Corrado Cozzi, Noticias de la Divisi\u00f3n Intereuropea y \u00a0Marcos Paseggi, Adventist Review Ha comenzado la cuenta regresiva hacia el inicio del...\" \/>\n<meta property=\"og:url\" content=\"https:\/\/interamerica.org\/es\/2018\/07\/congreso-mundial-adventista-de-lideres-de-jovenes-a-iniciarse-en-alemania\/\" \/>\n<meta property=\"og:site_name\" content=\"Iglesia Adventista del S\u00e9ptimo D\u00eda - Divisi\u00f3n Interamericana\" \/>\n<meta property=\"article:published_time\" content=\"2018-07-29T14:34:35+00:00\" \/>\n<meta property=\"article:modified_time\" content=\"2018-07-30T14:56:04+00:00\" \/>\n<meta property=\"og:image\" content=\"https:\/\/interamerica.org\/wp-content\/uploads\/2018\/07\/adventist-world-youth-leaders-congress-to-kick-off-in-germany.jpg\" \/>\n\t<meta property=\"og:image:width\" content=\"1000\" \/>\n\t<meta property=\"og:image:height\" content=\"500\" \/>\n\t<meta property=\"og:image:type\" content=\"image\/jpeg\" \/>\n<meta name=\"author\" content=\"libna\" \/>\n<meta name=\"twitter:card\" content=\"summary_large_image\" \/>\n<meta name=\"twitter:label1\" content=\"Escrito por\" \/>\n\t<meta name=\"twitter:data1\" content=\"libna\" \/>\n\t<meta name=\"twitter:label2\" content=\"Tiempo de lectura\" \/>\n\t<meta name=\"twitter:data2\" content=\"5 minutos\" \/>\n<script type=\"application\/ld+json\" class=\"yoast-schema-graph\">{\"@context\":\"https:\\\/\\\/schema.org\",\"@graph\":[{\"@type\":\"Article\",\"@id\":\"https:\\\/\\\/interamerica.org\\\/es\\\/2018\\\/07\\\/congreso-mundial-adventista-de-lideres-de-jovenes-a-iniciarse-en-alemania\\\/#article\",\"isPartOf\":{\"@id\":\"https:\\\/\\\/interamerica.org\\\/es\\\/2018\\\/07\\\/congreso-mundial-adventista-de-lideres-de-jovenes-a-iniciarse-en-alemania\\\/\"},\"author\":{\"name\":\"libna\",\"@id\":\"https:\\\/\\\/interamerica.org\\\/es\\\/#\\\/schema\\\/person\\\/29998f2bc2d8bd0d38662909289b54f1\"},\"headline\":\"Congreso Mundial Adventista de L\u00edderes de J\u00f3venes a iniciarse en Alemania\",\"datePublished\":\"2018-07-29T14:34:35+00:00\",\"dateModified\":\"2018-07-30T14:56:04+00:00\",\"mainEntityOfPage\":{\"@id\":\"https:\\\/\\\/interamerica.org\\\/es\\\/2018\\\/07\\\/congreso-mundial-adventista-de-lideres-de-jovenes-a-iniciarse-en-alemania\\\/\"},\"wordCount\":972,\"commentCount\":0,\"image\":{\"@id\":\"https:\\\/\\\/interamerica.org\\\/es\\\/2018\\\/07\\\/congreso-mundial-adventista-de-lideres-de-jovenes-a-iniciarse-en-alemania\\\/#primaryimage\"},\"thumbnailUrl\":\"https:\\\/\\\/interamerica.org\\\/wp-content\\\/uploads\\\/2018\\\/07\\\/adventist-world-youth-leaders-congress-to-kick-off-in-germany.jpg\",\"articleSection\":[\"Desde la iglesia mundial\",\"RSS Espa\u00f1ol\"],\"inLanguage\":\"es\",\"potentialAction\":[{\"@type\":\"CommentAction\",\"name\":\"Comment\",\"target\":[\"https:\\\/\\\/interamerica.org\\\/es\\\/2018\\\/07\\\/congreso-mundial-adventista-de-lideres-de-jovenes-a-iniciarse-en-alemania\\\/#respond\"]}]},{\"@type\":\"WebPage\",\"@id\":\"https:\\\/\\\/interamerica.org\\\/es\\\/2018\\\/07\\\/congreso-mundial-adventista-de-lideres-de-jovenes-a-iniciarse-en-alemania\\\/\",\"url\":\"https:\\\/\\\/interamerica.org\\\/es\\\/2018\\\/07\\\/congreso-mundial-adventista-de-lideres-de-jovenes-a-iniciarse-en-alemania\\\/\",\"name\":\"Congreso Mundial Adventista de L\u00edderes de J\u00f3venes a iniciarse en Alemania - Iglesia Adventista del S\u00e9ptimo D\u00eda - Divisi\u00f3n Interamericana\",\"isPartOf\":{\"@id\":\"https:\\\/\\\/interamerica.org\\\/es\\\/#website\"},\"primaryImageOfPage\":{\"@id\":\"https:\\\/\\\/interamerica.org\\\/es\\\/2018\\\/07\\\/congreso-mundial-adventista-de-lideres-de-jovenes-a-iniciarse-en-alemania\\\/#primaryimage\"},\"image\":{\"@id\":\"https:\\\/\\\/interamerica.org\\\/es\\\/2018\\\/07\\\/congreso-mundial-adventista-de-lideres-de-jovenes-a-iniciarse-en-alemania\\\/#primaryimage\"},\"thumbnailUrl\":\"https:\\\/\\\/interamerica.org\\\/wp-content\\\/uploads\\\/2018\\\/07\\\/adventist-world-youth-leaders-congress-to-kick-off-in-germany.jpg\",\"datePublished\":\"2018-07-29T14:34:35+00:00\",\"dateModified\":\"2018-07-30T14:56:04+00:00\",\"author\":{\"@id\":\"https:\\\/\\\/interamerica.org\\\/es\\\/#\\\/schema\\\/person\\\/29998f2bc2d8bd0d38662909289b54f1\"},\"breadcrumb\":{\"@id\":\"https:\\\/\\\/interamerica.org\\\/es\\\/2018\\\/07\\\/congreso-mundial-adventista-de-lideres-de-jovenes-a-iniciarse-en-alemania\\\/#breadcrumb\"},\"inLanguage\":\"es\",\"potentialAction\":[{\"@type\":\"ReadAction\",\"target\":[\"https:\\\/\\\/interamerica.org\\\/es\\\/2018\\\/07\\\/congreso-mundial-adventista-de-lideres-de-jovenes-a-iniciarse-en-alemania\\\/\"]}]},{\"@type\":\"ImageObject\",\"inLanguage\":\"es\",\"@id\":\"https:\\\/\\\/interamerica.org\\\/es\\\/2018\\\/07\\\/congreso-mundial-adventista-de-lideres-de-jovenes-a-iniciarse-en-alemania\\\/#primaryimage\",\"url\":\"https:\\\/\\\/interamerica.org\\\/wp-content\\\/uploads\\\/2018\\\/07\\\/adventist-world-youth-leaders-congress-to-kick-off-in-germany.jpg\",\"contentUrl\":\"https:\\\/\\\/interamerica.org\\\/wp-content\\\/uploads\\\/2018\\\/07\\\/adventist-world-youth-leaders-congress-to-kick-off-in-germany.jpg\",\"width\":1000,\"height\":500},{\"@type\":\"BreadcrumbList\",\"@id\":\"https:\\\/\\\/interamerica.org\\\/es\\\/2018\\\/07\\\/congreso-mundial-adventista-de-lideres-de-jovenes-a-iniciarse-en-alemania\\\/#breadcrumb\",\"itemListElement\":[{\"@type\":\"ListItem\",\"position\":1,\"name\":\"Home\",\"item\":\"https:\\\/\\\/interamerica.org\\\/es\\\/\"},{\"@type\":\"ListItem\",\"position\":2,\"name\":\"Congreso Mundial Adventista de L\u00edderes de J\u00f3venes a iniciarse en Alemania\"}]},{\"@type\":\"WebSite\",\"@id\":\"https:\\\/\\\/interamerica.org\\\/es\\\/#website\",\"url\":\"https:\\\/\\\/interamerica.org\\\/es\\\/\",\"name\":\"Iglesia Adventista del S\u00e9ptimo D\u00eda - Divisi\u00f3n Interamericana\",\"description\":\"\",\"potentialAction\":[{\"@type\":\"SearchAction\",\"target\":{\"@type\":\"EntryPoint\",\"urlTemplate\":\"https:\\\/\\\/interamerica.org\\\/es\\\/?s={search_term_string}\"},\"query-input\":{\"@type\":\"PropertyValueSpecification\",\"valueRequired\":true,\"valueName\":\"search_term_string\"}}],\"inLanguage\":\"es\"},{\"@type\":\"Person\",\"@id\":\"https:\\\/\\\/interamerica.org\\\/es\\\/#\\\/schema\\\/person\\\/29998f2bc2d8bd0d38662909289b54f1\",\"name\":\"libna\",\"image\":{\"@type\":\"ImageObject\",\"inLanguage\":\"es\",\"@id\":\"https:\\\/\\\/secure.gravatar.com\\\/avatar\\\/7c5bd30ae4b47a9ba3c856590957fd1d96dc588bf3ac05719d247e126840331f?s=96&d=mm&r=g\",\"url\":\"https:\\\/\\\/secure.gravatar.com\\\/avatar\\\/7c5bd30ae4b47a9ba3c856590957fd1d96dc588bf3ac05719d247e126840331f?s=96&d=mm&r=g\",\"contentUrl\":\"https:\\\/\\\/secure.gravatar.com\\\/avatar\\\/7c5bd30ae4b47a9ba3c856590957fd1d96dc588bf3ac05719d247e126840331f?s=96&d=mm&r=g\",\"caption\":\"libna\"}}]}<\/script>\n<!-- \/ Yoast SEO plugin. -->","yoast_head_json":{"title":"Congreso Mundial Adventista de L\u00edderes de J\u00f3venes a iniciarse en Alemania - Iglesia Adventista del S\u00e9ptimo D\u00eda - Divisi\u00f3n Interamericana","robots":{"index":"index","follow":"follow","max-snippet":"max-snippet:-1","max-image-preview":"max-image-preview:large","max-video-preview":"max-video-preview:-1"},"canonical":"https:\/\/interamerica.org\/es\/2018\/07\/congreso-mundial-adventista-de-lideres-de-jovenes-a-iniciarse-en-alemania\/","og_locale":"es_ES","og_type":"article","og_title":"Congreso Mundial Adventista de L\u00edderes de J\u00f3venes a iniciarse en Alemania - Iglesia Adventista del S\u00e9ptimo D\u00eda - Divisi\u00f3n Interamericana","og_description":"26 de julio de 2018 | Kassel, Alemania | Corrado Cozzi, Noticias de la Divisi\u00f3n Intereuropea y \u00a0Marcos Paseggi, Adventist Review Ha comenzado la cuenta regresiva hacia el inicio del...","og_url":"https:\/\/interamerica.org\/es\/2018\/07\/congreso-mundial-adventista-de-lideres-de-jovenes-a-iniciarse-en-alemania\/","og_site_name":"Iglesia Adventista del S\u00e9ptimo D\u00eda - Divisi\u00f3n Interamericana","article_published_time":"2018-07-29T14:34:35+00:00","article_modified_time":"2018-07-30T14:56:04+00:00","og_image":[{"width":1000,"height":500,"url":"https:\/\/interamerica.org\/wp-content\/uploads\/2018\/07\/adventist-world-youth-leaders-congress-to-kick-off-in-germany.jpg","type":"image\/jpeg"}],"author":"libna","twitter_card":"summary_large_image","twitter_misc":{"Escrito por":"libna","Tiempo de lectura":"5 minutos"},"schema":{"@context":"https:\/\/schema.org","@graph":[{"@type":"Article","@id":"https:\/\/interamerica.org\/es\/2018\/07\/congreso-mundial-adventista-de-lideres-de-jovenes-a-iniciarse-en-alemania\/#article","isPartOf":{"@id":"https:\/\/interamerica.org\/es\/2018\/07\/congreso-mundial-adventista-de-lideres-de-jovenes-a-iniciarse-en-alemania\/"},"author":{"name":"libna","@id":"https:\/\/interamerica.org\/es\/#\/schema\/person\/29998f2bc2d8bd0d38662909289b54f1"},"headline":"Congreso Mundial Adventista de L\u00edderes de J\u00f3venes a iniciarse en Alemania","datePublished":"2018-07-29T14:34:35+00:00","dateModified":"2018-07-30T14:56:04+00:00","mainEntityOfPage":{"@id":"https:\/\/interamerica.org\/es\/2018\/07\/congreso-mundial-adventista-de-lideres-de-jovenes-a-iniciarse-en-alemania\/"},"wordCount":972,"commentCount":0,"image":{"@id":"https:\/\/interamerica.org\/es\/2018\/07\/congreso-mundial-adventista-de-lideres-de-jovenes-a-iniciarse-en-alemania\/#primaryimage"},"thumbnailUrl":"https:\/\/interamerica.org\/wp-content\/uploads\/2018\/07\/adventist-world-youth-leaders-congress-to-kick-off-in-germany.jpg","articleSection":["Desde la iglesia mundial","RSS Espa\u00f1ol"],"inLanguage":"es","potentialAction":[{"@type":"CommentAction","name":"Comment","target":["https:\/\/interamerica.org\/es\/2018\/07\/congreso-mundial-adventista-de-lideres-de-jovenes-a-iniciarse-en-alemania\/#respond"]}]},{"@type":"WebPage","@id":"https:\/\/interamerica.org\/es\/2018\/07\/congreso-mundial-adventista-de-lideres-de-jovenes-a-iniciarse-en-alemania\/","url":"https:\/\/interamerica.org\/es\/2018\/07\/congreso-mundial-adventista-de-lideres-de-jovenes-a-iniciarse-en-alemania\/","name":"Congreso Mundial Adventista de L\u00edderes de J\u00f3venes a iniciarse en Alemania - Iglesia Adventista del S\u00e9ptimo D\u00eda - Divisi\u00f3n Interamericana","isPartOf":{"@id":"https:\/\/interamerica.org\/es\/#website"},"primaryImageOfPage":{"@id":"https:\/\/interamerica.org\/es\/2018\/07\/congreso-mundial-adventista-de-lideres-de-jovenes-a-iniciarse-en-alemania\/#primaryimage"},"image":{"@id":"https:\/\/interamerica.org\/es\/2018\/07\/congreso-mundial-adventista-de-lideres-de-jovenes-a-iniciarse-en-alemania\/#primaryimage"},"thumbnailUrl":"https:\/\/interamerica.org\/wp-content\/uploads\/2018\/07\/adventist-world-youth-leaders-congress-to-kick-off-in-germany.jpg","datePublished":"2018-07-29T14:34:35+00:00","dateModified":"2018-07-30T14:56:04+00:00","author":{"@id":"https:\/\/interamerica.org\/es\/#\/schema\/person\/29998f2bc2d8bd0d38662909289b54f1"},"breadcrumb":{"@id":"https:\/\/interamerica.org\/es\/2018\/07\/congreso-mundial-adventista-de-lideres-de-jovenes-a-iniciarse-en-alemania\/#breadcrumb"},"inLanguage":"es","potentialAction":[{"@type":"ReadAction","target":["https:\/\/interamerica.org\/es\/2018\/07\/congreso-mundial-adventista-de-lideres-de-jovenes-a-iniciarse-en-alemania\/"]}]},{"@type":"ImageObject","inLanguage":"es","@id":"https:\/\/interamerica.org\/es\/2018\/07\/congreso-mundial-adventista-de-lideres-de-jovenes-a-iniciarse-en-alemania\/#primaryimage","url":"https:\/\/interamerica.org\/wp-content\/uploads\/2018\/07\/adventist-world-youth-leaders-congress-to-kick-off-in-germany.jpg","contentUrl":"https:\/\/interamerica.org\/wp-content\/uploads\/2018\/07\/adventist-world-youth-leaders-congress-to-kick-off-in-germany.jpg","width":1000,"height":500},{"@type":"BreadcrumbList","@id":"https:\/\/interamerica.org\/es\/2018\/07\/congreso-mundial-adventista-de-lideres-de-jovenes-a-iniciarse-en-alemania\/#breadcrumb","itemListElement":[{"@type":"ListItem","position":1,"name":"Home","item":"https:\/\/interamerica.org\/es\/"},{"@type":"ListItem","position":2,"name":"Congreso Mundial Adventista de L\u00edderes de J\u00f3venes a iniciarse en Alemania"}]},{"@type":"WebSite","@id":"https:\/\/interamerica.org\/es\/#website","url":"https:\/\/interamerica.org\/es\/","name":"Iglesia Adventista del S\u00e9ptimo D\u00eda - Divisi\u00f3n Interamericana","description":"","potentialAction":[{"@type":"SearchAction","target":{"@type":"EntryPoint","urlTemplate":"https:\/\/interamerica.org\/es\/?s={search_term_string}"},"query-input":{"@type":"PropertyValueSpecification","valueRequired":true,"valueName":"search_term_string"}}],"inLanguage":"es"},{"@type":"Person","@id":"https:\/\/interamerica.org\/es\/#\/schema\/person\/29998f2bc2d8bd0d38662909289b54f1","name":"libna","image":{"@type":"ImageObject","inLanguage":"es","@id":"https:\/\/secure.gravatar.com\/avatar\/7c5bd30ae4b47a9ba3c856590957fd1d96dc588bf3ac05719d247e126840331f?s=96&d=mm&r=g","url":"https:\/\/secure.gravatar.com\/avatar\/7c5bd30ae4b47a9ba3c856590957fd1d96dc588bf3ac05719d247e126840331f?s=96&d=mm&r=g","contentUrl":"https:\/\/secure.gravatar.com\/avatar\/7c5bd30ae4b47a9ba3c856590957fd1d96dc588bf3ac05719d247e126840331f?s=96&d=mm&r=g","caption":"libna"}}]}},"_links":{"self":[{"href":"https:\/\/interamerica.org\/es\/wp-json\/wp\/v2\/posts\/42663","targetHints":{"allow":["GET"]}}],"collection":[{"href":"https:\/\/interamerica.org\/es\/wp-json\/wp\/v2\/posts"}],"about":[{"href":"https:\/\/interamerica.org\/es\/wp-json\/wp\/v2\/types\/post"}],"author":[{"embeddable":true,"href":"https:\/\/interamerica.org\/es\/wp-json\/wp\/v2\/users\/3"}],"replies":[{"embeddable":true,"href":"https:\/\/interamerica.org\/es\/wp-json\/wp\/v2\/comments?post=42663"}],"version-history":[{"count":0,"href":"https:\/\/interamerica.org\/es\/wp-json\/wp\/v2\/posts\/42663\/revisions"}],"wp:featuredmedia":[{"embeddable":true,"href":"https:\/\/interamerica.org\/es\/wp-json\/wp\/v2\/media\/42654"}],"wp:attachment":[{"href":"https:\/\/interamerica.org\/es\/wp-json\/wp\/v2\/media?parent=42663"}],"wp:term":[{"taxonomy":"category","embeddable":true,"href":"https:\/\/interamerica.org\/es\/wp-json\/wp\/v2\/categories?post=42663"},{"taxonomy":"post_tag","embeddable":true,"href":"https:\/\/interamerica.org\/es\/wp-json\/wp\/v2\/tags?post=42663"}],"curies":[{"name":"wp","href":"https:\/\/api.w.org\/{rel}","templated":true}]}}