{"id":42682,"date":"2018-07-30T16:24:20","date_gmt":"2018-07-30T20:24:20","guid":{"rendered":"https:\/\/recursing-golick.147-182-135-0.plesk.page\/?p=42682"},"modified":"2018-07-30T21:45:49","modified_gmt":"2018-07-31T01:45:49","slug":"ministerio-de-salud-se-expande-para-suplir-las-necesidades-de-la-comunidad-en-mexico","status":"publish","type":"post","link":"https:\/\/interamerica.org\/es\/2018\/07\/ministerio-de-salud-se-expande-para-suplir-las-necesidades-de-la-comunidad-en-mexico\/","title":{"rendered":"Ministerio de salud se expande para suplir las necesidades de la comunidad en M\u00e9xico"},"content":{"rendered":"<div id=\"attachment_42674\" style=\"width: 812px\" class=\"wp-caption aligncenter\"><img fetchpriority=\"high\" decoding=\"async\" aria-describedby=\"caption-attachment-42674\" class=\" wp-image-42674\" src=\"https:\/\/recursing-golick.147-182-135-0.plesk.page\/wp-content\/uploads\/2018\/07\/health-care-ministry-expands-to-meet-community-needs-in-mexico.jpg\" alt=\"\" width=\"802\" height=\"401\" srcset=\"https:\/\/interamerica.org\/wp-content\/uploads\/2018\/07\/health-care-ministry-expands-to-meet-community-needs-in-mexico.jpg 1000w, https:\/\/interamerica.org\/wp-content\/uploads\/2018\/07\/health-care-ministry-expands-to-meet-community-needs-in-mexico-300x150.jpg 300w, https:\/\/interamerica.org\/wp-content\/uploads\/2018\/07\/health-care-ministry-expands-to-meet-community-needs-in-mexico-768x384.jpg 768w\" sizes=\"(max-width: 802px) 100vw, 802px\" \/><p id=\"caption-attachment-42674\" class=\"wp-caption-text\">Ceremonia del corte de Cintas del nuevo Centro de Bienestar Silo\u00e9 en La Misi\u00f3n, Baja California, M\u00e9xico, en el d\u00eda de su apertura oficial. Fotograf\u00eda de Salud de la Universidad de Loma Linda<\/p><\/div>\n<p><span class=\"byline-news\">30 de julio de 2018 | Baja California, M\u00e9xico | Janelle Ringer, Noticias de Salud de la Universidad de Loma Linda<\/span><\/p>\n<p><span class=\"cap\">Una asistente m\u00e9dica de los Estados Unidos lanz\u00f3 la expansi\u00f3n de una cl\u00ednica de atenci\u00f3n comunitaria en Baja California, M\u00e9xico, en julio de 2018, incrementando las operaciones del ministerio y ofreciendo mayores opciones de atenci\u00f3n a los residentes necesitados.<\/span><\/p>\n<p>Sarah Mayer, cofundadora y directora m\u00e9dica de Ministerios Silo\u00e9, dice que el nuevo Centro de Bienestar Silo\u00e9, que comenz\u00f3 como una cl\u00ednica de dos salas bajo las escaleras de una iglesia local, ahora tiene 560 metros cuadrados y est\u00e1 dedicada a ofrecer atenci\u00f3n m\u00e9dica y odontol\u00f3gica, educaci\u00f3n para la salud, consejer\u00eda familia y programas de recreaci\u00f3n.<\/p>\n<p>Las instalaciones de la ciudad de La Misi\u00f3n ahora cuentan con ocho profesionales de salud, cuando solo contaba con tres cuando se inici\u00f3 el ministerio en 2008. El nuevo centro de bienestar fue construido en colaboraci\u00f3n con Ministerios Strong Tower, una organizaci\u00f3n sin fines de lucro dedicada a los ni\u00f1os hu\u00e9rfanos que viven en Baja California. La organizaci\u00f3n comenz\u00f3 su trabajo conjunto con los ministerios en 2015.<\/p>\n<div id=\"attachment_42676\" style=\"width: 811px\" class=\"wp-caption aligncenter\"><img decoding=\"async\" aria-describedby=\"caption-attachment-42676\" class=\" wp-image-42676\" src=\"https:\/\/recursing-golick.147-182-135-0.plesk.page\/wp-content\/uploads\/2018\/07\/llu-bajaca-clinic3.jpg\" alt=\"\" width=\"801\" height=\"447\" srcset=\"https:\/\/interamerica.org\/wp-content\/uploads\/2018\/07\/llu-bajaca-clinic3.jpg 1000w, https:\/\/interamerica.org\/wp-content\/uploads\/2018\/07\/llu-bajaca-clinic3-300x167.jpg 300w, https:\/\/interamerica.org\/wp-content\/uploads\/2018\/07\/llu-bajaca-clinic3-768x429.jpg 768w\" sizes=\"(max-width: 801px) 100vw, 801px\" \/><p id=\"caption-attachment-42676\" class=\"wp-caption-text\">Vista a\u00e9rea que muestra la extensi\u00f3n de las instalaciones del nuevo Centro de Bienestar Silo\u00e9 en La Misi\u00f3n, Baja California, M\u00e9xico. Fotograf\u00eda de Noticias de Salud de la Universidad de Loma Linda<\/p><\/div>\n<p>\u201cCreamos esta cl\u00ednica porque quer\u00edamos ofrecer atenci\u00f3n a toda la persona, y ahora podemos ayudar a inclusive m\u00e1s personas de esta comunidad\u201d, dijo Mayer.<\/p>\n<p>El crecimiento incluye un m\u00e9dico de tiempo completo, un odont\u00f3logo adicional y un asistente dental, un nutricionista y una enfermera educadora. El nuevo espacio tendr\u00e1 la capacidad de brindar clases de cocina y seminarios de nutrici\u00f3n. Las adiciones tambi\u00e9n incluyen una sala de oraci\u00f3n y de consejer\u00eda, as\u00ed como un parque y zona de recreaci\u00f3n al aire libre.<\/p>\n<p>Una variedad de profesionales y especialistas visitantes pasa de varias horas a varias semanas dando de su tiempo como voluntarios, y m\u00e1s de cuarenta personas han colaborado durante los \u00faltimos dos a\u00f1os, dijo Mayer.<\/p>\n<p>\u201cCuando imaginamos la visi\u00f3n del centro de bienestar, siempre quisimos que fuera m\u00e1s que una cl\u00ednica\u201d, dijo Mayer. Despu\u00e9s de pasar m\u00e1s de ocho a\u00f1os en el sitio original, Mayer se arraig\u00f3 profundamente en la comunidad, tomando conocimiento de las cuestiones espec\u00edficas de salud que exist\u00edan.<\/p>\n<p>Mayer comenz\u00f3 Silo\u00e9 Ministries con su esposo en 2008. Nombr\u00f3 el ministerio Silo\u00e9 porque es el nombre del Estanque de Silo\u00e9 que se menciona en la Biblia (Juan 9), el lugar adonde Jes\u00fas envi\u00f3 a un ciego para se lavara los ojos y recuperara la vista.<\/p>\n<p>Despu\u00e9s de graduarse como asistente m\u00e9dica de la Escuela de Profesiones Asociadas a la Salud de la Universidad de Loma Linda en 2005, Mayer acept\u00f3 un trabajo en el sur de California. Desde el comienzo de su carrera, sinti\u00f3 pasi\u00f3n por ayudar a las comunidades hispanas desatendidas.<\/p>\n<div id=\"attachment_42673\" style=\"width: 810px\" class=\"wp-caption aligncenter\"><img decoding=\"async\" aria-describedby=\"caption-attachment-42673\" class=\" wp-image-42673\" src=\"https:\/\/recursing-golick.147-182-135-0.plesk.page\/wp-content\/uploads\/2018\/07\/llu-baja-ca-clinic.jpg\" alt=\"\" width=\"800\" height=\"533\" srcset=\"https:\/\/interamerica.org\/wp-content\/uploads\/2018\/07\/llu-baja-ca-clinic.jpg 1000w, https:\/\/interamerica.org\/wp-content\/uploads\/2018\/07\/llu-baja-ca-clinic-300x200.jpg 300w, https:\/\/interamerica.org\/wp-content\/uploads\/2018\/07\/llu-baja-ca-clinic-768x511.jpg 768w\" sizes=\"(max-width: 800px) 100vw, 800px\" \/><p id=\"caption-attachment-42673\" class=\"wp-caption-text\">M\u00e1s de 450 personas asistieron a la ceremonia de corte de cintas del nuevo Centro de Bienestar Silo\u00e9 en La Misi\u00f3n, Baja California, M\u00e9xico. Fotograf\u00eda de Noticias de Salud de la Universidad de Loma Linda<\/p><\/div>\n<p>Impulsados por esa pasi\u00f3n, Mayer y su esposo se trasladaron a La Misi\u00f3n para lo que esperaban ser\u00eda un compromiso de seis meses como voluntarios en un orfanato. Pero a medida que la pareja se involucr\u00f3 m\u00e1s con la comunidad local, se dieron cuenta de las inmensas necesidades de una mejor atenci\u00f3n m\u00e9dica. Muchos de la comunidad ten\u00edan acceso limitado a la atenci\u00f3n m\u00e9dica antes de que comenzara el ministerio. El compromiso de los Mayer ahora ya ha superado una d\u00e9cada.<\/p>\n<p>El ministerio emergente atrajo no solo a pacientes sino tambi\u00e9n a voluntarios. \u201cVoluntarios m\u00e9dicos y odontol\u00f3gicos de los Estados Unidos y M\u00e9xico lo notaron y comenzaron a apoyar el ministerio con materiales, suministro de diversos art\u00edculos y dando de su tiempo como voluntarios\u201d, dijo Mayer.<\/p>\n<p>Mayer dice que su educaci\u00f3n y experiencia cl\u00ednica en LLU, una instituci\u00f3n adventista en Loma Linda, California, Estados Unidos, le ayud\u00f3 a estar equipada para practicar su profesi\u00f3n en una diversidad de situaciones. Su trasfondo como estudiante y empleada le dio experiencia con la poblaci\u00f3n de habla hispana, prepar\u00e1ndola para muchas de las diferencias culturales entre M\u00e9xico y los Estados Unidos.<\/p>\n<p>A pesar de esas diferencias, Mayer hall\u00f3 que las preocupaciones relacionadas con la salud que existen en la comunidad de La Misi\u00f3n son similares a las de la poblaci\u00f3n hispana en los Estados Unidos, lo que incluye afecciones como la diabetes, la obesidad, la hipertensi\u00f3n, la nutrici\u00f3n deficiente, la atenci\u00f3n odontol\u00f3gica inadecuada, y la falta de educaci\u00f3n para la salud.<\/p>\n<p>\u201cEspero que el centro de bienestar funcione para brindar atenci\u00f3n m\u00e9dica y odontol\u00f3gica a los necesitados, incrementando la conciencia y la educaci\u00f3n de la manera en que las elecciones relacionadas con el estilo de vida afectan la salud, y brindando consejer\u00eda espiritual y oraciones por los individuos y sus familias\u201d, expres\u00f3.<\/p>\n<p>Traducci\u00f3n de Marcos Paseggi<\/p>\n","protected":false},"excerpt":{"rendered":"<p>30 de julio de 2018 | Baja California, M\u00e9xico | Janelle Ringer, Noticias de Salud de la Universidad de Loma Linda Una asistente m\u00e9dica de los Estados Unidos lanz\u00f3 la&#8230;<\/p>\n","protected":false},"author":3,"featured_media":42677,"comment_status":"open","ping_status":"closed","sticky":false,"template":"","format":"standard","meta":{"_acf_changed":false,"footnotes":""},"categories":[14,15],"tags":[],"class_list":["post-42682","post","type-post","status-publish","format-standard","has-post-thumbnail","hentry","category-de-la-iglesia-mundial","category-rss-espanol"],"acf":[],"yoast_head":"<!-- This site is optimized with the Yoast SEO plugin v27.3 - https:\/\/yoast.com\/product\/yoast-seo-wordpress\/ -->\n<title>Ministerio de salud se expande para suplir las necesidades de la comunidad en M\u00e9xico - Iglesia Adventista del S\u00e9ptimo D\u00eda - Divisi\u00f3n Interamericana<\/title>\n<meta name=\"robots\" content=\"index, follow, max-snippet:-1, max-image-preview:large, max-video-preview:-1\" \/>\n<link rel=\"canonical\" href=\"https:\/\/interamerica.org\/es\/2018\/07\/ministerio-de-salud-se-expande-para-suplir-las-necesidades-de-la-comunidad-en-mexico\/\" \/>\n<meta property=\"og:locale\" content=\"es_ES\" \/>\n<meta property=\"og:type\" content=\"article\" \/>\n<meta property=\"og:title\" content=\"Ministerio de salud se expande para suplir las necesidades de la comunidad en M\u00e9xico - Iglesia Adventista del S\u00e9ptimo D\u00eda - Divisi\u00f3n Interamericana\" \/>\n<meta property=\"og:description\" content=\"30 de julio de 2018 | Baja California, M\u00e9xico | Janelle Ringer, Noticias de Salud de la Universidad de Loma Linda Una asistente m\u00e9dica de los Estados Unidos lanz\u00f3 la...\" \/>\n<meta property=\"og:url\" content=\"https:\/\/interamerica.org\/es\/2018\/07\/ministerio-de-salud-se-expande-para-suplir-las-necesidades-de-la-comunidad-en-mexico\/\" \/>\n<meta property=\"og:site_name\" content=\"Iglesia Adventista del S\u00e9ptimo D\u00eda - Divisi\u00f3n Interamericana\" \/>\n<meta property=\"article:published_time\" content=\"2018-07-30T20:24:20+00:00\" \/>\n<meta property=\"article:modified_time\" content=\"2018-07-31T01:45:49+00:00\" \/>\n<meta property=\"og:image\" content=\"https:\/\/interamerica.org\/wp-content\/uploads\/2018\/07\/health-care-ministry-expands-to-meet-community-needs-in-mexico1280.jpg\" \/>\n\t<meta property=\"og:image:width\" content=\"1280\" \/>\n\t<meta property=\"og:image:height\" content=\"800\" \/>\n\t<meta property=\"og:image:type\" content=\"image\/jpeg\" \/>\n<meta name=\"author\" content=\"libna\" \/>\n<meta name=\"twitter:card\" content=\"summary_large_image\" \/>\n<meta name=\"twitter:label1\" content=\"Escrito por\" \/>\n\t<meta name=\"twitter:data1\" content=\"libna\" \/>\n\t<meta name=\"twitter:label2\" content=\"Tiempo de lectura\" \/>\n\t<meta name=\"twitter:data2\" content=\"5 minutos\" \/>\n<script type=\"application\/ld+json\" class=\"yoast-schema-graph\">{\"@context\":\"https:\\\/\\\/schema.org\",\"@graph\":[{\"@type\":\"Article\",\"@id\":\"https:\\\/\\\/interamerica.org\\\/es\\\/2018\\\/07\\\/ministerio-de-salud-se-expande-para-suplir-las-necesidades-de-la-comunidad-en-mexico\\\/#article\",\"isPartOf\":{\"@id\":\"https:\\\/\\\/interamerica.org\\\/es\\\/2018\\\/07\\\/ministerio-de-salud-se-expande-para-suplir-las-necesidades-de-la-comunidad-en-mexico\\\/\"},\"author\":{\"name\":\"libna\",\"@id\":\"https:\\\/\\\/interamerica.org\\\/es\\\/#\\\/schema\\\/person\\\/29998f2bc2d8bd0d38662909289b54f1\"},\"headline\":\"Ministerio de salud se expande para suplir las necesidades de la comunidad en M\u00e9xico\",\"datePublished\":\"2018-07-30T20:24:20+00:00\",\"dateModified\":\"2018-07-31T01:45:49+00:00\",\"mainEntityOfPage\":{\"@id\":\"https:\\\/\\\/interamerica.org\\\/es\\\/2018\\\/07\\\/ministerio-de-salud-se-expande-para-suplir-las-necesidades-de-la-comunidad-en-mexico\\\/\"},\"wordCount\":958,\"commentCount\":0,\"image\":{\"@id\":\"https:\\\/\\\/interamerica.org\\\/es\\\/2018\\\/07\\\/ministerio-de-salud-se-expande-para-suplir-las-necesidades-de-la-comunidad-en-mexico\\\/#primaryimage\"},\"thumbnailUrl\":\"https:\\\/\\\/interamerica.org\\\/wp-content\\\/uploads\\\/2018\\\/07\\\/health-care-ministry-expands-to-meet-community-needs-in-mexico1280.jpg\",\"articleSection\":[\"Desde la iglesia mundial\",\"RSS Espa\u00f1ol\"],\"inLanguage\":\"es\",\"potentialAction\":[{\"@type\":\"CommentAction\",\"name\":\"Comment\",\"target\":[\"https:\\\/\\\/interamerica.org\\\/es\\\/2018\\\/07\\\/ministerio-de-salud-se-expande-para-suplir-las-necesidades-de-la-comunidad-en-mexico\\\/#respond\"]}]},{\"@type\":\"WebPage\",\"@id\":\"https:\\\/\\\/interamerica.org\\\/es\\\/2018\\\/07\\\/ministerio-de-salud-se-expande-para-suplir-las-necesidades-de-la-comunidad-en-mexico\\\/\",\"url\":\"https:\\\/\\\/interamerica.org\\\/es\\\/2018\\\/07\\\/ministerio-de-salud-se-expande-para-suplir-las-necesidades-de-la-comunidad-en-mexico\\\/\",\"name\":\"Ministerio de salud se expande para suplir las necesidades de la comunidad en M\u00e9xico - Iglesia Adventista del S\u00e9ptimo D\u00eda - Divisi\u00f3n Interamericana\",\"isPartOf\":{\"@id\":\"https:\\\/\\\/interamerica.org\\\/es\\\/#website\"},\"primaryImageOfPage\":{\"@id\":\"https:\\\/\\\/interamerica.org\\\/es\\\/2018\\\/07\\\/ministerio-de-salud-se-expande-para-suplir-las-necesidades-de-la-comunidad-en-mexico\\\/#primaryimage\"},\"image\":{\"@id\":\"https:\\\/\\\/interamerica.org\\\/es\\\/2018\\\/07\\\/ministerio-de-salud-se-expande-para-suplir-las-necesidades-de-la-comunidad-en-mexico\\\/#primaryimage\"},\"thumbnailUrl\":\"https:\\\/\\\/interamerica.org\\\/wp-content\\\/uploads\\\/2018\\\/07\\\/health-care-ministry-expands-to-meet-community-needs-in-mexico1280.jpg\",\"datePublished\":\"2018-07-30T20:24:20+00:00\",\"dateModified\":\"2018-07-31T01:45:49+00:00\",\"author\":{\"@id\":\"https:\\\/\\\/interamerica.org\\\/es\\\/#\\\/schema\\\/person\\\/29998f2bc2d8bd0d38662909289b54f1\"},\"breadcrumb\":{\"@id\":\"https:\\\/\\\/interamerica.org\\\/es\\\/2018\\\/07\\\/ministerio-de-salud-se-expande-para-suplir-las-necesidades-de-la-comunidad-en-mexico\\\/#breadcrumb\"},\"inLanguage\":\"es\",\"potentialAction\":[{\"@type\":\"ReadAction\",\"target\":[\"https:\\\/\\\/interamerica.org\\\/es\\\/2018\\\/07\\\/ministerio-de-salud-se-expande-para-suplir-las-necesidades-de-la-comunidad-en-mexico\\\/\"]}]},{\"@type\":\"ImageObject\",\"inLanguage\":\"es\",\"@id\":\"https:\\\/\\\/interamerica.org\\\/es\\\/2018\\\/07\\\/ministerio-de-salud-se-expande-para-suplir-las-necesidades-de-la-comunidad-en-mexico\\\/#primaryimage\",\"url\":\"https:\\\/\\\/interamerica.org\\\/wp-content\\\/uploads\\\/2018\\\/07\\\/health-care-ministry-expands-to-meet-community-needs-in-mexico1280.jpg\",\"contentUrl\":\"https:\\\/\\\/interamerica.org\\\/wp-content\\\/uploads\\\/2018\\\/07\\\/health-care-ministry-expands-to-meet-community-needs-in-mexico1280.jpg\",\"width\":1280,\"height\":800},{\"@type\":\"BreadcrumbList\",\"@id\":\"https:\\\/\\\/interamerica.org\\\/es\\\/2018\\\/07\\\/ministerio-de-salud-se-expande-para-suplir-las-necesidades-de-la-comunidad-en-mexico\\\/#breadcrumb\",\"itemListElement\":[{\"@type\":\"ListItem\",\"position\":1,\"name\":\"Home\",\"item\":\"https:\\\/\\\/interamerica.org\\\/es\\\/\"},{\"@type\":\"ListItem\",\"position\":2,\"name\":\"Ministerio de salud se expande para suplir las necesidades de la comunidad en M\u00e9xico\"}]},{\"@type\":\"WebSite\",\"@id\":\"https:\\\/\\\/interamerica.org\\\/es\\\/#website\",\"url\":\"https:\\\/\\\/interamerica.org\\\/es\\\/\",\"name\":\"Iglesia Adventista del S\u00e9ptimo D\u00eda - Divisi\u00f3n Interamericana\",\"description\":\"\",\"potentialAction\":[{\"@type\":\"SearchAction\",\"target\":{\"@type\":\"EntryPoint\",\"urlTemplate\":\"https:\\\/\\\/interamerica.org\\\/es\\\/?s={search_term_string}\"},\"query-input\":{\"@type\":\"PropertyValueSpecification\",\"valueRequired\":true,\"valueName\":\"search_term_string\"}}],\"inLanguage\":\"es\"},{\"@type\":\"Person\",\"@id\":\"https:\\\/\\\/interamerica.org\\\/es\\\/#\\\/schema\\\/person\\\/29998f2bc2d8bd0d38662909289b54f1\",\"name\":\"libna\",\"image\":{\"@type\":\"ImageObject\",\"inLanguage\":\"es\",\"@id\":\"https:\\\/\\\/secure.gravatar.com\\\/avatar\\\/7c5bd30ae4b47a9ba3c856590957fd1d96dc588bf3ac05719d247e126840331f?s=96&d=mm&r=g\",\"url\":\"https:\\\/\\\/secure.gravatar.com\\\/avatar\\\/7c5bd30ae4b47a9ba3c856590957fd1d96dc588bf3ac05719d247e126840331f?s=96&d=mm&r=g\",\"contentUrl\":\"https:\\\/\\\/secure.gravatar.com\\\/avatar\\\/7c5bd30ae4b47a9ba3c856590957fd1d96dc588bf3ac05719d247e126840331f?s=96&d=mm&r=g\",\"caption\":\"libna\"}}]}<\/script>\n<!-- \/ Yoast SEO plugin. -->","yoast_head_json":{"title":"Ministerio de salud se expande para suplir las necesidades de la comunidad en M\u00e9xico - Iglesia Adventista del S\u00e9ptimo D\u00eda - Divisi\u00f3n Interamericana","robots":{"index":"index","follow":"follow","max-snippet":"max-snippet:-1","max-image-preview":"max-image-preview:large","max-video-preview":"max-video-preview:-1"},"canonical":"https:\/\/interamerica.org\/es\/2018\/07\/ministerio-de-salud-se-expande-para-suplir-las-necesidades-de-la-comunidad-en-mexico\/","og_locale":"es_ES","og_type":"article","og_title":"Ministerio de salud se expande para suplir las necesidades de la comunidad en M\u00e9xico - Iglesia Adventista del S\u00e9ptimo D\u00eda - Divisi\u00f3n Interamericana","og_description":"30 de julio de 2018 | Baja California, M\u00e9xico | Janelle Ringer, Noticias de Salud de la Universidad de Loma Linda Una asistente m\u00e9dica de los Estados Unidos lanz\u00f3 la...","og_url":"https:\/\/interamerica.org\/es\/2018\/07\/ministerio-de-salud-se-expande-para-suplir-las-necesidades-de-la-comunidad-en-mexico\/","og_site_name":"Iglesia Adventista del S\u00e9ptimo D\u00eda - Divisi\u00f3n Interamericana","article_published_time":"2018-07-30T20:24:20+00:00","article_modified_time":"2018-07-31T01:45:49+00:00","og_image":[{"width":1280,"height":800,"url":"https:\/\/interamerica.org\/wp-content\/uploads\/2018\/07\/health-care-ministry-expands-to-meet-community-needs-in-mexico1280.jpg","type":"image\/jpeg"}],"author":"libna","twitter_card":"summary_large_image","twitter_misc":{"Escrito por":"libna","Tiempo de lectura":"5 minutos"},"schema":{"@context":"https:\/\/schema.org","@graph":[{"@type":"Article","@id":"https:\/\/interamerica.org\/es\/2018\/07\/ministerio-de-salud-se-expande-para-suplir-las-necesidades-de-la-comunidad-en-mexico\/#article","isPartOf":{"@id":"https:\/\/interamerica.org\/es\/2018\/07\/ministerio-de-salud-se-expande-para-suplir-las-necesidades-de-la-comunidad-en-mexico\/"},"author":{"name":"libna","@id":"https:\/\/interamerica.org\/es\/#\/schema\/person\/29998f2bc2d8bd0d38662909289b54f1"},"headline":"Ministerio de salud se expande para suplir las necesidades de la comunidad en M\u00e9xico","datePublished":"2018-07-30T20:24:20+00:00","dateModified":"2018-07-31T01:45:49+00:00","mainEntityOfPage":{"@id":"https:\/\/interamerica.org\/es\/2018\/07\/ministerio-de-salud-se-expande-para-suplir-las-necesidades-de-la-comunidad-en-mexico\/"},"wordCount":958,"commentCount":0,"image":{"@id":"https:\/\/interamerica.org\/es\/2018\/07\/ministerio-de-salud-se-expande-para-suplir-las-necesidades-de-la-comunidad-en-mexico\/#primaryimage"},"thumbnailUrl":"https:\/\/interamerica.org\/wp-content\/uploads\/2018\/07\/health-care-ministry-expands-to-meet-community-needs-in-mexico1280.jpg","articleSection":["Desde la iglesia mundial","RSS Espa\u00f1ol"],"inLanguage":"es","potentialAction":[{"@type":"CommentAction","name":"Comment","target":["https:\/\/interamerica.org\/es\/2018\/07\/ministerio-de-salud-se-expande-para-suplir-las-necesidades-de-la-comunidad-en-mexico\/#respond"]}]},{"@type":"WebPage","@id":"https:\/\/interamerica.org\/es\/2018\/07\/ministerio-de-salud-se-expande-para-suplir-las-necesidades-de-la-comunidad-en-mexico\/","url":"https:\/\/interamerica.org\/es\/2018\/07\/ministerio-de-salud-se-expande-para-suplir-las-necesidades-de-la-comunidad-en-mexico\/","name":"Ministerio de salud se expande para suplir las necesidades de la comunidad en M\u00e9xico - Iglesia Adventista del S\u00e9ptimo D\u00eda - Divisi\u00f3n Interamericana","isPartOf":{"@id":"https:\/\/interamerica.org\/es\/#website"},"primaryImageOfPage":{"@id":"https:\/\/interamerica.org\/es\/2018\/07\/ministerio-de-salud-se-expande-para-suplir-las-necesidades-de-la-comunidad-en-mexico\/#primaryimage"},"image":{"@id":"https:\/\/interamerica.org\/es\/2018\/07\/ministerio-de-salud-se-expande-para-suplir-las-necesidades-de-la-comunidad-en-mexico\/#primaryimage"},"thumbnailUrl":"https:\/\/interamerica.org\/wp-content\/uploads\/2018\/07\/health-care-ministry-expands-to-meet-community-needs-in-mexico1280.jpg","datePublished":"2018-07-30T20:24:20+00:00","dateModified":"2018-07-31T01:45:49+00:00","author":{"@id":"https:\/\/interamerica.org\/es\/#\/schema\/person\/29998f2bc2d8bd0d38662909289b54f1"},"breadcrumb":{"@id":"https:\/\/interamerica.org\/es\/2018\/07\/ministerio-de-salud-se-expande-para-suplir-las-necesidades-de-la-comunidad-en-mexico\/#breadcrumb"},"inLanguage":"es","potentialAction":[{"@type":"ReadAction","target":["https:\/\/interamerica.org\/es\/2018\/07\/ministerio-de-salud-se-expande-para-suplir-las-necesidades-de-la-comunidad-en-mexico\/"]}]},{"@type":"ImageObject","inLanguage":"es","@id":"https:\/\/interamerica.org\/es\/2018\/07\/ministerio-de-salud-se-expande-para-suplir-las-necesidades-de-la-comunidad-en-mexico\/#primaryimage","url":"https:\/\/interamerica.org\/wp-content\/uploads\/2018\/07\/health-care-ministry-expands-to-meet-community-needs-in-mexico1280.jpg","contentUrl":"https:\/\/interamerica.org\/wp-content\/uploads\/2018\/07\/health-care-ministry-expands-to-meet-community-needs-in-mexico1280.jpg","width":1280,"height":800},{"@type":"BreadcrumbList","@id":"https:\/\/interamerica.org\/es\/2018\/07\/ministerio-de-salud-se-expande-para-suplir-las-necesidades-de-la-comunidad-en-mexico\/#breadcrumb","itemListElement":[{"@type":"ListItem","position":1,"name":"Home","item":"https:\/\/interamerica.org\/es\/"},{"@type":"ListItem","position":2,"name":"Ministerio de salud se expande para suplir las necesidades de la comunidad en M\u00e9xico"}]},{"@type":"WebSite","@id":"https:\/\/interamerica.org\/es\/#website","url":"https:\/\/interamerica.org\/es\/","name":"Iglesia Adventista del S\u00e9ptimo D\u00eda - Divisi\u00f3n Interamericana","description":"","potentialAction":[{"@type":"SearchAction","target":{"@type":"EntryPoint","urlTemplate":"https:\/\/interamerica.org\/es\/?s={search_term_string}"},"query-input":{"@type":"PropertyValueSpecification","valueRequired":true,"valueName":"search_term_string"}}],"inLanguage":"es"},{"@type":"Person","@id":"https:\/\/interamerica.org\/es\/#\/schema\/person\/29998f2bc2d8bd0d38662909289b54f1","name":"libna","image":{"@type":"ImageObject","inLanguage":"es","@id":"https:\/\/secure.gravatar.com\/avatar\/7c5bd30ae4b47a9ba3c856590957fd1d96dc588bf3ac05719d247e126840331f?s=96&d=mm&r=g","url":"https:\/\/secure.gravatar.com\/avatar\/7c5bd30ae4b47a9ba3c856590957fd1d96dc588bf3ac05719d247e126840331f?s=96&d=mm&r=g","contentUrl":"https:\/\/secure.gravatar.com\/avatar\/7c5bd30ae4b47a9ba3c856590957fd1d96dc588bf3ac05719d247e126840331f?s=96&d=mm&r=g","caption":"libna"}}]}},"_links":{"self":[{"href":"https:\/\/interamerica.org\/es\/wp-json\/wp\/v2\/posts\/42682","targetHints":{"allow":["GET"]}}],"collection":[{"href":"https:\/\/interamerica.org\/es\/wp-json\/wp\/v2\/posts"}],"about":[{"href":"https:\/\/interamerica.org\/es\/wp-json\/wp\/v2\/types\/post"}],"author":[{"embeddable":true,"href":"https:\/\/interamerica.org\/es\/wp-json\/wp\/v2\/users\/3"}],"replies":[{"embeddable":true,"href":"https:\/\/interamerica.org\/es\/wp-json\/wp\/v2\/comments?post=42682"}],"version-history":[{"count":0,"href":"https:\/\/interamerica.org\/es\/wp-json\/wp\/v2\/posts\/42682\/revisions"}],"wp:featuredmedia":[{"embeddable":true,"href":"https:\/\/interamerica.org\/es\/wp-json\/wp\/v2\/media\/42677"}],"wp:attachment":[{"href":"https:\/\/interamerica.org\/es\/wp-json\/wp\/v2\/media?parent=42682"}],"wp:term":[{"taxonomy":"category","embeddable":true,"href":"https:\/\/interamerica.org\/es\/wp-json\/wp\/v2\/categories?post=42682"},{"taxonomy":"post_tag","embeddable":true,"href":"https:\/\/interamerica.org\/es\/wp-json\/wp\/v2\/tags?post=42682"}],"curies":[{"name":"wp","href":"https:\/\/api.w.org\/{rel}","templated":true}]}}