{"id":42990,"date":"2018-08-03T15:41:52","date_gmt":"2018-08-03T19:41:52","guid":{"rendered":"https:\/\/recursing-golick.147-182-135-0.plesk.page\/?p=42990"},"modified":"2018-08-05T14:01:50","modified_gmt":"2018-08-05T18:01:50","slug":"la-coca-cola-y-los-conquistadores","status":"publish","type":"post","link":"https:\/\/interamerica.org\/es\/2018\/08\/la-coca-cola-y-los-conquistadores\/","title":{"rendered":"La Coca Cola\u00ae y los Conquistadores"},"content":{"rendered":"<div id=\"attachment_42964\" style=\"width: 824px\" class=\"wp-caption aligncenter\"><img fetchpriority=\"high\" decoding=\"async\" aria-describedby=\"caption-attachment-42964\" class=\" wp-image-42962\" src=\"https:\/\/recursing-golick.147-182-135-0.plesk.page\/wp-content\/uploads\/2018\/08\/coca-cola-and-pathfinders.jpg\" alt=\"\" width=\"814\" height=\"407\" srcset=\"https:\/\/interamerica.org\/wp-content\/uploads\/2018\/08\/coca-cola-and-pathfinders.jpg 1000w, https:\/\/interamerica.org\/wp-content\/uploads\/2018\/08\/coca-cola-and-pathfinders-300x150.jpg 300w, https:\/\/interamerica.org\/wp-content\/uploads\/2018\/08\/coca-cola-and-pathfinders-768x384.jpg 768w\" sizes=\"(max-width: 814px) 100vw, 814px\" \/><p id=\"caption-attachment-42964\" class=\"wp-caption-text\">Participantes oran juntos en el Congreso Global de L\u00edderes J\u00f3venes. Fotograf\u00eda de John Douane<\/p><\/div>\n<p><span class=\"byline-news\">2 de agosto de 2018 | Alemania | Costin Jordache, Director de Comunicaci\u00f3n y Editor de Noticias, <em>Adventist Review<\/em><\/span><\/p>\n<p><span class=\"cap\">El Congreso Global de L\u00edderes J\u00f3venes 2018 continu\u00f3 en Kassel, Alemania, con un importante despliegue de programaci\u00f3n que busca dar a los l\u00edderes de j\u00f3venes conceptos y recursos para un liderazgo m\u00e1s efectivo.<\/span><\/p>\n<p><strong>El ejemplo del \u00e1rbol<\/strong><\/p>\n<p>El segundo d\u00eda del evento comenz\u00f3 con un mensaje destacado de Baraka Muganda, exdirector de j\u00f3venes de la iglesia mundial, quien anim\u00f3 a los l\u00edderes de j\u00f3venes a que tengas ra\u00edces profundas. Sobre la base del Salmo 1, que pinta la imagen de un \u00e1rbol floreciente plantado cerca del agua, Muganda explic\u00f3 que los \u00e1rboles bien regados tienen ra\u00edces profundas, y que \u201ccuando un \u00e1rbol tiene ra\u00edces profundas, no puede ser removido\u201d.<\/p>\n<p>Muganda tambi\u00e9n explic\u00f3 que el \u00e1rbol plantado junto al agua es fuerte porque est\u00e1 cerca de la fuente. \u201cTu fuente no es tu novia, tu fuente no es tus ingresos, tu fuente no es tu c\u00f3nyuge, ni tampoco tu cargo\u201d, dijo el en\u00e9rgico Muganda. \u201c\u00a1Tu fuente es Dios!\u201d<\/p>\n<p>El exl\u00edder de j\u00f3venes desarroll\u00f3 su tema al indicar que \u201cno alcanza con estar arraigado. Un \u00e1rbol profundamente arraigado tiene que dar fruto\u201d. Escogiendo una met\u00e1fora memorable, Muganda enfatiz\u00f3 la necesidad de proliferaci\u00f3n. \u201cVeo tantos j\u00f3venes que solo est\u00e1n comiendo, comiendo, comiendo, y entonces se tornan espiritualmente constipados\u201d, expres\u00f3. \u201c\u00a1Tienen que salir de donde est\u00e1n para compartir las buenas nuevas!\u201d<\/p>\n<div id=\"attachment_42970\" style=\"width: 810px\" class=\"wp-caption aligncenter\"><img decoding=\"async\" aria-describedby=\"caption-attachment-42970\" class=\" wp-image-42968\" src=\"https:\/\/recursing-golick.147-182-135-0.plesk.page\/wp-content\/uploads\/2018\/08\/asscherik-pass-it-on.jpg\" alt=\"\" width=\"800\" height=\"533\" srcset=\"https:\/\/interamerica.org\/wp-content\/uploads\/2018\/08\/asscherik-pass-it-on.jpg 1000w, https:\/\/interamerica.org\/wp-content\/uploads\/2018\/08\/asscherik-pass-it-on-300x200.jpg 300w, https:\/\/interamerica.org\/wp-content\/uploads\/2018\/08\/asscherik-pass-it-on-768x511.jpg 768w\" sizes=\"(max-width: 800px) 100vw, 800px\" \/><p id=\"caption-attachment-42970\" class=\"wp-caption-text\">David Asscherick contin\u00faa su serie de cuatro partes, durante el Congreso Global de L\u00edderes de J\u00f3venes. Fotograf\u00eda: Luis S\u00e1nchez<\/p><\/div>\n<p>De manera similar, Muganda celebr\u00f3 la obra que est\u00e1n haciendo los j\u00f3venes en el mundo. \u201cLos ministerios j\u00f3venes est\u00e1n dando fruto\u201d dijo. \u201cHe visitado casi todos los pa\u00edses. A todo lugar donde voy encuentro dos cosas en com\u00fan: \u00a1La Coca Cola y los Conquistadores!\u201d Comparti\u00f3 entonces varias historias relacionadas con los Conquistadores, incluida una en la cual el alcalde de una ciudad de Uganda en cierta ocasi\u00f3n le dijo: \u201cSer Gu\u00eda Maestro me dio todas las habilidades que necesitaba para llegar a ser un l\u00edder efectivo\u201d.<\/p>\n<p>Despu\u00e9s de Muganda, Stephan Sigg, presidente de la Uni\u00f3n Asociaci\u00f3n Suiza y exl\u00edder de j\u00f3venes de la Divisi\u00f3n Intereuropea, comparti\u00f3 un mensaje que comenz\u00f3 con una confesi\u00f3n: A \u00e9l le encantan tanto las cerezas, que las come vorazmente, lo que incluye el hueso o semilla.<\/p>\n<p>Sigg us\u00f3 esa ilustraci\u00f3n para enfatizar que es el fruto del cerezo lo que lo atrae al \u00e1rbol en primer lugar. En efecto, sostuvo Sigg, \u201cel fruto <em>es<\/em> la misi\u00f3n del \u00e1rbol\u201d. Sigg anim\u00f3 a los l\u00edderes de j\u00f3venes a que compartan con los adolescentes y adultos que \u201cel proceso de santificaci\u00f3n en la Biblia es org\u00e1nico, que describe el crecimiento del fruto\u201d. Sigg se\u00f1al\u00f3 que \u201cel objetivo de nuestros ministerios es hacer crecer el fruto del Esp\u00edritu\u201d. Apoy\u00e1ndose en la met\u00e1fora b\u00edblica que se encuentra en G\u00e1latas el cap\u00edtulo 5, Sigg se enfoc\u00f3 en un fruto clave: el amor.<\/p>\n<p>Sigg no dud\u00f3 en crear el convincente argumento de que \u201cel amor no es una nota al pie sino el resumen de la Palabra de Dios\u201d. Enfatiz\u00f3 que el amor no es tan solo un atributo de Dios sino por el contrario, sobre la base de las Escrituras, es la esencia misma de Dios. Sigg se\u00f1al\u00f3 que el amor no es tampoco un accesorio cristiano sino el objetivo mismo de la santificaci\u00f3n. Termin\u00f3 diciendo que \u201cel amor no es un relato para la hora de dormir, sino un mensaje para la hora del fin\u201d, citando para ello <a class=\"rtBibleRef\" href=\"https:\/\/biblia.com\/bible\/nkjv\/1%20Pet%204.7-11\" target=\"_blank\" rel=\"noopener\" data-reference=\"1 Pet 4.7-11\" data-version=\"nkjv\" data-purpose=\"bible-reference\">1 Pedro 4:7-11<\/a>.<\/p>\n<div id=\"attachment_42967\" style=\"width: 813px\" class=\"wp-caption aligncenter\"><img decoding=\"async\" aria-describedby=\"caption-attachment-42967\" class=\" wp-image-42965\" src=\"https:\/\/recursing-golick.147-182-135-0.plesk.page\/wp-content\/uploads\/2018\/08\/bible-youth.jpg\" alt=\"\" width=\"803\" height=\"535\" srcset=\"https:\/\/interamerica.org\/wp-content\/uploads\/2018\/08\/bible-youth.jpg 1000w, https:\/\/interamerica.org\/wp-content\/uploads\/2018\/08\/bible-youth-300x200.jpg 300w, https:\/\/interamerica.org\/wp-content\/uploads\/2018\/08\/bible-youth-768x511.jpg 768w\" sizes=\"(max-width: 803px) 100vw, 803px\" \/><p id=\"caption-attachment-42967\" class=\"wp-caption-text\">La nueva Biblia Adventista Joven publicada por Safeliz. Fotograf\u00eda: Luis S\u00e1nchez<\/p><\/div>\n<p>Sigg concluy\u00f3 preguntando: \u201c\u00bfEstamos como iglesia solo ejecutando un programa, o somos una comunidad viviente de creyentes que se anima en Cristo y se consuela en amor?<\/p>\n<p><strong>Herramientas tangibles<\/strong><\/p>\n<p>Adem\u00e1s de las decenas de seminarios simult\u00e1neos, las presentaciones principales del d\u00eda incluyeron compartir herramientas tangibles para el ministerio joven. \u00cdtalo Osorio-Pezo, arquitecto del sistema de proyectos de la iglesia mundial, comparti\u00f3 un proyecto denominado \u201cFe V\u00edvida\u201d. Basado en la constante necesidad de conectar oportunidades misioneras con voluntarios misioneros, VividFaith.com ahora permite esa suerte de emparejamiento. El sitio permite que las organizaciones escojan de entre los voluntarios disponibles, permite que los voluntarios lleven una cr\u00f3nica de su viaje misionero y, en el futuro, permitir\u00e1 donaciones a proyectos espec\u00edficos.<\/p>\n<p>La presentaci\u00f3n de otro recurso estuvo a cargo de Jiwan Moon, director de Ministerio a Estudiantes Universitarios (PCM) de la iglesia mundial. La \u201cembajadora del campus\u201d Chantal Tomlinson revel\u00f3 que entre el 80 y el 90 por ciento de los estudiantes adventistas asisten a las universidades p\u00fablicas. PCM brinda una estructura y recursos para que las iglesias locales que deseen ministrar a los estudiantes del campus p\u00fablico, y para los estudiantes que quieran llegar a ser misioneros en las instituciones p\u00fablicas.<\/p>\n<p>Por \u00faltimo, Mario Martinelli, gerente general de la casa editora adventista Safeliz, con sede en Espa\u00f1a, acompa\u00f1\u00f3 en el escenario a Gary Blanchard, director de j\u00f3venes de la Iglesia Adventista mundial, para presentar la nueva Biblia Joven. La Biblia, comisionada por el departamento de Ministerios J\u00f3venes y producida por Safeliz, cuenta con cientos de art\u00edculos para adolescentes sobre temas relevantes y con c\u00f3digos QR incorporados a lo largo de toda la Biblia con acceso a otros contenidos en l\u00ednea. Puede mirar una entrevista con Martinelli conducida por V\u00edctor Hulbert, director de comunicaci\u00f3n de la Divisi\u00f3n Transeuropea, <a href=\"https:\/\/www.youtube.com\/watch?v=zofzA5agMTI&amp;feature=youtu.be\" target=\"_blank\" rel=\"noopener\">here<\/a>.<\/p>\n<div id=\"attachment_42973\" style=\"width: 813px\" class=\"wp-caption aligncenter\"><img loading=\"lazy\" decoding=\"async\" aria-describedby=\"caption-attachment-42973\" class=\" wp-image-42971\" src=\"https:\/\/recursing-golick.147-182-135-0.plesk.page\/wp-content\/uploads\/2018\/08\/sigg-stephan-pass-it-on.jpg\" alt=\"\" width=\"803\" height=\"536\" srcset=\"https:\/\/interamerica.org\/wp-content\/uploads\/2018\/08\/sigg-stephan-pass-it-on.jpg 999w, https:\/\/interamerica.org\/wp-content\/uploads\/2018\/08\/sigg-stephan-pass-it-on-300x200.jpg 300w, https:\/\/interamerica.org\/wp-content\/uploads\/2018\/08\/sigg-stephan-pass-it-on-768x513.jpg 768w\" sizes=\"(max-width: 803px) 100vw, 803px\" \/><p id=\"caption-attachment-42973\" class=\"wp-caption-text\">Stephan Sigg, presidente de la Uni\u00f3n Asociaci\u00f3n Suiza, lleva a cabo una presentaci\u00f3n durante el Congreso Global de L\u00edderes de J\u00f3venes. Fotograf\u00eda: Victor Hulbert<\/p><\/div>\n<p><strong>Identidad en Cristo<\/strong><\/p>\n<p>David Asscherick continu\u00f3 con sus mensajes vespertinos donde sigui\u00f3 analizando la idea de identidad con un \u00e9nfasis en la \u201cidentidad en Cristo\u201d. Hizo referencia a los escritos del ap\u00f3stol Pablo, quien en Romanos cap\u00edtulo 1 bosqueja su identidad clara y confiada.<\/p>\n<p>Asscherick se volvi\u00f3 entonces a Colosenses 3 para explorar adicionalmente la identidad del creyente en Cristo. Al enfatizar la significaci\u00f3n gram\u00e1tica del texto, se\u00f1al\u00f3 las palabras de Pablo en tiempo pasado en el vers\u00edculo 3: \u201cPorque hab\u00e9is muerto\u201d. \u201cBuena parte de nuestra identidad en Cristo proviene de nuestra confianza de que hemos muerto con Cristo\u201d, expres\u00f3 Asscherick.<\/p>\n<p>Continuando con el pasaje, pas\u00f3 un buen tiempo analizando la frase \u201cvuestra vida est\u00e1 escondida con Cristo en Dios\u201d. El tiempo presente de las palabras, dijo Asscherick, resulta significativo, porque nos da la seguridad presente de nuestra posici\u00f3n ante Dios. \u201cCuando pecamos despu\u00e9s del bautismo, necesitamos estar ocultos, y las Escrituras nos dicen que estamos ocultos en Dios\u201d. Al recordar el instinto de Ad\u00e1n y Eva de ocultarse despu\u00e9s del pecado original, sostuvo que su instinto de ocultarse fue correcto pero estuvo mal aplicado. \u201cDios no es un Dios de qui\u00e9n tenemos que ocultarnos; es un Dios en qui\u00e9n tenemos que ocultarnos\u201d.<\/p>\n<p>El ap\u00f3stol escribe entonces (en el vers\u00edculo 4) que \u201ccuando Cristo, vuestra vida, se manifieste, entonces vosotros tambi\u00e9n ser\u00e9is manifestados con \u00e9l en gloria\u201d. Para Asscherick, esto habla de una certeza, una seguridad, un hecho. \u201cNo hay duda de que en la mente de Pablo, si uno muere y esconde su vida en \u00e9l, entonces aparecer\u00e1 con Cristo en gloria\u201d.<\/p>\n<p>Asscherick concluy\u00f3 con el vers\u00edculo 5 del pasaje, en el que el autor anima a los creyentes para que hagan morir elementos de \u201clo terrenal\u201d, despu\u00e9s de haber comprendido su identidad en Cristo. \u201cEl crecimiento procede de una confianza en la posici\u00f3n que ocupamos con Cristo\u201d, concluy\u00f3 Asscherick. Desafi\u00f3 entonces a los l\u00edderes de j\u00f3venes dici\u00e9ndoles: \u201cSi no tienen confianza en su identidad en Cristo, no van a asumir riesgos y procurar grandes cosas para el Reino\u201d.<\/p>\n<p><em>Visite los sitios de <\/em>Adventist Review <em>y <\/em>Adventist World <em> por cobertura adicional sobre el Congreso Global de L\u00edderes de J\u00f3venes; siga las sesiones plenarias en vivo <\/em><a href=\"http:\/\/youth.adventist.org\/GYLC\" target=\"_blank\" rel=\"noopener\"><em>here<\/em><\/a><em> y reciba actualizaciones en #GYLC18. <\/em><\/p>\n<p>Traducci\u00f3n de Marcos Paseggi<\/p>\n","protected":false},"excerpt":{"rendered":"<p>2 de agosto de 2018 | Alemania | Costin Jordache, Director de Comunicaci\u00f3n y Editor de Noticias, Adventist Review El Congreso Global de L\u00edderes J\u00f3venes 2018 continu\u00f3 en Kassel, Alemania,&#8230;<\/p>\n","protected":false},"author":3,"featured_media":42976,"comment_status":"open","ping_status":"closed","sticky":false,"template":"","format":"standard","meta":{"_acf_changed":false,"footnotes":""},"categories":[14,15],"tags":[],"class_list":["post-42990","post","type-post","status-publish","format-standard","has-post-thumbnail","hentry","category-de-la-iglesia-mundial","category-rss-espanol"],"acf":[],"yoast_head":"<!-- This site is optimized with the Yoast SEO plugin v27.3 - https:\/\/yoast.com\/product\/yoast-seo-wordpress\/ -->\n<title>La Coca Cola\u00ae y los Conquistadores - Iglesia Adventista del S\u00e9ptimo D\u00eda - Divisi\u00f3n Interamericana<\/title>\n<meta name=\"robots\" content=\"index, follow, max-snippet:-1, max-image-preview:large, max-video-preview:-1\" \/>\n<link rel=\"canonical\" href=\"https:\/\/interamerica.org\/es\/2018\/08\/la-coca-cola-y-los-conquistadores\/\" \/>\n<meta property=\"og:locale\" content=\"es_ES\" \/>\n<meta property=\"og:type\" content=\"article\" \/>\n<meta property=\"og:title\" content=\"La Coca Cola\u00ae y los Conquistadores - Iglesia Adventista del S\u00e9ptimo D\u00eda - Divisi\u00f3n Interamericana\" \/>\n<meta property=\"og:description\" content=\"2 de agosto de 2018 | Alemania | Costin Jordache, Director de Comunicaci\u00f3n y Editor de Noticias, Adventist Review El Congreso Global de L\u00edderes J\u00f3venes 2018 continu\u00f3 en Kassel, Alemania,...\" \/>\n<meta property=\"og:url\" content=\"https:\/\/interamerica.org\/es\/2018\/08\/la-coca-cola-y-los-conquistadores\/\" \/>\n<meta property=\"og:site_name\" content=\"Iglesia Adventista del S\u00e9ptimo D\u00eda - Divisi\u00f3n Interamericana\" \/>\n<meta property=\"article:published_time\" content=\"2018-08-03T19:41:52+00:00\" \/>\n<meta property=\"article:modified_time\" content=\"2018-08-05T18:01:50+00:00\" \/>\n<meta property=\"og:image\" content=\"https:\/\/interamerica.org\/wp-content\/uploads\/2018\/08\/coca-cola-and-pathfinders1280.jpg\" \/>\n\t<meta property=\"og:image:width\" content=\"1280\" \/>\n\t<meta property=\"og:image:height\" content=\"800\" \/>\n\t<meta property=\"og:image:type\" content=\"image\/jpeg\" \/>\n<meta name=\"author\" content=\"libna\" \/>\n<meta name=\"twitter:card\" content=\"summary_large_image\" \/>\n<meta name=\"twitter:label1\" content=\"Escrito por\" \/>\n\t<meta name=\"twitter:data1\" content=\"libna\" \/>\n\t<meta name=\"twitter:label2\" content=\"Tiempo de lectura\" \/>\n\t<meta name=\"twitter:data2\" content=\"7 minutos\" \/>\n<script type=\"application\/ld+json\" class=\"yoast-schema-graph\">{\"@context\":\"https:\\\/\\\/schema.org\",\"@graph\":[{\"@type\":\"Article\",\"@id\":\"https:\\\/\\\/interamerica.org\\\/es\\\/2018\\\/08\\\/la-coca-cola-y-los-conquistadores\\\/#article\",\"isPartOf\":{\"@id\":\"https:\\\/\\\/interamerica.org\\\/es\\\/2018\\\/08\\\/la-coca-cola-y-los-conquistadores\\\/\"},\"author\":{\"name\":\"libna\",\"@id\":\"https:\\\/\\\/interamerica.org\\\/es\\\/#\\\/schema\\\/person\\\/29998f2bc2d8bd0d38662909289b54f1\"},\"headline\":\"La Coca Cola\u00ae y los Conquistadores\",\"datePublished\":\"2018-08-03T19:41:52+00:00\",\"dateModified\":\"2018-08-05T18:01:50+00:00\",\"mainEntityOfPage\":{\"@id\":\"https:\\\/\\\/interamerica.org\\\/es\\\/2018\\\/08\\\/la-coca-cola-y-los-conquistadores\\\/\"},\"wordCount\":1442,\"commentCount\":0,\"image\":{\"@id\":\"https:\\\/\\\/interamerica.org\\\/es\\\/2018\\\/08\\\/la-coca-cola-y-los-conquistadores\\\/#primaryimage\"},\"thumbnailUrl\":\"https:\\\/\\\/interamerica.org\\\/wp-content\\\/uploads\\\/2018\\\/08\\\/coca-cola-and-pathfinders1280.jpg\",\"articleSection\":[\"Desde la iglesia mundial\",\"RSS Espa\u00f1ol\"],\"inLanguage\":\"es\",\"potentialAction\":[{\"@type\":\"CommentAction\",\"name\":\"Comment\",\"target\":[\"https:\\\/\\\/interamerica.org\\\/es\\\/2018\\\/08\\\/la-coca-cola-y-los-conquistadores\\\/#respond\"]}]},{\"@type\":\"WebPage\",\"@id\":\"https:\\\/\\\/interamerica.org\\\/es\\\/2018\\\/08\\\/la-coca-cola-y-los-conquistadores\\\/\",\"url\":\"https:\\\/\\\/interamerica.org\\\/es\\\/2018\\\/08\\\/la-coca-cola-y-los-conquistadores\\\/\",\"name\":\"La Coca Cola\u00ae y los Conquistadores - Iglesia Adventista del S\u00e9ptimo D\u00eda - Divisi\u00f3n Interamericana\",\"isPartOf\":{\"@id\":\"https:\\\/\\\/interamerica.org\\\/es\\\/#website\"},\"primaryImageOfPage\":{\"@id\":\"https:\\\/\\\/interamerica.org\\\/es\\\/2018\\\/08\\\/la-coca-cola-y-los-conquistadores\\\/#primaryimage\"},\"image\":{\"@id\":\"https:\\\/\\\/interamerica.org\\\/es\\\/2018\\\/08\\\/la-coca-cola-y-los-conquistadores\\\/#primaryimage\"},\"thumbnailUrl\":\"https:\\\/\\\/interamerica.org\\\/wp-content\\\/uploads\\\/2018\\\/08\\\/coca-cola-and-pathfinders1280.jpg\",\"datePublished\":\"2018-08-03T19:41:52+00:00\",\"dateModified\":\"2018-08-05T18:01:50+00:00\",\"author\":{\"@id\":\"https:\\\/\\\/interamerica.org\\\/es\\\/#\\\/schema\\\/person\\\/29998f2bc2d8bd0d38662909289b54f1\"},\"breadcrumb\":{\"@id\":\"https:\\\/\\\/interamerica.org\\\/es\\\/2018\\\/08\\\/la-coca-cola-y-los-conquistadores\\\/#breadcrumb\"},\"inLanguage\":\"es\",\"potentialAction\":[{\"@type\":\"ReadAction\",\"target\":[\"https:\\\/\\\/interamerica.org\\\/es\\\/2018\\\/08\\\/la-coca-cola-y-los-conquistadores\\\/\"]}]},{\"@type\":\"ImageObject\",\"inLanguage\":\"es\",\"@id\":\"https:\\\/\\\/interamerica.org\\\/es\\\/2018\\\/08\\\/la-coca-cola-y-los-conquistadores\\\/#primaryimage\",\"url\":\"https:\\\/\\\/interamerica.org\\\/wp-content\\\/uploads\\\/2018\\\/08\\\/coca-cola-and-pathfinders1280.jpg\",\"contentUrl\":\"https:\\\/\\\/interamerica.org\\\/wp-content\\\/uploads\\\/2018\\\/08\\\/coca-cola-and-pathfinders1280.jpg\",\"width\":1280,\"height\":800},{\"@type\":\"BreadcrumbList\",\"@id\":\"https:\\\/\\\/interamerica.org\\\/es\\\/2018\\\/08\\\/la-coca-cola-y-los-conquistadores\\\/#breadcrumb\",\"itemListElement\":[{\"@type\":\"ListItem\",\"position\":1,\"name\":\"Home\",\"item\":\"https:\\\/\\\/interamerica.org\\\/es\\\/\"},{\"@type\":\"ListItem\",\"position\":2,\"name\":\"La Coca Cola\u00ae y los Conquistadores\"}]},{\"@type\":\"WebSite\",\"@id\":\"https:\\\/\\\/interamerica.org\\\/es\\\/#website\",\"url\":\"https:\\\/\\\/interamerica.org\\\/es\\\/\",\"name\":\"Iglesia Adventista del S\u00e9ptimo D\u00eda - Divisi\u00f3n Interamericana\",\"description\":\"\",\"potentialAction\":[{\"@type\":\"SearchAction\",\"target\":{\"@type\":\"EntryPoint\",\"urlTemplate\":\"https:\\\/\\\/interamerica.org\\\/es\\\/?s={search_term_string}\"},\"query-input\":{\"@type\":\"PropertyValueSpecification\",\"valueRequired\":true,\"valueName\":\"search_term_string\"}}],\"inLanguage\":\"es\"},{\"@type\":\"Person\",\"@id\":\"https:\\\/\\\/interamerica.org\\\/es\\\/#\\\/schema\\\/person\\\/29998f2bc2d8bd0d38662909289b54f1\",\"name\":\"libna\",\"image\":{\"@type\":\"ImageObject\",\"inLanguage\":\"es\",\"@id\":\"https:\\\/\\\/secure.gravatar.com\\\/avatar\\\/7c5bd30ae4b47a9ba3c856590957fd1d96dc588bf3ac05719d247e126840331f?s=96&d=mm&r=g\",\"url\":\"https:\\\/\\\/secure.gravatar.com\\\/avatar\\\/7c5bd30ae4b47a9ba3c856590957fd1d96dc588bf3ac05719d247e126840331f?s=96&d=mm&r=g\",\"contentUrl\":\"https:\\\/\\\/secure.gravatar.com\\\/avatar\\\/7c5bd30ae4b47a9ba3c856590957fd1d96dc588bf3ac05719d247e126840331f?s=96&d=mm&r=g\",\"caption\":\"libna\"}}]}<\/script>\n<!-- \/ Yoast SEO plugin. -->","yoast_head_json":{"title":"La Coca Cola\u00ae y los Conquistadores - Iglesia Adventista del S\u00e9ptimo D\u00eda - Divisi\u00f3n Interamericana","robots":{"index":"index","follow":"follow","max-snippet":"max-snippet:-1","max-image-preview":"max-image-preview:large","max-video-preview":"max-video-preview:-1"},"canonical":"https:\/\/interamerica.org\/es\/2018\/08\/la-coca-cola-y-los-conquistadores\/","og_locale":"es_ES","og_type":"article","og_title":"La Coca Cola\u00ae y los Conquistadores - Iglesia Adventista del S\u00e9ptimo D\u00eda - Divisi\u00f3n Interamericana","og_description":"2 de agosto de 2018 | Alemania | Costin Jordache, Director de Comunicaci\u00f3n y Editor de Noticias, Adventist Review El Congreso Global de L\u00edderes J\u00f3venes 2018 continu\u00f3 en Kassel, Alemania,...","og_url":"https:\/\/interamerica.org\/es\/2018\/08\/la-coca-cola-y-los-conquistadores\/","og_site_name":"Iglesia Adventista del S\u00e9ptimo D\u00eda - Divisi\u00f3n Interamericana","article_published_time":"2018-08-03T19:41:52+00:00","article_modified_time":"2018-08-05T18:01:50+00:00","og_image":[{"width":1280,"height":800,"url":"https:\/\/interamerica.org\/wp-content\/uploads\/2018\/08\/coca-cola-and-pathfinders1280.jpg","type":"image\/jpeg"}],"author":"libna","twitter_card":"summary_large_image","twitter_misc":{"Escrito por":"libna","Tiempo de lectura":"7 minutos"},"schema":{"@context":"https:\/\/schema.org","@graph":[{"@type":"Article","@id":"https:\/\/interamerica.org\/es\/2018\/08\/la-coca-cola-y-los-conquistadores\/#article","isPartOf":{"@id":"https:\/\/interamerica.org\/es\/2018\/08\/la-coca-cola-y-los-conquistadores\/"},"author":{"name":"libna","@id":"https:\/\/interamerica.org\/es\/#\/schema\/person\/29998f2bc2d8bd0d38662909289b54f1"},"headline":"La Coca Cola\u00ae y los Conquistadores","datePublished":"2018-08-03T19:41:52+00:00","dateModified":"2018-08-05T18:01:50+00:00","mainEntityOfPage":{"@id":"https:\/\/interamerica.org\/es\/2018\/08\/la-coca-cola-y-los-conquistadores\/"},"wordCount":1442,"commentCount":0,"image":{"@id":"https:\/\/interamerica.org\/es\/2018\/08\/la-coca-cola-y-los-conquistadores\/#primaryimage"},"thumbnailUrl":"https:\/\/interamerica.org\/wp-content\/uploads\/2018\/08\/coca-cola-and-pathfinders1280.jpg","articleSection":["Desde la iglesia mundial","RSS Espa\u00f1ol"],"inLanguage":"es","potentialAction":[{"@type":"CommentAction","name":"Comment","target":["https:\/\/interamerica.org\/es\/2018\/08\/la-coca-cola-y-los-conquistadores\/#respond"]}]},{"@type":"WebPage","@id":"https:\/\/interamerica.org\/es\/2018\/08\/la-coca-cola-y-los-conquistadores\/","url":"https:\/\/interamerica.org\/es\/2018\/08\/la-coca-cola-y-los-conquistadores\/","name":"La Coca Cola\u00ae y los Conquistadores - Iglesia Adventista del S\u00e9ptimo D\u00eda - Divisi\u00f3n Interamericana","isPartOf":{"@id":"https:\/\/interamerica.org\/es\/#website"},"primaryImageOfPage":{"@id":"https:\/\/interamerica.org\/es\/2018\/08\/la-coca-cola-y-los-conquistadores\/#primaryimage"},"image":{"@id":"https:\/\/interamerica.org\/es\/2018\/08\/la-coca-cola-y-los-conquistadores\/#primaryimage"},"thumbnailUrl":"https:\/\/interamerica.org\/wp-content\/uploads\/2018\/08\/coca-cola-and-pathfinders1280.jpg","datePublished":"2018-08-03T19:41:52+00:00","dateModified":"2018-08-05T18:01:50+00:00","author":{"@id":"https:\/\/interamerica.org\/es\/#\/schema\/person\/29998f2bc2d8bd0d38662909289b54f1"},"breadcrumb":{"@id":"https:\/\/interamerica.org\/es\/2018\/08\/la-coca-cola-y-los-conquistadores\/#breadcrumb"},"inLanguage":"es","potentialAction":[{"@type":"ReadAction","target":["https:\/\/interamerica.org\/es\/2018\/08\/la-coca-cola-y-los-conquistadores\/"]}]},{"@type":"ImageObject","inLanguage":"es","@id":"https:\/\/interamerica.org\/es\/2018\/08\/la-coca-cola-y-los-conquistadores\/#primaryimage","url":"https:\/\/interamerica.org\/wp-content\/uploads\/2018\/08\/coca-cola-and-pathfinders1280.jpg","contentUrl":"https:\/\/interamerica.org\/wp-content\/uploads\/2018\/08\/coca-cola-and-pathfinders1280.jpg","width":1280,"height":800},{"@type":"BreadcrumbList","@id":"https:\/\/interamerica.org\/es\/2018\/08\/la-coca-cola-y-los-conquistadores\/#breadcrumb","itemListElement":[{"@type":"ListItem","position":1,"name":"Home","item":"https:\/\/interamerica.org\/es\/"},{"@type":"ListItem","position":2,"name":"La Coca Cola\u00ae y los Conquistadores"}]},{"@type":"WebSite","@id":"https:\/\/interamerica.org\/es\/#website","url":"https:\/\/interamerica.org\/es\/","name":"Iglesia Adventista del S\u00e9ptimo D\u00eda - Divisi\u00f3n Interamericana","description":"","potentialAction":[{"@type":"SearchAction","target":{"@type":"EntryPoint","urlTemplate":"https:\/\/interamerica.org\/es\/?s={search_term_string}"},"query-input":{"@type":"PropertyValueSpecification","valueRequired":true,"valueName":"search_term_string"}}],"inLanguage":"es"},{"@type":"Person","@id":"https:\/\/interamerica.org\/es\/#\/schema\/person\/29998f2bc2d8bd0d38662909289b54f1","name":"libna","image":{"@type":"ImageObject","inLanguage":"es","@id":"https:\/\/secure.gravatar.com\/avatar\/7c5bd30ae4b47a9ba3c856590957fd1d96dc588bf3ac05719d247e126840331f?s=96&d=mm&r=g","url":"https:\/\/secure.gravatar.com\/avatar\/7c5bd30ae4b47a9ba3c856590957fd1d96dc588bf3ac05719d247e126840331f?s=96&d=mm&r=g","contentUrl":"https:\/\/secure.gravatar.com\/avatar\/7c5bd30ae4b47a9ba3c856590957fd1d96dc588bf3ac05719d247e126840331f?s=96&d=mm&r=g","caption":"libna"}}]}},"_links":{"self":[{"href":"https:\/\/interamerica.org\/es\/wp-json\/wp\/v2\/posts\/42990","targetHints":{"allow":["GET"]}}],"collection":[{"href":"https:\/\/interamerica.org\/es\/wp-json\/wp\/v2\/posts"}],"about":[{"href":"https:\/\/interamerica.org\/es\/wp-json\/wp\/v2\/types\/post"}],"author":[{"embeddable":true,"href":"https:\/\/interamerica.org\/es\/wp-json\/wp\/v2\/users\/3"}],"replies":[{"embeddable":true,"href":"https:\/\/interamerica.org\/es\/wp-json\/wp\/v2\/comments?post=42990"}],"version-history":[{"count":0,"href":"https:\/\/interamerica.org\/es\/wp-json\/wp\/v2\/posts\/42990\/revisions"}],"wp:featuredmedia":[{"embeddable":true,"href":"https:\/\/interamerica.org\/es\/wp-json\/wp\/v2\/media\/42976"}],"wp:attachment":[{"href":"https:\/\/interamerica.org\/es\/wp-json\/wp\/v2\/media?parent=42990"}],"wp:term":[{"taxonomy":"category","embeddable":true,"href":"https:\/\/interamerica.org\/es\/wp-json\/wp\/v2\/categories?post=42990"},{"taxonomy":"post_tag","embeddable":true,"href":"https:\/\/interamerica.org\/es\/wp-json\/wp\/v2\/tags?post=42990"}],"curies":[{"name":"wp","href":"https:\/\/api.w.org\/{rel}","templated":true}]}}