{"id":45868,"date":"2019-01-04T09:32:05","date_gmt":"2019-01-04T13:32:05","guid":{"rendered":"https:\/\/recursing-golick.147-182-135-0.plesk.page\/?p=45868"},"modified":"2019-01-06T13:13:42","modified_gmt":"2019-01-06T17:13:42","slug":"dos-anos-despues-iglesia-adventista-en-ciudad-cubana-sigue-prosperando","status":"publish","type":"post","link":"https:\/\/interamerica.org\/es\/2019\/01\/dos-anos-despues-iglesia-adventista-en-ciudad-cubana-sigue-prosperando\/","title":{"rendered":"Dos a\u00f1os despu\u00e9s, iglesia adventista en ciudad cubana sigue prosperando"},"content":{"rendered":"<p><span class=\"byline-news\">3 de enero de 2019 | California, Estados Unidos | Maranatha Volunteers International, y <em>Adventist Review<\/em><\/span><\/p>\n<p><span class=\"cap\">Mientras la iglesia adventista de C\u00e1rdenas, Cuba, se acerca a su segundo aniversario, la congregaci\u00f3n sigue prosperando, inform\u00f3 la organizaci\u00f3n Maranatha Volunteers Internacional. Maranatha, un ministerio de apoyo de la Iglesia Adventista del S\u00e9ptimo D\u00eda, fue fundamental para el desarrollo del proyecto del templo adventista en esa ciudad.<\/span><\/p>\n<p>Los l\u00edderes de la iglesia local informaron 25 bautismos en una ciudad y regi\u00f3n donde en el pasado a la iglesia le hab\u00eda costado crecer. Ahora, los residentes de la ciudad est\u00e1n acerc\u00e1ndose para asistir a reuniones de evangelizaci\u00f3n en el nuevo templo, y disfrutando los beneficios de las iniciativas misioneras y comunitarias de los miembros de iglesia.<\/p>\n<p>Hace poco, los l\u00edderes y miembros de la iglesia local lanzaron un programa que provee de agua purificada a los residentes de la zona, inform\u00f3 Maranatha. \u201cHace unos meses, la congregaci\u00f3n invirti\u00f3 en un sistema de filtraci\u00f3n de agua y lo instal\u00f3 en el predio de la iglesia\u201d, expres\u00f3 el informe. \u201cAhora, la iglesia est\u00e1 abriendo el lugar donde est\u00e1 la bomba de agua para que la comunidad pueda acceder a ella y cargar agua filtrada sin costo alguno. La iniciativa ha sido una manera efectiva de servir a la comunidad y brindar oportunidades de interacciones positivas\u201d.<\/p>\n<p>Maranatha inici\u00f3 la construcci\u00f3n de la iglesia de C\u00e1rdenas en 2016, despu\u00e9s de esperar m\u00e1s de veinte a\u00f1os para que el gobierno de Cuba le otorgara permisos de construcci\u00f3n. El edificio fue <a href=\"https:\/\/www.adventistreview.org\/church-news\/story5017-after-decades-of-prayer,-adventists-dedicate-largest-church-ever-in-cuba\" target=\"_blank\" rel=\"noopener\">completado y dedicado<\/a> en abril de 2017. Las instalaciones tienen 1114 metros cuadrados y poseen capacidad para 500 personas en el templo principal, adem\u00e1s de lugares adicionales en el segundo piso. El templo cuenta con salas para clases de Escuela Sab\u00e1tica, un sal\u00f3n para actividades sociales, ba\u00f1os y hasta duchas.<\/p>\n<p>El edificio fue dise\u00f1ado para llevar a cabo los cultos de la congregaci\u00f3n local, a la vez que sirve para reuniones y retiros. A menudo es empleado por la asociaci\u00f3n local y por la Uni\u00f3n Asociaci\u00f3n Cubana de la Iglesia Adventista.<\/p>\n<p>En el pasado, la congregaci\u00f3n se reun\u00eda en un peque\u00f1o sal\u00f3n del tama\u00f1o de un doble garaje en los Estados Unidos.<\/p>\n<p>C\u00e1rdenas es uno de los aproximadamente doscientos proyectos que Maranatha ha completado en Cuba. En el presente, Maranatha est\u00e1 ayudando a renovar una iglesia adventista en San Antonio de los Ba\u00f1os, localidad ubicada a unos 26 kil\u00f3metros de La Habana.<\/p>\n<p><em>La versi\u00f3n original de esta <\/em><a href=\"https:\/\/maranatha.org\/news-events\/cuba-church-thriving\/#.XCyOklxKhPY\" target=\"_blank\" rel=\"noopener\"><em>noticia<\/em><\/a><em> fue publicada por <\/em><a href=\"https:\/\/maranatha.org\/\" target=\"_blank\" rel=\"noopener\"><em>Maranatha Volunteers International<\/em><\/a><em>.<\/em><\/p>\n<p>Traducci\u00f3n de Marcos Paseggi<\/p>\n","protected":false},"excerpt":{"rendered":"<p>3 de enero de 2019 | California, Estados Unidos | Maranatha Volunteers International, y Adventist Review Mientras la iglesia adventista de C\u00e1rdenas, Cuba, se acerca a su segundo aniversario, la&#8230;<\/p>\n","protected":false},"author":3,"featured_media":35732,"comment_status":"open","ping_status":"closed","sticky":false,"template":"","format":"standard","meta":{"_acf_changed":false,"footnotes":""},"categories":[14,15],"tags":[],"class_list":["post-45868","post","type-post","status-publish","format-standard","has-post-thumbnail","hentry","category-de-la-iglesia-mundial","category-rss-espanol"],"acf":[],"yoast_head":"<!-- This site is optimized with the Yoast SEO plugin v27.3 - https:\/\/yoast.com\/product\/yoast-seo-wordpress\/ -->\n<title>Dos a\u00f1os despu\u00e9s, iglesia adventista en ciudad cubana sigue prosperando - Iglesia Adventista del S\u00e9ptimo D\u00eda - Divisi\u00f3n Interamericana<\/title>\n<meta name=\"robots\" content=\"index, follow, max-snippet:-1, max-image-preview:large, max-video-preview:-1\" \/>\n<link rel=\"canonical\" href=\"https:\/\/interamerica.org\/es\/2019\/01\/dos-anos-despues-iglesia-adventista-en-ciudad-cubana-sigue-prosperando\/\" \/>\n<meta property=\"og:locale\" content=\"es_ES\" \/>\n<meta property=\"og:type\" content=\"article\" \/>\n<meta property=\"og:title\" content=\"Dos a\u00f1os despu\u00e9s, iglesia adventista en ciudad cubana sigue prosperando - Iglesia Adventista del S\u00e9ptimo D\u00eda - Divisi\u00f3n Interamericana\" \/>\n<meta property=\"og:description\" content=\"3 de enero de 2019 | California, Estados Unidos | Maranatha Volunteers International, y Adventist Review Mientras la iglesia adventista de C\u00e1rdenas, Cuba, se acerca a su segundo aniversario, la...\" \/>\n<meta property=\"og:url\" content=\"https:\/\/interamerica.org\/es\/2019\/01\/dos-anos-despues-iglesia-adventista-en-ciudad-cubana-sigue-prosperando\/\" \/>\n<meta property=\"og:site_name\" content=\"Iglesia Adventista del S\u00e9ptimo D\u00eda - Divisi\u00f3n Interamericana\" \/>\n<meta property=\"article:published_time\" content=\"2019-01-04T13:32:05+00:00\" \/>\n<meta property=\"article:modified_time\" content=\"2019-01-06T17:13:42+00:00\" \/>\n<meta property=\"og:image\" content=\"https:\/\/interamerica.org\/wp-content\/uploads\/2017\/04\/News_Cardenas_042017.jpg\" \/>\n\t<meta property=\"og:image:width\" content=\"1280\" \/>\n\t<meta property=\"og:image:height\" content=\"800\" \/>\n\t<meta property=\"og:image:type\" content=\"image\/jpeg\" \/>\n<meta name=\"author\" content=\"libna\" \/>\n<meta name=\"twitter:card\" content=\"summary_large_image\" \/>\n<meta name=\"twitter:label1\" content=\"Escrito por\" \/>\n\t<meta name=\"twitter:data1\" content=\"libna\" \/>\n\t<meta name=\"twitter:label2\" content=\"Tiempo de lectura\" \/>\n\t<meta name=\"twitter:data2\" content=\"2 minutos\" \/>\n<script type=\"application\/ld+json\" class=\"yoast-schema-graph\">{\"@context\":\"https:\\\/\\\/schema.org\",\"@graph\":[{\"@type\":\"Article\",\"@id\":\"https:\\\/\\\/interamerica.org\\\/es\\\/2019\\\/01\\\/dos-anos-despues-iglesia-adventista-en-ciudad-cubana-sigue-prosperando\\\/#article\",\"isPartOf\":{\"@id\":\"https:\\\/\\\/interamerica.org\\\/es\\\/2019\\\/01\\\/dos-anos-despues-iglesia-adventista-en-ciudad-cubana-sigue-prosperando\\\/\"},\"author\":{\"name\":\"libna\",\"@id\":\"https:\\\/\\\/interamerica.org\\\/es\\\/#\\\/schema\\\/person\\\/29998f2bc2d8bd0d38662909289b54f1\"},\"headline\":\"Dos a\u00f1os despu\u00e9s, iglesia adventista en ciudad cubana sigue prosperando\",\"datePublished\":\"2019-01-04T13:32:05+00:00\",\"dateModified\":\"2019-01-06T17:13:42+00:00\",\"mainEntityOfPage\":{\"@id\":\"https:\\\/\\\/interamerica.org\\\/es\\\/2019\\\/01\\\/dos-anos-despues-iglesia-adventista-en-ciudad-cubana-sigue-prosperando\\\/\"},\"wordCount\":460,\"commentCount\":0,\"image\":{\"@id\":\"https:\\\/\\\/interamerica.org\\\/es\\\/2019\\\/01\\\/dos-anos-despues-iglesia-adventista-en-ciudad-cubana-sigue-prosperando\\\/#primaryimage\"},\"thumbnailUrl\":\"https:\\\/\\\/interamerica.org\\\/wp-content\\\/uploads\\\/2017\\\/04\\\/News_Cardenas_042017.jpg\",\"articleSection\":[\"Desde la iglesia mundial\",\"RSS Espa\u00f1ol\"],\"inLanguage\":\"es\",\"potentialAction\":[{\"@type\":\"CommentAction\",\"name\":\"Comment\",\"target\":[\"https:\\\/\\\/interamerica.org\\\/es\\\/2019\\\/01\\\/dos-anos-despues-iglesia-adventista-en-ciudad-cubana-sigue-prosperando\\\/#respond\"]}]},{\"@type\":\"WebPage\",\"@id\":\"https:\\\/\\\/interamerica.org\\\/es\\\/2019\\\/01\\\/dos-anos-despues-iglesia-adventista-en-ciudad-cubana-sigue-prosperando\\\/\",\"url\":\"https:\\\/\\\/interamerica.org\\\/es\\\/2019\\\/01\\\/dos-anos-despues-iglesia-adventista-en-ciudad-cubana-sigue-prosperando\\\/\",\"name\":\"Dos a\u00f1os despu\u00e9s, iglesia adventista en ciudad cubana sigue prosperando - Iglesia Adventista del S\u00e9ptimo D\u00eda - Divisi\u00f3n Interamericana\",\"isPartOf\":{\"@id\":\"https:\\\/\\\/interamerica.org\\\/es\\\/#website\"},\"primaryImageOfPage\":{\"@id\":\"https:\\\/\\\/interamerica.org\\\/es\\\/2019\\\/01\\\/dos-anos-despues-iglesia-adventista-en-ciudad-cubana-sigue-prosperando\\\/#primaryimage\"},\"image\":{\"@id\":\"https:\\\/\\\/interamerica.org\\\/es\\\/2019\\\/01\\\/dos-anos-despues-iglesia-adventista-en-ciudad-cubana-sigue-prosperando\\\/#primaryimage\"},\"thumbnailUrl\":\"https:\\\/\\\/interamerica.org\\\/wp-content\\\/uploads\\\/2017\\\/04\\\/News_Cardenas_042017.jpg\",\"datePublished\":\"2019-01-04T13:32:05+00:00\",\"dateModified\":\"2019-01-06T17:13:42+00:00\",\"author\":{\"@id\":\"https:\\\/\\\/interamerica.org\\\/es\\\/#\\\/schema\\\/person\\\/29998f2bc2d8bd0d38662909289b54f1\"},\"breadcrumb\":{\"@id\":\"https:\\\/\\\/interamerica.org\\\/es\\\/2019\\\/01\\\/dos-anos-despues-iglesia-adventista-en-ciudad-cubana-sigue-prosperando\\\/#breadcrumb\"},\"inLanguage\":\"es\",\"potentialAction\":[{\"@type\":\"ReadAction\",\"target\":[\"https:\\\/\\\/interamerica.org\\\/es\\\/2019\\\/01\\\/dos-anos-despues-iglesia-adventista-en-ciudad-cubana-sigue-prosperando\\\/\"]}]},{\"@type\":\"ImageObject\",\"inLanguage\":\"es\",\"@id\":\"https:\\\/\\\/interamerica.org\\\/es\\\/2019\\\/01\\\/dos-anos-despues-iglesia-adventista-en-ciudad-cubana-sigue-prosperando\\\/#primaryimage\",\"url\":\"https:\\\/\\\/interamerica.org\\\/wp-content\\\/uploads\\\/2017\\\/04\\\/News_Cardenas_042017.jpg\",\"contentUrl\":\"https:\\\/\\\/interamerica.org\\\/wp-content\\\/uploads\\\/2017\\\/04\\\/News_Cardenas_042017.jpg\",\"width\":1280,\"height\":800},{\"@type\":\"BreadcrumbList\",\"@id\":\"https:\\\/\\\/interamerica.org\\\/es\\\/2019\\\/01\\\/dos-anos-despues-iglesia-adventista-en-ciudad-cubana-sigue-prosperando\\\/#breadcrumb\",\"itemListElement\":[{\"@type\":\"ListItem\",\"position\":1,\"name\":\"Home\",\"item\":\"https:\\\/\\\/interamerica.org\\\/es\\\/\"},{\"@type\":\"ListItem\",\"position\":2,\"name\":\"Dos a\u00f1os despu\u00e9s, iglesia adventista en ciudad cubana sigue prosperando\"}]},{\"@type\":\"WebSite\",\"@id\":\"https:\\\/\\\/interamerica.org\\\/es\\\/#website\",\"url\":\"https:\\\/\\\/interamerica.org\\\/es\\\/\",\"name\":\"Iglesia Adventista del S\u00e9ptimo D\u00eda - Divisi\u00f3n Interamericana\",\"description\":\"\",\"potentialAction\":[{\"@type\":\"SearchAction\",\"target\":{\"@type\":\"EntryPoint\",\"urlTemplate\":\"https:\\\/\\\/interamerica.org\\\/es\\\/?s={search_term_string}\"},\"query-input\":{\"@type\":\"PropertyValueSpecification\",\"valueRequired\":true,\"valueName\":\"search_term_string\"}}],\"inLanguage\":\"es\"},{\"@type\":\"Person\",\"@id\":\"https:\\\/\\\/interamerica.org\\\/es\\\/#\\\/schema\\\/person\\\/29998f2bc2d8bd0d38662909289b54f1\",\"name\":\"libna\",\"image\":{\"@type\":\"ImageObject\",\"inLanguage\":\"es\",\"@id\":\"https:\\\/\\\/secure.gravatar.com\\\/avatar\\\/7c5bd30ae4b47a9ba3c856590957fd1d96dc588bf3ac05719d247e126840331f?s=96&d=mm&r=g\",\"url\":\"https:\\\/\\\/secure.gravatar.com\\\/avatar\\\/7c5bd30ae4b47a9ba3c856590957fd1d96dc588bf3ac05719d247e126840331f?s=96&d=mm&r=g\",\"contentUrl\":\"https:\\\/\\\/secure.gravatar.com\\\/avatar\\\/7c5bd30ae4b47a9ba3c856590957fd1d96dc588bf3ac05719d247e126840331f?s=96&d=mm&r=g\",\"caption\":\"libna\"}}]}<\/script>\n<!-- \/ Yoast SEO plugin. -->","yoast_head_json":{"title":"Dos a\u00f1os despu\u00e9s, iglesia adventista en ciudad cubana sigue prosperando - Iglesia Adventista del S\u00e9ptimo D\u00eda - Divisi\u00f3n Interamericana","robots":{"index":"index","follow":"follow","max-snippet":"max-snippet:-1","max-image-preview":"max-image-preview:large","max-video-preview":"max-video-preview:-1"},"canonical":"https:\/\/interamerica.org\/es\/2019\/01\/dos-anos-despues-iglesia-adventista-en-ciudad-cubana-sigue-prosperando\/","og_locale":"es_ES","og_type":"article","og_title":"Dos a\u00f1os despu\u00e9s, iglesia adventista en ciudad cubana sigue prosperando - Iglesia Adventista del S\u00e9ptimo D\u00eda - Divisi\u00f3n Interamericana","og_description":"3 de enero de 2019 | California, Estados Unidos | Maranatha Volunteers International, y Adventist Review Mientras la iglesia adventista de C\u00e1rdenas, Cuba, se acerca a su segundo aniversario, la...","og_url":"https:\/\/interamerica.org\/es\/2019\/01\/dos-anos-despues-iglesia-adventista-en-ciudad-cubana-sigue-prosperando\/","og_site_name":"Iglesia Adventista del S\u00e9ptimo D\u00eda - Divisi\u00f3n Interamericana","article_published_time":"2019-01-04T13:32:05+00:00","article_modified_time":"2019-01-06T17:13:42+00:00","og_image":[{"width":1280,"height":800,"url":"https:\/\/interamerica.org\/wp-content\/uploads\/2017\/04\/News_Cardenas_042017.jpg","type":"image\/jpeg"}],"author":"libna","twitter_card":"summary_large_image","twitter_misc":{"Escrito por":"libna","Tiempo de lectura":"2 minutos"},"schema":{"@context":"https:\/\/schema.org","@graph":[{"@type":"Article","@id":"https:\/\/interamerica.org\/es\/2019\/01\/dos-anos-despues-iglesia-adventista-en-ciudad-cubana-sigue-prosperando\/#article","isPartOf":{"@id":"https:\/\/interamerica.org\/es\/2019\/01\/dos-anos-despues-iglesia-adventista-en-ciudad-cubana-sigue-prosperando\/"},"author":{"name":"libna","@id":"https:\/\/interamerica.org\/es\/#\/schema\/person\/29998f2bc2d8bd0d38662909289b54f1"},"headline":"Dos a\u00f1os despu\u00e9s, iglesia adventista en ciudad cubana sigue prosperando","datePublished":"2019-01-04T13:32:05+00:00","dateModified":"2019-01-06T17:13:42+00:00","mainEntityOfPage":{"@id":"https:\/\/interamerica.org\/es\/2019\/01\/dos-anos-despues-iglesia-adventista-en-ciudad-cubana-sigue-prosperando\/"},"wordCount":460,"commentCount":0,"image":{"@id":"https:\/\/interamerica.org\/es\/2019\/01\/dos-anos-despues-iglesia-adventista-en-ciudad-cubana-sigue-prosperando\/#primaryimage"},"thumbnailUrl":"https:\/\/interamerica.org\/wp-content\/uploads\/2017\/04\/News_Cardenas_042017.jpg","articleSection":["Desde la iglesia mundial","RSS Espa\u00f1ol"],"inLanguage":"es","potentialAction":[{"@type":"CommentAction","name":"Comment","target":["https:\/\/interamerica.org\/es\/2019\/01\/dos-anos-despues-iglesia-adventista-en-ciudad-cubana-sigue-prosperando\/#respond"]}]},{"@type":"WebPage","@id":"https:\/\/interamerica.org\/es\/2019\/01\/dos-anos-despues-iglesia-adventista-en-ciudad-cubana-sigue-prosperando\/","url":"https:\/\/interamerica.org\/es\/2019\/01\/dos-anos-despues-iglesia-adventista-en-ciudad-cubana-sigue-prosperando\/","name":"Dos a\u00f1os despu\u00e9s, iglesia adventista en ciudad cubana sigue prosperando - Iglesia Adventista del S\u00e9ptimo D\u00eda - Divisi\u00f3n Interamericana","isPartOf":{"@id":"https:\/\/interamerica.org\/es\/#website"},"primaryImageOfPage":{"@id":"https:\/\/interamerica.org\/es\/2019\/01\/dos-anos-despues-iglesia-adventista-en-ciudad-cubana-sigue-prosperando\/#primaryimage"},"image":{"@id":"https:\/\/interamerica.org\/es\/2019\/01\/dos-anos-despues-iglesia-adventista-en-ciudad-cubana-sigue-prosperando\/#primaryimage"},"thumbnailUrl":"https:\/\/interamerica.org\/wp-content\/uploads\/2017\/04\/News_Cardenas_042017.jpg","datePublished":"2019-01-04T13:32:05+00:00","dateModified":"2019-01-06T17:13:42+00:00","author":{"@id":"https:\/\/interamerica.org\/es\/#\/schema\/person\/29998f2bc2d8bd0d38662909289b54f1"},"breadcrumb":{"@id":"https:\/\/interamerica.org\/es\/2019\/01\/dos-anos-despues-iglesia-adventista-en-ciudad-cubana-sigue-prosperando\/#breadcrumb"},"inLanguage":"es","potentialAction":[{"@type":"ReadAction","target":["https:\/\/interamerica.org\/es\/2019\/01\/dos-anos-despues-iglesia-adventista-en-ciudad-cubana-sigue-prosperando\/"]}]},{"@type":"ImageObject","inLanguage":"es","@id":"https:\/\/interamerica.org\/es\/2019\/01\/dos-anos-despues-iglesia-adventista-en-ciudad-cubana-sigue-prosperando\/#primaryimage","url":"https:\/\/interamerica.org\/wp-content\/uploads\/2017\/04\/News_Cardenas_042017.jpg","contentUrl":"https:\/\/interamerica.org\/wp-content\/uploads\/2017\/04\/News_Cardenas_042017.jpg","width":1280,"height":800},{"@type":"BreadcrumbList","@id":"https:\/\/interamerica.org\/es\/2019\/01\/dos-anos-despues-iglesia-adventista-en-ciudad-cubana-sigue-prosperando\/#breadcrumb","itemListElement":[{"@type":"ListItem","position":1,"name":"Home","item":"https:\/\/interamerica.org\/es\/"},{"@type":"ListItem","position":2,"name":"Dos a\u00f1os despu\u00e9s, iglesia adventista en ciudad cubana sigue prosperando"}]},{"@type":"WebSite","@id":"https:\/\/interamerica.org\/es\/#website","url":"https:\/\/interamerica.org\/es\/","name":"Iglesia Adventista del S\u00e9ptimo D\u00eda - Divisi\u00f3n Interamericana","description":"","potentialAction":[{"@type":"SearchAction","target":{"@type":"EntryPoint","urlTemplate":"https:\/\/interamerica.org\/es\/?s={search_term_string}"},"query-input":{"@type":"PropertyValueSpecification","valueRequired":true,"valueName":"search_term_string"}}],"inLanguage":"es"},{"@type":"Person","@id":"https:\/\/interamerica.org\/es\/#\/schema\/person\/29998f2bc2d8bd0d38662909289b54f1","name":"libna","image":{"@type":"ImageObject","inLanguage":"es","@id":"https:\/\/secure.gravatar.com\/avatar\/7c5bd30ae4b47a9ba3c856590957fd1d96dc588bf3ac05719d247e126840331f?s=96&d=mm&r=g","url":"https:\/\/secure.gravatar.com\/avatar\/7c5bd30ae4b47a9ba3c856590957fd1d96dc588bf3ac05719d247e126840331f?s=96&d=mm&r=g","contentUrl":"https:\/\/secure.gravatar.com\/avatar\/7c5bd30ae4b47a9ba3c856590957fd1d96dc588bf3ac05719d247e126840331f?s=96&d=mm&r=g","caption":"libna"}}]}},"_links":{"self":[{"href":"https:\/\/interamerica.org\/es\/wp-json\/wp\/v2\/posts\/45868","targetHints":{"allow":["GET"]}}],"collection":[{"href":"https:\/\/interamerica.org\/es\/wp-json\/wp\/v2\/posts"}],"about":[{"href":"https:\/\/interamerica.org\/es\/wp-json\/wp\/v2\/types\/post"}],"author":[{"embeddable":true,"href":"https:\/\/interamerica.org\/es\/wp-json\/wp\/v2\/users\/3"}],"replies":[{"embeddable":true,"href":"https:\/\/interamerica.org\/es\/wp-json\/wp\/v2\/comments?post=45868"}],"version-history":[{"count":0,"href":"https:\/\/interamerica.org\/es\/wp-json\/wp\/v2\/posts\/45868\/revisions"}],"wp:featuredmedia":[{"embeddable":true,"href":"https:\/\/interamerica.org\/es\/wp-json\/wp\/v2\/media\/35732"}],"wp:attachment":[{"href":"https:\/\/interamerica.org\/es\/wp-json\/wp\/v2\/media?parent=45868"}],"wp:term":[{"taxonomy":"category","embeddable":true,"href":"https:\/\/interamerica.org\/es\/wp-json\/wp\/v2\/categories?post=45868"},{"taxonomy":"post_tag","embeddable":true,"href":"https:\/\/interamerica.org\/es\/wp-json\/wp\/v2\/tags?post=45868"}],"curies":[{"name":"wp","href":"https:\/\/api.w.org\/{rel}","templated":true}]}}